{"id":9995,"date":"2025-02-18T17:23:31","date_gmt":"2025-02-18T16:23:31","guid":{"rendered":"https:\/\/www.hoecker.eu\/blog\/?p=9995"},"modified":"2025-02-18T17:23:32","modified_gmt":"2025-02-18T16:23:32","slug":"entlastung-im-strafprozess-gegen-dr-winterhoff","status":"publish","type":"post","link":"https:\/\/www.hoecker.eu\/blog\/entlastung-im-strafprozess-gegen-dr-winterhoff\/","title":{"rendered":"Dass Nebenwirkungen &#8220;auf die Dosierung von Winterhoff zur\u00fcckzuf\u00fchren sind, blieb fraglich&#8221; \u2013 berichtet der Bonner General-Anzeiger. Der WDR verschweigt dies:"},"content":{"rendered":"\n<p>Der Bonner General-Anzeiger hat \u00fcber die gestrige Vernehmung eines Zeugen im Strafverfahren gegen den bekannten Kinderpsychiater Dr. Michael Winterhoff berichtet.<\/p>\n\n\n\n<p>W\u00e4hrend der ehemalige Patient und seine Mutter in der durch Nicole Rosenbach inszenierten WDR- Berichterstattung noch f\u00e4lschlich den Eindruck erweckt hatten, die Dosierung eines Psychopharmakons durch Dr. Winterhoff sei die Ursache f\u00fcr schwerwiegende und dauerhafte Nebenwirkungen gewesen, ist diese Legende nun durch die gestrigen Zeugenvernehmungen widerlegt worden:<\/p>\n\n\n\n<p>Der ehemalige Patient schilderte etwas g\u00e4nzlich anderes als das, was der WDR verbreitet hatte: Grund f\u00fcr die Nebenwirkungen war nicht Dr. Winterhoffs Dosierung, sondern eine Manipulation seiner Mutter: Die Mutter kam mit seinen schwerwiegenden Verhaltensauff\u00e4lligkeiten nicht zurecht. Immer dann, wenn sie \u00fcberfordert gewesen sei, habe sie ihn mit einer \u00dcberdosierung des Medikaments Pipamperon ruhiggestellt: \u201eWenn ich anstrengend war, hat sie mich damit ausgeschaltet\u201c, so der Jugendliche.&nbsp;<\/p>\n\n\n\n<p>Der General-Anzeiger berichtet: <em>&#8220;Seine Mutter habe \u201edas selbst dosiert\u201c, berichtete der Zeuge. \u201eWenn ich anstrengend war, hat sie mich damit ausgeschaltet, dann habe ich mehr bekommen, und wenn ich nicht so anstrengend war, eben die Normaldosis.\u201c<\/em><\/p>\n\n\n\n<p>Der General-Anzeiger meldet auch, dass die Mutter die Dosierung des Medikaments Pipamperon entgegen der Anweisung von Dr. Winterhoff erh\u00f6ht hat: <em>&#8220;Winterhoff habe auf ihre diesbez\u00fcgliche Frage gesagt, sie solle \u201eetwas reduzieren\u201c, dann aber sei der Junge schnell wieder \u201eaufm\u00fcpfig\u201c geworden.&#8221;<\/em><\/p>\n\n\n\n<h2 class=\"wp-block-heading\" id=\"h-wdr-verschweigt-wende-im-prozess\">WDR verschweigt Wende im Prozess<\/h2>\n\n\n\n<p>W\u00e4hrend der Bonner General-Anzeiger \u00fcber die f\u00fcr Dr. Winterhoff g\u00fcnstigen Zeugenaussagen&nbsp; berichtet, scheint der WDR kein Interesse daran zu haben, seinem Zuschauer ein vollst\u00e4ndiges Bild zu liefern.<\/p>\n\n\n\n<p>Wir hatten bereits kritisiert, dass der WDR seit mehreren Jahren durch eine von Nicole Rosenbach einseitig inszenierte Pressekampagne auff\u00e4llt. Zum Prozessbeginn wurde noch voreilig eine Dokumentation Rosenbachs zum Fall Winterhoff in der WDR-Mediathek ver\u00f6ffentlicht. Nun scheint die WDR-Redakteurin Nicole Rosenbach kein Interesse daran zu haben, die Zuschauer des WDR vollst\u00e4ndig, ausgewogen und tagesaktuell \u00fcber den Prozess zu informieren: Beim WDR findet sich kein Bericht zu der f\u00fcr Dr. Michael Winterhoff positiven Wende im Strafprozess.<\/p>\n\n\n\n<p>Offensichtlich hat man beim WDR kein Interesse daran, die voreilig ver\u00f6ffentlichte, einseitige Dokumentation zum Fall Winterhoff nun durch eine ausgewogene Prozessberichterstattung selbst wieder in Frage stellen zu m\u00fcssen. Nachvollziehbar ist das: Sonst k\u00f6nnte der WDR-Zuschauer nachvollziehen, dass die Doku des WDR mit dem, was die Zeugen vor Gericht aussagen, herzlich wenig zu tun hat\u2026<\/p>\n\n\n\n<p><a href=\"https:\/\/ga.de\/bonn\/stadt-bonn\/prozess-gegen-bonner-kinderpsychiater-michael-winterhoff-tag-3_aid-124263501\">HIER<\/a> ist der Bericht des Bonner General-Anzeigers.<\/p>\n\n\n\n<p><\/p>\n","protected":false},"excerpt":{"rendered":"<p>Der Bonner General-Anzeiger hat \u00fcber die gestrige Vernehmung eines Zeugen im Strafverfahren gegen den bekannten Kinderpsychiater Dr. Michael Winterhoff berichtet. W\u00e4hrend der ehemalige Patient und seine Mutter in der durch Nicole Rosenbach inszenierten WDR- Berichterstattung noch f\u00e4lschlich den Eindruck erweckt hatten, die Dosierung eines Psychopharmakons durch Dr. Winterhoff sei die Ursache f\u00fcr schwerwiegende und dauerhafte [&hellip;]<\/p>\n","protected":false},"author":2,"featured_media":9996,"comment_status":"closed","ping_status":"closed","sticky":false,"template":"","format":"standard","meta":{"_has_post_settings":[],"footnotes":""},"categories":[42],"tags":[74,94,73],"hashtags":[],"ppma_author":[40],"class_list":["post-9995","post","type-post","status-publish","format-standard","has-post-thumbnail","hentry","category-was-uns-bewegt","tag-strafverfahren","tag-wdr","tag-winterhoff","author-cbrennecke"],"yoast_head":"<!-- This site is optimized with the Yoast SEO Premium plugin v25.9 (Yoast SEO v27.0) - https:\/\/yoast.com\/product\/yoast-seo-premium-wordpress\/ -->\n<title>Dass Nebenwirkungen &quot;auf die Dosierung von Winterhoff zur\u00fcckzuf\u00fchren sind, blieb fraglich&quot; \u2013 berichtet der Bonner General-Anzeiger. Der WDR verschweigt dies: - H\u00d6CKER - der Blog<\/title>\n<meta name=\"description\" content=\"Dass Nebenwirkungen &quot;auf die Dosierung von Winterhoff zur\u00fcckzuf\u00fchren sind, blieb fraglich&quot; \u2013 berichtet Bonner General-Anzeiger. Der WDR verschweigt dies:\" \/>\n<meta name=\"robots\" content=\"index, follow, max-snippet:-1, max-image-preview:large, max-video-preview:-1\" \/>\n<link rel=\"canonical\" href=\"https:\/\/dev.hoecker.eu\/blog\/entlastung-im-strafprozess-gegen-dr-winterhoff\/\" \/>\n<meta property=\"og:locale\" content=\"de_DE\" \/>\n<meta property=\"og:type\" content=\"article\" \/>\n<meta property=\"og:title\" content=\"Dass Nebenwirkungen &quot;auf die Dosierung von Winterhoff zur\u00fcckzuf\u00fchren sind, blieb fraglich&quot; \u2013 berichtet der Bonner General-Anzeiger. Der WDR verschweigt dies:\" \/>\n<meta property=\"og:description\" content=\"Dass Nebenwirkungen &quot;auf die Dosierung von Winterhoff zur\u00fcckzuf\u00fchren sind, blieb fraglich&quot; \u2013 berichtet Bonner General-Anzeiger. Der WDR verschweigt dies:\" \/>\n<meta property=\"og:url\" content=\"https:\/\/dev.hoecker.eu\/blog\/entlastung-im-strafprozess-gegen-dr-winterhoff\/\" \/>\n<meta property=\"og:site_name\" content=\"H\u00d6CKER - der Blog\" \/>\n<meta property=\"article:publisher\" content=\"https:\/\/www.facebook.com\/HoeckerRAe\/\" \/>\n<meta property=\"article:published_time\" content=\"2025-02-18T16:23:31+00:00\" \/>\n<meta property=\"article:modified_time\" content=\"2025-02-18T16:23:32+00:00\" \/>\n<meta property=\"og:image\" content=\"https:\/\/dev.hoecker.eu\/blog\/wp-content\/uploads\/2025\/02\/Foto-fuer-Blog-18.02.25.webp\" \/>\n\t<meta property=\"og:image:width\" content=\"1792\" \/>\n\t<meta property=\"og:image:height\" content=\"1024\" \/>\n\t<meta property=\"og:image:type\" content=\"image\/webp\" \/>\n<meta name=\"author\" content=\"Dr. Carsten Brennecke\" \/>\n<meta name=\"twitter:card\" content=\"summary_large_image\" \/>\n<meta name=\"twitter:creator\" content=\"@RABrennecke\" \/>\n<meta name=\"twitter:site\" content=\"@hoecker_rae\" \/>\n<meta name=\"twitter:label1\" content=\"Verfasst von\" \/>\n\t<meta name=\"twitter:data1\" content=\"Dr. Carsten Brennecke\" \/>\n\t<meta name=\"twitter:label2\" content=\"Gesch\u00e4tzte Lesezeit\" \/>\n\t<meta name=\"twitter:data2\" content=\"3\u00a0Minuten\" \/>\n<script type=\"application\/ld+json\" class=\"yoast-schema-graph\">{\"@context\":\"https:\/\/schema.org\",\"@graph\":[{\"@type\":\"Article\",\"@id\":\"https:\/\/dev.hoecker.eu\/blog\/entlastung-im-strafprozess-gegen-dr-winterhoff\/#article\",\"isPartOf\":{\"@id\":\"https:\/\/dev.hoecker.eu\/blog\/entlastung-im-strafprozess-gegen-dr-winterhoff\/\"},\"author\":{\"name\":\"Dr. Carsten Brennecke\",\"@id\":\"https:\/\/www.hoecker.eu\/blog\/#\/schema\/person\/816be6ceb7fc41c0368b2869f0d5d9e5\"},\"headline\":\"Dass Nebenwirkungen &#8220;auf die Dosierung von Winterhoff zur\u00fcckzuf\u00fchren sind, blieb fraglich&#8221; \u2013 berichtet der Bonner General-Anzeiger. Der WDR verschweigt dies:\",\"datePublished\":\"2025-02-18T16:23:31+00:00\",\"dateModified\":\"2025-02-18T16:23:32+00:00\",\"mainEntityOfPage\":{\"@id\":\"https:\/\/dev.hoecker.eu\/blog\/entlastung-im-strafprozess-gegen-dr-winterhoff\/\"},\"wordCount\":419,\"publisher\":{\"@id\":\"https:\/\/www.hoecker.eu\/blog\/#organization\"},\"image\":{\"@id\":\"https:\/\/dev.hoecker.eu\/blog\/entlastung-im-strafprozess-gegen-dr-winterhoff\/#primaryimage\"},\"thumbnailUrl\":\"https:\/\/www.hoecker.eu\/blog\/wp-content\/uploads\/2025\/02\/Foto-fuer-Blog-18.02.25.webp\",\"keywords\":[\"Strafverfahren\",\"WDR\",\"Winterhoff\"],\"articleSection\":[\"Was uns bewegt\"],\"inLanguage\":\"de\"},{\"@type\":\"WebPage\",\"@id\":\"https:\/\/dev.hoecker.eu\/blog\/entlastung-im-strafprozess-gegen-dr-winterhoff\/\",\"url\":\"https:\/\/dev.hoecker.eu\/blog\/entlastung-im-strafprozess-gegen-dr-winterhoff\/\",\"name\":\"Dass Nebenwirkungen \\\"auf die Dosierung von Winterhoff zur\u00fcckzuf\u00fchren sind, blieb fraglich\\\" \u2013 berichtet der Bonner General-Anzeiger. Der WDR verschweigt dies: - H\u00d6CKER - der Blog\",\"isPartOf\":{\"@id\":\"https:\/\/www.hoecker.eu\/blog\/#website\"},\"primaryImageOfPage\":{\"@id\":\"https:\/\/dev.hoecker.eu\/blog\/entlastung-im-strafprozess-gegen-dr-winterhoff\/#primaryimage\"},\"image\":{\"@id\":\"https:\/\/dev.hoecker.eu\/blog\/entlastung-im-strafprozess-gegen-dr-winterhoff\/#primaryimage\"},\"thumbnailUrl\":\"https:\/\/www.hoecker.eu\/blog\/wp-content\/uploads\/2025\/02\/Foto-fuer-Blog-18.02.25.webp\",\"datePublished\":\"2025-02-18T16:23:31+00:00\",\"dateModified\":\"2025-02-18T16:23:32+00:00\",\"description\":\"Dass Nebenwirkungen \\\"auf die Dosierung von Winterhoff zur\u00fcckzuf\u00fchren sind, blieb fraglich\\\" \u2013 berichtet Bonner General-Anzeiger. Der WDR verschweigt dies:\",\"breadcrumb\":{\"@id\":\"https:\/\/dev.hoecker.eu\/blog\/entlastung-im-strafprozess-gegen-dr-winterhoff\/#breadcrumb\"},\"inLanguage\":\"de\",\"potentialAction\":[{\"@type\":\"ReadAction\",\"target\":[\"https:\/\/dev.hoecker.eu\/blog\/entlastung-im-strafprozess-gegen-dr-winterhoff\/\"]}]},{\"@type\":\"ImageObject\",\"inLanguage\":\"de\",\"@id\":\"https:\/\/dev.hoecker.eu\/blog\/entlastung-im-strafprozess-gegen-dr-winterhoff\/#primaryimage\",\"url\":\"https:\/\/www.hoecker.eu\/blog\/wp-content\/uploads\/2025\/02\/Foto-fuer-Blog-18.02.25.webp\",\"contentUrl\":\"https:\/\/www.hoecker.eu\/blog\/wp-content\/uploads\/2025\/02\/Foto-fuer-Blog-18.02.25.webp\",\"width\":1792,\"height\":1024},{\"@type\":\"BreadcrumbList\",\"@id\":\"https:\/\/dev.hoecker.eu\/blog\/entlastung-im-strafprozess-gegen-dr-winterhoff\/#breadcrumb\",\"itemListElement\":[{\"@type\":\"ListItem\",\"position\":1,\"name\":\"Startseite\",\"item\":\"https:\/\/dev.hoecker.eu\/blog\/\"},{\"@type\":\"ListItem\",\"position\":2,\"name\":\"Dass Nebenwirkungen &#8220;auf die Dosierung von Winterhoff zur\u00fcckzuf\u00fchren sind, blieb fraglich&#8221; \u2013 berichtet der Bonner General-Anzeiger. Der WDR verschweigt dies:\"}]},{\"@type\":\"WebSite\",\"@id\":\"https:\/\/www.hoecker.eu\/blog\/#website\",\"url\":\"https:\/\/www.hoecker.eu\/blog\/\",\"name\":\"H\u00d6CKER - der Blog\",\"description\":\"Expertenblog f\u00fcr \u00c4u\u00dferungs-, Medien-, Marken-, Urheber- und Wettbewerbsrecht.\",\"publisher\":{\"@id\":\"https:\/\/www.hoecker.eu\/blog\/#organization\"},\"potentialAction\":[{\"@type\":\"SearchAction\",\"target\":{\"@type\":\"EntryPoint\",\"urlTemplate\":\"https:\/\/www.hoecker.eu\/blog\/?s={search_term_string}\"},\"query-input\":{\"@type\":\"PropertyValueSpecification\",\"valueRequired\":true,\"valueName\":\"search_term_string\"}}],\"inLanguage\":\"de\"},{\"@type\":\"Organization\",\"@id\":\"https:\/\/www.hoecker.eu\/blog\/#organization\",\"name\":\"H\u00d6CKER Rechtsanw\u00e4lte PartGmbB\",\"alternateName\":\"H\u00d6CKER\",\"url\":\"https:\/\/www.hoecker.eu\/blog\/\",\"logo\":{\"@type\":\"ImageObject\",\"inLanguage\":\"de\",\"@id\":\"https:\/\/www.hoecker.eu\/blog\/#\/schema\/logo\/image\/\",\"url\":\"https:\/\/www.hoecker.eu\/blog\/wp-content\/uploads\/2025\/03\/Blog-Logo.webp\",\"contentUrl\":\"https:\/\/www.hoecker.eu\/blog\/wp-content\/uploads\/2025\/03\/Blog-Logo.webp\",\"width\":500,\"height\":500,\"caption\":\"H\u00d6CKER Rechtsanw\u00e4lte PartGmbB\"},\"image\":{\"@id\":\"https:\/\/www.hoecker.eu\/blog\/#\/schema\/logo\/image\/\"},\"sameAs\":[\"https:\/\/www.facebook.com\/HoeckerRAe\/\",\"https:\/\/x.com\/hoecker_rae\",\"https:\/\/www.linkedin.com\/company\/hcker-rechtsanwlte\/\",\"https:\/\/www.instagram.com\/hoecker_rae\/\"],\"email\":\"contact@hoecker.eu\",\"telephone\":\"+ 49 (0)221-933 19-10\",\"legalName\":\"H\u00d6CKER Rechtsanw\u00e4lte PartGmbB\",\"numberOfEmployees\":{\"@type\":\"QuantitativeValue\",\"minValue\":\"11\",\"maxValue\":\"50\"}},{\"@type\":\"Person\",\"@id\":\"https:\/\/www.hoecker.eu\/blog\/#\/schema\/person\/816be6ceb7fc41c0368b2869f0d5d9e5\",\"name\":\"Dr. Carsten Brennecke\",\"description\":\"Rechtsanwalt f\u00fcr Presserecht, Spezialist f\u00fcr Litigation PR\",\"sameAs\":[\"https:\/\/www.hoecker.eu\/wer\/dr-carsten-brennecke\",\"https:\/\/www.linkedin.com\/in\/carsten-dr-brennecke-401b54b7\/\",\"https:\/\/x.com\/RABrennecke\"],\"url\":\"https:\/\/www.hoecker.eu\/blog\/author\/cbrennecke\/\"}]}<\/script>\n<!-- \/ Yoast SEO Premium plugin. -->","yoast_head_json":{"title":"Dass Nebenwirkungen \"auf die Dosierung von Winterhoff zur\u00fcckzuf\u00fchren sind, blieb fraglich\" \u2013 berichtet der Bonner General-Anzeiger. Der WDR verschweigt dies: - H\u00d6CKER - der Blog","description":"Dass Nebenwirkungen \"auf die Dosierung von Winterhoff zur\u00fcckzuf\u00fchren sind, blieb fraglich\" \u2013 berichtet Bonner General-Anzeiger. Der WDR verschweigt dies:","robots":{"index":"index","follow":"follow","max-snippet":"max-snippet:-1","max-image-preview":"max-image-preview:large","max-video-preview":"max-video-preview:-1"},"canonical":"https:\/\/dev.hoecker.eu\/blog\/entlastung-im-strafprozess-gegen-dr-winterhoff\/","og_locale":"de_DE","og_type":"article","og_title":"Dass Nebenwirkungen \"auf die Dosierung von Winterhoff zur\u00fcckzuf\u00fchren sind, blieb fraglich\" \u2013 berichtet der Bonner General-Anzeiger. Der WDR verschweigt dies:","og_description":"Dass Nebenwirkungen \"auf die Dosierung von Winterhoff zur\u00fcckzuf\u00fchren sind, blieb fraglich\" \u2013 berichtet Bonner General-Anzeiger. Der WDR verschweigt dies:","og_url":"https:\/\/dev.hoecker.eu\/blog\/entlastung-im-strafprozess-gegen-dr-winterhoff\/","og_site_name":"H\u00d6CKER - der Blog","article_publisher":"https:\/\/www.facebook.com\/HoeckerRAe\/","article_published_time":"2025-02-18T16:23:31+00:00","article_modified_time":"2025-02-18T16:23:32+00:00","og_image":[{"width":1792,"height":1024,"url":"https:\/\/dev.hoecker.eu\/blog\/wp-content\/uploads\/2025\/02\/Foto-fuer-Blog-18.02.25.webp","type":"image\/webp"}],"author":"Dr. Carsten Brennecke","twitter_card":"summary_large_image","twitter_creator":"@RABrennecke","twitter_site":"@hoecker_rae","twitter_misc":{"Verfasst von":"Dr. Carsten Brennecke","Gesch\u00e4tzte Lesezeit":"3\u00a0Minuten"},"schema":{"@context":"https:\/\/schema.org","@graph":[{"@type":"Article","@id":"https:\/\/dev.hoecker.eu\/blog\/entlastung-im-strafprozess-gegen-dr-winterhoff\/#article","isPartOf":{"@id":"https:\/\/dev.hoecker.eu\/blog\/entlastung-im-strafprozess-gegen-dr-winterhoff\/"},"author":{"name":"Dr. Carsten Brennecke","@id":"https:\/\/www.hoecker.eu\/blog\/#\/schema\/person\/816be6ceb7fc41c0368b2869f0d5d9e5"},"headline":"Dass Nebenwirkungen &#8220;auf die Dosierung von Winterhoff zur\u00fcckzuf\u00fchren sind, blieb fraglich&#8221; \u2013 berichtet der Bonner General-Anzeiger. Der WDR verschweigt dies:","datePublished":"2025-02-18T16:23:31+00:00","dateModified":"2025-02-18T16:23:32+00:00","mainEntityOfPage":{"@id":"https:\/\/dev.hoecker.eu\/blog\/entlastung-im-strafprozess-gegen-dr-winterhoff\/"},"wordCount":419,"publisher":{"@id":"https:\/\/www.hoecker.eu\/blog\/#organization"},"image":{"@id":"https:\/\/dev.hoecker.eu\/blog\/entlastung-im-strafprozess-gegen-dr-winterhoff\/#primaryimage"},"thumbnailUrl":"https:\/\/www.hoecker.eu\/blog\/wp-content\/uploads\/2025\/02\/Foto-fuer-Blog-18.02.25.webp","keywords":["Strafverfahren","WDR","Winterhoff"],"articleSection":["Was uns bewegt"],"inLanguage":"de"},{"@type":"WebPage","@id":"https:\/\/dev.hoecker.eu\/blog\/entlastung-im-strafprozess-gegen-dr-winterhoff\/","url":"https:\/\/dev.hoecker.eu\/blog\/entlastung-im-strafprozess-gegen-dr-winterhoff\/","name":"Dass Nebenwirkungen \"auf die Dosierung von Winterhoff zur\u00fcckzuf\u00fchren sind, blieb fraglich\" \u2013 berichtet der Bonner General-Anzeiger. Der WDR verschweigt dies: - H\u00d6CKER - der Blog","isPartOf":{"@id":"https:\/\/www.hoecker.eu\/blog\/#website"},"primaryImageOfPage":{"@id":"https:\/\/dev.hoecker.eu\/blog\/entlastung-im-strafprozess-gegen-dr-winterhoff\/#primaryimage"},"image":{"@id":"https:\/\/dev.hoecker.eu\/blog\/entlastung-im-strafprozess-gegen-dr-winterhoff\/#primaryimage"},"thumbnailUrl":"https:\/\/www.hoecker.eu\/blog\/wp-content\/uploads\/2025\/02\/Foto-fuer-Blog-18.02.25.webp","datePublished":"2025-02-18T16:23:31+00:00","dateModified":"2025-02-18T16:23:32+00:00","description":"Dass Nebenwirkungen \"auf die Dosierung von Winterhoff zur\u00fcckzuf\u00fchren sind, blieb fraglich\" \u2013 berichtet Bonner General-Anzeiger. Der WDR verschweigt dies:","breadcrumb":{"@id":"https:\/\/dev.hoecker.eu\/blog\/entlastung-im-strafprozess-gegen-dr-winterhoff\/#breadcrumb"},"inLanguage":"de","potentialAction":[{"@type":"ReadAction","target":["https:\/\/dev.hoecker.eu\/blog\/entlastung-im-strafprozess-gegen-dr-winterhoff\/"]}]},{"@type":"ImageObject","inLanguage":"de","@id":"https:\/\/dev.hoecker.eu\/blog\/entlastung-im-strafprozess-gegen-dr-winterhoff\/#primaryimage","url":"https:\/\/www.hoecker.eu\/blog\/wp-content\/uploads\/2025\/02\/Foto-fuer-Blog-18.02.25.webp","contentUrl":"https:\/\/www.hoecker.eu\/blog\/wp-content\/uploads\/2025\/02\/Foto-fuer-Blog-18.02.25.webp","width":1792,"height":1024},{"@type":"BreadcrumbList","@id":"https:\/\/dev.hoecker.eu\/blog\/entlastung-im-strafprozess-gegen-dr-winterhoff\/#breadcrumb","itemListElement":[{"@type":"ListItem","position":1,"name":"Startseite","item":"https:\/\/dev.hoecker.eu\/blog\/"},{"@type":"ListItem","position":2,"name":"Dass Nebenwirkungen &#8220;auf die Dosierung von Winterhoff zur\u00fcckzuf\u00fchren sind, blieb fraglich&#8221; \u2013 berichtet der Bonner General-Anzeiger. Der WDR verschweigt dies:"}]},{"@type":"WebSite","@id":"https:\/\/www.hoecker.eu\/blog\/#website","url":"https:\/\/www.hoecker.eu\/blog\/","name":"H\u00d6CKER - der Blog","description":"Expertenblog f\u00fcr \u00c4u\u00dferungs-, Medien-, Marken-, Urheber- und Wettbewerbsrecht.","publisher":{"@id":"https:\/\/www.hoecker.eu\/blog\/#organization"},"potentialAction":[{"@type":"SearchAction","target":{"@type":"EntryPoint","urlTemplate":"https:\/\/www.hoecker.eu\/blog\/?s={search_term_string}"},"query-input":{"@type":"PropertyValueSpecification","valueRequired":true,"valueName":"search_term_string"}}],"inLanguage":"de"},{"@type":"Organization","@id":"https:\/\/www.hoecker.eu\/blog\/#organization","name":"H\u00d6CKER Rechtsanw\u00e4lte PartGmbB","alternateName":"H\u00d6CKER","url":"https:\/\/www.hoecker.eu\/blog\/","logo":{"@type":"ImageObject","inLanguage":"de","@id":"https:\/\/www.hoecker.eu\/blog\/#\/schema\/logo\/image\/","url":"https:\/\/www.hoecker.eu\/blog\/wp-content\/uploads\/2025\/03\/Blog-Logo.webp","contentUrl":"https:\/\/www.hoecker.eu\/blog\/wp-content\/uploads\/2025\/03\/Blog-Logo.webp","width":500,"height":500,"caption":"H\u00d6CKER Rechtsanw\u00e4lte PartGmbB"},"image":{"@id":"https:\/\/www.hoecker.eu\/blog\/#\/schema\/logo\/image\/"},"sameAs":["https:\/\/www.facebook.com\/HoeckerRAe\/","https:\/\/x.com\/hoecker_rae","https:\/\/www.linkedin.com\/company\/hcker-rechtsanwlte\/","https:\/\/www.instagram.com\/hoecker_rae\/"],"email":"contact@hoecker.eu","telephone":"+ 49 (0)221-933 19-10","legalName":"H\u00d6CKER Rechtsanw\u00e4lte PartGmbB","numberOfEmployees":{"@type":"QuantitativeValue","minValue":"11","maxValue":"50"}},{"@type":"Person","@id":"https:\/\/www.hoecker.eu\/blog\/#\/schema\/person\/816be6ceb7fc41c0368b2869f0d5d9e5","name":"Dr. Carsten Brennecke","description":"Rechtsanwalt f\u00fcr Presserecht, Spezialist f\u00fcr Litigation PR","sameAs":["https:\/\/www.hoecker.eu\/wer\/dr-carsten-brennecke","https:\/\/www.linkedin.com\/in\/carsten-dr-brennecke-401b54b7\/","https:\/\/x.com\/RABrennecke"],"url":"https:\/\/www.hoecker.eu\/blog\/author\/cbrennecke\/"}]}},"authors":[{"term_id":40,"user_id":2,"is_guest":0,"slug":"cbrennecke","display_name":"Dr. Carsten Brennecke","avatar_url":{"url":"https:\/\/www.hoecker.eu\/blog\/wp-content\/uploads\/2024\/03\/cbrennecke.jpg","url2x":"https:\/\/www.hoecker.eu\/blog\/wp-content\/uploads\/2024\/03\/cbrennecke.jpg"},"0":null,"1":"","2":"","3":"","4":"","5":"","6":"","7":"","8":"","9":"","10":"","11":""}],"_links":{"self":[{"href":"https:\/\/www.hoecker.eu\/blog\/wp-json\/wp\/v2\/posts\/9995","targetHints":{"allow":["GET"]}}],"collection":[{"href":"https:\/\/www.hoecker.eu\/blog\/wp-json\/wp\/v2\/posts"}],"about":[{"href":"https:\/\/www.hoecker.eu\/blog\/wp-json\/wp\/v2\/types\/post"}],"author":[{"embeddable":true,"href":"https:\/\/www.hoecker.eu\/blog\/wp-json\/wp\/v2\/users\/2"}],"replies":[{"embeddable":true,"href":"https:\/\/www.hoecker.eu\/blog\/wp-json\/wp\/v2\/comments?post=9995"}],"version-history":[{"count":1,"href":"https:\/\/www.hoecker.eu\/blog\/wp-json\/wp\/v2\/posts\/9995\/revisions"}],"predecessor-version":[{"id":9997,"href":"https:\/\/www.hoecker.eu\/blog\/wp-json\/wp\/v2\/posts\/9995\/revisions\/9997"}],"wp:featuredmedia":[{"embeddable":true,"href":"https:\/\/www.hoecker.eu\/blog\/wp-json\/wp\/v2\/media\/9996"}],"wp:attachment":[{"href":"https:\/\/www.hoecker.eu\/blog\/wp-json\/wp\/v2\/media?parent=9995"}],"wp:term":[{"taxonomy":"category","embeddable":true,"href":"https:\/\/www.hoecker.eu\/blog\/wp-json\/wp\/v2\/categories?post=9995"},{"taxonomy":"post_tag","embeddable":true,"href":"https:\/\/www.hoecker.eu\/blog\/wp-json\/wp\/v2\/tags?post=9995"},{"taxonomy":"hashtags","embeddable":true,"href":"https:\/\/www.hoecker.eu\/blog\/wp-json\/wp\/v2\/hashtags?post=9995"},{"taxonomy":"author","embeddable":true,"href":"https:\/\/www.hoecker.eu\/blog\/wp-json\/wp\/v2\/ppma_author?post=9995"}],"curies":[{"name":"wp","href":"https:\/\/api.w.org\/{rel}","templated":true}]}}