{"id":9188,"date":"2025-02-11T15:33:52","date_gmt":"2025-02-11T14:33:52","guid":{"rendered":"https:\/\/www.hoecker.eu\/blog\/?p=9188"},"modified":"2025-02-17T14:52:51","modified_gmt":"2025-02-17T13:52:51","slug":"medienkampagne-von-wdr-und-sueddeutsche-fuehrt-zu-ungerechtfertigtem-strafprozess-gegen-deutschlands-bekanntesten-kinderpsychologen-dr-michael-winterhoff","status":"publish","type":"post","link":"https:\/\/www.hoecker.eu\/blog\/medienkampagne-von-wdr-und-sueddeutsche-fuehrt-zu-ungerechtfertigtem-strafprozess-gegen-deutschlands-bekanntesten-kinderpsychologen-dr-michael-winterhoff\/","title":{"rendered":"Medienkampagne von WDR und S\u00fcddeutsche f\u00fchrt zu ungerechtfertigtem Strafprozess gegen Deutschlands bekanntesten Kinderpsychiater Dr. Michael Winterhoff"},"content":{"rendered":"\n<p>Am Mittwoch beginnt der Strafprozess gegen Dr.\u00a0 Michael Winterhoff, den bekanntesten deutschen Kinderpsychiater und Bestsellerautor.<\/p>\n\n\n\n<p>Es verteidigt sich im Verfahren gegen den falschen Vorwurf, er habe Kinder durch den Einsatz von Psychopharmaka bewusst ruhiggestellt, um Heimen das Leben leicht zu machen und damit Kasse zu machen. Er habe dadurch Kinder dauerhaft in der Gesundheit gesch\u00e4digt.<\/p>\n\n\n\n<p>Nichts davon stimmt.<\/p>\n\n\n\n<p><strong>Wer ist Dr. Michael Winterhoff?<\/strong><\/p>\n\n\n\n<p>Dr. Michael Winterhoff ist durch zahlreiche Talkshow Auftritte u.a. bei Markus Lanz und seinen Bestseller&nbsp;\u201e<em>Warum unsere Kinder Tyrannen werden\u201c<\/em>&nbsp;ber\u00fchmt geworden.<\/p>\n\n\n\n<p>Seine Thesen zur Erziehung von Kindern gefallen heute nicht mehr jedem. Dr. Winterhoff kritisiert, dass Eltern heutzutage h\u00e4ufig nicht mehr die Elternrolle aus\u00fcben und Kindern Grenzen setzen, sondern stattdessen zu Partnern und Freunden ihrer Kinder werden m\u00f6chten. Darin sieht Dr. Winterhoff die Quelle zahlreicher schwerwiegender psychologischer Fehlentwicklungen von Kindern. Wachsen Kinder ohne ein klares Rollenbild und klare Grenzen auf, kann dies zu Fehlentwicklungen bis hin zu dramatischen psychologischen Entgleisungen f\u00fchren. Eine Erziehung ohne klare Rollenbilder und Grenzen kann in H\u00e4rtef\u00e4llen dazu f\u00fchren, dass Kinder zu sogenannten Systemsprengern werden, die im Alltag sozial nicht mehr erreichbar sind. H\u00e4ufig sind solche Kinder nicht mehr beschulbar, weil sie auf Konfliktsituationen nicht ad\u00e4quat reagieren k\u00f6nnen.<\/p>\n\n\n\n<p>Diese Thesen von Dr. Winterhoff wurden zu keinem Zeitpunkt von Fachleuten widerlegt oder in Frage gestellt.<\/p>\n\n\n\n<p><strong>Warum ist Dr. Winterhoff in die Kritik geraten?<\/strong><\/p>\n\n\n\n<p>Das klassische Rollenbild, das Dr. Winterhoff zum Schutz der Kinder in der Erziehung fordert, passt nicht zu dem fehlgeleiteten \u201emodernen\u201c Verst\u00e4ndnis vieler Menschen. Viele Eltern meinen heute, dass sie zu ihren Kindern eine Beziehung auf Augenh\u00f6he pflegen m\u00fcssen, bei der die Rollen h\u00e4ufig so verschwimmen, dass das Kind zum Freund oder Partnerersatz wird.<\/p>\n\n\n\n<p>Journalisten, die ein solch &#8220;modernes&#8221; Erziehungsbild favorisieren, sind Winterhoffs&nbsp;Thesen ein Dorn im Auge. Das k\u00f6nnte ein Grund sein, warum Dr. Winterhoff in den Fokus des WDR und der S\u00fcddeutschen Zeitung gekommen ist, die gegen Dr. Winterhoff eine haltlose Kampagne inszeniert haben. Dabei ist die Presse vom Beobachter zum Akteur geworden, der einen Skandal gezielt inszeniert hat: Die Staatsanwaltschaft selbst hat in den Akten dokumentiert, dass von einer engen Vernetzung der Betroffenen untereinander und mit der Presse auszugehen ist. Die Presse hat immer wieder auf Betroffene eingewirkt, um die gew\u00fcnschte \u201eGeschichte\u201c erz\u00e4hlen zu k\u00f6nnen: Es gibt endlose Medienberichte \u00fcber Dr. Michael Winterhoff, in denen immer wieder dieselben Personen zu Wort kommen. Erstaunlicherweise werden die angeblichen Symptome unter den Medikamenten umso schlimmer, je h\u00e4ufiger diese Personen vor allem von WDR und S\u00fcddeutscher Zeitung, danach gefragt werden. Dies hat aber trotzdem nicht dazu gef\u00fchrt, die Aussagen einmal kritisch zu hinterfragen \u2013 und zwar weder durch die Medien noch durch die Staatsanwaltschaft. Einen wesentlichen Beitrag zur \u00f6ffentlichen Vorverurteilung Winterhoffs hat auch die Durchsuchung seiner Praxis durch die Staatsanwaltschaft geleistet, die \u2013 sicherlich nicht zuf\u00e4llig \u2013 in Anwesenheit der Presse stattfand.<\/p>\n\n\n\n<p>Ausl\u00f6ser f\u00fcr die Vorw\u00fcrfe ist ein verschwindend geringer Anteil der ehemaligen Patienten Winterhoffs. Sie werfen ihm vor, er habe Heimkinder mit dem Psychopharmakon Pipamperon ruhiggestellt, um sich wirtschaftlich besserzustellen und Einrichtungen den Umgang mit schwierigen F\u00e4llen zu erleichtern. Dr. Michael Winterhoff hat in seiner langj\u00e4hrigen Karriere rund 15.000 Patienten erfolgreich behandelt. Nur 36 von ihnen, also rund 0,2% der F\u00e4lle, haben erst Jahre sp\u00e4ter unbelegte Vorw\u00fcrfe gegen ihn erhoben.<\/p>\n\n\n\n<p>Wortf\u00fchrer sind dabei ausgerechnet Eltern, deren eklatantes Versagen als Erziehungsberechtigte belegt ist. Ihre Erziehung war durch k\u00f6rperliche und psychische Gewalt, Drogenmissbrauch und Verwahrlosung gepr\u00e4gt. Diesen Eltern wurden die Kinder aufgrund der Unf\u00e4higkeit, diese zu erziehen, entzogen und vor ihnen in Heimen in Sicherheit gebracht. Von den in der Anklage benannten 36 F\u00e4llen lebten zum Zeitpunkt der Behandlung durch Dr. Michael Winterhoff lediglich zwei Kinder bei den Eltern bzw. bei einem Elternteil. Alle anderen Kinder befanden sich in Kinder- und Jugendhilfeeinrichtungen; oftmals hatten sie diese zuvor bereits mehrfach gewechselt, weil sie an keinem Ort langfristig bleiben konnten. Alle hatten bereits eine lange, erfolglose Behandlungsodyssee hinter sich. Kinder und Jugendliche mit einer solchen \u201eVorgeschichte\u201c leiden h\u00e4ufig unter erheblichen psychischen Belastungen und reagieren mit starken Wutausbr\u00fcchen, Aggressionen oder extremem R\u00fcckzugsverhalten. Sie entziehen sich hierdurch den g\u00e4ngigen p\u00e4dagogischen und therapeutischen Konzepten, was f\u00fcr ihr Umfeld mit gro\u00dfen Herausforderungen verbunden ist. Klassische Behandlungsans\u00e4tze und&nbsp; -methoden helfen in diesen F\u00e4llen oft nicht weiter.&nbsp;<\/p>\n\n\n\n<p>Heime haben mit Unterst\u00fctzung von Dr. Winterhoff erfolgreich daran gearbeitet, die schwerwiegenden Folgen des elterlichen Versagens zu beseitigen und Kindern einen Weg zur\u00fcck ins Leben zu erm\u00f6glichen.&nbsp;<\/p>\n\n\n\n<p>Wenn man die Vorw\u00fcrfe der Staatsanwaltschaft h\u00f6rt, k\u00f6nnte man meinen, dass Dr. Michael Winterhoff mit der Verordnung des Medikaments Pipamperon an Kindern und Jugendlichen allein<s>e<\/s> gehandelt hat. Das ist aber nachweislich falsch: Pipamperon geh\u00f6rt wissenschaftlichen Studien und Statistiken zufolge in der Kinder- und Jugendpsychiatrie zu den am h\u00e4ufigsten verordneten Medikamenten.<\/p>\n\n\n\n<p>Befeuert wird die Kampagne gegen Dr. Michael Winterhoff durch windige Anw\u00e4lte, die \u00f6ffentlich um Auftr\u00e4ge ehemaliger Patienten Winterhoffs&nbsp;werben. Diesen stellen sie Schmerzensgeldzahlungen in Aussicht. Dazu arbeiten sie mit haltlosen Vorw\u00fcrfen, die am Ende kein Geld f\u00fcr die vermeintlich Gesch\u00e4digten bringen, sondern nur auf das Honorar dieser Rechtsvertreter einzahlen.<\/p>\n\n\n\n<p><strong>Vorw\u00fcrfe sind unbegr\u00fcndet:<\/strong><\/p>\n\n\n\n<p>Tats\u00e4chlich sind die Vorw\u00fcrfe gegen\u00fcber Dr. Michael Winterhoff unbegr\u00fcndet.<\/p>\n\n\n\n<p>Bei den 36 ehemaligen Patienten, die Vorw\u00fcrfe erheben, handelt sich um schwer erziehbare Kinder, sogenannte Systemsprenger. Diese Kinder waren aufgrund psychischer Ausnahmesituationen nicht in der Lage, an einem geordneten sozialen Leben und\/oder am schulischen Alltag teilzunehmen. Dr. Michael Winterhoff hat diese Kinder erfolgreich mit Psychopharmaka behandelt. Er hat vielen Hundert Kindern &#8211; nachweislich best\u00e4tigt durch unabh\u00e4ngige \u00c4rzte, ehemalige Patienten und deren Eltern &#8211; eine R\u00fcckkehr in ein normales Leben erm\u00f6glicht. Hunderte der von Dr. Michael Winterhoff behandelten Kinder waren sozial so auff\u00e4llig, dass sie nicht mehr beschulbar waren. Heute haben Sie dank der Unterst\u00fctzung Dr. Michael Winterhoffs ihren Lebensweg erfolgreich gemeistert.<\/p>\n\n\n\n<p><strong>Dramatische Auswirkungen des Verfahrens auf die Behandlung von sog. Systemsprengern:<\/strong><\/p>\n\n\n\n<p>Der Schaden des strafrechtlichen Verfahrens geht \u00fcber die ungerechtfertigte Zerst\u00f6rung des Lebenswerks von Dr. Michael Winterhoff hinaus.<\/p>\n\n\n\n<p>Die von ihm praktizierte Therapie mit Psychopharmaka ist \u2013 best\u00e4tigt durch unabh\u00e4ngige Gutachten \u2013 nicht nur zul\u00e4ssig. Diese Therapie war und ist in Heimen, die mit sozial besonders auff\u00e4lligen Kindern arbeiten, auch seit Jahren deutschlandweit erfolgreich etabliert. Durch die Abschreckungswirkung des unberechtigten Strafverfahrens gegen Dr. Michael Winterhoff droht Heimkindern in Deutschland, dass auf eine f\u00fcr sie wichtige Therapie verzichtet wird. Das nimmt Kindern Entwicklungsm\u00f6glichkeiten und wirft sie \u00fcber Jahre oder lebenslang. Diese Kinder werden anders als die von Dr. Michael Winterhoff erfolgreich therapierten Kinder keinen Weg zur\u00fcck ins Leben im Sinne eines geregelten sozialen Alltags und einer Teilnahme am schulischen Leben finden k\u00f6nnen.<\/p>\n\n\n\n<p>Diese Metaebene zeigt die dramatischen Auswirkungen einer unberechtigten Kampagne von einseitig berichtenden Journalisten von WDR und S\u00fcddeutsche, erziehungsunf\u00e4higen Eltern und windigen Anw\u00e4lten.&nbsp;<\/p>\n","protected":false},"excerpt":{"rendered":"<p>Am Mittwoch beginnt der Strafprozess gegen Dr.\u00a0 Michael Winterhoff, den bekanntesten deutschen Kinderpsychiater und Bestsellerautor. Es verteidigt sich im Verfahren gegen den falschen Vorwurf, er habe Kinder durch den Einsatz von Psychopharmaka bewusst ruhiggestellt, um Heimen das Leben leicht zu machen und damit Kasse zu machen. Er habe dadurch Kinder dauerhaft in der Gesundheit gesch\u00e4digt. [&hellip;]<\/p>\n","protected":false},"author":2,"featured_media":9189,"comment_status":"closed","ping_status":"closed","sticky":false,"template":"","format":"standard","meta":{"_has_post_settings":[],"footnotes":""},"categories":[42],"tags":[74,73],"hashtags":[],"ppma_author":[40],"class_list":["post-9188","post","type-post","status-publish","format-standard","has-post-thumbnail","hentry","category-was-uns-bewegt","tag-strafverfahren","tag-winterhoff","author-cbrennecke"],"yoast_head":"<!-- This site is optimized with the Yoast SEO Premium plugin v25.9 (Yoast SEO v27.0) - https:\/\/yoast.com\/product\/yoast-seo-premium-wordpress\/ -->\n<title>Medienkampagne von WDR und S\u00fcddeutsche f\u00fchrt zu ungerechtfertigtem Strafprozess gegen Deutschlands bekanntesten Kinderpsychiater Dr. Michael Winterhoff - H\u00d6CKER - der Blog<\/title>\n<meta name=\"robots\" content=\"index, follow, max-snippet:-1, max-image-preview:large, max-video-preview:-1\" \/>\n<link rel=\"canonical\" href=\"https:\/\/www.hoecker.eu\/blog\/medienkampagne-von-wdr-und-sueddeutsche-fuehrt-zu-ungerechtfertigtem-strafprozess-gegen-deutschlands-bekanntesten-kinderpsychologen-dr-michael-winterhoff\/\" \/>\n<meta property=\"og:locale\" content=\"de_DE\" \/>\n<meta property=\"og:type\" content=\"article\" \/>\n<meta property=\"og:title\" content=\"Medienkampagne von WDR und S\u00fcddeutsche f\u00fchrt zu ungerechtfertigtem Strafprozess gegen Deutschlands bekanntesten Kinderpsychiater Dr. Michael Winterhoff\" \/>\n<meta property=\"og:description\" content=\"Am Mittwoch beginnt der Strafprozess gegen Dr.\u00a0 Michael Winterhoff, den bekanntesten deutschen Kinderpsychiater und Bestsellerautor. Es verteidigt sich im Verfahren gegen den falschen Vorwurf, er habe Kinder durch den Einsatz von Psychopharmaka bewusst ruhiggestellt, um Heimen das Leben leicht zu machen und damit Kasse zu machen. Er habe dadurch Kinder dauerhaft in der Gesundheit gesch\u00e4digt. [&hellip;]\" \/>\n<meta property=\"og:url\" content=\"https:\/\/www.hoecker.eu\/blog\/medienkampagne-von-wdr-und-sueddeutsche-fuehrt-zu-ungerechtfertigtem-strafprozess-gegen-deutschlands-bekanntesten-kinderpsychologen-dr-michael-winterhoff\/\" \/>\n<meta property=\"og:site_name\" content=\"H\u00d6CKER - der Blog\" \/>\n<meta property=\"article:publisher\" content=\"https:\/\/www.facebook.com\/HoeckerRAe\/\" \/>\n<meta property=\"article:published_time\" content=\"2025-02-11T14:33:52+00:00\" \/>\n<meta property=\"article:modified_time\" content=\"2025-02-17T13:52:51+00:00\" \/>\n<meta property=\"og:image\" content=\"https:\/\/www.hoecker.eu\/blog\/wp-content\/uploads\/2025\/02\/Foto-fuer-Blog.webp\" \/>\n\t<meta property=\"og:image:width\" content=\"1024\" \/>\n\t<meta property=\"og:image:height\" content=\"1024\" \/>\n\t<meta property=\"og:image:type\" content=\"image\/webp\" \/>\n<meta name=\"author\" content=\"Dr. Carsten Brennecke\" \/>\n<meta name=\"twitter:card\" content=\"summary_large_image\" \/>\n<meta name=\"twitter:creator\" content=\"@RABrennecke\" \/>\n<meta name=\"twitter:site\" content=\"@hoecker_rae\" \/>\n<meta name=\"twitter:label1\" content=\"Verfasst von\" \/>\n\t<meta name=\"twitter:data1\" content=\"Dr. Carsten Brennecke\" \/>\n\t<meta name=\"twitter:label2\" content=\"Gesch\u00e4tzte Lesezeit\" \/>\n\t<meta name=\"twitter:data2\" content=\"7\u00a0Minuten\" \/>\n<script type=\"application\/ld+json\" class=\"yoast-schema-graph\">{\"@context\":\"https:\/\/schema.org\",\"@graph\":[{\"@type\":\"Article\",\"@id\":\"https:\/\/www.hoecker.eu\/blog\/medienkampagne-von-wdr-und-sueddeutsche-fuehrt-zu-ungerechtfertigtem-strafprozess-gegen-deutschlands-bekanntesten-kinderpsychologen-dr-michael-winterhoff\/#article\",\"isPartOf\":{\"@id\":\"https:\/\/www.hoecker.eu\/blog\/medienkampagne-von-wdr-und-sueddeutsche-fuehrt-zu-ungerechtfertigtem-strafprozess-gegen-deutschlands-bekanntesten-kinderpsychologen-dr-michael-winterhoff\/\"},\"author\":{\"name\":\"Dr. Carsten Brennecke\",\"@id\":\"https:\/\/www.hoecker.eu\/blog\/#\/schema\/person\/816be6ceb7fc41c0368b2869f0d5d9e5\"},\"headline\":\"Medienkampagne von WDR und S\u00fcddeutsche f\u00fchrt zu ungerechtfertigtem Strafprozess gegen Deutschlands bekanntesten Kinderpsychiater Dr. Michael Winterhoff\",\"datePublished\":\"2025-02-11T14:33:52+00:00\",\"dateModified\":\"2025-02-17T13:52:51+00:00\",\"mainEntityOfPage\":{\"@id\":\"https:\/\/www.hoecker.eu\/blog\/medienkampagne-von-wdr-und-sueddeutsche-fuehrt-zu-ungerechtfertigtem-strafprozess-gegen-deutschlands-bekanntesten-kinderpsychologen-dr-michael-winterhoff\/\"},\"wordCount\":1180,\"publisher\":{\"@id\":\"https:\/\/www.hoecker.eu\/blog\/#organization\"},\"image\":{\"@id\":\"https:\/\/www.hoecker.eu\/blog\/medienkampagne-von-wdr-und-sueddeutsche-fuehrt-zu-ungerechtfertigtem-strafprozess-gegen-deutschlands-bekanntesten-kinderpsychologen-dr-michael-winterhoff\/#primaryimage\"},\"thumbnailUrl\":\"https:\/\/www.hoecker.eu\/blog\/wp-content\/uploads\/2025\/02\/Foto-fuer-Blog.webp\",\"keywords\":[\"Strafverfahren\",\"Winterhoff\"],\"articleSection\":[\"Was uns bewegt\"],\"inLanguage\":\"de\"},{\"@type\":\"WebPage\",\"@id\":\"https:\/\/www.hoecker.eu\/blog\/medienkampagne-von-wdr-und-sueddeutsche-fuehrt-zu-ungerechtfertigtem-strafprozess-gegen-deutschlands-bekanntesten-kinderpsychologen-dr-michael-winterhoff\/\",\"url\":\"https:\/\/www.hoecker.eu\/blog\/medienkampagne-von-wdr-und-sueddeutsche-fuehrt-zu-ungerechtfertigtem-strafprozess-gegen-deutschlands-bekanntesten-kinderpsychologen-dr-michael-winterhoff\/\",\"name\":\"Medienkampagne von WDR und S\u00fcddeutsche f\u00fchrt zu ungerechtfertigtem Strafprozess gegen Deutschlands bekanntesten Kinderpsychiater Dr. Michael Winterhoff - H\u00d6CKER - der Blog\",\"isPartOf\":{\"@id\":\"https:\/\/www.hoecker.eu\/blog\/#website\"},\"primaryImageOfPage\":{\"@id\":\"https:\/\/www.hoecker.eu\/blog\/medienkampagne-von-wdr-und-sueddeutsche-fuehrt-zu-ungerechtfertigtem-strafprozess-gegen-deutschlands-bekanntesten-kinderpsychologen-dr-michael-winterhoff\/#primaryimage\"},\"image\":{\"@id\":\"https:\/\/www.hoecker.eu\/blog\/medienkampagne-von-wdr-und-sueddeutsche-fuehrt-zu-ungerechtfertigtem-strafprozess-gegen-deutschlands-bekanntesten-kinderpsychologen-dr-michael-winterhoff\/#primaryimage\"},\"thumbnailUrl\":\"https:\/\/www.hoecker.eu\/blog\/wp-content\/uploads\/2025\/02\/Foto-fuer-Blog.webp\",\"datePublished\":\"2025-02-11T14:33:52+00:00\",\"dateModified\":\"2025-02-17T13:52:51+00:00\",\"breadcrumb\":{\"@id\":\"https:\/\/www.hoecker.eu\/blog\/medienkampagne-von-wdr-und-sueddeutsche-fuehrt-zu-ungerechtfertigtem-strafprozess-gegen-deutschlands-bekanntesten-kinderpsychologen-dr-michael-winterhoff\/#breadcrumb\"},\"inLanguage\":\"de\",\"potentialAction\":[{\"@type\":\"ReadAction\",\"target\":[\"https:\/\/www.hoecker.eu\/blog\/medienkampagne-von-wdr-und-sueddeutsche-fuehrt-zu-ungerechtfertigtem-strafprozess-gegen-deutschlands-bekanntesten-kinderpsychologen-dr-michael-winterhoff\/\"]}]},{\"@type\":\"ImageObject\",\"inLanguage\":\"de\",\"@id\":\"https:\/\/www.hoecker.eu\/blog\/medienkampagne-von-wdr-und-sueddeutsche-fuehrt-zu-ungerechtfertigtem-strafprozess-gegen-deutschlands-bekanntesten-kinderpsychologen-dr-michael-winterhoff\/#primaryimage\",\"url\":\"https:\/\/www.hoecker.eu\/blog\/wp-content\/uploads\/2025\/02\/Foto-fuer-Blog.webp\",\"contentUrl\":\"https:\/\/www.hoecker.eu\/blog\/wp-content\/uploads\/2025\/02\/Foto-fuer-Blog.webp\",\"width\":1024,\"height\":1024},{\"@type\":\"BreadcrumbList\",\"@id\":\"https:\/\/www.hoecker.eu\/blog\/medienkampagne-von-wdr-und-sueddeutsche-fuehrt-zu-ungerechtfertigtem-strafprozess-gegen-deutschlands-bekanntesten-kinderpsychologen-dr-michael-winterhoff\/#breadcrumb\",\"itemListElement\":[{\"@type\":\"ListItem\",\"position\":1,\"name\":\"Startseite\",\"item\":\"https:\/\/dev.hoecker.eu\/blog\/\"},{\"@type\":\"ListItem\",\"position\":2,\"name\":\"Medienkampagne von WDR und S\u00fcddeutsche f\u00fchrt zu ungerechtfertigtem Strafprozess gegen Deutschlands bekanntesten Kinderpsychiater Dr. Michael Winterhoff\"}]},{\"@type\":\"WebSite\",\"@id\":\"https:\/\/www.hoecker.eu\/blog\/#website\",\"url\":\"https:\/\/www.hoecker.eu\/blog\/\",\"name\":\"H\u00d6CKER - der Blog\",\"description\":\"Expertenblog f\u00fcr \u00c4u\u00dferungs-, Medien-, Marken-, Urheber- und Wettbewerbsrecht.\",\"publisher\":{\"@id\":\"https:\/\/www.hoecker.eu\/blog\/#organization\"},\"potentialAction\":[{\"@type\":\"SearchAction\",\"target\":{\"@type\":\"EntryPoint\",\"urlTemplate\":\"https:\/\/www.hoecker.eu\/blog\/?s={search_term_string}\"},\"query-input\":{\"@type\":\"PropertyValueSpecification\",\"valueRequired\":true,\"valueName\":\"search_term_string\"}}],\"inLanguage\":\"de\"},{\"@type\":\"Organization\",\"@id\":\"https:\/\/www.hoecker.eu\/blog\/#organization\",\"name\":\"H\u00d6CKER Rechtsanw\u00e4lte PartGmbB\",\"alternateName\":\"H\u00d6CKER\",\"url\":\"https:\/\/www.hoecker.eu\/blog\/\",\"logo\":{\"@type\":\"ImageObject\",\"inLanguage\":\"de\",\"@id\":\"https:\/\/www.hoecker.eu\/blog\/#\/schema\/logo\/image\/\",\"url\":\"https:\/\/www.hoecker.eu\/blog\/wp-content\/uploads\/2025\/03\/Blog-Logo.webp\",\"contentUrl\":\"https:\/\/www.hoecker.eu\/blog\/wp-content\/uploads\/2025\/03\/Blog-Logo.webp\",\"width\":500,\"height\":500,\"caption\":\"H\u00d6CKER Rechtsanw\u00e4lte PartGmbB\"},\"image\":{\"@id\":\"https:\/\/www.hoecker.eu\/blog\/#\/schema\/logo\/image\/\"},\"sameAs\":[\"https:\/\/www.facebook.com\/HoeckerRAe\/\",\"https:\/\/x.com\/hoecker_rae\",\"https:\/\/www.linkedin.com\/company\/hcker-rechtsanwlte\/\",\"https:\/\/www.instagram.com\/hoecker_rae\/\"],\"email\":\"contact@hoecker.eu\",\"telephone\":\"+ 49 (0)221-933 19-10\",\"legalName\":\"H\u00d6CKER Rechtsanw\u00e4lte PartGmbB\",\"numberOfEmployees\":{\"@type\":\"QuantitativeValue\",\"minValue\":\"11\",\"maxValue\":\"50\"}},{\"@type\":\"Person\",\"@id\":\"https:\/\/www.hoecker.eu\/blog\/#\/schema\/person\/816be6ceb7fc41c0368b2869f0d5d9e5\",\"name\":\"Dr. Carsten Brennecke\",\"description\":\"Rechtsanwalt f\u00fcr Presserecht, Spezialist f\u00fcr Litigation PR\",\"sameAs\":[\"https:\/\/www.hoecker.eu\/wer\/dr-carsten-brennecke\",\"https:\/\/www.linkedin.com\/in\/carsten-dr-brennecke-401b54b7\/\",\"https:\/\/x.com\/RABrennecke\"],\"url\":\"https:\/\/www.hoecker.eu\/blog\/author\/cbrennecke\/\"}]}<\/script>\n<!-- \/ Yoast SEO Premium plugin. -->","yoast_head_json":{"title":"Medienkampagne von WDR und S\u00fcddeutsche f\u00fchrt zu ungerechtfertigtem Strafprozess gegen Deutschlands bekanntesten Kinderpsychiater Dr. Michael Winterhoff - H\u00d6CKER - der Blog","robots":{"index":"index","follow":"follow","max-snippet":"max-snippet:-1","max-image-preview":"max-image-preview:large","max-video-preview":"max-video-preview:-1"},"canonical":"https:\/\/www.hoecker.eu\/blog\/medienkampagne-von-wdr-und-sueddeutsche-fuehrt-zu-ungerechtfertigtem-strafprozess-gegen-deutschlands-bekanntesten-kinderpsychologen-dr-michael-winterhoff\/","og_locale":"de_DE","og_type":"article","og_title":"Medienkampagne von WDR und S\u00fcddeutsche f\u00fchrt zu ungerechtfertigtem Strafprozess gegen Deutschlands bekanntesten Kinderpsychiater Dr. Michael Winterhoff","og_description":"Am Mittwoch beginnt der Strafprozess gegen Dr.\u00a0 Michael Winterhoff, den bekanntesten deutschen Kinderpsychiater und Bestsellerautor. Es verteidigt sich im Verfahren gegen den falschen Vorwurf, er habe Kinder durch den Einsatz von Psychopharmaka bewusst ruhiggestellt, um Heimen das Leben leicht zu machen und damit Kasse zu machen. Er habe dadurch Kinder dauerhaft in der Gesundheit gesch\u00e4digt. [&hellip;]","og_url":"https:\/\/www.hoecker.eu\/blog\/medienkampagne-von-wdr-und-sueddeutsche-fuehrt-zu-ungerechtfertigtem-strafprozess-gegen-deutschlands-bekanntesten-kinderpsychologen-dr-michael-winterhoff\/","og_site_name":"H\u00d6CKER - der Blog","article_publisher":"https:\/\/www.facebook.com\/HoeckerRAe\/","article_published_time":"2025-02-11T14:33:52+00:00","article_modified_time":"2025-02-17T13:52:51+00:00","og_image":[{"width":1024,"height":1024,"url":"https:\/\/www.hoecker.eu\/blog\/wp-content\/uploads\/2025\/02\/Foto-fuer-Blog.webp","type":"image\/webp"}],"author":"Dr. Carsten Brennecke","twitter_card":"summary_large_image","twitter_creator":"@RABrennecke","twitter_site":"@hoecker_rae","twitter_misc":{"Verfasst von":"Dr. Carsten Brennecke","Gesch\u00e4tzte Lesezeit":"7\u00a0Minuten"},"schema":{"@context":"https:\/\/schema.org","@graph":[{"@type":"Article","@id":"https:\/\/www.hoecker.eu\/blog\/medienkampagne-von-wdr-und-sueddeutsche-fuehrt-zu-ungerechtfertigtem-strafprozess-gegen-deutschlands-bekanntesten-kinderpsychologen-dr-michael-winterhoff\/#article","isPartOf":{"@id":"https:\/\/www.hoecker.eu\/blog\/medienkampagne-von-wdr-und-sueddeutsche-fuehrt-zu-ungerechtfertigtem-strafprozess-gegen-deutschlands-bekanntesten-kinderpsychologen-dr-michael-winterhoff\/"},"author":{"name":"Dr. Carsten Brennecke","@id":"https:\/\/www.hoecker.eu\/blog\/#\/schema\/person\/816be6ceb7fc41c0368b2869f0d5d9e5"},"headline":"Medienkampagne von WDR und S\u00fcddeutsche f\u00fchrt zu ungerechtfertigtem Strafprozess gegen Deutschlands bekanntesten Kinderpsychiater Dr. Michael Winterhoff","datePublished":"2025-02-11T14:33:52+00:00","dateModified":"2025-02-17T13:52:51+00:00","mainEntityOfPage":{"@id":"https:\/\/www.hoecker.eu\/blog\/medienkampagne-von-wdr-und-sueddeutsche-fuehrt-zu-ungerechtfertigtem-strafprozess-gegen-deutschlands-bekanntesten-kinderpsychologen-dr-michael-winterhoff\/"},"wordCount":1180,"publisher":{"@id":"https:\/\/www.hoecker.eu\/blog\/#organization"},"image":{"@id":"https:\/\/www.hoecker.eu\/blog\/medienkampagne-von-wdr-und-sueddeutsche-fuehrt-zu-ungerechtfertigtem-strafprozess-gegen-deutschlands-bekanntesten-kinderpsychologen-dr-michael-winterhoff\/#primaryimage"},"thumbnailUrl":"https:\/\/www.hoecker.eu\/blog\/wp-content\/uploads\/2025\/02\/Foto-fuer-Blog.webp","keywords":["Strafverfahren","Winterhoff"],"articleSection":["Was uns bewegt"],"inLanguage":"de"},{"@type":"WebPage","@id":"https:\/\/www.hoecker.eu\/blog\/medienkampagne-von-wdr-und-sueddeutsche-fuehrt-zu-ungerechtfertigtem-strafprozess-gegen-deutschlands-bekanntesten-kinderpsychologen-dr-michael-winterhoff\/","url":"https:\/\/www.hoecker.eu\/blog\/medienkampagne-von-wdr-und-sueddeutsche-fuehrt-zu-ungerechtfertigtem-strafprozess-gegen-deutschlands-bekanntesten-kinderpsychologen-dr-michael-winterhoff\/","name":"Medienkampagne von WDR und S\u00fcddeutsche f\u00fchrt zu ungerechtfertigtem Strafprozess gegen Deutschlands bekanntesten Kinderpsychiater Dr. Michael Winterhoff - H\u00d6CKER - der Blog","isPartOf":{"@id":"https:\/\/www.hoecker.eu\/blog\/#website"},"primaryImageOfPage":{"@id":"https:\/\/www.hoecker.eu\/blog\/medienkampagne-von-wdr-und-sueddeutsche-fuehrt-zu-ungerechtfertigtem-strafprozess-gegen-deutschlands-bekanntesten-kinderpsychologen-dr-michael-winterhoff\/#primaryimage"},"image":{"@id":"https:\/\/www.hoecker.eu\/blog\/medienkampagne-von-wdr-und-sueddeutsche-fuehrt-zu-ungerechtfertigtem-strafprozess-gegen-deutschlands-bekanntesten-kinderpsychologen-dr-michael-winterhoff\/#primaryimage"},"thumbnailUrl":"https:\/\/www.hoecker.eu\/blog\/wp-content\/uploads\/2025\/02\/Foto-fuer-Blog.webp","datePublished":"2025-02-11T14:33:52+00:00","dateModified":"2025-02-17T13:52:51+00:00","breadcrumb":{"@id":"https:\/\/www.hoecker.eu\/blog\/medienkampagne-von-wdr-und-sueddeutsche-fuehrt-zu-ungerechtfertigtem-strafprozess-gegen-deutschlands-bekanntesten-kinderpsychologen-dr-michael-winterhoff\/#breadcrumb"},"inLanguage":"de","potentialAction":[{"@type":"ReadAction","target":["https:\/\/www.hoecker.eu\/blog\/medienkampagne-von-wdr-und-sueddeutsche-fuehrt-zu-ungerechtfertigtem-strafprozess-gegen-deutschlands-bekanntesten-kinderpsychologen-dr-michael-winterhoff\/"]}]},{"@type":"ImageObject","inLanguage":"de","@id":"https:\/\/www.hoecker.eu\/blog\/medienkampagne-von-wdr-und-sueddeutsche-fuehrt-zu-ungerechtfertigtem-strafprozess-gegen-deutschlands-bekanntesten-kinderpsychologen-dr-michael-winterhoff\/#primaryimage","url":"https:\/\/www.hoecker.eu\/blog\/wp-content\/uploads\/2025\/02\/Foto-fuer-Blog.webp","contentUrl":"https:\/\/www.hoecker.eu\/blog\/wp-content\/uploads\/2025\/02\/Foto-fuer-Blog.webp","width":1024,"height":1024},{"@type":"BreadcrumbList","@id":"https:\/\/www.hoecker.eu\/blog\/medienkampagne-von-wdr-und-sueddeutsche-fuehrt-zu-ungerechtfertigtem-strafprozess-gegen-deutschlands-bekanntesten-kinderpsychologen-dr-michael-winterhoff\/#breadcrumb","itemListElement":[{"@type":"ListItem","position":1,"name":"Startseite","item":"https:\/\/dev.hoecker.eu\/blog\/"},{"@type":"ListItem","position":2,"name":"Medienkampagne von WDR und S\u00fcddeutsche f\u00fchrt zu ungerechtfertigtem Strafprozess gegen Deutschlands bekanntesten Kinderpsychiater Dr. Michael Winterhoff"}]},{"@type":"WebSite","@id":"https:\/\/www.hoecker.eu\/blog\/#website","url":"https:\/\/www.hoecker.eu\/blog\/","name":"H\u00d6CKER - der Blog","description":"Expertenblog f\u00fcr \u00c4u\u00dferungs-, Medien-, Marken-, Urheber- und Wettbewerbsrecht.","publisher":{"@id":"https:\/\/www.hoecker.eu\/blog\/#organization"},"potentialAction":[{"@type":"SearchAction","target":{"@type":"EntryPoint","urlTemplate":"https:\/\/www.hoecker.eu\/blog\/?s={search_term_string}"},"query-input":{"@type":"PropertyValueSpecification","valueRequired":true,"valueName":"search_term_string"}}],"inLanguage":"de"},{"@type":"Organization","@id":"https:\/\/www.hoecker.eu\/blog\/#organization","name":"H\u00d6CKER Rechtsanw\u00e4lte PartGmbB","alternateName":"H\u00d6CKER","url":"https:\/\/www.hoecker.eu\/blog\/","logo":{"@type":"ImageObject","inLanguage":"de","@id":"https:\/\/www.hoecker.eu\/blog\/#\/schema\/logo\/image\/","url":"https:\/\/www.hoecker.eu\/blog\/wp-content\/uploads\/2025\/03\/Blog-Logo.webp","contentUrl":"https:\/\/www.hoecker.eu\/blog\/wp-content\/uploads\/2025\/03\/Blog-Logo.webp","width":500,"height":500,"caption":"H\u00d6CKER Rechtsanw\u00e4lte PartGmbB"},"image":{"@id":"https:\/\/www.hoecker.eu\/blog\/#\/schema\/logo\/image\/"},"sameAs":["https:\/\/www.facebook.com\/HoeckerRAe\/","https:\/\/x.com\/hoecker_rae","https:\/\/www.linkedin.com\/company\/hcker-rechtsanwlte\/","https:\/\/www.instagram.com\/hoecker_rae\/"],"email":"contact@hoecker.eu","telephone":"+ 49 (0)221-933 19-10","legalName":"H\u00d6CKER Rechtsanw\u00e4lte PartGmbB","numberOfEmployees":{"@type":"QuantitativeValue","minValue":"11","maxValue":"50"}},{"@type":"Person","@id":"https:\/\/www.hoecker.eu\/blog\/#\/schema\/person\/816be6ceb7fc41c0368b2869f0d5d9e5","name":"Dr. Carsten Brennecke","description":"Rechtsanwalt f\u00fcr Presserecht, Spezialist f\u00fcr Litigation PR","sameAs":["https:\/\/www.hoecker.eu\/wer\/dr-carsten-brennecke","https:\/\/www.linkedin.com\/in\/carsten-dr-brennecke-401b54b7\/","https:\/\/x.com\/RABrennecke"],"url":"https:\/\/www.hoecker.eu\/blog\/author\/cbrennecke\/"}]}},"authors":[{"term_id":40,"user_id":2,"is_guest":0,"slug":"cbrennecke","display_name":"Dr. Carsten Brennecke","avatar_url":{"url":"https:\/\/www.hoecker.eu\/blog\/wp-content\/uploads\/2024\/03\/cbrennecke.jpg","url2x":"https:\/\/www.hoecker.eu\/blog\/wp-content\/uploads\/2024\/03\/cbrennecke.jpg"},"0":null,"1":"","2":"","3":"","4":"","5":"","6":"","7":"","8":"","9":"","10":"","11":""}],"_links":{"self":[{"href":"https:\/\/www.hoecker.eu\/blog\/wp-json\/wp\/v2\/posts\/9188","targetHints":{"allow":["GET"]}}],"collection":[{"href":"https:\/\/www.hoecker.eu\/blog\/wp-json\/wp\/v2\/posts"}],"about":[{"href":"https:\/\/www.hoecker.eu\/blog\/wp-json\/wp\/v2\/types\/post"}],"author":[{"embeddable":true,"href":"https:\/\/www.hoecker.eu\/blog\/wp-json\/wp\/v2\/users\/2"}],"replies":[{"embeddable":true,"href":"https:\/\/www.hoecker.eu\/blog\/wp-json\/wp\/v2\/comments?post=9188"}],"version-history":[{"count":2,"href":"https:\/\/www.hoecker.eu\/blog\/wp-json\/wp\/v2\/posts\/9188\/revisions"}],"predecessor-version":[{"id":9197,"href":"https:\/\/www.hoecker.eu\/blog\/wp-json\/wp\/v2\/posts\/9188\/revisions\/9197"}],"wp:featuredmedia":[{"embeddable":true,"href":"https:\/\/www.hoecker.eu\/blog\/wp-json\/wp\/v2\/media\/9189"}],"wp:attachment":[{"href":"https:\/\/www.hoecker.eu\/blog\/wp-json\/wp\/v2\/media?parent=9188"}],"wp:term":[{"taxonomy":"category","embeddable":true,"href":"https:\/\/www.hoecker.eu\/blog\/wp-json\/wp\/v2\/categories?post=9188"},{"taxonomy":"post_tag","embeddable":true,"href":"https:\/\/www.hoecker.eu\/blog\/wp-json\/wp\/v2\/tags?post=9188"},{"taxonomy":"hashtags","embeddable":true,"href":"https:\/\/www.hoecker.eu\/blog\/wp-json\/wp\/v2\/hashtags?post=9188"},{"taxonomy":"author","embeddable":true,"href":"https:\/\/www.hoecker.eu\/blog\/wp-json\/wp\/v2\/ppma_author?post=9188"}],"curies":[{"name":"wp","href":"https:\/\/api.w.org\/{rel}","templated":true}]}}