{"id":9146,"date":"2025-01-19T20:58:08","date_gmt":"2025-01-19T19:58:08","guid":{"rendered":"https:\/\/www.hoecker.eu\/blog\/?p=9146"},"modified":"2025-02-18T15:53:12","modified_gmt":"2025-02-18T14:53:12","slug":"fdp-bundestagsabgeordneter-frank-schaeffler-wehrt-sich-mit-hoecker-erfolgreich-gegen-falschberichterstattungen-im-bundestagswahlkampf-keine-spende-von-project-2025-organisation","status":"publish","type":"post","link":"https:\/\/www.hoecker.eu\/blog\/fdp-bundestagsabgeordneter-frank-schaeffler-wehrt-sich-mit-hoecker-erfolgreich-gegen-falschberichterstattungen-im-bundestagswahlkampf-keine-spende-von-project-2025-organisation\/","title":{"rendered":"FDP-Bundestagsabgeordneter Frank Sch\u00e4ffler wehrt sich mit H\u00d6CKER erfolgreich gegen Falschberichterstattungen im Bundestagswahlkampf &#8211; Keine Spende von &#8216;Project 2025&#8217;-Organisation"},"content":{"rendered":"\n<p>Frank Sch\u00e4ffler ist Kreisvorsitzender der FDP\u00a0<a href=\"https:\/\/de.wikipedia.org\/wiki\/Kreis_Minden-L%C3%BCbbecke\" target=\"_blank\" rel=\"noreferrer noopener\">Minden-L\u00fcbbecke<\/a>, war von 2005 bis 2013 und ist seit 2017 Mitglied des Deutschen Bundestages in der FDP-Fraktion. Er ist in der aktuellen 20. Wahlperiode Obmann im Untersuchungsausschuss zum Atomausstieg, ordentliches Mitglied im Haushaltsausschuss und im Ausschuss f\u00fcr Digitales sowie stellvertretendes Mitglied im Finanzausschuss. Er ist Kritiker des von Wirtschaftsminister Robert Habeck vorgelegten\u00a0<a href=\"https:\/\/de.wikipedia.org\/wiki\/Geb%C3%A4udeenergiegesetz\" target=\"_blank\" rel=\"noreferrer noopener\">Geb\u00e4udeenergiegesetzes<\/a>\u00a0und konnte \u00c4nderungen dieses Gesetzes erreichen.<\/p>\n\n\n\n<p>Dar\u00fcber hinaus ist Frank Sch\u00e4ffler Gr\u00fcnder und seit 2014 Gesch\u00e4ftsf\u00fchrer der Berliner Denkfabrik PROMETHEUS \u2013 Das Freiheitsinstitut gGmbH, die sich f\u00fcr eine offene und freiheitliche Gesellschaft einsetzt (nachfolgend \u201ePROMETHEUS\u201c). Eben bez\u00fcglich PROMETHEUS kam es nun mitten im aktuellen Bundestagswahlkampf zu Falschberichten in der \u00f6rtlichen Presse. Sowohl die Neue Westf\u00e4lische als auch das Mindener Tageblatt sind Zeitungen, die im Wahlkreis des H\u00d6CKER-Mandanten von hoher \u00f6rtlicher Relevanz sind und W\u00e4hlerInnen in Bezug auf ihre bevorstehende Stimmabgabe beeinflussen k\u00f6nnen.<\/p>\n\n\n\n<p>Beide Zeitungen berichteten unwahr, dass PROMETHEUS eine Spende von einer US-Organisation angenommen habe, die Donald Trump in dem sog. \u201eProject 2025\u201c unterst\u00fctzt und radikale Ideen f\u00fcr dessen Comeback zusammengetragen h\u00e4tte. Das \u201eProject 2025\u201c ist ein Plan zur Umgestaltung der&nbsp;<a href=\"https:\/\/de.wikipedia.org\/wiki\/Exekutive\">Exekutive<\/a>&nbsp;der&nbsp;<a href=\"https:\/\/de.wikipedia.org\/wiki\/Bundesregierung_(Vereinigte_Staaten)\">US-Bundesregierung<\/a>&nbsp;im Fall des \u2013 jetzt eingetretenen \u2013 Sieges der&nbsp;<a href=\"https:\/\/de.wikipedia.org\/wiki\/Republikanische_Partei\">Republikanischen Partei<\/a>. Er soll eine schnelle \u00dcbernahme der&nbsp;<a href=\"https:\/\/de.wikipedia.org\/wiki\/Exekutive\">Exekutive<\/a>&nbsp;mit dem Ziel vorsehen, dass der Pr\u00e4sident der Vereinigten Staaten bereits mit&nbsp;<a href=\"https:\/\/de.wikipedia.org\/wiki\/Amtseinf%C3%BChrung_des_Pr%C3%A4sidenten_der_Vereinigten_Staaten\">seiner Amtseinf\u00fchrung<\/a>&nbsp;die absolute Macht \u00fcber die Exekutive erlange. Kritiker f\u00fchren an, dass das \u201eProject 2025\u201c gegen demokratische Prinzipien versto\u00dfe, und bef\u00fcrchten, dass derartige Bestrebungen zu einer&nbsp;<a href=\"https:\/\/de.wikipedia.org\/wiki\/Diktatur\">Diktatur<\/a>&nbsp;f\u00fchren k\u00f6nnten.<\/p>\n\n\n\n<p>In Wahrheit hat PROMETHEUS keine Spende einer solchen Organisation angenommen. Auf die von H\u00d6CKER ausgesprochenen Abmahnungen gab die Neue Westf\u00e4lische wegen der Falschbehauptung am 17.01.2025 eine strafbewehrte Unterlassungsverpflichtungserkl\u00e4rung gegen\u00fcber PROMETHEUS ab.<\/p>\n\n\n\n<p>Das Mindener Tageblatt ver\u00f6ffentlichte sogar bereits am 08.01.2025 Richtigstellungen in der Printausgabe sowie der Online-Version des Berichts.<\/p>\n\n\n\n<p>Beide Medienh\u00e4user erstatten zumindest teilweise die f\u00fcr die Abmahnungen entstandenen Kosten.<\/p>\n\n\n\n<p>Aufgrund des Einlenkens der Medien sieht der H\u00d6CKER-Mandant in diesem Fall von weitergehenden rechtlichen Schritten ab.<\/p>\n\n\n\n<p>Rechtsanwalt Dr. Marcel Leeser:&nbsp;<em>\u201e<\/em><em>Der Ruf auch eines redlichen Politikers im Wahlkampf ist hochgef\u00e4hrdet. Denn er kann von heute auf morgen durch eine Falschberichterstattung schwer besch\u00e4digt werden. Die Rehabilitierung der Reputation erfordert hingegen meist eine gewisse Zeit. Im laufenden und aktuell besonders kurzen Bundestagswahlkampf kann es dann oft zu sp\u00e4t sein. Wir freuen uns, dass wir in diesem Fall die Pers\u00f6nlichkeitsrechte unserer Mandanten besonders schnell erfolgreich verteidigen konnten.&#8221;<\/em><\/p>\n\n\n\n<p><\/p>\n","protected":false},"excerpt":{"rendered":"<p>Frank Sch\u00e4ffler ist Kreisvorsitzender der FDP\u00a0Minden-L\u00fcbbecke, war von 2005 bis 2013 und ist seit 2017 Mitglied des Deutschen Bundestages in der FDP-Fraktion. Er ist in der aktuellen 20. Wahlperiode Obmann im Untersuchungsausschuss zum Atomausstieg, ordentliches Mitglied im Haushaltsausschuss und im Ausschuss f\u00fcr Digitales sowie stellvertretendes Mitglied im Finanzausschuss. Er ist Kritiker des von Wirtschaftsminister Robert [&hellip;]<\/p>\n","protected":false},"author":4,"featured_media":0,"comment_status":"closed","ping_status":"closed","sticky":false,"template":"","format":"standard","meta":{"_has_post_settings":[],"footnotes":""},"categories":[15],"tags":[],"hashtags":[],"ppma_author":[75],"class_list":["post-9146","post","type-post","status-publish","format-standard","hentry","category-news","author-mleeser"],"yoast_head":"<!-- This site is optimized with the Yoast SEO Premium plugin v25.9 (Yoast SEO v27.0) - https:\/\/yoast.com\/product\/yoast-seo-premium-wordpress\/ -->\n<title>FDP-Bundestagsabgeordneter Frank Sch\u00e4ffler wehrt sich mit H\u00d6CKER erfolgreich gegen Falschberichterstattungen im Bundestagswahlkampf - Keine Spende von &#039;Project 2025&#039;-Organisation - H\u00d6CKER - der Blog<\/title>\n<meta name=\"robots\" content=\"index, follow, max-snippet:-1, max-image-preview:large, max-video-preview:-1\" \/>\n<link rel=\"canonical\" href=\"https:\/\/www.hoecker.eu\/blog\/fdp-bundestagsabgeordneter-frank-schaeffler-wehrt-sich-mit-hoecker-erfolgreich-gegen-falschberichterstattungen-im-bundestagswahlkampf-keine-spende-von-project-2025-organisation\/\" \/>\n<meta property=\"og:locale\" content=\"de_DE\" \/>\n<meta property=\"og:type\" content=\"article\" \/>\n<meta property=\"og:title\" content=\"FDP-Bundestagsabgeordneter Frank Sch\u00e4ffler wehrt sich mit H\u00d6CKER erfolgreich gegen Falschberichterstattungen im Bundestagswahlkampf - Keine Spende von &#039;Project 2025&#039;-Organisation\" \/>\n<meta property=\"og:description\" content=\"Frank Sch\u00e4ffler ist Kreisvorsitzender der FDP\u00a0Minden-L\u00fcbbecke, war von 2005 bis 2013 und ist seit 2017 Mitglied des Deutschen Bundestages in der FDP-Fraktion. Er ist in der aktuellen 20. Wahlperiode Obmann im Untersuchungsausschuss zum Atomausstieg, ordentliches Mitglied im Haushaltsausschuss und im Ausschuss f\u00fcr Digitales sowie stellvertretendes Mitglied im Finanzausschuss. Er ist Kritiker des von Wirtschaftsminister Robert [&hellip;]\" \/>\n<meta property=\"og:url\" content=\"https:\/\/www.hoecker.eu\/blog\/fdp-bundestagsabgeordneter-frank-schaeffler-wehrt-sich-mit-hoecker-erfolgreich-gegen-falschberichterstattungen-im-bundestagswahlkampf-keine-spende-von-project-2025-organisation\/\" \/>\n<meta property=\"og:site_name\" content=\"H\u00d6CKER - der Blog\" \/>\n<meta property=\"article:publisher\" content=\"https:\/\/www.facebook.com\/HoeckerRAe\/\" \/>\n<meta property=\"article:author\" content=\"https:\/\/www.facebook.com\/marcel.leeser\" \/>\n<meta property=\"article:published_time\" content=\"2025-01-19T19:58:08+00:00\" \/>\n<meta property=\"article:modified_time\" content=\"2025-02-18T14:53:12+00:00\" \/>\n<meta name=\"author\" content=\"Dr. Marcel Leeser\" \/>\n<meta name=\"twitter:card\" content=\"summary_large_image\" \/>\n<meta name=\"twitter:creator\" content=\"@m_leeser\" \/>\n<meta name=\"twitter:site\" content=\"@hoecker_rae\" \/>\n<meta name=\"twitter:label1\" content=\"Verfasst von\" \/>\n\t<meta name=\"twitter:data1\" content=\"Dr. Marcel Leeser\" \/>\n\t<meta name=\"twitter:label2\" content=\"Gesch\u00e4tzte Lesezeit\" \/>\n\t<meta name=\"twitter:data2\" content=\"3\u00a0Minuten\" \/>\n<script type=\"application\/ld+json\" class=\"yoast-schema-graph\">{\"@context\":\"https:\/\/schema.org\",\"@graph\":[{\"@type\":\"Article\",\"@id\":\"https:\/\/www.hoecker.eu\/blog\/fdp-bundestagsabgeordneter-frank-schaeffler-wehrt-sich-mit-hoecker-erfolgreich-gegen-falschberichterstattungen-im-bundestagswahlkampf-keine-spende-von-project-2025-organisation\/#article\",\"isPartOf\":{\"@id\":\"https:\/\/www.hoecker.eu\/blog\/fdp-bundestagsabgeordneter-frank-schaeffler-wehrt-sich-mit-hoecker-erfolgreich-gegen-falschberichterstattungen-im-bundestagswahlkampf-keine-spende-von-project-2025-organisation\/\"},\"author\":{\"name\":\"Dr. Marcel Leeser\",\"@id\":\"https:\/\/www.hoecker.eu\/blog\/#\/schema\/person\/7d076dfe91cca6d64e8b05cce775ced0\"},\"headline\":\"FDP-Bundestagsabgeordneter Frank Sch\u00e4ffler wehrt sich mit H\u00d6CKER erfolgreich gegen Falschberichterstattungen im Bundestagswahlkampf &#8211; Keine Spende von &#8216;Project 2025&#8217;-Organisation\",\"datePublished\":\"2025-01-19T19:58:08+00:00\",\"dateModified\":\"2025-02-18T14:53:12+00:00\",\"mainEntityOfPage\":{\"@id\":\"https:\/\/www.hoecker.eu\/blog\/fdp-bundestagsabgeordneter-frank-schaeffler-wehrt-sich-mit-hoecker-erfolgreich-gegen-falschberichterstattungen-im-bundestagswahlkampf-keine-spende-von-project-2025-organisation\/\"},\"wordCount\":442,\"publisher\":{\"@id\":\"https:\/\/www.hoecker.eu\/blog\/#organization\"},\"articleSection\":[\"News\"],\"inLanguage\":\"de\"},{\"@type\":\"WebPage\",\"@id\":\"https:\/\/www.hoecker.eu\/blog\/fdp-bundestagsabgeordneter-frank-schaeffler-wehrt-sich-mit-hoecker-erfolgreich-gegen-falschberichterstattungen-im-bundestagswahlkampf-keine-spende-von-project-2025-organisation\/\",\"url\":\"https:\/\/www.hoecker.eu\/blog\/fdp-bundestagsabgeordneter-frank-schaeffler-wehrt-sich-mit-hoecker-erfolgreich-gegen-falschberichterstattungen-im-bundestagswahlkampf-keine-spende-von-project-2025-organisation\/\",\"name\":\"FDP-Bundestagsabgeordneter Frank Sch\u00e4ffler wehrt sich mit H\u00d6CKER erfolgreich gegen Falschberichterstattungen im Bundestagswahlkampf - Keine Spende von 'Project 2025'-Organisation - H\u00d6CKER - der Blog\",\"isPartOf\":{\"@id\":\"https:\/\/www.hoecker.eu\/blog\/#website\"},\"datePublished\":\"2025-01-19T19:58:08+00:00\",\"dateModified\":\"2025-02-18T14:53:12+00:00\",\"breadcrumb\":{\"@id\":\"https:\/\/www.hoecker.eu\/blog\/fdp-bundestagsabgeordneter-frank-schaeffler-wehrt-sich-mit-hoecker-erfolgreich-gegen-falschberichterstattungen-im-bundestagswahlkampf-keine-spende-von-project-2025-organisation\/#breadcrumb\"},\"inLanguage\":\"de\",\"potentialAction\":[{\"@type\":\"ReadAction\",\"target\":[\"https:\/\/www.hoecker.eu\/blog\/fdp-bundestagsabgeordneter-frank-schaeffler-wehrt-sich-mit-hoecker-erfolgreich-gegen-falschberichterstattungen-im-bundestagswahlkampf-keine-spende-von-project-2025-organisation\/\"]}]},{\"@type\":\"BreadcrumbList\",\"@id\":\"https:\/\/www.hoecker.eu\/blog\/fdp-bundestagsabgeordneter-frank-schaeffler-wehrt-sich-mit-hoecker-erfolgreich-gegen-falschberichterstattungen-im-bundestagswahlkampf-keine-spende-von-project-2025-organisation\/#breadcrumb\",\"itemListElement\":[{\"@type\":\"ListItem\",\"position\":1,\"name\":\"Startseite\",\"item\":\"https:\/\/dev.hoecker.eu\/blog\/\"},{\"@type\":\"ListItem\",\"position\":2,\"name\":\"FDP-Bundestagsabgeordneter Frank Sch\u00e4ffler wehrt sich mit H\u00d6CKER erfolgreich gegen Falschberichterstattungen im Bundestagswahlkampf &#8211; Keine Spende von &#8216;Project 2025&#8217;-Organisation\"}]},{\"@type\":\"WebSite\",\"@id\":\"https:\/\/www.hoecker.eu\/blog\/#website\",\"url\":\"https:\/\/www.hoecker.eu\/blog\/\",\"name\":\"H\u00d6CKER - der Blog\",\"description\":\"Expertenblog f\u00fcr \u00c4u\u00dferungs-, Medien-, Marken-, Urheber- und Wettbewerbsrecht.\",\"publisher\":{\"@id\":\"https:\/\/www.hoecker.eu\/blog\/#organization\"},\"potentialAction\":[{\"@type\":\"SearchAction\",\"target\":{\"@type\":\"EntryPoint\",\"urlTemplate\":\"https:\/\/www.hoecker.eu\/blog\/?s={search_term_string}\"},\"query-input\":{\"@type\":\"PropertyValueSpecification\",\"valueRequired\":true,\"valueName\":\"search_term_string\"}}],\"inLanguage\":\"de\"},{\"@type\":\"Organization\",\"@id\":\"https:\/\/www.hoecker.eu\/blog\/#organization\",\"name\":\"H\u00d6CKER Rechtsanw\u00e4lte PartGmbB\",\"alternateName\":\"H\u00d6CKER\",\"url\":\"https:\/\/www.hoecker.eu\/blog\/\",\"logo\":{\"@type\":\"ImageObject\",\"inLanguage\":\"de\",\"@id\":\"https:\/\/www.hoecker.eu\/blog\/#\/schema\/logo\/image\/\",\"url\":\"https:\/\/www.hoecker.eu\/blog\/wp-content\/uploads\/2025\/03\/Blog-Logo.webp\",\"contentUrl\":\"https:\/\/www.hoecker.eu\/blog\/wp-content\/uploads\/2025\/03\/Blog-Logo.webp\",\"width\":500,\"height\":500,\"caption\":\"H\u00d6CKER Rechtsanw\u00e4lte PartGmbB\"},\"image\":{\"@id\":\"https:\/\/www.hoecker.eu\/blog\/#\/schema\/logo\/image\/\"},\"sameAs\":[\"https:\/\/www.facebook.com\/HoeckerRAe\/\",\"https:\/\/x.com\/hoecker_rae\",\"https:\/\/www.linkedin.com\/company\/hcker-rechtsanwlte\/\",\"https:\/\/www.instagram.com\/hoecker_rae\/\"],\"email\":\"contact@hoecker.eu\",\"telephone\":\"+ 49 (0)221-933 19-10\",\"legalName\":\"H\u00d6CKER Rechtsanw\u00e4lte PartGmbB\",\"numberOfEmployees\":{\"@type\":\"QuantitativeValue\",\"minValue\":\"11\",\"maxValue\":\"50\"}},{\"@type\":\"Person\",\"@id\":\"https:\/\/www.hoecker.eu\/blog\/#\/schema\/person\/7d076dfe91cca6d64e8b05cce775ced0\",\"name\":\"Dr. Marcel Leeser\",\"description\":\"Rechtsanwalt, Partner, Fachanwalt f\u00fcr gewerblichen Rechtsschutz. Hilft gegen schlechte Presse. Sch\u00fctzt Marken.\",\"sameAs\":[\"https:\/\/www.hoecker.eu\/wer\/dr-marcel-leeser\",\"https:\/\/www.facebook.com\/marcel.leeser\",\"https:\/\/www.instagram.com\/marcel_leeser\/\",\"https:\/\/www.linkedin.com\/in\/dr-marcel-leeser-8030b9b2\",\"https:\/\/x.com\/m_leeser\"],\"url\":\"https:\/\/www.hoecker.eu\/blog\/author\/mleeser\/\"}]}<\/script>\n<!-- \/ Yoast SEO Premium plugin. -->","yoast_head_json":{"title":"FDP-Bundestagsabgeordneter Frank Sch\u00e4ffler wehrt sich mit H\u00d6CKER erfolgreich gegen Falschberichterstattungen im Bundestagswahlkampf - Keine Spende von 'Project 2025'-Organisation - H\u00d6CKER - der Blog","robots":{"index":"index","follow":"follow","max-snippet":"max-snippet:-1","max-image-preview":"max-image-preview:large","max-video-preview":"max-video-preview:-1"},"canonical":"https:\/\/www.hoecker.eu\/blog\/fdp-bundestagsabgeordneter-frank-schaeffler-wehrt-sich-mit-hoecker-erfolgreich-gegen-falschberichterstattungen-im-bundestagswahlkampf-keine-spende-von-project-2025-organisation\/","og_locale":"de_DE","og_type":"article","og_title":"FDP-Bundestagsabgeordneter Frank Sch\u00e4ffler wehrt sich mit H\u00d6CKER erfolgreich gegen Falschberichterstattungen im Bundestagswahlkampf - Keine Spende von 'Project 2025'-Organisation","og_description":"Frank Sch\u00e4ffler ist Kreisvorsitzender der FDP\u00a0Minden-L\u00fcbbecke, war von 2005 bis 2013 und ist seit 2017 Mitglied des Deutschen Bundestages in der FDP-Fraktion. Er ist in der aktuellen 20. Wahlperiode Obmann im Untersuchungsausschuss zum Atomausstieg, ordentliches Mitglied im Haushaltsausschuss und im Ausschuss f\u00fcr Digitales sowie stellvertretendes Mitglied im Finanzausschuss. Er ist Kritiker des von Wirtschaftsminister Robert [&hellip;]","og_url":"https:\/\/www.hoecker.eu\/blog\/fdp-bundestagsabgeordneter-frank-schaeffler-wehrt-sich-mit-hoecker-erfolgreich-gegen-falschberichterstattungen-im-bundestagswahlkampf-keine-spende-von-project-2025-organisation\/","og_site_name":"H\u00d6CKER - der Blog","article_publisher":"https:\/\/www.facebook.com\/HoeckerRAe\/","article_author":"https:\/\/www.facebook.com\/marcel.leeser","article_published_time":"2025-01-19T19:58:08+00:00","article_modified_time":"2025-02-18T14:53:12+00:00","author":"Dr. Marcel Leeser","twitter_card":"summary_large_image","twitter_creator":"@m_leeser","twitter_site":"@hoecker_rae","twitter_misc":{"Verfasst von":"Dr. Marcel Leeser","Gesch\u00e4tzte Lesezeit":"3\u00a0Minuten"},"schema":{"@context":"https:\/\/schema.org","@graph":[{"@type":"Article","@id":"https:\/\/www.hoecker.eu\/blog\/fdp-bundestagsabgeordneter-frank-schaeffler-wehrt-sich-mit-hoecker-erfolgreich-gegen-falschberichterstattungen-im-bundestagswahlkampf-keine-spende-von-project-2025-organisation\/#article","isPartOf":{"@id":"https:\/\/www.hoecker.eu\/blog\/fdp-bundestagsabgeordneter-frank-schaeffler-wehrt-sich-mit-hoecker-erfolgreich-gegen-falschberichterstattungen-im-bundestagswahlkampf-keine-spende-von-project-2025-organisation\/"},"author":{"name":"Dr. Marcel Leeser","@id":"https:\/\/www.hoecker.eu\/blog\/#\/schema\/person\/7d076dfe91cca6d64e8b05cce775ced0"},"headline":"FDP-Bundestagsabgeordneter Frank Sch\u00e4ffler wehrt sich mit H\u00d6CKER erfolgreich gegen Falschberichterstattungen im Bundestagswahlkampf &#8211; Keine Spende von &#8216;Project 2025&#8217;-Organisation","datePublished":"2025-01-19T19:58:08+00:00","dateModified":"2025-02-18T14:53:12+00:00","mainEntityOfPage":{"@id":"https:\/\/www.hoecker.eu\/blog\/fdp-bundestagsabgeordneter-frank-schaeffler-wehrt-sich-mit-hoecker-erfolgreich-gegen-falschberichterstattungen-im-bundestagswahlkampf-keine-spende-von-project-2025-organisation\/"},"wordCount":442,"publisher":{"@id":"https:\/\/www.hoecker.eu\/blog\/#organization"},"articleSection":["News"],"inLanguage":"de"},{"@type":"WebPage","@id":"https:\/\/www.hoecker.eu\/blog\/fdp-bundestagsabgeordneter-frank-schaeffler-wehrt-sich-mit-hoecker-erfolgreich-gegen-falschberichterstattungen-im-bundestagswahlkampf-keine-spende-von-project-2025-organisation\/","url":"https:\/\/www.hoecker.eu\/blog\/fdp-bundestagsabgeordneter-frank-schaeffler-wehrt-sich-mit-hoecker-erfolgreich-gegen-falschberichterstattungen-im-bundestagswahlkampf-keine-spende-von-project-2025-organisation\/","name":"FDP-Bundestagsabgeordneter Frank Sch\u00e4ffler wehrt sich mit H\u00d6CKER erfolgreich gegen Falschberichterstattungen im Bundestagswahlkampf - Keine Spende von 'Project 2025'-Organisation - H\u00d6CKER - der Blog","isPartOf":{"@id":"https:\/\/www.hoecker.eu\/blog\/#website"},"datePublished":"2025-01-19T19:58:08+00:00","dateModified":"2025-02-18T14:53:12+00:00","breadcrumb":{"@id":"https:\/\/www.hoecker.eu\/blog\/fdp-bundestagsabgeordneter-frank-schaeffler-wehrt-sich-mit-hoecker-erfolgreich-gegen-falschberichterstattungen-im-bundestagswahlkampf-keine-spende-von-project-2025-organisation\/#breadcrumb"},"inLanguage":"de","potentialAction":[{"@type":"ReadAction","target":["https:\/\/www.hoecker.eu\/blog\/fdp-bundestagsabgeordneter-frank-schaeffler-wehrt-sich-mit-hoecker-erfolgreich-gegen-falschberichterstattungen-im-bundestagswahlkampf-keine-spende-von-project-2025-organisation\/"]}]},{"@type":"BreadcrumbList","@id":"https:\/\/www.hoecker.eu\/blog\/fdp-bundestagsabgeordneter-frank-schaeffler-wehrt-sich-mit-hoecker-erfolgreich-gegen-falschberichterstattungen-im-bundestagswahlkampf-keine-spende-von-project-2025-organisation\/#breadcrumb","itemListElement":[{"@type":"ListItem","position":1,"name":"Startseite","item":"https:\/\/dev.hoecker.eu\/blog\/"},{"@type":"ListItem","position":2,"name":"FDP-Bundestagsabgeordneter Frank Sch\u00e4ffler wehrt sich mit H\u00d6CKER erfolgreich gegen Falschberichterstattungen im Bundestagswahlkampf &#8211; Keine Spende von &#8216;Project 2025&#8217;-Organisation"}]},{"@type":"WebSite","@id":"https:\/\/www.hoecker.eu\/blog\/#website","url":"https:\/\/www.hoecker.eu\/blog\/","name":"H\u00d6CKER - der Blog","description":"Expertenblog f\u00fcr \u00c4u\u00dferungs-, Medien-, Marken-, Urheber- und Wettbewerbsrecht.","publisher":{"@id":"https:\/\/www.hoecker.eu\/blog\/#organization"},"potentialAction":[{"@type":"SearchAction","target":{"@type":"EntryPoint","urlTemplate":"https:\/\/www.hoecker.eu\/blog\/?s={search_term_string}"},"query-input":{"@type":"PropertyValueSpecification","valueRequired":true,"valueName":"search_term_string"}}],"inLanguage":"de"},{"@type":"Organization","@id":"https:\/\/www.hoecker.eu\/blog\/#organization","name":"H\u00d6CKER Rechtsanw\u00e4lte PartGmbB","alternateName":"H\u00d6CKER","url":"https:\/\/www.hoecker.eu\/blog\/","logo":{"@type":"ImageObject","inLanguage":"de","@id":"https:\/\/www.hoecker.eu\/blog\/#\/schema\/logo\/image\/","url":"https:\/\/www.hoecker.eu\/blog\/wp-content\/uploads\/2025\/03\/Blog-Logo.webp","contentUrl":"https:\/\/www.hoecker.eu\/blog\/wp-content\/uploads\/2025\/03\/Blog-Logo.webp","width":500,"height":500,"caption":"H\u00d6CKER Rechtsanw\u00e4lte PartGmbB"},"image":{"@id":"https:\/\/www.hoecker.eu\/blog\/#\/schema\/logo\/image\/"},"sameAs":["https:\/\/www.facebook.com\/HoeckerRAe\/","https:\/\/x.com\/hoecker_rae","https:\/\/www.linkedin.com\/company\/hcker-rechtsanwlte\/","https:\/\/www.instagram.com\/hoecker_rae\/"],"email":"contact@hoecker.eu","telephone":"+ 49 (0)221-933 19-10","legalName":"H\u00d6CKER Rechtsanw\u00e4lte PartGmbB","numberOfEmployees":{"@type":"QuantitativeValue","minValue":"11","maxValue":"50"}},{"@type":"Person","@id":"https:\/\/www.hoecker.eu\/blog\/#\/schema\/person\/7d076dfe91cca6d64e8b05cce775ced0","name":"Dr. Marcel Leeser","description":"Rechtsanwalt, Partner, Fachanwalt f\u00fcr gewerblichen Rechtsschutz. Hilft gegen schlechte Presse. Sch\u00fctzt Marken.","sameAs":["https:\/\/www.hoecker.eu\/wer\/dr-marcel-leeser","https:\/\/www.facebook.com\/marcel.leeser","https:\/\/www.instagram.com\/marcel_leeser\/","https:\/\/www.linkedin.com\/in\/dr-marcel-leeser-8030b9b2","https:\/\/x.com\/m_leeser"],"url":"https:\/\/www.hoecker.eu\/blog\/author\/mleeser\/"}]}},"authors":[{"term_id":75,"user_id":4,"is_guest":0,"slug":"mleeser","display_name":"Dr. Marcel Leeser","avatar_url":{"url":"https:\/\/www.hoecker.eu\/blog\/wp-content\/uploads\/2025\/02\/MLeeser.webp","url2x":"https:\/\/www.hoecker.eu\/blog\/wp-content\/uploads\/2025\/02\/MLeeser.webp"},"0":null,"1":"","2":"","3":"","4":"","5":"","6":"","7":"","8":"","9":"","10":"","11":""}],"_links":{"self":[{"href":"https:\/\/www.hoecker.eu\/blog\/wp-json\/wp\/v2\/posts\/9146","targetHints":{"allow":["GET"]}}],"collection":[{"href":"https:\/\/www.hoecker.eu\/blog\/wp-json\/wp\/v2\/posts"}],"about":[{"href":"https:\/\/www.hoecker.eu\/blog\/wp-json\/wp\/v2\/types\/post"}],"author":[{"embeddable":true,"href":"https:\/\/www.hoecker.eu\/blog\/wp-json\/wp\/v2\/users\/4"}],"replies":[{"embeddable":true,"href":"https:\/\/www.hoecker.eu\/blog\/wp-json\/wp\/v2\/comments?post=9146"}],"version-history":[{"count":1,"href":"https:\/\/www.hoecker.eu\/blog\/wp-json\/wp\/v2\/posts\/9146\/revisions"}],"predecessor-version":[{"id":9147,"href":"https:\/\/www.hoecker.eu\/blog\/wp-json\/wp\/v2\/posts\/9146\/revisions\/9147"}],"wp:attachment":[{"href":"https:\/\/www.hoecker.eu\/blog\/wp-json\/wp\/v2\/media?parent=9146"}],"wp:term":[{"taxonomy":"category","embeddable":true,"href":"https:\/\/www.hoecker.eu\/blog\/wp-json\/wp\/v2\/categories?post=9146"},{"taxonomy":"post_tag","embeddable":true,"href":"https:\/\/www.hoecker.eu\/blog\/wp-json\/wp\/v2\/tags?post=9146"},{"taxonomy":"hashtags","embeddable":true,"href":"https:\/\/www.hoecker.eu\/blog\/wp-json\/wp\/v2\/hashtags?post=9146"},{"taxonomy":"author","embeddable":true,"href":"https:\/\/www.hoecker.eu\/blog\/wp-json\/wp\/v2\/ppma_author?post=9146"}],"curies":[{"name":"wp","href":"https:\/\/api.w.org\/{rel}","templated":true}]}}