{"id":9132,"date":"2024-12-17T20:37:36","date_gmt":"2024-12-17T19:37:36","guid":{"rendered":"https:\/\/www.hoecker.eu\/blog\/?p=9132"},"modified":"2025-02-17T14:53:02","modified_gmt":"2025-02-17T13:53:02","slug":"erfolg-vor-euipo-beschwerdekammer-markev12x-wird-geloescht","status":"publish","type":"post","link":"https:\/\/www.hoecker.eu\/blog\/erfolg-vor-euipo-beschwerdekammer-markev12x-wird-geloescht\/","title":{"rendered":"Erfolg vor EUIPO-Beschwerdekammer: Marke\u201eV12X\u201c wird gel\u00f6scht"},"content":{"rendered":"\n<p>F\u00fcr die Mandantin Rolls-Royce Power Systems AG konnte H\u00d6CKER j\u00fcngst die L\u00f6schung der Unionswortmarke \u201eV12X\u201c (Nr. 18 707 743) f\u00fcr s\u00e4mtliche angemeldeten Waren der Klasse 7, n\u00e4mlich&nbsp;<em>Motoren f\u00fcr Boote, Schiffe und station\u00e4re Anwendungen sowie deren Teile und Ersatzteile<\/em>, erfolgreich durchsetzen (EUIPO-Beschwerdekammer, Entscheidung vom 28.11.2024, Az. R 526\/2024-2, n.rk.). Damit ist die Beschwerdekammer der von H\u00d6CKER vertretenen Rechtsauffassung gefolgt, wonach die angegriffene Marke f\u00fcr die angemeldeten Waren beschreibend und nicht unterscheidungskr\u00e4ftig ist.<\/p>\n\n\n\n<h2 class=\"wp-block-heading\" id=\"h-was-war-passiert\"><strong>Was war passiert?<\/strong><\/h2>\n\n\n\n<p>Auf Antrag der Markeninhaberin wurde die Marke vom EUIPO zun\u00e4chst am 28.10.2022 eingetragen, wobei im Rahmen der Pr\u00fcfung der Markenanmeldung augenscheinlich nicht die gebotene Sorgfalt aufgewandt wurde. Denn andernfalls h\u00e4tte auffallen m\u00fcssen, dass der Eintragung der Marke absolute Eintragungshindernisse entgegenstehen: Das Zeichen besteht insbesondere aus einer beschreibenden Angabe, weil \u201eV12\u201c im Zusammenhang mit den relevanten Waren ohne Weiteres als Hinweis auf einen Zw\u00f6lfzylindermotor zu verstehen ist. Auch das Element \u201eX\u201c ist als Merkmal in dem Sinne zu identifizieren, dass der so bezeichnete V-12-Motor n\u00e4her charakterisiert wird, z.B. als besonders leistungsstark oder als Motor der zehnten (\u201eX\u201c) Generation. \u00dcberraschenderweise verschloss sich jedoch auch die mit dem gegen die Markeneintragung gerichteten L\u00f6schungsantrag befasste L\u00f6schungskammer des EUIPO diesem Zeichenverst\u00e4ndnis (EUIPO, Entscheidung vom 18.01.2024, Az. C 57 523). Zur Begr\u00fcndung verwies die L\u00f6schungsabteilung u.a. darauf, dass das lexikalisch nicht nachweisbare Zeichen in seiner Gesamtheit f\u00fcr die ma\u00dfgeblichen Verkehrskreise ohne klaren Bedeutungsgehalt und damit nicht zur Bezeichnung von Merkmalen der verfahrensgegenst\u00e4ndlichen Waren geeignet sei. Auch dar\u00fcber hinaus sei eine mangelnde Unterscheidungskraft der Marke nicht feststellbar.<\/p>\n\n\n\n<h2 class=\"wp-block-heading\" id=\"h-beschwerdekammer-hebt-vorinstanz-auf\"><strong>Beschwerdekammer hebt Vorinstanz auf<\/strong><\/h2>\n\n\n\n<p>Die gegen die Entscheidung der L\u00f6schungsabteilung gerichtete Beschwerde hatte vollumf\u00e4nglich Erfolg: Die blo\u00dfe Aneinanderreihung der beiden beschreibenden Bestandteile \u201eV12\u201c und \u201eX\u201c sei nicht geeignet, der angegriffenen Marke ihren beschreibenden Charakter zu nehmen, so die zutreffende Argumentation der Beschwerdekammer. Es entstehe insbesondere keine neue, von den Zeichenbestandteilen unabh\u00e4ngige oder \u00fcber diese hinausgehende Bedeutung. Au\u00dferdem ginge der angegriffenen Marke selbst dann jede Unterscheidungskraft ab, wenn der Buchstabe \u201eX\u201c nur als Einzelbuchstabe ohne genaue Bedeutung aufzufassen w\u00e4re. Kombinationen aus Zahlen und Buchstaben w\u00fcrden im relevanten Markt nicht als Herkunftshinweis, sondern als blo\u00dfe Typenbezeichnung verstanden.<\/p>\n\n\n\n<p>Rechts- und Fachanwalt f\u00fcr gewerblichen Rechtsschutz Dr. Ren\u00e9 Rosenau: \u201e<em>Es ist sehr erfreulich, dass die Beschwerdekammer die eklatante Fehleinsch\u00e4tzung sowohl von Pr\u00fcfungs- als auch L\u00f6schungsabteilung nachtr\u00e4glich korrigiert und die L\u00f6schung der nicht eintragungsf\u00e4higen Marke angeordnet hat.<\/em>\u201c<\/p>\n","protected":false},"excerpt":{"rendered":"<p>F\u00fcr die Mandantin Rolls-Royce Power Systems AG konnte H\u00d6CKER j\u00fcngst die L\u00f6schung der Unionswortmarke \u201eV12X\u201c (Nr. 18 707 743) f\u00fcr s\u00e4mtliche angemeldeten Waren der Klasse 7, n\u00e4mlich&nbsp;Motoren f\u00fcr Boote, Schiffe und station\u00e4re Anwendungen sowie deren Teile und Ersatzteile, erfolgreich durchsetzen (EUIPO-Beschwerdekammer, Entscheidung vom 28.11.2024, Az. R 526\/2024-2, n.rk.). Damit ist die Beschwerdekammer der von H\u00d6CKER [&hellip;]<\/p>\n","protected":false},"author":3,"featured_media":0,"comment_status":"closed","ping_status":"closed","sticky":false,"template":"","format":"standard","meta":{"_has_post_settings":[],"footnotes":""},"categories":[15],"tags":[],"hashtags":[],"ppma_author":[51],"class_list":["post-9132","post","type-post","status-publish","format-standard","hentry","category-news","author-jgraebig"],"yoast_head":"<!-- This site is optimized with the Yoast SEO Premium plugin v25.9 (Yoast SEO v27.0) - https:\/\/yoast.com\/product\/yoast-seo-premium-wordpress\/ -->\n<title>Erfolg vor EUIPO-Beschwerdekammer: Marke\u201eV12X\u201c wird gel\u00f6scht - H\u00d6CKER - der Blog<\/title>\n<meta name=\"robots\" content=\"index, follow, max-snippet:-1, max-image-preview:large, max-video-preview:-1\" \/>\n<link rel=\"canonical\" href=\"https:\/\/www.hoecker.eu\/blog\/erfolg-vor-euipo-beschwerdekammer-markev12x-wird-geloescht\/\" \/>\n<meta property=\"og:locale\" content=\"de_DE\" \/>\n<meta property=\"og:type\" content=\"article\" \/>\n<meta property=\"og:title\" content=\"Erfolg vor EUIPO-Beschwerdekammer: Marke\u201eV12X\u201c wird gel\u00f6scht\" \/>\n<meta property=\"og:description\" content=\"F\u00fcr die Mandantin Rolls-Royce Power Systems AG konnte H\u00d6CKER j\u00fcngst die L\u00f6schung der Unionswortmarke \u201eV12X\u201c (Nr. 18 707 743) f\u00fcr s\u00e4mtliche angemeldeten Waren der Klasse 7, n\u00e4mlich&nbsp;Motoren f\u00fcr Boote, Schiffe und station\u00e4re Anwendungen sowie deren Teile und Ersatzteile, erfolgreich durchsetzen (EUIPO-Beschwerdekammer, Entscheidung vom 28.11.2024, Az. R 526\/2024-2, n.rk.). Damit ist die Beschwerdekammer der von H\u00d6CKER [&hellip;]\" \/>\n<meta property=\"og:url\" content=\"https:\/\/www.hoecker.eu\/blog\/erfolg-vor-euipo-beschwerdekammer-markev12x-wird-geloescht\/\" \/>\n<meta property=\"og:site_name\" content=\"H\u00d6CKER - der Blog\" \/>\n<meta property=\"article:publisher\" content=\"https:\/\/www.facebook.com\/HoeckerRAe\/\" \/>\n<meta property=\"article:published_time\" content=\"2024-12-17T19:37:36+00:00\" \/>\n<meta property=\"article:modified_time\" content=\"2025-02-17T13:53:02+00:00\" \/>\n<meta name=\"author\" content=\"Dr. Johannes Gr\u00e4big\" \/>\n<meta name=\"twitter:card\" content=\"summary_large_image\" \/>\n<meta name=\"twitter:creator\" content=\"@hoecker_rae\" \/>\n<meta name=\"twitter:site\" content=\"@hoecker_rae\" \/>\n<meta name=\"twitter:label1\" content=\"Verfasst von\" \/>\n\t<meta name=\"twitter:data1\" content=\"Dr. Johannes Gr\u00e4big\" \/>\n\t<meta name=\"twitter:label2\" content=\"Gesch\u00e4tzte Lesezeit\" \/>\n\t<meta name=\"twitter:data2\" content=\"3\u00a0Minuten\" \/>\n<script type=\"application\/ld+json\" class=\"yoast-schema-graph\">{\"@context\":\"https:\/\/schema.org\",\"@graph\":[{\"@type\":\"Article\",\"@id\":\"https:\/\/www.hoecker.eu\/blog\/erfolg-vor-euipo-beschwerdekammer-markev12x-wird-geloescht\/#article\",\"isPartOf\":{\"@id\":\"https:\/\/www.hoecker.eu\/blog\/erfolg-vor-euipo-beschwerdekammer-markev12x-wird-geloescht\/\"},\"author\":{\"name\":\"Dr. Johannes Gr\u00e4big\",\"@id\":\"https:\/\/www.hoecker.eu\/blog\/#\/schema\/person\/510665b1361609f5dfd1c142ca7a706f\"},\"headline\":\"Erfolg vor EUIPO-Beschwerdekammer: Marke\u201eV12X\u201c wird gel\u00f6scht\",\"datePublished\":\"2024-12-17T19:37:36+00:00\",\"dateModified\":\"2025-02-17T13:53:02+00:00\",\"mainEntityOfPage\":{\"@id\":\"https:\/\/www.hoecker.eu\/blog\/erfolg-vor-euipo-beschwerdekammer-markev12x-wird-geloescht\/\"},\"wordCount\":424,\"publisher\":{\"@id\":\"https:\/\/www.hoecker.eu\/blog\/#organization\"},\"articleSection\":[\"News\"],\"inLanguage\":\"de\"},{\"@type\":\"WebPage\",\"@id\":\"https:\/\/www.hoecker.eu\/blog\/erfolg-vor-euipo-beschwerdekammer-markev12x-wird-geloescht\/\",\"url\":\"https:\/\/www.hoecker.eu\/blog\/erfolg-vor-euipo-beschwerdekammer-markev12x-wird-geloescht\/\",\"name\":\"Erfolg vor EUIPO-Beschwerdekammer: Marke\u201eV12X\u201c wird gel\u00f6scht - H\u00d6CKER - der Blog\",\"isPartOf\":{\"@id\":\"https:\/\/www.hoecker.eu\/blog\/#website\"},\"datePublished\":\"2024-12-17T19:37:36+00:00\",\"dateModified\":\"2025-02-17T13:53:02+00:00\",\"breadcrumb\":{\"@id\":\"https:\/\/www.hoecker.eu\/blog\/erfolg-vor-euipo-beschwerdekammer-markev12x-wird-geloescht\/#breadcrumb\"},\"inLanguage\":\"de\",\"potentialAction\":[{\"@type\":\"ReadAction\",\"target\":[\"https:\/\/www.hoecker.eu\/blog\/erfolg-vor-euipo-beschwerdekammer-markev12x-wird-geloescht\/\"]}]},{\"@type\":\"BreadcrumbList\",\"@id\":\"https:\/\/www.hoecker.eu\/blog\/erfolg-vor-euipo-beschwerdekammer-markev12x-wird-geloescht\/#breadcrumb\",\"itemListElement\":[{\"@type\":\"ListItem\",\"position\":1,\"name\":\"Startseite\",\"item\":\"https:\/\/dev.hoecker.eu\/blog\/\"},{\"@type\":\"ListItem\",\"position\":2,\"name\":\"Erfolg vor EUIPO-Beschwerdekammer: Marke\u201eV12X\u201c wird gel\u00f6scht\"}]},{\"@type\":\"WebSite\",\"@id\":\"https:\/\/www.hoecker.eu\/blog\/#website\",\"url\":\"https:\/\/www.hoecker.eu\/blog\/\",\"name\":\"H\u00d6CKER - der Blog\",\"description\":\"Expertenblog f\u00fcr \u00c4u\u00dferungs-, Medien-, Marken-, Urheber- und Wettbewerbsrecht.\",\"publisher\":{\"@id\":\"https:\/\/www.hoecker.eu\/blog\/#organization\"},\"potentialAction\":[{\"@type\":\"SearchAction\",\"target\":{\"@type\":\"EntryPoint\",\"urlTemplate\":\"https:\/\/www.hoecker.eu\/blog\/?s={search_term_string}\"},\"query-input\":{\"@type\":\"PropertyValueSpecification\",\"valueRequired\":true,\"valueName\":\"search_term_string\"}}],\"inLanguage\":\"de\"},{\"@type\":\"Organization\",\"@id\":\"https:\/\/www.hoecker.eu\/blog\/#organization\",\"name\":\"H\u00d6CKER Rechtsanw\u00e4lte PartGmbB\",\"alternateName\":\"H\u00d6CKER\",\"url\":\"https:\/\/www.hoecker.eu\/blog\/\",\"logo\":{\"@type\":\"ImageObject\",\"inLanguage\":\"de\",\"@id\":\"https:\/\/www.hoecker.eu\/blog\/#\/schema\/logo\/image\/\",\"url\":\"https:\/\/www.hoecker.eu\/blog\/wp-content\/uploads\/2025\/03\/Blog-Logo.webp\",\"contentUrl\":\"https:\/\/www.hoecker.eu\/blog\/wp-content\/uploads\/2025\/03\/Blog-Logo.webp\",\"width\":500,\"height\":500,\"caption\":\"H\u00d6CKER Rechtsanw\u00e4lte PartGmbB\"},\"image\":{\"@id\":\"https:\/\/www.hoecker.eu\/blog\/#\/schema\/logo\/image\/\"},\"sameAs\":[\"https:\/\/www.facebook.com\/HoeckerRAe\/\",\"https:\/\/x.com\/hoecker_rae\",\"https:\/\/www.linkedin.com\/company\/hcker-rechtsanwlte\/\",\"https:\/\/www.instagram.com\/hoecker_rae\/\"],\"email\":\"contact@hoecker.eu\",\"telephone\":\"+ 49 (0)221-933 19-10\",\"legalName\":\"H\u00d6CKER Rechtsanw\u00e4lte PartGmbB\",\"numberOfEmployees\":{\"@type\":\"QuantitativeValue\",\"minValue\":\"11\",\"maxValue\":\"50\"}},{\"@type\":\"Person\",\"@id\":\"https:\/\/www.hoecker.eu\/blog\/#\/schema\/person\/510665b1361609f5dfd1c142ca7a706f\",\"name\":\"Dr. Johannes Gr\u00e4big\",\"description\":\"Rechtsanwalt f\u00fcr IP- und Medienrecht\",\"sameAs\":[\"https:\/\/www.hoecker.eu\/wer\/dr-johannes-gr%C3%A4big\",\"https:\/\/www.linkedin.com\/in\/johannes-grbig-4996a2144\/\"],\"honorificPrefix\":\"Dr.\",\"url\":\"https:\/\/www.hoecker.eu\/blog\/author\/jgraebig\/\"}]}<\/script>\n<!-- \/ Yoast SEO Premium plugin. -->","yoast_head_json":{"title":"Erfolg vor EUIPO-Beschwerdekammer: Marke\u201eV12X\u201c wird gel\u00f6scht - H\u00d6CKER - der Blog","robots":{"index":"index","follow":"follow","max-snippet":"max-snippet:-1","max-image-preview":"max-image-preview:large","max-video-preview":"max-video-preview:-1"},"canonical":"https:\/\/www.hoecker.eu\/blog\/erfolg-vor-euipo-beschwerdekammer-markev12x-wird-geloescht\/","og_locale":"de_DE","og_type":"article","og_title":"Erfolg vor EUIPO-Beschwerdekammer: Marke\u201eV12X\u201c wird gel\u00f6scht","og_description":"F\u00fcr die Mandantin Rolls-Royce Power Systems AG konnte H\u00d6CKER j\u00fcngst die L\u00f6schung der Unionswortmarke \u201eV12X\u201c (Nr. 18 707 743) f\u00fcr s\u00e4mtliche angemeldeten Waren der Klasse 7, n\u00e4mlich&nbsp;Motoren f\u00fcr Boote, Schiffe und station\u00e4re Anwendungen sowie deren Teile und Ersatzteile, erfolgreich durchsetzen (EUIPO-Beschwerdekammer, Entscheidung vom 28.11.2024, Az. R 526\/2024-2, n.rk.). Damit ist die Beschwerdekammer der von H\u00d6CKER [&hellip;]","og_url":"https:\/\/www.hoecker.eu\/blog\/erfolg-vor-euipo-beschwerdekammer-markev12x-wird-geloescht\/","og_site_name":"H\u00d6CKER - der Blog","article_publisher":"https:\/\/www.facebook.com\/HoeckerRAe\/","article_published_time":"2024-12-17T19:37:36+00:00","article_modified_time":"2025-02-17T13:53:02+00:00","author":"Dr. Johannes Gr\u00e4big","twitter_card":"summary_large_image","twitter_creator":"@hoecker_rae","twitter_site":"@hoecker_rae","twitter_misc":{"Verfasst von":"Dr. Johannes Gr\u00e4big","Gesch\u00e4tzte Lesezeit":"3\u00a0Minuten"},"schema":{"@context":"https:\/\/schema.org","@graph":[{"@type":"Article","@id":"https:\/\/www.hoecker.eu\/blog\/erfolg-vor-euipo-beschwerdekammer-markev12x-wird-geloescht\/#article","isPartOf":{"@id":"https:\/\/www.hoecker.eu\/blog\/erfolg-vor-euipo-beschwerdekammer-markev12x-wird-geloescht\/"},"author":{"name":"Dr. Johannes Gr\u00e4big","@id":"https:\/\/www.hoecker.eu\/blog\/#\/schema\/person\/510665b1361609f5dfd1c142ca7a706f"},"headline":"Erfolg vor EUIPO-Beschwerdekammer: Marke\u201eV12X\u201c wird gel\u00f6scht","datePublished":"2024-12-17T19:37:36+00:00","dateModified":"2025-02-17T13:53:02+00:00","mainEntityOfPage":{"@id":"https:\/\/www.hoecker.eu\/blog\/erfolg-vor-euipo-beschwerdekammer-markev12x-wird-geloescht\/"},"wordCount":424,"publisher":{"@id":"https:\/\/www.hoecker.eu\/blog\/#organization"},"articleSection":["News"],"inLanguage":"de"},{"@type":"WebPage","@id":"https:\/\/www.hoecker.eu\/blog\/erfolg-vor-euipo-beschwerdekammer-markev12x-wird-geloescht\/","url":"https:\/\/www.hoecker.eu\/blog\/erfolg-vor-euipo-beschwerdekammer-markev12x-wird-geloescht\/","name":"Erfolg vor EUIPO-Beschwerdekammer: Marke\u201eV12X\u201c wird gel\u00f6scht - H\u00d6CKER - der Blog","isPartOf":{"@id":"https:\/\/www.hoecker.eu\/blog\/#website"},"datePublished":"2024-12-17T19:37:36+00:00","dateModified":"2025-02-17T13:53:02+00:00","breadcrumb":{"@id":"https:\/\/www.hoecker.eu\/blog\/erfolg-vor-euipo-beschwerdekammer-markev12x-wird-geloescht\/#breadcrumb"},"inLanguage":"de","potentialAction":[{"@type":"ReadAction","target":["https:\/\/www.hoecker.eu\/blog\/erfolg-vor-euipo-beschwerdekammer-markev12x-wird-geloescht\/"]}]},{"@type":"BreadcrumbList","@id":"https:\/\/www.hoecker.eu\/blog\/erfolg-vor-euipo-beschwerdekammer-markev12x-wird-geloescht\/#breadcrumb","itemListElement":[{"@type":"ListItem","position":1,"name":"Startseite","item":"https:\/\/dev.hoecker.eu\/blog\/"},{"@type":"ListItem","position":2,"name":"Erfolg vor EUIPO-Beschwerdekammer: Marke\u201eV12X\u201c wird gel\u00f6scht"}]},{"@type":"WebSite","@id":"https:\/\/www.hoecker.eu\/blog\/#website","url":"https:\/\/www.hoecker.eu\/blog\/","name":"H\u00d6CKER - der Blog","description":"Expertenblog f\u00fcr \u00c4u\u00dferungs-, Medien-, Marken-, Urheber- und Wettbewerbsrecht.","publisher":{"@id":"https:\/\/www.hoecker.eu\/blog\/#organization"},"potentialAction":[{"@type":"SearchAction","target":{"@type":"EntryPoint","urlTemplate":"https:\/\/www.hoecker.eu\/blog\/?s={search_term_string}"},"query-input":{"@type":"PropertyValueSpecification","valueRequired":true,"valueName":"search_term_string"}}],"inLanguage":"de"},{"@type":"Organization","@id":"https:\/\/www.hoecker.eu\/blog\/#organization","name":"H\u00d6CKER Rechtsanw\u00e4lte PartGmbB","alternateName":"H\u00d6CKER","url":"https:\/\/www.hoecker.eu\/blog\/","logo":{"@type":"ImageObject","inLanguage":"de","@id":"https:\/\/www.hoecker.eu\/blog\/#\/schema\/logo\/image\/","url":"https:\/\/www.hoecker.eu\/blog\/wp-content\/uploads\/2025\/03\/Blog-Logo.webp","contentUrl":"https:\/\/www.hoecker.eu\/blog\/wp-content\/uploads\/2025\/03\/Blog-Logo.webp","width":500,"height":500,"caption":"H\u00d6CKER Rechtsanw\u00e4lte PartGmbB"},"image":{"@id":"https:\/\/www.hoecker.eu\/blog\/#\/schema\/logo\/image\/"},"sameAs":["https:\/\/www.facebook.com\/HoeckerRAe\/","https:\/\/x.com\/hoecker_rae","https:\/\/www.linkedin.com\/company\/hcker-rechtsanwlte\/","https:\/\/www.instagram.com\/hoecker_rae\/"],"email":"contact@hoecker.eu","telephone":"+ 49 (0)221-933 19-10","legalName":"H\u00d6CKER Rechtsanw\u00e4lte PartGmbB","numberOfEmployees":{"@type":"QuantitativeValue","minValue":"11","maxValue":"50"}},{"@type":"Person","@id":"https:\/\/www.hoecker.eu\/blog\/#\/schema\/person\/510665b1361609f5dfd1c142ca7a706f","name":"Dr. Johannes Gr\u00e4big","description":"Rechtsanwalt f\u00fcr IP- und Medienrecht","sameAs":["https:\/\/www.hoecker.eu\/wer\/dr-johannes-gr%C3%A4big","https:\/\/www.linkedin.com\/in\/johannes-grbig-4996a2144\/"],"honorificPrefix":"Dr.","url":"https:\/\/www.hoecker.eu\/blog\/author\/jgraebig\/"}]}},"authors":[{"term_id":51,"user_id":3,"is_guest":0,"slug":"jgraebig","display_name":"Dr. Johannes Gr\u00e4big","avatar_url":{"url":"https:\/\/www.hoecker.eu\/blog\/wp-content\/uploads\/2025\/01\/dr.johannes.graebig.webp","url2x":"https:\/\/www.hoecker.eu\/blog\/wp-content\/uploads\/2025\/01\/dr.johannes.graebig.webp"},"0":null,"1":"","2":"","3":"","4":"","5":"","6":"","7":"","8":"","9":"","10":"","11":""}],"_links":{"self":[{"href":"https:\/\/www.hoecker.eu\/blog\/wp-json\/wp\/v2\/posts\/9132","targetHints":{"allow":["GET"]}}],"collection":[{"href":"https:\/\/www.hoecker.eu\/blog\/wp-json\/wp\/v2\/posts"}],"about":[{"href":"https:\/\/www.hoecker.eu\/blog\/wp-json\/wp\/v2\/types\/post"}],"author":[{"embeddable":true,"href":"https:\/\/www.hoecker.eu\/blog\/wp-json\/wp\/v2\/users\/3"}],"replies":[{"embeddable":true,"href":"https:\/\/www.hoecker.eu\/blog\/wp-json\/wp\/v2\/comments?post=9132"}],"version-history":[{"count":1,"href":"https:\/\/www.hoecker.eu\/blog\/wp-json\/wp\/v2\/posts\/9132\/revisions"}],"predecessor-version":[{"id":9133,"href":"https:\/\/www.hoecker.eu\/blog\/wp-json\/wp\/v2\/posts\/9132\/revisions\/9133"}],"wp:attachment":[{"href":"https:\/\/www.hoecker.eu\/blog\/wp-json\/wp\/v2\/media?parent=9132"}],"wp:term":[{"taxonomy":"category","embeddable":true,"href":"https:\/\/www.hoecker.eu\/blog\/wp-json\/wp\/v2\/categories?post=9132"},{"taxonomy":"post_tag","embeddable":true,"href":"https:\/\/www.hoecker.eu\/blog\/wp-json\/wp\/v2\/tags?post=9132"},{"taxonomy":"hashtags","embeddable":true,"href":"https:\/\/www.hoecker.eu\/blog\/wp-json\/wp\/v2\/hashtags?post=9132"},{"taxonomy":"author","embeddable":true,"href":"https:\/\/www.hoecker.eu\/blog\/wp-json\/wp\/v2\/ppma_author?post=9132"}],"curies":[{"name":"wp","href":"https:\/\/api.w.org\/{rel}","templated":true}]}}