{"id":9127,"date":"2024-12-12T20:17:36","date_gmt":"2024-12-12T19:17:36","guid":{"rendered":"https:\/\/www.hoecker.eu\/blog\/?p=9127"},"modified":"2025-02-17T14:53:03","modified_gmt":"2025-02-17T13:53:03","slug":"sieg-fuer-kunstfreiheit-platz-1-album-verteidigt","status":"publish","type":"post","link":"https:\/\/www.hoecker.eu\/blog\/sieg-fuer-kunstfreiheit-platz-1-album-verteidigt\/","title":{"rendered":"Sieg f\u00fcr Kunstfreiheit: Platz 1-Album verteidigt!"},"content":{"rendered":"\n<p>Schon das Landgericht M\u00fcnchen I hatte den Antrag auf Erlass einer Verbotsverf\u00fcgung gegen einen Song des Platz 1-Albums \u201e<em>1331<\/em>\u201c der Band Weimar in 9 von 10 Punkten zur\u00fcckgewiesen (LG M\u00fcnchen I, Urteil vom 07.11.2024, Az. 26 O 12416\/24). Nun kam es f\u00fcr die Band noch besser: Der Gegner hat seinen Verf\u00fcgungsantrag in zweiter Instanz (Az. 18 U 3949\/24) vollst\u00e4ndig zur\u00fcckgezogen.<\/p>\n\n\n\n<h2 class=\"wp-block-heading\" id=\"h-was-war-passiert\"><strong>Was war passiert?<\/strong><\/h2>\n\n\n\n<p>Vor kurzem erschien das zweite Album der Band Weimar, das in den deutschen Albumcharts Platz 1 belegte. In dem Song \u201e<em>Manifest II<\/em>\u201c aus der gleichnamigen Trilogie setzt sich die Band auch k\u00fcnstlerisch mit einem YouTuber und Band-Kritiker auseinander, der sich \u00f6ffentlich als \u201eAussteiger\u201c aus dem Rotlicht- und Rockermilieu inszeniert. Der Songtext thematisiert dabei die kriminelle Vergangenheit des YouTubers und wirft die Frage nach seiner Glaubw\u00fcrdigkeit auf.<\/p>\n\n\n\n<p>Vor Gericht lie\u00df der YouTuber u.a. vortragen, er sei nie Zuh\u00e4lter, sondern \u2013 so w\u00f6rtlich \u2013 \u201e<em>Gesch\u00e4ftspartner von Prostituierten<\/em>\u201c gewesen, dies obwohl er sich \u00f6ffentlich selbst als ehemaligen \u201e<em>Zuh\u00e4lter<\/em>\u201c bezeichnet hatte. Mit seinem Verbotsantrag erlitt er deshalb eine Bruchlandung, das Landgericht M\u00fcnchen I wies 9 von 10 angegriffenen Punkten zur\u00fcck. Allein die Bezeichnung \u201e<em>Menschenh\u00e4ndler<\/em>\u201c wurde verboten. Es handele sich um eine Herabw\u00fcrdigung ohne belastbare Ankn\u00fcpfungstatsachen.<\/p>\n\n\n\n<h2 class=\"wp-block-heading\" id=\"h-neue-beweismittel-tauchen-nachtraglich-auf\"><strong>Neue Beweismittel tauchen nachtr\u00e4glich auf<\/strong><\/h2>\n\n\n\n<p>Der entscheidende Hinweis kam aus dem \u201e<em>Weimar Kollektiv<\/em>\u201c, der Fangemeinde der Band: Es kursierten n\u00e4mlich zwei YouTube-Videos, in denen der YouTuber seine fr\u00fcheren Aktivit\u00e4ten im Rotlichtmilieu selbst als \u201e<em>Menschenhandel<\/em>\u201c bezeichnet. Die Band entschied sich daher dazu, Berufung beim Oberlandesgericht M\u00fcnchen einzulegen. Einer Aufhebung des Verbots kam der YouTuber nun zuvor, indem er seinen Verf\u00fcgungsantrag vollst\u00e4ndig, also in allen 10 Punkten, zur\u00fccknahm.<\/p>\n\n\n\n<p>Rechtsanwalt Dr. Christoph Schmischke: \u201e<em>Wer nicht \u00f6ffentlich als \u201aZuh\u00e4lter\u2018 bezeichnet werden m\u00f6chte, der sollte auch seine zeitlich zur\u00fcckliegenden Aktivit\u00e4ten im Rotlichtmilieu nicht \u00f6ffentlich thematisieren. Der Einwand, man sei \u201aAussteiger\u2018 und habe die Vergangenheit hinter sich gelassen, zieht erstmal nicht. Denn die Aussteiger-Story kann man glauben, muss man aber nicht.\u201c<\/em><\/p>\n\n\n\n<p>Rechts- und Fachanwalt f\u00fcr gewerblichen Rechtsschutz Dr. Ren\u00e9 Rosenau: \u201e<em>Zwar gilt irgendwann das<\/em>&nbsp;<em>\u201aRecht auf Vergessen\u2018. Darauf kann man sich aber dann nicht berufen, wenn man die Umst\u00e4nde, die man aus dem \u00f6ffentlichen Ged\u00e4chtnis tilgen will, selbst st\u00e4ndig \u00f6ffentlich thematisiert.<\/em>\u201c<\/p>\n","protected":false},"excerpt":{"rendered":"<p>Schon das Landgericht M\u00fcnchen I hatte den Antrag auf Erlass einer Verbotsverf\u00fcgung gegen einen Song des Platz 1-Albums \u201e1331\u201c der Band Weimar in 9 von 10 Punkten zur\u00fcckgewiesen (LG M\u00fcnchen I, Urteil vom 07.11.2024, Az. 26 O 12416\/24). Nun kam es f\u00fcr die Band noch besser: Der Gegner hat seinen Verf\u00fcgungsantrag in zweiter Instanz (Az. [&hellip;]<\/p>\n","protected":false},"author":3,"featured_media":0,"comment_status":"closed","ping_status":"closed","sticky":false,"template":"","format":"standard","meta":{"_has_post_settings":[],"footnotes":""},"categories":[15],"tags":[],"hashtags":[],"ppma_author":[51],"class_list":["post-9127","post","type-post","status-publish","format-standard","hentry","category-news","author-jgraebig"],"yoast_head":"<!-- This site is optimized with the Yoast SEO Premium plugin v25.9 (Yoast SEO v27.0) - https:\/\/yoast.com\/product\/yoast-seo-premium-wordpress\/ -->\n<title>Sieg f\u00fcr Kunstfreiheit: Platz 1-Album verteidigt! - H\u00d6CKER - der Blog<\/title>\n<meta name=\"robots\" content=\"index, follow, max-snippet:-1, max-image-preview:large, max-video-preview:-1\" \/>\n<link rel=\"canonical\" href=\"https:\/\/www.hoecker.eu\/blog\/sieg-fuer-kunstfreiheit-platz-1-album-verteidigt\/\" \/>\n<meta property=\"og:locale\" content=\"de_DE\" \/>\n<meta property=\"og:type\" content=\"article\" \/>\n<meta property=\"og:title\" content=\"Sieg f\u00fcr Kunstfreiheit: Platz 1-Album verteidigt!\" \/>\n<meta property=\"og:description\" content=\"Schon das Landgericht M\u00fcnchen I hatte den Antrag auf Erlass einer Verbotsverf\u00fcgung gegen einen Song des Platz 1-Albums \u201e1331\u201c der Band Weimar in 9 von 10 Punkten zur\u00fcckgewiesen (LG M\u00fcnchen I, Urteil vom 07.11.2024, Az. 26 O 12416\/24). Nun kam es f\u00fcr die Band noch besser: Der Gegner hat seinen Verf\u00fcgungsantrag in zweiter Instanz (Az. [&hellip;]\" \/>\n<meta property=\"og:url\" content=\"https:\/\/www.hoecker.eu\/blog\/sieg-fuer-kunstfreiheit-platz-1-album-verteidigt\/\" \/>\n<meta property=\"og:site_name\" content=\"H\u00d6CKER - der Blog\" \/>\n<meta property=\"article:publisher\" content=\"https:\/\/www.facebook.com\/HoeckerRAe\/\" \/>\n<meta property=\"article:published_time\" content=\"2024-12-12T19:17:36+00:00\" \/>\n<meta property=\"article:modified_time\" content=\"2025-02-17T13:53:03+00:00\" \/>\n<meta name=\"author\" content=\"Dr. Johannes Gr\u00e4big\" \/>\n<meta name=\"twitter:card\" content=\"summary_large_image\" \/>\n<meta name=\"twitter:creator\" content=\"@hoecker_rae\" \/>\n<meta name=\"twitter:site\" content=\"@hoecker_rae\" \/>\n<meta name=\"twitter:label1\" content=\"Verfasst von\" \/>\n\t<meta name=\"twitter:data1\" content=\"Dr. Johannes Gr\u00e4big\" \/>\n\t<meta name=\"twitter:label2\" content=\"Gesch\u00e4tzte Lesezeit\" \/>\n\t<meta name=\"twitter:data2\" content=\"2\u00a0Minuten\" \/>\n<script type=\"application\/ld+json\" class=\"yoast-schema-graph\">{\"@context\":\"https:\/\/schema.org\",\"@graph\":[{\"@type\":\"Article\",\"@id\":\"https:\/\/www.hoecker.eu\/blog\/sieg-fuer-kunstfreiheit-platz-1-album-verteidigt\/#article\",\"isPartOf\":{\"@id\":\"https:\/\/www.hoecker.eu\/blog\/sieg-fuer-kunstfreiheit-platz-1-album-verteidigt\/\"},\"author\":{\"name\":\"Dr. Johannes Gr\u00e4big\",\"@id\":\"https:\/\/www.hoecker.eu\/blog\/#\/schema\/person\/510665b1361609f5dfd1c142ca7a706f\"},\"headline\":\"Sieg f\u00fcr Kunstfreiheit: Platz 1-Album verteidigt!\",\"datePublished\":\"2024-12-12T19:17:36+00:00\",\"dateModified\":\"2025-02-17T13:53:03+00:00\",\"mainEntityOfPage\":{\"@id\":\"https:\/\/www.hoecker.eu\/blog\/sieg-fuer-kunstfreiheit-platz-1-album-verteidigt\/\"},\"wordCount\":379,\"publisher\":{\"@id\":\"https:\/\/www.hoecker.eu\/blog\/#organization\"},\"articleSection\":[\"News\"],\"inLanguage\":\"de\"},{\"@type\":\"WebPage\",\"@id\":\"https:\/\/www.hoecker.eu\/blog\/sieg-fuer-kunstfreiheit-platz-1-album-verteidigt\/\",\"url\":\"https:\/\/www.hoecker.eu\/blog\/sieg-fuer-kunstfreiheit-platz-1-album-verteidigt\/\",\"name\":\"Sieg f\u00fcr Kunstfreiheit: Platz 1-Album verteidigt! - H\u00d6CKER - der Blog\",\"isPartOf\":{\"@id\":\"https:\/\/www.hoecker.eu\/blog\/#website\"},\"datePublished\":\"2024-12-12T19:17:36+00:00\",\"dateModified\":\"2025-02-17T13:53:03+00:00\",\"breadcrumb\":{\"@id\":\"https:\/\/www.hoecker.eu\/blog\/sieg-fuer-kunstfreiheit-platz-1-album-verteidigt\/#breadcrumb\"},\"inLanguage\":\"de\",\"potentialAction\":[{\"@type\":\"ReadAction\",\"target\":[\"https:\/\/www.hoecker.eu\/blog\/sieg-fuer-kunstfreiheit-platz-1-album-verteidigt\/\"]}]},{\"@type\":\"BreadcrumbList\",\"@id\":\"https:\/\/www.hoecker.eu\/blog\/sieg-fuer-kunstfreiheit-platz-1-album-verteidigt\/#breadcrumb\",\"itemListElement\":[{\"@type\":\"ListItem\",\"position\":1,\"name\":\"Startseite\",\"item\":\"https:\/\/dev.hoecker.eu\/blog\/\"},{\"@type\":\"ListItem\",\"position\":2,\"name\":\"Sieg f\u00fcr Kunstfreiheit: Platz 1-Album verteidigt!\"}]},{\"@type\":\"WebSite\",\"@id\":\"https:\/\/www.hoecker.eu\/blog\/#website\",\"url\":\"https:\/\/www.hoecker.eu\/blog\/\",\"name\":\"H\u00d6CKER - der Blog\",\"description\":\"Expertenblog f\u00fcr \u00c4u\u00dferungs-, Medien-, Marken-, Urheber- und Wettbewerbsrecht.\",\"publisher\":{\"@id\":\"https:\/\/www.hoecker.eu\/blog\/#organization\"},\"potentialAction\":[{\"@type\":\"SearchAction\",\"target\":{\"@type\":\"EntryPoint\",\"urlTemplate\":\"https:\/\/www.hoecker.eu\/blog\/?s={search_term_string}\"},\"query-input\":{\"@type\":\"PropertyValueSpecification\",\"valueRequired\":true,\"valueName\":\"search_term_string\"}}],\"inLanguage\":\"de\"},{\"@type\":\"Organization\",\"@id\":\"https:\/\/www.hoecker.eu\/blog\/#organization\",\"name\":\"H\u00d6CKER Rechtsanw\u00e4lte PartGmbB\",\"alternateName\":\"H\u00d6CKER\",\"url\":\"https:\/\/www.hoecker.eu\/blog\/\",\"logo\":{\"@type\":\"ImageObject\",\"inLanguage\":\"de\",\"@id\":\"https:\/\/www.hoecker.eu\/blog\/#\/schema\/logo\/image\/\",\"url\":\"https:\/\/www.hoecker.eu\/blog\/wp-content\/uploads\/2025\/03\/Blog-Logo.webp\",\"contentUrl\":\"https:\/\/www.hoecker.eu\/blog\/wp-content\/uploads\/2025\/03\/Blog-Logo.webp\",\"width\":500,\"height\":500,\"caption\":\"H\u00d6CKER Rechtsanw\u00e4lte PartGmbB\"},\"image\":{\"@id\":\"https:\/\/www.hoecker.eu\/blog\/#\/schema\/logo\/image\/\"},\"sameAs\":[\"https:\/\/www.facebook.com\/HoeckerRAe\/\",\"https:\/\/x.com\/hoecker_rae\",\"https:\/\/www.linkedin.com\/company\/hcker-rechtsanwlte\/\",\"https:\/\/www.instagram.com\/hoecker_rae\/\"],\"email\":\"contact@hoecker.eu\",\"telephone\":\"+ 49 (0)221-933 19-10\",\"legalName\":\"H\u00d6CKER Rechtsanw\u00e4lte PartGmbB\",\"numberOfEmployees\":{\"@type\":\"QuantitativeValue\",\"minValue\":\"11\",\"maxValue\":\"50\"}},{\"@type\":\"Person\",\"@id\":\"https:\/\/www.hoecker.eu\/blog\/#\/schema\/person\/510665b1361609f5dfd1c142ca7a706f\",\"name\":\"Dr. Johannes Gr\u00e4big\",\"description\":\"Rechtsanwalt f\u00fcr IP- und Medienrecht\",\"sameAs\":[\"https:\/\/www.hoecker.eu\/wer\/dr-johannes-gr%C3%A4big\",\"https:\/\/www.linkedin.com\/in\/johannes-grbig-4996a2144\/\"],\"honorificPrefix\":\"Dr.\",\"url\":\"https:\/\/www.hoecker.eu\/blog\/author\/jgraebig\/\"}]}<\/script>\n<!-- \/ Yoast SEO Premium plugin. -->","yoast_head_json":{"title":"Sieg f\u00fcr Kunstfreiheit: Platz 1-Album verteidigt! - H\u00d6CKER - der Blog","robots":{"index":"index","follow":"follow","max-snippet":"max-snippet:-1","max-image-preview":"max-image-preview:large","max-video-preview":"max-video-preview:-1"},"canonical":"https:\/\/www.hoecker.eu\/blog\/sieg-fuer-kunstfreiheit-platz-1-album-verteidigt\/","og_locale":"de_DE","og_type":"article","og_title":"Sieg f\u00fcr Kunstfreiheit: Platz 1-Album verteidigt!","og_description":"Schon das Landgericht M\u00fcnchen I hatte den Antrag auf Erlass einer Verbotsverf\u00fcgung gegen einen Song des Platz 1-Albums \u201e1331\u201c der Band Weimar in 9 von 10 Punkten zur\u00fcckgewiesen (LG M\u00fcnchen I, Urteil vom 07.11.2024, Az. 26 O 12416\/24). Nun kam es f\u00fcr die Band noch besser: Der Gegner hat seinen Verf\u00fcgungsantrag in zweiter Instanz (Az. [&hellip;]","og_url":"https:\/\/www.hoecker.eu\/blog\/sieg-fuer-kunstfreiheit-platz-1-album-verteidigt\/","og_site_name":"H\u00d6CKER - der Blog","article_publisher":"https:\/\/www.facebook.com\/HoeckerRAe\/","article_published_time":"2024-12-12T19:17:36+00:00","article_modified_time":"2025-02-17T13:53:03+00:00","author":"Dr. Johannes Gr\u00e4big","twitter_card":"summary_large_image","twitter_creator":"@hoecker_rae","twitter_site":"@hoecker_rae","twitter_misc":{"Verfasst von":"Dr. Johannes Gr\u00e4big","Gesch\u00e4tzte Lesezeit":"2\u00a0Minuten"},"schema":{"@context":"https:\/\/schema.org","@graph":[{"@type":"Article","@id":"https:\/\/www.hoecker.eu\/blog\/sieg-fuer-kunstfreiheit-platz-1-album-verteidigt\/#article","isPartOf":{"@id":"https:\/\/www.hoecker.eu\/blog\/sieg-fuer-kunstfreiheit-platz-1-album-verteidigt\/"},"author":{"name":"Dr. Johannes Gr\u00e4big","@id":"https:\/\/www.hoecker.eu\/blog\/#\/schema\/person\/510665b1361609f5dfd1c142ca7a706f"},"headline":"Sieg f\u00fcr Kunstfreiheit: Platz 1-Album verteidigt!","datePublished":"2024-12-12T19:17:36+00:00","dateModified":"2025-02-17T13:53:03+00:00","mainEntityOfPage":{"@id":"https:\/\/www.hoecker.eu\/blog\/sieg-fuer-kunstfreiheit-platz-1-album-verteidigt\/"},"wordCount":379,"publisher":{"@id":"https:\/\/www.hoecker.eu\/blog\/#organization"},"articleSection":["News"],"inLanguage":"de"},{"@type":"WebPage","@id":"https:\/\/www.hoecker.eu\/blog\/sieg-fuer-kunstfreiheit-platz-1-album-verteidigt\/","url":"https:\/\/www.hoecker.eu\/blog\/sieg-fuer-kunstfreiheit-platz-1-album-verteidigt\/","name":"Sieg f\u00fcr Kunstfreiheit: Platz 1-Album verteidigt! - H\u00d6CKER - der Blog","isPartOf":{"@id":"https:\/\/www.hoecker.eu\/blog\/#website"},"datePublished":"2024-12-12T19:17:36+00:00","dateModified":"2025-02-17T13:53:03+00:00","breadcrumb":{"@id":"https:\/\/www.hoecker.eu\/blog\/sieg-fuer-kunstfreiheit-platz-1-album-verteidigt\/#breadcrumb"},"inLanguage":"de","potentialAction":[{"@type":"ReadAction","target":["https:\/\/www.hoecker.eu\/blog\/sieg-fuer-kunstfreiheit-platz-1-album-verteidigt\/"]}]},{"@type":"BreadcrumbList","@id":"https:\/\/www.hoecker.eu\/blog\/sieg-fuer-kunstfreiheit-platz-1-album-verteidigt\/#breadcrumb","itemListElement":[{"@type":"ListItem","position":1,"name":"Startseite","item":"https:\/\/dev.hoecker.eu\/blog\/"},{"@type":"ListItem","position":2,"name":"Sieg f\u00fcr Kunstfreiheit: Platz 1-Album verteidigt!"}]},{"@type":"WebSite","@id":"https:\/\/www.hoecker.eu\/blog\/#website","url":"https:\/\/www.hoecker.eu\/blog\/","name":"H\u00d6CKER - der Blog","description":"Expertenblog f\u00fcr \u00c4u\u00dferungs-, Medien-, Marken-, Urheber- und Wettbewerbsrecht.","publisher":{"@id":"https:\/\/www.hoecker.eu\/blog\/#organization"},"potentialAction":[{"@type":"SearchAction","target":{"@type":"EntryPoint","urlTemplate":"https:\/\/www.hoecker.eu\/blog\/?s={search_term_string}"},"query-input":{"@type":"PropertyValueSpecification","valueRequired":true,"valueName":"search_term_string"}}],"inLanguage":"de"},{"@type":"Organization","@id":"https:\/\/www.hoecker.eu\/blog\/#organization","name":"H\u00d6CKER Rechtsanw\u00e4lte PartGmbB","alternateName":"H\u00d6CKER","url":"https:\/\/www.hoecker.eu\/blog\/","logo":{"@type":"ImageObject","inLanguage":"de","@id":"https:\/\/www.hoecker.eu\/blog\/#\/schema\/logo\/image\/","url":"https:\/\/www.hoecker.eu\/blog\/wp-content\/uploads\/2025\/03\/Blog-Logo.webp","contentUrl":"https:\/\/www.hoecker.eu\/blog\/wp-content\/uploads\/2025\/03\/Blog-Logo.webp","width":500,"height":500,"caption":"H\u00d6CKER Rechtsanw\u00e4lte PartGmbB"},"image":{"@id":"https:\/\/www.hoecker.eu\/blog\/#\/schema\/logo\/image\/"},"sameAs":["https:\/\/www.facebook.com\/HoeckerRAe\/","https:\/\/x.com\/hoecker_rae","https:\/\/www.linkedin.com\/company\/hcker-rechtsanwlte\/","https:\/\/www.instagram.com\/hoecker_rae\/"],"email":"contact@hoecker.eu","telephone":"+ 49 (0)221-933 19-10","legalName":"H\u00d6CKER Rechtsanw\u00e4lte PartGmbB","numberOfEmployees":{"@type":"QuantitativeValue","minValue":"11","maxValue":"50"}},{"@type":"Person","@id":"https:\/\/www.hoecker.eu\/blog\/#\/schema\/person\/510665b1361609f5dfd1c142ca7a706f","name":"Dr. Johannes Gr\u00e4big","description":"Rechtsanwalt f\u00fcr IP- und Medienrecht","sameAs":["https:\/\/www.hoecker.eu\/wer\/dr-johannes-gr%C3%A4big","https:\/\/www.linkedin.com\/in\/johannes-grbig-4996a2144\/"],"honorificPrefix":"Dr.","url":"https:\/\/www.hoecker.eu\/blog\/author\/jgraebig\/"}]}},"authors":[{"term_id":51,"user_id":3,"is_guest":0,"slug":"jgraebig","display_name":"Dr. Johannes Gr\u00e4big","avatar_url":{"url":"https:\/\/www.hoecker.eu\/blog\/wp-content\/uploads\/2025\/01\/dr.johannes.graebig.webp","url2x":"https:\/\/www.hoecker.eu\/blog\/wp-content\/uploads\/2025\/01\/dr.johannes.graebig.webp"},"0":null,"1":"","2":"","3":"","4":"","5":"","6":"","7":"","8":"","9":"","10":"","11":""}],"_links":{"self":[{"href":"https:\/\/www.hoecker.eu\/blog\/wp-json\/wp\/v2\/posts\/9127","targetHints":{"allow":["GET"]}}],"collection":[{"href":"https:\/\/www.hoecker.eu\/blog\/wp-json\/wp\/v2\/posts"}],"about":[{"href":"https:\/\/www.hoecker.eu\/blog\/wp-json\/wp\/v2\/types\/post"}],"author":[{"embeddable":true,"href":"https:\/\/www.hoecker.eu\/blog\/wp-json\/wp\/v2\/users\/3"}],"replies":[{"embeddable":true,"href":"https:\/\/www.hoecker.eu\/blog\/wp-json\/wp\/v2\/comments?post=9127"}],"version-history":[{"count":1,"href":"https:\/\/www.hoecker.eu\/blog\/wp-json\/wp\/v2\/posts\/9127\/revisions"}],"predecessor-version":[{"id":9128,"href":"https:\/\/www.hoecker.eu\/blog\/wp-json\/wp\/v2\/posts\/9127\/revisions\/9128"}],"wp:attachment":[{"href":"https:\/\/www.hoecker.eu\/blog\/wp-json\/wp\/v2\/media?parent=9127"}],"wp:term":[{"taxonomy":"category","embeddable":true,"href":"https:\/\/www.hoecker.eu\/blog\/wp-json\/wp\/v2\/categories?post=9127"},{"taxonomy":"post_tag","embeddable":true,"href":"https:\/\/www.hoecker.eu\/blog\/wp-json\/wp\/v2\/tags?post=9127"},{"taxonomy":"hashtags","embeddable":true,"href":"https:\/\/www.hoecker.eu\/blog\/wp-json\/wp\/v2\/hashtags?post=9127"},{"taxonomy":"author","embeddable":true,"href":"https:\/\/www.hoecker.eu\/blog\/wp-json\/wp\/v2\/ppma_author?post=9127"}],"curies":[{"name":"wp","href":"https:\/\/api.w.org\/{rel}","templated":true}]}}