{"id":8864,"date":"2015-12-01T22:00:00","date_gmt":"2015-12-01T21:00:00","guid":{"rendered":"https:\/\/www.hoecker.eu\/blog\/moderne-pranger-unzulaessig-auch-fuer-den-asta-der-uni-frankfurt-gelten-keine-sonderregeln-2\/"},"modified":"2025-02-17T15:03:59","modified_gmt":"2025-02-17T14:03:59","slug":"moderne-pranger-unzulaessig-auch-fuer-den-asta-der-uni-frankfurt-gelten-keine-sonderregeln-2","status":"publish","type":"post","link":"https:\/\/www.hoecker.eu\/blog\/moderne-pranger-unzulaessig-auch-fuer-den-asta-der-uni-frankfurt-gelten-keine-sonderregeln-2\/","title":{"rendered":"Moderne Pranger unzul\u00e4ssig: Auch f\u00fcr den AStA der Uni Frankfurt gelten keine Sonderregeln."},"content":{"rendered":"<p>H\u00d6CKER ist vor dem Oberlandesgericht Frankfurt a.M. (Az. 16 W 63\/15) erfolgreich gegen den Allgemeinen Studierendenausschuss (AStA) der Goethe-Universit\u00e4t Frankfurt vorgegangen. In der Sommerausgabe seiner kostenlosen Zeitung ver\u00f6ffentlichte der AStA zwei Beitr\u00e4ge, die sich mit sog. Verf\u00fchrungsk\u00fcnstlern (\u201ePick-Up-Artists\u201c) besch\u00e4ftigten. Der AStA hob dabei einen Studenten heraus, zeigte sein Foto und nannte seinen Namen. Dies f\u00fchrte dazu, dass Leser den Studenten bedrohten und Hausw\u00e4nde eines Vereins, in dem er ehrenamtlich t\u00e4tig ist, mit Graffiti beschmierten.<\/p>\n<p>Dieser Form eines modernen Prangers schob nun das OLG Frankfurt a.M. einen Riegel vor: Die Richter betonten, dass eine Identifizierbarmachung nur erlaubt sei, wenn gerade der Name und die Identit\u00e4t des Betroffenen einen eigenen Informationswert besitzt. Da das generelle Interesse an der T\u00e4tigkeit eines Pick-Up-Artists nach Ansicht der Richter auch ohne namentliche Nennung befriedigt werden k\u00f6nne, wurde der AStA zur Unterlassung verurteilt. Das Gericht f\u00fchrte in diesem Zusammenhang aus, dass sich der AStA als Teil einer \u00f6ffentlichen K\u00f6rperschaft nicht auf Grundrechte berufen k\u00f6nne. Dies bleibe Privaten vorbehalten.<\/p>\n","protected":false},"excerpt":{"rendered":"<p>H\u00d6CKER ist vor dem Oberlandesgericht Frankfurt a.M. (Az. 16 W 63\/15) erfolgreich gegen den Allgemeinen Studierendenausschuss (AStA) der Goethe-Universit\u00e4t Frankfurt vorgegangen. In der Sommerausgabe seiner kostenlosen Zeitung ver\u00f6ffentlichte der AStA zwei Beitr\u00e4ge, die sich mit sog. Verf\u00fchrungsk\u00fcnstlern (\u201ePick-Up-Artists\u201c) besch\u00e4ftigten. Der AStA hob dabei einen Studenten heraus, zeigte sein Foto und nannte seinen Namen. Dies f\u00fchrte [&hellip;]<\/p>\n","protected":false},"author":1,"featured_media":0,"comment_status":"closed","ping_status":"closed","sticky":false,"template":"","format":"standard","meta":{"_has_post_settings":[],"footnotes":""},"categories":[15],"tags":[],"hashtags":[],"ppma_author":[84],"class_list":["post-8864","post","type-post","status-publish","format-standard","hentry","category-news","author-hoecker_adm"],"yoast_head":"<!-- This site is optimized with the Yoast SEO Premium plugin v25.9 (Yoast SEO v27.0) - https:\/\/yoast.com\/product\/yoast-seo-premium-wordpress\/ -->\n<title>Moderne Pranger unzul\u00e4ssig: Auch f\u00fcr den AStA der Uni Frankfurt gelten keine Sonderregeln. - H\u00d6CKER - der Blog<\/title>\n<meta name=\"robots\" content=\"index, follow, max-snippet:-1, max-image-preview:large, max-video-preview:-1\" \/>\n<link rel=\"canonical\" href=\"https:\/\/www.hoecker.eu\/blog\/moderne-pranger-unzulaessig-auch-fuer-den-asta-der-uni-frankfurt-gelten-keine-sonderregeln-2\/\" \/>\n<meta property=\"og:locale\" content=\"de_DE\" \/>\n<meta property=\"og:type\" content=\"article\" \/>\n<meta property=\"og:title\" content=\"Moderne Pranger unzul\u00e4ssig: Auch f\u00fcr den AStA der Uni Frankfurt gelten keine Sonderregeln.\" \/>\n<meta property=\"og:description\" content=\"H\u00d6CKER ist vor dem Oberlandesgericht Frankfurt a.M. (Az. 16 W 63\/15) erfolgreich gegen den Allgemeinen Studierendenausschuss (AStA) der Goethe-Universit\u00e4t Frankfurt vorgegangen. In der Sommerausgabe seiner kostenlosen Zeitung ver\u00f6ffentlichte der AStA zwei Beitr\u00e4ge, die sich mit sog. Verf\u00fchrungsk\u00fcnstlern (\u201ePick-Up-Artists\u201c) besch\u00e4ftigten. Der AStA hob dabei einen Studenten heraus, zeigte sein Foto und nannte seinen Namen. Dies f\u00fchrte [&hellip;]\" \/>\n<meta property=\"og:url\" content=\"https:\/\/www.hoecker.eu\/blog\/moderne-pranger-unzulaessig-auch-fuer-den-asta-der-uni-frankfurt-gelten-keine-sonderregeln-2\/\" \/>\n<meta property=\"og:site_name\" content=\"H\u00d6CKER - der Blog\" \/>\n<meta property=\"article:publisher\" content=\"https:\/\/www.facebook.com\/HoeckerRAe\/\" \/>\n<meta property=\"article:author\" content=\"https:\/\/www.facebook.com\/ralf.hoecker\" \/>\n<meta property=\"article:published_time\" content=\"2015-12-01T21:00:00+00:00\" \/>\n<meta property=\"article:modified_time\" content=\"2025-02-17T14:03:59+00:00\" \/>\n<meta name=\"author\" content=\"Prof. Dr. Ralf H\u00f6cker\" \/>\n<meta name=\"twitter:card\" content=\"summary_large_image\" \/>\n<meta name=\"twitter:creator\" content=\"@Ralf_Hoecker\" \/>\n<meta name=\"twitter:site\" content=\"@hoecker_rae\" \/>\n<meta name=\"twitter:label1\" content=\"Verfasst von\" \/>\n\t<meta name=\"twitter:data1\" content=\"Prof. Dr. Ralf H\u00f6cker\" \/>\n\t<meta name=\"twitter:label2\" content=\"Gesch\u00e4tzte Lesezeit\" \/>\n\t<meta name=\"twitter:data2\" content=\"1\u00a0Minute\" \/>\n<script type=\"application\/ld+json\" class=\"yoast-schema-graph\">{\"@context\":\"https:\/\/schema.org\",\"@graph\":[{\"@type\":\"Article\",\"@id\":\"https:\/\/www.hoecker.eu\/blog\/moderne-pranger-unzulaessig-auch-fuer-den-asta-der-uni-frankfurt-gelten-keine-sonderregeln-2\/#article\",\"isPartOf\":{\"@id\":\"https:\/\/www.hoecker.eu\/blog\/moderne-pranger-unzulaessig-auch-fuer-den-asta-der-uni-frankfurt-gelten-keine-sonderregeln-2\/\"},\"author\":{\"name\":\"Prof. Dr. Ralf H\u00f6cker\",\"@id\":\"https:\/\/www.hoecker.eu\/blog\/#\/schema\/person\/08f95581eed0534eccd0b2438f7a1cab\"},\"headline\":\"Moderne Pranger unzul\u00e4ssig: Auch f\u00fcr den AStA der Uni Frankfurt gelten keine Sonderregeln.\",\"datePublished\":\"2015-12-01T21:00:00+00:00\",\"dateModified\":\"2025-02-17T14:03:59+00:00\",\"mainEntityOfPage\":{\"@id\":\"https:\/\/www.hoecker.eu\/blog\/moderne-pranger-unzulaessig-auch-fuer-den-asta-der-uni-frankfurt-gelten-keine-sonderregeln-2\/\"},\"wordCount\":192,\"publisher\":{\"@id\":\"https:\/\/www.hoecker.eu\/blog\/#organization\"},\"articleSection\":[\"News\"],\"inLanguage\":\"de\"},{\"@type\":\"WebPage\",\"@id\":\"https:\/\/www.hoecker.eu\/blog\/moderne-pranger-unzulaessig-auch-fuer-den-asta-der-uni-frankfurt-gelten-keine-sonderregeln-2\/\",\"url\":\"https:\/\/www.hoecker.eu\/blog\/moderne-pranger-unzulaessig-auch-fuer-den-asta-der-uni-frankfurt-gelten-keine-sonderregeln-2\/\",\"name\":\"Moderne Pranger unzul\u00e4ssig: Auch f\u00fcr den AStA der Uni Frankfurt gelten keine Sonderregeln. - H\u00d6CKER - der Blog\",\"isPartOf\":{\"@id\":\"https:\/\/www.hoecker.eu\/blog\/#website\"},\"datePublished\":\"2015-12-01T21:00:00+00:00\",\"dateModified\":\"2025-02-17T14:03:59+00:00\",\"breadcrumb\":{\"@id\":\"https:\/\/www.hoecker.eu\/blog\/moderne-pranger-unzulaessig-auch-fuer-den-asta-der-uni-frankfurt-gelten-keine-sonderregeln-2\/#breadcrumb\"},\"inLanguage\":\"de\",\"potentialAction\":[{\"@type\":\"ReadAction\",\"target\":[\"https:\/\/www.hoecker.eu\/blog\/moderne-pranger-unzulaessig-auch-fuer-den-asta-der-uni-frankfurt-gelten-keine-sonderregeln-2\/\"]}]},{\"@type\":\"BreadcrumbList\",\"@id\":\"https:\/\/www.hoecker.eu\/blog\/moderne-pranger-unzulaessig-auch-fuer-den-asta-der-uni-frankfurt-gelten-keine-sonderregeln-2\/#breadcrumb\",\"itemListElement\":[{\"@type\":\"ListItem\",\"position\":1,\"name\":\"Startseite\",\"item\":\"https:\/\/dev.hoecker.eu\/blog\/\"},{\"@type\":\"ListItem\",\"position\":2,\"name\":\"Moderne Pranger unzul\u00e4ssig: Auch f\u00fcr den AStA der Uni Frankfurt gelten keine Sonderregeln.\"}]},{\"@type\":\"WebSite\",\"@id\":\"https:\/\/www.hoecker.eu\/blog\/#website\",\"url\":\"https:\/\/www.hoecker.eu\/blog\/\",\"name\":\"H\u00d6CKER - der Blog\",\"description\":\"Expertenblog f\u00fcr \u00c4u\u00dferungs-, Medien-, Marken-, Urheber- und Wettbewerbsrecht.\",\"publisher\":{\"@id\":\"https:\/\/www.hoecker.eu\/blog\/#organization\"},\"potentialAction\":[{\"@type\":\"SearchAction\",\"target\":{\"@type\":\"EntryPoint\",\"urlTemplate\":\"https:\/\/www.hoecker.eu\/blog\/?s={search_term_string}\"},\"query-input\":{\"@type\":\"PropertyValueSpecification\",\"valueRequired\":true,\"valueName\":\"search_term_string\"}}],\"inLanguage\":\"de\"},{\"@type\":\"Organization\",\"@id\":\"https:\/\/www.hoecker.eu\/blog\/#organization\",\"name\":\"H\u00d6CKER Rechtsanw\u00e4lte PartGmbB\",\"alternateName\":\"H\u00d6CKER\",\"url\":\"https:\/\/www.hoecker.eu\/blog\/\",\"logo\":{\"@type\":\"ImageObject\",\"inLanguage\":\"de\",\"@id\":\"https:\/\/www.hoecker.eu\/blog\/#\/schema\/logo\/image\/\",\"url\":\"https:\/\/www.hoecker.eu\/blog\/wp-content\/uploads\/2025\/03\/Blog-Logo.webp\",\"contentUrl\":\"https:\/\/www.hoecker.eu\/blog\/wp-content\/uploads\/2025\/03\/Blog-Logo.webp\",\"width\":500,\"height\":500,\"caption\":\"H\u00d6CKER Rechtsanw\u00e4lte PartGmbB\"},\"image\":{\"@id\":\"https:\/\/www.hoecker.eu\/blog\/#\/schema\/logo\/image\/\"},\"sameAs\":[\"https:\/\/www.facebook.com\/HoeckerRAe\/\",\"https:\/\/x.com\/hoecker_rae\",\"https:\/\/www.linkedin.com\/company\/hcker-rechtsanwlte\/\",\"https:\/\/www.instagram.com\/hoecker_rae\/\"],\"email\":\"contact@hoecker.eu\",\"telephone\":\"+ 49 (0)221-933 19-10\",\"legalName\":\"H\u00d6CKER Rechtsanw\u00e4lte PartGmbB\",\"numberOfEmployees\":{\"@type\":\"QuantitativeValue\",\"minValue\":\"11\",\"maxValue\":\"50\"}},{\"@type\":\"Person\",\"@id\":\"https:\/\/www.hoecker.eu\/blog\/#\/schema\/person\/08f95581eed0534eccd0b2438f7a1cab\",\"name\":\"Prof. Dr. Ralf H\u00f6cker\",\"description\":\"Medienanwalt. Besch\u00fctzer vor mieser Presse\",\"sameAs\":[\"https:\/\/www.hoecker.eu\/wer\/prof-dr-ralf-hoecker\",\"https:\/\/www.facebook.com\/ralf.hoecker\",\"https:\/\/www.linkedin.com\/in\/prof-dr-ralf-hcker-ll-m-london-17987826\/\",\"https:\/\/x.com\/Ralf_Hoecker\"],\"url\":\"https:\/\/www.hoecker.eu\/blog\/author\/hoecker_adm\/\"}]}<\/script>\n<!-- \/ Yoast SEO Premium plugin. -->","yoast_head_json":{"title":"Moderne Pranger unzul\u00e4ssig: Auch f\u00fcr den AStA der Uni Frankfurt gelten keine Sonderregeln. - H\u00d6CKER - der Blog","robots":{"index":"index","follow":"follow","max-snippet":"max-snippet:-1","max-image-preview":"max-image-preview:large","max-video-preview":"max-video-preview:-1"},"canonical":"https:\/\/www.hoecker.eu\/blog\/moderne-pranger-unzulaessig-auch-fuer-den-asta-der-uni-frankfurt-gelten-keine-sonderregeln-2\/","og_locale":"de_DE","og_type":"article","og_title":"Moderne Pranger unzul\u00e4ssig: Auch f\u00fcr den AStA der Uni Frankfurt gelten keine Sonderregeln.","og_description":"H\u00d6CKER ist vor dem Oberlandesgericht Frankfurt a.M. (Az. 16 W 63\/15) erfolgreich gegen den Allgemeinen Studierendenausschuss (AStA) der Goethe-Universit\u00e4t Frankfurt vorgegangen. In der Sommerausgabe seiner kostenlosen Zeitung ver\u00f6ffentlichte der AStA zwei Beitr\u00e4ge, die sich mit sog. Verf\u00fchrungsk\u00fcnstlern (\u201ePick-Up-Artists\u201c) besch\u00e4ftigten. Der AStA hob dabei einen Studenten heraus, zeigte sein Foto und nannte seinen Namen. Dies f\u00fchrte [&hellip;]","og_url":"https:\/\/www.hoecker.eu\/blog\/moderne-pranger-unzulaessig-auch-fuer-den-asta-der-uni-frankfurt-gelten-keine-sonderregeln-2\/","og_site_name":"H\u00d6CKER - der Blog","article_publisher":"https:\/\/www.facebook.com\/HoeckerRAe\/","article_author":"https:\/\/www.facebook.com\/ralf.hoecker","article_published_time":"2015-12-01T21:00:00+00:00","article_modified_time":"2025-02-17T14:03:59+00:00","author":"Prof. Dr. Ralf H\u00f6cker","twitter_card":"summary_large_image","twitter_creator":"@Ralf_Hoecker","twitter_site":"@hoecker_rae","twitter_misc":{"Verfasst von":"Prof. Dr. Ralf H\u00f6cker","Gesch\u00e4tzte Lesezeit":"1\u00a0Minute"},"schema":{"@context":"https:\/\/schema.org","@graph":[{"@type":"Article","@id":"https:\/\/www.hoecker.eu\/blog\/moderne-pranger-unzulaessig-auch-fuer-den-asta-der-uni-frankfurt-gelten-keine-sonderregeln-2\/#article","isPartOf":{"@id":"https:\/\/www.hoecker.eu\/blog\/moderne-pranger-unzulaessig-auch-fuer-den-asta-der-uni-frankfurt-gelten-keine-sonderregeln-2\/"},"author":{"name":"Prof. Dr. Ralf H\u00f6cker","@id":"https:\/\/www.hoecker.eu\/blog\/#\/schema\/person\/08f95581eed0534eccd0b2438f7a1cab"},"headline":"Moderne Pranger unzul\u00e4ssig: Auch f\u00fcr den AStA der Uni Frankfurt gelten keine Sonderregeln.","datePublished":"2015-12-01T21:00:00+00:00","dateModified":"2025-02-17T14:03:59+00:00","mainEntityOfPage":{"@id":"https:\/\/www.hoecker.eu\/blog\/moderne-pranger-unzulaessig-auch-fuer-den-asta-der-uni-frankfurt-gelten-keine-sonderregeln-2\/"},"wordCount":192,"publisher":{"@id":"https:\/\/www.hoecker.eu\/blog\/#organization"},"articleSection":["News"],"inLanguage":"de"},{"@type":"WebPage","@id":"https:\/\/www.hoecker.eu\/blog\/moderne-pranger-unzulaessig-auch-fuer-den-asta-der-uni-frankfurt-gelten-keine-sonderregeln-2\/","url":"https:\/\/www.hoecker.eu\/blog\/moderne-pranger-unzulaessig-auch-fuer-den-asta-der-uni-frankfurt-gelten-keine-sonderregeln-2\/","name":"Moderne Pranger unzul\u00e4ssig: Auch f\u00fcr den AStA der Uni Frankfurt gelten keine Sonderregeln. - H\u00d6CKER - der Blog","isPartOf":{"@id":"https:\/\/www.hoecker.eu\/blog\/#website"},"datePublished":"2015-12-01T21:00:00+00:00","dateModified":"2025-02-17T14:03:59+00:00","breadcrumb":{"@id":"https:\/\/www.hoecker.eu\/blog\/moderne-pranger-unzulaessig-auch-fuer-den-asta-der-uni-frankfurt-gelten-keine-sonderregeln-2\/#breadcrumb"},"inLanguage":"de","potentialAction":[{"@type":"ReadAction","target":["https:\/\/www.hoecker.eu\/blog\/moderne-pranger-unzulaessig-auch-fuer-den-asta-der-uni-frankfurt-gelten-keine-sonderregeln-2\/"]}]},{"@type":"BreadcrumbList","@id":"https:\/\/www.hoecker.eu\/blog\/moderne-pranger-unzulaessig-auch-fuer-den-asta-der-uni-frankfurt-gelten-keine-sonderregeln-2\/#breadcrumb","itemListElement":[{"@type":"ListItem","position":1,"name":"Startseite","item":"https:\/\/dev.hoecker.eu\/blog\/"},{"@type":"ListItem","position":2,"name":"Moderne Pranger unzul\u00e4ssig: Auch f\u00fcr den AStA der Uni Frankfurt gelten keine Sonderregeln."}]},{"@type":"WebSite","@id":"https:\/\/www.hoecker.eu\/blog\/#website","url":"https:\/\/www.hoecker.eu\/blog\/","name":"H\u00d6CKER - der Blog","description":"Expertenblog f\u00fcr \u00c4u\u00dferungs-, Medien-, Marken-, Urheber- und Wettbewerbsrecht.","publisher":{"@id":"https:\/\/www.hoecker.eu\/blog\/#organization"},"potentialAction":[{"@type":"SearchAction","target":{"@type":"EntryPoint","urlTemplate":"https:\/\/www.hoecker.eu\/blog\/?s={search_term_string}"},"query-input":{"@type":"PropertyValueSpecification","valueRequired":true,"valueName":"search_term_string"}}],"inLanguage":"de"},{"@type":"Organization","@id":"https:\/\/www.hoecker.eu\/blog\/#organization","name":"H\u00d6CKER Rechtsanw\u00e4lte PartGmbB","alternateName":"H\u00d6CKER","url":"https:\/\/www.hoecker.eu\/blog\/","logo":{"@type":"ImageObject","inLanguage":"de","@id":"https:\/\/www.hoecker.eu\/blog\/#\/schema\/logo\/image\/","url":"https:\/\/www.hoecker.eu\/blog\/wp-content\/uploads\/2025\/03\/Blog-Logo.webp","contentUrl":"https:\/\/www.hoecker.eu\/blog\/wp-content\/uploads\/2025\/03\/Blog-Logo.webp","width":500,"height":500,"caption":"H\u00d6CKER Rechtsanw\u00e4lte PartGmbB"},"image":{"@id":"https:\/\/www.hoecker.eu\/blog\/#\/schema\/logo\/image\/"},"sameAs":["https:\/\/www.facebook.com\/HoeckerRAe\/","https:\/\/x.com\/hoecker_rae","https:\/\/www.linkedin.com\/company\/hcker-rechtsanwlte\/","https:\/\/www.instagram.com\/hoecker_rae\/"],"email":"contact@hoecker.eu","telephone":"+ 49 (0)221-933 19-10","legalName":"H\u00d6CKER Rechtsanw\u00e4lte PartGmbB","numberOfEmployees":{"@type":"QuantitativeValue","minValue":"11","maxValue":"50"}},{"@type":"Person","@id":"https:\/\/www.hoecker.eu\/blog\/#\/schema\/person\/08f95581eed0534eccd0b2438f7a1cab","name":"Prof. Dr. Ralf H\u00f6cker","description":"Medienanwalt. Besch\u00fctzer vor mieser Presse","sameAs":["https:\/\/www.hoecker.eu\/wer\/prof-dr-ralf-hoecker","https:\/\/www.facebook.com\/ralf.hoecker","https:\/\/www.linkedin.com\/in\/prof-dr-ralf-hcker-ll-m-london-17987826\/","https:\/\/x.com\/Ralf_Hoecker"],"url":"https:\/\/www.hoecker.eu\/blog\/author\/hoecker_adm\/"}]}},"authors":[{"term_id":84,"user_id":1,"is_guest":0,"slug":"hoecker_adm","display_name":"Prof. Dr. Ralf H\u00f6cker","avatar_url":{"url":"https:\/\/www.hoecker.eu\/blog\/wp-content\/uploads\/2023\/12\/ProfDrRalfHoecker.jpg","url2x":"https:\/\/www.hoecker.eu\/blog\/wp-content\/uploads\/2023\/12\/ProfDrRalfHoecker.jpg"},"0":null,"1":"","2":"","3":"","4":"","5":"","6":"","7":"","8":"","9":"","10":"","11":""}],"_links":{"self":[{"href":"https:\/\/www.hoecker.eu\/blog\/wp-json\/wp\/v2\/posts\/8864","targetHints":{"allow":["GET"]}}],"collection":[{"href":"https:\/\/www.hoecker.eu\/blog\/wp-json\/wp\/v2\/posts"}],"about":[{"href":"https:\/\/www.hoecker.eu\/blog\/wp-json\/wp\/v2\/types\/post"}],"author":[{"embeddable":true,"href":"https:\/\/www.hoecker.eu\/blog\/wp-json\/wp\/v2\/users\/1"}],"replies":[{"embeddable":true,"href":"https:\/\/www.hoecker.eu\/blog\/wp-json\/wp\/v2\/comments?post=8864"}],"version-history":[{"count":1,"href":"https:\/\/www.hoecker.eu\/blog\/wp-json\/wp\/v2\/posts\/8864\/revisions"}],"predecessor-version":[{"id":9986,"href":"https:\/\/www.hoecker.eu\/blog\/wp-json\/wp\/v2\/posts\/8864\/revisions\/9986"}],"wp:attachment":[{"href":"https:\/\/www.hoecker.eu\/blog\/wp-json\/wp\/v2\/media?parent=8864"}],"wp:term":[{"taxonomy":"category","embeddable":true,"href":"https:\/\/www.hoecker.eu\/blog\/wp-json\/wp\/v2\/categories?post=8864"},{"taxonomy":"post_tag","embeddable":true,"href":"https:\/\/www.hoecker.eu\/blog\/wp-json\/wp\/v2\/tags?post=8864"},{"taxonomy":"hashtags","embeddable":true,"href":"https:\/\/www.hoecker.eu\/blog\/wp-json\/wp\/v2\/hashtags?post=8864"},{"taxonomy":"author","embeddable":true,"href":"https:\/\/www.hoecker.eu\/blog\/wp-json\/wp\/v2\/ppma_author?post=8864"}],"curies":[{"name":"wp","href":"https:\/\/api.w.org\/{rel}","templated":true}]}}