{"id":8863,"date":"2016-05-08T00:44:18","date_gmt":"2016-05-07T22:44:18","guid":{"rendered":"https:\/\/www.hoecker.eu\/blog\/bundesverfassungsgericht-gibt-verfassungsbeschwerde-der-anzeigenerstatterin-im-fall-kachelmann-statt\/"},"modified":"2025-02-17T15:03:58","modified_gmt":"2025-02-17T14:03:58","slug":"bundesverfassungsgericht-gibt-verfassungsbeschwerde-der-anzeigenerstatterin-im-fall-kachelmann-statt","status":"publish","type":"post","link":"https:\/\/www.hoecker.eu\/blog\/bundesverfassungsgericht-gibt-verfassungsbeschwerde-der-anzeigenerstatterin-im-fall-kachelmann-statt\/","title":{"rendered":"Bundesverfassungsgericht gibt Verfassungsbeschwerde der Anzeigenerstatterin im Fall Kachelmann statt"},"content":{"rendered":"<p>Das Bundesverfassungsgericht hat eine Entscheidung des Oberlandesgerichts K\u00f6ln aufgehoben, mit der der Anzeigenerstatterin verboten worden war, unseren Mandanten J\u00f6rg Kachelmann nach dessen Freispruch weiterhin der Vergewaltigung zu bezichtigen. Das Bundesverfassungsgericht st\u00fcrzte die Entscheidung (Az. 1 BvR 2844\/13) auf zwei Aspekte:&nbsp;<\/p>\n<p>Zum ersten weist es darauf hin, dass im Strafverfahren gegen unseren Mandanten nicht gekl\u00e4rt werden konnte, ob die Angaben der Anzeigenerstatterin oder die des Herrn Kachelmann der Wahrheit entsprechen.<\/p>\n<p>Zum zweiten stellte das Bundesverfassungsgericht darauf ab, dass auch unser Mandant sich nach seinem Freispruch mit Stellungnahmen \u00fcber die Anzeigenerstatterin an die \u00d6ffentlichkeit gewandt hatte.&nbsp;<a href=\"http:\/\/www.bundesverfassungsgericht.de\/SharedDocs\/Entscheidungen\/DE\/2016\/03\/rk20160310_1bvr284413.html\">Artikel<\/a><\/p>\n<p>Das Bundesverfassungsgericht hat den Fall zur erneuten Entscheidung an das Oberlandesgericht K\u00f6ln zur\u00fcckverwiesen. Dort wird zu ber\u00fccksichtigen sein, dass vor dem Oberlandesgericht Frankfurt derzeit ein Zivilverfahren unseres Mandanten J\u00f6rg Kachelmann gegen die Anzeigeerstatterin l\u00e4uft. Von diesem Verfahren erhoffen wir uns endlich eine Verurteilung der Anzeigenerstatterin als Falschbeschuldigerin.<\/p>\n<blockquote><p>&#8220;Umso wichtiger ist es nun, dass das OLG Frankfurt ein f\u00fcr alle Mal feststellt, dass das angebliche Opfer die Tat nur vorget\u00e4uscht und sich die Verletzungen selbst zugef\u00fcgt hat. Zum Gl\u00fcck ist der vom Gericht beauftragte Rechtsmediziner k\u00fcrzlich ganz eindeutig zu diesem Ergebnis gekommen. Wir erhoffen uns, dass das Gericht seiner Expertise folgt und die Frau als das verurteilt, was sie ist: eine T\u00e4terin und kein Opfer.&#8221;<\/p><\/blockquote>\n<p>RA Prof. Dr. Ralf H\u00f6cker<\/p>\n<p><\/p>\n","protected":false},"excerpt":{"rendered":"<p>Das Bundesverfassungsgericht hat eine Entscheidung des Oberlandesgerichts K\u00f6ln aufgehoben, mit der der Anzeigenerstatterin verboten worden war, unseren Mandanten J\u00f6rg Kachelmann nach dessen Freispruch weiterhin der Vergewaltigung zu bezichtigen. Das Bundesverfassungsgericht st\u00fcrzte die Entscheidung (Az. 1 BvR 2844\/13) auf zwei Aspekte:&nbsp; Zum ersten weist es darauf hin, dass im Strafverfahren gegen unseren Mandanten nicht gekl\u00e4rt werden [&hellip;]<\/p>\n","protected":false},"author":1,"featured_media":0,"comment_status":"closed","ping_status":"closed","sticky":false,"template":"","format":"standard","meta":{"_has_post_settings":[],"footnotes":""},"categories":[15],"tags":[],"hashtags":[],"ppma_author":[84],"class_list":["post-8863","post","type-post","status-publish","format-standard","hentry","category-news","author-hoecker_adm"],"yoast_head":"<!-- This site is optimized with the Yoast SEO Premium plugin v25.9 (Yoast SEO v27.0) - https:\/\/yoast.com\/product\/yoast-seo-premium-wordpress\/ -->\n<title>Bundesverfassungsgericht gibt Verfassungsbeschwerde der Anzeigenerstatterin im Fall Kachelmann statt - H\u00d6CKER - der Blog<\/title>\n<meta name=\"robots\" content=\"index, follow, max-snippet:-1, max-image-preview:large, max-video-preview:-1\" \/>\n<link rel=\"canonical\" href=\"https:\/\/www.hoecker.eu\/blog\/bundesverfassungsgericht-gibt-verfassungsbeschwerde-der-anzeigenerstatterin-im-fall-kachelmann-statt\/\" \/>\n<meta property=\"og:locale\" content=\"de_DE\" \/>\n<meta property=\"og:type\" content=\"article\" \/>\n<meta property=\"og:title\" content=\"Bundesverfassungsgericht gibt Verfassungsbeschwerde der Anzeigenerstatterin im Fall Kachelmann statt\" \/>\n<meta property=\"og:description\" content=\"Das Bundesverfassungsgericht hat eine Entscheidung des Oberlandesgerichts K\u00f6ln aufgehoben, mit der der Anzeigenerstatterin verboten worden war, unseren Mandanten J\u00f6rg Kachelmann nach dessen Freispruch weiterhin der Vergewaltigung zu bezichtigen. Das Bundesverfassungsgericht st\u00fcrzte die Entscheidung (Az. 1 BvR 2844\/13) auf zwei Aspekte:&nbsp; Zum ersten weist es darauf hin, dass im Strafverfahren gegen unseren Mandanten nicht gekl\u00e4rt werden [&hellip;]\" \/>\n<meta property=\"og:url\" content=\"https:\/\/www.hoecker.eu\/blog\/bundesverfassungsgericht-gibt-verfassungsbeschwerde-der-anzeigenerstatterin-im-fall-kachelmann-statt\/\" \/>\n<meta property=\"og:site_name\" content=\"H\u00d6CKER - der Blog\" \/>\n<meta property=\"article:publisher\" content=\"https:\/\/www.facebook.com\/HoeckerRAe\/\" \/>\n<meta property=\"article:author\" content=\"https:\/\/www.facebook.com\/ralf.hoecker\" \/>\n<meta property=\"article:published_time\" content=\"2016-05-07T22:44:18+00:00\" \/>\n<meta property=\"article:modified_time\" content=\"2025-02-17T14:03:58+00:00\" \/>\n<meta name=\"author\" content=\"Prof. Dr. Ralf H\u00f6cker\" \/>\n<meta name=\"twitter:card\" content=\"summary_large_image\" \/>\n<meta name=\"twitter:creator\" content=\"@Ralf_Hoecker\" \/>\n<meta name=\"twitter:site\" content=\"@hoecker_rae\" \/>\n<meta name=\"twitter:label1\" content=\"Verfasst von\" \/>\n\t<meta name=\"twitter:data1\" content=\"Prof. Dr. Ralf H\u00f6cker\" \/>\n\t<meta name=\"twitter:label2\" content=\"Gesch\u00e4tzte Lesezeit\" \/>\n\t<meta name=\"twitter:data2\" content=\"1\u00a0Minute\" \/>\n<script type=\"application\/ld+json\" class=\"yoast-schema-graph\">{\"@context\":\"https:\/\/schema.org\",\"@graph\":[{\"@type\":\"Article\",\"@id\":\"https:\/\/www.hoecker.eu\/blog\/bundesverfassungsgericht-gibt-verfassungsbeschwerde-der-anzeigenerstatterin-im-fall-kachelmann-statt\/#article\",\"isPartOf\":{\"@id\":\"https:\/\/www.hoecker.eu\/blog\/bundesverfassungsgericht-gibt-verfassungsbeschwerde-der-anzeigenerstatterin-im-fall-kachelmann-statt\/\"},\"author\":{\"name\":\"Prof. Dr. Ralf H\u00f6cker\",\"@id\":\"https:\/\/www.hoecker.eu\/blog\/#\/schema\/person\/08f95581eed0534eccd0b2438f7a1cab\"},\"headline\":\"Bundesverfassungsgericht gibt Verfassungsbeschwerde der Anzeigenerstatterin im Fall Kachelmann statt\",\"datePublished\":\"2016-05-07T22:44:18+00:00\",\"dateModified\":\"2025-02-17T14:03:58+00:00\",\"mainEntityOfPage\":{\"@id\":\"https:\/\/www.hoecker.eu\/blog\/bundesverfassungsgericht-gibt-verfassungsbeschwerde-der-anzeigenerstatterin-im-fall-kachelmann-statt\/\"},\"wordCount\":239,\"publisher\":{\"@id\":\"https:\/\/www.hoecker.eu\/blog\/#organization\"},\"articleSection\":[\"News\"],\"inLanguage\":\"de\"},{\"@type\":\"WebPage\",\"@id\":\"https:\/\/www.hoecker.eu\/blog\/bundesverfassungsgericht-gibt-verfassungsbeschwerde-der-anzeigenerstatterin-im-fall-kachelmann-statt\/\",\"url\":\"https:\/\/www.hoecker.eu\/blog\/bundesverfassungsgericht-gibt-verfassungsbeschwerde-der-anzeigenerstatterin-im-fall-kachelmann-statt\/\",\"name\":\"Bundesverfassungsgericht gibt Verfassungsbeschwerde der Anzeigenerstatterin im Fall Kachelmann statt - H\u00d6CKER - der Blog\",\"isPartOf\":{\"@id\":\"https:\/\/www.hoecker.eu\/blog\/#website\"},\"datePublished\":\"2016-05-07T22:44:18+00:00\",\"dateModified\":\"2025-02-17T14:03:58+00:00\",\"breadcrumb\":{\"@id\":\"https:\/\/www.hoecker.eu\/blog\/bundesverfassungsgericht-gibt-verfassungsbeschwerde-der-anzeigenerstatterin-im-fall-kachelmann-statt\/#breadcrumb\"},\"inLanguage\":\"de\",\"potentialAction\":[{\"@type\":\"ReadAction\",\"target\":[\"https:\/\/www.hoecker.eu\/blog\/bundesverfassungsgericht-gibt-verfassungsbeschwerde-der-anzeigenerstatterin-im-fall-kachelmann-statt\/\"]}]},{\"@type\":\"BreadcrumbList\",\"@id\":\"https:\/\/www.hoecker.eu\/blog\/bundesverfassungsgericht-gibt-verfassungsbeschwerde-der-anzeigenerstatterin-im-fall-kachelmann-statt\/#breadcrumb\",\"itemListElement\":[{\"@type\":\"ListItem\",\"position\":1,\"name\":\"Startseite\",\"item\":\"https:\/\/dev.hoecker.eu\/blog\/\"},{\"@type\":\"ListItem\",\"position\":2,\"name\":\"Bundesverfassungsgericht gibt Verfassungsbeschwerde der Anzeigenerstatterin im Fall Kachelmann statt\"}]},{\"@type\":\"WebSite\",\"@id\":\"https:\/\/www.hoecker.eu\/blog\/#website\",\"url\":\"https:\/\/www.hoecker.eu\/blog\/\",\"name\":\"H\u00d6CKER - der Blog\",\"description\":\"Expertenblog f\u00fcr \u00c4u\u00dferungs-, Medien-, Marken-, Urheber- und Wettbewerbsrecht.\",\"publisher\":{\"@id\":\"https:\/\/www.hoecker.eu\/blog\/#organization\"},\"potentialAction\":[{\"@type\":\"SearchAction\",\"target\":{\"@type\":\"EntryPoint\",\"urlTemplate\":\"https:\/\/www.hoecker.eu\/blog\/?s={search_term_string}\"},\"query-input\":{\"@type\":\"PropertyValueSpecification\",\"valueRequired\":true,\"valueName\":\"search_term_string\"}}],\"inLanguage\":\"de\"},{\"@type\":\"Organization\",\"@id\":\"https:\/\/www.hoecker.eu\/blog\/#organization\",\"name\":\"H\u00d6CKER Rechtsanw\u00e4lte PartGmbB\",\"alternateName\":\"H\u00d6CKER\",\"url\":\"https:\/\/www.hoecker.eu\/blog\/\",\"logo\":{\"@type\":\"ImageObject\",\"inLanguage\":\"de\",\"@id\":\"https:\/\/www.hoecker.eu\/blog\/#\/schema\/logo\/image\/\",\"url\":\"https:\/\/www.hoecker.eu\/blog\/wp-content\/uploads\/2025\/03\/Blog-Logo.webp\",\"contentUrl\":\"https:\/\/www.hoecker.eu\/blog\/wp-content\/uploads\/2025\/03\/Blog-Logo.webp\",\"width\":500,\"height\":500,\"caption\":\"H\u00d6CKER Rechtsanw\u00e4lte PartGmbB\"},\"image\":{\"@id\":\"https:\/\/www.hoecker.eu\/blog\/#\/schema\/logo\/image\/\"},\"sameAs\":[\"https:\/\/www.facebook.com\/HoeckerRAe\/\",\"https:\/\/x.com\/hoecker_rae\",\"https:\/\/www.linkedin.com\/company\/hcker-rechtsanwlte\/\",\"https:\/\/www.instagram.com\/hoecker_rae\/\"],\"email\":\"contact@hoecker.eu\",\"telephone\":\"+ 49 (0)221-933 19-10\",\"legalName\":\"H\u00d6CKER Rechtsanw\u00e4lte PartGmbB\",\"numberOfEmployees\":{\"@type\":\"QuantitativeValue\",\"minValue\":\"11\",\"maxValue\":\"50\"}},{\"@type\":\"Person\",\"@id\":\"https:\/\/www.hoecker.eu\/blog\/#\/schema\/person\/08f95581eed0534eccd0b2438f7a1cab\",\"name\":\"Prof. Dr. Ralf H\u00f6cker\",\"description\":\"Medienanwalt. Besch\u00fctzer vor mieser Presse\",\"sameAs\":[\"https:\/\/www.hoecker.eu\/wer\/prof-dr-ralf-hoecker\",\"https:\/\/www.facebook.com\/ralf.hoecker\",\"https:\/\/www.linkedin.com\/in\/prof-dr-ralf-hcker-ll-m-london-17987826\/\",\"https:\/\/x.com\/Ralf_Hoecker\"],\"url\":\"https:\/\/www.hoecker.eu\/blog\/author\/hoecker_adm\/\"}]}<\/script>\n<!-- \/ Yoast SEO Premium plugin. -->","yoast_head_json":{"title":"Bundesverfassungsgericht gibt Verfassungsbeschwerde der Anzeigenerstatterin im Fall Kachelmann statt - H\u00d6CKER - der Blog","robots":{"index":"index","follow":"follow","max-snippet":"max-snippet:-1","max-image-preview":"max-image-preview:large","max-video-preview":"max-video-preview:-1"},"canonical":"https:\/\/www.hoecker.eu\/blog\/bundesverfassungsgericht-gibt-verfassungsbeschwerde-der-anzeigenerstatterin-im-fall-kachelmann-statt\/","og_locale":"de_DE","og_type":"article","og_title":"Bundesverfassungsgericht gibt Verfassungsbeschwerde der Anzeigenerstatterin im Fall Kachelmann statt","og_description":"Das Bundesverfassungsgericht hat eine Entscheidung des Oberlandesgerichts K\u00f6ln aufgehoben, mit der der Anzeigenerstatterin verboten worden war, unseren Mandanten J\u00f6rg Kachelmann nach dessen Freispruch weiterhin der Vergewaltigung zu bezichtigen. Das Bundesverfassungsgericht st\u00fcrzte die Entscheidung (Az. 1 BvR 2844\/13) auf zwei Aspekte:&nbsp; Zum ersten weist es darauf hin, dass im Strafverfahren gegen unseren Mandanten nicht gekl\u00e4rt werden [&hellip;]","og_url":"https:\/\/www.hoecker.eu\/blog\/bundesverfassungsgericht-gibt-verfassungsbeschwerde-der-anzeigenerstatterin-im-fall-kachelmann-statt\/","og_site_name":"H\u00d6CKER - der Blog","article_publisher":"https:\/\/www.facebook.com\/HoeckerRAe\/","article_author":"https:\/\/www.facebook.com\/ralf.hoecker","article_published_time":"2016-05-07T22:44:18+00:00","article_modified_time":"2025-02-17T14:03:58+00:00","author":"Prof. Dr. Ralf H\u00f6cker","twitter_card":"summary_large_image","twitter_creator":"@Ralf_Hoecker","twitter_site":"@hoecker_rae","twitter_misc":{"Verfasst von":"Prof. Dr. Ralf H\u00f6cker","Gesch\u00e4tzte Lesezeit":"1\u00a0Minute"},"schema":{"@context":"https:\/\/schema.org","@graph":[{"@type":"Article","@id":"https:\/\/www.hoecker.eu\/blog\/bundesverfassungsgericht-gibt-verfassungsbeschwerde-der-anzeigenerstatterin-im-fall-kachelmann-statt\/#article","isPartOf":{"@id":"https:\/\/www.hoecker.eu\/blog\/bundesverfassungsgericht-gibt-verfassungsbeschwerde-der-anzeigenerstatterin-im-fall-kachelmann-statt\/"},"author":{"name":"Prof. Dr. Ralf H\u00f6cker","@id":"https:\/\/www.hoecker.eu\/blog\/#\/schema\/person\/08f95581eed0534eccd0b2438f7a1cab"},"headline":"Bundesverfassungsgericht gibt Verfassungsbeschwerde der Anzeigenerstatterin im Fall Kachelmann statt","datePublished":"2016-05-07T22:44:18+00:00","dateModified":"2025-02-17T14:03:58+00:00","mainEntityOfPage":{"@id":"https:\/\/www.hoecker.eu\/blog\/bundesverfassungsgericht-gibt-verfassungsbeschwerde-der-anzeigenerstatterin-im-fall-kachelmann-statt\/"},"wordCount":239,"publisher":{"@id":"https:\/\/www.hoecker.eu\/blog\/#organization"},"articleSection":["News"],"inLanguage":"de"},{"@type":"WebPage","@id":"https:\/\/www.hoecker.eu\/blog\/bundesverfassungsgericht-gibt-verfassungsbeschwerde-der-anzeigenerstatterin-im-fall-kachelmann-statt\/","url":"https:\/\/www.hoecker.eu\/blog\/bundesverfassungsgericht-gibt-verfassungsbeschwerde-der-anzeigenerstatterin-im-fall-kachelmann-statt\/","name":"Bundesverfassungsgericht gibt Verfassungsbeschwerde der Anzeigenerstatterin im Fall Kachelmann statt - H\u00d6CKER - der Blog","isPartOf":{"@id":"https:\/\/www.hoecker.eu\/blog\/#website"},"datePublished":"2016-05-07T22:44:18+00:00","dateModified":"2025-02-17T14:03:58+00:00","breadcrumb":{"@id":"https:\/\/www.hoecker.eu\/blog\/bundesverfassungsgericht-gibt-verfassungsbeschwerde-der-anzeigenerstatterin-im-fall-kachelmann-statt\/#breadcrumb"},"inLanguage":"de","potentialAction":[{"@type":"ReadAction","target":["https:\/\/www.hoecker.eu\/blog\/bundesverfassungsgericht-gibt-verfassungsbeschwerde-der-anzeigenerstatterin-im-fall-kachelmann-statt\/"]}]},{"@type":"BreadcrumbList","@id":"https:\/\/www.hoecker.eu\/blog\/bundesverfassungsgericht-gibt-verfassungsbeschwerde-der-anzeigenerstatterin-im-fall-kachelmann-statt\/#breadcrumb","itemListElement":[{"@type":"ListItem","position":1,"name":"Startseite","item":"https:\/\/dev.hoecker.eu\/blog\/"},{"@type":"ListItem","position":2,"name":"Bundesverfassungsgericht gibt Verfassungsbeschwerde der Anzeigenerstatterin im Fall Kachelmann statt"}]},{"@type":"WebSite","@id":"https:\/\/www.hoecker.eu\/blog\/#website","url":"https:\/\/www.hoecker.eu\/blog\/","name":"H\u00d6CKER - der Blog","description":"Expertenblog f\u00fcr \u00c4u\u00dferungs-, Medien-, Marken-, Urheber- und Wettbewerbsrecht.","publisher":{"@id":"https:\/\/www.hoecker.eu\/blog\/#organization"},"potentialAction":[{"@type":"SearchAction","target":{"@type":"EntryPoint","urlTemplate":"https:\/\/www.hoecker.eu\/blog\/?s={search_term_string}"},"query-input":{"@type":"PropertyValueSpecification","valueRequired":true,"valueName":"search_term_string"}}],"inLanguage":"de"},{"@type":"Organization","@id":"https:\/\/www.hoecker.eu\/blog\/#organization","name":"H\u00d6CKER Rechtsanw\u00e4lte PartGmbB","alternateName":"H\u00d6CKER","url":"https:\/\/www.hoecker.eu\/blog\/","logo":{"@type":"ImageObject","inLanguage":"de","@id":"https:\/\/www.hoecker.eu\/blog\/#\/schema\/logo\/image\/","url":"https:\/\/www.hoecker.eu\/blog\/wp-content\/uploads\/2025\/03\/Blog-Logo.webp","contentUrl":"https:\/\/www.hoecker.eu\/blog\/wp-content\/uploads\/2025\/03\/Blog-Logo.webp","width":500,"height":500,"caption":"H\u00d6CKER Rechtsanw\u00e4lte PartGmbB"},"image":{"@id":"https:\/\/www.hoecker.eu\/blog\/#\/schema\/logo\/image\/"},"sameAs":["https:\/\/www.facebook.com\/HoeckerRAe\/","https:\/\/x.com\/hoecker_rae","https:\/\/www.linkedin.com\/company\/hcker-rechtsanwlte\/","https:\/\/www.instagram.com\/hoecker_rae\/"],"email":"contact@hoecker.eu","telephone":"+ 49 (0)221-933 19-10","legalName":"H\u00d6CKER Rechtsanw\u00e4lte PartGmbB","numberOfEmployees":{"@type":"QuantitativeValue","minValue":"11","maxValue":"50"}},{"@type":"Person","@id":"https:\/\/www.hoecker.eu\/blog\/#\/schema\/person\/08f95581eed0534eccd0b2438f7a1cab","name":"Prof. Dr. Ralf H\u00f6cker","description":"Medienanwalt. Besch\u00fctzer vor mieser Presse","sameAs":["https:\/\/www.hoecker.eu\/wer\/prof-dr-ralf-hoecker","https:\/\/www.facebook.com\/ralf.hoecker","https:\/\/www.linkedin.com\/in\/prof-dr-ralf-hcker-ll-m-london-17987826\/","https:\/\/x.com\/Ralf_Hoecker"],"url":"https:\/\/www.hoecker.eu\/blog\/author\/hoecker_adm\/"}]}},"authors":[{"term_id":84,"user_id":1,"is_guest":0,"slug":"hoecker_adm","display_name":"Prof. Dr. Ralf H\u00f6cker","avatar_url":{"url":"https:\/\/www.hoecker.eu\/blog\/wp-content\/uploads\/2023\/12\/ProfDrRalfHoecker.jpg","url2x":"https:\/\/www.hoecker.eu\/blog\/wp-content\/uploads\/2023\/12\/ProfDrRalfHoecker.jpg"},"0":null,"1":"","2":"","3":"","4":"","5":"","6":"","7":"","8":"","9":"","10":"","11":""}],"_links":{"self":[{"href":"https:\/\/www.hoecker.eu\/blog\/wp-json\/wp\/v2\/posts\/8863","targetHints":{"allow":["GET"]}}],"collection":[{"href":"https:\/\/www.hoecker.eu\/blog\/wp-json\/wp\/v2\/posts"}],"about":[{"href":"https:\/\/www.hoecker.eu\/blog\/wp-json\/wp\/v2\/types\/post"}],"author":[{"embeddable":true,"href":"https:\/\/www.hoecker.eu\/blog\/wp-json\/wp\/v2\/users\/1"}],"replies":[{"embeddable":true,"href":"https:\/\/www.hoecker.eu\/blog\/wp-json\/wp\/v2\/comments?post=8863"}],"version-history":[{"count":1,"href":"https:\/\/www.hoecker.eu\/blog\/wp-json\/wp\/v2\/posts\/8863\/revisions"}],"predecessor-version":[{"id":9985,"href":"https:\/\/www.hoecker.eu\/blog\/wp-json\/wp\/v2\/posts\/8863\/revisions\/9985"}],"wp:attachment":[{"href":"https:\/\/www.hoecker.eu\/blog\/wp-json\/wp\/v2\/media?parent=8863"}],"wp:term":[{"taxonomy":"category","embeddable":true,"href":"https:\/\/www.hoecker.eu\/blog\/wp-json\/wp\/v2\/categories?post=8863"},{"taxonomy":"post_tag","embeddable":true,"href":"https:\/\/www.hoecker.eu\/blog\/wp-json\/wp\/v2\/tags?post=8863"},{"taxonomy":"hashtags","embeddable":true,"href":"https:\/\/www.hoecker.eu\/blog\/wp-json\/wp\/v2\/hashtags?post=8863"},{"taxonomy":"author","embeddable":true,"href":"https:\/\/www.hoecker.eu\/blog\/wp-json\/wp\/v2\/ppma_author?post=8863"}],"curies":[{"name":"wp","href":"https:\/\/api.w.org\/{rel}","templated":true}]}}