{"id":8862,"date":"2016-05-08T00:48:00","date_gmt":"2016-05-07T22:48:00","guid":{"rendered":"https:\/\/www.hoecker.eu\/blog\/tennis-profi-verteidigt-seine-marke-mit-hoecker-gegen-angriff-von-deichmann-2\/"},"modified":"2025-02-17T15:03:58","modified_gmt":"2025-02-17T14:03:58","slug":"tennis-profi-verteidigt-seine-marke-mit-hoecker-gegen-angriff-von-deichmann-2","status":"publish","type":"post","link":"https:\/\/www.hoecker.eu\/blog\/tennis-profi-verteidigt-seine-marke-mit-hoecker-gegen-angriff-von-deichmann-2\/","title":{"rendered":"Tennis-Profi verteidigt seine Marke mit H\u00d6CKER gegen Angriff von Deichmann."},"content":{"rendered":"<p>Der Tennis-Profi Andreas Mies meldete gemeinsam mit einem Gesch\u00e4ftspartner die folgende Wort-\/Bildmarke beim HABM (k\u00fcnftig: EUIPO) an:<\/p>\n<p>Die Dosenbach-Ochsner AG Schuhe &amp; Sport, ein Unternehmen der Deichmann-Gruppe, legte Widerspruch gegen die Markenanmeldung ein. Sie war der Ansicht, dass die Markenanmeldung die \u00e4lteren Rechte ihrer nachfolgend abgebildeten Marke verletze: <br \/><em><br \/>Am 11.06.2015 entschied die Widerspruchsabteilung des HABM, dass dies nicht der Fall ist und wies den Widerspruch zur\u00fcck. In der Begr\u00fcndung wurde darauf hingewiesen, dass keine Gefahr der Verwechslung beider Marken bestehe.<\/p>\n<p>Dosenbach-Ochsner akzeptierte diese Entscheidung nicht und legte dagegen Beschwerde ein.<\/p>\n<p>Die Beschwerdekammer des HABM kommt aber nun im aktuellem Beschluss vom 18.03.2016 zum selben Ergebnis: Auch nach ihrer Ansicht sind die beiden Zeichen so verschieden, dass der angesprochene Verkehr die Zeichen nicht miteinander verwechselt. Insbesondere stelle der fliegende Adler kein einfaches \u201eA\u201c dar. Der Adler pr\u00e4ge vielmehr das Logo und gerade er erreiche die Aufmerksamkeit der Betrachter. Die weiteren Elemente erinnerten an eine H\u00fcgellandschaft und einen Fluss, somit Elemente der Natur. Simple Buchstaben &#8211; wie beim Dosenbach-Ochsner-Zeichen &#8211; w\u00fcrden dem Logo dagegen gerade nicht entnommen. Ein Betrachter mache sich keine Gedanken und keine Arbeit, ein k\u00fcnstlerisch gestaltetes Bild in einzelne Buchstabenelemente umzudeuten.<\/p>\n<p>Die Widerspruchskammer ordnete an, dass Dosenbach-Ochsner die Amts- und Rechtsanwaltskosten des Widerspruchs- und Beschwerdeverfahrens erstatten muss. Gegen den Beschluss kann binnen zwei Monaten Klage zum Gericht der Europ\u00e4ischen Union (EuG) eingelegt werden.<br \/><\/em><\/p>\n<blockquote><p><em>&#8220;Buchstaben, die nur mit sehr viel Phantasie aus einem Bildelement &#8216;herausgelesen&#8217; werden k\u00f6nnen, werden vom Betrachter nicht erkannt. Wer ein k\u00fcnstlerisches Bildelement f\u00fcr seine Marke w\u00e4hlt, ger\u00e4t daher nicht in die Gefahr einer Kollision mit anderen Marken, die Buchstaben enthalten. Denn ma\u00dfgeblich ist nicht, was theoretisch in das Bildelement hineininterpretiert werden k\u00f6nnte, sondern ausschlie\u00dflich der optische Gesamteindruck der Marke.\u201c<\/em><\/p><\/blockquote>\n<p><em>Rechtsanwalt Dr. Marcel Leeser<br \/><\/em><\/p>\n","protected":false},"excerpt":{"rendered":"<p>Der Tennis-Profi Andreas Mies meldete gemeinsam mit einem Gesch\u00e4ftspartner die folgende Wort-\/Bildmarke beim HABM (k\u00fcnftig: EUIPO) an: Die Dosenbach-Ochsner AG Schuhe &amp; Sport, ein Unternehmen der Deichmann-Gruppe, legte Widerspruch gegen die Markenanmeldung ein. Sie war der Ansicht, dass die Markenanmeldung die \u00e4lteren Rechte ihrer nachfolgend abgebildeten Marke verletze: Am 11.06.2015 entschied die Widerspruchsabteilung des HABM, [&hellip;]<\/p>\n","protected":false},"author":1,"featured_media":0,"comment_status":"closed","ping_status":"closed","sticky":false,"template":"","format":"standard","meta":{"_has_post_settings":[],"footnotes":""},"categories":[15],"tags":[],"hashtags":[],"ppma_author":[84],"class_list":["post-8862","post","type-post","status-publish","format-standard","hentry","category-news","author-hoecker_adm"],"yoast_head":"<!-- This site is optimized with the Yoast SEO Premium plugin v25.9 (Yoast SEO v27.0) - https:\/\/yoast.com\/product\/yoast-seo-premium-wordpress\/ -->\n<title>Tennis-Profi verteidigt seine Marke mit H\u00d6CKER gegen Angriff von Deichmann. - H\u00d6CKER - der Blog<\/title>\n<meta name=\"robots\" content=\"index, follow, max-snippet:-1, max-image-preview:large, max-video-preview:-1\" \/>\n<link rel=\"canonical\" href=\"https:\/\/www.hoecker.eu\/blog\/tennis-profi-verteidigt-seine-marke-mit-hoecker-gegen-angriff-von-deichmann-2\/\" \/>\n<meta property=\"og:locale\" content=\"de_DE\" \/>\n<meta property=\"og:type\" content=\"article\" \/>\n<meta property=\"og:title\" content=\"Tennis-Profi verteidigt seine Marke mit H\u00d6CKER gegen Angriff von Deichmann.\" \/>\n<meta property=\"og:description\" content=\"Der Tennis-Profi Andreas Mies meldete gemeinsam mit einem Gesch\u00e4ftspartner die folgende Wort-\/Bildmarke beim HABM (k\u00fcnftig: EUIPO) an: Die Dosenbach-Ochsner AG Schuhe &amp; Sport, ein Unternehmen der Deichmann-Gruppe, legte Widerspruch gegen die Markenanmeldung ein. Sie war der Ansicht, dass die Markenanmeldung die \u00e4lteren Rechte ihrer nachfolgend abgebildeten Marke verletze: Am 11.06.2015 entschied die Widerspruchsabteilung des HABM, [&hellip;]\" \/>\n<meta property=\"og:url\" content=\"https:\/\/www.hoecker.eu\/blog\/tennis-profi-verteidigt-seine-marke-mit-hoecker-gegen-angriff-von-deichmann-2\/\" \/>\n<meta property=\"og:site_name\" content=\"H\u00d6CKER - der Blog\" \/>\n<meta property=\"article:publisher\" content=\"https:\/\/www.facebook.com\/HoeckerRAe\/\" \/>\n<meta property=\"article:author\" content=\"https:\/\/www.facebook.com\/ralf.hoecker\" \/>\n<meta property=\"article:published_time\" content=\"2016-05-07T22:48:00+00:00\" \/>\n<meta property=\"article:modified_time\" content=\"2025-02-17T14:03:58+00:00\" \/>\n<meta name=\"author\" content=\"Prof. Dr. Ralf H\u00f6cker\" \/>\n<meta name=\"twitter:card\" content=\"summary_large_image\" \/>\n<meta name=\"twitter:creator\" content=\"@Ralf_Hoecker\" \/>\n<meta name=\"twitter:site\" content=\"@hoecker_rae\" \/>\n<meta name=\"twitter:label1\" content=\"Verfasst von\" \/>\n\t<meta name=\"twitter:data1\" content=\"Prof. Dr. Ralf H\u00f6cker\" \/>\n\t<meta name=\"twitter:label2\" content=\"Gesch\u00e4tzte Lesezeit\" \/>\n\t<meta name=\"twitter:data2\" content=\"2\u00a0Minuten\" \/>\n<script type=\"application\/ld+json\" class=\"yoast-schema-graph\">{\"@context\":\"https:\/\/schema.org\",\"@graph\":[{\"@type\":\"Article\",\"@id\":\"https:\/\/www.hoecker.eu\/blog\/tennis-profi-verteidigt-seine-marke-mit-hoecker-gegen-angriff-von-deichmann-2\/#article\",\"isPartOf\":{\"@id\":\"https:\/\/www.hoecker.eu\/blog\/tennis-profi-verteidigt-seine-marke-mit-hoecker-gegen-angriff-von-deichmann-2\/\"},\"author\":{\"name\":\"Prof. Dr. Ralf H\u00f6cker\",\"@id\":\"https:\/\/www.hoecker.eu\/blog\/#\/schema\/person\/08f95581eed0534eccd0b2438f7a1cab\"},\"headline\":\"Tennis-Profi verteidigt seine Marke mit H\u00d6CKER gegen Angriff von Deichmann.\",\"datePublished\":\"2016-05-07T22:48:00+00:00\",\"dateModified\":\"2025-02-17T14:03:58+00:00\",\"mainEntityOfPage\":{\"@id\":\"https:\/\/www.hoecker.eu\/blog\/tennis-profi-verteidigt-seine-marke-mit-hoecker-gegen-angriff-von-deichmann-2\/\"},\"wordCount\":314,\"publisher\":{\"@id\":\"https:\/\/www.hoecker.eu\/blog\/#organization\"},\"articleSection\":[\"News\"],\"inLanguage\":\"de\"},{\"@type\":\"WebPage\",\"@id\":\"https:\/\/www.hoecker.eu\/blog\/tennis-profi-verteidigt-seine-marke-mit-hoecker-gegen-angriff-von-deichmann-2\/\",\"url\":\"https:\/\/www.hoecker.eu\/blog\/tennis-profi-verteidigt-seine-marke-mit-hoecker-gegen-angriff-von-deichmann-2\/\",\"name\":\"Tennis-Profi verteidigt seine Marke mit H\u00d6CKER gegen Angriff von Deichmann. - H\u00d6CKER - der Blog\",\"isPartOf\":{\"@id\":\"https:\/\/www.hoecker.eu\/blog\/#website\"},\"datePublished\":\"2016-05-07T22:48:00+00:00\",\"dateModified\":\"2025-02-17T14:03:58+00:00\",\"breadcrumb\":{\"@id\":\"https:\/\/www.hoecker.eu\/blog\/tennis-profi-verteidigt-seine-marke-mit-hoecker-gegen-angriff-von-deichmann-2\/#breadcrumb\"},\"inLanguage\":\"de\",\"potentialAction\":[{\"@type\":\"ReadAction\",\"target\":[\"https:\/\/www.hoecker.eu\/blog\/tennis-profi-verteidigt-seine-marke-mit-hoecker-gegen-angriff-von-deichmann-2\/\"]}]},{\"@type\":\"BreadcrumbList\",\"@id\":\"https:\/\/www.hoecker.eu\/blog\/tennis-profi-verteidigt-seine-marke-mit-hoecker-gegen-angriff-von-deichmann-2\/#breadcrumb\",\"itemListElement\":[{\"@type\":\"ListItem\",\"position\":1,\"name\":\"Startseite\",\"item\":\"https:\/\/dev.hoecker.eu\/blog\/\"},{\"@type\":\"ListItem\",\"position\":2,\"name\":\"Tennis-Profi verteidigt seine Marke mit H\u00d6CKER gegen Angriff von Deichmann.\"}]},{\"@type\":\"WebSite\",\"@id\":\"https:\/\/www.hoecker.eu\/blog\/#website\",\"url\":\"https:\/\/www.hoecker.eu\/blog\/\",\"name\":\"H\u00d6CKER - der Blog\",\"description\":\"Expertenblog f\u00fcr \u00c4u\u00dferungs-, Medien-, Marken-, Urheber- und Wettbewerbsrecht.\",\"publisher\":{\"@id\":\"https:\/\/www.hoecker.eu\/blog\/#organization\"},\"potentialAction\":[{\"@type\":\"SearchAction\",\"target\":{\"@type\":\"EntryPoint\",\"urlTemplate\":\"https:\/\/www.hoecker.eu\/blog\/?s={search_term_string}\"},\"query-input\":{\"@type\":\"PropertyValueSpecification\",\"valueRequired\":true,\"valueName\":\"search_term_string\"}}],\"inLanguage\":\"de\"},{\"@type\":\"Organization\",\"@id\":\"https:\/\/www.hoecker.eu\/blog\/#organization\",\"name\":\"H\u00d6CKER Rechtsanw\u00e4lte PartGmbB\",\"alternateName\":\"H\u00d6CKER\",\"url\":\"https:\/\/www.hoecker.eu\/blog\/\",\"logo\":{\"@type\":\"ImageObject\",\"inLanguage\":\"de\",\"@id\":\"https:\/\/www.hoecker.eu\/blog\/#\/schema\/logo\/image\/\",\"url\":\"https:\/\/www.hoecker.eu\/blog\/wp-content\/uploads\/2025\/03\/Blog-Logo.webp\",\"contentUrl\":\"https:\/\/www.hoecker.eu\/blog\/wp-content\/uploads\/2025\/03\/Blog-Logo.webp\",\"width\":500,\"height\":500,\"caption\":\"H\u00d6CKER Rechtsanw\u00e4lte PartGmbB\"},\"image\":{\"@id\":\"https:\/\/www.hoecker.eu\/blog\/#\/schema\/logo\/image\/\"},\"sameAs\":[\"https:\/\/www.facebook.com\/HoeckerRAe\/\",\"https:\/\/x.com\/hoecker_rae\",\"https:\/\/www.linkedin.com\/company\/hcker-rechtsanwlte\/\",\"https:\/\/www.instagram.com\/hoecker_rae\/\"],\"email\":\"contact@hoecker.eu\",\"telephone\":\"+ 49 (0)221-933 19-10\",\"legalName\":\"H\u00d6CKER Rechtsanw\u00e4lte PartGmbB\",\"numberOfEmployees\":{\"@type\":\"QuantitativeValue\",\"minValue\":\"11\",\"maxValue\":\"50\"}},{\"@type\":\"Person\",\"@id\":\"https:\/\/www.hoecker.eu\/blog\/#\/schema\/person\/08f95581eed0534eccd0b2438f7a1cab\",\"name\":\"Prof. Dr. Ralf H\u00f6cker\",\"description\":\"Medienanwalt. Besch\u00fctzer vor mieser Presse\",\"sameAs\":[\"https:\/\/www.hoecker.eu\/wer\/prof-dr-ralf-hoecker\",\"https:\/\/www.facebook.com\/ralf.hoecker\",\"https:\/\/www.linkedin.com\/in\/prof-dr-ralf-hcker-ll-m-london-17987826\/\",\"https:\/\/x.com\/Ralf_Hoecker\"],\"url\":\"https:\/\/www.hoecker.eu\/blog\/author\/hoecker_adm\/\"}]}<\/script>\n<!-- \/ Yoast SEO Premium plugin. -->","yoast_head_json":{"title":"Tennis-Profi verteidigt seine Marke mit H\u00d6CKER gegen Angriff von Deichmann. - H\u00d6CKER - der Blog","robots":{"index":"index","follow":"follow","max-snippet":"max-snippet:-1","max-image-preview":"max-image-preview:large","max-video-preview":"max-video-preview:-1"},"canonical":"https:\/\/www.hoecker.eu\/blog\/tennis-profi-verteidigt-seine-marke-mit-hoecker-gegen-angriff-von-deichmann-2\/","og_locale":"de_DE","og_type":"article","og_title":"Tennis-Profi verteidigt seine Marke mit H\u00d6CKER gegen Angriff von Deichmann.","og_description":"Der Tennis-Profi Andreas Mies meldete gemeinsam mit einem Gesch\u00e4ftspartner die folgende Wort-\/Bildmarke beim HABM (k\u00fcnftig: EUIPO) an: Die Dosenbach-Ochsner AG Schuhe &amp; Sport, ein Unternehmen der Deichmann-Gruppe, legte Widerspruch gegen die Markenanmeldung ein. Sie war der Ansicht, dass die Markenanmeldung die \u00e4lteren Rechte ihrer nachfolgend abgebildeten Marke verletze: Am 11.06.2015 entschied die Widerspruchsabteilung des HABM, [&hellip;]","og_url":"https:\/\/www.hoecker.eu\/blog\/tennis-profi-verteidigt-seine-marke-mit-hoecker-gegen-angriff-von-deichmann-2\/","og_site_name":"H\u00d6CKER - der Blog","article_publisher":"https:\/\/www.facebook.com\/HoeckerRAe\/","article_author":"https:\/\/www.facebook.com\/ralf.hoecker","article_published_time":"2016-05-07T22:48:00+00:00","article_modified_time":"2025-02-17T14:03:58+00:00","author":"Prof. Dr. Ralf H\u00f6cker","twitter_card":"summary_large_image","twitter_creator":"@Ralf_Hoecker","twitter_site":"@hoecker_rae","twitter_misc":{"Verfasst von":"Prof. Dr. Ralf H\u00f6cker","Gesch\u00e4tzte Lesezeit":"2\u00a0Minuten"},"schema":{"@context":"https:\/\/schema.org","@graph":[{"@type":"Article","@id":"https:\/\/www.hoecker.eu\/blog\/tennis-profi-verteidigt-seine-marke-mit-hoecker-gegen-angriff-von-deichmann-2\/#article","isPartOf":{"@id":"https:\/\/www.hoecker.eu\/blog\/tennis-profi-verteidigt-seine-marke-mit-hoecker-gegen-angriff-von-deichmann-2\/"},"author":{"name":"Prof. Dr. Ralf H\u00f6cker","@id":"https:\/\/www.hoecker.eu\/blog\/#\/schema\/person\/08f95581eed0534eccd0b2438f7a1cab"},"headline":"Tennis-Profi verteidigt seine Marke mit H\u00d6CKER gegen Angriff von Deichmann.","datePublished":"2016-05-07T22:48:00+00:00","dateModified":"2025-02-17T14:03:58+00:00","mainEntityOfPage":{"@id":"https:\/\/www.hoecker.eu\/blog\/tennis-profi-verteidigt-seine-marke-mit-hoecker-gegen-angriff-von-deichmann-2\/"},"wordCount":314,"publisher":{"@id":"https:\/\/www.hoecker.eu\/blog\/#organization"},"articleSection":["News"],"inLanguage":"de"},{"@type":"WebPage","@id":"https:\/\/www.hoecker.eu\/blog\/tennis-profi-verteidigt-seine-marke-mit-hoecker-gegen-angriff-von-deichmann-2\/","url":"https:\/\/www.hoecker.eu\/blog\/tennis-profi-verteidigt-seine-marke-mit-hoecker-gegen-angriff-von-deichmann-2\/","name":"Tennis-Profi verteidigt seine Marke mit H\u00d6CKER gegen Angriff von Deichmann. - H\u00d6CKER - der Blog","isPartOf":{"@id":"https:\/\/www.hoecker.eu\/blog\/#website"},"datePublished":"2016-05-07T22:48:00+00:00","dateModified":"2025-02-17T14:03:58+00:00","breadcrumb":{"@id":"https:\/\/www.hoecker.eu\/blog\/tennis-profi-verteidigt-seine-marke-mit-hoecker-gegen-angriff-von-deichmann-2\/#breadcrumb"},"inLanguage":"de","potentialAction":[{"@type":"ReadAction","target":["https:\/\/www.hoecker.eu\/blog\/tennis-profi-verteidigt-seine-marke-mit-hoecker-gegen-angriff-von-deichmann-2\/"]}]},{"@type":"BreadcrumbList","@id":"https:\/\/www.hoecker.eu\/blog\/tennis-profi-verteidigt-seine-marke-mit-hoecker-gegen-angriff-von-deichmann-2\/#breadcrumb","itemListElement":[{"@type":"ListItem","position":1,"name":"Startseite","item":"https:\/\/dev.hoecker.eu\/blog\/"},{"@type":"ListItem","position":2,"name":"Tennis-Profi verteidigt seine Marke mit H\u00d6CKER gegen Angriff von Deichmann."}]},{"@type":"WebSite","@id":"https:\/\/www.hoecker.eu\/blog\/#website","url":"https:\/\/www.hoecker.eu\/blog\/","name":"H\u00d6CKER - der Blog","description":"Expertenblog f\u00fcr \u00c4u\u00dferungs-, Medien-, Marken-, Urheber- und Wettbewerbsrecht.","publisher":{"@id":"https:\/\/www.hoecker.eu\/blog\/#organization"},"potentialAction":[{"@type":"SearchAction","target":{"@type":"EntryPoint","urlTemplate":"https:\/\/www.hoecker.eu\/blog\/?s={search_term_string}"},"query-input":{"@type":"PropertyValueSpecification","valueRequired":true,"valueName":"search_term_string"}}],"inLanguage":"de"},{"@type":"Organization","@id":"https:\/\/www.hoecker.eu\/blog\/#organization","name":"H\u00d6CKER Rechtsanw\u00e4lte PartGmbB","alternateName":"H\u00d6CKER","url":"https:\/\/www.hoecker.eu\/blog\/","logo":{"@type":"ImageObject","inLanguage":"de","@id":"https:\/\/www.hoecker.eu\/blog\/#\/schema\/logo\/image\/","url":"https:\/\/www.hoecker.eu\/blog\/wp-content\/uploads\/2025\/03\/Blog-Logo.webp","contentUrl":"https:\/\/www.hoecker.eu\/blog\/wp-content\/uploads\/2025\/03\/Blog-Logo.webp","width":500,"height":500,"caption":"H\u00d6CKER Rechtsanw\u00e4lte PartGmbB"},"image":{"@id":"https:\/\/www.hoecker.eu\/blog\/#\/schema\/logo\/image\/"},"sameAs":["https:\/\/www.facebook.com\/HoeckerRAe\/","https:\/\/x.com\/hoecker_rae","https:\/\/www.linkedin.com\/company\/hcker-rechtsanwlte\/","https:\/\/www.instagram.com\/hoecker_rae\/"],"email":"contact@hoecker.eu","telephone":"+ 49 (0)221-933 19-10","legalName":"H\u00d6CKER Rechtsanw\u00e4lte PartGmbB","numberOfEmployees":{"@type":"QuantitativeValue","minValue":"11","maxValue":"50"}},{"@type":"Person","@id":"https:\/\/www.hoecker.eu\/blog\/#\/schema\/person\/08f95581eed0534eccd0b2438f7a1cab","name":"Prof. Dr. Ralf H\u00f6cker","description":"Medienanwalt. Besch\u00fctzer vor mieser Presse","sameAs":["https:\/\/www.hoecker.eu\/wer\/prof-dr-ralf-hoecker","https:\/\/www.facebook.com\/ralf.hoecker","https:\/\/www.linkedin.com\/in\/prof-dr-ralf-hcker-ll-m-london-17987826\/","https:\/\/x.com\/Ralf_Hoecker"],"url":"https:\/\/www.hoecker.eu\/blog\/author\/hoecker_adm\/"}]}},"authors":[{"term_id":84,"user_id":1,"is_guest":0,"slug":"hoecker_adm","display_name":"Prof. Dr. Ralf H\u00f6cker","avatar_url":{"url":"https:\/\/www.hoecker.eu\/blog\/wp-content\/uploads\/2023\/12\/ProfDrRalfHoecker.jpg","url2x":"https:\/\/www.hoecker.eu\/blog\/wp-content\/uploads\/2023\/12\/ProfDrRalfHoecker.jpg"},"0":null,"1":"","2":"","3":"","4":"","5":"","6":"","7":"","8":"","9":"","10":"","11":""}],"_links":{"self":[{"href":"https:\/\/www.hoecker.eu\/blog\/wp-json\/wp\/v2\/posts\/8862","targetHints":{"allow":["GET"]}}],"collection":[{"href":"https:\/\/www.hoecker.eu\/blog\/wp-json\/wp\/v2\/posts"}],"about":[{"href":"https:\/\/www.hoecker.eu\/blog\/wp-json\/wp\/v2\/types\/post"}],"author":[{"embeddable":true,"href":"https:\/\/www.hoecker.eu\/blog\/wp-json\/wp\/v2\/users\/1"}],"replies":[{"embeddable":true,"href":"https:\/\/www.hoecker.eu\/blog\/wp-json\/wp\/v2\/comments?post=8862"}],"version-history":[{"count":1,"href":"https:\/\/www.hoecker.eu\/blog\/wp-json\/wp\/v2\/posts\/8862\/revisions"}],"predecessor-version":[{"id":9984,"href":"https:\/\/www.hoecker.eu\/blog\/wp-json\/wp\/v2\/posts\/8862\/revisions\/9984"}],"wp:attachment":[{"href":"https:\/\/www.hoecker.eu\/blog\/wp-json\/wp\/v2\/media?parent=8862"}],"wp:term":[{"taxonomy":"category","embeddable":true,"href":"https:\/\/www.hoecker.eu\/blog\/wp-json\/wp\/v2\/categories?post=8862"},{"taxonomy":"post_tag","embeddable":true,"href":"https:\/\/www.hoecker.eu\/blog\/wp-json\/wp\/v2\/tags?post=8862"},{"taxonomy":"hashtags","embeddable":true,"href":"https:\/\/www.hoecker.eu\/blog\/wp-json\/wp\/v2\/hashtags?post=8862"},{"taxonomy":"author","embeddable":true,"href":"https:\/\/www.hoecker.eu\/blog\/wp-json\/wp\/v2\/ppma_author?post=8862"}],"curies":[{"name":"wp","href":"https:\/\/api.w.org\/{rel}","templated":true}]}}