{"id":8854,"date":"2016-05-08T17:03:00","date_gmt":"2016-05-08T15:03:00","guid":{"rendered":"https:\/\/www.hoecker.eu\/blog\/muenchener-buchverlag-kaempft-mit-hoecker-fuer-die-kunstfreiheit\/"},"modified":"2025-02-17T15:03:53","modified_gmt":"2025-02-17T14:03:53","slug":"muenchener-buchverlag-kaempft-mit-hoecker-fuer-die-kunstfreiheit","status":"publish","type":"post","link":"https:\/\/www.hoecker.eu\/blog\/muenchener-buchverlag-kaempft-mit-hoecker-fuer-die-kunstfreiheit\/","title":{"rendered":"M\u00fcnchener Buchverlag k\u00e4mpft mit H\u00d6CKER f\u00fcr die Kunstfreiheit"},"content":{"rendered":"<p class=\"flies\">Kurz vor der Frankfurter Buchmesse im Oktober 2008 hatte der Witwer von Magda Schneider (Romy Schneiders Mutter) eine einstweilige Verf\u00fcgung gegen den gerade im Blumenbar Verlag erschienenen Roman von Olaf Kraemer (\u201eEnde einer Nacht\u201c) erwirkt. Der Antragsteller hatte erreicht, dass in dem Buch sieben Passagen, in denen Magda Schneider in eine gewisse N\u00e4he zu den Nationalsozialisten ger\u00fcckt wird, vor der Auslieferung geschw\u00e4rzt werden mussten.<\/p>\n<p class=\"flies\">Der Roman befasst sich in fiktiver Form mit den letzten Stunden des Lebens von Romy Schneider. Die genauen Ereignisse dieser Nacht sind biografisch nicht belegt. In dem Roman l\u00e4sst Romy aus Anlass ihres Entschlusses, eine Autobiographie zu verfassen, ihr Leben innerlich Revue passieren. Auf der Suche nach einem Ausgangspunkt f\u00fcr die Niederschrift ihrer Lebensgeschichte setzt sich Romy mit der Rolle ihrer Mutter als erfolgreiche Schauspielerin w\u00e4hrend der Nazizeit auseinander.<\/p>\n<p class=\"flies\">F\u00fcr Verlag und Autor legte H\u00d6CKER gegen die Entscheidung des Landgerichts Frankfurt Widerspruch ein und erzielte einen Teilerfolg: Zumindest die Aussage \u201eDas Mammerli war ein Nazischatz\u201c darf nun wieder ungeschw\u00e4rzt ver\u00f6ffentlicht werden. Ansonsten blieb das Gericht bei seiner Auffassung, dass es sich bei den beanstandeten Aussagen um eine Verletzung des postmortalen Pers\u00f6nlichkeitsschutzes handele.<\/p>\n<p class=\"flies\">Die Entscheidung des LG Frankfurt steht in einer Reihe mit den ber\u00fchmten Entscheidungen zu Klaus Manns \u201eMephisto\u201c und Maxim Billers \u201eEsra\u201c, die ebenfalls Romane \u00fcber reale Pers\u00f6nlichkeiten betreffen und Gegenstand pers\u00f6nlichkeitsrechtlicher Auseinandersetzungen waren. Allerdings legt das Landgericht Frankfurt hier strenge Ma\u00dfst\u00e4be an: Obwohl es sich um einen fiktiven Text handelt, wurden letztlich die presserechtlichen Anforderungen an den Wahrheitsgehalt der Aussagen angelegt. Wie bei einem Sachbuch h\u00e4tten Autor und Verlag die Wahrheit der einzelnen Behauptungen (sofern sie nicht als Meinungs\u00e4u\u00dferung qualifiziert wurden) nachweisen m\u00fcssen.<\/p>\n<p class=\"flies\">Ob die erstinstanzliche Entscheidung des Landgerichts Frankfurt bestehen bleibt oder ob das Oberlandesgericht der Kunstfreiheit gegen\u00fcber dem postmortalen Pers\u00f6nlichkeitsrecht wieder mehr Raum verschafft, wird sich in der Berufung zeigen.<\/p>\n","protected":false},"excerpt":{"rendered":"<p>Kurz vor der Frankfurter Buchmesse im Oktober 2008 hatte der Witwer von Magda Schneider (Romy Schneiders Mutter) eine einstweilige Verf\u00fcgung gegen den gerade im Blumenbar Verlag erschienenen Roman von Olaf Kraemer (\u201eEnde einer Nacht\u201c) erwirkt. Der Antragsteller hatte erreicht, dass in dem Buch sieben Passagen, in denen Magda Schneider in eine gewisse N\u00e4he zu den [&hellip;]<\/p>\n","protected":false},"author":1,"featured_media":0,"comment_status":"closed","ping_status":"closed","sticky":false,"template":"","format":"standard","meta":{"_has_post_settings":[],"footnotes":""},"categories":[15],"tags":[],"hashtags":[],"ppma_author":[84],"class_list":["post-8854","post","type-post","status-publish","format-standard","hentry","category-news","author-hoecker_adm"],"yoast_head":"<!-- This site is optimized with the Yoast SEO Premium plugin v25.9 (Yoast SEO v27.0) - https:\/\/yoast.com\/product\/yoast-seo-premium-wordpress\/ -->\n<title>M\u00fcnchener Buchverlag k\u00e4mpft mit H\u00d6CKER f\u00fcr die Kunstfreiheit - H\u00d6CKER - der Blog<\/title>\n<meta name=\"robots\" content=\"index, follow, max-snippet:-1, max-image-preview:large, max-video-preview:-1\" \/>\n<link rel=\"canonical\" href=\"https:\/\/www.hoecker.eu\/blog\/muenchener-buchverlag-kaempft-mit-hoecker-fuer-die-kunstfreiheit\/\" \/>\n<meta property=\"og:locale\" content=\"de_DE\" \/>\n<meta property=\"og:type\" content=\"article\" \/>\n<meta property=\"og:title\" content=\"M\u00fcnchener Buchverlag k\u00e4mpft mit H\u00d6CKER f\u00fcr die Kunstfreiheit\" \/>\n<meta property=\"og:description\" content=\"Kurz vor der Frankfurter Buchmesse im Oktober 2008 hatte der Witwer von Magda Schneider (Romy Schneiders Mutter) eine einstweilige Verf\u00fcgung gegen den gerade im Blumenbar Verlag erschienenen Roman von Olaf Kraemer (\u201eEnde einer Nacht\u201c) erwirkt. Der Antragsteller hatte erreicht, dass in dem Buch sieben Passagen, in denen Magda Schneider in eine gewisse N\u00e4he zu den [&hellip;]\" \/>\n<meta property=\"og:url\" content=\"https:\/\/www.hoecker.eu\/blog\/muenchener-buchverlag-kaempft-mit-hoecker-fuer-die-kunstfreiheit\/\" \/>\n<meta property=\"og:site_name\" content=\"H\u00d6CKER - der Blog\" \/>\n<meta property=\"article:publisher\" content=\"https:\/\/www.facebook.com\/HoeckerRAe\/\" \/>\n<meta property=\"article:author\" content=\"https:\/\/www.facebook.com\/ralf.hoecker\" \/>\n<meta property=\"article:published_time\" content=\"2016-05-08T15:03:00+00:00\" \/>\n<meta property=\"article:modified_time\" content=\"2025-02-17T14:03:53+00:00\" \/>\n<meta name=\"author\" content=\"Prof. Dr. Ralf H\u00f6cker\" \/>\n<meta name=\"twitter:card\" content=\"summary_large_image\" \/>\n<meta name=\"twitter:creator\" content=\"@Ralf_Hoecker\" \/>\n<meta name=\"twitter:site\" content=\"@hoecker_rae\" \/>\n<meta name=\"twitter:label1\" content=\"Verfasst von\" \/>\n\t<meta name=\"twitter:data1\" content=\"Prof. Dr. Ralf H\u00f6cker\" \/>\n\t<meta name=\"twitter:label2\" content=\"Gesch\u00e4tzte Lesezeit\" \/>\n\t<meta name=\"twitter:data2\" content=\"2\u00a0Minuten\" \/>\n<script type=\"application\/ld+json\" class=\"yoast-schema-graph\">{\"@context\":\"https:\/\/schema.org\",\"@graph\":[{\"@type\":\"Article\",\"@id\":\"https:\/\/www.hoecker.eu\/blog\/muenchener-buchverlag-kaempft-mit-hoecker-fuer-die-kunstfreiheit\/#article\",\"isPartOf\":{\"@id\":\"https:\/\/www.hoecker.eu\/blog\/muenchener-buchverlag-kaempft-mit-hoecker-fuer-die-kunstfreiheit\/\"},\"author\":{\"name\":\"Prof. Dr. Ralf H\u00f6cker\",\"@id\":\"https:\/\/www.hoecker.eu\/blog\/#\/schema\/person\/08f95581eed0534eccd0b2438f7a1cab\"},\"headline\":\"M\u00fcnchener Buchverlag k\u00e4mpft mit H\u00d6CKER f\u00fcr die Kunstfreiheit\",\"datePublished\":\"2016-05-08T15:03:00+00:00\",\"dateModified\":\"2025-02-17T14:03:53+00:00\",\"mainEntityOfPage\":{\"@id\":\"https:\/\/www.hoecker.eu\/blog\/muenchener-buchverlag-kaempft-mit-hoecker-fuer-die-kunstfreiheit\/\"},\"wordCount\":332,\"publisher\":{\"@id\":\"https:\/\/www.hoecker.eu\/blog\/#organization\"},\"articleSection\":[\"News\"],\"inLanguage\":\"de\"},{\"@type\":\"WebPage\",\"@id\":\"https:\/\/www.hoecker.eu\/blog\/muenchener-buchverlag-kaempft-mit-hoecker-fuer-die-kunstfreiheit\/\",\"url\":\"https:\/\/www.hoecker.eu\/blog\/muenchener-buchverlag-kaempft-mit-hoecker-fuer-die-kunstfreiheit\/\",\"name\":\"M\u00fcnchener Buchverlag k\u00e4mpft mit H\u00d6CKER f\u00fcr die Kunstfreiheit - H\u00d6CKER - der Blog\",\"isPartOf\":{\"@id\":\"https:\/\/www.hoecker.eu\/blog\/#website\"},\"datePublished\":\"2016-05-08T15:03:00+00:00\",\"dateModified\":\"2025-02-17T14:03:53+00:00\",\"breadcrumb\":{\"@id\":\"https:\/\/www.hoecker.eu\/blog\/muenchener-buchverlag-kaempft-mit-hoecker-fuer-die-kunstfreiheit\/#breadcrumb\"},\"inLanguage\":\"de\",\"potentialAction\":[{\"@type\":\"ReadAction\",\"target\":[\"https:\/\/www.hoecker.eu\/blog\/muenchener-buchverlag-kaempft-mit-hoecker-fuer-die-kunstfreiheit\/\"]}]},{\"@type\":\"BreadcrumbList\",\"@id\":\"https:\/\/www.hoecker.eu\/blog\/muenchener-buchverlag-kaempft-mit-hoecker-fuer-die-kunstfreiheit\/#breadcrumb\",\"itemListElement\":[{\"@type\":\"ListItem\",\"position\":1,\"name\":\"Startseite\",\"item\":\"https:\/\/dev.hoecker.eu\/blog\/\"},{\"@type\":\"ListItem\",\"position\":2,\"name\":\"M\u00fcnchener Buchverlag k\u00e4mpft mit H\u00d6CKER f\u00fcr die Kunstfreiheit\"}]},{\"@type\":\"WebSite\",\"@id\":\"https:\/\/www.hoecker.eu\/blog\/#website\",\"url\":\"https:\/\/www.hoecker.eu\/blog\/\",\"name\":\"H\u00d6CKER - der Blog\",\"description\":\"Expertenblog f\u00fcr \u00c4u\u00dferungs-, Medien-, Marken-, Urheber- und Wettbewerbsrecht.\",\"publisher\":{\"@id\":\"https:\/\/www.hoecker.eu\/blog\/#organization\"},\"potentialAction\":[{\"@type\":\"SearchAction\",\"target\":{\"@type\":\"EntryPoint\",\"urlTemplate\":\"https:\/\/www.hoecker.eu\/blog\/?s={search_term_string}\"},\"query-input\":{\"@type\":\"PropertyValueSpecification\",\"valueRequired\":true,\"valueName\":\"search_term_string\"}}],\"inLanguage\":\"de\"},{\"@type\":\"Organization\",\"@id\":\"https:\/\/www.hoecker.eu\/blog\/#organization\",\"name\":\"H\u00d6CKER Rechtsanw\u00e4lte PartGmbB\",\"alternateName\":\"H\u00d6CKER\",\"url\":\"https:\/\/www.hoecker.eu\/blog\/\",\"logo\":{\"@type\":\"ImageObject\",\"inLanguage\":\"de\",\"@id\":\"https:\/\/www.hoecker.eu\/blog\/#\/schema\/logo\/image\/\",\"url\":\"https:\/\/www.hoecker.eu\/blog\/wp-content\/uploads\/2025\/03\/Blog-Logo.webp\",\"contentUrl\":\"https:\/\/www.hoecker.eu\/blog\/wp-content\/uploads\/2025\/03\/Blog-Logo.webp\",\"width\":500,\"height\":500,\"caption\":\"H\u00d6CKER Rechtsanw\u00e4lte PartGmbB\"},\"image\":{\"@id\":\"https:\/\/www.hoecker.eu\/blog\/#\/schema\/logo\/image\/\"},\"sameAs\":[\"https:\/\/www.facebook.com\/HoeckerRAe\/\",\"https:\/\/x.com\/hoecker_rae\",\"https:\/\/www.linkedin.com\/company\/hcker-rechtsanwlte\/\",\"https:\/\/www.instagram.com\/hoecker_rae\/\"],\"email\":\"contact@hoecker.eu\",\"telephone\":\"+ 49 (0)221-933 19-10\",\"legalName\":\"H\u00d6CKER Rechtsanw\u00e4lte PartGmbB\",\"numberOfEmployees\":{\"@type\":\"QuantitativeValue\",\"minValue\":\"11\",\"maxValue\":\"50\"}},{\"@type\":\"Person\",\"@id\":\"https:\/\/www.hoecker.eu\/blog\/#\/schema\/person\/08f95581eed0534eccd0b2438f7a1cab\",\"name\":\"Prof. Dr. Ralf H\u00f6cker\",\"description\":\"Medienanwalt. Besch\u00fctzer vor mieser Presse\",\"sameAs\":[\"https:\/\/www.hoecker.eu\/wer\/prof-dr-ralf-hoecker\",\"https:\/\/www.facebook.com\/ralf.hoecker\",\"https:\/\/www.linkedin.com\/in\/prof-dr-ralf-hcker-ll-m-london-17987826\/\",\"https:\/\/x.com\/Ralf_Hoecker\"],\"url\":\"https:\/\/www.hoecker.eu\/blog\/author\/hoecker_adm\/\"}]}<\/script>\n<!-- \/ Yoast SEO Premium plugin. -->","yoast_head_json":{"title":"M\u00fcnchener Buchverlag k\u00e4mpft mit H\u00d6CKER f\u00fcr die Kunstfreiheit - H\u00d6CKER - der Blog","robots":{"index":"index","follow":"follow","max-snippet":"max-snippet:-1","max-image-preview":"max-image-preview:large","max-video-preview":"max-video-preview:-1"},"canonical":"https:\/\/www.hoecker.eu\/blog\/muenchener-buchverlag-kaempft-mit-hoecker-fuer-die-kunstfreiheit\/","og_locale":"de_DE","og_type":"article","og_title":"M\u00fcnchener Buchverlag k\u00e4mpft mit H\u00d6CKER f\u00fcr die Kunstfreiheit","og_description":"Kurz vor der Frankfurter Buchmesse im Oktober 2008 hatte der Witwer von Magda Schneider (Romy Schneiders Mutter) eine einstweilige Verf\u00fcgung gegen den gerade im Blumenbar Verlag erschienenen Roman von Olaf Kraemer (\u201eEnde einer Nacht\u201c) erwirkt. Der Antragsteller hatte erreicht, dass in dem Buch sieben Passagen, in denen Magda Schneider in eine gewisse N\u00e4he zu den [&hellip;]","og_url":"https:\/\/www.hoecker.eu\/blog\/muenchener-buchverlag-kaempft-mit-hoecker-fuer-die-kunstfreiheit\/","og_site_name":"H\u00d6CKER - der Blog","article_publisher":"https:\/\/www.facebook.com\/HoeckerRAe\/","article_author":"https:\/\/www.facebook.com\/ralf.hoecker","article_published_time":"2016-05-08T15:03:00+00:00","article_modified_time":"2025-02-17T14:03:53+00:00","author":"Prof. Dr. Ralf H\u00f6cker","twitter_card":"summary_large_image","twitter_creator":"@Ralf_Hoecker","twitter_site":"@hoecker_rae","twitter_misc":{"Verfasst von":"Prof. Dr. Ralf H\u00f6cker","Gesch\u00e4tzte Lesezeit":"2\u00a0Minuten"},"schema":{"@context":"https:\/\/schema.org","@graph":[{"@type":"Article","@id":"https:\/\/www.hoecker.eu\/blog\/muenchener-buchverlag-kaempft-mit-hoecker-fuer-die-kunstfreiheit\/#article","isPartOf":{"@id":"https:\/\/www.hoecker.eu\/blog\/muenchener-buchverlag-kaempft-mit-hoecker-fuer-die-kunstfreiheit\/"},"author":{"name":"Prof. Dr. Ralf H\u00f6cker","@id":"https:\/\/www.hoecker.eu\/blog\/#\/schema\/person\/08f95581eed0534eccd0b2438f7a1cab"},"headline":"M\u00fcnchener Buchverlag k\u00e4mpft mit H\u00d6CKER f\u00fcr die Kunstfreiheit","datePublished":"2016-05-08T15:03:00+00:00","dateModified":"2025-02-17T14:03:53+00:00","mainEntityOfPage":{"@id":"https:\/\/www.hoecker.eu\/blog\/muenchener-buchverlag-kaempft-mit-hoecker-fuer-die-kunstfreiheit\/"},"wordCount":332,"publisher":{"@id":"https:\/\/www.hoecker.eu\/blog\/#organization"},"articleSection":["News"],"inLanguage":"de"},{"@type":"WebPage","@id":"https:\/\/www.hoecker.eu\/blog\/muenchener-buchverlag-kaempft-mit-hoecker-fuer-die-kunstfreiheit\/","url":"https:\/\/www.hoecker.eu\/blog\/muenchener-buchverlag-kaempft-mit-hoecker-fuer-die-kunstfreiheit\/","name":"M\u00fcnchener Buchverlag k\u00e4mpft mit H\u00d6CKER f\u00fcr die Kunstfreiheit - H\u00d6CKER - der Blog","isPartOf":{"@id":"https:\/\/www.hoecker.eu\/blog\/#website"},"datePublished":"2016-05-08T15:03:00+00:00","dateModified":"2025-02-17T14:03:53+00:00","breadcrumb":{"@id":"https:\/\/www.hoecker.eu\/blog\/muenchener-buchverlag-kaempft-mit-hoecker-fuer-die-kunstfreiheit\/#breadcrumb"},"inLanguage":"de","potentialAction":[{"@type":"ReadAction","target":["https:\/\/www.hoecker.eu\/blog\/muenchener-buchverlag-kaempft-mit-hoecker-fuer-die-kunstfreiheit\/"]}]},{"@type":"BreadcrumbList","@id":"https:\/\/www.hoecker.eu\/blog\/muenchener-buchverlag-kaempft-mit-hoecker-fuer-die-kunstfreiheit\/#breadcrumb","itemListElement":[{"@type":"ListItem","position":1,"name":"Startseite","item":"https:\/\/dev.hoecker.eu\/blog\/"},{"@type":"ListItem","position":2,"name":"M\u00fcnchener Buchverlag k\u00e4mpft mit H\u00d6CKER f\u00fcr die Kunstfreiheit"}]},{"@type":"WebSite","@id":"https:\/\/www.hoecker.eu\/blog\/#website","url":"https:\/\/www.hoecker.eu\/blog\/","name":"H\u00d6CKER - der Blog","description":"Expertenblog f\u00fcr \u00c4u\u00dferungs-, Medien-, Marken-, Urheber- und Wettbewerbsrecht.","publisher":{"@id":"https:\/\/www.hoecker.eu\/blog\/#organization"},"potentialAction":[{"@type":"SearchAction","target":{"@type":"EntryPoint","urlTemplate":"https:\/\/www.hoecker.eu\/blog\/?s={search_term_string}"},"query-input":{"@type":"PropertyValueSpecification","valueRequired":true,"valueName":"search_term_string"}}],"inLanguage":"de"},{"@type":"Organization","@id":"https:\/\/www.hoecker.eu\/blog\/#organization","name":"H\u00d6CKER Rechtsanw\u00e4lte PartGmbB","alternateName":"H\u00d6CKER","url":"https:\/\/www.hoecker.eu\/blog\/","logo":{"@type":"ImageObject","inLanguage":"de","@id":"https:\/\/www.hoecker.eu\/blog\/#\/schema\/logo\/image\/","url":"https:\/\/www.hoecker.eu\/blog\/wp-content\/uploads\/2025\/03\/Blog-Logo.webp","contentUrl":"https:\/\/www.hoecker.eu\/blog\/wp-content\/uploads\/2025\/03\/Blog-Logo.webp","width":500,"height":500,"caption":"H\u00d6CKER Rechtsanw\u00e4lte PartGmbB"},"image":{"@id":"https:\/\/www.hoecker.eu\/blog\/#\/schema\/logo\/image\/"},"sameAs":["https:\/\/www.facebook.com\/HoeckerRAe\/","https:\/\/x.com\/hoecker_rae","https:\/\/www.linkedin.com\/company\/hcker-rechtsanwlte\/","https:\/\/www.instagram.com\/hoecker_rae\/"],"email":"contact@hoecker.eu","telephone":"+ 49 (0)221-933 19-10","legalName":"H\u00d6CKER Rechtsanw\u00e4lte PartGmbB","numberOfEmployees":{"@type":"QuantitativeValue","minValue":"11","maxValue":"50"}},{"@type":"Person","@id":"https:\/\/www.hoecker.eu\/blog\/#\/schema\/person\/08f95581eed0534eccd0b2438f7a1cab","name":"Prof. Dr. Ralf H\u00f6cker","description":"Medienanwalt. Besch\u00fctzer vor mieser Presse","sameAs":["https:\/\/www.hoecker.eu\/wer\/prof-dr-ralf-hoecker","https:\/\/www.facebook.com\/ralf.hoecker","https:\/\/www.linkedin.com\/in\/prof-dr-ralf-hcker-ll-m-london-17987826\/","https:\/\/x.com\/Ralf_Hoecker"],"url":"https:\/\/www.hoecker.eu\/blog\/author\/hoecker_adm\/"}]}},"authors":[{"term_id":84,"user_id":1,"is_guest":0,"slug":"hoecker_adm","display_name":"Prof. Dr. Ralf H\u00f6cker","avatar_url":{"url":"https:\/\/www.hoecker.eu\/blog\/wp-content\/uploads\/2023\/12\/ProfDrRalfHoecker.jpg","url2x":"https:\/\/www.hoecker.eu\/blog\/wp-content\/uploads\/2023\/12\/ProfDrRalfHoecker.jpg"},"0":null,"1":"","2":"","3":"","4":"","5":"","6":"","7":"","8":"","9":"","10":"","11":""}],"_links":{"self":[{"href":"https:\/\/www.hoecker.eu\/blog\/wp-json\/wp\/v2\/posts\/8854","targetHints":{"allow":["GET"]}}],"collection":[{"href":"https:\/\/www.hoecker.eu\/blog\/wp-json\/wp\/v2\/posts"}],"about":[{"href":"https:\/\/www.hoecker.eu\/blog\/wp-json\/wp\/v2\/types\/post"}],"author":[{"embeddable":true,"href":"https:\/\/www.hoecker.eu\/blog\/wp-json\/wp\/v2\/users\/1"}],"replies":[{"embeddable":true,"href":"https:\/\/www.hoecker.eu\/blog\/wp-json\/wp\/v2\/comments?post=8854"}],"version-history":[{"count":1,"href":"https:\/\/www.hoecker.eu\/blog\/wp-json\/wp\/v2\/posts\/8854\/revisions"}],"predecessor-version":[{"id":9976,"href":"https:\/\/www.hoecker.eu\/blog\/wp-json\/wp\/v2\/posts\/8854\/revisions\/9976"}],"wp:attachment":[{"href":"https:\/\/www.hoecker.eu\/blog\/wp-json\/wp\/v2\/media?parent=8854"}],"wp:term":[{"taxonomy":"category","embeddable":true,"href":"https:\/\/www.hoecker.eu\/blog\/wp-json\/wp\/v2\/categories?post=8854"},{"taxonomy":"post_tag","embeddable":true,"href":"https:\/\/www.hoecker.eu\/blog\/wp-json\/wp\/v2\/tags?post=8854"},{"taxonomy":"hashtags","embeddable":true,"href":"https:\/\/www.hoecker.eu\/blog\/wp-json\/wp\/v2\/hashtags?post=8854"},{"taxonomy":"author","embeddable":true,"href":"https:\/\/www.hoecker.eu\/blog\/wp-json\/wp\/v2\/ppma_author?post=8854"}],"curies":[{"name":"wp","href":"https:\/\/api.w.org\/{rel}","templated":true}]}}