{"id":8850,"date":"2016-05-08T17:10:00","date_gmt":"2016-05-08T15:10:00","guid":{"rendered":"https:\/\/www.hoecker.eu\/blog\/sieg-der-kunstfreiheit-im-buchstreit-um-azende-einer-nachtaoe-olg-frankfurt-hebt-buchverbot-auf\/"},"modified":"2025-02-17T15:03:51","modified_gmt":"2025-02-17T14:03:51","slug":"sieg-der-kunstfreiheit-im-buchstreit-um-azende-einer-nachtaoe-olg-frankfurt-hebt-buchverbot-auf","status":"publish","type":"post","link":"https:\/\/www.hoecker.eu\/blog\/sieg-der-kunstfreiheit-im-buchstreit-um-azende-einer-nachtaoe-olg-frankfurt-hebt-buchverbot-auf\/","title":{"rendered":"Sieg der Kunstfreiheit im Buchstreit um \u00c0\u017eEnde einer Nacht\u00c0\u0153: OLG Frankfurt hebt Buchverbot auf"},"content":{"rendered":"<p>Im Verfahren um den Roman \u201eEnde einer Nacht\u201c hat das OLG Frankfurt heute der Berufung des Blumenbar Verlages und des Autors Olaf Kr\u00e4mer gegen die von Horst Fehlhaber erwirkte einstweilige Verf\u00fcgung weitgehend stattgegeben und der Kunstfreiheit Vorrang vor dem postmortalen Pers\u00f6nlichkeitsrecht der verstorbenen Magda Schneider gew\u00e4hrt (Urteil vom 15.10.2009, Az. 16 U 39\/09).<\/p>\n<p>Der Roman befasst sich in fiktiver Form mit den letzten Stunden im Leben von Romy Schneider. In dem 2008 erschienenen Buch l\u00e4sst Romy aus Anlass ihres Entschlusses, eine Autobiographie zu verfassen, ihr Leben innerlich Revue passieren. Auf der Suche nach einem Ausgangspunkt f\u00fcr die Niederschrift ihrer Lebensgeschichte setzt sich Romy Schneider auch mit der Rolle ihrer Mutter als erfolgreiche Schauspielerin w\u00e4hrend der Nazizeit auseinander.<\/p>\n<p>Fehlhaber, Witwer Magda Schneiders (Romy Schneiders Mutter), hatte kurz nach Erscheinen des Buches mit der einstweiligen Verf\u00fcgung kurz vor der Frankfurter Buchmesse verhindert, dass der Roman in der Originalfassung erscheinen konnte: Sieben Passagen, in denen Magda Schneiders N\u00e4he zu Gr\u00f6\u00dfen der Nationalsozialisten aus Sicht der Tochter geschildert wurden, mussten vor der Auslieferung geschw\u00e4rzt werden.<\/p>\n<p>F\u00fcr Verlag und Autor hatten die Medienrechtler Dr. Frauke Schmid-Petersen und Dr. Tobias Gostomzyk (H\u00d6CKER Rechtsanw\u00e4lte) gegen die Entscheidung des Landgerichts Frankfurt Widerspruch eingelegt. Unterst\u00fctzt wurde das Berufungsverfahren vom B\u00f6rsenverein des Deutschen Buchhandels. Das Oberlandesgericht entschied in seinem heutigen Urteil, dass die beanstandeten Aussagen von der Kunstfreiheit gedeckt seien und hob die einstweilige Verf\u00fcgung daher \u2013 mit Ausnahme einer Passage \u2013 auf.<\/p>\n<p>In der erstinstanzlichen Entscheidung hatte das Landgericht die Auffassung vertreten, dass es sich bei den beanstandeten Aussagen um eine Verletzung des postmortalen Pers\u00f6nlichkeitsschutzes Magda Schneiders handele. Allein die Aussage \u201eDas Mammerli war ein Nazischatz\u201c war davon ausgenommen worden (Urteil vom 13.02.2009, Az. 2-03 O 478\/08).<\/p>\n<p>Rechtsanw\u00e4ltin Dr. Schmid-Petersen:<br \/><em>&#8220;Die Entscheidung ist besonders erfreulich, weil das OLG die Magda Schneider betreffenden Passagen in ihrem literarischen Zusammenhang betrachtet und als fiktive \u00c4u\u00dferungen in einem realen Kontext gewertet hat. Wir haben damit eine St\u00e4rkung der Position der Autoren biografischer Romane und ihrer Verlage erreichen k\u00f6nnen\u201c<\/em><\/p>\n<p>Rechtsanwalt Dr. Gostomzyk erg\u00e4nzt:<br \/><em>\u201eDas Urteil des Oberlandesgerichts steht damit in einer Reihe von ber\u00fchmten Entscheidungen zu Buchverboten wie Klaus Manns \u201eMephisto\u201c und Maxim Billers \u201eEsra\u201c mit der Besonderheit, dass hier erstmalig \u00fcber einen literarischen Fall von Doku-Fiction zu entscheiden war.\u201c<\/em><\/p>\n<p><em>Der Blumenbar Verlag, hervorgegangen aus einem literarischen Salon, wurde 2002 von Lars Birken-Bertsch und Wolfgang Farkas in M\u00fcnchen gegr\u00fcndet. Schwerpunkt des Verlagsprogramms ist deutschsprachige und internationale Gegenwartsliteratur. Blumenbar versteht sich als Label f\u00fcr zeitgem\u00e4\u00dfe B\u00fccher sowie f\u00fcr kulturelle Events. <\/em><\/p>\n<p>Olaf Kraemer lebt als freier Drehbuchautor und Schriftsteller in M\u00fcnchen. Zuletzt erschien von ihm \u201eHigh Times \u2013 Mein wildes Leben\u201c, die Biographie von Uschi Obermaier. Ende einer Nacht ist sein erster Roman.<\/p>\n<p><em>Die Kanzlei H\u00d6CKER ist auf Marken- und Medienrecht spezialisiert. Dr. Frauke Schmid-Petersen ber\u00e4t und vertritt Unternehmen und Pers\u00f6nlichkeiten in presse-, rundfunk- und urheberrechtlichen Fragen. <\/em><\/p>\n<p>Ansprechpartner:<\/p>\n<p>Blumenbar Verlag<br \/>Klosterstra\u00dfe 44<br \/>10179 Berlin<br \/>Telefon 030-2009 509-10<br \/>Fax 030-2009 509-66<br \/><a href=\"mailto:wf@blumenbar.de\">wf@blumenbar.de<\/a><br \/><a href=\"http:\/\/www.blumenbar.de\">www.blumenbar.de<\/a><\/p>\n","protected":false},"excerpt":{"rendered":"<p>Im Verfahren um den Roman \u201eEnde einer Nacht\u201c hat das OLG Frankfurt heute der Berufung des Blumenbar Verlages und des Autors Olaf Kr\u00e4mer gegen die von Horst Fehlhaber erwirkte einstweilige Verf\u00fcgung weitgehend stattgegeben und der Kunstfreiheit Vorrang vor dem postmortalen Pers\u00f6nlichkeitsrecht der verstorbenen Magda Schneider gew\u00e4hrt (Urteil vom 15.10.2009, Az. 16 U 39\/09). Der Roman [&hellip;]<\/p>\n","protected":false},"author":1,"featured_media":0,"comment_status":"closed","ping_status":"closed","sticky":false,"template":"","format":"standard","meta":{"_has_post_settings":[],"footnotes":""},"categories":[15],"tags":[],"hashtags":[],"ppma_author":[84],"class_list":["post-8850","post","type-post","status-publish","format-standard","hentry","category-news","author-hoecker_adm"],"yoast_head":"<!-- This site is optimized with the Yoast SEO Premium plugin v25.9 (Yoast SEO v27.0) - https:\/\/yoast.com\/product\/yoast-seo-premium-wordpress\/ -->\n<title>Sieg der Kunstfreiheit im Buchstreit um \u00c0\u017eEnde einer Nacht\u00c0\u0153: OLG Frankfurt hebt Buchverbot auf - H\u00d6CKER - der Blog<\/title>\n<meta name=\"robots\" content=\"index, follow, max-snippet:-1, max-image-preview:large, max-video-preview:-1\" \/>\n<link rel=\"canonical\" href=\"https:\/\/www.hoecker.eu\/blog\/sieg-der-kunstfreiheit-im-buchstreit-um-azende-einer-nachtaoe-olg-frankfurt-hebt-buchverbot-auf\/\" \/>\n<meta property=\"og:locale\" content=\"de_DE\" \/>\n<meta property=\"og:type\" content=\"article\" \/>\n<meta property=\"og:title\" content=\"Sieg der Kunstfreiheit im Buchstreit um \u00c0\u017eEnde einer Nacht\u00c0\u0153: OLG Frankfurt hebt Buchverbot auf\" \/>\n<meta property=\"og:description\" content=\"Im Verfahren um den Roman \u201eEnde einer Nacht\u201c hat das OLG Frankfurt heute der Berufung des Blumenbar Verlages und des Autors Olaf Kr\u00e4mer gegen die von Horst Fehlhaber erwirkte einstweilige Verf\u00fcgung weitgehend stattgegeben und der Kunstfreiheit Vorrang vor dem postmortalen Pers\u00f6nlichkeitsrecht der verstorbenen Magda Schneider gew\u00e4hrt (Urteil vom 15.10.2009, Az. 16 U 39\/09). Der Roman [&hellip;]\" \/>\n<meta property=\"og:url\" content=\"https:\/\/www.hoecker.eu\/blog\/sieg-der-kunstfreiheit-im-buchstreit-um-azende-einer-nachtaoe-olg-frankfurt-hebt-buchverbot-auf\/\" \/>\n<meta property=\"og:site_name\" content=\"H\u00d6CKER - der Blog\" \/>\n<meta property=\"article:publisher\" content=\"https:\/\/www.facebook.com\/HoeckerRAe\/\" \/>\n<meta property=\"article:author\" content=\"https:\/\/www.facebook.com\/ralf.hoecker\" \/>\n<meta property=\"article:published_time\" content=\"2016-05-08T15:10:00+00:00\" \/>\n<meta property=\"article:modified_time\" content=\"2025-02-17T14:03:51+00:00\" \/>\n<meta name=\"author\" content=\"Prof. Dr. Ralf H\u00f6cker\" \/>\n<meta name=\"twitter:card\" content=\"summary_large_image\" \/>\n<meta name=\"twitter:creator\" content=\"@Ralf_Hoecker\" \/>\n<meta name=\"twitter:site\" content=\"@hoecker_rae\" \/>\n<meta name=\"twitter:label1\" content=\"Verfasst von\" \/>\n\t<meta name=\"twitter:data1\" content=\"Prof. Dr. Ralf H\u00f6cker\" \/>\n\t<meta name=\"twitter:label2\" content=\"Gesch\u00e4tzte Lesezeit\" \/>\n\t<meta name=\"twitter:data2\" content=\"3\u00a0Minuten\" \/>\n<script type=\"application\/ld+json\" class=\"yoast-schema-graph\">{\"@context\":\"https:\/\/schema.org\",\"@graph\":[{\"@type\":\"Article\",\"@id\":\"https:\/\/www.hoecker.eu\/blog\/sieg-der-kunstfreiheit-im-buchstreit-um-azende-einer-nachtaoe-olg-frankfurt-hebt-buchverbot-auf\/#article\",\"isPartOf\":{\"@id\":\"https:\/\/www.hoecker.eu\/blog\/sieg-der-kunstfreiheit-im-buchstreit-um-azende-einer-nachtaoe-olg-frankfurt-hebt-buchverbot-auf\/\"},\"author\":{\"name\":\"Prof. Dr. Ralf H\u00f6cker\",\"@id\":\"https:\/\/www.hoecker.eu\/blog\/#\/schema\/person\/08f95581eed0534eccd0b2438f7a1cab\"},\"headline\":\"Sieg der Kunstfreiheit im Buchstreit um \u00c0\u017eEnde einer Nacht\u00c0\u0153: OLG Frankfurt hebt Buchverbot auf\",\"datePublished\":\"2016-05-08T15:10:00+00:00\",\"dateModified\":\"2025-02-17T14:03:51+00:00\",\"mainEntityOfPage\":{\"@id\":\"https:\/\/www.hoecker.eu\/blog\/sieg-der-kunstfreiheit-im-buchstreit-um-azende-einer-nachtaoe-olg-frankfurt-hebt-buchverbot-auf\/\"},\"wordCount\":515,\"publisher\":{\"@id\":\"https:\/\/www.hoecker.eu\/blog\/#organization\"},\"articleSection\":[\"News\"],\"inLanguage\":\"de\"},{\"@type\":\"WebPage\",\"@id\":\"https:\/\/www.hoecker.eu\/blog\/sieg-der-kunstfreiheit-im-buchstreit-um-azende-einer-nachtaoe-olg-frankfurt-hebt-buchverbot-auf\/\",\"url\":\"https:\/\/www.hoecker.eu\/blog\/sieg-der-kunstfreiheit-im-buchstreit-um-azende-einer-nachtaoe-olg-frankfurt-hebt-buchverbot-auf\/\",\"name\":\"Sieg der Kunstfreiheit im Buchstreit um \u00c0\u017eEnde einer Nacht\u00c0\u0153: OLG Frankfurt hebt Buchverbot auf - H\u00d6CKER - der Blog\",\"isPartOf\":{\"@id\":\"https:\/\/www.hoecker.eu\/blog\/#website\"},\"datePublished\":\"2016-05-08T15:10:00+00:00\",\"dateModified\":\"2025-02-17T14:03:51+00:00\",\"breadcrumb\":{\"@id\":\"https:\/\/www.hoecker.eu\/blog\/sieg-der-kunstfreiheit-im-buchstreit-um-azende-einer-nachtaoe-olg-frankfurt-hebt-buchverbot-auf\/#breadcrumb\"},\"inLanguage\":\"de\",\"potentialAction\":[{\"@type\":\"ReadAction\",\"target\":[\"https:\/\/www.hoecker.eu\/blog\/sieg-der-kunstfreiheit-im-buchstreit-um-azende-einer-nachtaoe-olg-frankfurt-hebt-buchverbot-auf\/\"]}]},{\"@type\":\"BreadcrumbList\",\"@id\":\"https:\/\/www.hoecker.eu\/blog\/sieg-der-kunstfreiheit-im-buchstreit-um-azende-einer-nachtaoe-olg-frankfurt-hebt-buchverbot-auf\/#breadcrumb\",\"itemListElement\":[{\"@type\":\"ListItem\",\"position\":1,\"name\":\"Startseite\",\"item\":\"https:\/\/dev.hoecker.eu\/blog\/\"},{\"@type\":\"ListItem\",\"position\":2,\"name\":\"Sieg der Kunstfreiheit im Buchstreit um \u00c0\u017eEnde einer Nacht\u00c0\u0153: OLG Frankfurt hebt Buchverbot auf\"}]},{\"@type\":\"WebSite\",\"@id\":\"https:\/\/www.hoecker.eu\/blog\/#website\",\"url\":\"https:\/\/www.hoecker.eu\/blog\/\",\"name\":\"H\u00d6CKER - der Blog\",\"description\":\"Expertenblog f\u00fcr \u00c4u\u00dferungs-, Medien-, Marken-, Urheber- und Wettbewerbsrecht.\",\"publisher\":{\"@id\":\"https:\/\/www.hoecker.eu\/blog\/#organization\"},\"potentialAction\":[{\"@type\":\"SearchAction\",\"target\":{\"@type\":\"EntryPoint\",\"urlTemplate\":\"https:\/\/www.hoecker.eu\/blog\/?s={search_term_string}\"},\"query-input\":{\"@type\":\"PropertyValueSpecification\",\"valueRequired\":true,\"valueName\":\"search_term_string\"}}],\"inLanguage\":\"de\"},{\"@type\":\"Organization\",\"@id\":\"https:\/\/www.hoecker.eu\/blog\/#organization\",\"name\":\"H\u00d6CKER Rechtsanw\u00e4lte PartGmbB\",\"alternateName\":\"H\u00d6CKER\",\"url\":\"https:\/\/www.hoecker.eu\/blog\/\",\"logo\":{\"@type\":\"ImageObject\",\"inLanguage\":\"de\",\"@id\":\"https:\/\/www.hoecker.eu\/blog\/#\/schema\/logo\/image\/\",\"url\":\"https:\/\/www.hoecker.eu\/blog\/wp-content\/uploads\/2025\/03\/Blog-Logo.webp\",\"contentUrl\":\"https:\/\/www.hoecker.eu\/blog\/wp-content\/uploads\/2025\/03\/Blog-Logo.webp\",\"width\":500,\"height\":500,\"caption\":\"H\u00d6CKER Rechtsanw\u00e4lte PartGmbB\"},\"image\":{\"@id\":\"https:\/\/www.hoecker.eu\/blog\/#\/schema\/logo\/image\/\"},\"sameAs\":[\"https:\/\/www.facebook.com\/HoeckerRAe\/\",\"https:\/\/x.com\/hoecker_rae\",\"https:\/\/www.linkedin.com\/company\/hcker-rechtsanwlte\/\",\"https:\/\/www.instagram.com\/hoecker_rae\/\"],\"email\":\"contact@hoecker.eu\",\"telephone\":\"+ 49 (0)221-933 19-10\",\"legalName\":\"H\u00d6CKER Rechtsanw\u00e4lte PartGmbB\",\"numberOfEmployees\":{\"@type\":\"QuantitativeValue\",\"minValue\":\"11\",\"maxValue\":\"50\"}},{\"@type\":\"Person\",\"@id\":\"https:\/\/www.hoecker.eu\/blog\/#\/schema\/person\/08f95581eed0534eccd0b2438f7a1cab\",\"name\":\"Prof. Dr. Ralf H\u00f6cker\",\"description\":\"Medienanwalt. Besch\u00fctzer vor mieser Presse\",\"sameAs\":[\"https:\/\/www.hoecker.eu\/wer\/prof-dr-ralf-hoecker\",\"https:\/\/www.facebook.com\/ralf.hoecker\",\"https:\/\/www.linkedin.com\/in\/prof-dr-ralf-hcker-ll-m-london-17987826\/\",\"https:\/\/x.com\/Ralf_Hoecker\"],\"url\":\"https:\/\/www.hoecker.eu\/blog\/author\/hoecker_adm\/\"}]}<\/script>\n<!-- \/ Yoast SEO Premium plugin. -->","yoast_head_json":{"title":"Sieg der Kunstfreiheit im Buchstreit um \u00c0\u017eEnde einer Nacht\u00c0\u0153: OLG Frankfurt hebt Buchverbot auf - H\u00d6CKER - der Blog","robots":{"index":"index","follow":"follow","max-snippet":"max-snippet:-1","max-image-preview":"max-image-preview:large","max-video-preview":"max-video-preview:-1"},"canonical":"https:\/\/www.hoecker.eu\/blog\/sieg-der-kunstfreiheit-im-buchstreit-um-azende-einer-nachtaoe-olg-frankfurt-hebt-buchverbot-auf\/","og_locale":"de_DE","og_type":"article","og_title":"Sieg der Kunstfreiheit im Buchstreit um \u00c0\u017eEnde einer Nacht\u00c0\u0153: OLG Frankfurt hebt Buchverbot auf","og_description":"Im Verfahren um den Roman \u201eEnde einer Nacht\u201c hat das OLG Frankfurt heute der Berufung des Blumenbar Verlages und des Autors Olaf Kr\u00e4mer gegen die von Horst Fehlhaber erwirkte einstweilige Verf\u00fcgung weitgehend stattgegeben und der Kunstfreiheit Vorrang vor dem postmortalen Pers\u00f6nlichkeitsrecht der verstorbenen Magda Schneider gew\u00e4hrt (Urteil vom 15.10.2009, Az. 16 U 39\/09). Der Roman [&hellip;]","og_url":"https:\/\/www.hoecker.eu\/blog\/sieg-der-kunstfreiheit-im-buchstreit-um-azende-einer-nachtaoe-olg-frankfurt-hebt-buchverbot-auf\/","og_site_name":"H\u00d6CKER - der Blog","article_publisher":"https:\/\/www.facebook.com\/HoeckerRAe\/","article_author":"https:\/\/www.facebook.com\/ralf.hoecker","article_published_time":"2016-05-08T15:10:00+00:00","article_modified_time":"2025-02-17T14:03:51+00:00","author":"Prof. Dr. Ralf H\u00f6cker","twitter_card":"summary_large_image","twitter_creator":"@Ralf_Hoecker","twitter_site":"@hoecker_rae","twitter_misc":{"Verfasst von":"Prof. Dr. Ralf H\u00f6cker","Gesch\u00e4tzte Lesezeit":"3\u00a0Minuten"},"schema":{"@context":"https:\/\/schema.org","@graph":[{"@type":"Article","@id":"https:\/\/www.hoecker.eu\/blog\/sieg-der-kunstfreiheit-im-buchstreit-um-azende-einer-nachtaoe-olg-frankfurt-hebt-buchverbot-auf\/#article","isPartOf":{"@id":"https:\/\/www.hoecker.eu\/blog\/sieg-der-kunstfreiheit-im-buchstreit-um-azende-einer-nachtaoe-olg-frankfurt-hebt-buchverbot-auf\/"},"author":{"name":"Prof. Dr. Ralf H\u00f6cker","@id":"https:\/\/www.hoecker.eu\/blog\/#\/schema\/person\/08f95581eed0534eccd0b2438f7a1cab"},"headline":"Sieg der Kunstfreiheit im Buchstreit um \u00c0\u017eEnde einer Nacht\u00c0\u0153: OLG Frankfurt hebt Buchverbot auf","datePublished":"2016-05-08T15:10:00+00:00","dateModified":"2025-02-17T14:03:51+00:00","mainEntityOfPage":{"@id":"https:\/\/www.hoecker.eu\/blog\/sieg-der-kunstfreiheit-im-buchstreit-um-azende-einer-nachtaoe-olg-frankfurt-hebt-buchverbot-auf\/"},"wordCount":515,"publisher":{"@id":"https:\/\/www.hoecker.eu\/blog\/#organization"},"articleSection":["News"],"inLanguage":"de"},{"@type":"WebPage","@id":"https:\/\/www.hoecker.eu\/blog\/sieg-der-kunstfreiheit-im-buchstreit-um-azende-einer-nachtaoe-olg-frankfurt-hebt-buchverbot-auf\/","url":"https:\/\/www.hoecker.eu\/blog\/sieg-der-kunstfreiheit-im-buchstreit-um-azende-einer-nachtaoe-olg-frankfurt-hebt-buchverbot-auf\/","name":"Sieg der Kunstfreiheit im Buchstreit um \u00c0\u017eEnde einer Nacht\u00c0\u0153: OLG Frankfurt hebt Buchverbot auf - H\u00d6CKER - der Blog","isPartOf":{"@id":"https:\/\/www.hoecker.eu\/blog\/#website"},"datePublished":"2016-05-08T15:10:00+00:00","dateModified":"2025-02-17T14:03:51+00:00","breadcrumb":{"@id":"https:\/\/www.hoecker.eu\/blog\/sieg-der-kunstfreiheit-im-buchstreit-um-azende-einer-nachtaoe-olg-frankfurt-hebt-buchverbot-auf\/#breadcrumb"},"inLanguage":"de","potentialAction":[{"@type":"ReadAction","target":["https:\/\/www.hoecker.eu\/blog\/sieg-der-kunstfreiheit-im-buchstreit-um-azende-einer-nachtaoe-olg-frankfurt-hebt-buchverbot-auf\/"]}]},{"@type":"BreadcrumbList","@id":"https:\/\/www.hoecker.eu\/blog\/sieg-der-kunstfreiheit-im-buchstreit-um-azende-einer-nachtaoe-olg-frankfurt-hebt-buchverbot-auf\/#breadcrumb","itemListElement":[{"@type":"ListItem","position":1,"name":"Startseite","item":"https:\/\/dev.hoecker.eu\/blog\/"},{"@type":"ListItem","position":2,"name":"Sieg der Kunstfreiheit im Buchstreit um \u00c0\u017eEnde einer Nacht\u00c0\u0153: OLG Frankfurt hebt Buchverbot auf"}]},{"@type":"WebSite","@id":"https:\/\/www.hoecker.eu\/blog\/#website","url":"https:\/\/www.hoecker.eu\/blog\/","name":"H\u00d6CKER - der Blog","description":"Expertenblog f\u00fcr \u00c4u\u00dferungs-, Medien-, Marken-, Urheber- und Wettbewerbsrecht.","publisher":{"@id":"https:\/\/www.hoecker.eu\/blog\/#organization"},"potentialAction":[{"@type":"SearchAction","target":{"@type":"EntryPoint","urlTemplate":"https:\/\/www.hoecker.eu\/blog\/?s={search_term_string}"},"query-input":{"@type":"PropertyValueSpecification","valueRequired":true,"valueName":"search_term_string"}}],"inLanguage":"de"},{"@type":"Organization","@id":"https:\/\/www.hoecker.eu\/blog\/#organization","name":"H\u00d6CKER Rechtsanw\u00e4lte PartGmbB","alternateName":"H\u00d6CKER","url":"https:\/\/www.hoecker.eu\/blog\/","logo":{"@type":"ImageObject","inLanguage":"de","@id":"https:\/\/www.hoecker.eu\/blog\/#\/schema\/logo\/image\/","url":"https:\/\/www.hoecker.eu\/blog\/wp-content\/uploads\/2025\/03\/Blog-Logo.webp","contentUrl":"https:\/\/www.hoecker.eu\/blog\/wp-content\/uploads\/2025\/03\/Blog-Logo.webp","width":500,"height":500,"caption":"H\u00d6CKER Rechtsanw\u00e4lte PartGmbB"},"image":{"@id":"https:\/\/www.hoecker.eu\/blog\/#\/schema\/logo\/image\/"},"sameAs":["https:\/\/www.facebook.com\/HoeckerRAe\/","https:\/\/x.com\/hoecker_rae","https:\/\/www.linkedin.com\/company\/hcker-rechtsanwlte\/","https:\/\/www.instagram.com\/hoecker_rae\/"],"email":"contact@hoecker.eu","telephone":"+ 49 (0)221-933 19-10","legalName":"H\u00d6CKER Rechtsanw\u00e4lte PartGmbB","numberOfEmployees":{"@type":"QuantitativeValue","minValue":"11","maxValue":"50"}},{"@type":"Person","@id":"https:\/\/www.hoecker.eu\/blog\/#\/schema\/person\/08f95581eed0534eccd0b2438f7a1cab","name":"Prof. Dr. Ralf H\u00f6cker","description":"Medienanwalt. Besch\u00fctzer vor mieser Presse","sameAs":["https:\/\/www.hoecker.eu\/wer\/prof-dr-ralf-hoecker","https:\/\/www.facebook.com\/ralf.hoecker","https:\/\/www.linkedin.com\/in\/prof-dr-ralf-hcker-ll-m-london-17987826\/","https:\/\/x.com\/Ralf_Hoecker"],"url":"https:\/\/www.hoecker.eu\/blog\/author\/hoecker_adm\/"}]}},"authors":[{"term_id":84,"user_id":1,"is_guest":0,"slug":"hoecker_adm","display_name":"Prof. Dr. Ralf H\u00f6cker","avatar_url":{"url":"https:\/\/www.hoecker.eu\/blog\/wp-content\/uploads\/2023\/12\/ProfDrRalfHoecker.jpg","url2x":"https:\/\/www.hoecker.eu\/blog\/wp-content\/uploads\/2023\/12\/ProfDrRalfHoecker.jpg"},"0":null,"1":"","2":"","3":"","4":"","5":"","6":"","7":"","8":"","9":"","10":"","11":""}],"_links":{"self":[{"href":"https:\/\/www.hoecker.eu\/blog\/wp-json\/wp\/v2\/posts\/8850","targetHints":{"allow":["GET"]}}],"collection":[{"href":"https:\/\/www.hoecker.eu\/blog\/wp-json\/wp\/v2\/posts"}],"about":[{"href":"https:\/\/www.hoecker.eu\/blog\/wp-json\/wp\/v2\/types\/post"}],"author":[{"embeddable":true,"href":"https:\/\/www.hoecker.eu\/blog\/wp-json\/wp\/v2\/users\/1"}],"replies":[{"embeddable":true,"href":"https:\/\/www.hoecker.eu\/blog\/wp-json\/wp\/v2\/comments?post=8850"}],"version-history":[{"count":1,"href":"https:\/\/www.hoecker.eu\/blog\/wp-json\/wp\/v2\/posts\/8850\/revisions"}],"predecessor-version":[{"id":9972,"href":"https:\/\/www.hoecker.eu\/blog\/wp-json\/wp\/v2\/posts\/8850\/revisions\/9972"}],"wp:attachment":[{"href":"https:\/\/www.hoecker.eu\/blog\/wp-json\/wp\/v2\/media?parent=8850"}],"wp:term":[{"taxonomy":"category","embeddable":true,"href":"https:\/\/www.hoecker.eu\/blog\/wp-json\/wp\/v2\/categories?post=8850"},{"taxonomy":"post_tag","embeddable":true,"href":"https:\/\/www.hoecker.eu\/blog\/wp-json\/wp\/v2\/tags?post=8850"},{"taxonomy":"hashtags","embeddable":true,"href":"https:\/\/www.hoecker.eu\/blog\/wp-json\/wp\/v2\/hashtags?post=8850"},{"taxonomy":"author","embeddable":true,"href":"https:\/\/www.hoecker.eu\/blog\/wp-json\/wp\/v2\/ppma_author?post=8850"}],"curies":[{"name":"wp","href":"https:\/\/api.w.org\/{rel}","templated":true}]}}