{"id":8837,"date":"2016-05-09T11:52:41","date_gmt":"2016-05-09T09:52:41","guid":{"rendered":"https:\/\/www.hoecker.eu\/blog\/hoecker-erwirkt-fuer-joerg-kachelmann-einstweilige-verfuegung-gegen-die-illustrierte-focus-verbot-der-veroeffentlichung-von-details-aus-der-ermittlungsakte-kachelmann\/"},"modified":"2025-02-17T15:03:43","modified_gmt":"2025-02-17T14:03:43","slug":"hoecker-erwirkt-fuer-joerg-kachelmann-einstweilige-verfuegung-gegen-die-illustrierte-focus-verbot-der-veroeffentlichung-von-details-aus-der-ermittlungsakte-kachelmann","status":"publish","type":"post","link":"https:\/\/www.hoecker.eu\/blog\/hoecker-erwirkt-fuer-joerg-kachelmann-einstweilige-verfuegung-gegen-die-illustrierte-focus-verbot-der-veroeffentlichung-von-details-aus-der-ermittlungsakte-kachelmann\/","title":{"rendered":"H\u00d6CKER erwirkt f\u00fcr J\u00f6rg Kachelmann einstweilige Verf\u00fcgung gegen die Illustrierte &#8220;FOCUS&#8221;: Verbot der Ver\u00f6ffentlichung von Details aus der Ermittlungsakte Kachelmann"},"content":{"rendered":"<p><span class=\"flies\">J&ouml;rg Kachelmann, vertreten durch seinen Medienanwalt Prof. Dr. Ralf H&ouml;cker, hat gestern eine einstweilige Verf&uuml;gung gegen die Illustrierte &#8220;FOCUS&#8221; erwirkt. Die Pressekammer des Landgerichts K&ouml;ln hat dem FOCUS verboten, Details zum angeblichen Tat- und Nachtatgeschehen sowie zur rechtsmedizinischen Untersuchung der Anzeigenerstatterin aus der Ermittlungsakte im Kachelmann-Verfahren zu ver&ouml;ffentlichen (Einstweilige Verf&uuml;gung vom 29.03.2010, Az. 28 O 175\/10). Der FOCUS hatte gestern umfangreich &uuml;ber entsprechende Details berichtet. Aus der Verf&uuml;gung des LG K&ouml;ln ergibt sich, dass diese Berichterstattung rechtswidrig war. Sie verletzt die Pers&ouml;nlichkeitsrechte von J&ouml;rg Kachelmann.<\/p>\n<p>RA Prof. Dr. Ralf H&ouml;cker LL.M.:<\/p>\n<p><em>&bdquo;Ermittlungsakten geh&ouml;ren nicht in die &Ouml;ffentlichkeit, denn Ermittlungsverfahren werden bei der Staatsanwaltschaft und vor Gericht gef&uuml;hrt und nicht in den Medien.&nbsp;Derart verfr&uuml;hte Spekulationen zum Tathergang und zur Schuldfrage k&ouml;nnen das Bild eines Beschuldigten in der &Ouml;ffentlichkeit&nbsp;so massiv beeintr&auml;chtigen, dass auch ein sp&auml;terer Freispruch diesen Makel nicht mehr ausr&auml;umen kann. Denn sie pr&auml;gen Bilder, die sich nie wieder beseitigen lassen. <\/em><\/span><span class=\"flies\"><em>Der Fall des schlie&szlig;lich frei gesprochenen Moderators Andreas T&uuml;rck war ein schlimmes Beispiel daf&uuml;r, wie vernichtend sich eine mediale Stigmatisierung auswirken kann. Im Fall Kachelmann soll sich diese Stigmatisierung nicht wiederholen. Dabei hilft ihm der Beschluss des LG K&ouml;ln.&ldquo;<\/p>\n<p><\/em>Zum rechtlichen Hintergrund:<\/p>\n<p>In seiner wegweisenden Entscheidung hatte das LG K&ouml;ln zu pr&uuml;fen, welchen Umfang ein etwaiges &ouml;ffentliches Informationsinteresse an strafrechtlichen Vorw&uuml;rfen gegen&uuml;ber einem Prominenten hat. Selbst wenn die &Ouml;ffentlichkeit in Einzelf&auml;llen ein berechtigtes Interesse daran haben mag, zu erfahren, dass gegen einen Prominenten ein Strafverfahren l&auml;uft, muss die Berichterstattung doch gewisse Grenzen einhalten. Die sehr detaillierte und damit stigmatisierende FOCUS-Berichterstattung &uuml;ber die Tatvorw&uuml;rfe, das behauptete Nachtatgeschehen, die rechtsmedizinische Untersuchung der Anzeigenerstatterin und &uuml;ber andere Umst&auml;nde aus der Ermittlungsakte, die die Schuld- und Straffrage betreffen, war nach Auffassung der Antragstellerseite in diesem Verfahren rechtswidrig. Das LG K&ouml;ln hat die Verf&uuml;gung antragsgem&auml;&szlig; erlassen.<\/p>\n<p>W&auml;hrend eines laufenden Ermittlungsverfahrens gilt die Unschuldsvermutung (Art. 6 Abs. 2 der Europ&auml;ischen Konvention der Menschenrechte). Jeder Beschuldigte hat ein legitimes Interesse daran, nicht durch die Schilderung von Details einer bestrittenen und nicht nachgewiesenen Tat stigmatisiert oder gar vorverurteilt zu werden.<\/p>\n<p>Genau so lag es auch hier: W&auml;gt man das allgemeine Informationsinteresse mit dem Pers&ouml;nlichkeitsrecht des Herrn Kachelmann unter Ber&uuml;cksichtigung der Unschuldsvermutung ab, so f&uuml;hrt dies zu dem Ergebnis, dass Herr Kachelmann faktische Vorverurteilungen durch die Schilderung von Details der angeblichen Tatumst&auml;nde und seiner angeblichen Schuld nicht hinnehmen muss.<\/p>\n<p><\/span><span class=\"flies\">Wir haben auch andere Medien aufzufordern, diese Form der stigmatisierenden Berichterstattung &uuml;ber Herrn Kachelmann zu unterlassen. Wir werden uns weiterhin nicht zu den falschen Tatvorw&uuml;rfen &auml;u&szlig;ern, sondern nur zu Verfahrensfragen.<\/span><\/p>\n","protected":false},"excerpt":{"rendered":"<p>J&ouml;rg Kachelmann, vertreten durch seinen Medienanwalt Prof. Dr. Ralf H&ouml;cker, hat gestern eine einstweilige Verf&uuml;gung gegen die Illustrierte &#8220;FOCUS&#8221; erwirkt. Die Pressekammer des Landgerichts K&ouml;ln hat dem FOCUS verboten, Details zum angeblichen Tat- und Nachtatgeschehen sowie zur rechtsmedizinischen Untersuchung der Anzeigenerstatterin aus der Ermittlungsakte im Kachelmann-Verfahren zu ver&ouml;ffentlichen (Einstweilige Verf&uuml;gung vom 29.03.2010, Az. 28 O [&hellip;]<\/p>\n","protected":false},"author":1,"featured_media":0,"comment_status":"closed","ping_status":"closed","sticky":false,"template":"","format":"standard","meta":{"_has_post_settings":[],"footnotes":""},"categories":[15],"tags":[],"hashtags":[],"ppma_author":[84],"class_list":["post-8837","post","type-post","status-publish","format-standard","hentry","category-news","author-hoecker_adm"],"yoast_head":"<!-- This site is optimized with the Yoast SEO Premium plugin v25.9 (Yoast SEO v27.0) - https:\/\/yoast.com\/product\/yoast-seo-premium-wordpress\/ -->\n<title>H\u00d6CKER erwirkt f\u00fcr J\u00f6rg Kachelmann einstweilige Verf\u00fcgung gegen die Illustrierte &quot;FOCUS&quot;: Verbot der Ver\u00f6ffentlichung von Details aus der Ermittlungsakte Kachelmann - H\u00d6CKER - der Blog<\/title>\n<meta name=\"robots\" content=\"index, follow, max-snippet:-1, max-image-preview:large, max-video-preview:-1\" \/>\n<link rel=\"canonical\" href=\"https:\/\/www.hoecker.eu\/blog\/hoecker-erwirkt-fuer-joerg-kachelmann-einstweilige-verfuegung-gegen-die-illustrierte-focus-verbot-der-veroeffentlichung-von-details-aus-der-ermittlungsakte-kachelmann\/\" \/>\n<meta property=\"og:locale\" content=\"de_DE\" \/>\n<meta property=\"og:type\" content=\"article\" \/>\n<meta property=\"og:title\" content=\"H\u00d6CKER erwirkt f\u00fcr J\u00f6rg Kachelmann einstweilige Verf\u00fcgung gegen die Illustrierte &quot;FOCUS&quot;: Verbot der Ver\u00f6ffentlichung von Details aus der Ermittlungsakte Kachelmann\" \/>\n<meta property=\"og:description\" content=\"J&ouml;rg Kachelmann, vertreten durch seinen Medienanwalt Prof. Dr. Ralf H&ouml;cker, hat gestern eine einstweilige Verf&uuml;gung gegen die Illustrierte &#8220;FOCUS&#8221; erwirkt. Die Pressekammer des Landgerichts K&ouml;ln hat dem FOCUS verboten, Details zum angeblichen Tat- und Nachtatgeschehen sowie zur rechtsmedizinischen Untersuchung der Anzeigenerstatterin aus der Ermittlungsakte im Kachelmann-Verfahren zu ver&ouml;ffentlichen (Einstweilige Verf&uuml;gung vom 29.03.2010, Az. 28 O [&hellip;]\" \/>\n<meta property=\"og:url\" content=\"https:\/\/www.hoecker.eu\/blog\/hoecker-erwirkt-fuer-joerg-kachelmann-einstweilige-verfuegung-gegen-die-illustrierte-focus-verbot-der-veroeffentlichung-von-details-aus-der-ermittlungsakte-kachelmann\/\" \/>\n<meta property=\"og:site_name\" content=\"H\u00d6CKER - der Blog\" \/>\n<meta property=\"article:publisher\" content=\"https:\/\/www.facebook.com\/HoeckerRAe\/\" \/>\n<meta property=\"article:author\" content=\"https:\/\/www.facebook.com\/ralf.hoecker\" \/>\n<meta property=\"article:published_time\" content=\"2016-05-09T09:52:41+00:00\" \/>\n<meta property=\"article:modified_time\" content=\"2025-02-17T14:03:43+00:00\" \/>\n<meta name=\"author\" content=\"Prof. Dr. Ralf H\u00f6cker\" \/>\n<meta name=\"twitter:card\" content=\"summary_large_image\" \/>\n<meta name=\"twitter:creator\" content=\"@Ralf_Hoecker\" \/>\n<meta name=\"twitter:site\" content=\"@hoecker_rae\" \/>\n<meta name=\"twitter:label1\" content=\"Verfasst von\" \/>\n\t<meta name=\"twitter:data1\" content=\"Prof. Dr. Ralf H\u00f6cker\" \/>\n\t<meta name=\"twitter:label2\" content=\"Gesch\u00e4tzte Lesezeit\" \/>\n\t<meta name=\"twitter:data2\" content=\"3\u00a0Minuten\" \/>\n<script type=\"application\/ld+json\" class=\"yoast-schema-graph\">{\"@context\":\"https:\/\/schema.org\",\"@graph\":[{\"@type\":\"Article\",\"@id\":\"https:\/\/www.hoecker.eu\/blog\/hoecker-erwirkt-fuer-joerg-kachelmann-einstweilige-verfuegung-gegen-die-illustrierte-focus-verbot-der-veroeffentlichung-von-details-aus-der-ermittlungsakte-kachelmann\/#article\",\"isPartOf\":{\"@id\":\"https:\/\/www.hoecker.eu\/blog\/hoecker-erwirkt-fuer-joerg-kachelmann-einstweilige-verfuegung-gegen-die-illustrierte-focus-verbot-der-veroeffentlichung-von-details-aus-der-ermittlungsakte-kachelmann\/\"},\"author\":{\"name\":\"Prof. Dr. Ralf H\u00f6cker\",\"@id\":\"https:\/\/www.hoecker.eu\/blog\/#\/schema\/person\/08f95581eed0534eccd0b2438f7a1cab\"},\"headline\":\"H\u00d6CKER erwirkt f\u00fcr J\u00f6rg Kachelmann einstweilige Verf\u00fcgung gegen die Illustrierte &#8220;FOCUS&#8221;: Verbot der Ver\u00f6ffentlichung von Details aus der Ermittlungsakte Kachelmann\",\"datePublished\":\"2016-05-09T09:52:41+00:00\",\"dateModified\":\"2025-02-17T14:03:43+00:00\",\"mainEntityOfPage\":{\"@id\":\"https:\/\/www.hoecker.eu\/blog\/hoecker-erwirkt-fuer-joerg-kachelmann-einstweilige-verfuegung-gegen-die-illustrierte-focus-verbot-der-veroeffentlichung-von-details-aus-der-ermittlungsakte-kachelmann\/\"},\"wordCount\":532,\"publisher\":{\"@id\":\"https:\/\/www.hoecker.eu\/blog\/#organization\"},\"articleSection\":[\"News\"],\"inLanguage\":\"de\"},{\"@type\":\"WebPage\",\"@id\":\"https:\/\/www.hoecker.eu\/blog\/hoecker-erwirkt-fuer-joerg-kachelmann-einstweilige-verfuegung-gegen-die-illustrierte-focus-verbot-der-veroeffentlichung-von-details-aus-der-ermittlungsakte-kachelmann\/\",\"url\":\"https:\/\/www.hoecker.eu\/blog\/hoecker-erwirkt-fuer-joerg-kachelmann-einstweilige-verfuegung-gegen-die-illustrierte-focus-verbot-der-veroeffentlichung-von-details-aus-der-ermittlungsakte-kachelmann\/\",\"name\":\"H\u00d6CKER erwirkt f\u00fcr J\u00f6rg Kachelmann einstweilige Verf\u00fcgung gegen die Illustrierte \\\"FOCUS\\\": Verbot der Ver\u00f6ffentlichung von Details aus der Ermittlungsakte Kachelmann - H\u00d6CKER - der Blog\",\"isPartOf\":{\"@id\":\"https:\/\/www.hoecker.eu\/blog\/#website\"},\"datePublished\":\"2016-05-09T09:52:41+00:00\",\"dateModified\":\"2025-02-17T14:03:43+00:00\",\"breadcrumb\":{\"@id\":\"https:\/\/www.hoecker.eu\/blog\/hoecker-erwirkt-fuer-joerg-kachelmann-einstweilige-verfuegung-gegen-die-illustrierte-focus-verbot-der-veroeffentlichung-von-details-aus-der-ermittlungsakte-kachelmann\/#breadcrumb\"},\"inLanguage\":\"de\",\"potentialAction\":[{\"@type\":\"ReadAction\",\"target\":[\"https:\/\/www.hoecker.eu\/blog\/hoecker-erwirkt-fuer-joerg-kachelmann-einstweilige-verfuegung-gegen-die-illustrierte-focus-verbot-der-veroeffentlichung-von-details-aus-der-ermittlungsakte-kachelmann\/\"]}]},{\"@type\":\"BreadcrumbList\",\"@id\":\"https:\/\/www.hoecker.eu\/blog\/hoecker-erwirkt-fuer-joerg-kachelmann-einstweilige-verfuegung-gegen-die-illustrierte-focus-verbot-der-veroeffentlichung-von-details-aus-der-ermittlungsakte-kachelmann\/#breadcrumb\",\"itemListElement\":[{\"@type\":\"ListItem\",\"position\":1,\"name\":\"Startseite\",\"item\":\"https:\/\/dev.hoecker.eu\/blog\/\"},{\"@type\":\"ListItem\",\"position\":2,\"name\":\"H\u00d6CKER erwirkt f\u00fcr J\u00f6rg Kachelmann einstweilige Verf\u00fcgung gegen die Illustrierte &#8220;FOCUS&#8221;: Verbot der Ver\u00f6ffentlichung von Details aus der Ermittlungsakte Kachelmann\"}]},{\"@type\":\"WebSite\",\"@id\":\"https:\/\/www.hoecker.eu\/blog\/#website\",\"url\":\"https:\/\/www.hoecker.eu\/blog\/\",\"name\":\"H\u00d6CKER - der Blog\",\"description\":\"Expertenblog f\u00fcr \u00c4u\u00dferungs-, Medien-, Marken-, Urheber- und Wettbewerbsrecht.\",\"publisher\":{\"@id\":\"https:\/\/www.hoecker.eu\/blog\/#organization\"},\"potentialAction\":[{\"@type\":\"SearchAction\",\"target\":{\"@type\":\"EntryPoint\",\"urlTemplate\":\"https:\/\/www.hoecker.eu\/blog\/?s={search_term_string}\"},\"query-input\":{\"@type\":\"PropertyValueSpecification\",\"valueRequired\":true,\"valueName\":\"search_term_string\"}}],\"inLanguage\":\"de\"},{\"@type\":\"Organization\",\"@id\":\"https:\/\/www.hoecker.eu\/blog\/#organization\",\"name\":\"H\u00d6CKER Rechtsanw\u00e4lte PartGmbB\",\"alternateName\":\"H\u00d6CKER\",\"url\":\"https:\/\/www.hoecker.eu\/blog\/\",\"logo\":{\"@type\":\"ImageObject\",\"inLanguage\":\"de\",\"@id\":\"https:\/\/www.hoecker.eu\/blog\/#\/schema\/logo\/image\/\",\"url\":\"https:\/\/www.hoecker.eu\/blog\/wp-content\/uploads\/2025\/03\/Blog-Logo.webp\",\"contentUrl\":\"https:\/\/www.hoecker.eu\/blog\/wp-content\/uploads\/2025\/03\/Blog-Logo.webp\",\"width\":500,\"height\":500,\"caption\":\"H\u00d6CKER Rechtsanw\u00e4lte PartGmbB\"},\"image\":{\"@id\":\"https:\/\/www.hoecker.eu\/blog\/#\/schema\/logo\/image\/\"},\"sameAs\":[\"https:\/\/www.facebook.com\/HoeckerRAe\/\",\"https:\/\/x.com\/hoecker_rae\",\"https:\/\/www.linkedin.com\/company\/hcker-rechtsanwlte\/\",\"https:\/\/www.instagram.com\/hoecker_rae\/\"],\"email\":\"contact@hoecker.eu\",\"telephone\":\"+ 49 (0)221-933 19-10\",\"legalName\":\"H\u00d6CKER Rechtsanw\u00e4lte PartGmbB\",\"numberOfEmployees\":{\"@type\":\"QuantitativeValue\",\"minValue\":\"11\",\"maxValue\":\"50\"}},{\"@type\":\"Person\",\"@id\":\"https:\/\/www.hoecker.eu\/blog\/#\/schema\/person\/08f95581eed0534eccd0b2438f7a1cab\",\"name\":\"Prof. Dr. Ralf H\u00f6cker\",\"description\":\"Medienanwalt. Besch\u00fctzer vor mieser Presse\",\"sameAs\":[\"https:\/\/www.hoecker.eu\/wer\/prof-dr-ralf-hoecker\",\"https:\/\/www.facebook.com\/ralf.hoecker\",\"https:\/\/www.linkedin.com\/in\/prof-dr-ralf-hcker-ll-m-london-17987826\/\",\"https:\/\/x.com\/Ralf_Hoecker\"],\"url\":\"https:\/\/www.hoecker.eu\/blog\/author\/hoecker_adm\/\"}]}<\/script>\n<!-- \/ Yoast SEO Premium plugin. -->","yoast_head_json":{"title":"H\u00d6CKER erwirkt f\u00fcr J\u00f6rg Kachelmann einstweilige Verf\u00fcgung gegen die Illustrierte \"FOCUS\": Verbot der Ver\u00f6ffentlichung von Details aus der Ermittlungsakte Kachelmann - H\u00d6CKER - der Blog","robots":{"index":"index","follow":"follow","max-snippet":"max-snippet:-1","max-image-preview":"max-image-preview:large","max-video-preview":"max-video-preview:-1"},"canonical":"https:\/\/www.hoecker.eu\/blog\/hoecker-erwirkt-fuer-joerg-kachelmann-einstweilige-verfuegung-gegen-die-illustrierte-focus-verbot-der-veroeffentlichung-von-details-aus-der-ermittlungsakte-kachelmann\/","og_locale":"de_DE","og_type":"article","og_title":"H\u00d6CKER erwirkt f\u00fcr J\u00f6rg Kachelmann einstweilige Verf\u00fcgung gegen die Illustrierte \"FOCUS\": Verbot der Ver\u00f6ffentlichung von Details aus der Ermittlungsakte Kachelmann","og_description":"J&ouml;rg Kachelmann, vertreten durch seinen Medienanwalt Prof. Dr. Ralf H&ouml;cker, hat gestern eine einstweilige Verf&uuml;gung gegen die Illustrierte &#8220;FOCUS&#8221; erwirkt. Die Pressekammer des Landgerichts K&ouml;ln hat dem FOCUS verboten, Details zum angeblichen Tat- und Nachtatgeschehen sowie zur rechtsmedizinischen Untersuchung der Anzeigenerstatterin aus der Ermittlungsakte im Kachelmann-Verfahren zu ver&ouml;ffentlichen (Einstweilige Verf&uuml;gung vom 29.03.2010, Az. 28 O [&hellip;]","og_url":"https:\/\/www.hoecker.eu\/blog\/hoecker-erwirkt-fuer-joerg-kachelmann-einstweilige-verfuegung-gegen-die-illustrierte-focus-verbot-der-veroeffentlichung-von-details-aus-der-ermittlungsakte-kachelmann\/","og_site_name":"H\u00d6CKER - der Blog","article_publisher":"https:\/\/www.facebook.com\/HoeckerRAe\/","article_author":"https:\/\/www.facebook.com\/ralf.hoecker","article_published_time":"2016-05-09T09:52:41+00:00","article_modified_time":"2025-02-17T14:03:43+00:00","author":"Prof. Dr. Ralf H\u00f6cker","twitter_card":"summary_large_image","twitter_creator":"@Ralf_Hoecker","twitter_site":"@hoecker_rae","twitter_misc":{"Verfasst von":"Prof. Dr. Ralf H\u00f6cker","Gesch\u00e4tzte Lesezeit":"3\u00a0Minuten"},"schema":{"@context":"https:\/\/schema.org","@graph":[{"@type":"Article","@id":"https:\/\/www.hoecker.eu\/blog\/hoecker-erwirkt-fuer-joerg-kachelmann-einstweilige-verfuegung-gegen-die-illustrierte-focus-verbot-der-veroeffentlichung-von-details-aus-der-ermittlungsakte-kachelmann\/#article","isPartOf":{"@id":"https:\/\/www.hoecker.eu\/blog\/hoecker-erwirkt-fuer-joerg-kachelmann-einstweilige-verfuegung-gegen-die-illustrierte-focus-verbot-der-veroeffentlichung-von-details-aus-der-ermittlungsakte-kachelmann\/"},"author":{"name":"Prof. Dr. Ralf H\u00f6cker","@id":"https:\/\/www.hoecker.eu\/blog\/#\/schema\/person\/08f95581eed0534eccd0b2438f7a1cab"},"headline":"H\u00d6CKER erwirkt f\u00fcr J\u00f6rg Kachelmann einstweilige Verf\u00fcgung gegen die Illustrierte &#8220;FOCUS&#8221;: Verbot der Ver\u00f6ffentlichung von Details aus der Ermittlungsakte Kachelmann","datePublished":"2016-05-09T09:52:41+00:00","dateModified":"2025-02-17T14:03:43+00:00","mainEntityOfPage":{"@id":"https:\/\/www.hoecker.eu\/blog\/hoecker-erwirkt-fuer-joerg-kachelmann-einstweilige-verfuegung-gegen-die-illustrierte-focus-verbot-der-veroeffentlichung-von-details-aus-der-ermittlungsakte-kachelmann\/"},"wordCount":532,"publisher":{"@id":"https:\/\/www.hoecker.eu\/blog\/#organization"},"articleSection":["News"],"inLanguage":"de"},{"@type":"WebPage","@id":"https:\/\/www.hoecker.eu\/blog\/hoecker-erwirkt-fuer-joerg-kachelmann-einstweilige-verfuegung-gegen-die-illustrierte-focus-verbot-der-veroeffentlichung-von-details-aus-der-ermittlungsakte-kachelmann\/","url":"https:\/\/www.hoecker.eu\/blog\/hoecker-erwirkt-fuer-joerg-kachelmann-einstweilige-verfuegung-gegen-die-illustrierte-focus-verbot-der-veroeffentlichung-von-details-aus-der-ermittlungsakte-kachelmann\/","name":"H\u00d6CKER erwirkt f\u00fcr J\u00f6rg Kachelmann einstweilige Verf\u00fcgung gegen die Illustrierte \"FOCUS\": Verbot der Ver\u00f6ffentlichung von Details aus der Ermittlungsakte Kachelmann - H\u00d6CKER - der Blog","isPartOf":{"@id":"https:\/\/www.hoecker.eu\/blog\/#website"},"datePublished":"2016-05-09T09:52:41+00:00","dateModified":"2025-02-17T14:03:43+00:00","breadcrumb":{"@id":"https:\/\/www.hoecker.eu\/blog\/hoecker-erwirkt-fuer-joerg-kachelmann-einstweilige-verfuegung-gegen-die-illustrierte-focus-verbot-der-veroeffentlichung-von-details-aus-der-ermittlungsakte-kachelmann\/#breadcrumb"},"inLanguage":"de","potentialAction":[{"@type":"ReadAction","target":["https:\/\/www.hoecker.eu\/blog\/hoecker-erwirkt-fuer-joerg-kachelmann-einstweilige-verfuegung-gegen-die-illustrierte-focus-verbot-der-veroeffentlichung-von-details-aus-der-ermittlungsakte-kachelmann\/"]}]},{"@type":"BreadcrumbList","@id":"https:\/\/www.hoecker.eu\/blog\/hoecker-erwirkt-fuer-joerg-kachelmann-einstweilige-verfuegung-gegen-die-illustrierte-focus-verbot-der-veroeffentlichung-von-details-aus-der-ermittlungsakte-kachelmann\/#breadcrumb","itemListElement":[{"@type":"ListItem","position":1,"name":"Startseite","item":"https:\/\/dev.hoecker.eu\/blog\/"},{"@type":"ListItem","position":2,"name":"H\u00d6CKER erwirkt f\u00fcr J\u00f6rg Kachelmann einstweilige Verf\u00fcgung gegen die Illustrierte &#8220;FOCUS&#8221;: Verbot der Ver\u00f6ffentlichung von Details aus der Ermittlungsakte Kachelmann"}]},{"@type":"WebSite","@id":"https:\/\/www.hoecker.eu\/blog\/#website","url":"https:\/\/www.hoecker.eu\/blog\/","name":"H\u00d6CKER - der Blog","description":"Expertenblog f\u00fcr \u00c4u\u00dferungs-, Medien-, Marken-, Urheber- und Wettbewerbsrecht.","publisher":{"@id":"https:\/\/www.hoecker.eu\/blog\/#organization"},"potentialAction":[{"@type":"SearchAction","target":{"@type":"EntryPoint","urlTemplate":"https:\/\/www.hoecker.eu\/blog\/?s={search_term_string}"},"query-input":{"@type":"PropertyValueSpecification","valueRequired":true,"valueName":"search_term_string"}}],"inLanguage":"de"},{"@type":"Organization","@id":"https:\/\/www.hoecker.eu\/blog\/#organization","name":"H\u00d6CKER Rechtsanw\u00e4lte PartGmbB","alternateName":"H\u00d6CKER","url":"https:\/\/www.hoecker.eu\/blog\/","logo":{"@type":"ImageObject","inLanguage":"de","@id":"https:\/\/www.hoecker.eu\/blog\/#\/schema\/logo\/image\/","url":"https:\/\/www.hoecker.eu\/blog\/wp-content\/uploads\/2025\/03\/Blog-Logo.webp","contentUrl":"https:\/\/www.hoecker.eu\/blog\/wp-content\/uploads\/2025\/03\/Blog-Logo.webp","width":500,"height":500,"caption":"H\u00d6CKER Rechtsanw\u00e4lte PartGmbB"},"image":{"@id":"https:\/\/www.hoecker.eu\/blog\/#\/schema\/logo\/image\/"},"sameAs":["https:\/\/www.facebook.com\/HoeckerRAe\/","https:\/\/x.com\/hoecker_rae","https:\/\/www.linkedin.com\/company\/hcker-rechtsanwlte\/","https:\/\/www.instagram.com\/hoecker_rae\/"],"email":"contact@hoecker.eu","telephone":"+ 49 (0)221-933 19-10","legalName":"H\u00d6CKER Rechtsanw\u00e4lte PartGmbB","numberOfEmployees":{"@type":"QuantitativeValue","minValue":"11","maxValue":"50"}},{"@type":"Person","@id":"https:\/\/www.hoecker.eu\/blog\/#\/schema\/person\/08f95581eed0534eccd0b2438f7a1cab","name":"Prof. Dr. Ralf H\u00f6cker","description":"Medienanwalt. Besch\u00fctzer vor mieser Presse","sameAs":["https:\/\/www.hoecker.eu\/wer\/prof-dr-ralf-hoecker","https:\/\/www.facebook.com\/ralf.hoecker","https:\/\/www.linkedin.com\/in\/prof-dr-ralf-hcker-ll-m-london-17987826\/","https:\/\/x.com\/Ralf_Hoecker"],"url":"https:\/\/www.hoecker.eu\/blog\/author\/hoecker_adm\/"}]}},"authors":[{"term_id":84,"user_id":1,"is_guest":0,"slug":"hoecker_adm","display_name":"Prof. Dr. Ralf H\u00f6cker","avatar_url":{"url":"https:\/\/www.hoecker.eu\/blog\/wp-content\/uploads\/2023\/12\/ProfDrRalfHoecker.jpg","url2x":"https:\/\/www.hoecker.eu\/blog\/wp-content\/uploads\/2023\/12\/ProfDrRalfHoecker.jpg"},"0":null,"1":"","2":"","3":"","4":"","5":"","6":"","7":"","8":"","9":"","10":"","11":""}],"_links":{"self":[{"href":"https:\/\/www.hoecker.eu\/blog\/wp-json\/wp\/v2\/posts\/8837","targetHints":{"allow":["GET"]}}],"collection":[{"href":"https:\/\/www.hoecker.eu\/blog\/wp-json\/wp\/v2\/posts"}],"about":[{"href":"https:\/\/www.hoecker.eu\/blog\/wp-json\/wp\/v2\/types\/post"}],"author":[{"embeddable":true,"href":"https:\/\/www.hoecker.eu\/blog\/wp-json\/wp\/v2\/users\/1"}],"replies":[{"embeddable":true,"href":"https:\/\/www.hoecker.eu\/blog\/wp-json\/wp\/v2\/comments?post=8837"}],"version-history":[{"count":1,"href":"https:\/\/www.hoecker.eu\/blog\/wp-json\/wp\/v2\/posts\/8837\/revisions"}],"predecessor-version":[{"id":9959,"href":"https:\/\/www.hoecker.eu\/blog\/wp-json\/wp\/v2\/posts\/8837\/revisions\/9959"}],"wp:attachment":[{"href":"https:\/\/www.hoecker.eu\/blog\/wp-json\/wp\/v2\/media?parent=8837"}],"wp:term":[{"taxonomy":"category","embeddable":true,"href":"https:\/\/www.hoecker.eu\/blog\/wp-json\/wp\/v2\/categories?post=8837"},{"taxonomy":"post_tag","embeddable":true,"href":"https:\/\/www.hoecker.eu\/blog\/wp-json\/wp\/v2\/tags?post=8837"},{"taxonomy":"hashtags","embeddable":true,"href":"https:\/\/www.hoecker.eu\/blog\/wp-json\/wp\/v2\/hashtags?post=8837"},{"taxonomy":"author","embeddable":true,"href":"https:\/\/www.hoecker.eu\/blog\/wp-json\/wp\/v2\/ppma_author?post=8837"}],"curies":[{"name":"wp","href":"https:\/\/api.w.org\/{rel}","templated":true}]}}