{"id":8814,"date":"2016-05-09T17:31:36","date_gmt":"2016-05-09T15:31:36","guid":{"rendered":"https:\/\/www.hoecker.eu\/blog\/kachelmann-erfolgreich-gegen-bild-widerspruch-von-bild-wird-am-01-09-2010-zurueckgewiesen\/"},"modified":"2025-02-17T15:03:29","modified_gmt":"2025-02-17T14:03:29","slug":"kachelmann-erfolgreich-gegen-bild-widerspruch-von-bild-wird-am-01-09-2010-zurueckgewiesen","status":"publish","type":"post","link":"https:\/\/www.hoecker.eu\/blog\/kachelmann-erfolgreich-gegen-bild-widerspruch-von-bild-wird-am-01-09-2010-zurueckgewiesen\/","title":{"rendered":"Kachelmann erfolgreich gegen BILD: Widerspruch von BILD wird am 01.09.2010 zur\u00fcckgewiesen"},"content":{"rendered":"<p><span style=\"FONT-FAMILY: 'Calibri','sans-serif'; FONT-SIZE: 11pt\">Unsere Kanzlei hat f&uuml;r J&ouml;rg Kachelmann in den letzten Monaten fast 20 einstweilige Verf&uuml;gungen allein gegen BILD (Print und Online) erwirkt. <span style=\"COLOR: black\">Die Richter der Pressekammer des LG K&ouml;ln haben in einer m&uuml;ndlichen Verhandlung heute erkennen lassen, dass der Widerspruch der&nbsp;BILD Digital GmbH &amp; Co. KG (bild.de)&nbsp;gegen die einstweilige Verf&uuml;gung des LG K&ouml;ln vom 07.04.2010<\/span><span style=\"COLOR: #1f497d\"> <\/span><strong><span style=\"FONT-FAMILY: 'Calibri','sans-serif'; COLOR: black\">keine Aussicht auf Erfolg<\/span><\/strong><span style=\"COLOR: black\"> hat.<\/p>\n<p>In der Verf&uuml;gung war es bild.de verboten worden, Details aus der Ermittlungsakte zu verbreiten, die bild.de aus einem FOCUS-Bericht entnommen hatte. Die Richter hielten heute ausdr&uuml;cklich an ihrer Entscheidung fest, dass die Berichterstattung rechtswidrig war und Herrn Kachelmann in seinen Rechten verletzte. Nachdem jedoch die Staatsanwaltschaft Mannheim in ihrer Pressemitteilung vom 19.05.2010 die von bild.de verbreiteten rechtswidrigen Inhalte unter Versto&szlig; gegen das Landespressegesetz best&auml;tigt hatte, griff ab diesem Moment zugunsten von bild.de ein presserechtliches Privileg. In dem Moment, in dem eine ermittelnde Staatsanwaltschaft rechtswidriger Weise Details bekannt gibt oder best&auml;tigt, d&uuml;rfen diese in der Regel auch von der Presse zitiert werden. Die Staatsanwaltschaft Mannheim half bild.de durch ihre rechtswidrige Pressemitteilung somit, eine rechtswidrige Berichterstattung mit Wirkung ab dem 19.05.2010 zu legitimieren.&nbsp;Aus diesem Grund&nbsp;hat Herr Kachelmann f&uuml;r die Zeit nach dem 19.05.2010 auf die Rechte aus der Verf&uuml;gung verzichtet. Bild.de war jedoch der Meinung, dass die Berichterstattung auch <strong>vor<\/strong> der Pressemitteilung der StA zul&auml;ssig gewesen sei. Dies wollte bild.de durch einen Widerspruch gegen die Verf&uuml;gung gerichtlich feststellen lassen. Mit diesem Antrag ist bild.de heute gescheitert. Die Richter lie&szlig;en deutlich erkennen, dass der Widerspruch keine Aussicht auf Erfolg haben, sondern zur&uuml;ckgewiesen <\/span>werden wird. Bis zum 19.05.2010 war die Berichterstattung von bild.de also rechtswidrig.<span style=\"COLOR: black\"><\/p>\n<p>Prof. Dr. Ralf H&ouml;cker, LL.M.: <\/span>&#8220;BILD ist heute zu 100% baden gegangen. Das LG K&ouml;ln hat heute best&auml;tigt, dass BILD.de Herrn Kachelmann in seinen Rechten verletzt hat und am 01.09.2010 vor Gericht unterliegen wird. Bis zum 19.05.2010 war die Berichterstattung von bild.de rechtswidrig. Am 19.05.2010 hat die Staatsanwaltschaft Mannheim die Flucht nach<span style=\"COLOR: black\"> vorn angetreten und&nbsp;eine gegen das Landespressegesetz versto&szlig;ende Pressemitteilung herausgegeben, die die rechtswidrige Presseberichterstattung&nbsp; von bild.de mit Wirkung ab dem 19.05.2010 legitimiert<\/span>e. Die StA Mannheim hat sich so erneut <span style=\"COLOR: black\">zu einem Komplizen von&nbsp;BILD und FOCUS&nbsp;gemacht.&#8221;<\/span><\/span><\/p>\n","protected":false},"excerpt":{"rendered":"<p>Unsere Kanzlei hat f&uuml;r J&ouml;rg Kachelmann in den letzten Monaten fast 20 einstweilige Verf&uuml;gungen allein gegen BILD (Print und Online) erwirkt. Die Richter der Pressekammer des LG K&ouml;ln haben in einer m&uuml;ndlichen Verhandlung heute erkennen lassen, dass der Widerspruch der&nbsp;BILD Digital GmbH &amp; Co. KG (bild.de)&nbsp;gegen die einstweilige Verf&uuml;gung des LG K&ouml;ln vom 07.04.2010 keine [&hellip;]<\/p>\n","protected":false},"author":1,"featured_media":0,"comment_status":"closed","ping_status":"closed","sticky":false,"template":"","format":"standard","meta":{"_has_post_settings":[],"footnotes":""},"categories":[15],"tags":[],"hashtags":[],"ppma_author":[84],"class_list":["post-8814","post","type-post","status-publish","format-standard","hentry","category-news","author-hoecker_adm"],"yoast_head":"<!-- This site is optimized with the Yoast SEO Premium plugin v25.9 (Yoast SEO v27.0) - https:\/\/yoast.com\/product\/yoast-seo-premium-wordpress\/ -->\n<title>Kachelmann erfolgreich gegen BILD: Widerspruch von BILD wird am 01.09.2010 zur\u00fcckgewiesen - H\u00d6CKER - der Blog<\/title>\n<meta name=\"robots\" content=\"index, follow, max-snippet:-1, max-image-preview:large, max-video-preview:-1\" \/>\n<link rel=\"canonical\" href=\"https:\/\/www.hoecker.eu\/blog\/kachelmann-erfolgreich-gegen-bild-widerspruch-von-bild-wird-am-01-09-2010-zurueckgewiesen\/\" \/>\n<meta property=\"og:locale\" content=\"de_DE\" \/>\n<meta property=\"og:type\" content=\"article\" \/>\n<meta property=\"og:title\" content=\"Kachelmann erfolgreich gegen BILD: Widerspruch von BILD wird am 01.09.2010 zur\u00fcckgewiesen\" \/>\n<meta property=\"og:description\" content=\"Unsere Kanzlei hat f&uuml;r J&ouml;rg Kachelmann in den letzten Monaten fast 20 einstweilige Verf&uuml;gungen allein gegen BILD (Print und Online) erwirkt. Die Richter der Pressekammer des LG K&ouml;ln haben in einer m&uuml;ndlichen Verhandlung heute erkennen lassen, dass der Widerspruch der&nbsp;BILD Digital GmbH &amp; Co. KG (bild.de)&nbsp;gegen die einstweilige Verf&uuml;gung des LG K&ouml;ln vom 07.04.2010 keine [&hellip;]\" \/>\n<meta property=\"og:url\" content=\"https:\/\/www.hoecker.eu\/blog\/kachelmann-erfolgreich-gegen-bild-widerspruch-von-bild-wird-am-01-09-2010-zurueckgewiesen\/\" \/>\n<meta property=\"og:site_name\" content=\"H\u00d6CKER - der Blog\" \/>\n<meta property=\"article:publisher\" content=\"https:\/\/www.facebook.com\/HoeckerRAe\/\" \/>\n<meta property=\"article:author\" content=\"https:\/\/www.facebook.com\/ralf.hoecker\" \/>\n<meta property=\"article:published_time\" content=\"2016-05-09T15:31:36+00:00\" \/>\n<meta property=\"article:modified_time\" content=\"2025-02-17T14:03:29+00:00\" \/>\n<meta name=\"author\" content=\"Prof. Dr. Ralf H\u00f6cker\" \/>\n<meta name=\"twitter:card\" content=\"summary_large_image\" \/>\n<meta name=\"twitter:creator\" content=\"@Ralf_Hoecker\" \/>\n<meta name=\"twitter:site\" content=\"@hoecker_rae\" \/>\n<meta name=\"twitter:label1\" content=\"Verfasst von\" \/>\n\t<meta name=\"twitter:data1\" content=\"Prof. Dr. Ralf H\u00f6cker\" \/>\n\t<meta name=\"twitter:label2\" content=\"Gesch\u00e4tzte Lesezeit\" \/>\n\t<meta name=\"twitter:data2\" content=\"2\u00a0Minuten\" \/>\n<script type=\"application\/ld+json\" class=\"yoast-schema-graph\">{\"@context\":\"https:\/\/schema.org\",\"@graph\":[{\"@type\":\"Article\",\"@id\":\"https:\/\/www.hoecker.eu\/blog\/kachelmann-erfolgreich-gegen-bild-widerspruch-von-bild-wird-am-01-09-2010-zurueckgewiesen\/#article\",\"isPartOf\":{\"@id\":\"https:\/\/www.hoecker.eu\/blog\/kachelmann-erfolgreich-gegen-bild-widerspruch-von-bild-wird-am-01-09-2010-zurueckgewiesen\/\"},\"author\":{\"name\":\"Prof. Dr. Ralf H\u00f6cker\",\"@id\":\"https:\/\/www.hoecker.eu\/blog\/#\/schema\/person\/08f95581eed0534eccd0b2438f7a1cab\"},\"headline\":\"Kachelmann erfolgreich gegen BILD: Widerspruch von BILD wird am 01.09.2010 zur\u00fcckgewiesen\",\"datePublished\":\"2016-05-09T15:31:36+00:00\",\"dateModified\":\"2025-02-17T14:03:29+00:00\",\"mainEntityOfPage\":{\"@id\":\"https:\/\/www.hoecker.eu\/blog\/kachelmann-erfolgreich-gegen-bild-widerspruch-von-bild-wird-am-01-09-2010-zurueckgewiesen\/\"},\"wordCount\":420,\"publisher\":{\"@id\":\"https:\/\/www.hoecker.eu\/blog\/#organization\"},\"articleSection\":[\"News\"],\"inLanguage\":\"de\"},{\"@type\":\"WebPage\",\"@id\":\"https:\/\/www.hoecker.eu\/blog\/kachelmann-erfolgreich-gegen-bild-widerspruch-von-bild-wird-am-01-09-2010-zurueckgewiesen\/\",\"url\":\"https:\/\/www.hoecker.eu\/blog\/kachelmann-erfolgreich-gegen-bild-widerspruch-von-bild-wird-am-01-09-2010-zurueckgewiesen\/\",\"name\":\"Kachelmann erfolgreich gegen BILD: Widerspruch von BILD wird am 01.09.2010 zur\u00fcckgewiesen - H\u00d6CKER - der Blog\",\"isPartOf\":{\"@id\":\"https:\/\/www.hoecker.eu\/blog\/#website\"},\"datePublished\":\"2016-05-09T15:31:36+00:00\",\"dateModified\":\"2025-02-17T14:03:29+00:00\",\"breadcrumb\":{\"@id\":\"https:\/\/www.hoecker.eu\/blog\/kachelmann-erfolgreich-gegen-bild-widerspruch-von-bild-wird-am-01-09-2010-zurueckgewiesen\/#breadcrumb\"},\"inLanguage\":\"de\",\"potentialAction\":[{\"@type\":\"ReadAction\",\"target\":[\"https:\/\/www.hoecker.eu\/blog\/kachelmann-erfolgreich-gegen-bild-widerspruch-von-bild-wird-am-01-09-2010-zurueckgewiesen\/\"]}]},{\"@type\":\"BreadcrumbList\",\"@id\":\"https:\/\/www.hoecker.eu\/blog\/kachelmann-erfolgreich-gegen-bild-widerspruch-von-bild-wird-am-01-09-2010-zurueckgewiesen\/#breadcrumb\",\"itemListElement\":[{\"@type\":\"ListItem\",\"position\":1,\"name\":\"Startseite\",\"item\":\"https:\/\/dev.hoecker.eu\/blog\/\"},{\"@type\":\"ListItem\",\"position\":2,\"name\":\"Kachelmann erfolgreich gegen BILD: Widerspruch von BILD wird am 01.09.2010 zur\u00fcckgewiesen\"}]},{\"@type\":\"WebSite\",\"@id\":\"https:\/\/www.hoecker.eu\/blog\/#website\",\"url\":\"https:\/\/www.hoecker.eu\/blog\/\",\"name\":\"H\u00d6CKER - der Blog\",\"description\":\"Expertenblog f\u00fcr \u00c4u\u00dferungs-, Medien-, Marken-, Urheber- und Wettbewerbsrecht.\",\"publisher\":{\"@id\":\"https:\/\/www.hoecker.eu\/blog\/#organization\"},\"potentialAction\":[{\"@type\":\"SearchAction\",\"target\":{\"@type\":\"EntryPoint\",\"urlTemplate\":\"https:\/\/www.hoecker.eu\/blog\/?s={search_term_string}\"},\"query-input\":{\"@type\":\"PropertyValueSpecification\",\"valueRequired\":true,\"valueName\":\"search_term_string\"}}],\"inLanguage\":\"de\"},{\"@type\":\"Organization\",\"@id\":\"https:\/\/www.hoecker.eu\/blog\/#organization\",\"name\":\"H\u00d6CKER Rechtsanw\u00e4lte PartGmbB\",\"alternateName\":\"H\u00d6CKER\",\"url\":\"https:\/\/www.hoecker.eu\/blog\/\",\"logo\":{\"@type\":\"ImageObject\",\"inLanguage\":\"de\",\"@id\":\"https:\/\/www.hoecker.eu\/blog\/#\/schema\/logo\/image\/\",\"url\":\"https:\/\/www.hoecker.eu\/blog\/wp-content\/uploads\/2025\/03\/Blog-Logo.webp\",\"contentUrl\":\"https:\/\/www.hoecker.eu\/blog\/wp-content\/uploads\/2025\/03\/Blog-Logo.webp\",\"width\":500,\"height\":500,\"caption\":\"H\u00d6CKER Rechtsanw\u00e4lte PartGmbB\"},\"image\":{\"@id\":\"https:\/\/www.hoecker.eu\/blog\/#\/schema\/logo\/image\/\"},\"sameAs\":[\"https:\/\/www.facebook.com\/HoeckerRAe\/\",\"https:\/\/x.com\/hoecker_rae\",\"https:\/\/www.linkedin.com\/company\/hcker-rechtsanwlte\/\",\"https:\/\/www.instagram.com\/hoecker_rae\/\"],\"email\":\"contact@hoecker.eu\",\"telephone\":\"+ 49 (0)221-933 19-10\",\"legalName\":\"H\u00d6CKER Rechtsanw\u00e4lte PartGmbB\",\"numberOfEmployees\":{\"@type\":\"QuantitativeValue\",\"minValue\":\"11\",\"maxValue\":\"50\"}},{\"@type\":\"Person\",\"@id\":\"https:\/\/www.hoecker.eu\/blog\/#\/schema\/person\/08f95581eed0534eccd0b2438f7a1cab\",\"name\":\"Prof. Dr. Ralf H\u00f6cker\",\"description\":\"Medienanwalt. Besch\u00fctzer vor mieser Presse\",\"sameAs\":[\"https:\/\/www.hoecker.eu\/wer\/prof-dr-ralf-hoecker\",\"https:\/\/www.facebook.com\/ralf.hoecker\",\"https:\/\/www.linkedin.com\/in\/prof-dr-ralf-hcker-ll-m-london-17987826\/\",\"https:\/\/x.com\/Ralf_Hoecker\"],\"url\":\"https:\/\/www.hoecker.eu\/blog\/author\/hoecker_adm\/\"}]}<\/script>\n<!-- \/ Yoast SEO Premium plugin. -->","yoast_head_json":{"title":"Kachelmann erfolgreich gegen BILD: Widerspruch von BILD wird am 01.09.2010 zur\u00fcckgewiesen - H\u00d6CKER - der Blog","robots":{"index":"index","follow":"follow","max-snippet":"max-snippet:-1","max-image-preview":"max-image-preview:large","max-video-preview":"max-video-preview:-1"},"canonical":"https:\/\/www.hoecker.eu\/blog\/kachelmann-erfolgreich-gegen-bild-widerspruch-von-bild-wird-am-01-09-2010-zurueckgewiesen\/","og_locale":"de_DE","og_type":"article","og_title":"Kachelmann erfolgreich gegen BILD: Widerspruch von BILD wird am 01.09.2010 zur\u00fcckgewiesen","og_description":"Unsere Kanzlei hat f&uuml;r J&ouml;rg Kachelmann in den letzten Monaten fast 20 einstweilige Verf&uuml;gungen allein gegen BILD (Print und Online) erwirkt. Die Richter der Pressekammer des LG K&ouml;ln haben in einer m&uuml;ndlichen Verhandlung heute erkennen lassen, dass der Widerspruch der&nbsp;BILD Digital GmbH &amp; Co. KG (bild.de)&nbsp;gegen die einstweilige Verf&uuml;gung des LG K&ouml;ln vom 07.04.2010 keine [&hellip;]","og_url":"https:\/\/www.hoecker.eu\/blog\/kachelmann-erfolgreich-gegen-bild-widerspruch-von-bild-wird-am-01-09-2010-zurueckgewiesen\/","og_site_name":"H\u00d6CKER - der Blog","article_publisher":"https:\/\/www.facebook.com\/HoeckerRAe\/","article_author":"https:\/\/www.facebook.com\/ralf.hoecker","article_published_time":"2016-05-09T15:31:36+00:00","article_modified_time":"2025-02-17T14:03:29+00:00","author":"Prof. Dr. Ralf H\u00f6cker","twitter_card":"summary_large_image","twitter_creator":"@Ralf_Hoecker","twitter_site":"@hoecker_rae","twitter_misc":{"Verfasst von":"Prof. Dr. Ralf H\u00f6cker","Gesch\u00e4tzte Lesezeit":"2\u00a0Minuten"},"schema":{"@context":"https:\/\/schema.org","@graph":[{"@type":"Article","@id":"https:\/\/www.hoecker.eu\/blog\/kachelmann-erfolgreich-gegen-bild-widerspruch-von-bild-wird-am-01-09-2010-zurueckgewiesen\/#article","isPartOf":{"@id":"https:\/\/www.hoecker.eu\/blog\/kachelmann-erfolgreich-gegen-bild-widerspruch-von-bild-wird-am-01-09-2010-zurueckgewiesen\/"},"author":{"name":"Prof. Dr. Ralf H\u00f6cker","@id":"https:\/\/www.hoecker.eu\/blog\/#\/schema\/person\/08f95581eed0534eccd0b2438f7a1cab"},"headline":"Kachelmann erfolgreich gegen BILD: Widerspruch von BILD wird am 01.09.2010 zur\u00fcckgewiesen","datePublished":"2016-05-09T15:31:36+00:00","dateModified":"2025-02-17T14:03:29+00:00","mainEntityOfPage":{"@id":"https:\/\/www.hoecker.eu\/blog\/kachelmann-erfolgreich-gegen-bild-widerspruch-von-bild-wird-am-01-09-2010-zurueckgewiesen\/"},"wordCount":420,"publisher":{"@id":"https:\/\/www.hoecker.eu\/blog\/#organization"},"articleSection":["News"],"inLanguage":"de"},{"@type":"WebPage","@id":"https:\/\/www.hoecker.eu\/blog\/kachelmann-erfolgreich-gegen-bild-widerspruch-von-bild-wird-am-01-09-2010-zurueckgewiesen\/","url":"https:\/\/www.hoecker.eu\/blog\/kachelmann-erfolgreich-gegen-bild-widerspruch-von-bild-wird-am-01-09-2010-zurueckgewiesen\/","name":"Kachelmann erfolgreich gegen BILD: Widerspruch von BILD wird am 01.09.2010 zur\u00fcckgewiesen - H\u00d6CKER - der Blog","isPartOf":{"@id":"https:\/\/www.hoecker.eu\/blog\/#website"},"datePublished":"2016-05-09T15:31:36+00:00","dateModified":"2025-02-17T14:03:29+00:00","breadcrumb":{"@id":"https:\/\/www.hoecker.eu\/blog\/kachelmann-erfolgreich-gegen-bild-widerspruch-von-bild-wird-am-01-09-2010-zurueckgewiesen\/#breadcrumb"},"inLanguage":"de","potentialAction":[{"@type":"ReadAction","target":["https:\/\/www.hoecker.eu\/blog\/kachelmann-erfolgreich-gegen-bild-widerspruch-von-bild-wird-am-01-09-2010-zurueckgewiesen\/"]}]},{"@type":"BreadcrumbList","@id":"https:\/\/www.hoecker.eu\/blog\/kachelmann-erfolgreich-gegen-bild-widerspruch-von-bild-wird-am-01-09-2010-zurueckgewiesen\/#breadcrumb","itemListElement":[{"@type":"ListItem","position":1,"name":"Startseite","item":"https:\/\/dev.hoecker.eu\/blog\/"},{"@type":"ListItem","position":2,"name":"Kachelmann erfolgreich gegen BILD: Widerspruch von BILD wird am 01.09.2010 zur\u00fcckgewiesen"}]},{"@type":"WebSite","@id":"https:\/\/www.hoecker.eu\/blog\/#website","url":"https:\/\/www.hoecker.eu\/blog\/","name":"H\u00d6CKER - der Blog","description":"Expertenblog f\u00fcr \u00c4u\u00dferungs-, Medien-, Marken-, Urheber- und Wettbewerbsrecht.","publisher":{"@id":"https:\/\/www.hoecker.eu\/blog\/#organization"},"potentialAction":[{"@type":"SearchAction","target":{"@type":"EntryPoint","urlTemplate":"https:\/\/www.hoecker.eu\/blog\/?s={search_term_string}"},"query-input":{"@type":"PropertyValueSpecification","valueRequired":true,"valueName":"search_term_string"}}],"inLanguage":"de"},{"@type":"Organization","@id":"https:\/\/www.hoecker.eu\/blog\/#organization","name":"H\u00d6CKER Rechtsanw\u00e4lte PartGmbB","alternateName":"H\u00d6CKER","url":"https:\/\/www.hoecker.eu\/blog\/","logo":{"@type":"ImageObject","inLanguage":"de","@id":"https:\/\/www.hoecker.eu\/blog\/#\/schema\/logo\/image\/","url":"https:\/\/www.hoecker.eu\/blog\/wp-content\/uploads\/2025\/03\/Blog-Logo.webp","contentUrl":"https:\/\/www.hoecker.eu\/blog\/wp-content\/uploads\/2025\/03\/Blog-Logo.webp","width":500,"height":500,"caption":"H\u00d6CKER Rechtsanw\u00e4lte PartGmbB"},"image":{"@id":"https:\/\/www.hoecker.eu\/blog\/#\/schema\/logo\/image\/"},"sameAs":["https:\/\/www.facebook.com\/HoeckerRAe\/","https:\/\/x.com\/hoecker_rae","https:\/\/www.linkedin.com\/company\/hcker-rechtsanwlte\/","https:\/\/www.instagram.com\/hoecker_rae\/"],"email":"contact@hoecker.eu","telephone":"+ 49 (0)221-933 19-10","legalName":"H\u00d6CKER Rechtsanw\u00e4lte PartGmbB","numberOfEmployees":{"@type":"QuantitativeValue","minValue":"11","maxValue":"50"}},{"@type":"Person","@id":"https:\/\/www.hoecker.eu\/blog\/#\/schema\/person\/08f95581eed0534eccd0b2438f7a1cab","name":"Prof. Dr. Ralf H\u00f6cker","description":"Medienanwalt. Besch\u00fctzer vor mieser Presse","sameAs":["https:\/\/www.hoecker.eu\/wer\/prof-dr-ralf-hoecker","https:\/\/www.facebook.com\/ralf.hoecker","https:\/\/www.linkedin.com\/in\/prof-dr-ralf-hcker-ll-m-london-17987826\/","https:\/\/x.com\/Ralf_Hoecker"],"url":"https:\/\/www.hoecker.eu\/blog\/author\/hoecker_adm\/"}]}},"authors":[{"term_id":84,"user_id":1,"is_guest":0,"slug":"hoecker_adm","display_name":"Prof. Dr. Ralf H\u00f6cker","avatar_url":{"url":"https:\/\/www.hoecker.eu\/blog\/wp-content\/uploads\/2023\/12\/ProfDrRalfHoecker.jpg","url2x":"https:\/\/www.hoecker.eu\/blog\/wp-content\/uploads\/2023\/12\/ProfDrRalfHoecker.jpg"},"0":null,"1":"","2":"","3":"","4":"","5":"","6":"","7":"","8":"","9":"","10":"","11":""}],"_links":{"self":[{"href":"https:\/\/www.hoecker.eu\/blog\/wp-json\/wp\/v2\/posts\/8814","targetHints":{"allow":["GET"]}}],"collection":[{"href":"https:\/\/www.hoecker.eu\/blog\/wp-json\/wp\/v2\/posts"}],"about":[{"href":"https:\/\/www.hoecker.eu\/blog\/wp-json\/wp\/v2\/types\/post"}],"author":[{"embeddable":true,"href":"https:\/\/www.hoecker.eu\/blog\/wp-json\/wp\/v2\/users\/1"}],"replies":[{"embeddable":true,"href":"https:\/\/www.hoecker.eu\/blog\/wp-json\/wp\/v2\/comments?post=8814"}],"version-history":[{"count":1,"href":"https:\/\/www.hoecker.eu\/blog\/wp-json\/wp\/v2\/posts\/8814\/revisions"}],"predecessor-version":[{"id":9936,"href":"https:\/\/www.hoecker.eu\/blog\/wp-json\/wp\/v2\/posts\/8814\/revisions\/9936"}],"wp:attachment":[{"href":"https:\/\/www.hoecker.eu\/blog\/wp-json\/wp\/v2\/media?parent=8814"}],"wp:term":[{"taxonomy":"category","embeddable":true,"href":"https:\/\/www.hoecker.eu\/blog\/wp-json\/wp\/v2\/categories?post=8814"},{"taxonomy":"post_tag","embeddable":true,"href":"https:\/\/www.hoecker.eu\/blog\/wp-json\/wp\/v2\/tags?post=8814"},{"taxonomy":"hashtags","embeddable":true,"href":"https:\/\/www.hoecker.eu\/blog\/wp-json\/wp\/v2\/hashtags?post=8814"},{"taxonomy":"author","embeddable":true,"href":"https:\/\/www.hoecker.eu\/blog\/wp-json\/wp\/v2\/ppma_author?post=8814"}],"curies":[{"name":"wp","href":"https:\/\/api.w.org\/{rel}","templated":true}]}}