{"id":8807,"date":"2016-05-09T17:35:41","date_gmt":"2016-05-09T15:35:41","guid":{"rendered":"https:\/\/www.hoecker.eu\/blog\/alice-schwarzer-wird-gerichtsreporterin-der-bild-im-fall-kachelmann\/"},"modified":"2025-02-17T15:03:25","modified_gmt":"2025-02-17T14:03:25","slug":"alice-schwarzer-wird-gerichtsreporterin-der-bild-im-fall-kachelmann","status":"publish","type":"post","link":"https:\/\/www.hoecker.eu\/blog\/alice-schwarzer-wird-gerichtsreporterin-der-bild-im-fall-kachelmann\/","title":{"rendered":"Alice Schwarzer wird Gerichtsreporterin der BILD im Fall Kachelmann."},"content":{"rendered":"<p class=\"flies\">Alice Schwarzer verk&uuml;ndete&nbsp;soeben in ihrem Blog, dass sie als Gerichtsreporterin f&uuml;r die BILD im Fall Kachelmann t&auml;tig sein wird. Eine objektive Berichterstattung wird man von ihr nicht erwaten k&ouml;nnen. Es l&auml;sst bereits tief blicken, dass der erfahrenen Journalistin in ihrem Blog st&auml;ndig die Bezeichnung &bdquo;Opfer&ldquo; f&uuml;r die Anzeigenerstatterin heraus rutscht. So schreibt sie:<\/p>\n<p><em class=\"flies\">&bdquo;Und das <strong><span style=\"text-decoration: underline;\">Opfer<\/span> <\/strong> ? Das ist unsichtbar. Gesichtslos bzw. gepixelt, wie eine Verbrecherin.&ldquo;<\/em><\/p>\n<p><em class=\"flies\">&bdquo;Der Fall Kachelmann ist (&hellip;) l&auml;ngst zu einer Medienschlacht ausgeartet, bei der sich die Lager verfestigen: hie Anh&auml;nger der Unschuldsvermutung von Kachelmann &ndash; da Anh&auml;nger der Wahrheitsvermutung des <strong><span style=\"text-decoration: underline;\">Opfers<\/span> <\/strong> .&ldquo;<\/em><\/p>\n<p><em class=\"flies\">&bdquo;In der aktuellen EMMA steht nur eine kleine Meldung, in der wir Ihnen den Rat geben: &bdquo;Sollte der Vorwurf stimmen, verteidigen Sie sich nicht auch noch auf Kosten des <strong><span style=\"text-decoration: underline;\">Opfers.<\/span> <\/strong> &ldquo; Nun, entweder der Vorwurf stimmt nicht &ndash; oder Sie verteidigen sich auf Kosten des <strong><span style=\"text-decoration: underline;\">Opfers<\/span> <\/strong> . Und wie.&ldquo;<\/em><\/p>\n<p class=\"flies\">Das Strafverfahren gegen J&ouml;rg Kachelmann missversteht Frau Schwarzer in geradezu grotesker Weise als Prozess &uuml;ber die Frage: <em>&bdquo;Ist sexuelle Gewalt in Beziehungen Privatsache? Oder ist sie ein Verbrechen?&ldquo;<\/em><\/p>\n<p class=\"flies\">Mit diesem absurden Satz unterstellt Frau Schwarzer obendrein, dass es im Fall Kachelmann sexuelle Gewalt gegeben hat. Nur so l&auml;sst sich auch ihr boshafter Kommentar erkl&auml;ren:<\/p>\n<p><em class=\"flies\">&bdquo;Und &uuml;brigens: Auch nette M&auml;nner vergewaltigen manchmal, Kollege Kachelmann. Leider.&ldquo;<\/em><\/p>\n<p class=\"flies\">Frau Schwarzer m&ouml;chte nun sicherstellen, dass in der BILD als einem <em>&bdquo;meinungspr&auml;genden Blatt auch die Sicht des mutma&szlig;lichen Opfers ernst genommen&ldquo;<\/em> werde. Denn die anderen Medien seien so parteiisch pro Kachelmann, dass von dort eine voreingenommene Berichterstattung zu bef&uuml;rchten sei.<\/p>\n<p class=\"flies\">Frau Schwarzer wei&szlig; also schon jetzt, wie die deutschen Medien &uuml;ber den Fall Kachelmann berichten werden, n&auml;mlich zu seinen Gunsten. Sie beweist damit seherische Qualit&auml;ten und rechtfertigt mit ihrer Unterstellung kurzerhand ihre eigene voreingenommene Berichterstattung &uuml;ber k&uuml;nftige Ereignisse. Dabei fragt sie an anderer Stelle noch rhetorisch, ob eine <em>&bdquo;Parteinahme mit dem gebotenen objektiven Journalismus noch &uuml;berhaupt vereinbar?&ldquo;<\/em> sei. Diese Frage muss Frau Schwarzer sich selbst stellen lassen. Sie verkennt die Grundregeln eines objektiven Journalismus und agiert nach dem kindischen Motto: &bdquo;Wenn die anderen einseitig pro Kachelmann sind, darf ich auch einseitig gegen Kachelmann sein.&ldquo; Mit der BILD, die sich bereits mehr als ein Dutzend einstweilige Verf&uuml;gungen wegen rechtswidriger Berichterstattung im Fall Kachelmann gefangen hat, hat sie sich hierf&uuml;r genau das richtige Medium ausgesucht.<\/p>\n<p><strong><span class=\"flies\"><span style=\"text-decoration: underline;\">Nachtrag vom 12.12.2013:<\/span> <\/span> <\/strong><\/p>\n<p class=\"flies\">Die in dieser Pressemitteilung ge&auml;u&szlig;erten Bef&uuml;rchtungen haben sich best&auml;tigt. Alice Schwarzer hat im Laufe ihrer vor- und nachverurteilenden Berichterstattung &uuml;ber den Fall Kachelmann eine Vielzahl einstweiliger Verf&uuml;gungen, Vertragsstrafen und gerichtlich verh&auml;ngter Ordnungsgelder kassiert, die hier dargestellt sind:<\/p>\n<p><a class=\"flies\" href=\"http:\/\/www.hoecker.eu\/mitteilungen\/artikel.htm?id=269\" class=\"flies\">http:\/\/www.hoecker.eu\/mitteilungen\/artikel.htm?id=269<\/a><\/p>\n<p><a class=\"flies\" href=\"http:\/\/www.hoecker.eu\/mitteilungen\/artikel.htm?id=260\" class=\"flies\">http:\/\/www.hoecker.eu\/mitteilungen\/artikel.htm?id=260<\/a><\/p>\n<p><a class=\"flies\" href=\"http:\/\/www.hoecker.eu\/mitteilungen\/artikel.htm?id=246\" class=\"flies\">http:\/\/www.hoecker.eu\/mitteilungen\/artikel.htm?id=246<\/a><\/p>\n<p><a class=\"flies\" href=\"http:\/\/www.hoecker.eu\/mitteilungen\/artikel.htm?id=226\" class=\"flies\">http:\/\/www.hoecker.eu\/mitteilungen\/artikel.htm?id=226<\/a><\/p>\n<p><a class=\"flies\" href=\"http:\/\/www.hoecker.eu\/mitteilungen\/artikel.htm?id=215\" class=\"flies\">http:\/\/www.hoecker.eu\/mitteilungen\/artikel.htm?id=215<\/a><\/p>\n<p><a class=\"flies\" href=\"http:\/\/www.hoecker.eu\/mitteilungen\/artikel.htm?id=186\" class=\"flies\">http:\/\/www.hoecker.eu\/mitteilungen\/artikel.htm?id=186<\/a><\/p>\n<p><a class=\"flies\" href=\"http:\/\/www.hoecker.eu\/mitteilungen\/artikel.htm?id=131\" class=\"flies\">http:\/\/www.hoecker.eu\/mitteilungen\/artikel.htm?id=131<\/a><\/p>\n<p><a class=\"flies\" href=\"http:\/\/www.hoecker.eu\/mitteilungen\/artikel.htm?id=127\" class=\"flies\">http:\/\/www.hoecker.eu\/mitteilungen\/artikel.htm?id=127<\/a><\/p>\n<p><a class=\"flies\" href=\"http:\/\/www.hoecker.eu\/mitteilungen\/artikel.htm?id=126\" class=\"flies\">http:\/\/www.hoecker.eu\/mitteilungen\/artikel.htm?id=126<\/a><\/p>\n<p><a class=\"flies\" href=\"http:\/\/www.hoecker.eu\/mitteilungen\/artikel.htm?id=69\" class=\"flies\">http:\/\/www.hoecker.eu\/mitteilungen\/artikel.htm?id=69<\/a><\/p>\n<p><a class=\"flies\" href=\"http:\/\/www.hoecker.eu\/mitteilungen\/artikel.htm?id=76\" class=\"flies\">http:\/\/www.hoecker.eu\/mitteilungen\/artikel.htm?id=76<\/a><\/p>\n<p><a class=\"flies\" href=\"http:\/\/www.hoecker.eu\/mitteilungen\/artikel.htm?id=99\" class=\"flies\">http:\/\/www.hoecker.eu\/mitteilungen\/artikel.htm?id=99<\/a><\/p>\n<p><a class=\"flies\" href=\"http:\/\/www.hoecker.eu\/mitteilungen\/artikel.htm?id=71\" class=\"flies\">http:\/\/www.hoecker.eu\/mitteilungen\/artikel.htm?id=71<\/a><\/p>\n<p><a class=\"flies\" href=\"http:\/\/www.hoecker.eu\/mitteilungen\/artikel.htm?id=72\" class=\"flies\">http:\/\/www.hoecker.eu\/mitteilungen\/artikel.htm?id=72<\/a><\/p>\n<p class=\"flies\">RA Prof. Dr. Ralf H&ouml;cker, LL.M.<\/p>\n","protected":false},"excerpt":{"rendered":"<p>Alice Schwarzer verk&uuml;ndete&nbsp;soeben in ihrem Blog, dass sie als Gerichtsreporterin f&uuml;r die BILD im Fall Kachelmann t&auml;tig sein wird. Eine objektive Berichterstattung wird man von ihr nicht erwaten k&ouml;nnen. Es l&auml;sst bereits tief blicken, dass der erfahrenen Journalistin in ihrem Blog st&auml;ndig die Bezeichnung &bdquo;Opfer&ldquo; f&uuml;r die Anzeigenerstatterin heraus rutscht. So schreibt sie: &bdquo;Und das [&hellip;]<\/p>\n","protected":false},"author":1,"featured_media":0,"comment_status":"closed","ping_status":"closed","sticky":false,"template":"","format":"standard","meta":{"_has_post_settings":[],"footnotes":""},"categories":[15],"tags":[],"hashtags":[],"ppma_author":[84],"class_list":["post-8807","post","type-post","status-publish","format-standard","hentry","category-news","author-hoecker_adm"],"yoast_head":"<!-- This site is optimized with the Yoast SEO Premium plugin v25.9 (Yoast SEO v27.0) - https:\/\/yoast.com\/product\/yoast-seo-premium-wordpress\/ -->\n<title>Alice Schwarzer wird Gerichtsreporterin der BILD im Fall Kachelmann. - H\u00d6CKER - der Blog<\/title>\n<meta name=\"robots\" content=\"index, follow, max-snippet:-1, max-image-preview:large, max-video-preview:-1\" \/>\n<link rel=\"canonical\" href=\"https:\/\/www.hoecker.eu\/blog\/alice-schwarzer-wird-gerichtsreporterin-der-bild-im-fall-kachelmann\/\" \/>\n<meta property=\"og:locale\" content=\"de_DE\" \/>\n<meta property=\"og:type\" content=\"article\" \/>\n<meta property=\"og:title\" content=\"Alice Schwarzer wird Gerichtsreporterin der BILD im Fall Kachelmann.\" \/>\n<meta property=\"og:description\" content=\"Alice Schwarzer verk&uuml;ndete&nbsp;soeben in ihrem Blog, dass sie als Gerichtsreporterin f&uuml;r die BILD im Fall Kachelmann t&auml;tig sein wird. Eine objektive Berichterstattung wird man von ihr nicht erwaten k&ouml;nnen. Es l&auml;sst bereits tief blicken, dass der erfahrenen Journalistin in ihrem Blog st&auml;ndig die Bezeichnung &bdquo;Opfer&ldquo; f&uuml;r die Anzeigenerstatterin heraus rutscht. So schreibt sie: &bdquo;Und das [&hellip;]\" \/>\n<meta property=\"og:url\" content=\"https:\/\/www.hoecker.eu\/blog\/alice-schwarzer-wird-gerichtsreporterin-der-bild-im-fall-kachelmann\/\" \/>\n<meta property=\"og:site_name\" content=\"H\u00d6CKER - der Blog\" \/>\n<meta property=\"article:publisher\" content=\"https:\/\/www.facebook.com\/HoeckerRAe\/\" \/>\n<meta property=\"article:author\" content=\"https:\/\/www.facebook.com\/ralf.hoecker\" \/>\n<meta property=\"article:published_time\" content=\"2016-05-09T15:35:41+00:00\" \/>\n<meta property=\"article:modified_time\" content=\"2025-02-17T14:03:25+00:00\" \/>\n<meta name=\"author\" content=\"Prof. Dr. Ralf H\u00f6cker\" \/>\n<meta name=\"twitter:card\" content=\"summary_large_image\" \/>\n<meta name=\"twitter:creator\" content=\"@Ralf_Hoecker\" \/>\n<meta name=\"twitter:site\" content=\"@hoecker_rae\" \/>\n<meta name=\"twitter:label1\" content=\"Verfasst von\" \/>\n\t<meta name=\"twitter:data1\" content=\"Prof. Dr. Ralf H\u00f6cker\" \/>\n\t<meta name=\"twitter:label2\" content=\"Gesch\u00e4tzte Lesezeit\" \/>\n\t<meta name=\"twitter:data2\" content=\"3\u00a0Minuten\" \/>\n<script type=\"application\/ld+json\" class=\"yoast-schema-graph\">{\"@context\":\"https:\/\/schema.org\",\"@graph\":[{\"@type\":\"Article\",\"@id\":\"https:\/\/www.hoecker.eu\/blog\/alice-schwarzer-wird-gerichtsreporterin-der-bild-im-fall-kachelmann\/#article\",\"isPartOf\":{\"@id\":\"https:\/\/www.hoecker.eu\/blog\/alice-schwarzer-wird-gerichtsreporterin-der-bild-im-fall-kachelmann\/\"},\"author\":{\"name\":\"Prof. Dr. Ralf H\u00f6cker\",\"@id\":\"https:\/\/www.hoecker.eu\/blog\/#\/schema\/person\/08f95581eed0534eccd0b2438f7a1cab\"},\"headline\":\"Alice Schwarzer wird Gerichtsreporterin der BILD im Fall Kachelmann.\",\"datePublished\":\"2016-05-09T15:35:41+00:00\",\"dateModified\":\"2025-02-17T14:03:25+00:00\",\"mainEntityOfPage\":{\"@id\":\"https:\/\/www.hoecker.eu\/blog\/alice-schwarzer-wird-gerichtsreporterin-der-bild-im-fall-kachelmann\/\"},\"wordCount\":624,\"publisher\":{\"@id\":\"https:\/\/www.hoecker.eu\/blog\/#organization\"},\"articleSection\":[\"News\"],\"inLanguage\":\"de\"},{\"@type\":\"WebPage\",\"@id\":\"https:\/\/www.hoecker.eu\/blog\/alice-schwarzer-wird-gerichtsreporterin-der-bild-im-fall-kachelmann\/\",\"url\":\"https:\/\/www.hoecker.eu\/blog\/alice-schwarzer-wird-gerichtsreporterin-der-bild-im-fall-kachelmann\/\",\"name\":\"Alice Schwarzer wird Gerichtsreporterin der BILD im Fall Kachelmann. - H\u00d6CKER - der Blog\",\"isPartOf\":{\"@id\":\"https:\/\/www.hoecker.eu\/blog\/#website\"},\"datePublished\":\"2016-05-09T15:35:41+00:00\",\"dateModified\":\"2025-02-17T14:03:25+00:00\",\"breadcrumb\":{\"@id\":\"https:\/\/www.hoecker.eu\/blog\/alice-schwarzer-wird-gerichtsreporterin-der-bild-im-fall-kachelmann\/#breadcrumb\"},\"inLanguage\":\"de\",\"potentialAction\":[{\"@type\":\"ReadAction\",\"target\":[\"https:\/\/www.hoecker.eu\/blog\/alice-schwarzer-wird-gerichtsreporterin-der-bild-im-fall-kachelmann\/\"]}]},{\"@type\":\"BreadcrumbList\",\"@id\":\"https:\/\/www.hoecker.eu\/blog\/alice-schwarzer-wird-gerichtsreporterin-der-bild-im-fall-kachelmann\/#breadcrumb\",\"itemListElement\":[{\"@type\":\"ListItem\",\"position\":1,\"name\":\"Startseite\",\"item\":\"https:\/\/dev.hoecker.eu\/blog\/\"},{\"@type\":\"ListItem\",\"position\":2,\"name\":\"Alice Schwarzer wird Gerichtsreporterin der BILD im Fall Kachelmann.\"}]},{\"@type\":\"WebSite\",\"@id\":\"https:\/\/www.hoecker.eu\/blog\/#website\",\"url\":\"https:\/\/www.hoecker.eu\/blog\/\",\"name\":\"H\u00d6CKER - der Blog\",\"description\":\"Expertenblog f\u00fcr \u00c4u\u00dferungs-, Medien-, Marken-, Urheber- und Wettbewerbsrecht.\",\"publisher\":{\"@id\":\"https:\/\/www.hoecker.eu\/blog\/#organization\"},\"potentialAction\":[{\"@type\":\"SearchAction\",\"target\":{\"@type\":\"EntryPoint\",\"urlTemplate\":\"https:\/\/www.hoecker.eu\/blog\/?s={search_term_string}\"},\"query-input\":{\"@type\":\"PropertyValueSpecification\",\"valueRequired\":true,\"valueName\":\"search_term_string\"}}],\"inLanguage\":\"de\"},{\"@type\":\"Organization\",\"@id\":\"https:\/\/www.hoecker.eu\/blog\/#organization\",\"name\":\"H\u00d6CKER Rechtsanw\u00e4lte PartGmbB\",\"alternateName\":\"H\u00d6CKER\",\"url\":\"https:\/\/www.hoecker.eu\/blog\/\",\"logo\":{\"@type\":\"ImageObject\",\"inLanguage\":\"de\",\"@id\":\"https:\/\/www.hoecker.eu\/blog\/#\/schema\/logo\/image\/\",\"url\":\"https:\/\/www.hoecker.eu\/blog\/wp-content\/uploads\/2025\/03\/Blog-Logo.webp\",\"contentUrl\":\"https:\/\/www.hoecker.eu\/blog\/wp-content\/uploads\/2025\/03\/Blog-Logo.webp\",\"width\":500,\"height\":500,\"caption\":\"H\u00d6CKER Rechtsanw\u00e4lte PartGmbB\"},\"image\":{\"@id\":\"https:\/\/www.hoecker.eu\/blog\/#\/schema\/logo\/image\/\"},\"sameAs\":[\"https:\/\/www.facebook.com\/HoeckerRAe\/\",\"https:\/\/x.com\/hoecker_rae\",\"https:\/\/www.linkedin.com\/company\/hcker-rechtsanwlte\/\",\"https:\/\/www.instagram.com\/hoecker_rae\/\"],\"email\":\"contact@hoecker.eu\",\"telephone\":\"+ 49 (0)221-933 19-10\",\"legalName\":\"H\u00d6CKER Rechtsanw\u00e4lte PartGmbB\",\"numberOfEmployees\":{\"@type\":\"QuantitativeValue\",\"minValue\":\"11\",\"maxValue\":\"50\"}},{\"@type\":\"Person\",\"@id\":\"https:\/\/www.hoecker.eu\/blog\/#\/schema\/person\/08f95581eed0534eccd0b2438f7a1cab\",\"name\":\"Prof. Dr. Ralf H\u00f6cker\",\"description\":\"Medienanwalt. Besch\u00fctzer vor mieser Presse\",\"sameAs\":[\"https:\/\/www.hoecker.eu\/wer\/prof-dr-ralf-hoecker\",\"https:\/\/www.facebook.com\/ralf.hoecker\",\"https:\/\/www.linkedin.com\/in\/prof-dr-ralf-hcker-ll-m-london-17987826\/\",\"https:\/\/x.com\/Ralf_Hoecker\"],\"url\":\"https:\/\/www.hoecker.eu\/blog\/author\/hoecker_adm\/\"}]}<\/script>\n<!-- \/ Yoast SEO Premium plugin. -->","yoast_head_json":{"title":"Alice Schwarzer wird Gerichtsreporterin der BILD im Fall Kachelmann. - H\u00d6CKER - der Blog","robots":{"index":"index","follow":"follow","max-snippet":"max-snippet:-1","max-image-preview":"max-image-preview:large","max-video-preview":"max-video-preview:-1"},"canonical":"https:\/\/www.hoecker.eu\/blog\/alice-schwarzer-wird-gerichtsreporterin-der-bild-im-fall-kachelmann\/","og_locale":"de_DE","og_type":"article","og_title":"Alice Schwarzer wird Gerichtsreporterin der BILD im Fall Kachelmann.","og_description":"Alice Schwarzer verk&uuml;ndete&nbsp;soeben in ihrem Blog, dass sie als Gerichtsreporterin f&uuml;r die BILD im Fall Kachelmann t&auml;tig sein wird. Eine objektive Berichterstattung wird man von ihr nicht erwaten k&ouml;nnen. Es l&auml;sst bereits tief blicken, dass der erfahrenen Journalistin in ihrem Blog st&auml;ndig die Bezeichnung &bdquo;Opfer&ldquo; f&uuml;r die Anzeigenerstatterin heraus rutscht. So schreibt sie: &bdquo;Und das [&hellip;]","og_url":"https:\/\/www.hoecker.eu\/blog\/alice-schwarzer-wird-gerichtsreporterin-der-bild-im-fall-kachelmann\/","og_site_name":"H\u00d6CKER - der Blog","article_publisher":"https:\/\/www.facebook.com\/HoeckerRAe\/","article_author":"https:\/\/www.facebook.com\/ralf.hoecker","article_published_time":"2016-05-09T15:35:41+00:00","article_modified_time":"2025-02-17T14:03:25+00:00","author":"Prof. Dr. Ralf H\u00f6cker","twitter_card":"summary_large_image","twitter_creator":"@Ralf_Hoecker","twitter_site":"@hoecker_rae","twitter_misc":{"Verfasst von":"Prof. Dr. Ralf H\u00f6cker","Gesch\u00e4tzte Lesezeit":"3\u00a0Minuten"},"schema":{"@context":"https:\/\/schema.org","@graph":[{"@type":"Article","@id":"https:\/\/www.hoecker.eu\/blog\/alice-schwarzer-wird-gerichtsreporterin-der-bild-im-fall-kachelmann\/#article","isPartOf":{"@id":"https:\/\/www.hoecker.eu\/blog\/alice-schwarzer-wird-gerichtsreporterin-der-bild-im-fall-kachelmann\/"},"author":{"name":"Prof. Dr. Ralf H\u00f6cker","@id":"https:\/\/www.hoecker.eu\/blog\/#\/schema\/person\/08f95581eed0534eccd0b2438f7a1cab"},"headline":"Alice Schwarzer wird Gerichtsreporterin der BILD im Fall Kachelmann.","datePublished":"2016-05-09T15:35:41+00:00","dateModified":"2025-02-17T14:03:25+00:00","mainEntityOfPage":{"@id":"https:\/\/www.hoecker.eu\/blog\/alice-schwarzer-wird-gerichtsreporterin-der-bild-im-fall-kachelmann\/"},"wordCount":624,"publisher":{"@id":"https:\/\/www.hoecker.eu\/blog\/#organization"},"articleSection":["News"],"inLanguage":"de"},{"@type":"WebPage","@id":"https:\/\/www.hoecker.eu\/blog\/alice-schwarzer-wird-gerichtsreporterin-der-bild-im-fall-kachelmann\/","url":"https:\/\/www.hoecker.eu\/blog\/alice-schwarzer-wird-gerichtsreporterin-der-bild-im-fall-kachelmann\/","name":"Alice Schwarzer wird Gerichtsreporterin der BILD im Fall Kachelmann. - H\u00d6CKER - der Blog","isPartOf":{"@id":"https:\/\/www.hoecker.eu\/blog\/#website"},"datePublished":"2016-05-09T15:35:41+00:00","dateModified":"2025-02-17T14:03:25+00:00","breadcrumb":{"@id":"https:\/\/www.hoecker.eu\/blog\/alice-schwarzer-wird-gerichtsreporterin-der-bild-im-fall-kachelmann\/#breadcrumb"},"inLanguage":"de","potentialAction":[{"@type":"ReadAction","target":["https:\/\/www.hoecker.eu\/blog\/alice-schwarzer-wird-gerichtsreporterin-der-bild-im-fall-kachelmann\/"]}]},{"@type":"BreadcrumbList","@id":"https:\/\/www.hoecker.eu\/blog\/alice-schwarzer-wird-gerichtsreporterin-der-bild-im-fall-kachelmann\/#breadcrumb","itemListElement":[{"@type":"ListItem","position":1,"name":"Startseite","item":"https:\/\/dev.hoecker.eu\/blog\/"},{"@type":"ListItem","position":2,"name":"Alice Schwarzer wird Gerichtsreporterin der BILD im Fall Kachelmann."}]},{"@type":"WebSite","@id":"https:\/\/www.hoecker.eu\/blog\/#website","url":"https:\/\/www.hoecker.eu\/blog\/","name":"H\u00d6CKER - der Blog","description":"Expertenblog f\u00fcr \u00c4u\u00dferungs-, Medien-, Marken-, Urheber- und Wettbewerbsrecht.","publisher":{"@id":"https:\/\/www.hoecker.eu\/blog\/#organization"},"potentialAction":[{"@type":"SearchAction","target":{"@type":"EntryPoint","urlTemplate":"https:\/\/www.hoecker.eu\/blog\/?s={search_term_string}"},"query-input":{"@type":"PropertyValueSpecification","valueRequired":true,"valueName":"search_term_string"}}],"inLanguage":"de"},{"@type":"Organization","@id":"https:\/\/www.hoecker.eu\/blog\/#organization","name":"H\u00d6CKER Rechtsanw\u00e4lte PartGmbB","alternateName":"H\u00d6CKER","url":"https:\/\/www.hoecker.eu\/blog\/","logo":{"@type":"ImageObject","inLanguage":"de","@id":"https:\/\/www.hoecker.eu\/blog\/#\/schema\/logo\/image\/","url":"https:\/\/www.hoecker.eu\/blog\/wp-content\/uploads\/2025\/03\/Blog-Logo.webp","contentUrl":"https:\/\/www.hoecker.eu\/blog\/wp-content\/uploads\/2025\/03\/Blog-Logo.webp","width":500,"height":500,"caption":"H\u00d6CKER Rechtsanw\u00e4lte PartGmbB"},"image":{"@id":"https:\/\/www.hoecker.eu\/blog\/#\/schema\/logo\/image\/"},"sameAs":["https:\/\/www.facebook.com\/HoeckerRAe\/","https:\/\/x.com\/hoecker_rae","https:\/\/www.linkedin.com\/company\/hcker-rechtsanwlte\/","https:\/\/www.instagram.com\/hoecker_rae\/"],"email":"contact@hoecker.eu","telephone":"+ 49 (0)221-933 19-10","legalName":"H\u00d6CKER Rechtsanw\u00e4lte PartGmbB","numberOfEmployees":{"@type":"QuantitativeValue","minValue":"11","maxValue":"50"}},{"@type":"Person","@id":"https:\/\/www.hoecker.eu\/blog\/#\/schema\/person\/08f95581eed0534eccd0b2438f7a1cab","name":"Prof. Dr. Ralf H\u00f6cker","description":"Medienanwalt. Besch\u00fctzer vor mieser Presse","sameAs":["https:\/\/www.hoecker.eu\/wer\/prof-dr-ralf-hoecker","https:\/\/www.facebook.com\/ralf.hoecker","https:\/\/www.linkedin.com\/in\/prof-dr-ralf-hcker-ll-m-london-17987826\/","https:\/\/x.com\/Ralf_Hoecker"],"url":"https:\/\/www.hoecker.eu\/blog\/author\/hoecker_adm\/"}]}},"authors":[{"term_id":84,"user_id":1,"is_guest":0,"slug":"hoecker_adm","display_name":"Prof. Dr. Ralf H\u00f6cker","avatar_url":{"url":"https:\/\/www.hoecker.eu\/blog\/wp-content\/uploads\/2023\/12\/ProfDrRalfHoecker.jpg","url2x":"https:\/\/www.hoecker.eu\/blog\/wp-content\/uploads\/2023\/12\/ProfDrRalfHoecker.jpg"},"0":null,"1":"","2":"","3":"","4":"","5":"","6":"","7":"","8":"","9":"","10":"","11":""}],"_links":{"self":[{"href":"https:\/\/www.hoecker.eu\/blog\/wp-json\/wp\/v2\/posts\/8807","targetHints":{"allow":["GET"]}}],"collection":[{"href":"https:\/\/www.hoecker.eu\/blog\/wp-json\/wp\/v2\/posts"}],"about":[{"href":"https:\/\/www.hoecker.eu\/blog\/wp-json\/wp\/v2\/types\/post"}],"author":[{"embeddable":true,"href":"https:\/\/www.hoecker.eu\/blog\/wp-json\/wp\/v2\/users\/1"}],"replies":[{"embeddable":true,"href":"https:\/\/www.hoecker.eu\/blog\/wp-json\/wp\/v2\/comments?post=8807"}],"version-history":[{"count":1,"href":"https:\/\/www.hoecker.eu\/blog\/wp-json\/wp\/v2\/posts\/8807\/revisions"}],"predecessor-version":[{"id":9929,"href":"https:\/\/www.hoecker.eu\/blog\/wp-json\/wp\/v2\/posts\/8807\/revisions\/9929"}],"wp:attachment":[{"href":"https:\/\/www.hoecker.eu\/blog\/wp-json\/wp\/v2\/media?parent=8807"}],"wp:term":[{"taxonomy":"category","embeddable":true,"href":"https:\/\/www.hoecker.eu\/blog\/wp-json\/wp\/v2\/categories?post=8807"},{"taxonomy":"post_tag","embeddable":true,"href":"https:\/\/www.hoecker.eu\/blog\/wp-json\/wp\/v2\/tags?post=8807"},{"taxonomy":"hashtags","embeddable":true,"href":"https:\/\/www.hoecker.eu\/blog\/wp-json\/wp\/v2\/hashtags?post=8807"},{"taxonomy":"author","embeddable":true,"href":"https:\/\/www.hoecker.eu\/blog\/wp-json\/wp\/v2\/ppma_author?post=8807"}],"curies":[{"name":"wp","href":"https:\/\/api.w.org\/{rel}","templated":true}]}}