{"id":8748,"date":"2016-05-09T18:28:24","date_gmt":"2016-05-09T16:28:24","guid":{"rendered":"https:\/\/www.hoecker.eu\/blog\/hoecker-setzt-gegendarstellung-fuer-joerg-kachelmann-gegen-bild-online-durch\/"},"modified":"2025-02-17T15:02:48","modified_gmt":"2025-02-17T14:02:48","slug":"hoecker-setzt-gegendarstellung-fuer-joerg-kachelmann-gegen-bild-online-durch","status":"publish","type":"post","link":"https:\/\/www.hoecker.eu\/blog\/hoecker-setzt-gegendarstellung-fuer-joerg-kachelmann-gegen-bild-online-durch\/","title":{"rendered":"H\u00d6CKER setzt Gegendarstellung f\u00fcr J\u00f6rg Kachelmann gegen Bild Online durch."},"content":{"rendered":"<p class=\"flies\">Gem&auml;&szlig; &sect; 56 RStV besteht ein &nbsp;Anspruch auf Gegendarstellung gegen den Anbieter von Telemedien, wenn dieser in seiner Berichterstattung Tatsachenbehauptungen &uuml;ber einen Betroffenen darstellt. Diesen Gegendarstellungsanspruch setzt H&Ouml;CKER nun erfolgreich gegen den Anbieter von Bild.de durch, der Behauptungen &uuml;ber J&ouml;rg Kachelmann aufgestellt hatte. Die Gegendarstellung im Wortlaut:<\/p>\n<h2 class=\"flies\">Gegendarstellung, <span class=\"flies\">31.05.2011<\/span><\/h2>\n<p class=\"flies\">In dem Internetportal www.bild.de wurde am 05.05.2011 ein Artikel mit der &Uuml;berschrift &bdquo;Das Kachelmann-Gutachten &ndash; Sein Sexleben war variantenreich&ldquo; ver&ouml;ffentlicht, der unrichtige Behauptungen enth&auml;lt:<\/p>\n<p class=\"flies\">a. Unwahr ist, dass ich grinste.<\/p>\n<p class=\"flies\">b. Ferner ist unwahr, dass ich w&auml;hrenddessen meine H&auml;nde knetete.<\/p>\n<p class=\"flies\">Wahr ist vielmehr, dass ich weder grinste, noch meine H&auml;nde knetete, w&auml;hrend der Facharzt f&uuml;r Neurologie Hartmut Pleines am 05.05.2011 sein Gutachten vor dem Landgericht Mannheim erstattete.<\/p>\n<p class=\"flies\">K&ouml;ln, den 09.05.2011<br \/>J&ouml;rg Kachelmann<\/p>\n","protected":false},"excerpt":{"rendered":"<p>Gem&auml;&szlig; &sect; 56 RStV besteht ein &nbsp;Anspruch auf Gegendarstellung gegen den Anbieter von Telemedien, wenn dieser in seiner Berichterstattung Tatsachenbehauptungen &uuml;ber einen Betroffenen darstellt. Diesen Gegendarstellungsanspruch setzt H&Ouml;CKER nun erfolgreich gegen den Anbieter von Bild.de durch, der Behauptungen &uuml;ber J&ouml;rg Kachelmann aufgestellt hatte. Die Gegendarstellung im Wortlaut: Gegendarstellung, 31.05.2011 In dem Internetportal www.bild.de wurde am [&hellip;]<\/p>\n","protected":false},"author":1,"featured_media":0,"comment_status":"closed","ping_status":"closed","sticky":false,"template":"","format":"standard","meta":{"_has_post_settings":[],"footnotes":""},"categories":[15],"tags":[],"hashtags":[],"ppma_author":[84],"class_list":["post-8748","post","type-post","status-publish","format-standard","hentry","category-news","author-hoecker_adm"],"yoast_head":"<!-- This site is optimized with the Yoast SEO Premium plugin v25.9 (Yoast SEO v27.0) - https:\/\/yoast.com\/product\/yoast-seo-premium-wordpress\/ -->\n<title>H\u00d6CKER setzt Gegendarstellung f\u00fcr J\u00f6rg Kachelmann gegen Bild Online durch. - H\u00d6CKER - der Blog<\/title>\n<meta name=\"robots\" content=\"index, follow, max-snippet:-1, max-image-preview:large, max-video-preview:-1\" \/>\n<link rel=\"canonical\" href=\"https:\/\/www.hoecker.eu\/blog\/hoecker-setzt-gegendarstellung-fuer-joerg-kachelmann-gegen-bild-online-durch\/\" \/>\n<meta property=\"og:locale\" content=\"de_DE\" \/>\n<meta property=\"og:type\" content=\"article\" \/>\n<meta property=\"og:title\" content=\"H\u00d6CKER setzt Gegendarstellung f\u00fcr J\u00f6rg Kachelmann gegen Bild Online durch.\" \/>\n<meta property=\"og:description\" content=\"Gem&auml;&szlig; &sect; 56 RStV besteht ein &nbsp;Anspruch auf Gegendarstellung gegen den Anbieter von Telemedien, wenn dieser in seiner Berichterstattung Tatsachenbehauptungen &uuml;ber einen Betroffenen darstellt. Diesen Gegendarstellungsanspruch setzt H&Ouml;CKER nun erfolgreich gegen den Anbieter von Bild.de durch, der Behauptungen &uuml;ber J&ouml;rg Kachelmann aufgestellt hatte. Die Gegendarstellung im Wortlaut: Gegendarstellung, 31.05.2011 In dem Internetportal www.bild.de wurde am [&hellip;]\" \/>\n<meta property=\"og:url\" content=\"https:\/\/www.hoecker.eu\/blog\/hoecker-setzt-gegendarstellung-fuer-joerg-kachelmann-gegen-bild-online-durch\/\" \/>\n<meta property=\"og:site_name\" content=\"H\u00d6CKER - der Blog\" \/>\n<meta property=\"article:publisher\" content=\"https:\/\/www.facebook.com\/HoeckerRAe\/\" \/>\n<meta property=\"article:author\" content=\"https:\/\/www.facebook.com\/ralf.hoecker\" \/>\n<meta property=\"article:published_time\" content=\"2016-05-09T16:28:24+00:00\" \/>\n<meta property=\"article:modified_time\" content=\"2025-02-17T14:02:48+00:00\" \/>\n<meta name=\"author\" content=\"Prof. Dr. Ralf H\u00f6cker\" \/>\n<meta name=\"twitter:card\" content=\"summary_large_image\" \/>\n<meta name=\"twitter:creator\" content=\"@Ralf_Hoecker\" \/>\n<meta name=\"twitter:site\" content=\"@hoecker_rae\" \/>\n<meta name=\"twitter:label1\" content=\"Verfasst von\" \/>\n\t<meta name=\"twitter:data1\" content=\"Prof. Dr. Ralf H\u00f6cker\" \/>\n\t<meta name=\"twitter:label2\" content=\"Gesch\u00e4tzte Lesezeit\" \/>\n\t<meta name=\"twitter:data2\" content=\"1\u00a0Minute\" \/>\n<script type=\"application\/ld+json\" class=\"yoast-schema-graph\">{\"@context\":\"https:\/\/schema.org\",\"@graph\":[{\"@type\":\"Article\",\"@id\":\"https:\/\/www.hoecker.eu\/blog\/hoecker-setzt-gegendarstellung-fuer-joerg-kachelmann-gegen-bild-online-durch\/#article\",\"isPartOf\":{\"@id\":\"https:\/\/www.hoecker.eu\/blog\/hoecker-setzt-gegendarstellung-fuer-joerg-kachelmann-gegen-bild-online-durch\/\"},\"author\":{\"name\":\"Prof. Dr. Ralf H\u00f6cker\",\"@id\":\"https:\/\/www.hoecker.eu\/blog\/#\/schema\/person\/08f95581eed0534eccd0b2438f7a1cab\"},\"headline\":\"H\u00d6CKER setzt Gegendarstellung f\u00fcr J\u00f6rg Kachelmann gegen Bild Online durch.\",\"datePublished\":\"2016-05-09T16:28:24+00:00\",\"dateModified\":\"2025-02-17T14:02:48+00:00\",\"mainEntityOfPage\":{\"@id\":\"https:\/\/www.hoecker.eu\/blog\/hoecker-setzt-gegendarstellung-fuer-joerg-kachelmann-gegen-bild-online-durch\/\"},\"wordCount\":162,\"publisher\":{\"@id\":\"https:\/\/www.hoecker.eu\/blog\/#organization\"},\"articleSection\":[\"News\"],\"inLanguage\":\"de\"},{\"@type\":\"WebPage\",\"@id\":\"https:\/\/www.hoecker.eu\/blog\/hoecker-setzt-gegendarstellung-fuer-joerg-kachelmann-gegen-bild-online-durch\/\",\"url\":\"https:\/\/www.hoecker.eu\/blog\/hoecker-setzt-gegendarstellung-fuer-joerg-kachelmann-gegen-bild-online-durch\/\",\"name\":\"H\u00d6CKER setzt Gegendarstellung f\u00fcr J\u00f6rg Kachelmann gegen Bild Online durch. - H\u00d6CKER - der Blog\",\"isPartOf\":{\"@id\":\"https:\/\/www.hoecker.eu\/blog\/#website\"},\"datePublished\":\"2016-05-09T16:28:24+00:00\",\"dateModified\":\"2025-02-17T14:02:48+00:00\",\"breadcrumb\":{\"@id\":\"https:\/\/www.hoecker.eu\/blog\/hoecker-setzt-gegendarstellung-fuer-joerg-kachelmann-gegen-bild-online-durch\/#breadcrumb\"},\"inLanguage\":\"de\",\"potentialAction\":[{\"@type\":\"ReadAction\",\"target\":[\"https:\/\/www.hoecker.eu\/blog\/hoecker-setzt-gegendarstellung-fuer-joerg-kachelmann-gegen-bild-online-durch\/\"]}]},{\"@type\":\"BreadcrumbList\",\"@id\":\"https:\/\/www.hoecker.eu\/blog\/hoecker-setzt-gegendarstellung-fuer-joerg-kachelmann-gegen-bild-online-durch\/#breadcrumb\",\"itemListElement\":[{\"@type\":\"ListItem\",\"position\":1,\"name\":\"Startseite\",\"item\":\"https:\/\/dev.hoecker.eu\/blog\/\"},{\"@type\":\"ListItem\",\"position\":2,\"name\":\"H\u00d6CKER setzt Gegendarstellung f\u00fcr J\u00f6rg Kachelmann gegen Bild Online durch.\"}]},{\"@type\":\"WebSite\",\"@id\":\"https:\/\/www.hoecker.eu\/blog\/#website\",\"url\":\"https:\/\/www.hoecker.eu\/blog\/\",\"name\":\"H\u00d6CKER - der Blog\",\"description\":\"Expertenblog f\u00fcr \u00c4u\u00dferungs-, Medien-, Marken-, Urheber- und Wettbewerbsrecht.\",\"publisher\":{\"@id\":\"https:\/\/www.hoecker.eu\/blog\/#organization\"},\"potentialAction\":[{\"@type\":\"SearchAction\",\"target\":{\"@type\":\"EntryPoint\",\"urlTemplate\":\"https:\/\/www.hoecker.eu\/blog\/?s={search_term_string}\"},\"query-input\":{\"@type\":\"PropertyValueSpecification\",\"valueRequired\":true,\"valueName\":\"search_term_string\"}}],\"inLanguage\":\"de\"},{\"@type\":\"Organization\",\"@id\":\"https:\/\/www.hoecker.eu\/blog\/#organization\",\"name\":\"H\u00d6CKER Rechtsanw\u00e4lte PartGmbB\",\"alternateName\":\"H\u00d6CKER\",\"url\":\"https:\/\/www.hoecker.eu\/blog\/\",\"logo\":{\"@type\":\"ImageObject\",\"inLanguage\":\"de\",\"@id\":\"https:\/\/www.hoecker.eu\/blog\/#\/schema\/logo\/image\/\",\"url\":\"https:\/\/www.hoecker.eu\/blog\/wp-content\/uploads\/2025\/03\/Blog-Logo.webp\",\"contentUrl\":\"https:\/\/www.hoecker.eu\/blog\/wp-content\/uploads\/2025\/03\/Blog-Logo.webp\",\"width\":500,\"height\":500,\"caption\":\"H\u00d6CKER Rechtsanw\u00e4lte PartGmbB\"},\"image\":{\"@id\":\"https:\/\/www.hoecker.eu\/blog\/#\/schema\/logo\/image\/\"},\"sameAs\":[\"https:\/\/www.facebook.com\/HoeckerRAe\/\",\"https:\/\/x.com\/hoecker_rae\",\"https:\/\/www.linkedin.com\/company\/hcker-rechtsanwlte\/\",\"https:\/\/www.instagram.com\/hoecker_rae\/\"],\"email\":\"contact@hoecker.eu\",\"telephone\":\"+ 49 (0)221-933 19-10\",\"legalName\":\"H\u00d6CKER Rechtsanw\u00e4lte PartGmbB\",\"numberOfEmployees\":{\"@type\":\"QuantitativeValue\",\"minValue\":\"11\",\"maxValue\":\"50\"}},{\"@type\":\"Person\",\"@id\":\"https:\/\/www.hoecker.eu\/blog\/#\/schema\/person\/08f95581eed0534eccd0b2438f7a1cab\",\"name\":\"Prof. Dr. Ralf H\u00f6cker\",\"description\":\"Medienanwalt. Besch\u00fctzer vor mieser Presse\",\"sameAs\":[\"https:\/\/www.hoecker.eu\/wer\/prof-dr-ralf-hoecker\",\"https:\/\/www.facebook.com\/ralf.hoecker\",\"https:\/\/www.linkedin.com\/in\/prof-dr-ralf-hcker-ll-m-london-17987826\/\",\"https:\/\/x.com\/Ralf_Hoecker\"],\"url\":\"https:\/\/www.hoecker.eu\/blog\/author\/hoecker_adm\/\"}]}<\/script>\n<!-- \/ Yoast SEO Premium plugin. -->","yoast_head_json":{"title":"H\u00d6CKER setzt Gegendarstellung f\u00fcr J\u00f6rg Kachelmann gegen Bild Online durch. - H\u00d6CKER - der Blog","robots":{"index":"index","follow":"follow","max-snippet":"max-snippet:-1","max-image-preview":"max-image-preview:large","max-video-preview":"max-video-preview:-1"},"canonical":"https:\/\/www.hoecker.eu\/blog\/hoecker-setzt-gegendarstellung-fuer-joerg-kachelmann-gegen-bild-online-durch\/","og_locale":"de_DE","og_type":"article","og_title":"H\u00d6CKER setzt Gegendarstellung f\u00fcr J\u00f6rg Kachelmann gegen Bild Online durch.","og_description":"Gem&auml;&szlig; &sect; 56 RStV besteht ein &nbsp;Anspruch auf Gegendarstellung gegen den Anbieter von Telemedien, wenn dieser in seiner Berichterstattung Tatsachenbehauptungen &uuml;ber einen Betroffenen darstellt. Diesen Gegendarstellungsanspruch setzt H&Ouml;CKER nun erfolgreich gegen den Anbieter von Bild.de durch, der Behauptungen &uuml;ber J&ouml;rg Kachelmann aufgestellt hatte. Die Gegendarstellung im Wortlaut: Gegendarstellung, 31.05.2011 In dem Internetportal www.bild.de wurde am [&hellip;]","og_url":"https:\/\/www.hoecker.eu\/blog\/hoecker-setzt-gegendarstellung-fuer-joerg-kachelmann-gegen-bild-online-durch\/","og_site_name":"H\u00d6CKER - der Blog","article_publisher":"https:\/\/www.facebook.com\/HoeckerRAe\/","article_author":"https:\/\/www.facebook.com\/ralf.hoecker","article_published_time":"2016-05-09T16:28:24+00:00","article_modified_time":"2025-02-17T14:02:48+00:00","author":"Prof. Dr. Ralf H\u00f6cker","twitter_card":"summary_large_image","twitter_creator":"@Ralf_Hoecker","twitter_site":"@hoecker_rae","twitter_misc":{"Verfasst von":"Prof. Dr. Ralf H\u00f6cker","Gesch\u00e4tzte Lesezeit":"1\u00a0Minute"},"schema":{"@context":"https:\/\/schema.org","@graph":[{"@type":"Article","@id":"https:\/\/www.hoecker.eu\/blog\/hoecker-setzt-gegendarstellung-fuer-joerg-kachelmann-gegen-bild-online-durch\/#article","isPartOf":{"@id":"https:\/\/www.hoecker.eu\/blog\/hoecker-setzt-gegendarstellung-fuer-joerg-kachelmann-gegen-bild-online-durch\/"},"author":{"name":"Prof. Dr. Ralf H\u00f6cker","@id":"https:\/\/www.hoecker.eu\/blog\/#\/schema\/person\/08f95581eed0534eccd0b2438f7a1cab"},"headline":"H\u00d6CKER setzt Gegendarstellung f\u00fcr J\u00f6rg Kachelmann gegen Bild Online durch.","datePublished":"2016-05-09T16:28:24+00:00","dateModified":"2025-02-17T14:02:48+00:00","mainEntityOfPage":{"@id":"https:\/\/www.hoecker.eu\/blog\/hoecker-setzt-gegendarstellung-fuer-joerg-kachelmann-gegen-bild-online-durch\/"},"wordCount":162,"publisher":{"@id":"https:\/\/www.hoecker.eu\/blog\/#organization"},"articleSection":["News"],"inLanguage":"de"},{"@type":"WebPage","@id":"https:\/\/www.hoecker.eu\/blog\/hoecker-setzt-gegendarstellung-fuer-joerg-kachelmann-gegen-bild-online-durch\/","url":"https:\/\/www.hoecker.eu\/blog\/hoecker-setzt-gegendarstellung-fuer-joerg-kachelmann-gegen-bild-online-durch\/","name":"H\u00d6CKER setzt Gegendarstellung f\u00fcr J\u00f6rg Kachelmann gegen Bild Online durch. - H\u00d6CKER - der Blog","isPartOf":{"@id":"https:\/\/www.hoecker.eu\/blog\/#website"},"datePublished":"2016-05-09T16:28:24+00:00","dateModified":"2025-02-17T14:02:48+00:00","breadcrumb":{"@id":"https:\/\/www.hoecker.eu\/blog\/hoecker-setzt-gegendarstellung-fuer-joerg-kachelmann-gegen-bild-online-durch\/#breadcrumb"},"inLanguage":"de","potentialAction":[{"@type":"ReadAction","target":["https:\/\/www.hoecker.eu\/blog\/hoecker-setzt-gegendarstellung-fuer-joerg-kachelmann-gegen-bild-online-durch\/"]}]},{"@type":"BreadcrumbList","@id":"https:\/\/www.hoecker.eu\/blog\/hoecker-setzt-gegendarstellung-fuer-joerg-kachelmann-gegen-bild-online-durch\/#breadcrumb","itemListElement":[{"@type":"ListItem","position":1,"name":"Startseite","item":"https:\/\/dev.hoecker.eu\/blog\/"},{"@type":"ListItem","position":2,"name":"H\u00d6CKER setzt Gegendarstellung f\u00fcr J\u00f6rg Kachelmann gegen Bild Online durch."}]},{"@type":"WebSite","@id":"https:\/\/www.hoecker.eu\/blog\/#website","url":"https:\/\/www.hoecker.eu\/blog\/","name":"H\u00d6CKER - der Blog","description":"Expertenblog f\u00fcr \u00c4u\u00dferungs-, Medien-, Marken-, Urheber- und Wettbewerbsrecht.","publisher":{"@id":"https:\/\/www.hoecker.eu\/blog\/#organization"},"potentialAction":[{"@type":"SearchAction","target":{"@type":"EntryPoint","urlTemplate":"https:\/\/www.hoecker.eu\/blog\/?s={search_term_string}"},"query-input":{"@type":"PropertyValueSpecification","valueRequired":true,"valueName":"search_term_string"}}],"inLanguage":"de"},{"@type":"Organization","@id":"https:\/\/www.hoecker.eu\/blog\/#organization","name":"H\u00d6CKER Rechtsanw\u00e4lte PartGmbB","alternateName":"H\u00d6CKER","url":"https:\/\/www.hoecker.eu\/blog\/","logo":{"@type":"ImageObject","inLanguage":"de","@id":"https:\/\/www.hoecker.eu\/blog\/#\/schema\/logo\/image\/","url":"https:\/\/www.hoecker.eu\/blog\/wp-content\/uploads\/2025\/03\/Blog-Logo.webp","contentUrl":"https:\/\/www.hoecker.eu\/blog\/wp-content\/uploads\/2025\/03\/Blog-Logo.webp","width":500,"height":500,"caption":"H\u00d6CKER Rechtsanw\u00e4lte PartGmbB"},"image":{"@id":"https:\/\/www.hoecker.eu\/blog\/#\/schema\/logo\/image\/"},"sameAs":["https:\/\/www.facebook.com\/HoeckerRAe\/","https:\/\/x.com\/hoecker_rae","https:\/\/www.linkedin.com\/company\/hcker-rechtsanwlte\/","https:\/\/www.instagram.com\/hoecker_rae\/"],"email":"contact@hoecker.eu","telephone":"+ 49 (0)221-933 19-10","legalName":"H\u00d6CKER Rechtsanw\u00e4lte PartGmbB","numberOfEmployees":{"@type":"QuantitativeValue","minValue":"11","maxValue":"50"}},{"@type":"Person","@id":"https:\/\/www.hoecker.eu\/blog\/#\/schema\/person\/08f95581eed0534eccd0b2438f7a1cab","name":"Prof. Dr. Ralf H\u00f6cker","description":"Medienanwalt. Besch\u00fctzer vor mieser Presse","sameAs":["https:\/\/www.hoecker.eu\/wer\/prof-dr-ralf-hoecker","https:\/\/www.facebook.com\/ralf.hoecker","https:\/\/www.linkedin.com\/in\/prof-dr-ralf-hcker-ll-m-london-17987826\/","https:\/\/x.com\/Ralf_Hoecker"],"url":"https:\/\/www.hoecker.eu\/blog\/author\/hoecker_adm\/"}]}},"authors":[{"term_id":84,"user_id":1,"is_guest":0,"slug":"hoecker_adm","display_name":"Prof. Dr. Ralf H\u00f6cker","avatar_url":{"url":"https:\/\/www.hoecker.eu\/blog\/wp-content\/uploads\/2023\/12\/ProfDrRalfHoecker.jpg","url2x":"https:\/\/www.hoecker.eu\/blog\/wp-content\/uploads\/2023\/12\/ProfDrRalfHoecker.jpg"},"0":null,"1":"","2":"","3":"","4":"","5":"","6":"","7":"","8":"","9":"","10":"","11":""}],"_links":{"self":[{"href":"https:\/\/www.hoecker.eu\/blog\/wp-json\/wp\/v2\/posts\/8748","targetHints":{"allow":["GET"]}}],"collection":[{"href":"https:\/\/www.hoecker.eu\/blog\/wp-json\/wp\/v2\/posts"}],"about":[{"href":"https:\/\/www.hoecker.eu\/blog\/wp-json\/wp\/v2\/types\/post"}],"author":[{"embeddable":true,"href":"https:\/\/www.hoecker.eu\/blog\/wp-json\/wp\/v2\/users\/1"}],"replies":[{"embeddable":true,"href":"https:\/\/www.hoecker.eu\/blog\/wp-json\/wp\/v2\/comments?post=8748"}],"version-history":[{"count":1,"href":"https:\/\/www.hoecker.eu\/blog\/wp-json\/wp\/v2\/posts\/8748\/revisions"}],"predecessor-version":[{"id":9870,"href":"https:\/\/www.hoecker.eu\/blog\/wp-json\/wp\/v2\/posts\/8748\/revisions\/9870"}],"wp:attachment":[{"href":"https:\/\/www.hoecker.eu\/blog\/wp-json\/wp\/v2\/media?parent=8748"}],"wp:term":[{"taxonomy":"category","embeddable":true,"href":"https:\/\/www.hoecker.eu\/blog\/wp-json\/wp\/v2\/categories?post=8748"},{"taxonomy":"post_tag","embeddable":true,"href":"https:\/\/www.hoecker.eu\/blog\/wp-json\/wp\/v2\/tags?post=8748"},{"taxonomy":"hashtags","embeddable":true,"href":"https:\/\/www.hoecker.eu\/blog\/wp-json\/wp\/v2\/hashtags?post=8748"},{"taxonomy":"author","embeddable":true,"href":"https:\/\/www.hoecker.eu\/blog\/wp-json\/wp\/v2\/ppma_author?post=8748"}],"curies":[{"name":"wp","href":"https:\/\/api.w.org\/{rel}","templated":true}]}}