{"id":8744,"date":"2016-05-09T18:44:56","date_gmt":"2016-05-09T16:44:56","guid":{"rendered":"https:\/\/www.hoecker.eu\/blog\/prof-hoecker-spricht-vor-der-arbeitsgemeinschaft-gewerblicher-rechtsschutz-des-freiburger-anwaltvereins-zum-thema-medienarbeit-des-rechtsanwalts-bei-der-vertretung-von-prominenten-mandanten\/"},"modified":"2025-02-17T15:02:46","modified_gmt":"2025-02-17T14:02:46","slug":"prof-hoecker-spricht-vor-der-arbeitsgemeinschaft-gewerblicher-rechtsschutz-des-freiburger-anwaltvereins-zum-thema-medienarbeit-des-rechtsanwalts-bei-der-vertretung-von-prominenten-mandanten","status":"publish","type":"post","link":"https:\/\/www.hoecker.eu\/blog\/prof-hoecker-spricht-vor-der-arbeitsgemeinschaft-gewerblicher-rechtsschutz-des-freiburger-anwaltvereins-zum-thema-medienarbeit-des-rechtsanwalts-bei-der-vertretung-von-prominenten-mandanten\/","title":{"rendered":"Prof. H\u00f6cker spricht vor der Arbeitsgemeinschaft Gewerblicher Rechtsschutz des Freiburger Anwaltvereins zum Thema &#8220;Medienarbeit des Rechtsanwalts bei der Vertretung von (prominenten) Mandanten&#8221;"},"content":{"rendered":"<p class=\"flies\"><strong class=\"flies\">Aus der Einladung des Freiburger Anwaltvereins zur Fortbildungsveranstaltung:<\/strong><\/p>\n<p class=\"flies\">Sehr geehrte Kolleginnen und Kollegen,<\/p>\n<p class=\"flies\">die n&auml;chste Fortbildungsveranstaltung der Arbeitsgemeinschaft findet am<\/p>\n<p align=\"center\"><strong class=\"flies\">Mittwoch, den 08. Juni 2011 um 19.00 Uhr<\/strong><\/p>\n<p class=\"flies\">im Hotel Zum Roten B&auml;ren, Oberlinden 12, 79098 Freiburg statt.<\/p>\n<p class=\"flies\">Als Referenten konnten wir Herrn Rechtsanwalt <strong>Prof. Dr. Ralf H&ouml;cker aus K&ouml;ln<\/strong> gewinnen, der sprechen wird zum Them<\/p>\n<p align=\"center\"><strong class=\"flies\">&bdquo;Medienarbeit des Rechtsanwalts bei der Vertretung prominenter Mandanten&ldquo;<\/strong><\/p>\n<p class=\"flies\">Wer im Licht der &Ouml;ffentlichkeit steht, begegnet besonderen Herausforderungen &#8211; im Gesch&auml;fts- wie im Privatleben. Pers&ouml;nlichkeitsvermarktung und Pers&ouml;nlichkeitsschutz sind f&uuml;r prominente Menschen zwei Seiten einer Medaille. F&uuml;r den Rechtsanwalt bringt die Vertretung prominenter Mandanten spezielle Aufgabenstellungen mit sich. Die Privatsph&auml;re gerade in der &Ouml;ffentlichkeit stehender Mandanten gilt es mit den verf&uuml;gbaren rechtlichen Instrumentarien zu verteidigen, um daf&uuml;r Sorge zu tragen, dass den Mandanten beruflich und privat die Freir&auml;ume verbleiben, die sie ben&ouml;tigen. Eine besondere Herausforderung stellt dabei die medien- und presserechtliche Betreuung im Rahmen eines laufenden strafrechtlichen Verfahrens dar, weil sich die Medien erfahrungsgem&auml;&szlig; gerade dann mit ihrer journalistischen Sorgfaltspflicht schwer tun und den Prominenten gewisserma&szlig;en als &#8220;zum Abschuss freigegeben&#8221; ansehen. Die mediale Berichterstattung &uuml;ber den gegenw&auml;rtig vor dem Landgericht Mannheim anh&auml;ngigen Strafprozess im &bdquo;<em>Fall Kachelmann<\/em>&ldquo; liefert hierf&uuml;r ein anschauliches Beispiel.<\/p>\n<p class=\"flies\">Der Vortrag wird unter anderem einen Einblick in die medien- und presserechtliche Begleitung des Angeklagten im Verlauf jenes Verfahrens und in die Streitpunkte geben, die mit den Zeitungsverlagen in den zahlreichen gerichtlichen Auseinandersetzungen auszufechten waren. Allgemeine Ausf&uuml;hrungen zu den Besonderheiten der anwaltlichen Arbeit im Zusammenhang mit der Vertretung sog. &#8220;Celebrities&#8221; runden diesen eindr&uuml;cklichen Vortrag aus der Praxis ab.<\/p>\n<p class=\"flies\">Der Referent, Prof. Dr. Ralf H&ouml;cker LL.M. (IP) (London), ist namensgebender Partner der auf Medien- und Markenrecht spezialisierten Kanzlei H&Ouml;CKER Rechtsanw&auml;lte in K&ouml;ln. Er ist au&szlig;erdem Professor f&uuml;r Deutsches und Internationales Marken- und Medienrecht an der CBS (Cologne Business School) und zugleich Wissenschaftlicher Direktor des dortigen Instituts f&uuml;r Kommunikation und Recht im Internet (DIKRI). Neben seiner Anwalts- und Lehrt&auml;tigkeit ist Prof. H&ouml;cker au&szlig;erdem als Autor zahlreicher Bestseller bekannt geworden, insbesondere durch sein &#8220;Lexikon der Rechtsirrt&uuml;mer&#8221; und die Folgeb&auml;nde (zuletzt: &#8220;Das Lexikon der Internetfallen&#8221;).<\/p>\n","protected":false},"excerpt":{"rendered":"<p>Aus der Einladung des Freiburger Anwaltvereins zur Fortbildungsveranstaltung: Sehr geehrte Kolleginnen und Kollegen, die n&auml;chste Fortbildungsveranstaltung der Arbeitsgemeinschaft findet am Mittwoch, den 08. Juni 2011 um 19.00 Uhr im Hotel Zum Roten B&auml;ren, Oberlinden 12, 79098 Freiburg statt. Als Referenten konnten wir Herrn Rechtsanwalt Prof. Dr. Ralf H&ouml;cker aus K&ouml;ln gewinnen, der sprechen wird zum [&hellip;]<\/p>\n","protected":false},"author":1,"featured_media":0,"comment_status":"closed","ping_status":"closed","sticky":false,"template":"","format":"standard","meta":{"_has_post_settings":[],"footnotes":""},"categories":[15],"tags":[],"hashtags":[],"ppma_author":[84],"class_list":["post-8744","post","type-post","status-publish","format-standard","hentry","category-news","author-hoecker_adm"],"yoast_head":"<!-- This site is optimized with the Yoast SEO Premium plugin v25.9 (Yoast SEO v27.0) - https:\/\/yoast.com\/product\/yoast-seo-premium-wordpress\/ -->\n<title>Prof. H\u00f6cker spricht vor der Arbeitsgemeinschaft Gewerblicher Rechtsschutz des Freiburger Anwaltvereins zum Thema &quot;Medienarbeit des Rechtsanwalts bei der Vertretung von (prominenten) Mandanten&quot; - H\u00d6CKER - der Blog<\/title>\n<meta name=\"robots\" content=\"index, follow, max-snippet:-1, max-image-preview:large, max-video-preview:-1\" \/>\n<link rel=\"canonical\" href=\"https:\/\/www.hoecker.eu\/blog\/prof-hoecker-spricht-vor-der-arbeitsgemeinschaft-gewerblicher-rechtsschutz-des-freiburger-anwaltvereins-zum-thema-medienarbeit-des-rechtsanwalts-bei-der-vertretung-von-prominenten-mandanten\/\" \/>\n<meta property=\"og:locale\" content=\"de_DE\" \/>\n<meta property=\"og:type\" content=\"article\" \/>\n<meta property=\"og:title\" content=\"Prof. H\u00f6cker spricht vor der Arbeitsgemeinschaft Gewerblicher Rechtsschutz des Freiburger Anwaltvereins zum Thema &quot;Medienarbeit des Rechtsanwalts bei der Vertretung von (prominenten) Mandanten&quot;\" \/>\n<meta property=\"og:description\" content=\"Aus der Einladung des Freiburger Anwaltvereins zur Fortbildungsveranstaltung: Sehr geehrte Kolleginnen und Kollegen, die n&auml;chste Fortbildungsveranstaltung der Arbeitsgemeinschaft findet am Mittwoch, den 08. Juni 2011 um 19.00 Uhr im Hotel Zum Roten B&auml;ren, Oberlinden 12, 79098 Freiburg statt. Als Referenten konnten wir Herrn Rechtsanwalt Prof. Dr. Ralf H&ouml;cker aus K&ouml;ln gewinnen, der sprechen wird zum [&hellip;]\" \/>\n<meta property=\"og:url\" content=\"https:\/\/www.hoecker.eu\/blog\/prof-hoecker-spricht-vor-der-arbeitsgemeinschaft-gewerblicher-rechtsschutz-des-freiburger-anwaltvereins-zum-thema-medienarbeit-des-rechtsanwalts-bei-der-vertretung-von-prominenten-mandanten\/\" \/>\n<meta property=\"og:site_name\" content=\"H\u00d6CKER - der Blog\" \/>\n<meta property=\"article:publisher\" content=\"https:\/\/www.facebook.com\/HoeckerRAe\/\" \/>\n<meta property=\"article:author\" content=\"https:\/\/www.facebook.com\/ralf.hoecker\" \/>\n<meta property=\"article:published_time\" content=\"2016-05-09T16:44:56+00:00\" \/>\n<meta property=\"article:modified_time\" content=\"2025-02-17T14:02:46+00:00\" \/>\n<meta name=\"author\" content=\"Prof. Dr. Ralf H\u00f6cker\" \/>\n<meta name=\"twitter:card\" content=\"summary_large_image\" \/>\n<meta name=\"twitter:creator\" content=\"@Ralf_Hoecker\" \/>\n<meta name=\"twitter:site\" content=\"@hoecker_rae\" \/>\n<meta name=\"twitter:label1\" content=\"Verfasst von\" \/>\n\t<meta name=\"twitter:data1\" content=\"Prof. Dr. Ralf H\u00f6cker\" \/>\n\t<meta name=\"twitter:label2\" content=\"Gesch\u00e4tzte Lesezeit\" \/>\n\t<meta name=\"twitter:data2\" content=\"2\u00a0Minuten\" \/>\n<script type=\"application\/ld+json\" class=\"yoast-schema-graph\">{\"@context\":\"https:\/\/schema.org\",\"@graph\":[{\"@type\":\"Article\",\"@id\":\"https:\/\/www.hoecker.eu\/blog\/prof-hoecker-spricht-vor-der-arbeitsgemeinschaft-gewerblicher-rechtsschutz-des-freiburger-anwaltvereins-zum-thema-medienarbeit-des-rechtsanwalts-bei-der-vertretung-von-prominenten-mandanten\/#article\",\"isPartOf\":{\"@id\":\"https:\/\/www.hoecker.eu\/blog\/prof-hoecker-spricht-vor-der-arbeitsgemeinschaft-gewerblicher-rechtsschutz-des-freiburger-anwaltvereins-zum-thema-medienarbeit-des-rechtsanwalts-bei-der-vertretung-von-prominenten-mandanten\/\"},\"author\":{\"name\":\"Prof. Dr. Ralf H\u00f6cker\",\"@id\":\"https:\/\/www.hoecker.eu\/blog\/#\/schema\/person\/08f95581eed0534eccd0b2438f7a1cab\"},\"headline\":\"Prof. H\u00f6cker spricht vor der Arbeitsgemeinschaft Gewerblicher Rechtsschutz des Freiburger Anwaltvereins zum Thema &#8220;Medienarbeit des Rechtsanwalts bei der Vertretung von (prominenten) Mandanten&#8221;\",\"datePublished\":\"2016-05-09T16:44:56+00:00\",\"dateModified\":\"2025-02-17T14:02:46+00:00\",\"mainEntityOfPage\":{\"@id\":\"https:\/\/www.hoecker.eu\/blog\/prof-hoecker-spricht-vor-der-arbeitsgemeinschaft-gewerblicher-rechtsschutz-des-freiburger-anwaltvereins-zum-thema-medienarbeit-des-rechtsanwalts-bei-der-vertretung-von-prominenten-mandanten\/\"},\"wordCount\":428,\"publisher\":{\"@id\":\"https:\/\/www.hoecker.eu\/blog\/#organization\"},\"articleSection\":[\"News\"],\"inLanguage\":\"de\"},{\"@type\":\"WebPage\",\"@id\":\"https:\/\/www.hoecker.eu\/blog\/prof-hoecker-spricht-vor-der-arbeitsgemeinschaft-gewerblicher-rechtsschutz-des-freiburger-anwaltvereins-zum-thema-medienarbeit-des-rechtsanwalts-bei-der-vertretung-von-prominenten-mandanten\/\",\"url\":\"https:\/\/www.hoecker.eu\/blog\/prof-hoecker-spricht-vor-der-arbeitsgemeinschaft-gewerblicher-rechtsschutz-des-freiburger-anwaltvereins-zum-thema-medienarbeit-des-rechtsanwalts-bei-der-vertretung-von-prominenten-mandanten\/\",\"name\":\"Prof. H\u00f6cker spricht vor der Arbeitsgemeinschaft Gewerblicher Rechtsschutz des Freiburger Anwaltvereins zum Thema \\\"Medienarbeit des Rechtsanwalts bei der Vertretung von (prominenten) Mandanten\\\" - H\u00d6CKER - der Blog\",\"isPartOf\":{\"@id\":\"https:\/\/www.hoecker.eu\/blog\/#website\"},\"datePublished\":\"2016-05-09T16:44:56+00:00\",\"dateModified\":\"2025-02-17T14:02:46+00:00\",\"breadcrumb\":{\"@id\":\"https:\/\/www.hoecker.eu\/blog\/prof-hoecker-spricht-vor-der-arbeitsgemeinschaft-gewerblicher-rechtsschutz-des-freiburger-anwaltvereins-zum-thema-medienarbeit-des-rechtsanwalts-bei-der-vertretung-von-prominenten-mandanten\/#breadcrumb\"},\"inLanguage\":\"de\",\"potentialAction\":[{\"@type\":\"ReadAction\",\"target\":[\"https:\/\/www.hoecker.eu\/blog\/prof-hoecker-spricht-vor-der-arbeitsgemeinschaft-gewerblicher-rechtsschutz-des-freiburger-anwaltvereins-zum-thema-medienarbeit-des-rechtsanwalts-bei-der-vertretung-von-prominenten-mandanten\/\"]}]},{\"@type\":\"BreadcrumbList\",\"@id\":\"https:\/\/www.hoecker.eu\/blog\/prof-hoecker-spricht-vor-der-arbeitsgemeinschaft-gewerblicher-rechtsschutz-des-freiburger-anwaltvereins-zum-thema-medienarbeit-des-rechtsanwalts-bei-der-vertretung-von-prominenten-mandanten\/#breadcrumb\",\"itemListElement\":[{\"@type\":\"ListItem\",\"position\":1,\"name\":\"Startseite\",\"item\":\"https:\/\/dev.hoecker.eu\/blog\/\"},{\"@type\":\"ListItem\",\"position\":2,\"name\":\"Prof. H\u00f6cker spricht vor der Arbeitsgemeinschaft Gewerblicher Rechtsschutz des Freiburger Anwaltvereins zum Thema &#8220;Medienarbeit des Rechtsanwalts bei der Vertretung von (prominenten) Mandanten&#8221;\"}]},{\"@type\":\"WebSite\",\"@id\":\"https:\/\/www.hoecker.eu\/blog\/#website\",\"url\":\"https:\/\/www.hoecker.eu\/blog\/\",\"name\":\"H\u00d6CKER - der Blog\",\"description\":\"Expertenblog f\u00fcr \u00c4u\u00dferungs-, Medien-, Marken-, Urheber- und Wettbewerbsrecht.\",\"publisher\":{\"@id\":\"https:\/\/www.hoecker.eu\/blog\/#organization\"},\"potentialAction\":[{\"@type\":\"SearchAction\",\"target\":{\"@type\":\"EntryPoint\",\"urlTemplate\":\"https:\/\/www.hoecker.eu\/blog\/?s={search_term_string}\"},\"query-input\":{\"@type\":\"PropertyValueSpecification\",\"valueRequired\":true,\"valueName\":\"search_term_string\"}}],\"inLanguage\":\"de\"},{\"@type\":\"Organization\",\"@id\":\"https:\/\/www.hoecker.eu\/blog\/#organization\",\"name\":\"H\u00d6CKER Rechtsanw\u00e4lte PartGmbB\",\"alternateName\":\"H\u00d6CKER\",\"url\":\"https:\/\/www.hoecker.eu\/blog\/\",\"logo\":{\"@type\":\"ImageObject\",\"inLanguage\":\"de\",\"@id\":\"https:\/\/www.hoecker.eu\/blog\/#\/schema\/logo\/image\/\",\"url\":\"https:\/\/www.hoecker.eu\/blog\/wp-content\/uploads\/2025\/03\/Blog-Logo.webp\",\"contentUrl\":\"https:\/\/www.hoecker.eu\/blog\/wp-content\/uploads\/2025\/03\/Blog-Logo.webp\",\"width\":500,\"height\":500,\"caption\":\"H\u00d6CKER Rechtsanw\u00e4lte PartGmbB\"},\"image\":{\"@id\":\"https:\/\/www.hoecker.eu\/blog\/#\/schema\/logo\/image\/\"},\"sameAs\":[\"https:\/\/www.facebook.com\/HoeckerRAe\/\",\"https:\/\/x.com\/hoecker_rae\",\"https:\/\/www.linkedin.com\/company\/hcker-rechtsanwlte\/\",\"https:\/\/www.instagram.com\/hoecker_rae\/\"],\"email\":\"contact@hoecker.eu\",\"telephone\":\"+ 49 (0)221-933 19-10\",\"legalName\":\"H\u00d6CKER Rechtsanw\u00e4lte PartGmbB\",\"numberOfEmployees\":{\"@type\":\"QuantitativeValue\",\"minValue\":\"11\",\"maxValue\":\"50\"}},{\"@type\":\"Person\",\"@id\":\"https:\/\/www.hoecker.eu\/blog\/#\/schema\/person\/08f95581eed0534eccd0b2438f7a1cab\",\"name\":\"Prof. Dr. Ralf H\u00f6cker\",\"description\":\"Medienanwalt. Besch\u00fctzer vor mieser Presse\",\"sameAs\":[\"https:\/\/www.hoecker.eu\/wer\/prof-dr-ralf-hoecker\",\"https:\/\/www.facebook.com\/ralf.hoecker\",\"https:\/\/www.linkedin.com\/in\/prof-dr-ralf-hcker-ll-m-london-17987826\/\",\"https:\/\/x.com\/Ralf_Hoecker\"],\"url\":\"https:\/\/www.hoecker.eu\/blog\/author\/hoecker_adm\/\"}]}<\/script>\n<!-- \/ Yoast SEO Premium plugin. -->","yoast_head_json":{"title":"Prof. H\u00f6cker spricht vor der Arbeitsgemeinschaft Gewerblicher Rechtsschutz des Freiburger Anwaltvereins zum Thema \"Medienarbeit des Rechtsanwalts bei der Vertretung von (prominenten) Mandanten\" - H\u00d6CKER - der Blog","robots":{"index":"index","follow":"follow","max-snippet":"max-snippet:-1","max-image-preview":"max-image-preview:large","max-video-preview":"max-video-preview:-1"},"canonical":"https:\/\/www.hoecker.eu\/blog\/prof-hoecker-spricht-vor-der-arbeitsgemeinschaft-gewerblicher-rechtsschutz-des-freiburger-anwaltvereins-zum-thema-medienarbeit-des-rechtsanwalts-bei-der-vertretung-von-prominenten-mandanten\/","og_locale":"de_DE","og_type":"article","og_title":"Prof. H\u00f6cker spricht vor der Arbeitsgemeinschaft Gewerblicher Rechtsschutz des Freiburger Anwaltvereins zum Thema \"Medienarbeit des Rechtsanwalts bei der Vertretung von (prominenten) Mandanten\"","og_description":"Aus der Einladung des Freiburger Anwaltvereins zur Fortbildungsveranstaltung: Sehr geehrte Kolleginnen und Kollegen, die n&auml;chste Fortbildungsveranstaltung der Arbeitsgemeinschaft findet am Mittwoch, den 08. Juni 2011 um 19.00 Uhr im Hotel Zum Roten B&auml;ren, Oberlinden 12, 79098 Freiburg statt. Als Referenten konnten wir Herrn Rechtsanwalt Prof. Dr. Ralf H&ouml;cker aus K&ouml;ln gewinnen, der sprechen wird zum [&hellip;]","og_url":"https:\/\/www.hoecker.eu\/blog\/prof-hoecker-spricht-vor-der-arbeitsgemeinschaft-gewerblicher-rechtsschutz-des-freiburger-anwaltvereins-zum-thema-medienarbeit-des-rechtsanwalts-bei-der-vertretung-von-prominenten-mandanten\/","og_site_name":"H\u00d6CKER - der Blog","article_publisher":"https:\/\/www.facebook.com\/HoeckerRAe\/","article_author":"https:\/\/www.facebook.com\/ralf.hoecker","article_published_time":"2016-05-09T16:44:56+00:00","article_modified_time":"2025-02-17T14:02:46+00:00","author":"Prof. Dr. Ralf H\u00f6cker","twitter_card":"summary_large_image","twitter_creator":"@Ralf_Hoecker","twitter_site":"@hoecker_rae","twitter_misc":{"Verfasst von":"Prof. Dr. Ralf H\u00f6cker","Gesch\u00e4tzte Lesezeit":"2\u00a0Minuten"},"schema":{"@context":"https:\/\/schema.org","@graph":[{"@type":"Article","@id":"https:\/\/www.hoecker.eu\/blog\/prof-hoecker-spricht-vor-der-arbeitsgemeinschaft-gewerblicher-rechtsschutz-des-freiburger-anwaltvereins-zum-thema-medienarbeit-des-rechtsanwalts-bei-der-vertretung-von-prominenten-mandanten\/#article","isPartOf":{"@id":"https:\/\/www.hoecker.eu\/blog\/prof-hoecker-spricht-vor-der-arbeitsgemeinschaft-gewerblicher-rechtsschutz-des-freiburger-anwaltvereins-zum-thema-medienarbeit-des-rechtsanwalts-bei-der-vertretung-von-prominenten-mandanten\/"},"author":{"name":"Prof. Dr. Ralf H\u00f6cker","@id":"https:\/\/www.hoecker.eu\/blog\/#\/schema\/person\/08f95581eed0534eccd0b2438f7a1cab"},"headline":"Prof. H\u00f6cker spricht vor der Arbeitsgemeinschaft Gewerblicher Rechtsschutz des Freiburger Anwaltvereins zum Thema &#8220;Medienarbeit des Rechtsanwalts bei der Vertretung von (prominenten) Mandanten&#8221;","datePublished":"2016-05-09T16:44:56+00:00","dateModified":"2025-02-17T14:02:46+00:00","mainEntityOfPage":{"@id":"https:\/\/www.hoecker.eu\/blog\/prof-hoecker-spricht-vor-der-arbeitsgemeinschaft-gewerblicher-rechtsschutz-des-freiburger-anwaltvereins-zum-thema-medienarbeit-des-rechtsanwalts-bei-der-vertretung-von-prominenten-mandanten\/"},"wordCount":428,"publisher":{"@id":"https:\/\/www.hoecker.eu\/blog\/#organization"},"articleSection":["News"],"inLanguage":"de"},{"@type":"WebPage","@id":"https:\/\/www.hoecker.eu\/blog\/prof-hoecker-spricht-vor-der-arbeitsgemeinschaft-gewerblicher-rechtsschutz-des-freiburger-anwaltvereins-zum-thema-medienarbeit-des-rechtsanwalts-bei-der-vertretung-von-prominenten-mandanten\/","url":"https:\/\/www.hoecker.eu\/blog\/prof-hoecker-spricht-vor-der-arbeitsgemeinschaft-gewerblicher-rechtsschutz-des-freiburger-anwaltvereins-zum-thema-medienarbeit-des-rechtsanwalts-bei-der-vertretung-von-prominenten-mandanten\/","name":"Prof. H\u00f6cker spricht vor der Arbeitsgemeinschaft Gewerblicher Rechtsschutz des Freiburger Anwaltvereins zum Thema \"Medienarbeit des Rechtsanwalts bei der Vertretung von (prominenten) Mandanten\" - H\u00d6CKER - der Blog","isPartOf":{"@id":"https:\/\/www.hoecker.eu\/blog\/#website"},"datePublished":"2016-05-09T16:44:56+00:00","dateModified":"2025-02-17T14:02:46+00:00","breadcrumb":{"@id":"https:\/\/www.hoecker.eu\/blog\/prof-hoecker-spricht-vor-der-arbeitsgemeinschaft-gewerblicher-rechtsschutz-des-freiburger-anwaltvereins-zum-thema-medienarbeit-des-rechtsanwalts-bei-der-vertretung-von-prominenten-mandanten\/#breadcrumb"},"inLanguage":"de","potentialAction":[{"@type":"ReadAction","target":["https:\/\/www.hoecker.eu\/blog\/prof-hoecker-spricht-vor-der-arbeitsgemeinschaft-gewerblicher-rechtsschutz-des-freiburger-anwaltvereins-zum-thema-medienarbeit-des-rechtsanwalts-bei-der-vertretung-von-prominenten-mandanten\/"]}]},{"@type":"BreadcrumbList","@id":"https:\/\/www.hoecker.eu\/blog\/prof-hoecker-spricht-vor-der-arbeitsgemeinschaft-gewerblicher-rechtsschutz-des-freiburger-anwaltvereins-zum-thema-medienarbeit-des-rechtsanwalts-bei-der-vertretung-von-prominenten-mandanten\/#breadcrumb","itemListElement":[{"@type":"ListItem","position":1,"name":"Startseite","item":"https:\/\/dev.hoecker.eu\/blog\/"},{"@type":"ListItem","position":2,"name":"Prof. H\u00f6cker spricht vor der Arbeitsgemeinschaft Gewerblicher Rechtsschutz des Freiburger Anwaltvereins zum Thema &#8220;Medienarbeit des Rechtsanwalts bei der Vertretung von (prominenten) Mandanten&#8221;"}]},{"@type":"WebSite","@id":"https:\/\/www.hoecker.eu\/blog\/#website","url":"https:\/\/www.hoecker.eu\/blog\/","name":"H\u00d6CKER - der Blog","description":"Expertenblog f\u00fcr \u00c4u\u00dferungs-, Medien-, Marken-, Urheber- und Wettbewerbsrecht.","publisher":{"@id":"https:\/\/www.hoecker.eu\/blog\/#organization"},"potentialAction":[{"@type":"SearchAction","target":{"@type":"EntryPoint","urlTemplate":"https:\/\/www.hoecker.eu\/blog\/?s={search_term_string}"},"query-input":{"@type":"PropertyValueSpecification","valueRequired":true,"valueName":"search_term_string"}}],"inLanguage":"de"},{"@type":"Organization","@id":"https:\/\/www.hoecker.eu\/blog\/#organization","name":"H\u00d6CKER Rechtsanw\u00e4lte PartGmbB","alternateName":"H\u00d6CKER","url":"https:\/\/www.hoecker.eu\/blog\/","logo":{"@type":"ImageObject","inLanguage":"de","@id":"https:\/\/www.hoecker.eu\/blog\/#\/schema\/logo\/image\/","url":"https:\/\/www.hoecker.eu\/blog\/wp-content\/uploads\/2025\/03\/Blog-Logo.webp","contentUrl":"https:\/\/www.hoecker.eu\/blog\/wp-content\/uploads\/2025\/03\/Blog-Logo.webp","width":500,"height":500,"caption":"H\u00d6CKER Rechtsanw\u00e4lte PartGmbB"},"image":{"@id":"https:\/\/www.hoecker.eu\/blog\/#\/schema\/logo\/image\/"},"sameAs":["https:\/\/www.facebook.com\/HoeckerRAe\/","https:\/\/x.com\/hoecker_rae","https:\/\/www.linkedin.com\/company\/hcker-rechtsanwlte\/","https:\/\/www.instagram.com\/hoecker_rae\/"],"email":"contact@hoecker.eu","telephone":"+ 49 (0)221-933 19-10","legalName":"H\u00d6CKER Rechtsanw\u00e4lte PartGmbB","numberOfEmployees":{"@type":"QuantitativeValue","minValue":"11","maxValue":"50"}},{"@type":"Person","@id":"https:\/\/www.hoecker.eu\/blog\/#\/schema\/person\/08f95581eed0534eccd0b2438f7a1cab","name":"Prof. Dr. Ralf H\u00f6cker","description":"Medienanwalt. Besch\u00fctzer vor mieser Presse","sameAs":["https:\/\/www.hoecker.eu\/wer\/prof-dr-ralf-hoecker","https:\/\/www.facebook.com\/ralf.hoecker","https:\/\/www.linkedin.com\/in\/prof-dr-ralf-hcker-ll-m-london-17987826\/","https:\/\/x.com\/Ralf_Hoecker"],"url":"https:\/\/www.hoecker.eu\/blog\/author\/hoecker_adm\/"}]}},"authors":[{"term_id":84,"user_id":1,"is_guest":0,"slug":"hoecker_adm","display_name":"Prof. Dr. Ralf H\u00f6cker","avatar_url":{"url":"https:\/\/www.hoecker.eu\/blog\/wp-content\/uploads\/2023\/12\/ProfDrRalfHoecker.jpg","url2x":"https:\/\/www.hoecker.eu\/blog\/wp-content\/uploads\/2023\/12\/ProfDrRalfHoecker.jpg"},"0":null,"1":"","2":"","3":"","4":"","5":"","6":"","7":"","8":"","9":"","10":"","11":""}],"_links":{"self":[{"href":"https:\/\/www.hoecker.eu\/blog\/wp-json\/wp\/v2\/posts\/8744","targetHints":{"allow":["GET"]}}],"collection":[{"href":"https:\/\/www.hoecker.eu\/blog\/wp-json\/wp\/v2\/posts"}],"about":[{"href":"https:\/\/www.hoecker.eu\/blog\/wp-json\/wp\/v2\/types\/post"}],"author":[{"embeddable":true,"href":"https:\/\/www.hoecker.eu\/blog\/wp-json\/wp\/v2\/users\/1"}],"replies":[{"embeddable":true,"href":"https:\/\/www.hoecker.eu\/blog\/wp-json\/wp\/v2\/comments?post=8744"}],"version-history":[{"count":1,"href":"https:\/\/www.hoecker.eu\/blog\/wp-json\/wp\/v2\/posts\/8744\/revisions"}],"predecessor-version":[{"id":9866,"href":"https:\/\/www.hoecker.eu\/blog\/wp-json\/wp\/v2\/posts\/8744\/revisions\/9866"}],"wp:attachment":[{"href":"https:\/\/www.hoecker.eu\/blog\/wp-json\/wp\/v2\/media?parent=8744"}],"wp:term":[{"taxonomy":"category","embeddable":true,"href":"https:\/\/www.hoecker.eu\/blog\/wp-json\/wp\/v2\/categories?post=8744"},{"taxonomy":"post_tag","embeddable":true,"href":"https:\/\/www.hoecker.eu\/blog\/wp-json\/wp\/v2\/tags?post=8744"},{"taxonomy":"hashtags","embeddable":true,"href":"https:\/\/www.hoecker.eu\/blog\/wp-json\/wp\/v2\/hashtags?post=8744"},{"taxonomy":"author","embeddable":true,"href":"https:\/\/www.hoecker.eu\/blog\/wp-json\/wp\/v2\/ppma_author?post=8744"}],"curies":[{"name":"wp","href":"https:\/\/api.w.org\/{rel}","templated":true}]}}