{"id":8701,"date":"2016-05-09T19:19:00","date_gmt":"2016-05-09T17:19:00","guid":{"rendered":"https:\/\/www.hoecker.eu\/blog\/doppelter-sieg-fuer-kachelmann-vor-dem-lg-koeln-paparazzo-durfte-kachelmann-nicht-beim-hofgang-fotografieren-umgekehrt-durfte-kachelmann-den-paparazzo-spaeter-bei-der-arbeit-fotografieren-und-das-bi\/"},"modified":"2025-02-17T15:02:19","modified_gmt":"2025-02-17T14:02:19","slug":"doppelter-sieg-fuer-kachelmann-vor-dem-lg-koeln-paparazzo-durfte-kachelmann-nicht-beim-hofgang-fotografieren-umgekehrt-durfte-kachelmann-den-paparazzo-spaeter-bei-der-arbeit-fotografieren-und-das-bi","status":"publish","type":"post","link":"https:\/\/www.hoecker.eu\/blog\/doppelter-sieg-fuer-kachelmann-vor-dem-lg-koeln-paparazzo-durfte-kachelmann-nicht-beim-hofgang-fotografieren-umgekehrt-durfte-kachelmann-den-paparazzo-spaeter-bei-der-arbeit-fotografieren-und-das-bi\/","title":{"rendered":"Doppelter Sieg f\u00fcr Kachelmann vor dem LG K\u00f6ln: Paparazzo durfte Kachelmann nicht beim Hofgang fotografieren. Umgekehrt durfte Kachelmann den Paparazzo sp\u00e4ter bei der Arbeit fotografieren und das Bild twittern"},"content":{"rendered":"<p><span class=\"flies\">Mit Urteil vom 09.11.2011 (Az: 28 O 225\/11) best\u00e4tigt das Landgericht K\u00f6ln das von H\u00d6CKER erwirkte Verbot gegen den von der Axel Springer AG beauftragten Fotografen J\u00f6rg V\u00f6lkerling, der Bilder von J\u00f6rg Kachelmann w\u00e4hrend dessen Hofgangs in der JVA Mannheim angefertigt hatte. Nachdem bereits das Landgericht und das Oberlandesgericht K\u00f6ln per einstweiliger Verf\u00fcgung die rechtswidrige Ver\u00f6ffentlichung und Verbreitung der Bilder festgestellt hatten, best\u00e4tigt das Landgericht die Verletzung des allgemeinen Pers\u00f6nlichkeitsrechts und des Rechts am eigenen Bild von J\u00f6rg Kachelmann nun auch im Klageverfahren.<\/p>\n<p>Das Landgericht weist dabei auf die h\u00f6chstrichterliche Rechtsprechung hin, wonach gerade auch prominente Personen nicht in jeder Situation ihres Privat- und Alltagslebens visuell dargestellt werden d\u00fcrfen. Ein schwerwiegender Eingriff in das Pers\u00f6nlichkeitsrecht liegt insbesondere dann vor, wenn durch die Abbildung Einzelheiten des privaten Lebens ausgebreitet werden und wenn der Betroffene erwarten durfte, nicht in den Medien abgebildet zu werden.<\/p>\n<p>Nach diesen Ma\u00dfst\u00e4ben stellte bereits die Anfertigung der Bildaufnahmen einen rechtswidrigen Eingriff in die Rechte von J\u00f6rg Kachelmann dar, da die Fotos heimlich und ohne dessen Kenntnis aufgenommen wurden. Auch muss der Fotograf hierf\u00fcr als sog. St\u00f6rer haften, wenn die im Auftrag angefertigten Bilder anschlie\u00dfend auch \u00f6ffentlich gemacht werden.<\/span><\/p>\n<p><span class=\"flies\">Aus dem Urteil des LG K\u00f6ln:<\/span><\/p>\n<p><span class=\"flies\"><br \/><\/span><span class=\"flies\"><em>\u201cVielmehr begr\u00fcndet vorliegend bereits die heimlich aus gro\u00dfer Entfernung erfolgte Aufnahme des Kl\u00e4gers, der sich in einer Situation der Abgeschiedenheit vor \u00f6ffentlichen Blicken befand, einen rechtswidrigen Eingriff in das aus dem allgemeinen Pers\u00f6nlichkeitsrecht des Kl\u00e4gers flie\u00dfende Recht auf Selbstdarstellung, so dass die Bildnisse schon nicht zul\u00e4ssig erstellt wurden. Dar\u00fcber hinaus musste der Beklagte als Ersteller der Bilder angesichts der Entstehungsituation der Bilder und angesichts seines eindeutigen Auftrags, Bildnisse des Kl\u00e4gers aus der JVA Mannheim zum Zwecke der Bebilderung der laufenden Berichterstattung zu fertigen, damit rechnen, dass diese durch den Auftraggeber zeitnah und ohne zeitgeschichtlichen Bezug ver\u00f6ffentlicht w\u00fcrden.\u201d<br \/><\/em><br \/>Demgegen\u00fcber war es \u2013 und das spricht das Landgericht K\u00f6ln im zweiten Teil der Entscheidung aus \u2013 J\u00f6rg Kachelmann im Sinne eines \u201cmedialen Gegenschlags\u201d erlaubt, ein Bild des Fotografen zu ver\u00f6ffentlichen. Dieses Recht zur Ver\u00f6ffentlichung des Fotos folge aus dessen zeitgeschichtlicher Bedeutung, da es den Umgang der Medien mit Prominenten zeige:<\/p>\n<p><\/span><span class=\"flies\"><em>\u201cInsbesondere die Art und Weise wie die Berichterstattung \u00fcber Prominente und die Bebilderung derselben erfolgt, ist bereits von grunds\u00e4tzlichem Interesse, da der Umgang miteinander die gesellschaftlichen Grundlagen ber\u00fchrt.\u201d<br \/><\/em><br \/>Da das gegen J\u00f6rg Kachelmann gef\u00fchrte Strafverfahren 2010 und 2011 ein wesentliches Thema in den Medien war, habe die \u00d6ffentlichkeit ein Interesse daran, zu erfahren, wie diese Berichterstattung zustande kommt. Das Bild, das den Fotografen wartend in seinem Auto in der N\u00e4he der Wohnung von J\u00f6rg Kachelmann abbildet, belege die Arbeitsweise eines an vielen rechtswidrigen (Bild-)Berichterstattungen beteiligten Paparazzo und Journalisten. Eine derartige bildliche Dokumentation trage einen wesentlichen Beitrag zur \u00f6ffentlichen Meinungsbildung bei.<br \/><\/span><\/p>\n","protected":false},"excerpt":{"rendered":"<p>Mit Urteil vom 09.11.2011 (Az: 28 O 225\/11) best\u00e4tigt das Landgericht K\u00f6ln das von H\u00d6CKER erwirkte Verbot gegen den von der Axel Springer AG beauftragten Fotografen J\u00f6rg V\u00f6lkerling, der Bilder von J\u00f6rg Kachelmann w\u00e4hrend dessen Hofgangs in der JVA Mannheim angefertigt hatte. Nachdem bereits das Landgericht und das Oberlandesgericht K\u00f6ln per einstweiliger Verf\u00fcgung die rechtswidrige [&hellip;]<\/p>\n","protected":false},"author":1,"featured_media":0,"comment_status":"closed","ping_status":"closed","sticky":false,"template":"","format":"standard","meta":{"_has_post_settings":[],"footnotes":""},"categories":[15],"tags":[],"hashtags":[],"ppma_author":[84],"class_list":["post-8701","post","type-post","status-publish","format-standard","hentry","category-news","author-hoecker_adm"],"yoast_head":"<!-- This site is optimized with the Yoast SEO Premium plugin v25.9 (Yoast SEO v27.0) - https:\/\/yoast.com\/product\/yoast-seo-premium-wordpress\/ -->\n<title>Doppelter Sieg f\u00fcr Kachelmann vor dem LG K\u00f6ln: Paparazzo durfte Kachelmann nicht beim Hofgang fotografieren. Umgekehrt durfte Kachelmann den Paparazzo sp\u00e4ter bei der Arbeit fotografieren und das Bild twittern - H\u00d6CKER - der Blog<\/title>\n<meta name=\"robots\" content=\"index, follow, max-snippet:-1, max-image-preview:large, max-video-preview:-1\" \/>\n<link rel=\"canonical\" href=\"https:\/\/www.hoecker.eu\/blog\/doppelter-sieg-fuer-kachelmann-vor-dem-lg-koeln-paparazzo-durfte-kachelmann-nicht-beim-hofgang-fotografieren-umgekehrt-durfte-kachelmann-den-paparazzo-spaeter-bei-der-arbeit-fotografieren-und-das-bi\/\" \/>\n<meta property=\"og:locale\" content=\"de_DE\" \/>\n<meta property=\"og:type\" content=\"article\" \/>\n<meta property=\"og:title\" content=\"Doppelter Sieg f\u00fcr Kachelmann vor dem LG K\u00f6ln: Paparazzo durfte Kachelmann nicht beim Hofgang fotografieren. Umgekehrt durfte Kachelmann den Paparazzo sp\u00e4ter bei der Arbeit fotografieren und das Bild twittern\" \/>\n<meta property=\"og:description\" content=\"Mit Urteil vom 09.11.2011 (Az: 28 O 225\/11) best\u00e4tigt das Landgericht K\u00f6ln das von H\u00d6CKER erwirkte Verbot gegen den von der Axel Springer AG beauftragten Fotografen J\u00f6rg V\u00f6lkerling, der Bilder von J\u00f6rg Kachelmann w\u00e4hrend dessen Hofgangs in der JVA Mannheim angefertigt hatte. Nachdem bereits das Landgericht und das Oberlandesgericht K\u00f6ln per einstweiliger Verf\u00fcgung die rechtswidrige [&hellip;]\" \/>\n<meta property=\"og:url\" content=\"https:\/\/www.hoecker.eu\/blog\/doppelter-sieg-fuer-kachelmann-vor-dem-lg-koeln-paparazzo-durfte-kachelmann-nicht-beim-hofgang-fotografieren-umgekehrt-durfte-kachelmann-den-paparazzo-spaeter-bei-der-arbeit-fotografieren-und-das-bi\/\" \/>\n<meta property=\"og:site_name\" content=\"H\u00d6CKER - der Blog\" \/>\n<meta property=\"article:publisher\" content=\"https:\/\/www.facebook.com\/HoeckerRAe\/\" \/>\n<meta property=\"article:author\" content=\"https:\/\/www.facebook.com\/ralf.hoecker\" \/>\n<meta property=\"article:published_time\" content=\"2016-05-09T17:19:00+00:00\" \/>\n<meta property=\"article:modified_time\" content=\"2025-02-17T14:02:19+00:00\" \/>\n<meta name=\"author\" content=\"Prof. Dr. Ralf H\u00f6cker\" \/>\n<meta name=\"twitter:card\" content=\"summary_large_image\" \/>\n<meta name=\"twitter:creator\" content=\"@Ralf_Hoecker\" \/>\n<meta name=\"twitter:site\" content=\"@hoecker_rae\" \/>\n<meta name=\"twitter:label1\" content=\"Verfasst von\" \/>\n\t<meta name=\"twitter:data1\" content=\"Prof. Dr. Ralf H\u00f6cker\" \/>\n\t<meta name=\"twitter:label2\" content=\"Gesch\u00e4tzte Lesezeit\" \/>\n\t<meta name=\"twitter:data2\" content=\"2\u00a0Minuten\" \/>\n<script type=\"application\/ld+json\" class=\"yoast-schema-graph\">{\"@context\":\"https:\/\/schema.org\",\"@graph\":[{\"@type\":\"Article\",\"@id\":\"https:\/\/www.hoecker.eu\/blog\/doppelter-sieg-fuer-kachelmann-vor-dem-lg-koeln-paparazzo-durfte-kachelmann-nicht-beim-hofgang-fotografieren-umgekehrt-durfte-kachelmann-den-paparazzo-spaeter-bei-der-arbeit-fotografieren-und-das-bi\/#article\",\"isPartOf\":{\"@id\":\"https:\/\/www.hoecker.eu\/blog\/doppelter-sieg-fuer-kachelmann-vor-dem-lg-koeln-paparazzo-durfte-kachelmann-nicht-beim-hofgang-fotografieren-umgekehrt-durfte-kachelmann-den-paparazzo-spaeter-bei-der-arbeit-fotografieren-und-das-bi\/\"},\"author\":{\"name\":\"Prof. Dr. Ralf H\u00f6cker\",\"@id\":\"https:\/\/www.hoecker.eu\/blog\/#\/schema\/person\/08f95581eed0534eccd0b2438f7a1cab\"},\"headline\":\"Doppelter Sieg f\u00fcr Kachelmann vor dem LG K\u00f6ln: Paparazzo durfte Kachelmann nicht beim Hofgang fotografieren. Umgekehrt durfte Kachelmann den Paparazzo sp\u00e4ter bei der Arbeit fotografieren und das Bild twittern\",\"datePublished\":\"2016-05-09T17:19:00+00:00\",\"dateModified\":\"2025-02-17T14:02:19+00:00\",\"mainEntityOfPage\":{\"@id\":\"https:\/\/www.hoecker.eu\/blog\/doppelter-sieg-fuer-kachelmann-vor-dem-lg-koeln-paparazzo-durfte-kachelmann-nicht-beim-hofgang-fotografieren-umgekehrt-durfte-kachelmann-den-paparazzo-spaeter-bei-der-arbeit-fotografieren-und-das-bi\/\"},\"wordCount\":516,\"publisher\":{\"@id\":\"https:\/\/www.hoecker.eu\/blog\/#organization\"},\"articleSection\":[\"News\"],\"inLanguage\":\"de\"},{\"@type\":\"WebPage\",\"@id\":\"https:\/\/www.hoecker.eu\/blog\/doppelter-sieg-fuer-kachelmann-vor-dem-lg-koeln-paparazzo-durfte-kachelmann-nicht-beim-hofgang-fotografieren-umgekehrt-durfte-kachelmann-den-paparazzo-spaeter-bei-der-arbeit-fotografieren-und-das-bi\/\",\"url\":\"https:\/\/www.hoecker.eu\/blog\/doppelter-sieg-fuer-kachelmann-vor-dem-lg-koeln-paparazzo-durfte-kachelmann-nicht-beim-hofgang-fotografieren-umgekehrt-durfte-kachelmann-den-paparazzo-spaeter-bei-der-arbeit-fotografieren-und-das-bi\/\",\"name\":\"Doppelter Sieg f\u00fcr Kachelmann vor dem LG K\u00f6ln: Paparazzo durfte Kachelmann nicht beim Hofgang fotografieren. Umgekehrt durfte Kachelmann den Paparazzo sp\u00e4ter bei der Arbeit fotografieren und das Bild twittern - H\u00d6CKER - der Blog\",\"isPartOf\":{\"@id\":\"https:\/\/www.hoecker.eu\/blog\/#website\"},\"datePublished\":\"2016-05-09T17:19:00+00:00\",\"dateModified\":\"2025-02-17T14:02:19+00:00\",\"breadcrumb\":{\"@id\":\"https:\/\/www.hoecker.eu\/blog\/doppelter-sieg-fuer-kachelmann-vor-dem-lg-koeln-paparazzo-durfte-kachelmann-nicht-beim-hofgang-fotografieren-umgekehrt-durfte-kachelmann-den-paparazzo-spaeter-bei-der-arbeit-fotografieren-und-das-bi\/#breadcrumb\"},\"inLanguage\":\"de\",\"potentialAction\":[{\"@type\":\"ReadAction\",\"target\":[\"https:\/\/www.hoecker.eu\/blog\/doppelter-sieg-fuer-kachelmann-vor-dem-lg-koeln-paparazzo-durfte-kachelmann-nicht-beim-hofgang-fotografieren-umgekehrt-durfte-kachelmann-den-paparazzo-spaeter-bei-der-arbeit-fotografieren-und-das-bi\/\"]}]},{\"@type\":\"BreadcrumbList\",\"@id\":\"https:\/\/www.hoecker.eu\/blog\/doppelter-sieg-fuer-kachelmann-vor-dem-lg-koeln-paparazzo-durfte-kachelmann-nicht-beim-hofgang-fotografieren-umgekehrt-durfte-kachelmann-den-paparazzo-spaeter-bei-der-arbeit-fotografieren-und-das-bi\/#breadcrumb\",\"itemListElement\":[{\"@type\":\"ListItem\",\"position\":1,\"name\":\"Startseite\",\"item\":\"https:\/\/dev.hoecker.eu\/blog\/\"},{\"@type\":\"ListItem\",\"position\":2,\"name\":\"Doppelter Sieg f\u00fcr Kachelmann vor dem LG K\u00f6ln: Paparazzo durfte Kachelmann nicht beim Hofgang fotografieren. Umgekehrt durfte Kachelmann den Paparazzo sp\u00e4ter bei der Arbeit fotografieren und das Bild twittern\"}]},{\"@type\":\"WebSite\",\"@id\":\"https:\/\/www.hoecker.eu\/blog\/#website\",\"url\":\"https:\/\/www.hoecker.eu\/blog\/\",\"name\":\"H\u00d6CKER - der Blog\",\"description\":\"Expertenblog f\u00fcr \u00c4u\u00dferungs-, Medien-, Marken-, Urheber- und Wettbewerbsrecht.\",\"publisher\":{\"@id\":\"https:\/\/www.hoecker.eu\/blog\/#organization\"},\"potentialAction\":[{\"@type\":\"SearchAction\",\"target\":{\"@type\":\"EntryPoint\",\"urlTemplate\":\"https:\/\/www.hoecker.eu\/blog\/?s={search_term_string}\"},\"query-input\":{\"@type\":\"PropertyValueSpecification\",\"valueRequired\":true,\"valueName\":\"search_term_string\"}}],\"inLanguage\":\"de\"},{\"@type\":\"Organization\",\"@id\":\"https:\/\/www.hoecker.eu\/blog\/#organization\",\"name\":\"H\u00d6CKER Rechtsanw\u00e4lte PartGmbB\",\"alternateName\":\"H\u00d6CKER\",\"url\":\"https:\/\/www.hoecker.eu\/blog\/\",\"logo\":{\"@type\":\"ImageObject\",\"inLanguage\":\"de\",\"@id\":\"https:\/\/www.hoecker.eu\/blog\/#\/schema\/logo\/image\/\",\"url\":\"https:\/\/www.hoecker.eu\/blog\/wp-content\/uploads\/2025\/03\/Blog-Logo.webp\",\"contentUrl\":\"https:\/\/www.hoecker.eu\/blog\/wp-content\/uploads\/2025\/03\/Blog-Logo.webp\",\"width\":500,\"height\":500,\"caption\":\"H\u00d6CKER Rechtsanw\u00e4lte PartGmbB\"},\"image\":{\"@id\":\"https:\/\/www.hoecker.eu\/blog\/#\/schema\/logo\/image\/\"},\"sameAs\":[\"https:\/\/www.facebook.com\/HoeckerRAe\/\",\"https:\/\/x.com\/hoecker_rae\",\"https:\/\/www.linkedin.com\/company\/hcker-rechtsanwlte\/\",\"https:\/\/www.instagram.com\/hoecker_rae\/\"],\"email\":\"contact@hoecker.eu\",\"telephone\":\"+ 49 (0)221-933 19-10\",\"legalName\":\"H\u00d6CKER Rechtsanw\u00e4lte PartGmbB\",\"numberOfEmployees\":{\"@type\":\"QuantitativeValue\",\"minValue\":\"11\",\"maxValue\":\"50\"}},{\"@type\":\"Person\",\"@id\":\"https:\/\/www.hoecker.eu\/blog\/#\/schema\/person\/08f95581eed0534eccd0b2438f7a1cab\",\"name\":\"Prof. Dr. Ralf H\u00f6cker\",\"description\":\"Medienanwalt. Besch\u00fctzer vor mieser Presse\",\"sameAs\":[\"https:\/\/www.hoecker.eu\/wer\/prof-dr-ralf-hoecker\",\"https:\/\/www.facebook.com\/ralf.hoecker\",\"https:\/\/www.linkedin.com\/in\/prof-dr-ralf-hcker-ll-m-london-17987826\/\",\"https:\/\/x.com\/Ralf_Hoecker\"],\"url\":\"https:\/\/www.hoecker.eu\/blog\/author\/hoecker_adm\/\"}]}<\/script>\n<!-- \/ Yoast SEO Premium plugin. -->","yoast_head_json":{"title":"Doppelter Sieg f\u00fcr Kachelmann vor dem LG K\u00f6ln: Paparazzo durfte Kachelmann nicht beim Hofgang fotografieren. Umgekehrt durfte Kachelmann den Paparazzo sp\u00e4ter bei der Arbeit fotografieren und das Bild twittern - H\u00d6CKER - der Blog","robots":{"index":"index","follow":"follow","max-snippet":"max-snippet:-1","max-image-preview":"max-image-preview:large","max-video-preview":"max-video-preview:-1"},"canonical":"https:\/\/www.hoecker.eu\/blog\/doppelter-sieg-fuer-kachelmann-vor-dem-lg-koeln-paparazzo-durfte-kachelmann-nicht-beim-hofgang-fotografieren-umgekehrt-durfte-kachelmann-den-paparazzo-spaeter-bei-der-arbeit-fotografieren-und-das-bi\/","og_locale":"de_DE","og_type":"article","og_title":"Doppelter Sieg f\u00fcr Kachelmann vor dem LG K\u00f6ln: Paparazzo durfte Kachelmann nicht beim Hofgang fotografieren. Umgekehrt durfte Kachelmann den Paparazzo sp\u00e4ter bei der Arbeit fotografieren und das Bild twittern","og_description":"Mit Urteil vom 09.11.2011 (Az: 28 O 225\/11) best\u00e4tigt das Landgericht K\u00f6ln das von H\u00d6CKER erwirkte Verbot gegen den von der Axel Springer AG beauftragten Fotografen J\u00f6rg V\u00f6lkerling, der Bilder von J\u00f6rg Kachelmann w\u00e4hrend dessen Hofgangs in der JVA Mannheim angefertigt hatte. Nachdem bereits das Landgericht und das Oberlandesgericht K\u00f6ln per einstweiliger Verf\u00fcgung die rechtswidrige [&hellip;]","og_url":"https:\/\/www.hoecker.eu\/blog\/doppelter-sieg-fuer-kachelmann-vor-dem-lg-koeln-paparazzo-durfte-kachelmann-nicht-beim-hofgang-fotografieren-umgekehrt-durfte-kachelmann-den-paparazzo-spaeter-bei-der-arbeit-fotografieren-und-das-bi\/","og_site_name":"H\u00d6CKER - der Blog","article_publisher":"https:\/\/www.facebook.com\/HoeckerRAe\/","article_author":"https:\/\/www.facebook.com\/ralf.hoecker","article_published_time":"2016-05-09T17:19:00+00:00","article_modified_time":"2025-02-17T14:02:19+00:00","author":"Prof. Dr. Ralf H\u00f6cker","twitter_card":"summary_large_image","twitter_creator":"@Ralf_Hoecker","twitter_site":"@hoecker_rae","twitter_misc":{"Verfasst von":"Prof. Dr. Ralf H\u00f6cker","Gesch\u00e4tzte Lesezeit":"2\u00a0Minuten"},"schema":{"@context":"https:\/\/schema.org","@graph":[{"@type":"Article","@id":"https:\/\/www.hoecker.eu\/blog\/doppelter-sieg-fuer-kachelmann-vor-dem-lg-koeln-paparazzo-durfte-kachelmann-nicht-beim-hofgang-fotografieren-umgekehrt-durfte-kachelmann-den-paparazzo-spaeter-bei-der-arbeit-fotografieren-und-das-bi\/#article","isPartOf":{"@id":"https:\/\/www.hoecker.eu\/blog\/doppelter-sieg-fuer-kachelmann-vor-dem-lg-koeln-paparazzo-durfte-kachelmann-nicht-beim-hofgang-fotografieren-umgekehrt-durfte-kachelmann-den-paparazzo-spaeter-bei-der-arbeit-fotografieren-und-das-bi\/"},"author":{"name":"Prof. Dr. Ralf H\u00f6cker","@id":"https:\/\/www.hoecker.eu\/blog\/#\/schema\/person\/08f95581eed0534eccd0b2438f7a1cab"},"headline":"Doppelter Sieg f\u00fcr Kachelmann vor dem LG K\u00f6ln: Paparazzo durfte Kachelmann nicht beim Hofgang fotografieren. Umgekehrt durfte Kachelmann den Paparazzo sp\u00e4ter bei der Arbeit fotografieren und das Bild twittern","datePublished":"2016-05-09T17:19:00+00:00","dateModified":"2025-02-17T14:02:19+00:00","mainEntityOfPage":{"@id":"https:\/\/www.hoecker.eu\/blog\/doppelter-sieg-fuer-kachelmann-vor-dem-lg-koeln-paparazzo-durfte-kachelmann-nicht-beim-hofgang-fotografieren-umgekehrt-durfte-kachelmann-den-paparazzo-spaeter-bei-der-arbeit-fotografieren-und-das-bi\/"},"wordCount":516,"publisher":{"@id":"https:\/\/www.hoecker.eu\/blog\/#organization"},"articleSection":["News"],"inLanguage":"de"},{"@type":"WebPage","@id":"https:\/\/www.hoecker.eu\/blog\/doppelter-sieg-fuer-kachelmann-vor-dem-lg-koeln-paparazzo-durfte-kachelmann-nicht-beim-hofgang-fotografieren-umgekehrt-durfte-kachelmann-den-paparazzo-spaeter-bei-der-arbeit-fotografieren-und-das-bi\/","url":"https:\/\/www.hoecker.eu\/blog\/doppelter-sieg-fuer-kachelmann-vor-dem-lg-koeln-paparazzo-durfte-kachelmann-nicht-beim-hofgang-fotografieren-umgekehrt-durfte-kachelmann-den-paparazzo-spaeter-bei-der-arbeit-fotografieren-und-das-bi\/","name":"Doppelter Sieg f\u00fcr Kachelmann vor dem LG K\u00f6ln: Paparazzo durfte Kachelmann nicht beim Hofgang fotografieren. Umgekehrt durfte Kachelmann den Paparazzo sp\u00e4ter bei der Arbeit fotografieren und das Bild twittern - H\u00d6CKER - der Blog","isPartOf":{"@id":"https:\/\/www.hoecker.eu\/blog\/#website"},"datePublished":"2016-05-09T17:19:00+00:00","dateModified":"2025-02-17T14:02:19+00:00","breadcrumb":{"@id":"https:\/\/www.hoecker.eu\/blog\/doppelter-sieg-fuer-kachelmann-vor-dem-lg-koeln-paparazzo-durfte-kachelmann-nicht-beim-hofgang-fotografieren-umgekehrt-durfte-kachelmann-den-paparazzo-spaeter-bei-der-arbeit-fotografieren-und-das-bi\/#breadcrumb"},"inLanguage":"de","potentialAction":[{"@type":"ReadAction","target":["https:\/\/www.hoecker.eu\/blog\/doppelter-sieg-fuer-kachelmann-vor-dem-lg-koeln-paparazzo-durfte-kachelmann-nicht-beim-hofgang-fotografieren-umgekehrt-durfte-kachelmann-den-paparazzo-spaeter-bei-der-arbeit-fotografieren-und-das-bi\/"]}]},{"@type":"BreadcrumbList","@id":"https:\/\/www.hoecker.eu\/blog\/doppelter-sieg-fuer-kachelmann-vor-dem-lg-koeln-paparazzo-durfte-kachelmann-nicht-beim-hofgang-fotografieren-umgekehrt-durfte-kachelmann-den-paparazzo-spaeter-bei-der-arbeit-fotografieren-und-das-bi\/#breadcrumb","itemListElement":[{"@type":"ListItem","position":1,"name":"Startseite","item":"https:\/\/dev.hoecker.eu\/blog\/"},{"@type":"ListItem","position":2,"name":"Doppelter Sieg f\u00fcr Kachelmann vor dem LG K\u00f6ln: Paparazzo durfte Kachelmann nicht beim Hofgang fotografieren. Umgekehrt durfte Kachelmann den Paparazzo sp\u00e4ter bei der Arbeit fotografieren und das Bild twittern"}]},{"@type":"WebSite","@id":"https:\/\/www.hoecker.eu\/blog\/#website","url":"https:\/\/www.hoecker.eu\/blog\/","name":"H\u00d6CKER - der Blog","description":"Expertenblog f\u00fcr \u00c4u\u00dferungs-, Medien-, Marken-, Urheber- und Wettbewerbsrecht.","publisher":{"@id":"https:\/\/www.hoecker.eu\/blog\/#organization"},"potentialAction":[{"@type":"SearchAction","target":{"@type":"EntryPoint","urlTemplate":"https:\/\/www.hoecker.eu\/blog\/?s={search_term_string}"},"query-input":{"@type":"PropertyValueSpecification","valueRequired":true,"valueName":"search_term_string"}}],"inLanguage":"de"},{"@type":"Organization","@id":"https:\/\/www.hoecker.eu\/blog\/#organization","name":"H\u00d6CKER Rechtsanw\u00e4lte PartGmbB","alternateName":"H\u00d6CKER","url":"https:\/\/www.hoecker.eu\/blog\/","logo":{"@type":"ImageObject","inLanguage":"de","@id":"https:\/\/www.hoecker.eu\/blog\/#\/schema\/logo\/image\/","url":"https:\/\/www.hoecker.eu\/blog\/wp-content\/uploads\/2025\/03\/Blog-Logo.webp","contentUrl":"https:\/\/www.hoecker.eu\/blog\/wp-content\/uploads\/2025\/03\/Blog-Logo.webp","width":500,"height":500,"caption":"H\u00d6CKER Rechtsanw\u00e4lte PartGmbB"},"image":{"@id":"https:\/\/www.hoecker.eu\/blog\/#\/schema\/logo\/image\/"},"sameAs":["https:\/\/www.facebook.com\/HoeckerRAe\/","https:\/\/x.com\/hoecker_rae","https:\/\/www.linkedin.com\/company\/hcker-rechtsanwlte\/","https:\/\/www.instagram.com\/hoecker_rae\/"],"email":"contact@hoecker.eu","telephone":"+ 49 (0)221-933 19-10","legalName":"H\u00d6CKER Rechtsanw\u00e4lte PartGmbB","numberOfEmployees":{"@type":"QuantitativeValue","minValue":"11","maxValue":"50"}},{"@type":"Person","@id":"https:\/\/www.hoecker.eu\/blog\/#\/schema\/person\/08f95581eed0534eccd0b2438f7a1cab","name":"Prof. Dr. Ralf H\u00f6cker","description":"Medienanwalt. Besch\u00fctzer vor mieser Presse","sameAs":["https:\/\/www.hoecker.eu\/wer\/prof-dr-ralf-hoecker","https:\/\/www.facebook.com\/ralf.hoecker","https:\/\/www.linkedin.com\/in\/prof-dr-ralf-hcker-ll-m-london-17987826\/","https:\/\/x.com\/Ralf_Hoecker"],"url":"https:\/\/www.hoecker.eu\/blog\/author\/hoecker_adm\/"}]}},"authors":[{"term_id":84,"user_id":1,"is_guest":0,"slug":"hoecker_adm","display_name":"Prof. Dr. Ralf H\u00f6cker","avatar_url":{"url":"https:\/\/www.hoecker.eu\/blog\/wp-content\/uploads\/2023\/12\/ProfDrRalfHoecker.jpg","url2x":"https:\/\/www.hoecker.eu\/blog\/wp-content\/uploads\/2023\/12\/ProfDrRalfHoecker.jpg"},"0":null,"1":"","2":"","3":"","4":"","5":"","6":"","7":"","8":"","9":"","10":"","11":""}],"_links":{"self":[{"href":"https:\/\/www.hoecker.eu\/blog\/wp-json\/wp\/v2\/posts\/8701","targetHints":{"allow":["GET"]}}],"collection":[{"href":"https:\/\/www.hoecker.eu\/blog\/wp-json\/wp\/v2\/posts"}],"about":[{"href":"https:\/\/www.hoecker.eu\/blog\/wp-json\/wp\/v2\/types\/post"}],"author":[{"embeddable":true,"href":"https:\/\/www.hoecker.eu\/blog\/wp-json\/wp\/v2\/users\/1"}],"replies":[{"embeddable":true,"href":"https:\/\/www.hoecker.eu\/blog\/wp-json\/wp\/v2\/comments?post=8701"}],"version-history":[{"count":1,"href":"https:\/\/www.hoecker.eu\/blog\/wp-json\/wp\/v2\/posts\/8701\/revisions"}],"predecessor-version":[{"id":9823,"href":"https:\/\/www.hoecker.eu\/blog\/wp-json\/wp\/v2\/posts\/8701\/revisions\/9823"}],"wp:attachment":[{"href":"https:\/\/www.hoecker.eu\/blog\/wp-json\/wp\/v2\/media?parent=8701"}],"wp:term":[{"taxonomy":"category","embeddable":true,"href":"https:\/\/www.hoecker.eu\/blog\/wp-json\/wp\/v2\/categories?post=8701"},{"taxonomy":"post_tag","embeddable":true,"href":"https:\/\/www.hoecker.eu\/blog\/wp-json\/wp\/v2\/tags?post=8701"},{"taxonomy":"hashtags","embeddable":true,"href":"https:\/\/www.hoecker.eu\/blog\/wp-json\/wp\/v2\/hashtags?post=8701"},{"taxonomy":"author","embeddable":true,"href":"https:\/\/www.hoecker.eu\/blog\/wp-json\/wp\/v2\/ppma_author?post=8701"}],"curies":[{"name":"wp","href":"https:\/\/api.w.org\/{rel}","templated":true}]}}