{"id":8697,"date":"2016-05-09T19:21:23","date_gmt":"2016-05-09T17:21:23","guid":{"rendered":"https:\/\/www.hoecker.eu\/blog\/kachelmann-siegt-vor-olg-koeln-gegen-bild-gericht-bestaetigt-das-verbot-hofgangfotos-von-joerg-kachelmann-zu-zeigen\/"},"modified":"2025-02-17T15:02:17","modified_gmt":"2025-02-17T14:02:17","slug":"kachelmann-siegt-vor-olg-koeln-gegen-bild-gericht-bestaetigt-das-verbot-hofgangfotos-von-joerg-kachelmann-zu-zeigen","status":"publish","type":"post","link":"https:\/\/www.hoecker.eu\/blog\/kachelmann-siegt-vor-olg-koeln-gegen-bild-gericht-bestaetigt-das-verbot-hofgangfotos-von-joerg-kachelmann-zu-zeigen\/","title":{"rendered":"Kachelmann siegt vor OLG K\u00f6ln gegen BILD: Gericht best\u00e4tigt das Verbot, Hofgangfotos von J\u00f6rg Kachelmann zu zeigen."},"content":{"rendered":"<p><span class=\"flies\">Das OLG K&ouml;ln best&auml;tigte mit Urteil vom 15.11.2011 (Az. 15 U 62\/11) das landgerichtliche Urteil, in dem die Verbreitung und &ouml;ffentliche Zurschaustellung heimlich und unter Verwendung eines Teleobjektivs mit gro&szlig;er Brennweite gefertigter Bilder untersagt wurde.<\/p>\n<p>Nach Auffassung des Gerichts&nbsp;verletzte die Ver&ouml;ffentlichung das allgemeine Pers&ouml;nlichkeitsrecht, da keine Einwilligung vorlag und insbesondere kein Bezug zu einem zeitgeschichtlichen Ereignis bestand. Von besonderer Bedeutung&nbsp;sei bereits die heimliche Erstellung. Zudem&nbsp;habe sich Herr Kachelmann in einem von der &Ouml;ffentlichkeit abgeschiedenen Bereich (vergleichbar mit Urlaubsaufenthalten) befunden, in dem er nicht damit rechnen musste, abgelichtet zu werden.<\/p>\n<p>Der Eingriff durch die Erstellung der Bilder&nbsp;l&auml;sst sich auch nicht durch die bildbegleitende Wortberichterstattung rechtfertigen, da der Text keinen Bezug zu einem zeitgeschichtlichen Ereignis enthalte. Das OLG weist darauf hin, dass die Feststellung des LG, dass die Bildver&ouml;ffentlichung lediglich dem Sensationsinteresse diente, nicht zu beanstanden sei.<\/span><\/p>\n<p><span class=\"flies\">Aus den Entscheidungsgr&uuml;nden des OLG K&ouml;ln:<\/p>\n<p><\/span><span class=\"flies\"><em>&ldquo;Einen vom &ouml;ffentlichen Informationsinteresse erfassten Anlass zur Verbreitung von Bildern, die den Kl&auml;ger w&auml;hrend des Hofgangs in der JVA Mannheim zeigen, gab es zum Zeitpunkt der Ver&ouml;ffentlichung nicht.&rdquo;<br \/><\/em><\/span><\/p>\n<p><span class=\"flies\"><em>&ldquo;Die Erkl&auml;rungen zu den Bildern beschr&auml;nken sich also darauf, irgendeinen Anlass f&uuml;r die Abbildung des in den Fokus der Presse gelangten Kl&auml;gers zu schaffen. Ein Sachbezug wird durch die weitere begleitende Wortberichterstattung nicht hergestellt.&rdquo;<\/em><\/p>\n<p><\/span><em class=\"flies\"><em>&ldquo;W&uuml;rde man der Rechtsauffassung der Beklagten folgen, w&auml;re es zul&auml;ssig, Personen der Zeitgeschichte uneingeschr&auml;nkt auch in Lebenssituationen ohne ihre Zustimmung &nbsp;&nbsp;aufzunehmen und die entsprechenden Bilder zu ver&ouml;ffentlichen, auch soweit sie sich ersichtlich in einem Bereich bewegen, in dem sie erwarten k&ouml;nnen, &ouml;ffentlichen Blicken nicht ausgesetzt zu sein.&rdquo;<\/em><\/p>\n<p><em>&ldquo;Schlie&szlig;lich rechtfertigt die Tatsache, dass eine Person &uuml;ber eine l&auml;ngere Zeit im Fokus der Presse steht, es aus den oben stehenden Gr&uuml;nden nicht, diese (Person) in Lebenssituationen, in denen sie sich an einem Ort der Abgeschiedenheit gegen&uuml;ber der Presse w&auml;hnen darf, immer wieder und unbeschr&auml;nkt der &Ouml;ffentlichkeit zu pr&auml;sentieren.&rdquo;<\/em><\/em><\/p><\/p>\n","protected":false},"excerpt":{"rendered":"<p>Das OLG K&ouml;ln best&auml;tigte mit Urteil vom 15.11.2011 (Az. 15 U 62\/11) das landgerichtliche Urteil, in dem die Verbreitung und &ouml;ffentliche Zurschaustellung heimlich und unter Verwendung eines Teleobjektivs mit gro&szlig;er Brennweite gefertigter Bilder untersagt wurde. Nach Auffassung des Gerichts&nbsp;verletzte die Ver&ouml;ffentlichung das allgemeine Pers&ouml;nlichkeitsrecht, da keine Einwilligung vorlag und insbesondere kein Bezug zu einem zeitgeschichtlichen [&hellip;]<\/p>\n","protected":false},"author":1,"featured_media":0,"comment_status":"closed","ping_status":"closed","sticky":false,"template":"","format":"standard","meta":{"_has_post_settings":[],"footnotes":""},"categories":[15],"tags":[],"hashtags":[],"ppma_author":[84],"class_list":["post-8697","post","type-post","status-publish","format-standard","hentry","category-news","author-hoecker_adm"],"yoast_head":"<!-- This site is optimized with the Yoast SEO Premium plugin v25.9 (Yoast SEO v27.0) - https:\/\/yoast.com\/product\/yoast-seo-premium-wordpress\/ -->\n<title>Kachelmann siegt vor OLG K\u00f6ln gegen BILD: Gericht best\u00e4tigt das Verbot, Hofgangfotos von J\u00f6rg Kachelmann zu zeigen. - H\u00d6CKER - der Blog<\/title>\n<meta name=\"robots\" content=\"index, follow, max-snippet:-1, max-image-preview:large, max-video-preview:-1\" \/>\n<link rel=\"canonical\" href=\"https:\/\/www.hoecker.eu\/blog\/kachelmann-siegt-vor-olg-koeln-gegen-bild-gericht-bestaetigt-das-verbot-hofgangfotos-von-joerg-kachelmann-zu-zeigen\/\" \/>\n<meta property=\"og:locale\" content=\"de_DE\" \/>\n<meta property=\"og:type\" content=\"article\" \/>\n<meta property=\"og:title\" content=\"Kachelmann siegt vor OLG K\u00f6ln gegen BILD: Gericht best\u00e4tigt das Verbot, Hofgangfotos von J\u00f6rg Kachelmann zu zeigen.\" \/>\n<meta property=\"og:description\" content=\"Das OLG K&ouml;ln best&auml;tigte mit Urteil vom 15.11.2011 (Az. 15 U 62\/11) das landgerichtliche Urteil, in dem die Verbreitung und &ouml;ffentliche Zurschaustellung heimlich und unter Verwendung eines Teleobjektivs mit gro&szlig;er Brennweite gefertigter Bilder untersagt wurde. Nach Auffassung des Gerichts&nbsp;verletzte die Ver&ouml;ffentlichung das allgemeine Pers&ouml;nlichkeitsrecht, da keine Einwilligung vorlag und insbesondere kein Bezug zu einem zeitgeschichtlichen [&hellip;]\" \/>\n<meta property=\"og:url\" content=\"https:\/\/www.hoecker.eu\/blog\/kachelmann-siegt-vor-olg-koeln-gegen-bild-gericht-bestaetigt-das-verbot-hofgangfotos-von-joerg-kachelmann-zu-zeigen\/\" \/>\n<meta property=\"og:site_name\" content=\"H\u00d6CKER - der Blog\" \/>\n<meta property=\"article:publisher\" content=\"https:\/\/www.facebook.com\/HoeckerRAe\/\" \/>\n<meta property=\"article:author\" content=\"https:\/\/www.facebook.com\/ralf.hoecker\" \/>\n<meta property=\"article:published_time\" content=\"2016-05-09T17:21:23+00:00\" \/>\n<meta property=\"article:modified_time\" content=\"2025-02-17T14:02:17+00:00\" \/>\n<meta name=\"author\" content=\"Prof. Dr. Ralf H\u00f6cker\" \/>\n<meta name=\"twitter:card\" content=\"summary_large_image\" \/>\n<meta name=\"twitter:creator\" content=\"@Ralf_Hoecker\" \/>\n<meta name=\"twitter:site\" content=\"@hoecker_rae\" \/>\n<meta name=\"twitter:label1\" content=\"Verfasst von\" \/>\n\t<meta name=\"twitter:data1\" content=\"Prof. Dr. Ralf H\u00f6cker\" \/>\n\t<meta name=\"twitter:label2\" content=\"Gesch\u00e4tzte Lesezeit\" \/>\n\t<meta name=\"twitter:data2\" content=\"2\u00a0Minuten\" \/>\n<script type=\"application\/ld+json\" class=\"yoast-schema-graph\">{\"@context\":\"https:\/\/schema.org\",\"@graph\":[{\"@type\":\"Article\",\"@id\":\"https:\/\/www.hoecker.eu\/blog\/kachelmann-siegt-vor-olg-koeln-gegen-bild-gericht-bestaetigt-das-verbot-hofgangfotos-von-joerg-kachelmann-zu-zeigen\/#article\",\"isPartOf\":{\"@id\":\"https:\/\/www.hoecker.eu\/blog\/kachelmann-siegt-vor-olg-koeln-gegen-bild-gericht-bestaetigt-das-verbot-hofgangfotos-von-joerg-kachelmann-zu-zeigen\/\"},\"author\":{\"name\":\"Prof. Dr. Ralf H\u00f6cker\",\"@id\":\"https:\/\/www.hoecker.eu\/blog\/#\/schema\/person\/08f95581eed0534eccd0b2438f7a1cab\"},\"headline\":\"Kachelmann siegt vor OLG K\u00f6ln gegen BILD: Gericht best\u00e4tigt das Verbot, Hofgangfotos von J\u00f6rg Kachelmann zu zeigen.\",\"datePublished\":\"2016-05-09T17:21:23+00:00\",\"dateModified\":\"2025-02-17T14:02:17+00:00\",\"mainEntityOfPage\":{\"@id\":\"https:\/\/www.hoecker.eu\/blog\/kachelmann-siegt-vor-olg-koeln-gegen-bild-gericht-bestaetigt-das-verbot-hofgangfotos-von-joerg-kachelmann-zu-zeigen\/\"},\"wordCount\":398,\"publisher\":{\"@id\":\"https:\/\/www.hoecker.eu\/blog\/#organization\"},\"articleSection\":[\"News\"],\"inLanguage\":\"de\"},{\"@type\":\"WebPage\",\"@id\":\"https:\/\/www.hoecker.eu\/blog\/kachelmann-siegt-vor-olg-koeln-gegen-bild-gericht-bestaetigt-das-verbot-hofgangfotos-von-joerg-kachelmann-zu-zeigen\/\",\"url\":\"https:\/\/www.hoecker.eu\/blog\/kachelmann-siegt-vor-olg-koeln-gegen-bild-gericht-bestaetigt-das-verbot-hofgangfotos-von-joerg-kachelmann-zu-zeigen\/\",\"name\":\"Kachelmann siegt vor OLG K\u00f6ln gegen BILD: Gericht best\u00e4tigt das Verbot, Hofgangfotos von J\u00f6rg Kachelmann zu zeigen. - H\u00d6CKER - der Blog\",\"isPartOf\":{\"@id\":\"https:\/\/www.hoecker.eu\/blog\/#website\"},\"datePublished\":\"2016-05-09T17:21:23+00:00\",\"dateModified\":\"2025-02-17T14:02:17+00:00\",\"breadcrumb\":{\"@id\":\"https:\/\/www.hoecker.eu\/blog\/kachelmann-siegt-vor-olg-koeln-gegen-bild-gericht-bestaetigt-das-verbot-hofgangfotos-von-joerg-kachelmann-zu-zeigen\/#breadcrumb\"},\"inLanguage\":\"de\",\"potentialAction\":[{\"@type\":\"ReadAction\",\"target\":[\"https:\/\/www.hoecker.eu\/blog\/kachelmann-siegt-vor-olg-koeln-gegen-bild-gericht-bestaetigt-das-verbot-hofgangfotos-von-joerg-kachelmann-zu-zeigen\/\"]}]},{\"@type\":\"BreadcrumbList\",\"@id\":\"https:\/\/www.hoecker.eu\/blog\/kachelmann-siegt-vor-olg-koeln-gegen-bild-gericht-bestaetigt-das-verbot-hofgangfotos-von-joerg-kachelmann-zu-zeigen\/#breadcrumb\",\"itemListElement\":[{\"@type\":\"ListItem\",\"position\":1,\"name\":\"Startseite\",\"item\":\"https:\/\/dev.hoecker.eu\/blog\/\"},{\"@type\":\"ListItem\",\"position\":2,\"name\":\"Kachelmann siegt vor OLG K\u00f6ln gegen BILD: Gericht best\u00e4tigt das Verbot, Hofgangfotos von J\u00f6rg Kachelmann zu zeigen.\"}]},{\"@type\":\"WebSite\",\"@id\":\"https:\/\/www.hoecker.eu\/blog\/#website\",\"url\":\"https:\/\/www.hoecker.eu\/blog\/\",\"name\":\"H\u00d6CKER - der Blog\",\"description\":\"Expertenblog f\u00fcr \u00c4u\u00dferungs-, Medien-, Marken-, Urheber- und Wettbewerbsrecht.\",\"publisher\":{\"@id\":\"https:\/\/www.hoecker.eu\/blog\/#organization\"},\"potentialAction\":[{\"@type\":\"SearchAction\",\"target\":{\"@type\":\"EntryPoint\",\"urlTemplate\":\"https:\/\/www.hoecker.eu\/blog\/?s={search_term_string}\"},\"query-input\":{\"@type\":\"PropertyValueSpecification\",\"valueRequired\":true,\"valueName\":\"search_term_string\"}}],\"inLanguage\":\"de\"},{\"@type\":\"Organization\",\"@id\":\"https:\/\/www.hoecker.eu\/blog\/#organization\",\"name\":\"H\u00d6CKER Rechtsanw\u00e4lte PartGmbB\",\"alternateName\":\"H\u00d6CKER\",\"url\":\"https:\/\/www.hoecker.eu\/blog\/\",\"logo\":{\"@type\":\"ImageObject\",\"inLanguage\":\"de\",\"@id\":\"https:\/\/www.hoecker.eu\/blog\/#\/schema\/logo\/image\/\",\"url\":\"https:\/\/www.hoecker.eu\/blog\/wp-content\/uploads\/2025\/03\/Blog-Logo.webp\",\"contentUrl\":\"https:\/\/www.hoecker.eu\/blog\/wp-content\/uploads\/2025\/03\/Blog-Logo.webp\",\"width\":500,\"height\":500,\"caption\":\"H\u00d6CKER Rechtsanw\u00e4lte PartGmbB\"},\"image\":{\"@id\":\"https:\/\/www.hoecker.eu\/blog\/#\/schema\/logo\/image\/\"},\"sameAs\":[\"https:\/\/www.facebook.com\/HoeckerRAe\/\",\"https:\/\/x.com\/hoecker_rae\",\"https:\/\/www.linkedin.com\/company\/hcker-rechtsanwlte\/\",\"https:\/\/www.instagram.com\/hoecker_rae\/\"],\"email\":\"contact@hoecker.eu\",\"telephone\":\"+ 49 (0)221-933 19-10\",\"legalName\":\"H\u00d6CKER Rechtsanw\u00e4lte PartGmbB\",\"numberOfEmployees\":{\"@type\":\"QuantitativeValue\",\"minValue\":\"11\",\"maxValue\":\"50\"}},{\"@type\":\"Person\",\"@id\":\"https:\/\/www.hoecker.eu\/blog\/#\/schema\/person\/08f95581eed0534eccd0b2438f7a1cab\",\"name\":\"Prof. Dr. Ralf H\u00f6cker\",\"description\":\"Medienanwalt. Besch\u00fctzer vor mieser Presse\",\"sameAs\":[\"https:\/\/www.hoecker.eu\/wer\/prof-dr-ralf-hoecker\",\"https:\/\/www.facebook.com\/ralf.hoecker\",\"https:\/\/www.linkedin.com\/in\/prof-dr-ralf-hcker-ll-m-london-17987826\/\",\"https:\/\/x.com\/Ralf_Hoecker\"],\"url\":\"https:\/\/www.hoecker.eu\/blog\/author\/hoecker_adm\/\"}]}<\/script>\n<!-- \/ Yoast SEO Premium plugin. -->","yoast_head_json":{"title":"Kachelmann siegt vor OLG K\u00f6ln gegen BILD: Gericht best\u00e4tigt das Verbot, Hofgangfotos von J\u00f6rg Kachelmann zu zeigen. - H\u00d6CKER - der Blog","robots":{"index":"index","follow":"follow","max-snippet":"max-snippet:-1","max-image-preview":"max-image-preview:large","max-video-preview":"max-video-preview:-1"},"canonical":"https:\/\/www.hoecker.eu\/blog\/kachelmann-siegt-vor-olg-koeln-gegen-bild-gericht-bestaetigt-das-verbot-hofgangfotos-von-joerg-kachelmann-zu-zeigen\/","og_locale":"de_DE","og_type":"article","og_title":"Kachelmann siegt vor OLG K\u00f6ln gegen BILD: Gericht best\u00e4tigt das Verbot, Hofgangfotos von J\u00f6rg Kachelmann zu zeigen.","og_description":"Das OLG K&ouml;ln best&auml;tigte mit Urteil vom 15.11.2011 (Az. 15 U 62\/11) das landgerichtliche Urteil, in dem die Verbreitung und &ouml;ffentliche Zurschaustellung heimlich und unter Verwendung eines Teleobjektivs mit gro&szlig;er Brennweite gefertigter Bilder untersagt wurde. Nach Auffassung des Gerichts&nbsp;verletzte die Ver&ouml;ffentlichung das allgemeine Pers&ouml;nlichkeitsrecht, da keine Einwilligung vorlag und insbesondere kein Bezug zu einem zeitgeschichtlichen [&hellip;]","og_url":"https:\/\/www.hoecker.eu\/blog\/kachelmann-siegt-vor-olg-koeln-gegen-bild-gericht-bestaetigt-das-verbot-hofgangfotos-von-joerg-kachelmann-zu-zeigen\/","og_site_name":"H\u00d6CKER - der Blog","article_publisher":"https:\/\/www.facebook.com\/HoeckerRAe\/","article_author":"https:\/\/www.facebook.com\/ralf.hoecker","article_published_time":"2016-05-09T17:21:23+00:00","article_modified_time":"2025-02-17T14:02:17+00:00","author":"Prof. Dr. Ralf H\u00f6cker","twitter_card":"summary_large_image","twitter_creator":"@Ralf_Hoecker","twitter_site":"@hoecker_rae","twitter_misc":{"Verfasst von":"Prof. Dr. Ralf H\u00f6cker","Gesch\u00e4tzte Lesezeit":"2\u00a0Minuten"},"schema":{"@context":"https:\/\/schema.org","@graph":[{"@type":"Article","@id":"https:\/\/www.hoecker.eu\/blog\/kachelmann-siegt-vor-olg-koeln-gegen-bild-gericht-bestaetigt-das-verbot-hofgangfotos-von-joerg-kachelmann-zu-zeigen\/#article","isPartOf":{"@id":"https:\/\/www.hoecker.eu\/blog\/kachelmann-siegt-vor-olg-koeln-gegen-bild-gericht-bestaetigt-das-verbot-hofgangfotos-von-joerg-kachelmann-zu-zeigen\/"},"author":{"name":"Prof. Dr. Ralf H\u00f6cker","@id":"https:\/\/www.hoecker.eu\/blog\/#\/schema\/person\/08f95581eed0534eccd0b2438f7a1cab"},"headline":"Kachelmann siegt vor OLG K\u00f6ln gegen BILD: Gericht best\u00e4tigt das Verbot, Hofgangfotos von J\u00f6rg Kachelmann zu zeigen.","datePublished":"2016-05-09T17:21:23+00:00","dateModified":"2025-02-17T14:02:17+00:00","mainEntityOfPage":{"@id":"https:\/\/www.hoecker.eu\/blog\/kachelmann-siegt-vor-olg-koeln-gegen-bild-gericht-bestaetigt-das-verbot-hofgangfotos-von-joerg-kachelmann-zu-zeigen\/"},"wordCount":398,"publisher":{"@id":"https:\/\/www.hoecker.eu\/blog\/#organization"},"articleSection":["News"],"inLanguage":"de"},{"@type":"WebPage","@id":"https:\/\/www.hoecker.eu\/blog\/kachelmann-siegt-vor-olg-koeln-gegen-bild-gericht-bestaetigt-das-verbot-hofgangfotos-von-joerg-kachelmann-zu-zeigen\/","url":"https:\/\/www.hoecker.eu\/blog\/kachelmann-siegt-vor-olg-koeln-gegen-bild-gericht-bestaetigt-das-verbot-hofgangfotos-von-joerg-kachelmann-zu-zeigen\/","name":"Kachelmann siegt vor OLG K\u00f6ln gegen BILD: Gericht best\u00e4tigt das Verbot, Hofgangfotos von J\u00f6rg Kachelmann zu zeigen. - H\u00d6CKER - der Blog","isPartOf":{"@id":"https:\/\/www.hoecker.eu\/blog\/#website"},"datePublished":"2016-05-09T17:21:23+00:00","dateModified":"2025-02-17T14:02:17+00:00","breadcrumb":{"@id":"https:\/\/www.hoecker.eu\/blog\/kachelmann-siegt-vor-olg-koeln-gegen-bild-gericht-bestaetigt-das-verbot-hofgangfotos-von-joerg-kachelmann-zu-zeigen\/#breadcrumb"},"inLanguage":"de","potentialAction":[{"@type":"ReadAction","target":["https:\/\/www.hoecker.eu\/blog\/kachelmann-siegt-vor-olg-koeln-gegen-bild-gericht-bestaetigt-das-verbot-hofgangfotos-von-joerg-kachelmann-zu-zeigen\/"]}]},{"@type":"BreadcrumbList","@id":"https:\/\/www.hoecker.eu\/blog\/kachelmann-siegt-vor-olg-koeln-gegen-bild-gericht-bestaetigt-das-verbot-hofgangfotos-von-joerg-kachelmann-zu-zeigen\/#breadcrumb","itemListElement":[{"@type":"ListItem","position":1,"name":"Startseite","item":"https:\/\/dev.hoecker.eu\/blog\/"},{"@type":"ListItem","position":2,"name":"Kachelmann siegt vor OLG K\u00f6ln gegen BILD: Gericht best\u00e4tigt das Verbot, Hofgangfotos von J\u00f6rg Kachelmann zu zeigen."}]},{"@type":"WebSite","@id":"https:\/\/www.hoecker.eu\/blog\/#website","url":"https:\/\/www.hoecker.eu\/blog\/","name":"H\u00d6CKER - der Blog","description":"Expertenblog f\u00fcr \u00c4u\u00dferungs-, Medien-, Marken-, Urheber- und Wettbewerbsrecht.","publisher":{"@id":"https:\/\/www.hoecker.eu\/blog\/#organization"},"potentialAction":[{"@type":"SearchAction","target":{"@type":"EntryPoint","urlTemplate":"https:\/\/www.hoecker.eu\/blog\/?s={search_term_string}"},"query-input":{"@type":"PropertyValueSpecification","valueRequired":true,"valueName":"search_term_string"}}],"inLanguage":"de"},{"@type":"Organization","@id":"https:\/\/www.hoecker.eu\/blog\/#organization","name":"H\u00d6CKER Rechtsanw\u00e4lte PartGmbB","alternateName":"H\u00d6CKER","url":"https:\/\/www.hoecker.eu\/blog\/","logo":{"@type":"ImageObject","inLanguage":"de","@id":"https:\/\/www.hoecker.eu\/blog\/#\/schema\/logo\/image\/","url":"https:\/\/www.hoecker.eu\/blog\/wp-content\/uploads\/2025\/03\/Blog-Logo.webp","contentUrl":"https:\/\/www.hoecker.eu\/blog\/wp-content\/uploads\/2025\/03\/Blog-Logo.webp","width":500,"height":500,"caption":"H\u00d6CKER Rechtsanw\u00e4lte PartGmbB"},"image":{"@id":"https:\/\/www.hoecker.eu\/blog\/#\/schema\/logo\/image\/"},"sameAs":["https:\/\/www.facebook.com\/HoeckerRAe\/","https:\/\/x.com\/hoecker_rae","https:\/\/www.linkedin.com\/company\/hcker-rechtsanwlte\/","https:\/\/www.instagram.com\/hoecker_rae\/"],"email":"contact@hoecker.eu","telephone":"+ 49 (0)221-933 19-10","legalName":"H\u00d6CKER Rechtsanw\u00e4lte PartGmbB","numberOfEmployees":{"@type":"QuantitativeValue","minValue":"11","maxValue":"50"}},{"@type":"Person","@id":"https:\/\/www.hoecker.eu\/blog\/#\/schema\/person\/08f95581eed0534eccd0b2438f7a1cab","name":"Prof. Dr. Ralf H\u00f6cker","description":"Medienanwalt. Besch\u00fctzer vor mieser Presse","sameAs":["https:\/\/www.hoecker.eu\/wer\/prof-dr-ralf-hoecker","https:\/\/www.facebook.com\/ralf.hoecker","https:\/\/www.linkedin.com\/in\/prof-dr-ralf-hcker-ll-m-london-17987826\/","https:\/\/x.com\/Ralf_Hoecker"],"url":"https:\/\/www.hoecker.eu\/blog\/author\/hoecker_adm\/"}]}},"authors":[{"term_id":84,"user_id":1,"is_guest":0,"slug":"hoecker_adm","display_name":"Prof. Dr. Ralf H\u00f6cker","avatar_url":{"url":"https:\/\/www.hoecker.eu\/blog\/wp-content\/uploads\/2023\/12\/ProfDrRalfHoecker.jpg","url2x":"https:\/\/www.hoecker.eu\/blog\/wp-content\/uploads\/2023\/12\/ProfDrRalfHoecker.jpg"},"0":null,"1":"","2":"","3":"","4":"","5":"","6":"","7":"","8":"","9":"","10":"","11":""}],"_links":{"self":[{"href":"https:\/\/www.hoecker.eu\/blog\/wp-json\/wp\/v2\/posts\/8697","targetHints":{"allow":["GET"]}}],"collection":[{"href":"https:\/\/www.hoecker.eu\/blog\/wp-json\/wp\/v2\/posts"}],"about":[{"href":"https:\/\/www.hoecker.eu\/blog\/wp-json\/wp\/v2\/types\/post"}],"author":[{"embeddable":true,"href":"https:\/\/www.hoecker.eu\/blog\/wp-json\/wp\/v2\/users\/1"}],"replies":[{"embeddable":true,"href":"https:\/\/www.hoecker.eu\/blog\/wp-json\/wp\/v2\/comments?post=8697"}],"version-history":[{"count":1,"href":"https:\/\/www.hoecker.eu\/blog\/wp-json\/wp\/v2\/posts\/8697\/revisions"}],"predecessor-version":[{"id":9819,"href":"https:\/\/www.hoecker.eu\/blog\/wp-json\/wp\/v2\/posts\/8697\/revisions\/9819"}],"wp:attachment":[{"href":"https:\/\/www.hoecker.eu\/blog\/wp-json\/wp\/v2\/media?parent=8697"}],"wp:term":[{"taxonomy":"category","embeddable":true,"href":"https:\/\/www.hoecker.eu\/blog\/wp-json\/wp\/v2\/categories?post=8697"},{"taxonomy":"post_tag","embeddable":true,"href":"https:\/\/www.hoecker.eu\/blog\/wp-json\/wp\/v2\/tags?post=8697"},{"taxonomy":"hashtags","embeddable":true,"href":"https:\/\/www.hoecker.eu\/blog\/wp-json\/wp\/v2\/hashtags?post=8697"},{"taxonomy":"author","embeddable":true,"href":"https:\/\/www.hoecker.eu\/blog\/wp-json\/wp\/v2\/ppma_author?post=8697"}],"curies":[{"name":"wp","href":"https:\/\/api.w.org\/{rel}","templated":true}]}}