{"id":8696,"date":"2016-05-09T19:21:54","date_gmt":"2016-05-09T17:21:54","guid":{"rendered":"https:\/\/www.hoecker.eu\/blog\/zweiter-erfolg-kachelmanns-gegen-bild-vor-dem-olg-koeln-zitat-privater-e-mails-verboten\/"},"modified":"2025-02-17T15:02:16","modified_gmt":"2025-02-17T14:02:16","slug":"zweiter-erfolg-kachelmanns-gegen-bild-vor-dem-olg-koeln-zitat-privater-e-mails-verboten","status":"publish","type":"post","link":"https:\/\/www.hoecker.eu\/blog\/zweiter-erfolg-kachelmanns-gegen-bild-vor-dem-olg-koeln-zitat-privater-e-mails-verboten\/","title":{"rendered":"Zweiter Erfolg Kachelmanns gegen BILD vor dem OLG K\u00f6ln: Zitat privater E-Mails verboten."},"content":{"rendered":"<p class=\"flies\">Das OLG best&auml;tigte mit Urteil vom 15.11.2011 (Az. 15 U 60\/11) auch das Verbot des Zitats privater E-Mails. Axel Springer und bild.de hatte das allgemeine Pers&ouml;nlichkeitsrecht von Herrn Kachelmann nach Einsch&auml;tzung des Gerichts <em>&#8220;nicht hinnehmbar beeintr&auml;chtigt&#8221;.<\/em><\/p>\n<p>Der Eingriff ergab sich bereits aus der Preisgabe rein privater Interna, unabh&auml;ngig von deren Inhalt. Die Verbreitung einer privat und im Vertrauen auf Diskretion verfassten E-Mail begr&uuml;ndet einen nicht hinzunehmenden Eingriff in die Privatsph&auml;re.<\/p>\n<p>Dar&uuml;ber hinaus &ndash; und kumulativ zu der Verletzungshandlung des reinen Verbreitens &ndash; stellte auch die Ver&ouml;ffentlichung des konkreten Inhalts der E-Mail einen rechtswidrigen Eingriff dar. Durch die beigegebenen Konnotationen wurde Herr Kachelmann durch die konkreten &Auml;u&szlig;erungen massiv und in einer unzul&auml;ssigen Weise abqualifiziert.<\/p>\n<p>Dieser doppelte Eingriff in die Rechte von Herrn Kachelmann&nbsp;war auch angesichts der Meinungs&auml;u&szlig;erungs- und Kommunikationsfreiheit rechtswidrig. Auch konnten Axel Springer und bild.de die Grunds&auml;tze &uuml;ber eine ausnahmsweise zul&auml;ssige Verdachtsberichterstattung nicht f&uuml;r sich in Anspruch nehmen. Insbesondere in einem laufenden Ermittlungs- und Strafverfahren musste angesichts der drohenden Gefahr einer Stigmatisierung des Betroffenen besondere Zur&uuml;ckhaltung ge&uuml;bt werden. Da die mitgeteilten Inhalte nicht den geringsten Bezug oder Zusammenhang mit dem in Frage stehenden Tatvorwurf aufwiesen, bestand schlicht kein Berichterstattungsinteresse.<\/p>\n<p><span class=\"flies\">Aus den Entscheidungsgr&uuml;nden des OLG K&ouml;ln:<\/p>\n<p><\/span><span class=\"flies\"><em>&ldquo;Dies gilt namentlich f&uuml;r solche Informationen, die die grunds&auml;tzlichen Charakterstruktur des Angeklagten und die Eigenarten seines allgemeinen Umgangs mit anderen Menschen jenseits der vorgeworfenen Tat betreffen. Denn solche, die allgemeine Pers&ouml;nlichkeit des Betroffenen pr&auml;genden Umst&auml;nde und ein insoweit ggf. zugeschriebener &ldquo;allgemeiner&rdquo; charakterlicher Makel bleiben dem Betroffenen aus der Sicht der &Ouml;ffentlichkeit auch noch nach dem Freispruch von dem Vorwurf einer bestimmten Straftat und der damit einhergehenden Rehabilitation verhaftet und verm&ouml;gen auch danach noch die Wahrnehmung seiner Person in der &Ouml;ffentlichkeit zu bestimmen.&rdquo;<br \/><\/em><br \/>Da Axel Springer und bild.de ma&szlig;geblich und als Erste dazu beitrugen, Aspekte des immer vor den Blicken der &Ouml;ffentlichkeit verborgenen Privatlebens &ouml;ffentlich zu machen, konnten sich diese auch nicht mit Erfolg darauf berufen, dass derartige Details &ldquo;nun einmal in der Welt sind.&rdquo;<\/span><\/p>\n","protected":false},"excerpt":{"rendered":"<p>Das OLG best&auml;tigte mit Urteil vom 15.11.2011 (Az. 15 U 60\/11) auch das Verbot des Zitats privater E-Mails. Axel Springer und bild.de hatte das allgemeine Pers&ouml;nlichkeitsrecht von Herrn Kachelmann nach Einsch&auml;tzung des Gerichts &#8220;nicht hinnehmbar beeintr&auml;chtigt&#8221;. Der Eingriff ergab sich bereits aus der Preisgabe rein privater Interna, unabh&auml;ngig von deren Inhalt. Die Verbreitung einer privat [&hellip;]<\/p>\n","protected":false},"author":1,"featured_media":0,"comment_status":"closed","ping_status":"closed","sticky":false,"template":"","format":"standard","meta":{"_has_post_settings":[],"footnotes":""},"categories":[15],"tags":[],"hashtags":[],"ppma_author":[84],"class_list":["post-8696","post","type-post","status-publish","format-standard","hentry","category-news","author-hoecker_adm"],"yoast_head":"<!-- This site is optimized with the Yoast SEO Premium plugin v25.9 (Yoast SEO v27.0) - https:\/\/yoast.com\/product\/yoast-seo-premium-wordpress\/ -->\n<title>Zweiter Erfolg Kachelmanns gegen BILD vor dem OLG K\u00f6ln: Zitat privater E-Mails verboten. - H\u00d6CKER - der Blog<\/title>\n<meta name=\"robots\" content=\"index, follow, max-snippet:-1, max-image-preview:large, max-video-preview:-1\" \/>\n<link rel=\"canonical\" href=\"https:\/\/www.hoecker.eu\/blog\/zweiter-erfolg-kachelmanns-gegen-bild-vor-dem-olg-koeln-zitat-privater-e-mails-verboten\/\" \/>\n<meta property=\"og:locale\" content=\"de_DE\" \/>\n<meta property=\"og:type\" content=\"article\" \/>\n<meta property=\"og:title\" content=\"Zweiter Erfolg Kachelmanns gegen BILD vor dem OLG K\u00f6ln: Zitat privater E-Mails verboten.\" \/>\n<meta property=\"og:description\" content=\"Das OLG best&auml;tigte mit Urteil vom 15.11.2011 (Az. 15 U 60\/11) auch das Verbot des Zitats privater E-Mails. Axel Springer und bild.de hatte das allgemeine Pers&ouml;nlichkeitsrecht von Herrn Kachelmann nach Einsch&auml;tzung des Gerichts &#8220;nicht hinnehmbar beeintr&auml;chtigt&#8221;. Der Eingriff ergab sich bereits aus der Preisgabe rein privater Interna, unabh&auml;ngig von deren Inhalt. Die Verbreitung einer privat [&hellip;]\" \/>\n<meta property=\"og:url\" content=\"https:\/\/www.hoecker.eu\/blog\/zweiter-erfolg-kachelmanns-gegen-bild-vor-dem-olg-koeln-zitat-privater-e-mails-verboten\/\" \/>\n<meta property=\"og:site_name\" content=\"H\u00d6CKER - der Blog\" \/>\n<meta property=\"article:publisher\" content=\"https:\/\/www.facebook.com\/HoeckerRAe\/\" \/>\n<meta property=\"article:author\" content=\"https:\/\/www.facebook.com\/ralf.hoecker\" \/>\n<meta property=\"article:published_time\" content=\"2016-05-09T17:21:54+00:00\" \/>\n<meta property=\"article:modified_time\" content=\"2025-02-17T14:02:16+00:00\" \/>\n<meta name=\"author\" content=\"Prof. Dr. Ralf H\u00f6cker\" \/>\n<meta name=\"twitter:card\" content=\"summary_large_image\" \/>\n<meta name=\"twitter:creator\" content=\"@Ralf_Hoecker\" \/>\n<meta name=\"twitter:site\" content=\"@hoecker_rae\" \/>\n<meta name=\"twitter:label1\" content=\"Verfasst von\" \/>\n\t<meta name=\"twitter:data1\" content=\"Prof. Dr. Ralf H\u00f6cker\" \/>\n\t<meta name=\"twitter:label2\" content=\"Gesch\u00e4tzte Lesezeit\" \/>\n\t<meta name=\"twitter:data2\" content=\"2\u00a0Minuten\" \/>\n<script type=\"application\/ld+json\" class=\"yoast-schema-graph\">{\"@context\":\"https:\/\/schema.org\",\"@graph\":[{\"@type\":\"Article\",\"@id\":\"https:\/\/www.hoecker.eu\/blog\/zweiter-erfolg-kachelmanns-gegen-bild-vor-dem-olg-koeln-zitat-privater-e-mails-verboten\/#article\",\"isPartOf\":{\"@id\":\"https:\/\/www.hoecker.eu\/blog\/zweiter-erfolg-kachelmanns-gegen-bild-vor-dem-olg-koeln-zitat-privater-e-mails-verboten\/\"},\"author\":{\"name\":\"Prof. Dr. Ralf H\u00f6cker\",\"@id\":\"https:\/\/www.hoecker.eu\/blog\/#\/schema\/person\/08f95581eed0534eccd0b2438f7a1cab\"},\"headline\":\"Zweiter Erfolg Kachelmanns gegen BILD vor dem OLG K\u00f6ln: Zitat privater E-Mails verboten.\",\"datePublished\":\"2016-05-09T17:21:54+00:00\",\"dateModified\":\"2025-02-17T14:02:16+00:00\",\"mainEntityOfPage\":{\"@id\":\"https:\/\/www.hoecker.eu\/blog\/zweiter-erfolg-kachelmanns-gegen-bild-vor-dem-olg-koeln-zitat-privater-e-mails-verboten\/\"},\"wordCount\":401,\"publisher\":{\"@id\":\"https:\/\/www.hoecker.eu\/blog\/#organization\"},\"articleSection\":[\"News\"],\"inLanguage\":\"de\"},{\"@type\":\"WebPage\",\"@id\":\"https:\/\/www.hoecker.eu\/blog\/zweiter-erfolg-kachelmanns-gegen-bild-vor-dem-olg-koeln-zitat-privater-e-mails-verboten\/\",\"url\":\"https:\/\/www.hoecker.eu\/blog\/zweiter-erfolg-kachelmanns-gegen-bild-vor-dem-olg-koeln-zitat-privater-e-mails-verboten\/\",\"name\":\"Zweiter Erfolg Kachelmanns gegen BILD vor dem OLG K\u00f6ln: Zitat privater E-Mails verboten. - H\u00d6CKER - der Blog\",\"isPartOf\":{\"@id\":\"https:\/\/www.hoecker.eu\/blog\/#website\"},\"datePublished\":\"2016-05-09T17:21:54+00:00\",\"dateModified\":\"2025-02-17T14:02:16+00:00\",\"breadcrumb\":{\"@id\":\"https:\/\/www.hoecker.eu\/blog\/zweiter-erfolg-kachelmanns-gegen-bild-vor-dem-olg-koeln-zitat-privater-e-mails-verboten\/#breadcrumb\"},\"inLanguage\":\"de\",\"potentialAction\":[{\"@type\":\"ReadAction\",\"target\":[\"https:\/\/www.hoecker.eu\/blog\/zweiter-erfolg-kachelmanns-gegen-bild-vor-dem-olg-koeln-zitat-privater-e-mails-verboten\/\"]}]},{\"@type\":\"BreadcrumbList\",\"@id\":\"https:\/\/www.hoecker.eu\/blog\/zweiter-erfolg-kachelmanns-gegen-bild-vor-dem-olg-koeln-zitat-privater-e-mails-verboten\/#breadcrumb\",\"itemListElement\":[{\"@type\":\"ListItem\",\"position\":1,\"name\":\"Startseite\",\"item\":\"https:\/\/dev.hoecker.eu\/blog\/\"},{\"@type\":\"ListItem\",\"position\":2,\"name\":\"Zweiter Erfolg Kachelmanns gegen BILD vor dem OLG K\u00f6ln: Zitat privater E-Mails verboten.\"}]},{\"@type\":\"WebSite\",\"@id\":\"https:\/\/www.hoecker.eu\/blog\/#website\",\"url\":\"https:\/\/www.hoecker.eu\/blog\/\",\"name\":\"H\u00d6CKER - der Blog\",\"description\":\"Expertenblog f\u00fcr \u00c4u\u00dferungs-, Medien-, Marken-, Urheber- und Wettbewerbsrecht.\",\"publisher\":{\"@id\":\"https:\/\/www.hoecker.eu\/blog\/#organization\"},\"potentialAction\":[{\"@type\":\"SearchAction\",\"target\":{\"@type\":\"EntryPoint\",\"urlTemplate\":\"https:\/\/www.hoecker.eu\/blog\/?s={search_term_string}\"},\"query-input\":{\"@type\":\"PropertyValueSpecification\",\"valueRequired\":true,\"valueName\":\"search_term_string\"}}],\"inLanguage\":\"de\"},{\"@type\":\"Organization\",\"@id\":\"https:\/\/www.hoecker.eu\/blog\/#organization\",\"name\":\"H\u00d6CKER Rechtsanw\u00e4lte PartGmbB\",\"alternateName\":\"H\u00d6CKER\",\"url\":\"https:\/\/www.hoecker.eu\/blog\/\",\"logo\":{\"@type\":\"ImageObject\",\"inLanguage\":\"de\",\"@id\":\"https:\/\/www.hoecker.eu\/blog\/#\/schema\/logo\/image\/\",\"url\":\"https:\/\/www.hoecker.eu\/blog\/wp-content\/uploads\/2025\/03\/Blog-Logo.webp\",\"contentUrl\":\"https:\/\/www.hoecker.eu\/blog\/wp-content\/uploads\/2025\/03\/Blog-Logo.webp\",\"width\":500,\"height\":500,\"caption\":\"H\u00d6CKER Rechtsanw\u00e4lte PartGmbB\"},\"image\":{\"@id\":\"https:\/\/www.hoecker.eu\/blog\/#\/schema\/logo\/image\/\"},\"sameAs\":[\"https:\/\/www.facebook.com\/HoeckerRAe\/\",\"https:\/\/x.com\/hoecker_rae\",\"https:\/\/www.linkedin.com\/company\/hcker-rechtsanwlte\/\",\"https:\/\/www.instagram.com\/hoecker_rae\/\"],\"email\":\"contact@hoecker.eu\",\"telephone\":\"+ 49 (0)221-933 19-10\",\"legalName\":\"H\u00d6CKER Rechtsanw\u00e4lte PartGmbB\",\"numberOfEmployees\":{\"@type\":\"QuantitativeValue\",\"minValue\":\"11\",\"maxValue\":\"50\"}},{\"@type\":\"Person\",\"@id\":\"https:\/\/www.hoecker.eu\/blog\/#\/schema\/person\/08f95581eed0534eccd0b2438f7a1cab\",\"name\":\"Prof. Dr. Ralf H\u00f6cker\",\"description\":\"Medienanwalt. Besch\u00fctzer vor mieser Presse\",\"sameAs\":[\"https:\/\/www.hoecker.eu\/wer\/prof-dr-ralf-hoecker\",\"https:\/\/www.facebook.com\/ralf.hoecker\",\"https:\/\/www.linkedin.com\/in\/prof-dr-ralf-hcker-ll-m-london-17987826\/\",\"https:\/\/x.com\/Ralf_Hoecker\"],\"url\":\"https:\/\/www.hoecker.eu\/blog\/author\/hoecker_adm\/\"}]}<\/script>\n<!-- \/ Yoast SEO Premium plugin. -->","yoast_head_json":{"title":"Zweiter Erfolg Kachelmanns gegen BILD vor dem OLG K\u00f6ln: Zitat privater E-Mails verboten. - H\u00d6CKER - der Blog","robots":{"index":"index","follow":"follow","max-snippet":"max-snippet:-1","max-image-preview":"max-image-preview:large","max-video-preview":"max-video-preview:-1"},"canonical":"https:\/\/www.hoecker.eu\/blog\/zweiter-erfolg-kachelmanns-gegen-bild-vor-dem-olg-koeln-zitat-privater-e-mails-verboten\/","og_locale":"de_DE","og_type":"article","og_title":"Zweiter Erfolg Kachelmanns gegen BILD vor dem OLG K\u00f6ln: Zitat privater E-Mails verboten.","og_description":"Das OLG best&auml;tigte mit Urteil vom 15.11.2011 (Az. 15 U 60\/11) auch das Verbot des Zitats privater E-Mails. Axel Springer und bild.de hatte das allgemeine Pers&ouml;nlichkeitsrecht von Herrn Kachelmann nach Einsch&auml;tzung des Gerichts &#8220;nicht hinnehmbar beeintr&auml;chtigt&#8221;. Der Eingriff ergab sich bereits aus der Preisgabe rein privater Interna, unabh&auml;ngig von deren Inhalt. Die Verbreitung einer privat [&hellip;]","og_url":"https:\/\/www.hoecker.eu\/blog\/zweiter-erfolg-kachelmanns-gegen-bild-vor-dem-olg-koeln-zitat-privater-e-mails-verboten\/","og_site_name":"H\u00d6CKER - der Blog","article_publisher":"https:\/\/www.facebook.com\/HoeckerRAe\/","article_author":"https:\/\/www.facebook.com\/ralf.hoecker","article_published_time":"2016-05-09T17:21:54+00:00","article_modified_time":"2025-02-17T14:02:16+00:00","author":"Prof. Dr. Ralf H\u00f6cker","twitter_card":"summary_large_image","twitter_creator":"@Ralf_Hoecker","twitter_site":"@hoecker_rae","twitter_misc":{"Verfasst von":"Prof. Dr. Ralf H\u00f6cker","Gesch\u00e4tzte Lesezeit":"2\u00a0Minuten"},"schema":{"@context":"https:\/\/schema.org","@graph":[{"@type":"Article","@id":"https:\/\/www.hoecker.eu\/blog\/zweiter-erfolg-kachelmanns-gegen-bild-vor-dem-olg-koeln-zitat-privater-e-mails-verboten\/#article","isPartOf":{"@id":"https:\/\/www.hoecker.eu\/blog\/zweiter-erfolg-kachelmanns-gegen-bild-vor-dem-olg-koeln-zitat-privater-e-mails-verboten\/"},"author":{"name":"Prof. Dr. Ralf H\u00f6cker","@id":"https:\/\/www.hoecker.eu\/blog\/#\/schema\/person\/08f95581eed0534eccd0b2438f7a1cab"},"headline":"Zweiter Erfolg Kachelmanns gegen BILD vor dem OLG K\u00f6ln: Zitat privater E-Mails verboten.","datePublished":"2016-05-09T17:21:54+00:00","dateModified":"2025-02-17T14:02:16+00:00","mainEntityOfPage":{"@id":"https:\/\/www.hoecker.eu\/blog\/zweiter-erfolg-kachelmanns-gegen-bild-vor-dem-olg-koeln-zitat-privater-e-mails-verboten\/"},"wordCount":401,"publisher":{"@id":"https:\/\/www.hoecker.eu\/blog\/#organization"},"articleSection":["News"],"inLanguage":"de"},{"@type":"WebPage","@id":"https:\/\/www.hoecker.eu\/blog\/zweiter-erfolg-kachelmanns-gegen-bild-vor-dem-olg-koeln-zitat-privater-e-mails-verboten\/","url":"https:\/\/www.hoecker.eu\/blog\/zweiter-erfolg-kachelmanns-gegen-bild-vor-dem-olg-koeln-zitat-privater-e-mails-verboten\/","name":"Zweiter Erfolg Kachelmanns gegen BILD vor dem OLG K\u00f6ln: Zitat privater E-Mails verboten. - H\u00d6CKER - der Blog","isPartOf":{"@id":"https:\/\/www.hoecker.eu\/blog\/#website"},"datePublished":"2016-05-09T17:21:54+00:00","dateModified":"2025-02-17T14:02:16+00:00","breadcrumb":{"@id":"https:\/\/www.hoecker.eu\/blog\/zweiter-erfolg-kachelmanns-gegen-bild-vor-dem-olg-koeln-zitat-privater-e-mails-verboten\/#breadcrumb"},"inLanguage":"de","potentialAction":[{"@type":"ReadAction","target":["https:\/\/www.hoecker.eu\/blog\/zweiter-erfolg-kachelmanns-gegen-bild-vor-dem-olg-koeln-zitat-privater-e-mails-verboten\/"]}]},{"@type":"BreadcrumbList","@id":"https:\/\/www.hoecker.eu\/blog\/zweiter-erfolg-kachelmanns-gegen-bild-vor-dem-olg-koeln-zitat-privater-e-mails-verboten\/#breadcrumb","itemListElement":[{"@type":"ListItem","position":1,"name":"Startseite","item":"https:\/\/dev.hoecker.eu\/blog\/"},{"@type":"ListItem","position":2,"name":"Zweiter Erfolg Kachelmanns gegen BILD vor dem OLG K\u00f6ln: Zitat privater E-Mails verboten."}]},{"@type":"WebSite","@id":"https:\/\/www.hoecker.eu\/blog\/#website","url":"https:\/\/www.hoecker.eu\/blog\/","name":"H\u00d6CKER - der Blog","description":"Expertenblog f\u00fcr \u00c4u\u00dferungs-, Medien-, Marken-, Urheber- und Wettbewerbsrecht.","publisher":{"@id":"https:\/\/www.hoecker.eu\/blog\/#organization"},"potentialAction":[{"@type":"SearchAction","target":{"@type":"EntryPoint","urlTemplate":"https:\/\/www.hoecker.eu\/blog\/?s={search_term_string}"},"query-input":{"@type":"PropertyValueSpecification","valueRequired":true,"valueName":"search_term_string"}}],"inLanguage":"de"},{"@type":"Organization","@id":"https:\/\/www.hoecker.eu\/blog\/#organization","name":"H\u00d6CKER Rechtsanw\u00e4lte PartGmbB","alternateName":"H\u00d6CKER","url":"https:\/\/www.hoecker.eu\/blog\/","logo":{"@type":"ImageObject","inLanguage":"de","@id":"https:\/\/www.hoecker.eu\/blog\/#\/schema\/logo\/image\/","url":"https:\/\/www.hoecker.eu\/blog\/wp-content\/uploads\/2025\/03\/Blog-Logo.webp","contentUrl":"https:\/\/www.hoecker.eu\/blog\/wp-content\/uploads\/2025\/03\/Blog-Logo.webp","width":500,"height":500,"caption":"H\u00d6CKER Rechtsanw\u00e4lte PartGmbB"},"image":{"@id":"https:\/\/www.hoecker.eu\/blog\/#\/schema\/logo\/image\/"},"sameAs":["https:\/\/www.facebook.com\/HoeckerRAe\/","https:\/\/x.com\/hoecker_rae","https:\/\/www.linkedin.com\/company\/hcker-rechtsanwlte\/","https:\/\/www.instagram.com\/hoecker_rae\/"],"email":"contact@hoecker.eu","telephone":"+ 49 (0)221-933 19-10","legalName":"H\u00d6CKER Rechtsanw\u00e4lte PartGmbB","numberOfEmployees":{"@type":"QuantitativeValue","minValue":"11","maxValue":"50"}},{"@type":"Person","@id":"https:\/\/www.hoecker.eu\/blog\/#\/schema\/person\/08f95581eed0534eccd0b2438f7a1cab","name":"Prof. Dr. Ralf H\u00f6cker","description":"Medienanwalt. Besch\u00fctzer vor mieser Presse","sameAs":["https:\/\/www.hoecker.eu\/wer\/prof-dr-ralf-hoecker","https:\/\/www.facebook.com\/ralf.hoecker","https:\/\/www.linkedin.com\/in\/prof-dr-ralf-hcker-ll-m-london-17987826\/","https:\/\/x.com\/Ralf_Hoecker"],"url":"https:\/\/www.hoecker.eu\/blog\/author\/hoecker_adm\/"}]}},"authors":[{"term_id":84,"user_id":1,"is_guest":0,"slug":"hoecker_adm","display_name":"Prof. Dr. Ralf H\u00f6cker","avatar_url":{"url":"https:\/\/www.hoecker.eu\/blog\/wp-content\/uploads\/2023\/12\/ProfDrRalfHoecker.jpg","url2x":"https:\/\/www.hoecker.eu\/blog\/wp-content\/uploads\/2023\/12\/ProfDrRalfHoecker.jpg"},"0":null,"1":"","2":"","3":"","4":"","5":"","6":"","7":"","8":"","9":"","10":"","11":""}],"_links":{"self":[{"href":"https:\/\/www.hoecker.eu\/blog\/wp-json\/wp\/v2\/posts\/8696","targetHints":{"allow":["GET"]}}],"collection":[{"href":"https:\/\/www.hoecker.eu\/blog\/wp-json\/wp\/v2\/posts"}],"about":[{"href":"https:\/\/www.hoecker.eu\/blog\/wp-json\/wp\/v2\/types\/post"}],"author":[{"embeddable":true,"href":"https:\/\/www.hoecker.eu\/blog\/wp-json\/wp\/v2\/users\/1"}],"replies":[{"embeddable":true,"href":"https:\/\/www.hoecker.eu\/blog\/wp-json\/wp\/v2\/comments?post=8696"}],"version-history":[{"count":1,"href":"https:\/\/www.hoecker.eu\/blog\/wp-json\/wp\/v2\/posts\/8696\/revisions"}],"predecessor-version":[{"id":9818,"href":"https:\/\/www.hoecker.eu\/blog\/wp-json\/wp\/v2\/posts\/8696\/revisions\/9818"}],"wp:attachment":[{"href":"https:\/\/www.hoecker.eu\/blog\/wp-json\/wp\/v2\/media?parent=8696"}],"wp:term":[{"taxonomy":"category","embeddable":true,"href":"https:\/\/www.hoecker.eu\/blog\/wp-json\/wp\/v2\/categories?post=8696"},{"taxonomy":"post_tag","embeddable":true,"href":"https:\/\/www.hoecker.eu\/blog\/wp-json\/wp\/v2\/tags?post=8696"},{"taxonomy":"hashtags","embeddable":true,"href":"https:\/\/www.hoecker.eu\/blog\/wp-json\/wp\/v2\/hashtags?post=8696"},{"taxonomy":"author","embeddable":true,"href":"https:\/\/www.hoecker.eu\/blog\/wp-json\/wp\/v2\/ppma_author?post=8696"}],"curies":[{"name":"wp","href":"https:\/\/api.w.org\/{rel}","templated":true}]}}