{"id":8682,"date":"2016-05-09T19:33:00","date_gmt":"2016-05-09T17:33:00","guid":{"rendered":"https:\/\/www.hoecker.eu\/blog\/niederlage-fuer-guenter-wallraff-unterlassungserklaerung-vor-gericht-wegen-falscher-behauptungen-ueber-eine-grossbaeckerei-und-wegen-vorverurteilender-schmaehungen-des-frueheren-baeckereigeschaeftsfu\/"},"modified":"2025-02-17T15:02:07","modified_gmt":"2025-02-17T14:02:07","slug":"niederlage-fuer-guenter-wallraff-unterlassungserklaerung-vor-gericht-wegen-falscher-behauptungen-ueber-eine-grossbaeckerei-und-wegen-vorverurteilender-schmaehungen-des-frueheren-baeckereigeschaeftsfu","status":"publish","type":"post","link":"https:\/\/www.hoecker.eu\/blog\/niederlage-fuer-guenter-wallraff-unterlassungserklaerung-vor-gericht-wegen-falscher-behauptungen-ueber-eine-grossbaeckerei-und-wegen-vorverurteilender-schmaehungen-des-frueheren-baeckereigeschaeftsfu\/","title":{"rendered":"Niederlage f\u00fcr G\u00dcNTER WALLRAFF: Unterlassungserkl\u00e4rung vor Gericht wegen falscher Behauptungen \u00fcber eine Gro\u00dfb\u00e4ckerei und wegen vorverurteilender Schm\u00e4hungen des fr\u00fcheren B\u00e4ckereigesch\u00e4ftsf\u00fchrers (Vergleich im Verfahren LG K\u00f6ln 28 O 999\/11)."},"content":{"rendered":"<p class=\"flies\">Terminsbericht zur m\u00fcndlichen Verhandlung im Verfahren 28 O 999\/11<\/p>\n<p class=\"flies\">G\u00fcnter Wallraff hatte verdeckt in einer Gro\u00dfb\u00e4ckerei gearbeitet und in einem Buch und mehreren Interviews \u00fcber die Zust\u00e4nde berichtet, die er dort angeblich vorgefunden hatte. Vor allem h\u00e4tten er und seine Kollegen sich in der B\u00e4ckerei an hei\u00dfen Blechen verbrannt. H\u00d6CKER vertrat im Verfahren die Interessen der mittlerweile in Liquidation befindlichen Gro\u00dfb\u00e4ckerei und ihres fr\u00fcheren Gesch\u00e4ftsf\u00fchrers.<\/p>\n<p class=\"flies\">Dass sich B\u00e4cker in dem Unternehmen unserer Mandanten, wie in jeder anderen B\u00e4ckerei, bei ihrer Arbeit Verbrennungen zuzogen, wurde von unseren Mandanten nie bestritten. Verbrennungen kommen in B\u00e4ckereien typischerweise vor. Es kann in der Praxis immer nur darum gehen, das Auftreten solcher unvermeidlichen Unf\u00e4lle durch geeignete Schutzma\u00dfnahmen (die vorliegend getroffen wurden) so gering wie m\u00f6glich zu halten. Wallraffs Schilderungen w\u00e4ren also sehr unspektakul\u00e4r gewesen, wenn er nur wahrheitsgem\u00e4\u00df berichtet h\u00e4tte, dass es auch in der B\u00e4ckerei unserer Mandanten zu solchen b\u00e4ckereitypischen Unf\u00e4llen kam. M\u00f6glicherweise veranlasste ihn dieser Umstand, seine Schilderungen massiv zu \u00fcbertreiben und zum Teil auch schlichte Falschbehauptungen aufzustellen. Wallraffs \u00dcbertreibungen und die PR-Kampagne, die er zum Zwecke der Absatzf\u00f6rderung seines &#8220;Enth\u00fcllungsbuches&#8221; zu diesem Fall betrieb, f\u00fchrten im Ergebnis dazu, dass das Unternehmen seinen gr\u00f6\u00dften Kunden verlor. Die B\u00e4ckerei unseres Mandanten, ein Traditionsunternehmen, das in einem strukturschwachen l\u00e4ndlichen Raum seit \u00fcber 110 Jahren Arbeitspl\u00e4tze geschaffen und gesichert hatte, musste stillgelegt werden. Alle dort besch\u00e4ftigten Kollegen verloren ihre Arbeit.<\/p>\n<p class=\"flies\">Im einstweiligen Verf\u00fcgungsverfahren 28 O 999\/11 vor dem LG K\u00f6ln ging es nun um die Zul\u00e4ssigkeit einiger konkreter \u00c4u\u00dferungen des Enth\u00fcllungsjournalisten. Die B\u00e4ckerei und ihr fr\u00fcherer Gesch\u00e4ftsf\u00fchrer verlangten, dass Wallraff diese falschen \u00c4u\u00dferungen k\u00fcnftig unterl\u00e4sst. Die m\u00fcndliche Verhandlung vor dem LG K\u00f6ln vom 06.01.2012 stie\u00df auf ein gro\u00dfes Medieninteresse. Herr Wallraff nutzte sie w\u00e4hrend seiner Vernehmung, um sich immer wieder zu den Medienvertretern anstatt zum Gericht zu wenden, sein Buch zum Fall hoch zu halten und explizite Werbung daf\u00fcr zu machen (&#8220;Das steht auch alles in meinem Buch!&#8221;).<\/p>\n<p class=\"flies\">Die Verhandlung endete mit einem Vergleich, in dem Herr Wallraff sich verpflichtete, bis auf einen Teilaspekt alle von unseren Mandanten angegriffenen \u00c4u\u00dferungen k\u00fcnftig zu <u>unterlassen<\/u>. Hierzu wurde er durch die Eingangs\u00e4u\u00dferung der Vorsitzenden Richterin veranlasst, die ihm deutlich gemacht hatte, dass er im Falle seines Nichteinlenkens jedenfalls teilweise mit dem Erlass einer einstweiligen Verf\u00fcgung gegen ihn h\u00e4tte rechnen m\u00fcssen. Die Parteien vereinbarten ausdr\u00fccklich, dass bestimmte deutlich abgeschw\u00e4chte Formen dieser Vorw\u00fcrfe nicht vom Unterlassungsgebot erfasst sind. Das bedeutet nicht, dass unsere Mandantin diese abgeschw\u00e4chten \u00c4u\u00dferungen teilt. Auch dies wurde in dem Vergleich festgehalten.<\/p>\n<p class=\"flies\">Der gerichtliche Vergleich lautete wie folgt:<\/p>\n<p class=\"flies\"><em>I. Der Antragsgegner <\/em>(also G\u00fcnter Wallraff, Anm. d. Verf.)<em> verpflichtet sich, bei Meidung einer f\u00fcr jeden Fall der Zuwiderhandlung f\u00e4lligen Vertragsstrafe, die von den Gl\u00e4ubigern<\/em> (d.h. von der Gro\u00dfb\u00e4ckerei und ihrem fr\u00fcheren Gesch\u00e4ftsf\u00fchrer, Anm. d. Verf.) <em>nach billigem Ermessen festzusetzen und im Streitfall vom zust\u00e4ndigen Gericht zu \u00fcberpr\u00fcfen ist, es zu unterlassen,<\/em><\/p>\n<p class=\"flies\"><em>1. in Bezug auf die Firma <\/em>(Unternehmensname anonymisiert)<em> in Liquidation und\/oder Herrn <\/em>(Name des fr\u00fcheren Gesch\u00e4ftsf\u00fchrers anonymisiert)<em> zu behaupten und\/oder zu verbreiten und\/oder diese Handlungen durch Dritte vornehmen zu lassen: <\/em><\/p>\n<p class=\"flies\"><em>a) \u201eDie Kollegen, mit denen ich dort arbeitete, <u>wir hatten alle Verbrennungen<\/u>\u201c.<\/em><\/p>\n<p class=\"flies\"><em>Die Unterlassungserkl\u00e4rung betrifft ausdr\u00fccklich nicht die Aussage, dass nach Auffassung des Antragsgegners <\/em>(also von G\u00fcnter Wallraff, Anm. d. Verf.)<em> jedoch fast alle Kollegen Verbrennungen hatten. Die Antragsteller<\/em> (also die Gro\u00dfb\u00e4ckerei und ihr Gf., Anm. d. Verf.) <em>bestreiten weiterhin die Richtigkeit auch dieser Behauptung.<\/em><\/p>\n<p class=\"flies\"><em>b) \u201eDie Anlage war so marode, <u>da wurden keine Reparaturen aus Kostengr\u00fcnden<\/u> (ausgef\u00fchrt)\u201c.<\/em><\/p>\n<p class=\"flies\"><em>Der Antragsgegner ist jedoch der von den Antragstellern nicht geteilten Auffassung, dass diese Reparaturen \u201etotal unzureichend\u201c (so Wallraff) und \u201eabsoluter Murks\u201c (so Wallraff) waren;<\/em><\/p>\n<p class=\"flies\"><em>c) dass es im Unternehmen der Antragstellerin zu 1) keinerlei Reparaturen, insbesondere in Form neuer Bleche gegeben habe.<\/em><\/p>\n<p class=\"flies\"><em>Der Antragsgegner bleibt bei der von den Antragstellern nicht geteilten Aussage, dass w\u00e4hrend seiner einmonatigen Arbeitst\u00e4tigkeit im Unternehmen keine neuen Bleche am Band zum Einsatz kamen,<\/em><\/p>\n<p class=\"flies\"><em>2. der Antragsteller zu 2) entziehe sich bis heute einer Verurteilung. <\/em><\/p>\n<p class=\"flies\"><em>II. Die Kosten des Verfahrens werden gegeneinander aufgehoben, genauso wie die Kosten des Vergleichs.<\/em><\/p>\n<p class=\"flies\">Besonders bemerkenswert war Wallraffs inzwischen verbotene Behauptung, der fr\u00fchere Gesch\u00e4ftsf\u00fchrer &#8220;entziehe sich einer Verurteilung&#8221; &#8211; bemerkenswert deshalb, weil das Gericht dem Gesch\u00e4ftsf\u00fchrer bereits dreimal eine vollst\u00e4ndige Einstellung des Verfahrens angeboten hat, wenn er eine Spende leistet (Einstellung nach \u00a7 153a StPO). H\u00e4tte unser Mandant dieses Angebot angenommen, w\u00e4re er nicht vorbestraft. Der Mandant bestand mangels jeglichen Tatverdachts jedoch auf einer Verfahrenseinstellung nach \u00a7 170 Abs. 2 StPO ohne die Auflage einer Spende. Da eine Verfahrenseinstellung nach \u00a7 153a StPO ohne Zustimmung des Betroffenen nicht m\u00f6glich ist, erlie\u00df das Gericht daraufhin einen Strafbefehl in Form einer Verwarnung unter Strafvorbehalt. Dies kommt einer &#8220;Geldstrafe auf Bew\u00e4hrung&#8221; gleich, stellt also die mildeste denkbare Form einer Bestrafung dar, gegen die unser Mandant derzeit weiterhin vorgeht. Damit ist jedoch immerhin klar, dass das Gericht der Angelegenheit keine hohe Bedeutung beimisst. Vor diesem Hintergrund ist die demagogische und vorverurteilende Behauptung Wallraffs, unser Mandant entziehe sich einer Verurteilung, geradezu grotesk. Wallraffs Aussage ist aber exemplarisch f\u00fcr die Art und Weise seines Vorgehens: Er bl\u00e4st Petitessen, die das Gericht nach \u00a7 153a StPO gar nicht weiter verfolgen wollte, durch \u00dcbertreibungen und Falschbehauptungen zu einem absurden Popanz auf, den er dann \u00f6ffentlichkeitswirksam pr\u00fcgelt, um seine B\u00fccher besser verkaufen zu k\u00f6nnen.<\/p>\n<p class=\"flies\">Am 02.03.2011 hatte Wallraff \u00fcbrigens schon einmal eine strafbewehrte Unterlassungserkl\u00e4rung abgegeben. Darin verpflichtete er sich, unwahre Behauptungen nicht zu wiederholen, wonach Mitarbeiter der Gro\u00dfb\u00e4ckerei einen Stundenlohn von lediglich sechs Euro erhalten h\u00e4tten und im Extremfall bis zu 420 Stunden im Monat gearbeitet haben sollen. Zudem verpflichtete sich Wallraff, die falsche \u00c4u\u00dferung zu unterlassen, in den Br\u00f6tchenpackungen seien Fungizide enthalten gewesen und Br\u00f6tchen seien so haltbar gemacht worden, dass sie nachher versteinerten. All diese Behauptungen waren falsch. Wallraff gab daher eine Unterlassungserkl\u00e4rung mit folgendem Inhalt ab:<\/p>\n<p class=\"flies\"><em>Herr G\u00fcnter Wallraff verpflichtet sich gegen\u00fcber der Firma (Unternehmensname)<\/em><\/p>\n<p class=\"flies\"><em>1. es bei Meidung einer f\u00fcr jeden Fall der schuldhaften Zuwiderhandlung zu zahlenden Vertragsstrafe, die von der Firma (Unternehmensname) festgesetzt wird und deren H\u00f6he vom zust\u00e4ndigen Gericht \u00fcberpr\u00fcft werden kann, zu unterlassen, in Bezug auf die Firma (Unternehmensname) die nachstehenden \u00c4u\u00dferungen und\/oder Behauptungen zu verbreiten oder verbreiten zu lassen und\/oder zu ver\u00f6ffentlichen oder ver\u00f6ffentlichen zu lassen:<\/em><\/p>\n<p class=\"flies\"><em>&#8220;Wir kriegten ja sechs Euro vielleicht die Stunde.&#8221;<\/em><\/p>\n<p class=\"flies\"><em>und\/oder<\/em><\/p>\n<p class=\"flies\"><em>&#8220;Und selbst hier die Kollegen, die konnten sich ja umsonst zwei Packungen mitnehmen, also es waren Fungizide drin. Es war haltbar gemacht, dass es nachher versteinerte.&#8221;<\/em><\/p>\n<p class=\"flies\"><em>und\/oder<\/em><\/p>\n<p class=\"flies\"><em>&#8220;Es kam vor, dass im Extremfall Kollegen 420 Stunden im Monat bis zum Umfallen arbeiteten.&#8221;<\/em><\/p>\n<p class=\"flies\">Rechtsanwalt Prof. Dr. Ralf H\u00f6cker:<\/p>\n<p class=\"flies\"><em>&#8220;G\u00fcnter Wallraff stellt in seinen angeblichen Enth\u00fcllungsreportagen falsche und ma\u00dflos \u00fcbertriebene Behauptungen auf. Damit macht er zwar seine B\u00fccher spektakul\u00e4rer und kann sie besser verkaufen. Auf der Strecke bleiben aber die Wahrheit, die betroffenen Unternehmen und in diesem Fall auch die dort besch\u00e4ftigten Kollegen, die alle arbeitslos wurden.&#8221;<\/em><\/p>\n","protected":false},"excerpt":{"rendered":"<p>Terminsbericht zur m\u00fcndlichen Verhandlung im Verfahren 28 O 999\/11 G\u00fcnter Wallraff hatte verdeckt in einer Gro\u00dfb\u00e4ckerei gearbeitet und in einem Buch und mehreren Interviews \u00fcber die Zust\u00e4nde berichtet, die er dort angeblich vorgefunden hatte. Vor allem h\u00e4tten er und seine Kollegen sich in der B\u00e4ckerei an hei\u00dfen Blechen verbrannt. H\u00d6CKER vertrat im Verfahren die Interessen [&hellip;]<\/p>\n","protected":false},"author":1,"featured_media":0,"comment_status":"closed","ping_status":"closed","sticky":false,"template":"","format":"standard","meta":{"_has_post_settings":[],"footnotes":""},"categories":[15],"tags":[],"hashtags":[],"ppma_author":[84],"class_list":["post-8682","post","type-post","status-publish","format-standard","hentry","category-news","author-hoecker_adm"],"yoast_head":"<!-- This site is optimized with the Yoast SEO Premium plugin v25.9 (Yoast SEO v27.0) - https:\/\/yoast.com\/product\/yoast-seo-premium-wordpress\/ -->\n<title>Niederlage f\u00fcr G\u00dcNTER WALLRAFF: Unterlassungserkl\u00e4rung vor Gericht wegen falscher Behauptungen \u00fcber eine Gro\u00dfb\u00e4ckerei und wegen vorverurteilender Schm\u00e4hungen des fr\u00fcheren B\u00e4ckereigesch\u00e4ftsf\u00fchrers (Vergleich im Verfahren LG K\u00f6ln 28 O 999\/11). - H\u00d6CKER - der Blog<\/title>\n<meta name=\"robots\" content=\"index, follow, max-snippet:-1, max-image-preview:large, max-video-preview:-1\" \/>\n<link rel=\"canonical\" href=\"https:\/\/www.hoecker.eu\/blog\/niederlage-fuer-guenter-wallraff-unterlassungserklaerung-vor-gericht-wegen-falscher-behauptungen-ueber-eine-grossbaeckerei-und-wegen-vorverurteilender-schmaehungen-des-frueheren-baeckereigeschaeftsfu\/\" \/>\n<meta property=\"og:locale\" content=\"de_DE\" \/>\n<meta property=\"og:type\" content=\"article\" \/>\n<meta property=\"og:title\" content=\"Niederlage f\u00fcr G\u00dcNTER WALLRAFF: Unterlassungserkl\u00e4rung vor Gericht wegen falscher Behauptungen \u00fcber eine Gro\u00dfb\u00e4ckerei und wegen vorverurteilender Schm\u00e4hungen des fr\u00fcheren B\u00e4ckereigesch\u00e4ftsf\u00fchrers (Vergleich im Verfahren LG K\u00f6ln 28 O 999\/11).\" \/>\n<meta property=\"og:description\" content=\"Terminsbericht zur m\u00fcndlichen Verhandlung im Verfahren 28 O 999\/11 G\u00fcnter Wallraff hatte verdeckt in einer Gro\u00dfb\u00e4ckerei gearbeitet und in einem Buch und mehreren Interviews \u00fcber die Zust\u00e4nde berichtet, die er dort angeblich vorgefunden hatte. Vor allem h\u00e4tten er und seine Kollegen sich in der B\u00e4ckerei an hei\u00dfen Blechen verbrannt. H\u00d6CKER vertrat im Verfahren die Interessen [&hellip;]\" \/>\n<meta property=\"og:url\" content=\"https:\/\/www.hoecker.eu\/blog\/niederlage-fuer-guenter-wallraff-unterlassungserklaerung-vor-gericht-wegen-falscher-behauptungen-ueber-eine-grossbaeckerei-und-wegen-vorverurteilender-schmaehungen-des-frueheren-baeckereigeschaeftsfu\/\" \/>\n<meta property=\"og:site_name\" content=\"H\u00d6CKER - der Blog\" \/>\n<meta property=\"article:publisher\" content=\"https:\/\/www.facebook.com\/HoeckerRAe\/\" \/>\n<meta property=\"article:author\" content=\"https:\/\/www.facebook.com\/ralf.hoecker\" \/>\n<meta property=\"article:published_time\" content=\"2016-05-09T17:33:00+00:00\" \/>\n<meta property=\"article:modified_time\" content=\"2025-02-17T14:02:07+00:00\" \/>\n<meta name=\"author\" content=\"Prof. Dr. Ralf H\u00f6cker\" \/>\n<meta name=\"twitter:card\" content=\"summary_large_image\" \/>\n<meta name=\"twitter:creator\" content=\"@Ralf_Hoecker\" \/>\n<meta name=\"twitter:site\" content=\"@hoecker_rae\" \/>\n<meta name=\"twitter:label1\" content=\"Verfasst von\" \/>\n\t<meta name=\"twitter:data1\" content=\"Prof. Dr. Ralf H\u00f6cker\" \/>\n\t<meta name=\"twitter:label2\" content=\"Gesch\u00e4tzte Lesezeit\" \/>\n\t<meta name=\"twitter:data2\" content=\"6\u00a0Minuten\" \/>\n<script type=\"application\/ld+json\" class=\"yoast-schema-graph\">{\"@context\":\"https:\/\/schema.org\",\"@graph\":[{\"@type\":\"Article\",\"@id\":\"https:\/\/www.hoecker.eu\/blog\/niederlage-fuer-guenter-wallraff-unterlassungserklaerung-vor-gericht-wegen-falscher-behauptungen-ueber-eine-grossbaeckerei-und-wegen-vorverurteilender-schmaehungen-des-frueheren-baeckereigeschaeftsfu\/#article\",\"isPartOf\":{\"@id\":\"https:\/\/www.hoecker.eu\/blog\/niederlage-fuer-guenter-wallraff-unterlassungserklaerung-vor-gericht-wegen-falscher-behauptungen-ueber-eine-grossbaeckerei-und-wegen-vorverurteilender-schmaehungen-des-frueheren-baeckereigeschaeftsfu\/\"},\"author\":{\"name\":\"Prof. Dr. Ralf H\u00f6cker\",\"@id\":\"https:\/\/www.hoecker.eu\/blog\/#\/schema\/person\/08f95581eed0534eccd0b2438f7a1cab\"},\"headline\":\"Niederlage f\u00fcr G\u00dcNTER WALLRAFF: Unterlassungserkl\u00e4rung vor Gericht wegen falscher Behauptungen \u00fcber eine Gro\u00dfb\u00e4ckerei und wegen vorverurteilender Schm\u00e4hungen des fr\u00fcheren B\u00e4ckereigesch\u00e4ftsf\u00fchrers (Vergleich im Verfahren LG K\u00f6ln 28 O 999\/11).\",\"datePublished\":\"2016-05-09T17:33:00+00:00\",\"dateModified\":\"2025-02-17T14:02:07+00:00\",\"mainEntityOfPage\":{\"@id\":\"https:\/\/www.hoecker.eu\/blog\/niederlage-fuer-guenter-wallraff-unterlassungserklaerung-vor-gericht-wegen-falscher-behauptungen-ueber-eine-grossbaeckerei-und-wegen-vorverurteilender-schmaehungen-des-frueheren-baeckereigeschaeftsfu\/\"},\"wordCount\":1259,\"publisher\":{\"@id\":\"https:\/\/www.hoecker.eu\/blog\/#organization\"},\"articleSection\":[\"News\"],\"inLanguage\":\"de\"},{\"@type\":\"WebPage\",\"@id\":\"https:\/\/www.hoecker.eu\/blog\/niederlage-fuer-guenter-wallraff-unterlassungserklaerung-vor-gericht-wegen-falscher-behauptungen-ueber-eine-grossbaeckerei-und-wegen-vorverurteilender-schmaehungen-des-frueheren-baeckereigeschaeftsfu\/\",\"url\":\"https:\/\/www.hoecker.eu\/blog\/niederlage-fuer-guenter-wallraff-unterlassungserklaerung-vor-gericht-wegen-falscher-behauptungen-ueber-eine-grossbaeckerei-und-wegen-vorverurteilender-schmaehungen-des-frueheren-baeckereigeschaeftsfu\/\",\"name\":\"Niederlage f\u00fcr G\u00dcNTER WALLRAFF: Unterlassungserkl\u00e4rung vor Gericht wegen falscher Behauptungen \u00fcber eine Gro\u00dfb\u00e4ckerei und wegen vorverurteilender Schm\u00e4hungen des fr\u00fcheren B\u00e4ckereigesch\u00e4ftsf\u00fchrers (Vergleich im Verfahren LG K\u00f6ln 28 O 999\/11). - H\u00d6CKER - der Blog\",\"isPartOf\":{\"@id\":\"https:\/\/www.hoecker.eu\/blog\/#website\"},\"datePublished\":\"2016-05-09T17:33:00+00:00\",\"dateModified\":\"2025-02-17T14:02:07+00:00\",\"breadcrumb\":{\"@id\":\"https:\/\/www.hoecker.eu\/blog\/niederlage-fuer-guenter-wallraff-unterlassungserklaerung-vor-gericht-wegen-falscher-behauptungen-ueber-eine-grossbaeckerei-und-wegen-vorverurteilender-schmaehungen-des-frueheren-baeckereigeschaeftsfu\/#breadcrumb\"},\"inLanguage\":\"de\",\"potentialAction\":[{\"@type\":\"ReadAction\",\"target\":[\"https:\/\/www.hoecker.eu\/blog\/niederlage-fuer-guenter-wallraff-unterlassungserklaerung-vor-gericht-wegen-falscher-behauptungen-ueber-eine-grossbaeckerei-und-wegen-vorverurteilender-schmaehungen-des-frueheren-baeckereigeschaeftsfu\/\"]}]},{\"@type\":\"BreadcrumbList\",\"@id\":\"https:\/\/www.hoecker.eu\/blog\/niederlage-fuer-guenter-wallraff-unterlassungserklaerung-vor-gericht-wegen-falscher-behauptungen-ueber-eine-grossbaeckerei-und-wegen-vorverurteilender-schmaehungen-des-frueheren-baeckereigeschaeftsfu\/#breadcrumb\",\"itemListElement\":[{\"@type\":\"ListItem\",\"position\":1,\"name\":\"Startseite\",\"item\":\"https:\/\/dev.hoecker.eu\/blog\/\"},{\"@type\":\"ListItem\",\"position\":2,\"name\":\"Niederlage f\u00fcr G\u00dcNTER WALLRAFF: Unterlassungserkl\u00e4rung vor Gericht wegen falscher Behauptungen \u00fcber eine Gro\u00dfb\u00e4ckerei und wegen vorverurteilender Schm\u00e4hungen des fr\u00fcheren B\u00e4ckereigesch\u00e4ftsf\u00fchrers (Vergleich im Verfahren LG K\u00f6ln 28 O 999\/11).\"}]},{\"@type\":\"WebSite\",\"@id\":\"https:\/\/www.hoecker.eu\/blog\/#website\",\"url\":\"https:\/\/www.hoecker.eu\/blog\/\",\"name\":\"H\u00d6CKER - der Blog\",\"description\":\"Expertenblog f\u00fcr \u00c4u\u00dferungs-, Medien-, Marken-, Urheber- und Wettbewerbsrecht.\",\"publisher\":{\"@id\":\"https:\/\/www.hoecker.eu\/blog\/#organization\"},\"potentialAction\":[{\"@type\":\"SearchAction\",\"target\":{\"@type\":\"EntryPoint\",\"urlTemplate\":\"https:\/\/www.hoecker.eu\/blog\/?s={search_term_string}\"},\"query-input\":{\"@type\":\"PropertyValueSpecification\",\"valueRequired\":true,\"valueName\":\"search_term_string\"}}],\"inLanguage\":\"de\"},{\"@type\":\"Organization\",\"@id\":\"https:\/\/www.hoecker.eu\/blog\/#organization\",\"name\":\"H\u00d6CKER Rechtsanw\u00e4lte PartGmbB\",\"alternateName\":\"H\u00d6CKER\",\"url\":\"https:\/\/www.hoecker.eu\/blog\/\",\"logo\":{\"@type\":\"ImageObject\",\"inLanguage\":\"de\",\"@id\":\"https:\/\/www.hoecker.eu\/blog\/#\/schema\/logo\/image\/\",\"url\":\"https:\/\/www.hoecker.eu\/blog\/wp-content\/uploads\/2025\/03\/Blog-Logo.webp\",\"contentUrl\":\"https:\/\/www.hoecker.eu\/blog\/wp-content\/uploads\/2025\/03\/Blog-Logo.webp\",\"width\":500,\"height\":500,\"caption\":\"H\u00d6CKER Rechtsanw\u00e4lte PartGmbB\"},\"image\":{\"@id\":\"https:\/\/www.hoecker.eu\/blog\/#\/schema\/logo\/image\/\"},\"sameAs\":[\"https:\/\/www.facebook.com\/HoeckerRAe\/\",\"https:\/\/x.com\/hoecker_rae\",\"https:\/\/www.linkedin.com\/company\/hcker-rechtsanwlte\/\",\"https:\/\/www.instagram.com\/hoecker_rae\/\"],\"email\":\"contact@hoecker.eu\",\"telephone\":\"+ 49 (0)221-933 19-10\",\"legalName\":\"H\u00d6CKER Rechtsanw\u00e4lte PartGmbB\",\"numberOfEmployees\":{\"@type\":\"QuantitativeValue\",\"minValue\":\"11\",\"maxValue\":\"50\"}},{\"@type\":\"Person\",\"@id\":\"https:\/\/www.hoecker.eu\/blog\/#\/schema\/person\/08f95581eed0534eccd0b2438f7a1cab\",\"name\":\"Prof. Dr. Ralf H\u00f6cker\",\"description\":\"Medienanwalt. Besch\u00fctzer vor mieser Presse\",\"sameAs\":[\"https:\/\/www.hoecker.eu\/wer\/prof-dr-ralf-hoecker\",\"https:\/\/www.facebook.com\/ralf.hoecker\",\"https:\/\/www.linkedin.com\/in\/prof-dr-ralf-hcker-ll-m-london-17987826\/\",\"https:\/\/x.com\/Ralf_Hoecker\"],\"url\":\"https:\/\/www.hoecker.eu\/blog\/author\/hoecker_adm\/\"}]}<\/script>\n<!-- \/ Yoast SEO Premium plugin. -->","yoast_head_json":{"title":"Niederlage f\u00fcr G\u00dcNTER WALLRAFF: Unterlassungserkl\u00e4rung vor Gericht wegen falscher Behauptungen \u00fcber eine Gro\u00dfb\u00e4ckerei und wegen vorverurteilender Schm\u00e4hungen des fr\u00fcheren B\u00e4ckereigesch\u00e4ftsf\u00fchrers (Vergleich im Verfahren LG K\u00f6ln 28 O 999\/11). - H\u00d6CKER - der Blog","robots":{"index":"index","follow":"follow","max-snippet":"max-snippet:-1","max-image-preview":"max-image-preview:large","max-video-preview":"max-video-preview:-1"},"canonical":"https:\/\/www.hoecker.eu\/blog\/niederlage-fuer-guenter-wallraff-unterlassungserklaerung-vor-gericht-wegen-falscher-behauptungen-ueber-eine-grossbaeckerei-und-wegen-vorverurteilender-schmaehungen-des-frueheren-baeckereigeschaeftsfu\/","og_locale":"de_DE","og_type":"article","og_title":"Niederlage f\u00fcr G\u00dcNTER WALLRAFF: Unterlassungserkl\u00e4rung vor Gericht wegen falscher Behauptungen \u00fcber eine Gro\u00dfb\u00e4ckerei und wegen vorverurteilender Schm\u00e4hungen des fr\u00fcheren B\u00e4ckereigesch\u00e4ftsf\u00fchrers (Vergleich im Verfahren LG K\u00f6ln 28 O 999\/11).","og_description":"Terminsbericht zur m\u00fcndlichen Verhandlung im Verfahren 28 O 999\/11 G\u00fcnter Wallraff hatte verdeckt in einer Gro\u00dfb\u00e4ckerei gearbeitet und in einem Buch und mehreren Interviews \u00fcber die Zust\u00e4nde berichtet, die er dort angeblich vorgefunden hatte. Vor allem h\u00e4tten er und seine Kollegen sich in der B\u00e4ckerei an hei\u00dfen Blechen verbrannt. H\u00d6CKER vertrat im Verfahren die Interessen [&hellip;]","og_url":"https:\/\/www.hoecker.eu\/blog\/niederlage-fuer-guenter-wallraff-unterlassungserklaerung-vor-gericht-wegen-falscher-behauptungen-ueber-eine-grossbaeckerei-und-wegen-vorverurteilender-schmaehungen-des-frueheren-baeckereigeschaeftsfu\/","og_site_name":"H\u00d6CKER - der Blog","article_publisher":"https:\/\/www.facebook.com\/HoeckerRAe\/","article_author":"https:\/\/www.facebook.com\/ralf.hoecker","article_published_time":"2016-05-09T17:33:00+00:00","article_modified_time":"2025-02-17T14:02:07+00:00","author":"Prof. Dr. Ralf H\u00f6cker","twitter_card":"summary_large_image","twitter_creator":"@Ralf_Hoecker","twitter_site":"@hoecker_rae","twitter_misc":{"Verfasst von":"Prof. Dr. Ralf H\u00f6cker","Gesch\u00e4tzte Lesezeit":"6\u00a0Minuten"},"schema":{"@context":"https:\/\/schema.org","@graph":[{"@type":"Article","@id":"https:\/\/www.hoecker.eu\/blog\/niederlage-fuer-guenter-wallraff-unterlassungserklaerung-vor-gericht-wegen-falscher-behauptungen-ueber-eine-grossbaeckerei-und-wegen-vorverurteilender-schmaehungen-des-frueheren-baeckereigeschaeftsfu\/#article","isPartOf":{"@id":"https:\/\/www.hoecker.eu\/blog\/niederlage-fuer-guenter-wallraff-unterlassungserklaerung-vor-gericht-wegen-falscher-behauptungen-ueber-eine-grossbaeckerei-und-wegen-vorverurteilender-schmaehungen-des-frueheren-baeckereigeschaeftsfu\/"},"author":{"name":"Prof. Dr. Ralf H\u00f6cker","@id":"https:\/\/www.hoecker.eu\/blog\/#\/schema\/person\/08f95581eed0534eccd0b2438f7a1cab"},"headline":"Niederlage f\u00fcr G\u00dcNTER WALLRAFF: Unterlassungserkl\u00e4rung vor Gericht wegen falscher Behauptungen \u00fcber eine Gro\u00dfb\u00e4ckerei und wegen vorverurteilender Schm\u00e4hungen des fr\u00fcheren B\u00e4ckereigesch\u00e4ftsf\u00fchrers (Vergleich im Verfahren LG K\u00f6ln 28 O 999\/11).","datePublished":"2016-05-09T17:33:00+00:00","dateModified":"2025-02-17T14:02:07+00:00","mainEntityOfPage":{"@id":"https:\/\/www.hoecker.eu\/blog\/niederlage-fuer-guenter-wallraff-unterlassungserklaerung-vor-gericht-wegen-falscher-behauptungen-ueber-eine-grossbaeckerei-und-wegen-vorverurteilender-schmaehungen-des-frueheren-baeckereigeschaeftsfu\/"},"wordCount":1259,"publisher":{"@id":"https:\/\/www.hoecker.eu\/blog\/#organization"},"articleSection":["News"],"inLanguage":"de"},{"@type":"WebPage","@id":"https:\/\/www.hoecker.eu\/blog\/niederlage-fuer-guenter-wallraff-unterlassungserklaerung-vor-gericht-wegen-falscher-behauptungen-ueber-eine-grossbaeckerei-und-wegen-vorverurteilender-schmaehungen-des-frueheren-baeckereigeschaeftsfu\/","url":"https:\/\/www.hoecker.eu\/blog\/niederlage-fuer-guenter-wallraff-unterlassungserklaerung-vor-gericht-wegen-falscher-behauptungen-ueber-eine-grossbaeckerei-und-wegen-vorverurteilender-schmaehungen-des-frueheren-baeckereigeschaeftsfu\/","name":"Niederlage f\u00fcr G\u00dcNTER WALLRAFF: Unterlassungserkl\u00e4rung vor Gericht wegen falscher Behauptungen \u00fcber eine Gro\u00dfb\u00e4ckerei und wegen vorverurteilender Schm\u00e4hungen des fr\u00fcheren B\u00e4ckereigesch\u00e4ftsf\u00fchrers (Vergleich im Verfahren LG K\u00f6ln 28 O 999\/11). - H\u00d6CKER - der Blog","isPartOf":{"@id":"https:\/\/www.hoecker.eu\/blog\/#website"},"datePublished":"2016-05-09T17:33:00+00:00","dateModified":"2025-02-17T14:02:07+00:00","breadcrumb":{"@id":"https:\/\/www.hoecker.eu\/blog\/niederlage-fuer-guenter-wallraff-unterlassungserklaerung-vor-gericht-wegen-falscher-behauptungen-ueber-eine-grossbaeckerei-und-wegen-vorverurteilender-schmaehungen-des-frueheren-baeckereigeschaeftsfu\/#breadcrumb"},"inLanguage":"de","potentialAction":[{"@type":"ReadAction","target":["https:\/\/www.hoecker.eu\/blog\/niederlage-fuer-guenter-wallraff-unterlassungserklaerung-vor-gericht-wegen-falscher-behauptungen-ueber-eine-grossbaeckerei-und-wegen-vorverurteilender-schmaehungen-des-frueheren-baeckereigeschaeftsfu\/"]}]},{"@type":"BreadcrumbList","@id":"https:\/\/www.hoecker.eu\/blog\/niederlage-fuer-guenter-wallraff-unterlassungserklaerung-vor-gericht-wegen-falscher-behauptungen-ueber-eine-grossbaeckerei-und-wegen-vorverurteilender-schmaehungen-des-frueheren-baeckereigeschaeftsfu\/#breadcrumb","itemListElement":[{"@type":"ListItem","position":1,"name":"Startseite","item":"https:\/\/dev.hoecker.eu\/blog\/"},{"@type":"ListItem","position":2,"name":"Niederlage f\u00fcr G\u00dcNTER WALLRAFF: Unterlassungserkl\u00e4rung vor Gericht wegen falscher Behauptungen \u00fcber eine Gro\u00dfb\u00e4ckerei und wegen vorverurteilender Schm\u00e4hungen des fr\u00fcheren B\u00e4ckereigesch\u00e4ftsf\u00fchrers (Vergleich im Verfahren LG K\u00f6ln 28 O 999\/11)."}]},{"@type":"WebSite","@id":"https:\/\/www.hoecker.eu\/blog\/#website","url":"https:\/\/www.hoecker.eu\/blog\/","name":"H\u00d6CKER - der Blog","description":"Expertenblog f\u00fcr \u00c4u\u00dferungs-, Medien-, Marken-, Urheber- und Wettbewerbsrecht.","publisher":{"@id":"https:\/\/www.hoecker.eu\/blog\/#organization"},"potentialAction":[{"@type":"SearchAction","target":{"@type":"EntryPoint","urlTemplate":"https:\/\/www.hoecker.eu\/blog\/?s={search_term_string}"},"query-input":{"@type":"PropertyValueSpecification","valueRequired":true,"valueName":"search_term_string"}}],"inLanguage":"de"},{"@type":"Organization","@id":"https:\/\/www.hoecker.eu\/blog\/#organization","name":"H\u00d6CKER Rechtsanw\u00e4lte PartGmbB","alternateName":"H\u00d6CKER","url":"https:\/\/www.hoecker.eu\/blog\/","logo":{"@type":"ImageObject","inLanguage":"de","@id":"https:\/\/www.hoecker.eu\/blog\/#\/schema\/logo\/image\/","url":"https:\/\/www.hoecker.eu\/blog\/wp-content\/uploads\/2025\/03\/Blog-Logo.webp","contentUrl":"https:\/\/www.hoecker.eu\/blog\/wp-content\/uploads\/2025\/03\/Blog-Logo.webp","width":500,"height":500,"caption":"H\u00d6CKER Rechtsanw\u00e4lte PartGmbB"},"image":{"@id":"https:\/\/www.hoecker.eu\/blog\/#\/schema\/logo\/image\/"},"sameAs":["https:\/\/www.facebook.com\/HoeckerRAe\/","https:\/\/x.com\/hoecker_rae","https:\/\/www.linkedin.com\/company\/hcker-rechtsanwlte\/","https:\/\/www.instagram.com\/hoecker_rae\/"],"email":"contact@hoecker.eu","telephone":"+ 49 (0)221-933 19-10","legalName":"H\u00d6CKER Rechtsanw\u00e4lte PartGmbB","numberOfEmployees":{"@type":"QuantitativeValue","minValue":"11","maxValue":"50"}},{"@type":"Person","@id":"https:\/\/www.hoecker.eu\/blog\/#\/schema\/person\/08f95581eed0534eccd0b2438f7a1cab","name":"Prof. Dr. Ralf H\u00f6cker","description":"Medienanwalt. Besch\u00fctzer vor mieser Presse","sameAs":["https:\/\/www.hoecker.eu\/wer\/prof-dr-ralf-hoecker","https:\/\/www.facebook.com\/ralf.hoecker","https:\/\/www.linkedin.com\/in\/prof-dr-ralf-hcker-ll-m-london-17987826\/","https:\/\/x.com\/Ralf_Hoecker"],"url":"https:\/\/www.hoecker.eu\/blog\/author\/hoecker_adm\/"}]}},"authors":[{"term_id":84,"user_id":1,"is_guest":0,"slug":"hoecker_adm","display_name":"Prof. Dr. Ralf H\u00f6cker","avatar_url":{"url":"https:\/\/www.hoecker.eu\/blog\/wp-content\/uploads\/2023\/12\/ProfDrRalfHoecker.jpg","url2x":"https:\/\/www.hoecker.eu\/blog\/wp-content\/uploads\/2023\/12\/ProfDrRalfHoecker.jpg"},"0":null,"1":"","2":"","3":"","4":"","5":"","6":"","7":"","8":"","9":"","10":"","11":""}],"_links":{"self":[{"href":"https:\/\/www.hoecker.eu\/blog\/wp-json\/wp\/v2\/posts\/8682","targetHints":{"allow":["GET"]}}],"collection":[{"href":"https:\/\/www.hoecker.eu\/blog\/wp-json\/wp\/v2\/posts"}],"about":[{"href":"https:\/\/www.hoecker.eu\/blog\/wp-json\/wp\/v2\/types\/post"}],"author":[{"embeddable":true,"href":"https:\/\/www.hoecker.eu\/blog\/wp-json\/wp\/v2\/users\/1"}],"replies":[{"embeddable":true,"href":"https:\/\/www.hoecker.eu\/blog\/wp-json\/wp\/v2\/comments?post=8682"}],"version-history":[{"count":1,"href":"https:\/\/www.hoecker.eu\/blog\/wp-json\/wp\/v2\/posts\/8682\/revisions"}],"predecessor-version":[{"id":9804,"href":"https:\/\/www.hoecker.eu\/blog\/wp-json\/wp\/v2\/posts\/8682\/revisions\/9804"}],"wp:attachment":[{"href":"https:\/\/www.hoecker.eu\/blog\/wp-json\/wp\/v2\/media?parent=8682"}],"wp:term":[{"taxonomy":"category","embeddable":true,"href":"https:\/\/www.hoecker.eu\/blog\/wp-json\/wp\/v2\/categories?post=8682"},{"taxonomy":"post_tag","embeddable":true,"href":"https:\/\/www.hoecker.eu\/blog\/wp-json\/wp\/v2\/tags?post=8682"},{"taxonomy":"hashtags","embeddable":true,"href":"https:\/\/www.hoecker.eu\/blog\/wp-json\/wp\/v2\/hashtags?post=8682"},{"taxonomy":"author","embeddable":true,"href":"https:\/\/www.hoecker.eu\/blog\/wp-json\/wp\/v2\/ppma_author?post=8682"}],"curies":[{"name":"wp","href":"https:\/\/api.w.org\/{rel}","templated":true}]}}