{"id":8675,"date":"2016-05-09T19:37:50","date_gmt":"2016-05-09T17:37:50","guid":{"rendered":"https:\/\/www.hoecker.eu\/blog\/die-fuenfte-gewalt-prof-hoecker-wird-kolumnist-bei-vocer\/"},"modified":"2025-02-17T15:00:40","modified_gmt":"2025-02-17T14:00:40","slug":"die-fuenfte-gewalt-prof-hoecker-wird-kolumnist-bei-vocer","status":"publish","type":"post","link":"https:\/\/www.hoecker.eu\/blog\/die-fuenfte-gewalt-prof-hoecker-wird-kolumnist-bei-vocer\/","title":{"rendered":"&#8220;Die f\u00fcnfte Gewalt&#8221;: Prof. H\u00f6cker wird Kolumnist bei VOCER."},"content":{"rendered":"<p class=\"flies\">Prof. Dr. Ralf H&ouml;cker&nbsp;ist seit heute&nbsp;Autor bei VOCER. In seiner Kolumne &#8220;Die f&uuml;nfte Gewalt&#8221; setzt er sich kritisch mit journalistischen Grenz&uuml;berschreitungen auseinander. Der erste Beitrag ging heute online. Er besch&auml;ftigt sich mit der Rolle der Journalisten in den F&auml;llen Kachelmann und Wulff. Sie finden&nbsp;den Artikel&nbsp;<a href=\"http:\/\/www.vocer.org\/de\/kolumne\/do\/detail\/id\/5\/fuenfte-gewalt..html\">hier<\/a>.<\/p>\n<p class=\"flies\">&Uuml;ber VOCER:<\/p>\n<p class=\"flies\"><strong>Medien.Kritik.Debatte. <\/strong>&#8211; So lautet der Slogan des unabh&auml;ngigen Debattenforums und Think Tanks zur Medienkritik mit Sitz in Hamburg und M&uuml;nchen. VOCER (sprich: [\u00cb\u02c6vo\u00cbk\u00c9\u2122r]) ist das erste journalistische Internet-Projekt in Deutschland, das sich ausschlie&szlig;lich &uuml;ber Stiftungsgelder und Spenden finanziert. Es wird herausgegeben vom gemeinn&uuml;tzigen Verein f&uuml;r Medien- und <span class=\"flies\">Journalismuskritik (VfMJ), der sich f&uuml;r Vernetzung von Medienkritik und journalistische Nachwuchsf&ouml;rderung engagiert.<\/span><\/p>\n<p class=\"flies\">Thematisch begleitet VOCER den aktuellen <strong>Medienumbruch <\/strong>und analysiert die damit verbundenen Folgen f&uuml;r die Gesellschaft: Die Digitalisierung hat neue Akteure, R&auml;ume und Konstellationen hervorgebracht, die auch die Medienkritik vor gro&szlig;e Herausforderungen stellt. Das Non-Profit-Portal versteht sich daher als netzbasiertes Kursbuch f&uuml;r die Mediengesellschaft, das kontroverse Debatten &uuml;ber den digitalen Strukturwandel der &Ouml;ffentlichkeit anst&ouml;&szlig;t, reflektiert und moderiert.<\/p>\n<p><span class=\"flies\">Anders als im schnelllebigen journalistischen Tagesgesch&auml;ft gibt VOCER bewusst <strong>l&auml;ngeren Formen<\/strong> Raum und Zeit. Die Redaktion legt dabei gro&szlig;en Wert auf Analyse und Meinung, Dialogbereitschaft und Nutzerorientierung, Internationalit&auml;t und Vernetzung, aber vor allem auf hohe Anspr&uuml;che an die Qualit&auml;t der Inhalte von VOCER, um bewusst einen Kontrast zur kurzatmigen Medienwelt zu schaffen. Geb&uuml;ndelt in Themenschwerpunkten &#8211; so genannten <\/span><a class=\"flies\" href=\"..\/de\/dossier.html\">&#8220;Dossiers&#8221;<\/a><span class=\"flies\"> &#8211; ver&ouml;ffentlicht VOCER meinungsstarke, aber auch medienphilosophische Texte, Bildstrecken und Videos.<\/span><\/p>\n<p class=\"flies\">VOCER ist ein Forum f&uuml;r Medienkritik, in dem <strong>namhafte Autoren<\/strong> aus Journalismus und Medienpolitik, Medien- und Kommunikationswissenschaft, Kunst und Kultur zu Wort kommen. Zu den aktiven Beitr&auml;gern geh&ouml;ren bisher unter anderem &#8220;S&uuml;ddeutsche.de&#8221;-Chef Stefan Pl&ouml;chinger, SPD-Medienpolitiker Marc Jan Eumann, der Leiter der Deutschen Journalistenschule J&ouml;rg Sadrozinski, &#8220;Zeit Online&#8221;-Chef Wolfgang Blau, die Direktorin der Schweizer Journalistenschule MAZ Sylvia Egli von Matt, &#8220;Spiegel Online&#8221;-Ressortleiter Christian St&ouml;cker und &#8220;jetzt.de&#8221;-Redaktionsleiter Dirk von Gehlen. VOCER-Kolumnisten sind: Christoph L&uuml;tgert (ehem. NDR-Chefreporter), Stephan Ru&szlig;-Mohl (Kommunikationswissenschaftler, Universit&auml;t Lugano), Katrin Schuster (Medienkritikerin), Johannes Kram (Autor und Marketing-Experte) sowie die beiden Herausgeber Ulrike Langer und Stephan Weichert.<\/p>\n<p class=\"flies\"><span class=\"flies\">Quelle: <\/span><a class=\"flies\" href=\"http:\/\/www.vocer.org\">www.vocer.org<\/a><\/p>\n","protected":false},"excerpt":{"rendered":"<p>Prof. Dr. Ralf H&ouml;cker&nbsp;ist seit heute&nbsp;Autor bei VOCER. In seiner Kolumne &#8220;Die f&uuml;nfte Gewalt&#8221; setzt er sich kritisch mit journalistischen Grenz&uuml;berschreitungen auseinander. Der erste Beitrag ging heute online. Er besch&auml;ftigt sich mit der Rolle der Journalisten in den F&auml;llen Kachelmann und Wulff. Sie finden&nbsp;den Artikel&nbsp;hier. &Uuml;ber VOCER: Medien.Kritik.Debatte. &#8211; So lautet der Slogan des unabh&auml;ngigen [&hellip;]<\/p>\n","protected":false},"author":1,"featured_media":0,"comment_status":"closed","ping_status":"closed","sticky":false,"template":"","format":"standard","meta":{"_has_post_settings":[],"footnotes":""},"categories":[15],"tags":[],"hashtags":[],"ppma_author":[84],"class_list":["post-8675","post","type-post","status-publish","format-standard","hentry","category-news","author-hoecker_adm"],"yoast_head":"<!-- This site is optimized with the Yoast SEO Premium plugin v25.9 (Yoast SEO v27.0) - https:\/\/yoast.com\/product\/yoast-seo-premium-wordpress\/ -->\n<title>&quot;Die f\u00fcnfte Gewalt&quot;: Prof. H\u00f6cker wird Kolumnist bei VOCER. - H\u00d6CKER - der Blog<\/title>\n<meta name=\"robots\" content=\"index, follow, max-snippet:-1, max-image-preview:large, max-video-preview:-1\" \/>\n<link rel=\"canonical\" href=\"https:\/\/www.hoecker.eu\/blog\/die-fuenfte-gewalt-prof-hoecker-wird-kolumnist-bei-vocer\/\" \/>\n<meta property=\"og:locale\" content=\"de_DE\" \/>\n<meta property=\"og:type\" content=\"article\" \/>\n<meta property=\"og:title\" content=\"&quot;Die f\u00fcnfte Gewalt&quot;: Prof. H\u00f6cker wird Kolumnist bei VOCER.\" \/>\n<meta property=\"og:description\" content=\"Prof. Dr. Ralf H&ouml;cker&nbsp;ist seit heute&nbsp;Autor bei VOCER. In seiner Kolumne &#8220;Die f&uuml;nfte Gewalt&#8221; setzt er sich kritisch mit journalistischen Grenz&uuml;berschreitungen auseinander. Der erste Beitrag ging heute online. Er besch&auml;ftigt sich mit der Rolle der Journalisten in den F&auml;llen Kachelmann und Wulff. Sie finden&nbsp;den Artikel&nbsp;hier. &Uuml;ber VOCER: Medien.Kritik.Debatte. &#8211; So lautet der Slogan des unabh&auml;ngigen [&hellip;]\" \/>\n<meta property=\"og:url\" content=\"https:\/\/www.hoecker.eu\/blog\/die-fuenfte-gewalt-prof-hoecker-wird-kolumnist-bei-vocer\/\" \/>\n<meta property=\"og:site_name\" content=\"H\u00d6CKER - der Blog\" \/>\n<meta property=\"article:publisher\" content=\"https:\/\/www.facebook.com\/HoeckerRAe\/\" \/>\n<meta property=\"article:author\" content=\"https:\/\/www.facebook.com\/ralf.hoecker\" \/>\n<meta property=\"article:published_time\" content=\"2016-05-09T17:37:50+00:00\" \/>\n<meta property=\"article:modified_time\" content=\"2025-02-17T14:00:40+00:00\" \/>\n<meta name=\"author\" content=\"Prof. Dr. Ralf H\u00f6cker\" \/>\n<meta name=\"twitter:card\" content=\"summary_large_image\" \/>\n<meta name=\"twitter:creator\" content=\"@Ralf_Hoecker\" \/>\n<meta name=\"twitter:site\" content=\"@hoecker_rae\" \/>\n<meta name=\"twitter:label1\" content=\"Verfasst von\" \/>\n\t<meta name=\"twitter:data1\" content=\"Prof. Dr. Ralf H\u00f6cker\" \/>\n\t<meta name=\"twitter:label2\" content=\"Gesch\u00e4tzte Lesezeit\" \/>\n\t<meta name=\"twitter:data2\" content=\"2\u00a0Minuten\" \/>\n<script type=\"application\/ld+json\" class=\"yoast-schema-graph\">{\"@context\":\"https:\/\/schema.org\",\"@graph\":[{\"@type\":\"Article\",\"@id\":\"https:\/\/www.hoecker.eu\/blog\/die-fuenfte-gewalt-prof-hoecker-wird-kolumnist-bei-vocer\/#article\",\"isPartOf\":{\"@id\":\"https:\/\/www.hoecker.eu\/blog\/die-fuenfte-gewalt-prof-hoecker-wird-kolumnist-bei-vocer\/\"},\"author\":{\"name\":\"Prof. Dr. Ralf H\u00f6cker\",\"@id\":\"https:\/\/www.hoecker.eu\/blog\/#\/schema\/person\/08f95581eed0534eccd0b2438f7a1cab\"},\"headline\":\"&#8220;Die f\u00fcnfte Gewalt&#8221;: Prof. H\u00f6cker wird Kolumnist bei VOCER.\",\"datePublished\":\"2016-05-09T17:37:50+00:00\",\"dateModified\":\"2025-02-17T14:00:40+00:00\",\"mainEntityOfPage\":{\"@id\":\"https:\/\/www.hoecker.eu\/blog\/die-fuenfte-gewalt-prof-hoecker-wird-kolumnist-bei-vocer\/\"},\"wordCount\":436,\"publisher\":{\"@id\":\"https:\/\/www.hoecker.eu\/blog\/#organization\"},\"articleSection\":[\"News\"],\"inLanguage\":\"de\"},{\"@type\":\"WebPage\",\"@id\":\"https:\/\/www.hoecker.eu\/blog\/die-fuenfte-gewalt-prof-hoecker-wird-kolumnist-bei-vocer\/\",\"url\":\"https:\/\/www.hoecker.eu\/blog\/die-fuenfte-gewalt-prof-hoecker-wird-kolumnist-bei-vocer\/\",\"name\":\"\\\"Die f\u00fcnfte Gewalt\\\": Prof. H\u00f6cker wird Kolumnist bei VOCER. - H\u00d6CKER - der Blog\",\"isPartOf\":{\"@id\":\"https:\/\/www.hoecker.eu\/blog\/#website\"},\"datePublished\":\"2016-05-09T17:37:50+00:00\",\"dateModified\":\"2025-02-17T14:00:40+00:00\",\"breadcrumb\":{\"@id\":\"https:\/\/www.hoecker.eu\/blog\/die-fuenfte-gewalt-prof-hoecker-wird-kolumnist-bei-vocer\/#breadcrumb\"},\"inLanguage\":\"de\",\"potentialAction\":[{\"@type\":\"ReadAction\",\"target\":[\"https:\/\/www.hoecker.eu\/blog\/die-fuenfte-gewalt-prof-hoecker-wird-kolumnist-bei-vocer\/\"]}]},{\"@type\":\"BreadcrumbList\",\"@id\":\"https:\/\/www.hoecker.eu\/blog\/die-fuenfte-gewalt-prof-hoecker-wird-kolumnist-bei-vocer\/#breadcrumb\",\"itemListElement\":[{\"@type\":\"ListItem\",\"position\":1,\"name\":\"Startseite\",\"item\":\"https:\/\/dev.hoecker.eu\/blog\/\"},{\"@type\":\"ListItem\",\"position\":2,\"name\":\"&#8220;Die f\u00fcnfte Gewalt&#8221;: Prof. H\u00f6cker wird Kolumnist bei VOCER.\"}]},{\"@type\":\"WebSite\",\"@id\":\"https:\/\/www.hoecker.eu\/blog\/#website\",\"url\":\"https:\/\/www.hoecker.eu\/blog\/\",\"name\":\"H\u00d6CKER - der Blog\",\"description\":\"Expertenblog f\u00fcr \u00c4u\u00dferungs-, Medien-, Marken-, Urheber- und Wettbewerbsrecht.\",\"publisher\":{\"@id\":\"https:\/\/www.hoecker.eu\/blog\/#organization\"},\"potentialAction\":[{\"@type\":\"SearchAction\",\"target\":{\"@type\":\"EntryPoint\",\"urlTemplate\":\"https:\/\/www.hoecker.eu\/blog\/?s={search_term_string}\"},\"query-input\":{\"@type\":\"PropertyValueSpecification\",\"valueRequired\":true,\"valueName\":\"search_term_string\"}}],\"inLanguage\":\"de\"},{\"@type\":\"Organization\",\"@id\":\"https:\/\/www.hoecker.eu\/blog\/#organization\",\"name\":\"H\u00d6CKER Rechtsanw\u00e4lte PartGmbB\",\"alternateName\":\"H\u00d6CKER\",\"url\":\"https:\/\/www.hoecker.eu\/blog\/\",\"logo\":{\"@type\":\"ImageObject\",\"inLanguage\":\"de\",\"@id\":\"https:\/\/www.hoecker.eu\/blog\/#\/schema\/logo\/image\/\",\"url\":\"https:\/\/www.hoecker.eu\/blog\/wp-content\/uploads\/2025\/03\/Blog-Logo.webp\",\"contentUrl\":\"https:\/\/www.hoecker.eu\/blog\/wp-content\/uploads\/2025\/03\/Blog-Logo.webp\",\"width\":500,\"height\":500,\"caption\":\"H\u00d6CKER Rechtsanw\u00e4lte PartGmbB\"},\"image\":{\"@id\":\"https:\/\/www.hoecker.eu\/blog\/#\/schema\/logo\/image\/\"},\"sameAs\":[\"https:\/\/www.facebook.com\/HoeckerRAe\/\",\"https:\/\/x.com\/hoecker_rae\",\"https:\/\/www.linkedin.com\/company\/hcker-rechtsanwlte\/\",\"https:\/\/www.instagram.com\/hoecker_rae\/\"],\"email\":\"contact@hoecker.eu\",\"telephone\":\"+ 49 (0)221-933 19-10\",\"legalName\":\"H\u00d6CKER Rechtsanw\u00e4lte PartGmbB\",\"numberOfEmployees\":{\"@type\":\"QuantitativeValue\",\"minValue\":\"11\",\"maxValue\":\"50\"}},{\"@type\":\"Person\",\"@id\":\"https:\/\/www.hoecker.eu\/blog\/#\/schema\/person\/08f95581eed0534eccd0b2438f7a1cab\",\"name\":\"Prof. Dr. Ralf H\u00f6cker\",\"description\":\"Medienanwalt. Besch\u00fctzer vor mieser Presse\",\"sameAs\":[\"https:\/\/www.hoecker.eu\/wer\/prof-dr-ralf-hoecker\",\"https:\/\/www.facebook.com\/ralf.hoecker\",\"https:\/\/www.linkedin.com\/in\/prof-dr-ralf-hcker-ll-m-london-17987826\/\",\"https:\/\/x.com\/Ralf_Hoecker\"],\"url\":\"https:\/\/www.hoecker.eu\/blog\/author\/hoecker_adm\/\"}]}<\/script>\n<!-- \/ Yoast SEO Premium plugin. -->","yoast_head_json":{"title":"\"Die f\u00fcnfte Gewalt\": Prof. H\u00f6cker wird Kolumnist bei VOCER. - H\u00d6CKER - der Blog","robots":{"index":"index","follow":"follow","max-snippet":"max-snippet:-1","max-image-preview":"max-image-preview:large","max-video-preview":"max-video-preview:-1"},"canonical":"https:\/\/www.hoecker.eu\/blog\/die-fuenfte-gewalt-prof-hoecker-wird-kolumnist-bei-vocer\/","og_locale":"de_DE","og_type":"article","og_title":"\"Die f\u00fcnfte Gewalt\": Prof. H\u00f6cker wird Kolumnist bei VOCER.","og_description":"Prof. Dr. Ralf H&ouml;cker&nbsp;ist seit heute&nbsp;Autor bei VOCER. In seiner Kolumne &#8220;Die f&uuml;nfte Gewalt&#8221; setzt er sich kritisch mit journalistischen Grenz&uuml;berschreitungen auseinander. Der erste Beitrag ging heute online. Er besch&auml;ftigt sich mit der Rolle der Journalisten in den F&auml;llen Kachelmann und Wulff. Sie finden&nbsp;den Artikel&nbsp;hier. &Uuml;ber VOCER: Medien.Kritik.Debatte. &#8211; So lautet der Slogan des unabh&auml;ngigen [&hellip;]","og_url":"https:\/\/www.hoecker.eu\/blog\/die-fuenfte-gewalt-prof-hoecker-wird-kolumnist-bei-vocer\/","og_site_name":"H\u00d6CKER - der Blog","article_publisher":"https:\/\/www.facebook.com\/HoeckerRAe\/","article_author":"https:\/\/www.facebook.com\/ralf.hoecker","article_published_time":"2016-05-09T17:37:50+00:00","article_modified_time":"2025-02-17T14:00:40+00:00","author":"Prof. Dr. Ralf H\u00f6cker","twitter_card":"summary_large_image","twitter_creator":"@Ralf_Hoecker","twitter_site":"@hoecker_rae","twitter_misc":{"Verfasst von":"Prof. Dr. Ralf H\u00f6cker","Gesch\u00e4tzte Lesezeit":"2\u00a0Minuten"},"schema":{"@context":"https:\/\/schema.org","@graph":[{"@type":"Article","@id":"https:\/\/www.hoecker.eu\/blog\/die-fuenfte-gewalt-prof-hoecker-wird-kolumnist-bei-vocer\/#article","isPartOf":{"@id":"https:\/\/www.hoecker.eu\/blog\/die-fuenfte-gewalt-prof-hoecker-wird-kolumnist-bei-vocer\/"},"author":{"name":"Prof. Dr. Ralf H\u00f6cker","@id":"https:\/\/www.hoecker.eu\/blog\/#\/schema\/person\/08f95581eed0534eccd0b2438f7a1cab"},"headline":"&#8220;Die f\u00fcnfte Gewalt&#8221;: Prof. H\u00f6cker wird Kolumnist bei VOCER.","datePublished":"2016-05-09T17:37:50+00:00","dateModified":"2025-02-17T14:00:40+00:00","mainEntityOfPage":{"@id":"https:\/\/www.hoecker.eu\/blog\/die-fuenfte-gewalt-prof-hoecker-wird-kolumnist-bei-vocer\/"},"wordCount":436,"publisher":{"@id":"https:\/\/www.hoecker.eu\/blog\/#organization"},"articleSection":["News"],"inLanguage":"de"},{"@type":"WebPage","@id":"https:\/\/www.hoecker.eu\/blog\/die-fuenfte-gewalt-prof-hoecker-wird-kolumnist-bei-vocer\/","url":"https:\/\/www.hoecker.eu\/blog\/die-fuenfte-gewalt-prof-hoecker-wird-kolumnist-bei-vocer\/","name":"\"Die f\u00fcnfte Gewalt\": Prof. H\u00f6cker wird Kolumnist bei VOCER. - H\u00d6CKER - der Blog","isPartOf":{"@id":"https:\/\/www.hoecker.eu\/blog\/#website"},"datePublished":"2016-05-09T17:37:50+00:00","dateModified":"2025-02-17T14:00:40+00:00","breadcrumb":{"@id":"https:\/\/www.hoecker.eu\/blog\/die-fuenfte-gewalt-prof-hoecker-wird-kolumnist-bei-vocer\/#breadcrumb"},"inLanguage":"de","potentialAction":[{"@type":"ReadAction","target":["https:\/\/www.hoecker.eu\/blog\/die-fuenfte-gewalt-prof-hoecker-wird-kolumnist-bei-vocer\/"]}]},{"@type":"BreadcrumbList","@id":"https:\/\/www.hoecker.eu\/blog\/die-fuenfte-gewalt-prof-hoecker-wird-kolumnist-bei-vocer\/#breadcrumb","itemListElement":[{"@type":"ListItem","position":1,"name":"Startseite","item":"https:\/\/dev.hoecker.eu\/blog\/"},{"@type":"ListItem","position":2,"name":"&#8220;Die f\u00fcnfte Gewalt&#8221;: Prof. H\u00f6cker wird Kolumnist bei VOCER."}]},{"@type":"WebSite","@id":"https:\/\/www.hoecker.eu\/blog\/#website","url":"https:\/\/www.hoecker.eu\/blog\/","name":"H\u00d6CKER - der Blog","description":"Expertenblog f\u00fcr \u00c4u\u00dferungs-, Medien-, Marken-, Urheber- und Wettbewerbsrecht.","publisher":{"@id":"https:\/\/www.hoecker.eu\/blog\/#organization"},"potentialAction":[{"@type":"SearchAction","target":{"@type":"EntryPoint","urlTemplate":"https:\/\/www.hoecker.eu\/blog\/?s={search_term_string}"},"query-input":{"@type":"PropertyValueSpecification","valueRequired":true,"valueName":"search_term_string"}}],"inLanguage":"de"},{"@type":"Organization","@id":"https:\/\/www.hoecker.eu\/blog\/#organization","name":"H\u00d6CKER Rechtsanw\u00e4lte PartGmbB","alternateName":"H\u00d6CKER","url":"https:\/\/www.hoecker.eu\/blog\/","logo":{"@type":"ImageObject","inLanguage":"de","@id":"https:\/\/www.hoecker.eu\/blog\/#\/schema\/logo\/image\/","url":"https:\/\/www.hoecker.eu\/blog\/wp-content\/uploads\/2025\/03\/Blog-Logo.webp","contentUrl":"https:\/\/www.hoecker.eu\/blog\/wp-content\/uploads\/2025\/03\/Blog-Logo.webp","width":500,"height":500,"caption":"H\u00d6CKER Rechtsanw\u00e4lte PartGmbB"},"image":{"@id":"https:\/\/www.hoecker.eu\/blog\/#\/schema\/logo\/image\/"},"sameAs":["https:\/\/www.facebook.com\/HoeckerRAe\/","https:\/\/x.com\/hoecker_rae","https:\/\/www.linkedin.com\/company\/hcker-rechtsanwlte\/","https:\/\/www.instagram.com\/hoecker_rae\/"],"email":"contact@hoecker.eu","telephone":"+ 49 (0)221-933 19-10","legalName":"H\u00d6CKER Rechtsanw\u00e4lte PartGmbB","numberOfEmployees":{"@type":"QuantitativeValue","minValue":"11","maxValue":"50"}},{"@type":"Person","@id":"https:\/\/www.hoecker.eu\/blog\/#\/schema\/person\/08f95581eed0534eccd0b2438f7a1cab","name":"Prof. Dr. Ralf H\u00f6cker","description":"Medienanwalt. Besch\u00fctzer vor mieser Presse","sameAs":["https:\/\/www.hoecker.eu\/wer\/prof-dr-ralf-hoecker","https:\/\/www.facebook.com\/ralf.hoecker","https:\/\/www.linkedin.com\/in\/prof-dr-ralf-hcker-ll-m-london-17987826\/","https:\/\/x.com\/Ralf_Hoecker"],"url":"https:\/\/www.hoecker.eu\/blog\/author\/hoecker_adm\/"}]}},"authors":[{"term_id":84,"user_id":1,"is_guest":0,"slug":"hoecker_adm","display_name":"Prof. Dr. Ralf H\u00f6cker","avatar_url":{"url":"https:\/\/www.hoecker.eu\/blog\/wp-content\/uploads\/2023\/12\/ProfDrRalfHoecker.jpg","url2x":"https:\/\/www.hoecker.eu\/blog\/wp-content\/uploads\/2023\/12\/ProfDrRalfHoecker.jpg"},"0":null,"1":"","2":"","3":"","4":"","5":"","6":"","7":"","8":"","9":"","10":"","11":""}],"_links":{"self":[{"href":"https:\/\/www.hoecker.eu\/blog\/wp-json\/wp\/v2\/posts\/8675","targetHints":{"allow":["GET"]}}],"collection":[{"href":"https:\/\/www.hoecker.eu\/blog\/wp-json\/wp\/v2\/posts"}],"about":[{"href":"https:\/\/www.hoecker.eu\/blog\/wp-json\/wp\/v2\/types\/post"}],"author":[{"embeddable":true,"href":"https:\/\/www.hoecker.eu\/blog\/wp-json\/wp\/v2\/users\/1"}],"replies":[{"embeddable":true,"href":"https:\/\/www.hoecker.eu\/blog\/wp-json\/wp\/v2\/comments?post=8675"}],"version-history":[{"count":1,"href":"https:\/\/www.hoecker.eu\/blog\/wp-json\/wp\/v2\/posts\/8675\/revisions"}],"predecessor-version":[{"id":9797,"href":"https:\/\/www.hoecker.eu\/blog\/wp-json\/wp\/v2\/posts\/8675\/revisions\/9797"}],"wp:attachment":[{"href":"https:\/\/www.hoecker.eu\/blog\/wp-json\/wp\/v2\/media?parent=8675"}],"wp:term":[{"taxonomy":"category","embeddable":true,"href":"https:\/\/www.hoecker.eu\/blog\/wp-json\/wp\/v2\/categories?post=8675"},{"taxonomy":"post_tag","embeddable":true,"href":"https:\/\/www.hoecker.eu\/blog\/wp-json\/wp\/v2\/tags?post=8675"},{"taxonomy":"hashtags","embeddable":true,"href":"https:\/\/www.hoecker.eu\/blog\/wp-json\/wp\/v2\/hashtags?post=8675"},{"taxonomy":"author","embeddable":true,"href":"https:\/\/www.hoecker.eu\/blog\/wp-json\/wp\/v2\/ppma_author?post=8675"}],"curies":[{"name":"wp","href":"https:\/\/api.w.org\/{rel}","templated":true}]}}