{"id":8674,"date":"2016-05-09T19:40:59","date_gmt":"2016-05-09T17:40:59","guid":{"rendered":"https:\/\/www.hoecker.eu\/blog\/nicht-alles-was-in-einer-oeffentlichen-gerichtsverhandlung-geschieht-darf-von-den-medien-berichtet-werden-kachelmann-siegt-mit-hoecker-vor-dem-olg-koeln-gegen-springer\/"},"modified":"2025-02-17T15:00:40","modified_gmt":"2025-02-17T14:00:40","slug":"nicht-alles-was-in-einer-oeffentlichen-gerichtsverhandlung-geschieht-darf-von-den-medien-berichtet-werden-kachelmann-siegt-mit-hoecker-vor-dem-olg-koeln-gegen-springer","status":"publish","type":"post","link":"https:\/\/www.hoecker.eu\/blog\/nicht-alles-was-in-einer-oeffentlichen-gerichtsverhandlung-geschieht-darf-von-den-medien-berichtet-werden-kachelmann-siegt-mit-hoecker-vor-dem-olg-koeln-gegen-springer\/","title":{"rendered":"Nicht alles, was in einer \u00f6ffentlichen Gerichtsverhandlung geschieht, darf von den Medien berichtet werden: Kachelmann siegt mit H\u00d6CKER vor dem OLG K\u00f6ln gegen Springer."},"content":{"rendered":"<p class=\"flies\" align=\"justify\">Die gestrigen Entscheidungen des OLG K&ouml;ln, die wir&nbsp;zur Berichterstattung im Fall Kachelmann erstritten haben (s.u. Ausz&uuml;ge aus der Pressemitteilung des Gerichts), sind heute von einigen Medien kritisiert worden.<\/p>\n<p class=\"flies\" align=\"justify\">So stellt Hans Leyendecker in der <a href=\"http:\/\/www.sueddeutsche.de\/medien\/kachelmann-gewinnt-klage-gegen-medien-im-elend-fuer-den-angeklagten-1.1284118\">S&uuml;ddeutschen<\/a> fest:<\/p>\n<p class=\"flies\" align=\"justify\"><em>&#8220;K&uuml;nftig k&ouml;nnte es f&uuml;r Journalisten riskant sein, aus einer &ouml;ffentlichen Verhandlung zu berichten.&#8221;<\/em><\/p>\n<p class=\"flies\" align=\"justify\"><em>&#8220;Jetzt kann der Prozess noch zum gro&szlig;en Elend f&uuml;r die Medien werden, weil der 15. Zivilsenat des Oberlandesgerichts K&ouml;ln am Dienstag eine f&uuml;r den Alltag der Gerichtsberichterstattung sehr komplizierte Entscheidung getroffen hat.&#8221;<\/em><\/p>\n<p class=\"flies\" align=\"justify\">Stefan Winterbauer von <a href=\"http:\/\/meedia.de\/print\/olg-urteil-im-zweifel-gegen-die-medien\/2012\/02\/15.html\">meedia.de<\/a> bem&auml;ngelt:<\/p>\n<p class=\"flies\" align=\"justify\"><em>&#8220;Sollte dieses Urteil Bestand haben, w&auml;re das fatal f&uuml;r die ohnehin schon schwierige Gerichtsberichterstattung.&#8221;<\/em><\/p>\n<p class=\"flies\" align=\"justify\"><em>&#8220;Den Gerichtsreportern aber grunds&auml;tzlich zu sagen, ihr d&uuml;rft das, was in einer Hauptverhandlung &ouml;ffentlich besprochen wird, nicht unbedingt berichten, macht deren Arbeit praktisch unm&ouml;glich. Das Ergebnis w&auml;re ein massiv gest&ouml;rter Rechtsfriede.&#8221;<\/em><\/p>\n<p class=\"flies\" align=\"justify\">&nbsp;<\/p>\n<p class=\"flies\" align=\"justify\">Der Kritik Leyendeckers und Winterbauers liegt die Fehlvorstellung zugrunde, wonach <em>&#8220;alles, was in einer Hauptverhandlung &ouml;ffentlich besprochen wird, auch berichtet werden darf&#8221;<\/em>.&nbsp;Einen solchen simplen Merksatz gibt es&nbsp;aber nicht und es hat ihn auch noch nie gegeben. Das ist auch richtig so, denn es w&auml;re allzu simpel, eine Grundrechtsabw&auml;gung zwischen der Pressefreiheit und den Pers&ouml;nlichkeitsrechten eines Angeklagten anhand eines derart oberfl&auml;chlichen Formalkriteriums vorzunehmen. Grundrechtsabw&auml;gungen haben immer im Einzelfall und unter inhaltlicher (nicht blo&szlig; formaler!) Ber&uuml;cksichtigung aller individuellen Umst&auml;nde des Falles zu erfolgen. Eine leichte Aufgabe ist das sicher nicht. Man muss von professionellen Journalisten jedoch erwarten k&ouml;nnen, dass sie sich diese f&uuml;r die Aus&uuml;bung ihres verantwortungsvollen Berufs so wesentlichen Rechtskenntnisse aneignen. Ihre Kritik an den Entscheidungen des OLG K&ouml;ln ist also ma&szlig;los &uuml;bertrieben.<\/p>\n<p class=\"flies\" align=\"justify\">Aus der Pressemitteilung des OLG K&ouml;ln vom 14.02.2012:<\/p>\n<p class=\"flies\" align=\"justify\"><em>&#8220;Das Oberlandesgericht K&ouml;ln hat mit drei am 14. Februar 2012 verk&uuml;ndeten Urteilen entschieden, dass die Medien Umst&auml;nde aus dem privaten Lebensbereich eines Angeklagten auch dann nicht ohne weiteres verbreiten d&uuml;rfen, wenn diese in &ouml;ffentlicher Hauptverhandlung er&ouml;rtert worden sind. (&#8230;)<\/em><\/p>\n<p align=\"justify\"><span class=\"flies\"><em>Der Kl&auml;ger hatte w&auml;hrend der Ermittlungen in einer richterlichen Vernehmung im Detail den zwischen ihm und der Anzeigenerstatterin &uuml;blichen (einvernehmlichen) Sexualverkehr geschildert. Die Beklagten hatten sodann Einzelheiten der Schilderung in ihre Pressever&ouml;ffentlichungen eingestellt. Nach Ansicht des zust&auml;ndigen 15. Zivilsenats des Oberlandesgerichts K&ouml;ln lag hierin ein unzul&auml;ssiger Eingriff in das Pers&ouml;nlichkeitsrecht des Kl&auml;gers. Das Berichterstattungsinteresse der Beklagten habe hinter dem Recht des Kl&auml;gers auf Schutz seiner Intimsph&auml;re zur&uuml;ckzustehen.<\/em><\/span><\/p>\n<p align=\"justify\"><span class=\"flies\"><em>Etwas anderes ergebe sich auch nicht daraus, dass die berichteten Umst&auml;nde sp&auml;ter Gegenstand einer &ouml;ffentlichen Gerichtsverhandlung gewesen seien, in welcher das Vernehmungsprotokoll im Wortlaut verlesen worden war. Die &Ouml;ffentlichkeit eines Gerichtssaales sei nicht mit der Wirkung zu vergleichen, die von einer Ver&ouml;ffentlichung in den Medien, erst recht bei einer Ver&ouml;ffentlichung im Internet ausgehe. Die ver&ouml;ffentlichten Details h&auml;tten in keinem Zusammenhang mit dem konkreten Tatvorwurf gestanden und seien von den Beklagten auch in der Berichterstattung nicht in einen solchen Zusammenhang ger&uuml;ckt worden. Zudem sei zu ber&uuml;cksichtigen, dass der Kl&auml;ger nicht strafrechtlich verurteilt worden sei. W&auml;hrend des laufenden Ermittlungsverfahrens und bis zu einer gerichtlichen Verurteilung gelte zu Gunsten des Beschuldigten die Unschuldsvermutung. Dementsprechend zur&uuml;ckhaltend und ausgewogen m&uuml;sse &uuml;ber den Tatvorwurf und den auf dem Angeklagten lastenden Verdacht berichtet werden (15 U 123\/11, 15 U 125\/11 und 15 U 126\/11).&#8221;<\/em><\/span><\/p>\n","protected":false},"excerpt":{"rendered":"<p>Die gestrigen Entscheidungen des OLG K&ouml;ln, die wir&nbsp;zur Berichterstattung im Fall Kachelmann erstritten haben (s.u. Ausz&uuml;ge aus der Pressemitteilung des Gerichts), sind heute von einigen Medien kritisiert worden. So stellt Hans Leyendecker in der S&uuml;ddeutschen fest: &#8220;K&uuml;nftig k&ouml;nnte es f&uuml;r Journalisten riskant sein, aus einer &ouml;ffentlichen Verhandlung zu berichten.&#8221; &#8220;Jetzt kann der Prozess noch zum [&hellip;]<\/p>\n","protected":false},"author":1,"featured_media":0,"comment_status":"closed","ping_status":"closed","sticky":false,"template":"","format":"standard","meta":{"_has_post_settings":[],"footnotes":""},"categories":[15],"tags":[],"hashtags":[],"ppma_author":[84],"class_list":["post-8674","post","type-post","status-publish","format-standard","hentry","category-news","author-hoecker_adm"],"yoast_head":"<!-- This site is optimized with the Yoast SEO Premium plugin v25.9 (Yoast SEO v27.0) - https:\/\/yoast.com\/product\/yoast-seo-premium-wordpress\/ -->\n<title>Nicht alles, was in einer \u00f6ffentlichen Gerichtsverhandlung geschieht, darf von den Medien berichtet werden: Kachelmann siegt mit H\u00d6CKER vor dem OLG K\u00f6ln gegen Springer. - H\u00d6CKER - der Blog<\/title>\n<meta name=\"robots\" content=\"index, follow, max-snippet:-1, max-image-preview:large, max-video-preview:-1\" \/>\n<link rel=\"canonical\" href=\"https:\/\/www.hoecker.eu\/blog\/nicht-alles-was-in-einer-oeffentlichen-gerichtsverhandlung-geschieht-darf-von-den-medien-berichtet-werden-kachelmann-siegt-mit-hoecker-vor-dem-olg-koeln-gegen-springer\/\" \/>\n<meta property=\"og:locale\" content=\"de_DE\" \/>\n<meta property=\"og:type\" content=\"article\" \/>\n<meta property=\"og:title\" content=\"Nicht alles, was in einer \u00f6ffentlichen Gerichtsverhandlung geschieht, darf von den Medien berichtet werden: Kachelmann siegt mit H\u00d6CKER vor dem OLG K\u00f6ln gegen Springer.\" \/>\n<meta property=\"og:description\" content=\"Die gestrigen Entscheidungen des OLG K&ouml;ln, die wir&nbsp;zur Berichterstattung im Fall Kachelmann erstritten haben (s.u. Ausz&uuml;ge aus der Pressemitteilung des Gerichts), sind heute von einigen Medien kritisiert worden. So stellt Hans Leyendecker in der S&uuml;ddeutschen fest: &#8220;K&uuml;nftig k&ouml;nnte es f&uuml;r Journalisten riskant sein, aus einer &ouml;ffentlichen Verhandlung zu berichten.&#8221; &#8220;Jetzt kann der Prozess noch zum [&hellip;]\" \/>\n<meta property=\"og:url\" content=\"https:\/\/www.hoecker.eu\/blog\/nicht-alles-was-in-einer-oeffentlichen-gerichtsverhandlung-geschieht-darf-von-den-medien-berichtet-werden-kachelmann-siegt-mit-hoecker-vor-dem-olg-koeln-gegen-springer\/\" \/>\n<meta property=\"og:site_name\" content=\"H\u00d6CKER - der Blog\" \/>\n<meta property=\"article:publisher\" content=\"https:\/\/www.facebook.com\/HoeckerRAe\/\" \/>\n<meta property=\"article:author\" content=\"https:\/\/www.facebook.com\/ralf.hoecker\" \/>\n<meta property=\"article:published_time\" content=\"2016-05-09T17:40:59+00:00\" \/>\n<meta property=\"article:modified_time\" content=\"2025-02-17T14:00:40+00:00\" \/>\n<meta name=\"author\" content=\"Prof. Dr. Ralf H\u00f6cker\" \/>\n<meta name=\"twitter:card\" content=\"summary_large_image\" \/>\n<meta name=\"twitter:creator\" content=\"@Ralf_Hoecker\" \/>\n<meta name=\"twitter:site\" content=\"@hoecker_rae\" \/>\n<meta name=\"twitter:label1\" content=\"Verfasst von\" \/>\n\t<meta name=\"twitter:data1\" content=\"Prof. Dr. Ralf H\u00f6cker\" \/>\n\t<meta name=\"twitter:label2\" content=\"Gesch\u00e4tzte Lesezeit\" \/>\n\t<meta name=\"twitter:data2\" content=\"3\u00a0Minuten\" \/>\n<script type=\"application\/ld+json\" class=\"yoast-schema-graph\">{\"@context\":\"https:\/\/schema.org\",\"@graph\":[{\"@type\":\"Article\",\"@id\":\"https:\/\/www.hoecker.eu\/blog\/nicht-alles-was-in-einer-oeffentlichen-gerichtsverhandlung-geschieht-darf-von-den-medien-berichtet-werden-kachelmann-siegt-mit-hoecker-vor-dem-olg-koeln-gegen-springer\/#article\",\"isPartOf\":{\"@id\":\"https:\/\/www.hoecker.eu\/blog\/nicht-alles-was-in-einer-oeffentlichen-gerichtsverhandlung-geschieht-darf-von-den-medien-berichtet-werden-kachelmann-siegt-mit-hoecker-vor-dem-olg-koeln-gegen-springer\/\"},\"author\":{\"name\":\"Prof. Dr. Ralf H\u00f6cker\",\"@id\":\"https:\/\/www.hoecker.eu\/blog\/#\/schema\/person\/08f95581eed0534eccd0b2438f7a1cab\"},\"headline\":\"Nicht alles, was in einer \u00f6ffentlichen Gerichtsverhandlung geschieht, darf von den Medien berichtet werden: Kachelmann siegt mit H\u00d6CKER vor dem OLG K\u00f6ln gegen Springer.\",\"datePublished\":\"2016-05-09T17:40:59+00:00\",\"dateModified\":\"2025-02-17T14:00:40+00:00\",\"mainEntityOfPage\":{\"@id\":\"https:\/\/www.hoecker.eu\/blog\/nicht-alles-was-in-einer-oeffentlichen-gerichtsverhandlung-geschieht-darf-von-den-medien-berichtet-werden-kachelmann-siegt-mit-hoecker-vor-dem-olg-koeln-gegen-springer\/\"},\"wordCount\":655,\"publisher\":{\"@id\":\"https:\/\/www.hoecker.eu\/blog\/#organization\"},\"articleSection\":[\"News\"],\"inLanguage\":\"de\"},{\"@type\":\"WebPage\",\"@id\":\"https:\/\/www.hoecker.eu\/blog\/nicht-alles-was-in-einer-oeffentlichen-gerichtsverhandlung-geschieht-darf-von-den-medien-berichtet-werden-kachelmann-siegt-mit-hoecker-vor-dem-olg-koeln-gegen-springer\/\",\"url\":\"https:\/\/www.hoecker.eu\/blog\/nicht-alles-was-in-einer-oeffentlichen-gerichtsverhandlung-geschieht-darf-von-den-medien-berichtet-werden-kachelmann-siegt-mit-hoecker-vor-dem-olg-koeln-gegen-springer\/\",\"name\":\"Nicht alles, was in einer \u00f6ffentlichen Gerichtsverhandlung geschieht, darf von den Medien berichtet werden: Kachelmann siegt mit H\u00d6CKER vor dem OLG K\u00f6ln gegen Springer. - H\u00d6CKER - der Blog\",\"isPartOf\":{\"@id\":\"https:\/\/www.hoecker.eu\/blog\/#website\"},\"datePublished\":\"2016-05-09T17:40:59+00:00\",\"dateModified\":\"2025-02-17T14:00:40+00:00\",\"breadcrumb\":{\"@id\":\"https:\/\/www.hoecker.eu\/blog\/nicht-alles-was-in-einer-oeffentlichen-gerichtsverhandlung-geschieht-darf-von-den-medien-berichtet-werden-kachelmann-siegt-mit-hoecker-vor-dem-olg-koeln-gegen-springer\/#breadcrumb\"},\"inLanguage\":\"de\",\"potentialAction\":[{\"@type\":\"ReadAction\",\"target\":[\"https:\/\/www.hoecker.eu\/blog\/nicht-alles-was-in-einer-oeffentlichen-gerichtsverhandlung-geschieht-darf-von-den-medien-berichtet-werden-kachelmann-siegt-mit-hoecker-vor-dem-olg-koeln-gegen-springer\/\"]}]},{\"@type\":\"BreadcrumbList\",\"@id\":\"https:\/\/www.hoecker.eu\/blog\/nicht-alles-was-in-einer-oeffentlichen-gerichtsverhandlung-geschieht-darf-von-den-medien-berichtet-werden-kachelmann-siegt-mit-hoecker-vor-dem-olg-koeln-gegen-springer\/#breadcrumb\",\"itemListElement\":[{\"@type\":\"ListItem\",\"position\":1,\"name\":\"Startseite\",\"item\":\"https:\/\/dev.hoecker.eu\/blog\/\"},{\"@type\":\"ListItem\",\"position\":2,\"name\":\"Nicht alles, was in einer \u00f6ffentlichen Gerichtsverhandlung geschieht, darf von den Medien berichtet werden: Kachelmann siegt mit H\u00d6CKER vor dem OLG K\u00f6ln gegen Springer.\"}]},{\"@type\":\"WebSite\",\"@id\":\"https:\/\/www.hoecker.eu\/blog\/#website\",\"url\":\"https:\/\/www.hoecker.eu\/blog\/\",\"name\":\"H\u00d6CKER - der Blog\",\"description\":\"Expertenblog f\u00fcr \u00c4u\u00dferungs-, Medien-, Marken-, Urheber- und Wettbewerbsrecht.\",\"publisher\":{\"@id\":\"https:\/\/www.hoecker.eu\/blog\/#organization\"},\"potentialAction\":[{\"@type\":\"SearchAction\",\"target\":{\"@type\":\"EntryPoint\",\"urlTemplate\":\"https:\/\/www.hoecker.eu\/blog\/?s={search_term_string}\"},\"query-input\":{\"@type\":\"PropertyValueSpecification\",\"valueRequired\":true,\"valueName\":\"search_term_string\"}}],\"inLanguage\":\"de\"},{\"@type\":\"Organization\",\"@id\":\"https:\/\/www.hoecker.eu\/blog\/#organization\",\"name\":\"H\u00d6CKER Rechtsanw\u00e4lte PartGmbB\",\"alternateName\":\"H\u00d6CKER\",\"url\":\"https:\/\/www.hoecker.eu\/blog\/\",\"logo\":{\"@type\":\"ImageObject\",\"inLanguage\":\"de\",\"@id\":\"https:\/\/www.hoecker.eu\/blog\/#\/schema\/logo\/image\/\",\"url\":\"https:\/\/www.hoecker.eu\/blog\/wp-content\/uploads\/2025\/03\/Blog-Logo.webp\",\"contentUrl\":\"https:\/\/www.hoecker.eu\/blog\/wp-content\/uploads\/2025\/03\/Blog-Logo.webp\",\"width\":500,\"height\":500,\"caption\":\"H\u00d6CKER Rechtsanw\u00e4lte PartGmbB\"},\"image\":{\"@id\":\"https:\/\/www.hoecker.eu\/blog\/#\/schema\/logo\/image\/\"},\"sameAs\":[\"https:\/\/www.facebook.com\/HoeckerRAe\/\",\"https:\/\/x.com\/hoecker_rae\",\"https:\/\/www.linkedin.com\/company\/hcker-rechtsanwlte\/\",\"https:\/\/www.instagram.com\/hoecker_rae\/\"],\"email\":\"contact@hoecker.eu\",\"telephone\":\"+ 49 (0)221-933 19-10\",\"legalName\":\"H\u00d6CKER Rechtsanw\u00e4lte PartGmbB\",\"numberOfEmployees\":{\"@type\":\"QuantitativeValue\",\"minValue\":\"11\",\"maxValue\":\"50\"}},{\"@type\":\"Person\",\"@id\":\"https:\/\/www.hoecker.eu\/blog\/#\/schema\/person\/08f95581eed0534eccd0b2438f7a1cab\",\"name\":\"Prof. Dr. Ralf H\u00f6cker\",\"description\":\"Medienanwalt. Besch\u00fctzer vor mieser Presse\",\"sameAs\":[\"https:\/\/www.hoecker.eu\/wer\/prof-dr-ralf-hoecker\",\"https:\/\/www.facebook.com\/ralf.hoecker\",\"https:\/\/www.linkedin.com\/in\/prof-dr-ralf-hcker-ll-m-london-17987826\/\",\"https:\/\/x.com\/Ralf_Hoecker\"],\"url\":\"https:\/\/www.hoecker.eu\/blog\/author\/hoecker_adm\/\"}]}<\/script>\n<!-- \/ Yoast SEO Premium plugin. -->","yoast_head_json":{"title":"Nicht alles, was in einer \u00f6ffentlichen Gerichtsverhandlung geschieht, darf von den Medien berichtet werden: Kachelmann siegt mit H\u00d6CKER vor dem OLG K\u00f6ln gegen Springer. - H\u00d6CKER - der Blog","robots":{"index":"index","follow":"follow","max-snippet":"max-snippet:-1","max-image-preview":"max-image-preview:large","max-video-preview":"max-video-preview:-1"},"canonical":"https:\/\/www.hoecker.eu\/blog\/nicht-alles-was-in-einer-oeffentlichen-gerichtsverhandlung-geschieht-darf-von-den-medien-berichtet-werden-kachelmann-siegt-mit-hoecker-vor-dem-olg-koeln-gegen-springer\/","og_locale":"de_DE","og_type":"article","og_title":"Nicht alles, was in einer \u00f6ffentlichen Gerichtsverhandlung geschieht, darf von den Medien berichtet werden: Kachelmann siegt mit H\u00d6CKER vor dem OLG K\u00f6ln gegen Springer.","og_description":"Die gestrigen Entscheidungen des OLG K&ouml;ln, die wir&nbsp;zur Berichterstattung im Fall Kachelmann erstritten haben (s.u. Ausz&uuml;ge aus der Pressemitteilung des Gerichts), sind heute von einigen Medien kritisiert worden. So stellt Hans Leyendecker in der S&uuml;ddeutschen fest: &#8220;K&uuml;nftig k&ouml;nnte es f&uuml;r Journalisten riskant sein, aus einer &ouml;ffentlichen Verhandlung zu berichten.&#8221; &#8220;Jetzt kann der Prozess noch zum [&hellip;]","og_url":"https:\/\/www.hoecker.eu\/blog\/nicht-alles-was-in-einer-oeffentlichen-gerichtsverhandlung-geschieht-darf-von-den-medien-berichtet-werden-kachelmann-siegt-mit-hoecker-vor-dem-olg-koeln-gegen-springer\/","og_site_name":"H\u00d6CKER - der Blog","article_publisher":"https:\/\/www.facebook.com\/HoeckerRAe\/","article_author":"https:\/\/www.facebook.com\/ralf.hoecker","article_published_time":"2016-05-09T17:40:59+00:00","article_modified_time":"2025-02-17T14:00:40+00:00","author":"Prof. Dr. Ralf H\u00f6cker","twitter_card":"summary_large_image","twitter_creator":"@Ralf_Hoecker","twitter_site":"@hoecker_rae","twitter_misc":{"Verfasst von":"Prof. Dr. Ralf H\u00f6cker","Gesch\u00e4tzte Lesezeit":"3\u00a0Minuten"},"schema":{"@context":"https:\/\/schema.org","@graph":[{"@type":"Article","@id":"https:\/\/www.hoecker.eu\/blog\/nicht-alles-was-in-einer-oeffentlichen-gerichtsverhandlung-geschieht-darf-von-den-medien-berichtet-werden-kachelmann-siegt-mit-hoecker-vor-dem-olg-koeln-gegen-springer\/#article","isPartOf":{"@id":"https:\/\/www.hoecker.eu\/blog\/nicht-alles-was-in-einer-oeffentlichen-gerichtsverhandlung-geschieht-darf-von-den-medien-berichtet-werden-kachelmann-siegt-mit-hoecker-vor-dem-olg-koeln-gegen-springer\/"},"author":{"name":"Prof. Dr. Ralf H\u00f6cker","@id":"https:\/\/www.hoecker.eu\/blog\/#\/schema\/person\/08f95581eed0534eccd0b2438f7a1cab"},"headline":"Nicht alles, was in einer \u00f6ffentlichen Gerichtsverhandlung geschieht, darf von den Medien berichtet werden: Kachelmann siegt mit H\u00d6CKER vor dem OLG K\u00f6ln gegen Springer.","datePublished":"2016-05-09T17:40:59+00:00","dateModified":"2025-02-17T14:00:40+00:00","mainEntityOfPage":{"@id":"https:\/\/www.hoecker.eu\/blog\/nicht-alles-was-in-einer-oeffentlichen-gerichtsverhandlung-geschieht-darf-von-den-medien-berichtet-werden-kachelmann-siegt-mit-hoecker-vor-dem-olg-koeln-gegen-springer\/"},"wordCount":655,"publisher":{"@id":"https:\/\/www.hoecker.eu\/blog\/#organization"},"articleSection":["News"],"inLanguage":"de"},{"@type":"WebPage","@id":"https:\/\/www.hoecker.eu\/blog\/nicht-alles-was-in-einer-oeffentlichen-gerichtsverhandlung-geschieht-darf-von-den-medien-berichtet-werden-kachelmann-siegt-mit-hoecker-vor-dem-olg-koeln-gegen-springer\/","url":"https:\/\/www.hoecker.eu\/blog\/nicht-alles-was-in-einer-oeffentlichen-gerichtsverhandlung-geschieht-darf-von-den-medien-berichtet-werden-kachelmann-siegt-mit-hoecker-vor-dem-olg-koeln-gegen-springer\/","name":"Nicht alles, was in einer \u00f6ffentlichen Gerichtsverhandlung geschieht, darf von den Medien berichtet werden: Kachelmann siegt mit H\u00d6CKER vor dem OLG K\u00f6ln gegen Springer. - H\u00d6CKER - der Blog","isPartOf":{"@id":"https:\/\/www.hoecker.eu\/blog\/#website"},"datePublished":"2016-05-09T17:40:59+00:00","dateModified":"2025-02-17T14:00:40+00:00","breadcrumb":{"@id":"https:\/\/www.hoecker.eu\/blog\/nicht-alles-was-in-einer-oeffentlichen-gerichtsverhandlung-geschieht-darf-von-den-medien-berichtet-werden-kachelmann-siegt-mit-hoecker-vor-dem-olg-koeln-gegen-springer\/#breadcrumb"},"inLanguage":"de","potentialAction":[{"@type":"ReadAction","target":["https:\/\/www.hoecker.eu\/blog\/nicht-alles-was-in-einer-oeffentlichen-gerichtsverhandlung-geschieht-darf-von-den-medien-berichtet-werden-kachelmann-siegt-mit-hoecker-vor-dem-olg-koeln-gegen-springer\/"]}]},{"@type":"BreadcrumbList","@id":"https:\/\/www.hoecker.eu\/blog\/nicht-alles-was-in-einer-oeffentlichen-gerichtsverhandlung-geschieht-darf-von-den-medien-berichtet-werden-kachelmann-siegt-mit-hoecker-vor-dem-olg-koeln-gegen-springer\/#breadcrumb","itemListElement":[{"@type":"ListItem","position":1,"name":"Startseite","item":"https:\/\/dev.hoecker.eu\/blog\/"},{"@type":"ListItem","position":2,"name":"Nicht alles, was in einer \u00f6ffentlichen Gerichtsverhandlung geschieht, darf von den Medien berichtet werden: Kachelmann siegt mit H\u00d6CKER vor dem OLG K\u00f6ln gegen Springer."}]},{"@type":"WebSite","@id":"https:\/\/www.hoecker.eu\/blog\/#website","url":"https:\/\/www.hoecker.eu\/blog\/","name":"H\u00d6CKER - der Blog","description":"Expertenblog f\u00fcr \u00c4u\u00dferungs-, Medien-, Marken-, Urheber- und Wettbewerbsrecht.","publisher":{"@id":"https:\/\/www.hoecker.eu\/blog\/#organization"},"potentialAction":[{"@type":"SearchAction","target":{"@type":"EntryPoint","urlTemplate":"https:\/\/www.hoecker.eu\/blog\/?s={search_term_string}"},"query-input":{"@type":"PropertyValueSpecification","valueRequired":true,"valueName":"search_term_string"}}],"inLanguage":"de"},{"@type":"Organization","@id":"https:\/\/www.hoecker.eu\/blog\/#organization","name":"H\u00d6CKER Rechtsanw\u00e4lte PartGmbB","alternateName":"H\u00d6CKER","url":"https:\/\/www.hoecker.eu\/blog\/","logo":{"@type":"ImageObject","inLanguage":"de","@id":"https:\/\/www.hoecker.eu\/blog\/#\/schema\/logo\/image\/","url":"https:\/\/www.hoecker.eu\/blog\/wp-content\/uploads\/2025\/03\/Blog-Logo.webp","contentUrl":"https:\/\/www.hoecker.eu\/blog\/wp-content\/uploads\/2025\/03\/Blog-Logo.webp","width":500,"height":500,"caption":"H\u00d6CKER Rechtsanw\u00e4lte PartGmbB"},"image":{"@id":"https:\/\/www.hoecker.eu\/blog\/#\/schema\/logo\/image\/"},"sameAs":["https:\/\/www.facebook.com\/HoeckerRAe\/","https:\/\/x.com\/hoecker_rae","https:\/\/www.linkedin.com\/company\/hcker-rechtsanwlte\/","https:\/\/www.instagram.com\/hoecker_rae\/"],"email":"contact@hoecker.eu","telephone":"+ 49 (0)221-933 19-10","legalName":"H\u00d6CKER Rechtsanw\u00e4lte PartGmbB","numberOfEmployees":{"@type":"QuantitativeValue","minValue":"11","maxValue":"50"}},{"@type":"Person","@id":"https:\/\/www.hoecker.eu\/blog\/#\/schema\/person\/08f95581eed0534eccd0b2438f7a1cab","name":"Prof. Dr. Ralf H\u00f6cker","description":"Medienanwalt. Besch\u00fctzer vor mieser Presse","sameAs":["https:\/\/www.hoecker.eu\/wer\/prof-dr-ralf-hoecker","https:\/\/www.facebook.com\/ralf.hoecker","https:\/\/www.linkedin.com\/in\/prof-dr-ralf-hcker-ll-m-london-17987826\/","https:\/\/x.com\/Ralf_Hoecker"],"url":"https:\/\/www.hoecker.eu\/blog\/author\/hoecker_adm\/"}]}},"authors":[{"term_id":84,"user_id":1,"is_guest":0,"slug":"hoecker_adm","display_name":"Prof. Dr. Ralf H\u00f6cker","avatar_url":{"url":"https:\/\/www.hoecker.eu\/blog\/wp-content\/uploads\/2023\/12\/ProfDrRalfHoecker.jpg","url2x":"https:\/\/www.hoecker.eu\/blog\/wp-content\/uploads\/2023\/12\/ProfDrRalfHoecker.jpg"},"0":null,"1":"","2":"","3":"","4":"","5":"","6":"","7":"","8":"","9":"","10":"","11":""}],"_links":{"self":[{"href":"https:\/\/www.hoecker.eu\/blog\/wp-json\/wp\/v2\/posts\/8674","targetHints":{"allow":["GET"]}}],"collection":[{"href":"https:\/\/www.hoecker.eu\/blog\/wp-json\/wp\/v2\/posts"}],"about":[{"href":"https:\/\/www.hoecker.eu\/blog\/wp-json\/wp\/v2\/types\/post"}],"author":[{"embeddable":true,"href":"https:\/\/www.hoecker.eu\/blog\/wp-json\/wp\/v2\/users\/1"}],"replies":[{"embeddable":true,"href":"https:\/\/www.hoecker.eu\/blog\/wp-json\/wp\/v2\/comments?post=8674"}],"version-history":[{"count":1,"href":"https:\/\/www.hoecker.eu\/blog\/wp-json\/wp\/v2\/posts\/8674\/revisions"}],"predecessor-version":[{"id":9796,"href":"https:\/\/www.hoecker.eu\/blog\/wp-json\/wp\/v2\/posts\/8674\/revisions\/9796"}],"wp:attachment":[{"href":"https:\/\/www.hoecker.eu\/blog\/wp-json\/wp\/v2\/media?parent=8674"}],"wp:term":[{"taxonomy":"category","embeddable":true,"href":"https:\/\/www.hoecker.eu\/blog\/wp-json\/wp\/v2\/categories?post=8674"},{"taxonomy":"post_tag","embeddable":true,"href":"https:\/\/www.hoecker.eu\/blog\/wp-json\/wp\/v2\/tags?post=8674"},{"taxonomy":"hashtags","embeddable":true,"href":"https:\/\/www.hoecker.eu\/blog\/wp-json\/wp\/v2\/hashtags?post=8674"},{"taxonomy":"author","embeddable":true,"href":"https:\/\/www.hoecker.eu\/blog\/wp-json\/wp\/v2\/ppma_author?post=8674"}],"curies":[{"name":"wp","href":"https:\/\/api.w.org\/{rel}","templated":true}]}}