{"id":8673,"date":"2016-05-09T19:41:00","date_gmt":"2016-05-09T17:41:00","guid":{"rendered":"https:\/\/www.hoecker.eu\/blog\/olg-urteile-in-sachen-kachelmann-urteilsbegruendungen-liegen-nun-vor\/"},"modified":"2025-02-17T15:00:39","modified_gmt":"2025-02-17T14:00:39","slug":"olg-urteile-in-sachen-kachelmann-urteilsbegruendungen-liegen-nun-vor","status":"publish","type":"post","link":"https:\/\/www.hoecker.eu\/blog\/olg-urteile-in-sachen-kachelmann-urteilsbegruendungen-liegen-nun-vor\/","title":{"rendered":"OLG Urteile in Sachen Kachelmann. Urteilsbegr\u00fcndungen liegen nun vor."},"content":{"rendered":"<p class=\"flies\">Mit drei Urteilen vom 14.02.2102 (Az: 15 U 123\/11, Az: 125\/11, Az: 126\/11) hat der 15. Senat des Oberlandesgerichts K\u00f6ln Verletzungen des allgemeinen Pers\u00f6nlichkeitsrechts von J\u00f6rg Kachelmann durch Berichte der Axel Springer AG und der Bild digital GmbH &amp; Co. KG festgestellt. Die Urteilsgr\u00fcnde liegen seit heute vor.<\/p>\n<p class=\"flies\">In der Sache ging es um Artikel, die am 13.06.2010 bzw. am 19.07.2010 \u2013 und damit noch vor Er\u00f6ffnung der Hauptverhandlung gegen Herrn Kachelmann \u2013 in der Bild-Zeitung und auf bild.de erschienen waren. Gegenstand der angegriffenen Artikel waren intimste Details aus dem Privat- und Sexualleben von J\u00f6rg Kachelmann, die an die \u00d6ffentlichkeit gezerrt wurden. Das Landgericht K\u00f6ln hatte die Ver\u00f6ffentlichung bzw. Verbreitung bereits im Wege der einstweiligen Verf\u00fcgung und anschlie\u00dfend auch in einem eingeleiteten Hauptsacheverfahren verboten. Die gegen die Verbote gerichtete Berufung wies das Oberlandesgericht nun zur\u00fcck<\/p>\n<p class=\"flies\">Das OLG K\u00f6ln macht in allen seinen Entscheidungen deutlich, dass sich aus den \u00c4u\u00dferungen selbst und jedenfalls aus dem Kontext der Berichterstattung ergebe, dass allein das Sexualleben von J\u00f6rg Kachelmann thematisiert wurde und thematisiert werden sollte. Beim Leser w\u00fcrden unzul\u00e4ssiger Weise Eindr\u00fccke \u00fcber das Intimleben von Herrn Kachelmann erweckt.<\/p>\n<p class=\"flies\">Da das Sexualleben eines Betroffenen wegen der N\u00e4he zur Menschenw\u00fcrde absolut gesch\u00fctzt sei, d\u00fcrften Berichte diesen Bereich grunds\u00e4tzlich nie zum Gegenstand haben: Denn die Berichterstattung \u00fcber die Intim- und Sexualsph\u00e4re einer Person ist per se unzul\u00e4ssig. Dies k\u00f6nne \u2013 so das OLG K\u00f6ln unter Verweis auf die Rechtsprechung des BVerfG \u2013 \u00fcberhaupt nur dann anders gesehen werden, wenn \u00fcber den Vorwurf einer Sexualstraftat berichtet werde. Jedoch selbst dann m\u00fcssten die mitgeteilten Umst\u00e4nde in einer unmittelbaren Beziehung zur Tat stehen.<\/p>\n<p class=\"flies\">Da dies bei s\u00e4mtlichen Berichten jedoch nicht der Fall war, sondern in diesen allein Aspekte des Intim- und Sexuallebens von Herrn Kachelmann in die \u00d6ffentlichkeit transportiert wurden, sei eine rechtswidrige Pers\u00f6nlichkeitsrechtsverletzung gegeben. Da die Mitteilung intimer Details zu einer nicht wieder gut zu machenden Stigmatisierung und Prangerwirkung f\u00fchre, gebiete die Unschuldsvermutung eine besondere Zur\u00fcckhaltung.<\/p>\n<p class=\"flies\">Das Oberlandesgericht K\u00f6ln stellt in seiner Entscheidung vom 14.02.2012 fest, dass die in die \u00d6ffentlichkeit gezerrten Details keine Bedeutung f\u00fcr das Straf- und Ermittlungsverfahren hatten: F\u00fcr die Beurteilung der Frage \u00fcber Schuld oder Unschuld waren diese schlicht belanglos.<\/p>\n<p class=\"flies\">Dagegen bedeute die Mitteilung der betreffenden Details einen erheblichen Eingriff in den innersten Bereich der Pers\u00f6nlichkeit von Herrn Kachelmann:<\/p>\n<p class=\"flies\"><em>\u201cDurch die mitgeteilten Tatsachen wird dem Kl\u00e4ger seine \u00fcber das allgemeine Pers\u00f6nlichkeitsrecht gesch\u00fctzte Freiheit genommen, die eigenen Formen der Sexualit\u00e4t f\u00fcr sich zu behalten.\u201d<\/em><\/p>\n<p class=\"flies\"><em>\u201cDies birgt die Gefahr sozialer Ausgrenzung und Isolation und begr\u00fcndet eine entsprechende \u201ePrangerwirkung\u201c, die mit dem eigentlichen Tatvorwurf nicht in Zusammenhang steht. Die \u201ePrangerwirkung\u201c wird durch den Freispruch neben der allgemeinen Erkenntnis, dass ein solcher Freispruch einmal entstandene negative Folgen kaum revidieren kann, auch deshalb nicht beseitigt, da sich das Strafurteil nicht auf die Frage erstreckt, wie der Kl\u00e4ger und die Anzeigeerstatterin \u00fcblicherweise einvernehmlich sexuell miteinander verkehrten.\u201d<\/em><\/p>\n<p class=\"flies\">Da die Bild-Zeitung bzw. bild.de die in Rede stehenden \u00c4u\u00dferungen als erste verbreiteten, konnten sie sich auch nicht mit dem Argument exkulpieren, dass sp\u00e4ter viele andere Medien ebenfalls \u00fcber die Details berichtet hatten.<\/p>\n<p class=\"flies\">Ausdr\u00fccklich weist das Oberlandesgericht auch darauf hin, dass eine Einlassung im Strafverfahren und deren sp\u00e4tere Verlesung nicht zu einer \u201cfreiwilligen Selbst\u00f6ffnung\u201d \u00fcber die Intimsph\u00e4re f\u00fchre. Der viel fr\u00fcher erfolgte schwere Eingriff durch die Erstmitteilung in Bild-Zeitung und auf bild.de k\u00f6nne hierdurch jedenfalls nicht beseitigt oder relativiert werden:<\/p>\n<p class=\"flies\"><em>\u201cDenn unmittelbar wahrgenommen worden sind sie (die \u00c4u\u00dferungen, Anm. d. Kanzlei) von den zum Zeitpunkt der Verlesung im Gerichtssaal anwesenden Beteiligten und dem Saalpublikum und damit von einem \u00fcberschaubaren Personenkreis.\u201d<\/em><\/p>\n<p class=\"flies\">Bei einer Berichterstattung \u00fcber die Verhandlung m\u00fcsse aber \u2013 wie in jedem Fall der Gerichtsberichterstattung \u2013 auf die Pers\u00f6nlichkeitsrechte der Betroffenen R\u00fccksicht genommen werden. Nicht jeder angesprochene Punkt eines Gerichtsverfahrens d\u00fcrfe daher sp\u00e4ter in den Medien landen:<\/p>\n<p class=\"flies\"><em>\u201cDer Grundsatz der Freiheit der Gerichtsberichterstattung wird insofern in besonderer Weise begrenzt durch das Pers\u00f6nlichkeitsrecht des Angeklagten; dessen Rechte auf Schutz seiner Pers\u00f6nlichkeit und Ehre sind im Rahmen einer verantwortungsvollen Berichterstattung zu wahren. Dies gilt sowohl f\u00fcr die Frage, ob \u00fcber den Angeklagten identifizierend berichtet werden darf, wie auch daf\u00fcr, welche Inhalte der Verhandlung zum Gegenstand einer Ver\u00f6ffentlichung gemacht werden k\u00f6nnen. Im Rahmen der Abw\u00e4gung ist stets die \u201ePrangerwirkung\u201c zu ber\u00fccksichtigen, die selbst bei einem rechtskr\u00e4ftigen Freispruch angesichts der medialen Verbreitung zulasten des Angeklagten verbleibt. Hier gelten die oben bereits angestellten Erw\u00e4gungen, die dazu f\u00fchren, dass f\u00fcr eine Berichterstattung \u00fcber die hier konkret mitgeteilten Details aus der Beschuldigtenvernehmung auch angesichts ihrer Verlesung in der Hauptverhandlung kein Informationsinteresse bestanden hat, so dass etwaige Berichte hier\u00fcber ebenfalls als rechtswidrig anzusehen w\u00e4ren.\u201d<\/em><\/p>\n<p class=\"flies\">Schlie\u00dflich stellt der Senat fest, dass die Berichterstattung \u00fcber die intimen Details allein zur Befriedigung einer allgemeinen Neugier oder Sensationslust geschah, jedoch ein legitimes Informationsinteresse nicht bestand.<\/p>\n<p class=\"flies\">Das Oberlandesgericht hat in allen drei Verfahren die Revision zum BGH zugelassen, da die Kl\u00e4rung der Frage der Er\u00f6rterung von intimen Details in \u00f6ffentlicher Verhandlung grunds\u00e4tzliche Bedeutung hat.<\/p>\n","protected":false},"excerpt":{"rendered":"<p>Mit drei Urteilen vom 14.02.2102 (Az: 15 U 123\/11, Az: 125\/11, Az: 126\/11) hat der 15. Senat des Oberlandesgerichts K\u00f6ln Verletzungen des allgemeinen Pers\u00f6nlichkeitsrechts von J\u00f6rg Kachelmann durch Berichte der Axel Springer AG und der Bild digital GmbH &amp; Co. KG festgestellt. Die Urteilsgr\u00fcnde liegen seit heute vor. In der Sache ging es um Artikel, [&hellip;]<\/p>\n","protected":false},"author":1,"featured_media":0,"comment_status":"closed","ping_status":"closed","sticky":false,"template":"","format":"standard","meta":{"_has_post_settings":[],"footnotes":""},"categories":[15],"tags":[],"hashtags":[],"ppma_author":[84],"class_list":["post-8673","post","type-post","status-publish","format-standard","hentry","category-news","author-hoecker_adm"],"yoast_head":"<!-- This site is optimized with the Yoast SEO Premium plugin v25.9 (Yoast SEO v27.0) - https:\/\/yoast.com\/product\/yoast-seo-premium-wordpress\/ -->\n<title>OLG Urteile in Sachen Kachelmann. Urteilsbegr\u00fcndungen liegen nun vor. - H\u00d6CKER - der Blog<\/title>\n<meta name=\"robots\" content=\"index, follow, max-snippet:-1, max-image-preview:large, max-video-preview:-1\" \/>\n<link rel=\"canonical\" href=\"https:\/\/www.hoecker.eu\/blog\/olg-urteile-in-sachen-kachelmann-urteilsbegruendungen-liegen-nun-vor\/\" \/>\n<meta property=\"og:locale\" content=\"de_DE\" \/>\n<meta property=\"og:type\" content=\"article\" \/>\n<meta property=\"og:title\" content=\"OLG Urteile in Sachen Kachelmann. Urteilsbegr\u00fcndungen liegen nun vor.\" \/>\n<meta property=\"og:description\" content=\"Mit drei Urteilen vom 14.02.2102 (Az: 15 U 123\/11, Az: 125\/11, Az: 126\/11) hat der 15. Senat des Oberlandesgerichts K\u00f6ln Verletzungen des allgemeinen Pers\u00f6nlichkeitsrechts von J\u00f6rg Kachelmann durch Berichte der Axel Springer AG und der Bild digital GmbH &amp; Co. KG festgestellt. Die Urteilsgr\u00fcnde liegen seit heute vor. In der Sache ging es um Artikel, [&hellip;]\" \/>\n<meta property=\"og:url\" content=\"https:\/\/www.hoecker.eu\/blog\/olg-urteile-in-sachen-kachelmann-urteilsbegruendungen-liegen-nun-vor\/\" \/>\n<meta property=\"og:site_name\" content=\"H\u00d6CKER - der Blog\" \/>\n<meta property=\"article:publisher\" content=\"https:\/\/www.facebook.com\/HoeckerRAe\/\" \/>\n<meta property=\"article:author\" content=\"https:\/\/www.facebook.com\/ralf.hoecker\" \/>\n<meta property=\"article:published_time\" content=\"2016-05-09T17:41:00+00:00\" \/>\n<meta property=\"article:modified_time\" content=\"2025-02-17T14:00:39+00:00\" \/>\n<meta name=\"author\" content=\"Prof. Dr. Ralf H\u00f6cker\" \/>\n<meta name=\"twitter:card\" content=\"summary_large_image\" \/>\n<meta name=\"twitter:creator\" content=\"@Ralf_Hoecker\" \/>\n<meta name=\"twitter:site\" content=\"@hoecker_rae\" \/>\n<meta name=\"twitter:label1\" content=\"Verfasst von\" \/>\n\t<meta name=\"twitter:data1\" content=\"Prof. Dr. Ralf H\u00f6cker\" \/>\n\t<meta name=\"twitter:label2\" content=\"Gesch\u00e4tzte Lesezeit\" \/>\n\t<meta name=\"twitter:data2\" content=\"4\u00a0Minuten\" \/>\n<script type=\"application\/ld+json\" class=\"yoast-schema-graph\">{\"@context\":\"https:\/\/schema.org\",\"@graph\":[{\"@type\":\"Article\",\"@id\":\"https:\/\/www.hoecker.eu\/blog\/olg-urteile-in-sachen-kachelmann-urteilsbegruendungen-liegen-nun-vor\/#article\",\"isPartOf\":{\"@id\":\"https:\/\/www.hoecker.eu\/blog\/olg-urteile-in-sachen-kachelmann-urteilsbegruendungen-liegen-nun-vor\/\"},\"author\":{\"name\":\"Prof. Dr. Ralf H\u00f6cker\",\"@id\":\"https:\/\/www.hoecker.eu\/blog\/#\/schema\/person\/08f95581eed0534eccd0b2438f7a1cab\"},\"headline\":\"OLG Urteile in Sachen Kachelmann. Urteilsbegr\u00fcndungen liegen nun vor.\",\"datePublished\":\"2016-05-09T17:41:00+00:00\",\"dateModified\":\"2025-02-17T14:00:39+00:00\",\"mainEntityOfPage\":{\"@id\":\"https:\/\/www.hoecker.eu\/blog\/olg-urteile-in-sachen-kachelmann-urteilsbegruendungen-liegen-nun-vor\/\"},\"wordCount\":870,\"publisher\":{\"@id\":\"https:\/\/www.hoecker.eu\/blog\/#organization\"},\"articleSection\":[\"News\"],\"inLanguage\":\"de\"},{\"@type\":\"WebPage\",\"@id\":\"https:\/\/www.hoecker.eu\/blog\/olg-urteile-in-sachen-kachelmann-urteilsbegruendungen-liegen-nun-vor\/\",\"url\":\"https:\/\/www.hoecker.eu\/blog\/olg-urteile-in-sachen-kachelmann-urteilsbegruendungen-liegen-nun-vor\/\",\"name\":\"OLG Urteile in Sachen Kachelmann. Urteilsbegr\u00fcndungen liegen nun vor. - H\u00d6CKER - der Blog\",\"isPartOf\":{\"@id\":\"https:\/\/www.hoecker.eu\/blog\/#website\"},\"datePublished\":\"2016-05-09T17:41:00+00:00\",\"dateModified\":\"2025-02-17T14:00:39+00:00\",\"breadcrumb\":{\"@id\":\"https:\/\/www.hoecker.eu\/blog\/olg-urteile-in-sachen-kachelmann-urteilsbegruendungen-liegen-nun-vor\/#breadcrumb\"},\"inLanguage\":\"de\",\"potentialAction\":[{\"@type\":\"ReadAction\",\"target\":[\"https:\/\/www.hoecker.eu\/blog\/olg-urteile-in-sachen-kachelmann-urteilsbegruendungen-liegen-nun-vor\/\"]}]},{\"@type\":\"BreadcrumbList\",\"@id\":\"https:\/\/www.hoecker.eu\/blog\/olg-urteile-in-sachen-kachelmann-urteilsbegruendungen-liegen-nun-vor\/#breadcrumb\",\"itemListElement\":[{\"@type\":\"ListItem\",\"position\":1,\"name\":\"Startseite\",\"item\":\"https:\/\/dev.hoecker.eu\/blog\/\"},{\"@type\":\"ListItem\",\"position\":2,\"name\":\"OLG Urteile in Sachen Kachelmann. Urteilsbegr\u00fcndungen liegen nun vor.\"}]},{\"@type\":\"WebSite\",\"@id\":\"https:\/\/www.hoecker.eu\/blog\/#website\",\"url\":\"https:\/\/www.hoecker.eu\/blog\/\",\"name\":\"H\u00d6CKER - der Blog\",\"description\":\"Expertenblog f\u00fcr \u00c4u\u00dferungs-, Medien-, Marken-, Urheber- und Wettbewerbsrecht.\",\"publisher\":{\"@id\":\"https:\/\/www.hoecker.eu\/blog\/#organization\"},\"potentialAction\":[{\"@type\":\"SearchAction\",\"target\":{\"@type\":\"EntryPoint\",\"urlTemplate\":\"https:\/\/www.hoecker.eu\/blog\/?s={search_term_string}\"},\"query-input\":{\"@type\":\"PropertyValueSpecification\",\"valueRequired\":true,\"valueName\":\"search_term_string\"}}],\"inLanguage\":\"de\"},{\"@type\":\"Organization\",\"@id\":\"https:\/\/www.hoecker.eu\/blog\/#organization\",\"name\":\"H\u00d6CKER Rechtsanw\u00e4lte PartGmbB\",\"alternateName\":\"H\u00d6CKER\",\"url\":\"https:\/\/www.hoecker.eu\/blog\/\",\"logo\":{\"@type\":\"ImageObject\",\"inLanguage\":\"de\",\"@id\":\"https:\/\/www.hoecker.eu\/blog\/#\/schema\/logo\/image\/\",\"url\":\"https:\/\/www.hoecker.eu\/blog\/wp-content\/uploads\/2025\/03\/Blog-Logo.webp\",\"contentUrl\":\"https:\/\/www.hoecker.eu\/blog\/wp-content\/uploads\/2025\/03\/Blog-Logo.webp\",\"width\":500,\"height\":500,\"caption\":\"H\u00d6CKER Rechtsanw\u00e4lte PartGmbB\"},\"image\":{\"@id\":\"https:\/\/www.hoecker.eu\/blog\/#\/schema\/logo\/image\/\"},\"sameAs\":[\"https:\/\/www.facebook.com\/HoeckerRAe\/\",\"https:\/\/x.com\/hoecker_rae\",\"https:\/\/www.linkedin.com\/company\/hcker-rechtsanwlte\/\",\"https:\/\/www.instagram.com\/hoecker_rae\/\"],\"email\":\"contact@hoecker.eu\",\"telephone\":\"+ 49 (0)221-933 19-10\",\"legalName\":\"H\u00d6CKER Rechtsanw\u00e4lte PartGmbB\",\"numberOfEmployees\":{\"@type\":\"QuantitativeValue\",\"minValue\":\"11\",\"maxValue\":\"50\"}},{\"@type\":\"Person\",\"@id\":\"https:\/\/www.hoecker.eu\/blog\/#\/schema\/person\/08f95581eed0534eccd0b2438f7a1cab\",\"name\":\"Prof. Dr. Ralf H\u00f6cker\",\"description\":\"Medienanwalt. Besch\u00fctzer vor mieser Presse\",\"sameAs\":[\"https:\/\/www.hoecker.eu\/wer\/prof-dr-ralf-hoecker\",\"https:\/\/www.facebook.com\/ralf.hoecker\",\"https:\/\/www.linkedin.com\/in\/prof-dr-ralf-hcker-ll-m-london-17987826\/\",\"https:\/\/x.com\/Ralf_Hoecker\"],\"url\":\"https:\/\/www.hoecker.eu\/blog\/author\/hoecker_adm\/\"}]}<\/script>\n<!-- \/ Yoast SEO Premium plugin. -->","yoast_head_json":{"title":"OLG Urteile in Sachen Kachelmann. Urteilsbegr\u00fcndungen liegen nun vor. - H\u00d6CKER - der Blog","robots":{"index":"index","follow":"follow","max-snippet":"max-snippet:-1","max-image-preview":"max-image-preview:large","max-video-preview":"max-video-preview:-1"},"canonical":"https:\/\/www.hoecker.eu\/blog\/olg-urteile-in-sachen-kachelmann-urteilsbegruendungen-liegen-nun-vor\/","og_locale":"de_DE","og_type":"article","og_title":"OLG Urteile in Sachen Kachelmann. Urteilsbegr\u00fcndungen liegen nun vor.","og_description":"Mit drei Urteilen vom 14.02.2102 (Az: 15 U 123\/11, Az: 125\/11, Az: 126\/11) hat der 15. Senat des Oberlandesgerichts K\u00f6ln Verletzungen des allgemeinen Pers\u00f6nlichkeitsrechts von J\u00f6rg Kachelmann durch Berichte der Axel Springer AG und der Bild digital GmbH &amp; Co. KG festgestellt. Die Urteilsgr\u00fcnde liegen seit heute vor. In der Sache ging es um Artikel, [&hellip;]","og_url":"https:\/\/www.hoecker.eu\/blog\/olg-urteile-in-sachen-kachelmann-urteilsbegruendungen-liegen-nun-vor\/","og_site_name":"H\u00d6CKER - der Blog","article_publisher":"https:\/\/www.facebook.com\/HoeckerRAe\/","article_author":"https:\/\/www.facebook.com\/ralf.hoecker","article_published_time":"2016-05-09T17:41:00+00:00","article_modified_time":"2025-02-17T14:00:39+00:00","author":"Prof. Dr. Ralf H\u00f6cker","twitter_card":"summary_large_image","twitter_creator":"@Ralf_Hoecker","twitter_site":"@hoecker_rae","twitter_misc":{"Verfasst von":"Prof. Dr. Ralf H\u00f6cker","Gesch\u00e4tzte Lesezeit":"4\u00a0Minuten"},"schema":{"@context":"https:\/\/schema.org","@graph":[{"@type":"Article","@id":"https:\/\/www.hoecker.eu\/blog\/olg-urteile-in-sachen-kachelmann-urteilsbegruendungen-liegen-nun-vor\/#article","isPartOf":{"@id":"https:\/\/www.hoecker.eu\/blog\/olg-urteile-in-sachen-kachelmann-urteilsbegruendungen-liegen-nun-vor\/"},"author":{"name":"Prof. Dr. Ralf H\u00f6cker","@id":"https:\/\/www.hoecker.eu\/blog\/#\/schema\/person\/08f95581eed0534eccd0b2438f7a1cab"},"headline":"OLG Urteile in Sachen Kachelmann. Urteilsbegr\u00fcndungen liegen nun vor.","datePublished":"2016-05-09T17:41:00+00:00","dateModified":"2025-02-17T14:00:39+00:00","mainEntityOfPage":{"@id":"https:\/\/www.hoecker.eu\/blog\/olg-urteile-in-sachen-kachelmann-urteilsbegruendungen-liegen-nun-vor\/"},"wordCount":870,"publisher":{"@id":"https:\/\/www.hoecker.eu\/blog\/#organization"},"articleSection":["News"],"inLanguage":"de"},{"@type":"WebPage","@id":"https:\/\/www.hoecker.eu\/blog\/olg-urteile-in-sachen-kachelmann-urteilsbegruendungen-liegen-nun-vor\/","url":"https:\/\/www.hoecker.eu\/blog\/olg-urteile-in-sachen-kachelmann-urteilsbegruendungen-liegen-nun-vor\/","name":"OLG Urteile in Sachen Kachelmann. Urteilsbegr\u00fcndungen liegen nun vor. - H\u00d6CKER - der Blog","isPartOf":{"@id":"https:\/\/www.hoecker.eu\/blog\/#website"},"datePublished":"2016-05-09T17:41:00+00:00","dateModified":"2025-02-17T14:00:39+00:00","breadcrumb":{"@id":"https:\/\/www.hoecker.eu\/blog\/olg-urteile-in-sachen-kachelmann-urteilsbegruendungen-liegen-nun-vor\/#breadcrumb"},"inLanguage":"de","potentialAction":[{"@type":"ReadAction","target":["https:\/\/www.hoecker.eu\/blog\/olg-urteile-in-sachen-kachelmann-urteilsbegruendungen-liegen-nun-vor\/"]}]},{"@type":"BreadcrumbList","@id":"https:\/\/www.hoecker.eu\/blog\/olg-urteile-in-sachen-kachelmann-urteilsbegruendungen-liegen-nun-vor\/#breadcrumb","itemListElement":[{"@type":"ListItem","position":1,"name":"Startseite","item":"https:\/\/dev.hoecker.eu\/blog\/"},{"@type":"ListItem","position":2,"name":"OLG Urteile in Sachen Kachelmann. Urteilsbegr\u00fcndungen liegen nun vor."}]},{"@type":"WebSite","@id":"https:\/\/www.hoecker.eu\/blog\/#website","url":"https:\/\/www.hoecker.eu\/blog\/","name":"H\u00d6CKER - der Blog","description":"Expertenblog f\u00fcr \u00c4u\u00dferungs-, Medien-, Marken-, Urheber- und Wettbewerbsrecht.","publisher":{"@id":"https:\/\/www.hoecker.eu\/blog\/#organization"},"potentialAction":[{"@type":"SearchAction","target":{"@type":"EntryPoint","urlTemplate":"https:\/\/www.hoecker.eu\/blog\/?s={search_term_string}"},"query-input":{"@type":"PropertyValueSpecification","valueRequired":true,"valueName":"search_term_string"}}],"inLanguage":"de"},{"@type":"Organization","@id":"https:\/\/www.hoecker.eu\/blog\/#organization","name":"H\u00d6CKER Rechtsanw\u00e4lte PartGmbB","alternateName":"H\u00d6CKER","url":"https:\/\/www.hoecker.eu\/blog\/","logo":{"@type":"ImageObject","inLanguage":"de","@id":"https:\/\/www.hoecker.eu\/blog\/#\/schema\/logo\/image\/","url":"https:\/\/www.hoecker.eu\/blog\/wp-content\/uploads\/2025\/03\/Blog-Logo.webp","contentUrl":"https:\/\/www.hoecker.eu\/blog\/wp-content\/uploads\/2025\/03\/Blog-Logo.webp","width":500,"height":500,"caption":"H\u00d6CKER Rechtsanw\u00e4lte PartGmbB"},"image":{"@id":"https:\/\/www.hoecker.eu\/blog\/#\/schema\/logo\/image\/"},"sameAs":["https:\/\/www.facebook.com\/HoeckerRAe\/","https:\/\/x.com\/hoecker_rae","https:\/\/www.linkedin.com\/company\/hcker-rechtsanwlte\/","https:\/\/www.instagram.com\/hoecker_rae\/"],"email":"contact@hoecker.eu","telephone":"+ 49 (0)221-933 19-10","legalName":"H\u00d6CKER Rechtsanw\u00e4lte PartGmbB","numberOfEmployees":{"@type":"QuantitativeValue","minValue":"11","maxValue":"50"}},{"@type":"Person","@id":"https:\/\/www.hoecker.eu\/blog\/#\/schema\/person\/08f95581eed0534eccd0b2438f7a1cab","name":"Prof. Dr. Ralf H\u00f6cker","description":"Medienanwalt. Besch\u00fctzer vor mieser Presse","sameAs":["https:\/\/www.hoecker.eu\/wer\/prof-dr-ralf-hoecker","https:\/\/www.facebook.com\/ralf.hoecker","https:\/\/www.linkedin.com\/in\/prof-dr-ralf-hcker-ll-m-london-17987826\/","https:\/\/x.com\/Ralf_Hoecker"],"url":"https:\/\/www.hoecker.eu\/blog\/author\/hoecker_adm\/"}]}},"authors":[{"term_id":84,"user_id":1,"is_guest":0,"slug":"hoecker_adm","display_name":"Prof. Dr. Ralf H\u00f6cker","avatar_url":{"url":"https:\/\/www.hoecker.eu\/blog\/wp-content\/uploads\/2023\/12\/ProfDrRalfHoecker.jpg","url2x":"https:\/\/www.hoecker.eu\/blog\/wp-content\/uploads\/2023\/12\/ProfDrRalfHoecker.jpg"},"0":null,"1":"","2":"","3":"","4":"","5":"","6":"","7":"","8":"","9":"","10":"","11":""}],"_links":{"self":[{"href":"https:\/\/www.hoecker.eu\/blog\/wp-json\/wp\/v2\/posts\/8673","targetHints":{"allow":["GET"]}}],"collection":[{"href":"https:\/\/www.hoecker.eu\/blog\/wp-json\/wp\/v2\/posts"}],"about":[{"href":"https:\/\/www.hoecker.eu\/blog\/wp-json\/wp\/v2\/types\/post"}],"author":[{"embeddable":true,"href":"https:\/\/www.hoecker.eu\/blog\/wp-json\/wp\/v2\/users\/1"}],"replies":[{"embeddable":true,"href":"https:\/\/www.hoecker.eu\/blog\/wp-json\/wp\/v2\/comments?post=8673"}],"version-history":[{"count":1,"href":"https:\/\/www.hoecker.eu\/blog\/wp-json\/wp\/v2\/posts\/8673\/revisions"}],"predecessor-version":[{"id":9795,"href":"https:\/\/www.hoecker.eu\/blog\/wp-json\/wp\/v2\/posts\/8673\/revisions\/9795"}],"wp:attachment":[{"href":"https:\/\/www.hoecker.eu\/blog\/wp-json\/wp\/v2\/media?parent=8673"}],"wp:term":[{"taxonomy":"category","embeddable":true,"href":"https:\/\/www.hoecker.eu\/blog\/wp-json\/wp\/v2\/categories?post=8673"},{"taxonomy":"post_tag","embeddable":true,"href":"https:\/\/www.hoecker.eu\/blog\/wp-json\/wp\/v2\/tags?post=8673"},{"taxonomy":"hashtags","embeddable":true,"href":"https:\/\/www.hoecker.eu\/blog\/wp-json\/wp\/v2\/hashtags?post=8673"},{"taxonomy":"author","embeddable":true,"href":"https:\/\/www.hoecker.eu\/blog\/wp-json\/wp\/v2\/ppma_author?post=8673"}],"curies":[{"name":"wp","href":"https:\/\/api.w.org\/{rel}","templated":true}]}}