{"id":8664,"date":"2016-05-09T19:45:52","date_gmt":"2016-05-09T17:45:52","guid":{"rendered":"https:\/\/www.hoecker.eu\/blog\/prof-hoecker-spricht-heute-beim-krisenkommunikationsgipfel-an-der-universitaet-zu-koeln-zum-thema-anwaltliche-pressearbeit-im-strafverfahren-was-lehren-die-faelle-kachelmann-strauss-kahn-knox-c\/"},"modified":"2025-02-17T15:00:34","modified_gmt":"2025-02-17T14:00:34","slug":"prof-hoecker-spricht-heute-beim-krisenkommunikationsgipfel-an-der-universitaet-zu-koeln-zum-thema-anwaltliche-pressearbeit-im-strafverfahren-was-lehren-die-faelle-kachelmann-strauss-kahn-knox-c","status":"publish","type":"post","link":"https:\/\/www.hoecker.eu\/blog\/prof-hoecker-spricht-heute-beim-krisenkommunikationsgipfel-an-der-universitaet-zu-koeln-zum-thema-anwaltliche-pressearbeit-im-strafverfahren-was-lehren-die-faelle-kachelmann-strauss-kahn-knox-c\/","title":{"rendered":"Prof. H\u00f6cker spricht heute beim Krisenkommunikationsgipfel an der Universit\u00e4t zu K\u00f6ln zum Thema &#8220;Anwaltliche Pressearbeit im Strafverfahren: Was lehren die F\u00e4lle Kachelmann, Strauss-Kahn, Knox &#038; Co.?&#8221;"},"content":{"rendered":"<p class=\"flies\">Der Krisenkommunikationsgipfel 2012&nbsp;hat das Thema &#8220;Zu Unrecht am Pranger? &#8211; Wie Pressesprecher, Journalisten und Juristen ihren guten Ruf in Krisenzeiten sch&uuml;tzen k&ouml;nnen&#8221;.<\/p>\n<p class=\"flies\">Veranstalter&nbsp;sind &#8220;Krisennavigator &ndash; Institut f&uuml;r Krisenforschung&#8221;, ein &#8220;Spin-Off&#8221; der Universit&auml;t Kiel und das Institut f&uuml;r Medienrecht und Kommunikationsrecht der Universit&auml;t zu K&ouml;ln.<\/p>\n<p class=\"flies\">Der Gipfel findet statt am&nbsp;22.03.2012 im H&ouml;rsaal HS 1 im ersten Obergeschoss des HF Hauptgeb&auml;udes (Geb&auml;udenummer 216a, Block A) in der Gronewaldstra&szlig;e 2, D-50931 K&ouml;ln.<\/p>\n<div>\n<h2><span class=\"flies\">Aus der Ank&uuml;ndigung der Veranstalter:<\/span><\/h2>\n<h2><span class=\"flies\"><span class=\"flies\">Die Privatkreditaff&auml;re des Bundespr&auml;sidenten, die Verfahren gegen J&ouml;rg Kachelmann oder Dominique Strauss-Kahn, die massive Kritik deutscher Datensch&uuml;tzer an Facebook oder dem Bundestrojaner, die Klagen gegen den EHEC-Verdacht oder den Atomausstieg &ndash; in Krisen-, Konflikt- und Katastrophenf&auml;llen sind die Grenzen zwischen Kommunikation und Recht <\/span>oft flie&szlig;end. Mal werden durch die Ereignisse Aspekte des Presse- und Pers&ouml;nlichkeitsrechts ber&uuml;hrt. Mal geht es um das Datenschutz- und Strafrecht. <\/span><\/h2>\n<h2 class=\"flies\">Welche kommunikative Begleitung von Gerichtsverfahren einerseits und juristische Begleitung von betrieblichen Krisenf&auml;llen andererseits ist sinnvoll? Welche M&ouml;glichkeiten haben Juristen und Pressesprecher, wenn einseitige Medienberichte aus dem &#8220;Court of public opinion&#8221; in den &#8220;Court of law&#8221; dringen? Welche Rolle spielen die Marktpartner bei branchen&uuml;bergreifenden Krisenf&auml;llen, wenn der Gesetzgeber, die Medien oder die beh&ouml;rdliche Aufsicht auf den Plan treten?<\/h2>\n<h2 class=\"flies\">Antworten auf diese und andere Fragen geben vierzehn Referentinnen und Referenten beim Krisenkommunikationsgipfel 2012 am Donnerstag, 22. M&auml;rz 2012, an der Universit&auml;t zu K&ouml;ln. Auf Einladung des Krisennavigator &ndash; Institut f&uuml;r Krisenforschung, ein &#8220;Spin-Off&#8221; der Universit&auml;t Kiel, und des Instituts f&uuml;r Medienrecht und Kommunikationsrecht der Universit&auml;t zu K&ouml;ln erl&auml;utern die Fachleute, worauf es im Krisenfall bei der Kommunikationsarbeit und Rechtsberatung wirklich ankommt.<\/h2>\n<h2 class=\"flies\">Eingeladen zum 14. Gipfeltreffen des Krisennavigator sind insbesondere Kommunikationsverantwortliche und Pressesprecher, Justitiare und Fachanw&auml;lte, F&uuml;hrungskr&auml;fte und Krisenmanager aus Unternehmen, von Beh&ouml;rden, Verb&auml;nden, Medien und der Politik sowie Journalisten und Wissenschaftler. Acht Berufsverb&auml;nde und Fachzeitschriften unterst&uuml;tzen den Kongress als Veranstaltungs- und Medienpartner. Wie in den Vorjahren ist die Teilnehmerzahl auf 150 Personen begrenzt.<\/h2>\n<\/div>\n","protected":false},"excerpt":{"rendered":"<p>Der Krisenkommunikationsgipfel 2012&nbsp;hat das Thema &#8220;Zu Unrecht am Pranger? &#8211; Wie Pressesprecher, Journalisten und Juristen ihren guten Ruf in Krisenzeiten sch&uuml;tzen k&ouml;nnen&#8221;. Veranstalter&nbsp;sind &#8220;Krisennavigator &ndash; Institut f&uuml;r Krisenforschung&#8221;, ein &#8220;Spin-Off&#8221; der Universit&auml;t Kiel und das Institut f&uuml;r Medienrecht und Kommunikationsrecht der Universit&auml;t zu K&ouml;ln. Der Gipfel findet statt am&nbsp;22.03.2012 im H&ouml;rsaal HS 1 im ersten [&hellip;]<\/p>\n","protected":false},"author":1,"featured_media":0,"comment_status":"closed","ping_status":"closed","sticky":false,"template":"","format":"standard","meta":{"_has_post_settings":[],"footnotes":""},"categories":[15],"tags":[],"hashtags":[],"ppma_author":[84],"class_list":["post-8664","post","type-post","status-publish","format-standard","hentry","category-news","author-hoecker_adm"],"yoast_head":"<!-- This site is optimized with the Yoast SEO Premium plugin v25.9 (Yoast SEO v27.0) - https:\/\/yoast.com\/product\/yoast-seo-premium-wordpress\/ -->\n<title>Prof. H\u00f6cker spricht heute beim Krisenkommunikationsgipfel an der Universit\u00e4t zu K\u00f6ln zum Thema &quot;Anwaltliche Pressearbeit im Strafverfahren: Was lehren die F\u00e4lle Kachelmann, Strauss-Kahn, Knox &amp; Co.?&quot; - H\u00d6CKER - der Blog<\/title>\n<meta name=\"robots\" content=\"index, follow, max-snippet:-1, max-image-preview:large, max-video-preview:-1\" \/>\n<link rel=\"canonical\" href=\"https:\/\/www.hoecker.eu\/blog\/prof-hoecker-spricht-heute-beim-krisenkommunikationsgipfel-an-der-universitaet-zu-koeln-zum-thema-anwaltliche-pressearbeit-im-strafverfahren-was-lehren-die-faelle-kachelmann-strauss-kahn-knox-c\/\" \/>\n<meta property=\"og:locale\" content=\"de_DE\" \/>\n<meta property=\"og:type\" content=\"article\" \/>\n<meta property=\"og:title\" content=\"Prof. H\u00f6cker spricht heute beim Krisenkommunikationsgipfel an der Universit\u00e4t zu K\u00f6ln zum Thema &quot;Anwaltliche Pressearbeit im Strafverfahren: Was lehren die F\u00e4lle Kachelmann, Strauss-Kahn, Knox &amp; Co.?&quot;\" \/>\n<meta property=\"og:description\" content=\"Der Krisenkommunikationsgipfel 2012&nbsp;hat das Thema &#8220;Zu Unrecht am Pranger? &#8211; Wie Pressesprecher, Journalisten und Juristen ihren guten Ruf in Krisenzeiten sch&uuml;tzen k&ouml;nnen&#8221;. Veranstalter&nbsp;sind &#8220;Krisennavigator &ndash; Institut f&uuml;r Krisenforschung&#8221;, ein &#8220;Spin-Off&#8221; der Universit&auml;t Kiel und das Institut f&uuml;r Medienrecht und Kommunikationsrecht der Universit&auml;t zu K&ouml;ln. Der Gipfel findet statt am&nbsp;22.03.2012 im H&ouml;rsaal HS 1 im ersten [&hellip;]\" \/>\n<meta property=\"og:url\" content=\"https:\/\/www.hoecker.eu\/blog\/prof-hoecker-spricht-heute-beim-krisenkommunikationsgipfel-an-der-universitaet-zu-koeln-zum-thema-anwaltliche-pressearbeit-im-strafverfahren-was-lehren-die-faelle-kachelmann-strauss-kahn-knox-c\/\" \/>\n<meta property=\"og:site_name\" content=\"H\u00d6CKER - der Blog\" \/>\n<meta property=\"article:publisher\" content=\"https:\/\/www.facebook.com\/HoeckerRAe\/\" \/>\n<meta property=\"article:author\" content=\"https:\/\/www.facebook.com\/ralf.hoecker\" \/>\n<meta property=\"article:published_time\" content=\"2016-05-09T17:45:52+00:00\" \/>\n<meta property=\"article:modified_time\" content=\"2025-02-17T14:00:34+00:00\" \/>\n<meta name=\"author\" content=\"Prof. Dr. Ralf H\u00f6cker\" \/>\n<meta name=\"twitter:card\" content=\"summary_large_image\" \/>\n<meta name=\"twitter:creator\" content=\"@Ralf_Hoecker\" \/>\n<meta name=\"twitter:site\" content=\"@hoecker_rae\" \/>\n<meta name=\"twitter:label1\" content=\"Verfasst von\" \/>\n\t<meta name=\"twitter:data1\" content=\"Prof. Dr. Ralf H\u00f6cker\" \/>\n\t<meta name=\"twitter:label2\" content=\"Gesch\u00e4tzte Lesezeit\" \/>\n\t<meta name=\"twitter:data2\" content=\"2\u00a0Minuten\" \/>\n<script type=\"application\/ld+json\" class=\"yoast-schema-graph\">{\"@context\":\"https:\/\/schema.org\",\"@graph\":[{\"@type\":\"Article\",\"@id\":\"https:\/\/www.hoecker.eu\/blog\/prof-hoecker-spricht-heute-beim-krisenkommunikationsgipfel-an-der-universitaet-zu-koeln-zum-thema-anwaltliche-pressearbeit-im-strafverfahren-was-lehren-die-faelle-kachelmann-strauss-kahn-knox-c\/#article\",\"isPartOf\":{\"@id\":\"https:\/\/www.hoecker.eu\/blog\/prof-hoecker-spricht-heute-beim-krisenkommunikationsgipfel-an-der-universitaet-zu-koeln-zum-thema-anwaltliche-pressearbeit-im-strafverfahren-was-lehren-die-faelle-kachelmann-strauss-kahn-knox-c\/\"},\"author\":{\"name\":\"Prof. Dr. Ralf H\u00f6cker\",\"@id\":\"https:\/\/www.hoecker.eu\/blog\/#\/schema\/person\/08f95581eed0534eccd0b2438f7a1cab\"},\"headline\":\"Prof. H\u00f6cker spricht heute beim Krisenkommunikationsgipfel an der Universit\u00e4t zu K\u00f6ln zum Thema &#8220;Anwaltliche Pressearbeit im Strafverfahren: Was lehren die F\u00e4lle Kachelmann, Strauss-Kahn, Knox &#038; Co.?&#8221;\",\"datePublished\":\"2016-05-09T17:45:52+00:00\",\"dateModified\":\"2025-02-17T14:00:34+00:00\",\"mainEntityOfPage\":{\"@id\":\"https:\/\/www.hoecker.eu\/blog\/prof-hoecker-spricht-heute-beim-krisenkommunikationsgipfel-an-der-universitaet-zu-koeln-zum-thema-anwaltliche-pressearbeit-im-strafverfahren-was-lehren-die-faelle-kachelmann-strauss-kahn-knox-c\/\"},\"wordCount\":419,\"publisher\":{\"@id\":\"https:\/\/www.hoecker.eu\/blog\/#organization\"},\"articleSection\":[\"News\"],\"inLanguage\":\"de\"},{\"@type\":\"WebPage\",\"@id\":\"https:\/\/www.hoecker.eu\/blog\/prof-hoecker-spricht-heute-beim-krisenkommunikationsgipfel-an-der-universitaet-zu-koeln-zum-thema-anwaltliche-pressearbeit-im-strafverfahren-was-lehren-die-faelle-kachelmann-strauss-kahn-knox-c\/\",\"url\":\"https:\/\/www.hoecker.eu\/blog\/prof-hoecker-spricht-heute-beim-krisenkommunikationsgipfel-an-der-universitaet-zu-koeln-zum-thema-anwaltliche-pressearbeit-im-strafverfahren-was-lehren-die-faelle-kachelmann-strauss-kahn-knox-c\/\",\"name\":\"Prof. H\u00f6cker spricht heute beim Krisenkommunikationsgipfel an der Universit\u00e4t zu K\u00f6ln zum Thema \\\"Anwaltliche Pressearbeit im Strafverfahren: Was lehren die F\u00e4lle Kachelmann, Strauss-Kahn, Knox & Co.?\\\" - H\u00d6CKER - der Blog\",\"isPartOf\":{\"@id\":\"https:\/\/www.hoecker.eu\/blog\/#website\"},\"datePublished\":\"2016-05-09T17:45:52+00:00\",\"dateModified\":\"2025-02-17T14:00:34+00:00\",\"breadcrumb\":{\"@id\":\"https:\/\/www.hoecker.eu\/blog\/prof-hoecker-spricht-heute-beim-krisenkommunikationsgipfel-an-der-universitaet-zu-koeln-zum-thema-anwaltliche-pressearbeit-im-strafverfahren-was-lehren-die-faelle-kachelmann-strauss-kahn-knox-c\/#breadcrumb\"},\"inLanguage\":\"de\",\"potentialAction\":[{\"@type\":\"ReadAction\",\"target\":[\"https:\/\/www.hoecker.eu\/blog\/prof-hoecker-spricht-heute-beim-krisenkommunikationsgipfel-an-der-universitaet-zu-koeln-zum-thema-anwaltliche-pressearbeit-im-strafverfahren-was-lehren-die-faelle-kachelmann-strauss-kahn-knox-c\/\"]}]},{\"@type\":\"BreadcrumbList\",\"@id\":\"https:\/\/www.hoecker.eu\/blog\/prof-hoecker-spricht-heute-beim-krisenkommunikationsgipfel-an-der-universitaet-zu-koeln-zum-thema-anwaltliche-pressearbeit-im-strafverfahren-was-lehren-die-faelle-kachelmann-strauss-kahn-knox-c\/#breadcrumb\",\"itemListElement\":[{\"@type\":\"ListItem\",\"position\":1,\"name\":\"Startseite\",\"item\":\"https:\/\/dev.hoecker.eu\/blog\/\"},{\"@type\":\"ListItem\",\"position\":2,\"name\":\"Prof. H\u00f6cker spricht heute beim Krisenkommunikationsgipfel an der Universit\u00e4t zu K\u00f6ln zum Thema &#8220;Anwaltliche Pressearbeit im Strafverfahren: Was lehren die F\u00e4lle Kachelmann, Strauss-Kahn, Knox &#038; Co.?&#8221;\"}]},{\"@type\":\"WebSite\",\"@id\":\"https:\/\/www.hoecker.eu\/blog\/#website\",\"url\":\"https:\/\/www.hoecker.eu\/blog\/\",\"name\":\"H\u00d6CKER - der Blog\",\"description\":\"Expertenblog f\u00fcr \u00c4u\u00dferungs-, Medien-, Marken-, Urheber- und Wettbewerbsrecht.\",\"publisher\":{\"@id\":\"https:\/\/www.hoecker.eu\/blog\/#organization\"},\"potentialAction\":[{\"@type\":\"SearchAction\",\"target\":{\"@type\":\"EntryPoint\",\"urlTemplate\":\"https:\/\/www.hoecker.eu\/blog\/?s={search_term_string}\"},\"query-input\":{\"@type\":\"PropertyValueSpecification\",\"valueRequired\":true,\"valueName\":\"search_term_string\"}}],\"inLanguage\":\"de\"},{\"@type\":\"Organization\",\"@id\":\"https:\/\/www.hoecker.eu\/blog\/#organization\",\"name\":\"H\u00d6CKER Rechtsanw\u00e4lte PartGmbB\",\"alternateName\":\"H\u00d6CKER\",\"url\":\"https:\/\/www.hoecker.eu\/blog\/\",\"logo\":{\"@type\":\"ImageObject\",\"inLanguage\":\"de\",\"@id\":\"https:\/\/www.hoecker.eu\/blog\/#\/schema\/logo\/image\/\",\"url\":\"https:\/\/www.hoecker.eu\/blog\/wp-content\/uploads\/2025\/03\/Blog-Logo.webp\",\"contentUrl\":\"https:\/\/www.hoecker.eu\/blog\/wp-content\/uploads\/2025\/03\/Blog-Logo.webp\",\"width\":500,\"height\":500,\"caption\":\"H\u00d6CKER Rechtsanw\u00e4lte PartGmbB\"},\"image\":{\"@id\":\"https:\/\/www.hoecker.eu\/blog\/#\/schema\/logo\/image\/\"},\"sameAs\":[\"https:\/\/www.facebook.com\/HoeckerRAe\/\",\"https:\/\/x.com\/hoecker_rae\",\"https:\/\/www.linkedin.com\/company\/hcker-rechtsanwlte\/\",\"https:\/\/www.instagram.com\/hoecker_rae\/\"],\"email\":\"contact@hoecker.eu\",\"telephone\":\"+ 49 (0)221-933 19-10\",\"legalName\":\"H\u00d6CKER Rechtsanw\u00e4lte PartGmbB\",\"numberOfEmployees\":{\"@type\":\"QuantitativeValue\",\"minValue\":\"11\",\"maxValue\":\"50\"}},{\"@type\":\"Person\",\"@id\":\"https:\/\/www.hoecker.eu\/blog\/#\/schema\/person\/08f95581eed0534eccd0b2438f7a1cab\",\"name\":\"Prof. Dr. Ralf H\u00f6cker\",\"description\":\"Medienanwalt. Besch\u00fctzer vor mieser Presse\",\"sameAs\":[\"https:\/\/www.hoecker.eu\/wer\/prof-dr-ralf-hoecker\",\"https:\/\/www.facebook.com\/ralf.hoecker\",\"https:\/\/www.linkedin.com\/in\/prof-dr-ralf-hcker-ll-m-london-17987826\/\",\"https:\/\/x.com\/Ralf_Hoecker\"],\"url\":\"https:\/\/www.hoecker.eu\/blog\/author\/hoecker_adm\/\"}]}<\/script>\n<!-- \/ Yoast SEO Premium plugin. -->","yoast_head_json":{"title":"Prof. H\u00f6cker spricht heute beim Krisenkommunikationsgipfel an der Universit\u00e4t zu K\u00f6ln zum Thema \"Anwaltliche Pressearbeit im Strafverfahren: Was lehren die F\u00e4lle Kachelmann, Strauss-Kahn, Knox & Co.?\" - H\u00d6CKER - der Blog","robots":{"index":"index","follow":"follow","max-snippet":"max-snippet:-1","max-image-preview":"max-image-preview:large","max-video-preview":"max-video-preview:-1"},"canonical":"https:\/\/www.hoecker.eu\/blog\/prof-hoecker-spricht-heute-beim-krisenkommunikationsgipfel-an-der-universitaet-zu-koeln-zum-thema-anwaltliche-pressearbeit-im-strafverfahren-was-lehren-die-faelle-kachelmann-strauss-kahn-knox-c\/","og_locale":"de_DE","og_type":"article","og_title":"Prof. H\u00f6cker spricht heute beim Krisenkommunikationsgipfel an der Universit\u00e4t zu K\u00f6ln zum Thema \"Anwaltliche Pressearbeit im Strafverfahren: Was lehren die F\u00e4lle Kachelmann, Strauss-Kahn, Knox & Co.?\"","og_description":"Der Krisenkommunikationsgipfel 2012&nbsp;hat das Thema &#8220;Zu Unrecht am Pranger? &#8211; Wie Pressesprecher, Journalisten und Juristen ihren guten Ruf in Krisenzeiten sch&uuml;tzen k&ouml;nnen&#8221;. Veranstalter&nbsp;sind &#8220;Krisennavigator &ndash; Institut f&uuml;r Krisenforschung&#8221;, ein &#8220;Spin-Off&#8221; der Universit&auml;t Kiel und das Institut f&uuml;r Medienrecht und Kommunikationsrecht der Universit&auml;t zu K&ouml;ln. Der Gipfel findet statt am&nbsp;22.03.2012 im H&ouml;rsaal HS 1 im ersten [&hellip;]","og_url":"https:\/\/www.hoecker.eu\/blog\/prof-hoecker-spricht-heute-beim-krisenkommunikationsgipfel-an-der-universitaet-zu-koeln-zum-thema-anwaltliche-pressearbeit-im-strafverfahren-was-lehren-die-faelle-kachelmann-strauss-kahn-knox-c\/","og_site_name":"H\u00d6CKER - der Blog","article_publisher":"https:\/\/www.facebook.com\/HoeckerRAe\/","article_author":"https:\/\/www.facebook.com\/ralf.hoecker","article_published_time":"2016-05-09T17:45:52+00:00","article_modified_time":"2025-02-17T14:00:34+00:00","author":"Prof. Dr. Ralf H\u00f6cker","twitter_card":"summary_large_image","twitter_creator":"@Ralf_Hoecker","twitter_site":"@hoecker_rae","twitter_misc":{"Verfasst von":"Prof. Dr. Ralf H\u00f6cker","Gesch\u00e4tzte Lesezeit":"2\u00a0Minuten"},"schema":{"@context":"https:\/\/schema.org","@graph":[{"@type":"Article","@id":"https:\/\/www.hoecker.eu\/blog\/prof-hoecker-spricht-heute-beim-krisenkommunikationsgipfel-an-der-universitaet-zu-koeln-zum-thema-anwaltliche-pressearbeit-im-strafverfahren-was-lehren-die-faelle-kachelmann-strauss-kahn-knox-c\/#article","isPartOf":{"@id":"https:\/\/www.hoecker.eu\/blog\/prof-hoecker-spricht-heute-beim-krisenkommunikationsgipfel-an-der-universitaet-zu-koeln-zum-thema-anwaltliche-pressearbeit-im-strafverfahren-was-lehren-die-faelle-kachelmann-strauss-kahn-knox-c\/"},"author":{"name":"Prof. Dr. Ralf H\u00f6cker","@id":"https:\/\/www.hoecker.eu\/blog\/#\/schema\/person\/08f95581eed0534eccd0b2438f7a1cab"},"headline":"Prof. H\u00f6cker spricht heute beim Krisenkommunikationsgipfel an der Universit\u00e4t zu K\u00f6ln zum Thema &#8220;Anwaltliche Pressearbeit im Strafverfahren: Was lehren die F\u00e4lle Kachelmann, Strauss-Kahn, Knox &#038; Co.?&#8221;","datePublished":"2016-05-09T17:45:52+00:00","dateModified":"2025-02-17T14:00:34+00:00","mainEntityOfPage":{"@id":"https:\/\/www.hoecker.eu\/blog\/prof-hoecker-spricht-heute-beim-krisenkommunikationsgipfel-an-der-universitaet-zu-koeln-zum-thema-anwaltliche-pressearbeit-im-strafverfahren-was-lehren-die-faelle-kachelmann-strauss-kahn-knox-c\/"},"wordCount":419,"publisher":{"@id":"https:\/\/www.hoecker.eu\/blog\/#organization"},"articleSection":["News"],"inLanguage":"de"},{"@type":"WebPage","@id":"https:\/\/www.hoecker.eu\/blog\/prof-hoecker-spricht-heute-beim-krisenkommunikationsgipfel-an-der-universitaet-zu-koeln-zum-thema-anwaltliche-pressearbeit-im-strafverfahren-was-lehren-die-faelle-kachelmann-strauss-kahn-knox-c\/","url":"https:\/\/www.hoecker.eu\/blog\/prof-hoecker-spricht-heute-beim-krisenkommunikationsgipfel-an-der-universitaet-zu-koeln-zum-thema-anwaltliche-pressearbeit-im-strafverfahren-was-lehren-die-faelle-kachelmann-strauss-kahn-knox-c\/","name":"Prof. H\u00f6cker spricht heute beim Krisenkommunikationsgipfel an der Universit\u00e4t zu K\u00f6ln zum Thema \"Anwaltliche Pressearbeit im Strafverfahren: Was lehren die F\u00e4lle Kachelmann, Strauss-Kahn, Knox & Co.?\" - H\u00d6CKER - der Blog","isPartOf":{"@id":"https:\/\/www.hoecker.eu\/blog\/#website"},"datePublished":"2016-05-09T17:45:52+00:00","dateModified":"2025-02-17T14:00:34+00:00","breadcrumb":{"@id":"https:\/\/www.hoecker.eu\/blog\/prof-hoecker-spricht-heute-beim-krisenkommunikationsgipfel-an-der-universitaet-zu-koeln-zum-thema-anwaltliche-pressearbeit-im-strafverfahren-was-lehren-die-faelle-kachelmann-strauss-kahn-knox-c\/#breadcrumb"},"inLanguage":"de","potentialAction":[{"@type":"ReadAction","target":["https:\/\/www.hoecker.eu\/blog\/prof-hoecker-spricht-heute-beim-krisenkommunikationsgipfel-an-der-universitaet-zu-koeln-zum-thema-anwaltliche-pressearbeit-im-strafverfahren-was-lehren-die-faelle-kachelmann-strauss-kahn-knox-c\/"]}]},{"@type":"BreadcrumbList","@id":"https:\/\/www.hoecker.eu\/blog\/prof-hoecker-spricht-heute-beim-krisenkommunikationsgipfel-an-der-universitaet-zu-koeln-zum-thema-anwaltliche-pressearbeit-im-strafverfahren-was-lehren-die-faelle-kachelmann-strauss-kahn-knox-c\/#breadcrumb","itemListElement":[{"@type":"ListItem","position":1,"name":"Startseite","item":"https:\/\/dev.hoecker.eu\/blog\/"},{"@type":"ListItem","position":2,"name":"Prof. H\u00f6cker spricht heute beim Krisenkommunikationsgipfel an der Universit\u00e4t zu K\u00f6ln zum Thema &#8220;Anwaltliche Pressearbeit im Strafverfahren: Was lehren die F\u00e4lle Kachelmann, Strauss-Kahn, Knox &#038; Co.?&#8221;"}]},{"@type":"WebSite","@id":"https:\/\/www.hoecker.eu\/blog\/#website","url":"https:\/\/www.hoecker.eu\/blog\/","name":"H\u00d6CKER - der Blog","description":"Expertenblog f\u00fcr \u00c4u\u00dferungs-, Medien-, Marken-, Urheber- und Wettbewerbsrecht.","publisher":{"@id":"https:\/\/www.hoecker.eu\/blog\/#organization"},"potentialAction":[{"@type":"SearchAction","target":{"@type":"EntryPoint","urlTemplate":"https:\/\/www.hoecker.eu\/blog\/?s={search_term_string}"},"query-input":{"@type":"PropertyValueSpecification","valueRequired":true,"valueName":"search_term_string"}}],"inLanguage":"de"},{"@type":"Organization","@id":"https:\/\/www.hoecker.eu\/blog\/#organization","name":"H\u00d6CKER Rechtsanw\u00e4lte PartGmbB","alternateName":"H\u00d6CKER","url":"https:\/\/www.hoecker.eu\/blog\/","logo":{"@type":"ImageObject","inLanguage":"de","@id":"https:\/\/www.hoecker.eu\/blog\/#\/schema\/logo\/image\/","url":"https:\/\/www.hoecker.eu\/blog\/wp-content\/uploads\/2025\/03\/Blog-Logo.webp","contentUrl":"https:\/\/www.hoecker.eu\/blog\/wp-content\/uploads\/2025\/03\/Blog-Logo.webp","width":500,"height":500,"caption":"H\u00d6CKER Rechtsanw\u00e4lte PartGmbB"},"image":{"@id":"https:\/\/www.hoecker.eu\/blog\/#\/schema\/logo\/image\/"},"sameAs":["https:\/\/www.facebook.com\/HoeckerRAe\/","https:\/\/x.com\/hoecker_rae","https:\/\/www.linkedin.com\/company\/hcker-rechtsanwlte\/","https:\/\/www.instagram.com\/hoecker_rae\/"],"email":"contact@hoecker.eu","telephone":"+ 49 (0)221-933 19-10","legalName":"H\u00d6CKER Rechtsanw\u00e4lte PartGmbB","numberOfEmployees":{"@type":"QuantitativeValue","minValue":"11","maxValue":"50"}},{"@type":"Person","@id":"https:\/\/www.hoecker.eu\/blog\/#\/schema\/person\/08f95581eed0534eccd0b2438f7a1cab","name":"Prof. Dr. Ralf H\u00f6cker","description":"Medienanwalt. Besch\u00fctzer vor mieser Presse","sameAs":["https:\/\/www.hoecker.eu\/wer\/prof-dr-ralf-hoecker","https:\/\/www.facebook.com\/ralf.hoecker","https:\/\/www.linkedin.com\/in\/prof-dr-ralf-hcker-ll-m-london-17987826\/","https:\/\/x.com\/Ralf_Hoecker"],"url":"https:\/\/www.hoecker.eu\/blog\/author\/hoecker_adm\/"}]}},"authors":[{"term_id":84,"user_id":1,"is_guest":0,"slug":"hoecker_adm","display_name":"Prof. Dr. Ralf H\u00f6cker","avatar_url":{"url":"https:\/\/www.hoecker.eu\/blog\/wp-content\/uploads\/2023\/12\/ProfDrRalfHoecker.jpg","url2x":"https:\/\/www.hoecker.eu\/blog\/wp-content\/uploads\/2023\/12\/ProfDrRalfHoecker.jpg"},"0":null,"1":"","2":"","3":"","4":"","5":"","6":"","7":"","8":"","9":"","10":"","11":""}],"_links":{"self":[{"href":"https:\/\/www.hoecker.eu\/blog\/wp-json\/wp\/v2\/posts\/8664","targetHints":{"allow":["GET"]}}],"collection":[{"href":"https:\/\/www.hoecker.eu\/blog\/wp-json\/wp\/v2\/posts"}],"about":[{"href":"https:\/\/www.hoecker.eu\/blog\/wp-json\/wp\/v2\/types\/post"}],"author":[{"embeddable":true,"href":"https:\/\/www.hoecker.eu\/blog\/wp-json\/wp\/v2\/users\/1"}],"replies":[{"embeddable":true,"href":"https:\/\/www.hoecker.eu\/blog\/wp-json\/wp\/v2\/comments?post=8664"}],"version-history":[{"count":1,"href":"https:\/\/www.hoecker.eu\/blog\/wp-json\/wp\/v2\/posts\/8664\/revisions"}],"predecessor-version":[{"id":9786,"href":"https:\/\/www.hoecker.eu\/blog\/wp-json\/wp\/v2\/posts\/8664\/revisions\/9786"}],"wp:attachment":[{"href":"https:\/\/www.hoecker.eu\/blog\/wp-json\/wp\/v2\/media?parent=8664"}],"wp:term":[{"taxonomy":"category","embeddable":true,"href":"https:\/\/www.hoecker.eu\/blog\/wp-json\/wp\/v2\/categories?post=8664"},{"taxonomy":"post_tag","embeddable":true,"href":"https:\/\/www.hoecker.eu\/blog\/wp-json\/wp\/v2\/tags?post=8664"},{"taxonomy":"hashtags","embeddable":true,"href":"https:\/\/www.hoecker.eu\/blog\/wp-json\/wp\/v2\/hashtags?post=8664"},{"taxonomy":"author","embeddable":true,"href":"https:\/\/www.hoecker.eu\/blog\/wp-json\/wp\/v2\/ppma_author?post=8664"}],"curies":[{"name":"wp","href":"https:\/\/api.w.org\/{rel}","templated":true}]}}