{"id":8659,"date":"2016-05-09T19:48:49","date_gmt":"2016-05-09T17:48:49","guid":{"rendered":"https:\/\/www.hoecker.eu\/blog\/gegen-urheberrechts-piraten-hoecker-anwalt-dr-sven-dierkes-aeussert-sich-in-der-grossen-handelsblatt-aktion-mein-kopf-gehoert-mir-zum-schutz-kreativer-leistungen\/"},"modified":"2025-02-17T15:00:31","modified_gmt":"2025-02-17T14:00:31","slug":"gegen-urheberrechts-piraten-hoecker-anwalt-dr-sven-dierkes-aeussert-sich-in-der-grossen-handelsblatt-aktion-mein-kopf-gehoert-mir-zum-schutz-kreativer-leistungen","status":"publish","type":"post","link":"https:\/\/www.hoecker.eu\/blog\/gegen-urheberrechts-piraten-hoecker-anwalt-dr-sven-dierkes-aeussert-sich-in-der-grossen-handelsblatt-aktion-mein-kopf-gehoert-mir-zum-schutz-kreativer-leistungen\/","title":{"rendered":"Gegen &#8220;Urheberrechts-Piraten&#8221;: H\u00d6CKER-Anwalt Dr. Sven Dierkes \u00e4u\u00dfert sich in der gro\u00dfen Handelsblatt-Aktion &#8220;Mein Kopf geh\u00f6rt mir&#8221; zum Schutz kreativer Leistungen."},"content":{"rendered":"<p class=\"flies\">Das Handelsblatt&nbsp;schreibt zu seiner Aktion &#8220;Mein Kopf geh&ouml;rt mir&#8221; am&nbsp;06.04.2012:<\/p>\n<p class=\"flies\"><em>&#8220;Mehr als eine Million Kreative in Deutschland leben von den Eink&uuml;nften, die ihnen ihre Texte, Lieder, Filme und Patente bringen. Denker, T&uuml;ftler und Dichter fordern im Handelsblatt: Auch k&uuml;nftig muss, wer immaterielle Werte schafft, entlohnt werden. Eine Gesellschaft, die ihre Kreativen vernachl&auml;ssigt, beraubt sich der Zukunft.&#8221;<\/em><\/p>\n<p class=\"flies\">H&Ouml;CKER unterst&uuml;tzt nachdr&uuml;cklich die Aktion des Handelsblatts, denn geistiges Eigentum darf nicht von Urheberrechts-Piraten &#8220;gekapert&#8221; werden.&nbsp;Im Rahmen der Aktion&nbsp;zitiert das Handelsblatt&nbsp;auch den H&Ouml;CKER-Urheberrechtsspezialisten RA Dr. Sven Dierkes:<\/p>\n<p><strong class=\"flies\"><em>&#8220;Kreative Leistungen sind auch Wirtschaftsgut<\/em><\/strong><\/p>\n<p><em class=\"flies\"><em>Kreative Leistungen werden<\/em> <em>von Menschen erbracht. Sie sind ebenso Ausdrucksform des individuellen Geistes wie Wirtschaftsgut. Nur wenn wir die materiellen und ideellen Interessen von Urhebern auch k&uuml;nftig angemessen sch&uuml;tzen, werden sich Kunst, Kultur und Wissenschaft ungehindert fortentwickeln. Denn sprechen wir den Urhebern das Recht ab, frei &uuml;ber ihr geistiges Eigentum zu verf&uuml;gen, wird das kreative Schaffen zu einem Luxus verk&uuml;mmern, den man sich leisten k&ouml;nnen muss. Daran sollten im Land der Dichter und Denker eigentlich auch diejenigen kein Interesse haben, die den freien Zugang zu geistigem Eigentum unter dem verfehlten Hinweis darauf fordern, dass im Allgemeinen f&uuml;r die Schaffung von Werken auf den &ouml;ffentlichen Schatz an Sch&ouml;pfungen zur&uuml;ckgegriffen werde. Derart plakative Meinungen missachten nicht nur die Leistungen der Urheber. Sie gef&auml;hrden den Standort Deutschland, der in ganz erheblichem Ma&szlig;e von Autoren, Designern, Forschern, Ingenieuren<\/em> <em>und der Kreativit&auml;t zahlloser anderer Urheber profitiert.&#8221;<\/em><\/em><\/p>\n<p><a class=\"flies\" href=\"http:\/\/www.handelsblatt.com\/meinung\/kommentare\/mein-kopf-gehoert-mir-statements-aus-wissenschaft-und-recht\/6484148.html\">http:\/\/www.handelsblatt.com\/meinung\/kommentare\/mein-kopf-gehoert-mir-statements-aus-wissenschaft-und-recht\/6484148.html<\/a><\/p>\n","protected":false},"excerpt":{"rendered":"<p>Das Handelsblatt&nbsp;schreibt zu seiner Aktion &#8220;Mein Kopf geh&ouml;rt mir&#8221; am&nbsp;06.04.2012: &#8220;Mehr als eine Million Kreative in Deutschland leben von den Eink&uuml;nften, die ihnen ihre Texte, Lieder, Filme und Patente bringen. Denker, T&uuml;ftler und Dichter fordern im Handelsblatt: Auch k&uuml;nftig muss, wer immaterielle Werte schafft, entlohnt werden. Eine Gesellschaft, die ihre Kreativen vernachl&auml;ssigt, beraubt sich der [&hellip;]<\/p>\n","protected":false},"author":1,"featured_media":0,"comment_status":"closed","ping_status":"closed","sticky":false,"template":"","format":"standard","meta":{"_has_post_settings":[],"footnotes":""},"categories":[15],"tags":[],"hashtags":[],"ppma_author":[84],"class_list":["post-8659","post","type-post","status-publish","format-standard","hentry","category-news","author-hoecker_adm"],"yoast_head":"<!-- This site is optimized with the Yoast SEO Premium plugin v25.9 (Yoast SEO v27.0) - https:\/\/yoast.com\/product\/yoast-seo-premium-wordpress\/ -->\n<title>Gegen &quot;Urheberrechts-Piraten&quot;: H\u00d6CKER-Anwalt Dr. Sven Dierkes \u00e4u\u00dfert sich in der gro\u00dfen Handelsblatt-Aktion &quot;Mein Kopf geh\u00f6rt mir&quot; zum Schutz kreativer Leistungen. - H\u00d6CKER - der Blog<\/title>\n<meta name=\"robots\" content=\"index, follow, max-snippet:-1, max-image-preview:large, max-video-preview:-1\" \/>\n<link rel=\"canonical\" href=\"https:\/\/www.hoecker.eu\/blog\/gegen-urheberrechts-piraten-hoecker-anwalt-dr-sven-dierkes-aeussert-sich-in-der-grossen-handelsblatt-aktion-mein-kopf-gehoert-mir-zum-schutz-kreativer-leistungen\/\" \/>\n<meta property=\"og:locale\" content=\"de_DE\" \/>\n<meta property=\"og:type\" content=\"article\" \/>\n<meta property=\"og:title\" content=\"Gegen &quot;Urheberrechts-Piraten&quot;: H\u00d6CKER-Anwalt Dr. Sven Dierkes \u00e4u\u00dfert sich in der gro\u00dfen Handelsblatt-Aktion &quot;Mein Kopf geh\u00f6rt mir&quot; zum Schutz kreativer Leistungen.\" \/>\n<meta property=\"og:description\" content=\"Das Handelsblatt&nbsp;schreibt zu seiner Aktion &#8220;Mein Kopf geh&ouml;rt mir&#8221; am&nbsp;06.04.2012: &#8220;Mehr als eine Million Kreative in Deutschland leben von den Eink&uuml;nften, die ihnen ihre Texte, Lieder, Filme und Patente bringen. Denker, T&uuml;ftler und Dichter fordern im Handelsblatt: Auch k&uuml;nftig muss, wer immaterielle Werte schafft, entlohnt werden. Eine Gesellschaft, die ihre Kreativen vernachl&auml;ssigt, beraubt sich der [&hellip;]\" \/>\n<meta property=\"og:url\" content=\"https:\/\/www.hoecker.eu\/blog\/gegen-urheberrechts-piraten-hoecker-anwalt-dr-sven-dierkes-aeussert-sich-in-der-grossen-handelsblatt-aktion-mein-kopf-gehoert-mir-zum-schutz-kreativer-leistungen\/\" \/>\n<meta property=\"og:site_name\" content=\"H\u00d6CKER - der Blog\" \/>\n<meta property=\"article:publisher\" content=\"https:\/\/www.facebook.com\/HoeckerRAe\/\" \/>\n<meta property=\"article:author\" content=\"https:\/\/www.facebook.com\/ralf.hoecker\" \/>\n<meta property=\"article:published_time\" content=\"2016-05-09T17:48:49+00:00\" \/>\n<meta property=\"article:modified_time\" content=\"2025-02-17T14:00:31+00:00\" \/>\n<meta name=\"author\" content=\"Prof. Dr. Ralf H\u00f6cker\" \/>\n<meta name=\"twitter:card\" content=\"summary_large_image\" \/>\n<meta name=\"twitter:creator\" content=\"@Ralf_Hoecker\" \/>\n<meta name=\"twitter:site\" content=\"@hoecker_rae\" \/>\n<meta name=\"twitter:label1\" content=\"Verfasst von\" \/>\n\t<meta name=\"twitter:data1\" content=\"Prof. Dr. Ralf H\u00f6cker\" \/>\n\t<meta name=\"twitter:label2\" content=\"Gesch\u00e4tzte Lesezeit\" \/>\n\t<meta name=\"twitter:data2\" content=\"1\u00a0Minute\" \/>\n<script type=\"application\/ld+json\" class=\"yoast-schema-graph\">{\"@context\":\"https:\/\/schema.org\",\"@graph\":[{\"@type\":\"Article\",\"@id\":\"https:\/\/www.hoecker.eu\/blog\/gegen-urheberrechts-piraten-hoecker-anwalt-dr-sven-dierkes-aeussert-sich-in-der-grossen-handelsblatt-aktion-mein-kopf-gehoert-mir-zum-schutz-kreativer-leistungen\/#article\",\"isPartOf\":{\"@id\":\"https:\/\/www.hoecker.eu\/blog\/gegen-urheberrechts-piraten-hoecker-anwalt-dr-sven-dierkes-aeussert-sich-in-der-grossen-handelsblatt-aktion-mein-kopf-gehoert-mir-zum-schutz-kreativer-leistungen\/\"},\"author\":{\"name\":\"Prof. Dr. Ralf H\u00f6cker\",\"@id\":\"https:\/\/www.hoecker.eu\/blog\/#\/schema\/person\/08f95581eed0534eccd0b2438f7a1cab\"},\"headline\":\"Gegen &#8220;Urheberrechts-Piraten&#8221;: H\u00d6CKER-Anwalt Dr. Sven Dierkes \u00e4u\u00dfert sich in der gro\u00dfen Handelsblatt-Aktion &#8220;Mein Kopf geh\u00f6rt mir&#8221; zum Schutz kreativer Leistungen.\",\"datePublished\":\"2016-05-09T17:48:49+00:00\",\"dateModified\":\"2025-02-17T14:00:31+00:00\",\"mainEntityOfPage\":{\"@id\":\"https:\/\/www.hoecker.eu\/blog\/gegen-urheberrechts-piraten-hoecker-anwalt-dr-sven-dierkes-aeussert-sich-in-der-grossen-handelsblatt-aktion-mein-kopf-gehoert-mir-zum-schutz-kreativer-leistungen\/\"},\"wordCount\":312,\"publisher\":{\"@id\":\"https:\/\/www.hoecker.eu\/blog\/#organization\"},\"articleSection\":[\"News\"],\"inLanguage\":\"de\"},{\"@type\":\"WebPage\",\"@id\":\"https:\/\/www.hoecker.eu\/blog\/gegen-urheberrechts-piraten-hoecker-anwalt-dr-sven-dierkes-aeussert-sich-in-der-grossen-handelsblatt-aktion-mein-kopf-gehoert-mir-zum-schutz-kreativer-leistungen\/\",\"url\":\"https:\/\/www.hoecker.eu\/blog\/gegen-urheberrechts-piraten-hoecker-anwalt-dr-sven-dierkes-aeussert-sich-in-der-grossen-handelsblatt-aktion-mein-kopf-gehoert-mir-zum-schutz-kreativer-leistungen\/\",\"name\":\"Gegen \\\"Urheberrechts-Piraten\\\": H\u00d6CKER-Anwalt Dr. Sven Dierkes \u00e4u\u00dfert sich in der gro\u00dfen Handelsblatt-Aktion \\\"Mein Kopf geh\u00f6rt mir\\\" zum Schutz kreativer Leistungen. - H\u00d6CKER - der Blog\",\"isPartOf\":{\"@id\":\"https:\/\/www.hoecker.eu\/blog\/#website\"},\"datePublished\":\"2016-05-09T17:48:49+00:00\",\"dateModified\":\"2025-02-17T14:00:31+00:00\",\"breadcrumb\":{\"@id\":\"https:\/\/www.hoecker.eu\/blog\/gegen-urheberrechts-piraten-hoecker-anwalt-dr-sven-dierkes-aeussert-sich-in-der-grossen-handelsblatt-aktion-mein-kopf-gehoert-mir-zum-schutz-kreativer-leistungen\/#breadcrumb\"},\"inLanguage\":\"de\",\"potentialAction\":[{\"@type\":\"ReadAction\",\"target\":[\"https:\/\/www.hoecker.eu\/blog\/gegen-urheberrechts-piraten-hoecker-anwalt-dr-sven-dierkes-aeussert-sich-in-der-grossen-handelsblatt-aktion-mein-kopf-gehoert-mir-zum-schutz-kreativer-leistungen\/\"]}]},{\"@type\":\"BreadcrumbList\",\"@id\":\"https:\/\/www.hoecker.eu\/blog\/gegen-urheberrechts-piraten-hoecker-anwalt-dr-sven-dierkes-aeussert-sich-in-der-grossen-handelsblatt-aktion-mein-kopf-gehoert-mir-zum-schutz-kreativer-leistungen\/#breadcrumb\",\"itemListElement\":[{\"@type\":\"ListItem\",\"position\":1,\"name\":\"Startseite\",\"item\":\"https:\/\/dev.hoecker.eu\/blog\/\"},{\"@type\":\"ListItem\",\"position\":2,\"name\":\"Gegen &#8220;Urheberrechts-Piraten&#8221;: H\u00d6CKER-Anwalt Dr. Sven Dierkes \u00e4u\u00dfert sich in der gro\u00dfen Handelsblatt-Aktion &#8220;Mein Kopf geh\u00f6rt mir&#8221; zum Schutz kreativer Leistungen.\"}]},{\"@type\":\"WebSite\",\"@id\":\"https:\/\/www.hoecker.eu\/blog\/#website\",\"url\":\"https:\/\/www.hoecker.eu\/blog\/\",\"name\":\"H\u00d6CKER - der Blog\",\"description\":\"Expertenblog f\u00fcr \u00c4u\u00dferungs-, Medien-, Marken-, Urheber- und Wettbewerbsrecht.\",\"publisher\":{\"@id\":\"https:\/\/www.hoecker.eu\/blog\/#organization\"},\"potentialAction\":[{\"@type\":\"SearchAction\",\"target\":{\"@type\":\"EntryPoint\",\"urlTemplate\":\"https:\/\/www.hoecker.eu\/blog\/?s={search_term_string}\"},\"query-input\":{\"@type\":\"PropertyValueSpecification\",\"valueRequired\":true,\"valueName\":\"search_term_string\"}}],\"inLanguage\":\"de\"},{\"@type\":\"Organization\",\"@id\":\"https:\/\/www.hoecker.eu\/blog\/#organization\",\"name\":\"H\u00d6CKER Rechtsanw\u00e4lte PartGmbB\",\"alternateName\":\"H\u00d6CKER\",\"url\":\"https:\/\/www.hoecker.eu\/blog\/\",\"logo\":{\"@type\":\"ImageObject\",\"inLanguage\":\"de\",\"@id\":\"https:\/\/www.hoecker.eu\/blog\/#\/schema\/logo\/image\/\",\"url\":\"https:\/\/www.hoecker.eu\/blog\/wp-content\/uploads\/2025\/03\/Blog-Logo.webp\",\"contentUrl\":\"https:\/\/www.hoecker.eu\/blog\/wp-content\/uploads\/2025\/03\/Blog-Logo.webp\",\"width\":500,\"height\":500,\"caption\":\"H\u00d6CKER Rechtsanw\u00e4lte PartGmbB\"},\"image\":{\"@id\":\"https:\/\/www.hoecker.eu\/blog\/#\/schema\/logo\/image\/\"},\"sameAs\":[\"https:\/\/www.facebook.com\/HoeckerRAe\/\",\"https:\/\/x.com\/hoecker_rae\",\"https:\/\/www.linkedin.com\/company\/hcker-rechtsanwlte\/\",\"https:\/\/www.instagram.com\/hoecker_rae\/\"],\"email\":\"contact@hoecker.eu\",\"telephone\":\"+ 49 (0)221-933 19-10\",\"legalName\":\"H\u00d6CKER Rechtsanw\u00e4lte PartGmbB\",\"numberOfEmployees\":{\"@type\":\"QuantitativeValue\",\"minValue\":\"11\",\"maxValue\":\"50\"}},{\"@type\":\"Person\",\"@id\":\"https:\/\/www.hoecker.eu\/blog\/#\/schema\/person\/08f95581eed0534eccd0b2438f7a1cab\",\"name\":\"Prof. Dr. Ralf H\u00f6cker\",\"description\":\"Medienanwalt. Besch\u00fctzer vor mieser Presse\",\"sameAs\":[\"https:\/\/www.hoecker.eu\/wer\/prof-dr-ralf-hoecker\",\"https:\/\/www.facebook.com\/ralf.hoecker\",\"https:\/\/www.linkedin.com\/in\/prof-dr-ralf-hcker-ll-m-london-17987826\/\",\"https:\/\/x.com\/Ralf_Hoecker\"],\"url\":\"https:\/\/www.hoecker.eu\/blog\/author\/hoecker_adm\/\"}]}<\/script>\n<!-- \/ Yoast SEO Premium plugin. -->","yoast_head_json":{"title":"Gegen \"Urheberrechts-Piraten\": H\u00d6CKER-Anwalt Dr. Sven Dierkes \u00e4u\u00dfert sich in der gro\u00dfen Handelsblatt-Aktion \"Mein Kopf geh\u00f6rt mir\" zum Schutz kreativer Leistungen. - H\u00d6CKER - der Blog","robots":{"index":"index","follow":"follow","max-snippet":"max-snippet:-1","max-image-preview":"max-image-preview:large","max-video-preview":"max-video-preview:-1"},"canonical":"https:\/\/www.hoecker.eu\/blog\/gegen-urheberrechts-piraten-hoecker-anwalt-dr-sven-dierkes-aeussert-sich-in-der-grossen-handelsblatt-aktion-mein-kopf-gehoert-mir-zum-schutz-kreativer-leistungen\/","og_locale":"de_DE","og_type":"article","og_title":"Gegen \"Urheberrechts-Piraten\": H\u00d6CKER-Anwalt Dr. Sven Dierkes \u00e4u\u00dfert sich in der gro\u00dfen Handelsblatt-Aktion \"Mein Kopf geh\u00f6rt mir\" zum Schutz kreativer Leistungen.","og_description":"Das Handelsblatt&nbsp;schreibt zu seiner Aktion &#8220;Mein Kopf geh&ouml;rt mir&#8221; am&nbsp;06.04.2012: &#8220;Mehr als eine Million Kreative in Deutschland leben von den Eink&uuml;nften, die ihnen ihre Texte, Lieder, Filme und Patente bringen. Denker, T&uuml;ftler und Dichter fordern im Handelsblatt: Auch k&uuml;nftig muss, wer immaterielle Werte schafft, entlohnt werden. Eine Gesellschaft, die ihre Kreativen vernachl&auml;ssigt, beraubt sich der [&hellip;]","og_url":"https:\/\/www.hoecker.eu\/blog\/gegen-urheberrechts-piraten-hoecker-anwalt-dr-sven-dierkes-aeussert-sich-in-der-grossen-handelsblatt-aktion-mein-kopf-gehoert-mir-zum-schutz-kreativer-leistungen\/","og_site_name":"H\u00d6CKER - der Blog","article_publisher":"https:\/\/www.facebook.com\/HoeckerRAe\/","article_author":"https:\/\/www.facebook.com\/ralf.hoecker","article_published_time":"2016-05-09T17:48:49+00:00","article_modified_time":"2025-02-17T14:00:31+00:00","author":"Prof. Dr. Ralf H\u00f6cker","twitter_card":"summary_large_image","twitter_creator":"@Ralf_Hoecker","twitter_site":"@hoecker_rae","twitter_misc":{"Verfasst von":"Prof. Dr. Ralf H\u00f6cker","Gesch\u00e4tzte Lesezeit":"1\u00a0Minute"},"schema":{"@context":"https:\/\/schema.org","@graph":[{"@type":"Article","@id":"https:\/\/www.hoecker.eu\/blog\/gegen-urheberrechts-piraten-hoecker-anwalt-dr-sven-dierkes-aeussert-sich-in-der-grossen-handelsblatt-aktion-mein-kopf-gehoert-mir-zum-schutz-kreativer-leistungen\/#article","isPartOf":{"@id":"https:\/\/www.hoecker.eu\/blog\/gegen-urheberrechts-piraten-hoecker-anwalt-dr-sven-dierkes-aeussert-sich-in-der-grossen-handelsblatt-aktion-mein-kopf-gehoert-mir-zum-schutz-kreativer-leistungen\/"},"author":{"name":"Prof. Dr. Ralf H\u00f6cker","@id":"https:\/\/www.hoecker.eu\/blog\/#\/schema\/person\/08f95581eed0534eccd0b2438f7a1cab"},"headline":"Gegen &#8220;Urheberrechts-Piraten&#8221;: H\u00d6CKER-Anwalt Dr. Sven Dierkes \u00e4u\u00dfert sich in der gro\u00dfen Handelsblatt-Aktion &#8220;Mein Kopf geh\u00f6rt mir&#8221; zum Schutz kreativer Leistungen.","datePublished":"2016-05-09T17:48:49+00:00","dateModified":"2025-02-17T14:00:31+00:00","mainEntityOfPage":{"@id":"https:\/\/www.hoecker.eu\/blog\/gegen-urheberrechts-piraten-hoecker-anwalt-dr-sven-dierkes-aeussert-sich-in-der-grossen-handelsblatt-aktion-mein-kopf-gehoert-mir-zum-schutz-kreativer-leistungen\/"},"wordCount":312,"publisher":{"@id":"https:\/\/www.hoecker.eu\/blog\/#organization"},"articleSection":["News"],"inLanguage":"de"},{"@type":"WebPage","@id":"https:\/\/www.hoecker.eu\/blog\/gegen-urheberrechts-piraten-hoecker-anwalt-dr-sven-dierkes-aeussert-sich-in-der-grossen-handelsblatt-aktion-mein-kopf-gehoert-mir-zum-schutz-kreativer-leistungen\/","url":"https:\/\/www.hoecker.eu\/blog\/gegen-urheberrechts-piraten-hoecker-anwalt-dr-sven-dierkes-aeussert-sich-in-der-grossen-handelsblatt-aktion-mein-kopf-gehoert-mir-zum-schutz-kreativer-leistungen\/","name":"Gegen \"Urheberrechts-Piraten\": H\u00d6CKER-Anwalt Dr. Sven Dierkes \u00e4u\u00dfert sich in der gro\u00dfen Handelsblatt-Aktion \"Mein Kopf geh\u00f6rt mir\" zum Schutz kreativer Leistungen. - H\u00d6CKER - der Blog","isPartOf":{"@id":"https:\/\/www.hoecker.eu\/blog\/#website"},"datePublished":"2016-05-09T17:48:49+00:00","dateModified":"2025-02-17T14:00:31+00:00","breadcrumb":{"@id":"https:\/\/www.hoecker.eu\/blog\/gegen-urheberrechts-piraten-hoecker-anwalt-dr-sven-dierkes-aeussert-sich-in-der-grossen-handelsblatt-aktion-mein-kopf-gehoert-mir-zum-schutz-kreativer-leistungen\/#breadcrumb"},"inLanguage":"de","potentialAction":[{"@type":"ReadAction","target":["https:\/\/www.hoecker.eu\/blog\/gegen-urheberrechts-piraten-hoecker-anwalt-dr-sven-dierkes-aeussert-sich-in-der-grossen-handelsblatt-aktion-mein-kopf-gehoert-mir-zum-schutz-kreativer-leistungen\/"]}]},{"@type":"BreadcrumbList","@id":"https:\/\/www.hoecker.eu\/blog\/gegen-urheberrechts-piraten-hoecker-anwalt-dr-sven-dierkes-aeussert-sich-in-der-grossen-handelsblatt-aktion-mein-kopf-gehoert-mir-zum-schutz-kreativer-leistungen\/#breadcrumb","itemListElement":[{"@type":"ListItem","position":1,"name":"Startseite","item":"https:\/\/dev.hoecker.eu\/blog\/"},{"@type":"ListItem","position":2,"name":"Gegen &#8220;Urheberrechts-Piraten&#8221;: H\u00d6CKER-Anwalt Dr. Sven Dierkes \u00e4u\u00dfert sich in der gro\u00dfen Handelsblatt-Aktion &#8220;Mein Kopf geh\u00f6rt mir&#8221; zum Schutz kreativer Leistungen."}]},{"@type":"WebSite","@id":"https:\/\/www.hoecker.eu\/blog\/#website","url":"https:\/\/www.hoecker.eu\/blog\/","name":"H\u00d6CKER - der Blog","description":"Expertenblog f\u00fcr \u00c4u\u00dferungs-, Medien-, Marken-, Urheber- und Wettbewerbsrecht.","publisher":{"@id":"https:\/\/www.hoecker.eu\/blog\/#organization"},"potentialAction":[{"@type":"SearchAction","target":{"@type":"EntryPoint","urlTemplate":"https:\/\/www.hoecker.eu\/blog\/?s={search_term_string}"},"query-input":{"@type":"PropertyValueSpecification","valueRequired":true,"valueName":"search_term_string"}}],"inLanguage":"de"},{"@type":"Organization","@id":"https:\/\/www.hoecker.eu\/blog\/#organization","name":"H\u00d6CKER Rechtsanw\u00e4lte PartGmbB","alternateName":"H\u00d6CKER","url":"https:\/\/www.hoecker.eu\/blog\/","logo":{"@type":"ImageObject","inLanguage":"de","@id":"https:\/\/www.hoecker.eu\/blog\/#\/schema\/logo\/image\/","url":"https:\/\/www.hoecker.eu\/blog\/wp-content\/uploads\/2025\/03\/Blog-Logo.webp","contentUrl":"https:\/\/www.hoecker.eu\/blog\/wp-content\/uploads\/2025\/03\/Blog-Logo.webp","width":500,"height":500,"caption":"H\u00d6CKER Rechtsanw\u00e4lte PartGmbB"},"image":{"@id":"https:\/\/www.hoecker.eu\/blog\/#\/schema\/logo\/image\/"},"sameAs":["https:\/\/www.facebook.com\/HoeckerRAe\/","https:\/\/x.com\/hoecker_rae","https:\/\/www.linkedin.com\/company\/hcker-rechtsanwlte\/","https:\/\/www.instagram.com\/hoecker_rae\/"],"email":"contact@hoecker.eu","telephone":"+ 49 (0)221-933 19-10","legalName":"H\u00d6CKER Rechtsanw\u00e4lte PartGmbB","numberOfEmployees":{"@type":"QuantitativeValue","minValue":"11","maxValue":"50"}},{"@type":"Person","@id":"https:\/\/www.hoecker.eu\/blog\/#\/schema\/person\/08f95581eed0534eccd0b2438f7a1cab","name":"Prof. Dr. Ralf H\u00f6cker","description":"Medienanwalt. Besch\u00fctzer vor mieser Presse","sameAs":["https:\/\/www.hoecker.eu\/wer\/prof-dr-ralf-hoecker","https:\/\/www.facebook.com\/ralf.hoecker","https:\/\/www.linkedin.com\/in\/prof-dr-ralf-hcker-ll-m-london-17987826\/","https:\/\/x.com\/Ralf_Hoecker"],"url":"https:\/\/www.hoecker.eu\/blog\/author\/hoecker_adm\/"}]}},"authors":[{"term_id":84,"user_id":1,"is_guest":0,"slug":"hoecker_adm","display_name":"Prof. Dr. Ralf H\u00f6cker","avatar_url":{"url":"https:\/\/www.hoecker.eu\/blog\/wp-content\/uploads\/2023\/12\/ProfDrRalfHoecker.jpg","url2x":"https:\/\/www.hoecker.eu\/blog\/wp-content\/uploads\/2023\/12\/ProfDrRalfHoecker.jpg"},"0":null,"1":"","2":"","3":"","4":"","5":"","6":"","7":"","8":"","9":"","10":"","11":""}],"_links":{"self":[{"href":"https:\/\/www.hoecker.eu\/blog\/wp-json\/wp\/v2\/posts\/8659","targetHints":{"allow":["GET"]}}],"collection":[{"href":"https:\/\/www.hoecker.eu\/blog\/wp-json\/wp\/v2\/posts"}],"about":[{"href":"https:\/\/www.hoecker.eu\/blog\/wp-json\/wp\/v2\/types\/post"}],"author":[{"embeddable":true,"href":"https:\/\/www.hoecker.eu\/blog\/wp-json\/wp\/v2\/users\/1"}],"replies":[{"embeddable":true,"href":"https:\/\/www.hoecker.eu\/blog\/wp-json\/wp\/v2\/comments?post=8659"}],"version-history":[{"count":1,"href":"https:\/\/www.hoecker.eu\/blog\/wp-json\/wp\/v2\/posts\/8659\/revisions"}],"predecessor-version":[{"id":9781,"href":"https:\/\/www.hoecker.eu\/blog\/wp-json\/wp\/v2\/posts\/8659\/revisions\/9781"}],"wp:attachment":[{"href":"https:\/\/www.hoecker.eu\/blog\/wp-json\/wp\/v2\/media?parent=8659"}],"wp:term":[{"taxonomy":"category","embeddable":true,"href":"https:\/\/www.hoecker.eu\/blog\/wp-json\/wp\/v2\/categories?post=8659"},{"taxonomy":"post_tag","embeddable":true,"href":"https:\/\/www.hoecker.eu\/blog\/wp-json\/wp\/v2\/tags?post=8659"},{"taxonomy":"hashtags","embeddable":true,"href":"https:\/\/www.hoecker.eu\/blog\/wp-json\/wp\/v2\/hashtags?post=8659"},{"taxonomy":"author","embeddable":true,"href":"https:\/\/www.hoecker.eu\/blog\/wp-json\/wp\/v2\/ppma_author?post=8659"}],"curies":[{"name":"wp","href":"https:\/\/api.w.org\/{rel}","templated":true}]}}