{"id":8654,"date":"2016-05-09T20:05:00","date_gmt":"2016-05-09T18:05:00","guid":{"rendered":"https:\/\/www.hoecker.eu\/blog\/lg-koeln-bestaetigt-alice-schwarzer-darf-im-kachelmann-fall-keine-richteraeusserungen-erfinden\/"},"modified":"2025-02-17T15:00:28","modified_gmt":"2025-02-17T14:00:28","slug":"lg-koeln-bestaetigt-alice-schwarzer-darf-im-kachelmann-fall-keine-richteraeusserungen-erfinden","status":"publish","type":"post","link":"https:\/\/www.hoecker.eu\/blog\/lg-koeln-bestaetigt-alice-schwarzer-darf-im-kachelmann-fall-keine-richteraeusserungen-erfinden\/","title":{"rendered":"LG K\u00f6ln best\u00e4tigt: Alice Schwarzer darf im Kachelmann-Fall keine Richter\u00e4u\u00dferungen erfinden."},"content":{"rendered":"<p class=\"flies\">In einem Radiointerview des SWR hatte Frau Schwarzer in Bezug auf den Freispruch von J\u00f6rg Kachelmann durch das Landgericht Mannheim Folgendes behauptet:<\/p>\n<p><em class=\"flies\">\u201cDer Richter hat gesagt: Wir haben Restzweifel an der Schuld.\u201d<\/em><\/p>\n<p> <span class=\"flies\">Zudem hatte sie den Richtern des LG Mannheim folgende \u00c4u\u00dferung in den Mund gelegt:<\/span><\/p>\n<p><em class=\"flies\">\u201cDas hei\u00dft, wir sind \u00fcberwiegend von der Schuld \u00fcberzeugt, bleiben aber Restzweifel.\u201d<\/em><\/p>\n<p> <span class=\"flies\">Diese \u00c4u\u00dferungen sind jedoch jedoch seitens der Richter niemals gefallen. Das Landgericht K\u00f6ln untersagte es Frau Schwarzer daher mit einstweiliger Verf\u00fcgung vom 23.12.2011, diese erfundenen Zitate zu ver\u00f6ffentlichen bzw. zu verbreiten. Auf den Widerspruch von Frau Schwarzer best\u00e4tigte das Landgericht K\u00f6ln nun mit Urteil vom 18.04.2012 (Az: 28 O 1081\/11) die einstweilige Verf\u00fcgung.<\/p>\n<p> In seinem Urteil weist das Landgericht insbesondere darauf hin, dass Frau Schwarzer mit dem falschen Zitat eine unwahre Tatsachenbehauptung aufstelle, wobei sie die Richter des Landgerichts Mannheim gleich auch noch als Quelle heranziehe. Da sie durch ihre \u00c4u\u00dferungen den Freispruch von J\u00f6rg Kachelmann entwerte, verletzten diese in nicht hinzunehmender Weise das Pers\u00f6nlichkeitsrecht von J\u00f6rg Kachelmann.<\/p>\n<p><\/span><\/p>\n<p><strong><span class=\"flies\"><span>Nachtrag vom 12.12.2013:<\/span> <\/span> <\/strong><\/p>\n<p class=\"flies\">Alice Schwarzer hat im Laufe ihrer vor- und nachverurteilenden Berichterstattung \u00fcber den Fall Kachelmann eine Vielzahl einstweiliger Verf\u00fcgungen, Vertragsstrafen und gerichtlich verh\u00e4ngter Ordnungsgelder kassiert, die hier dargestellt sind:<\/p>\n<p><a class=\"flies\" href=\"http:\/\/www.hoecker.eu\/mitteilungen\/artikel.htm?id=269\">http:\/\/www.hoecker.eu\/mitteilungen\/artikel.htm?id=269<\/a><\/p>\n<p><a class=\"flies\" href=\"http:\/\/www.hoecker.eu\/mitteilungen\/artikel.htm?id=260\">http:\/\/www.hoecker.eu\/mitteilungen\/artikel.htm?id=260<\/a><\/p>\n<p><a class=\"flies\" href=\"http:\/\/www.hoecker.eu\/mitteilungen\/artikel.htm?id=246\">http:\/\/www.hoecker.eu\/mitteilungen\/artikel.htm?id=246<\/a><\/p>\n<p><a class=\"flies\" href=\"http:\/\/www.hoecker.eu\/mitteilungen\/artikel.htm?id=226\">http:\/\/www.hoecker.eu\/mitteilungen\/artikel.htm?id=226<\/a><\/p>\n<p><a class=\"flies\" href=\"http:\/\/www.hoecker.eu\/mitteilungen\/artikel.htm?id=215\">http:\/\/www.hoecker.eu\/mitteilungen\/artikel.htm?id=215<\/a><\/p>\n<p><a class=\"flies\" href=\"http:\/\/www.hoecker.eu\/mitteilungen\/artikel.htm?id=186\">http:\/\/www.hoecker.eu\/mitteilungen\/artikel.htm?id=186<\/a><\/p>\n<p><a class=\"flies\" href=\"http:\/\/www.hoecker.eu\/mitteilungen\/artikel.htm?id=131\">http:\/\/www.hoecker.eu\/mitteilungen\/artikel.htm?id=131<\/a><\/p>\n<p><a class=\"flies\" href=\"http:\/\/www.hoecker.eu\/mitteilungen\/artikel.htm?id=127\">http:\/\/www.hoecker.eu\/mitteilungen\/artikel.htm?id=127<\/a><\/p>\n<p><a class=\"flies\" href=\"http:\/\/www.hoecker.eu\/mitteilungen\/artikel.htm?id=126\">http:\/\/www.hoecker.eu\/mitteilungen\/artikel.htm?id=126<\/a><\/p>\n<p><a class=\"flies\" href=\"http:\/\/www.hoecker.eu\/mitteilungen\/artikel.htm?id=69\">http:\/\/www.hoecker.eu\/mitteilungen\/artikel.htm?id=69<\/a><\/p>\n<p><a class=\"flies\" href=\"http:\/\/www.hoecker.eu\/mitteilungen\/artikel.htm?id=76\">http:\/\/www.hoecker.eu\/mitteilungen\/artikel.htm?id=76<\/a><\/p>\n<p><a class=\"flies\" href=\"http:\/\/www.hoecker.eu\/mitteilungen\/artikel.htm?id=99\">http:\/\/www.hoecker.eu\/mitteilungen\/artikel.htm?id=99<\/a><\/p>\n<p><a class=\"flies\" href=\"http:\/\/www.hoecker.eu\/mitteilungen\/artikel.htm?id=71\">http:\/\/www.hoecker.eu\/mitteilungen\/artikel.htm?id=71<\/a><\/p>\n<p><a class=\"flies\" href=\"http:\/\/www.hoecker.eu\/mitteilungen\/artikel.htm?id=72\">http:\/\/www.hoecker.eu\/mitteilungen\/artikel.htm?id=72<\/a><\/p>\n<p><a class=\"flies\" href=\"http:\/\/www.hoecker.eu\/mitteilungen\/artikel.htm?id=48\">http:\/\/www.hoecker.eu\/mitteilungen\/artikel.htm?i d=48 <\/a><\/p>\n<p class=\"flies\">RA Prof. Dr. Ralf H\u00f6cker, LL.M.<\/p>\n","protected":false},"excerpt":{"rendered":"<p>In einem Radiointerview des SWR hatte Frau Schwarzer in Bezug auf den Freispruch von J\u00f6rg Kachelmann durch das Landgericht Mannheim Folgendes behauptet: \u201cDer Richter hat gesagt: Wir haben Restzweifel an der Schuld.\u201d Zudem hatte sie den Richtern des LG Mannheim folgende \u00c4u\u00dferung in den Mund gelegt: \u201cDas hei\u00dft, wir sind \u00fcberwiegend von der Schuld \u00fcberzeugt, [&hellip;]<\/p>\n","protected":false},"author":1,"featured_media":0,"comment_status":"closed","ping_status":"closed","sticky":false,"template":"","format":"standard","meta":{"_has_post_settings":[],"footnotes":""},"categories":[15],"tags":[],"hashtags":[],"ppma_author":[84],"class_list":["post-8654","post","type-post","status-publish","format-standard","hentry","category-news","author-hoecker_adm"],"yoast_head":"<!-- This site is optimized with the Yoast SEO Premium plugin v25.9 (Yoast SEO v27.0) - https:\/\/yoast.com\/product\/yoast-seo-premium-wordpress\/ -->\n<title>LG K\u00f6ln best\u00e4tigt: Alice Schwarzer darf im Kachelmann-Fall keine Richter\u00e4u\u00dferungen erfinden. - H\u00d6CKER - der Blog<\/title>\n<meta name=\"robots\" content=\"index, follow, max-snippet:-1, max-image-preview:large, max-video-preview:-1\" \/>\n<link rel=\"canonical\" href=\"https:\/\/www.hoecker.eu\/blog\/lg-koeln-bestaetigt-alice-schwarzer-darf-im-kachelmann-fall-keine-richteraeusserungen-erfinden\/\" \/>\n<meta property=\"og:locale\" content=\"de_DE\" \/>\n<meta property=\"og:type\" content=\"article\" \/>\n<meta property=\"og:title\" content=\"LG K\u00f6ln best\u00e4tigt: Alice Schwarzer darf im Kachelmann-Fall keine Richter\u00e4u\u00dferungen erfinden.\" \/>\n<meta property=\"og:description\" content=\"In einem Radiointerview des SWR hatte Frau Schwarzer in Bezug auf den Freispruch von J\u00f6rg Kachelmann durch das Landgericht Mannheim Folgendes behauptet: \u201cDer Richter hat gesagt: Wir haben Restzweifel an der Schuld.\u201d Zudem hatte sie den Richtern des LG Mannheim folgende \u00c4u\u00dferung in den Mund gelegt: \u201cDas hei\u00dft, wir sind \u00fcberwiegend von der Schuld \u00fcberzeugt, [&hellip;]\" \/>\n<meta property=\"og:url\" content=\"https:\/\/www.hoecker.eu\/blog\/lg-koeln-bestaetigt-alice-schwarzer-darf-im-kachelmann-fall-keine-richteraeusserungen-erfinden\/\" \/>\n<meta property=\"og:site_name\" content=\"H\u00d6CKER - der Blog\" \/>\n<meta property=\"article:publisher\" content=\"https:\/\/www.facebook.com\/HoeckerRAe\/\" \/>\n<meta property=\"article:author\" content=\"https:\/\/www.facebook.com\/ralf.hoecker\" \/>\n<meta property=\"article:published_time\" content=\"2016-05-09T18:05:00+00:00\" \/>\n<meta property=\"article:modified_time\" content=\"2025-02-17T14:00:28+00:00\" \/>\n<meta name=\"author\" content=\"Prof. Dr. Ralf H\u00f6cker\" \/>\n<meta name=\"twitter:card\" content=\"summary_large_image\" \/>\n<meta name=\"twitter:creator\" content=\"@Ralf_Hoecker\" \/>\n<meta name=\"twitter:site\" content=\"@hoecker_rae\" \/>\n<meta name=\"twitter:label1\" content=\"Verfasst von\" \/>\n\t<meta name=\"twitter:data1\" content=\"Prof. Dr. Ralf H\u00f6cker\" \/>\n\t<meta name=\"twitter:label2\" content=\"Gesch\u00e4tzte Lesezeit\" \/>\n\t<meta name=\"twitter:data2\" content=\"2\u00a0Minuten\" \/>\n<script type=\"application\/ld+json\" class=\"yoast-schema-graph\">{\"@context\":\"https:\/\/schema.org\",\"@graph\":[{\"@type\":\"Article\",\"@id\":\"https:\/\/www.hoecker.eu\/blog\/lg-koeln-bestaetigt-alice-schwarzer-darf-im-kachelmann-fall-keine-richteraeusserungen-erfinden\/#article\",\"isPartOf\":{\"@id\":\"https:\/\/www.hoecker.eu\/blog\/lg-koeln-bestaetigt-alice-schwarzer-darf-im-kachelmann-fall-keine-richteraeusserungen-erfinden\/\"},\"author\":{\"name\":\"Prof. Dr. Ralf H\u00f6cker\",\"@id\":\"https:\/\/www.hoecker.eu\/blog\/#\/schema\/person\/08f95581eed0534eccd0b2438f7a1cab\"},\"headline\":\"LG K\u00f6ln best\u00e4tigt: Alice Schwarzer darf im Kachelmann-Fall keine Richter\u00e4u\u00dferungen erfinden.\",\"datePublished\":\"2016-05-09T18:05:00+00:00\",\"dateModified\":\"2025-02-17T14:00:28+00:00\",\"mainEntityOfPage\":{\"@id\":\"https:\/\/www.hoecker.eu\/blog\/lg-koeln-bestaetigt-alice-schwarzer-darf-im-kachelmann-fall-keine-richteraeusserungen-erfinden\/\"},\"wordCount\":352,\"publisher\":{\"@id\":\"https:\/\/www.hoecker.eu\/blog\/#organization\"},\"articleSection\":[\"News\"],\"inLanguage\":\"de\"},{\"@type\":\"WebPage\",\"@id\":\"https:\/\/www.hoecker.eu\/blog\/lg-koeln-bestaetigt-alice-schwarzer-darf-im-kachelmann-fall-keine-richteraeusserungen-erfinden\/\",\"url\":\"https:\/\/www.hoecker.eu\/blog\/lg-koeln-bestaetigt-alice-schwarzer-darf-im-kachelmann-fall-keine-richteraeusserungen-erfinden\/\",\"name\":\"LG K\u00f6ln best\u00e4tigt: Alice Schwarzer darf im Kachelmann-Fall keine Richter\u00e4u\u00dferungen erfinden. - H\u00d6CKER - der Blog\",\"isPartOf\":{\"@id\":\"https:\/\/www.hoecker.eu\/blog\/#website\"},\"datePublished\":\"2016-05-09T18:05:00+00:00\",\"dateModified\":\"2025-02-17T14:00:28+00:00\",\"breadcrumb\":{\"@id\":\"https:\/\/www.hoecker.eu\/blog\/lg-koeln-bestaetigt-alice-schwarzer-darf-im-kachelmann-fall-keine-richteraeusserungen-erfinden\/#breadcrumb\"},\"inLanguage\":\"de\",\"potentialAction\":[{\"@type\":\"ReadAction\",\"target\":[\"https:\/\/www.hoecker.eu\/blog\/lg-koeln-bestaetigt-alice-schwarzer-darf-im-kachelmann-fall-keine-richteraeusserungen-erfinden\/\"]}]},{\"@type\":\"BreadcrumbList\",\"@id\":\"https:\/\/www.hoecker.eu\/blog\/lg-koeln-bestaetigt-alice-schwarzer-darf-im-kachelmann-fall-keine-richteraeusserungen-erfinden\/#breadcrumb\",\"itemListElement\":[{\"@type\":\"ListItem\",\"position\":1,\"name\":\"Startseite\",\"item\":\"https:\/\/dev.hoecker.eu\/blog\/\"},{\"@type\":\"ListItem\",\"position\":2,\"name\":\"LG K\u00f6ln best\u00e4tigt: Alice Schwarzer darf im Kachelmann-Fall keine Richter\u00e4u\u00dferungen erfinden.\"}]},{\"@type\":\"WebSite\",\"@id\":\"https:\/\/www.hoecker.eu\/blog\/#website\",\"url\":\"https:\/\/www.hoecker.eu\/blog\/\",\"name\":\"H\u00d6CKER - der Blog\",\"description\":\"Expertenblog f\u00fcr \u00c4u\u00dferungs-, Medien-, Marken-, Urheber- und Wettbewerbsrecht.\",\"publisher\":{\"@id\":\"https:\/\/www.hoecker.eu\/blog\/#organization\"},\"potentialAction\":[{\"@type\":\"SearchAction\",\"target\":{\"@type\":\"EntryPoint\",\"urlTemplate\":\"https:\/\/www.hoecker.eu\/blog\/?s={search_term_string}\"},\"query-input\":{\"@type\":\"PropertyValueSpecification\",\"valueRequired\":true,\"valueName\":\"search_term_string\"}}],\"inLanguage\":\"de\"},{\"@type\":\"Organization\",\"@id\":\"https:\/\/www.hoecker.eu\/blog\/#organization\",\"name\":\"H\u00d6CKER Rechtsanw\u00e4lte PartGmbB\",\"alternateName\":\"H\u00d6CKER\",\"url\":\"https:\/\/www.hoecker.eu\/blog\/\",\"logo\":{\"@type\":\"ImageObject\",\"inLanguage\":\"de\",\"@id\":\"https:\/\/www.hoecker.eu\/blog\/#\/schema\/logo\/image\/\",\"url\":\"https:\/\/www.hoecker.eu\/blog\/wp-content\/uploads\/2025\/03\/Blog-Logo.webp\",\"contentUrl\":\"https:\/\/www.hoecker.eu\/blog\/wp-content\/uploads\/2025\/03\/Blog-Logo.webp\",\"width\":500,\"height\":500,\"caption\":\"H\u00d6CKER Rechtsanw\u00e4lte PartGmbB\"},\"image\":{\"@id\":\"https:\/\/www.hoecker.eu\/blog\/#\/schema\/logo\/image\/\"},\"sameAs\":[\"https:\/\/www.facebook.com\/HoeckerRAe\/\",\"https:\/\/x.com\/hoecker_rae\",\"https:\/\/www.linkedin.com\/company\/hcker-rechtsanwlte\/\",\"https:\/\/www.instagram.com\/hoecker_rae\/\"],\"email\":\"contact@hoecker.eu\",\"telephone\":\"+ 49 (0)221-933 19-10\",\"legalName\":\"H\u00d6CKER Rechtsanw\u00e4lte PartGmbB\",\"numberOfEmployees\":{\"@type\":\"QuantitativeValue\",\"minValue\":\"11\",\"maxValue\":\"50\"}},{\"@type\":\"Person\",\"@id\":\"https:\/\/www.hoecker.eu\/blog\/#\/schema\/person\/08f95581eed0534eccd0b2438f7a1cab\",\"name\":\"Prof. Dr. Ralf H\u00f6cker\",\"description\":\"Medienanwalt. Besch\u00fctzer vor mieser Presse\",\"sameAs\":[\"https:\/\/www.hoecker.eu\/wer\/prof-dr-ralf-hoecker\",\"https:\/\/www.facebook.com\/ralf.hoecker\",\"https:\/\/www.linkedin.com\/in\/prof-dr-ralf-hcker-ll-m-london-17987826\/\",\"https:\/\/x.com\/Ralf_Hoecker\"],\"url\":\"https:\/\/www.hoecker.eu\/blog\/author\/hoecker_adm\/\"}]}<\/script>\n<!-- \/ Yoast SEO Premium plugin. -->","yoast_head_json":{"title":"LG K\u00f6ln best\u00e4tigt: Alice Schwarzer darf im Kachelmann-Fall keine Richter\u00e4u\u00dferungen erfinden. - H\u00d6CKER - der Blog","robots":{"index":"index","follow":"follow","max-snippet":"max-snippet:-1","max-image-preview":"max-image-preview:large","max-video-preview":"max-video-preview:-1"},"canonical":"https:\/\/www.hoecker.eu\/blog\/lg-koeln-bestaetigt-alice-schwarzer-darf-im-kachelmann-fall-keine-richteraeusserungen-erfinden\/","og_locale":"de_DE","og_type":"article","og_title":"LG K\u00f6ln best\u00e4tigt: Alice Schwarzer darf im Kachelmann-Fall keine Richter\u00e4u\u00dferungen erfinden.","og_description":"In einem Radiointerview des SWR hatte Frau Schwarzer in Bezug auf den Freispruch von J\u00f6rg Kachelmann durch das Landgericht Mannheim Folgendes behauptet: \u201cDer Richter hat gesagt: Wir haben Restzweifel an der Schuld.\u201d Zudem hatte sie den Richtern des LG Mannheim folgende \u00c4u\u00dferung in den Mund gelegt: \u201cDas hei\u00dft, wir sind \u00fcberwiegend von der Schuld \u00fcberzeugt, [&hellip;]","og_url":"https:\/\/www.hoecker.eu\/blog\/lg-koeln-bestaetigt-alice-schwarzer-darf-im-kachelmann-fall-keine-richteraeusserungen-erfinden\/","og_site_name":"H\u00d6CKER - der Blog","article_publisher":"https:\/\/www.facebook.com\/HoeckerRAe\/","article_author":"https:\/\/www.facebook.com\/ralf.hoecker","article_published_time":"2016-05-09T18:05:00+00:00","article_modified_time":"2025-02-17T14:00:28+00:00","author":"Prof. Dr. Ralf H\u00f6cker","twitter_card":"summary_large_image","twitter_creator":"@Ralf_Hoecker","twitter_site":"@hoecker_rae","twitter_misc":{"Verfasst von":"Prof. Dr. Ralf H\u00f6cker","Gesch\u00e4tzte Lesezeit":"2\u00a0Minuten"},"schema":{"@context":"https:\/\/schema.org","@graph":[{"@type":"Article","@id":"https:\/\/www.hoecker.eu\/blog\/lg-koeln-bestaetigt-alice-schwarzer-darf-im-kachelmann-fall-keine-richteraeusserungen-erfinden\/#article","isPartOf":{"@id":"https:\/\/www.hoecker.eu\/blog\/lg-koeln-bestaetigt-alice-schwarzer-darf-im-kachelmann-fall-keine-richteraeusserungen-erfinden\/"},"author":{"name":"Prof. Dr. Ralf H\u00f6cker","@id":"https:\/\/www.hoecker.eu\/blog\/#\/schema\/person\/08f95581eed0534eccd0b2438f7a1cab"},"headline":"LG K\u00f6ln best\u00e4tigt: Alice Schwarzer darf im Kachelmann-Fall keine Richter\u00e4u\u00dferungen erfinden.","datePublished":"2016-05-09T18:05:00+00:00","dateModified":"2025-02-17T14:00:28+00:00","mainEntityOfPage":{"@id":"https:\/\/www.hoecker.eu\/blog\/lg-koeln-bestaetigt-alice-schwarzer-darf-im-kachelmann-fall-keine-richteraeusserungen-erfinden\/"},"wordCount":352,"publisher":{"@id":"https:\/\/www.hoecker.eu\/blog\/#organization"},"articleSection":["News"],"inLanguage":"de"},{"@type":"WebPage","@id":"https:\/\/www.hoecker.eu\/blog\/lg-koeln-bestaetigt-alice-schwarzer-darf-im-kachelmann-fall-keine-richteraeusserungen-erfinden\/","url":"https:\/\/www.hoecker.eu\/blog\/lg-koeln-bestaetigt-alice-schwarzer-darf-im-kachelmann-fall-keine-richteraeusserungen-erfinden\/","name":"LG K\u00f6ln best\u00e4tigt: Alice Schwarzer darf im Kachelmann-Fall keine Richter\u00e4u\u00dferungen erfinden. - H\u00d6CKER - der Blog","isPartOf":{"@id":"https:\/\/www.hoecker.eu\/blog\/#website"},"datePublished":"2016-05-09T18:05:00+00:00","dateModified":"2025-02-17T14:00:28+00:00","breadcrumb":{"@id":"https:\/\/www.hoecker.eu\/blog\/lg-koeln-bestaetigt-alice-schwarzer-darf-im-kachelmann-fall-keine-richteraeusserungen-erfinden\/#breadcrumb"},"inLanguage":"de","potentialAction":[{"@type":"ReadAction","target":["https:\/\/www.hoecker.eu\/blog\/lg-koeln-bestaetigt-alice-schwarzer-darf-im-kachelmann-fall-keine-richteraeusserungen-erfinden\/"]}]},{"@type":"BreadcrumbList","@id":"https:\/\/www.hoecker.eu\/blog\/lg-koeln-bestaetigt-alice-schwarzer-darf-im-kachelmann-fall-keine-richteraeusserungen-erfinden\/#breadcrumb","itemListElement":[{"@type":"ListItem","position":1,"name":"Startseite","item":"https:\/\/dev.hoecker.eu\/blog\/"},{"@type":"ListItem","position":2,"name":"LG K\u00f6ln best\u00e4tigt: Alice Schwarzer darf im Kachelmann-Fall keine Richter\u00e4u\u00dferungen erfinden."}]},{"@type":"WebSite","@id":"https:\/\/www.hoecker.eu\/blog\/#website","url":"https:\/\/www.hoecker.eu\/blog\/","name":"H\u00d6CKER - der Blog","description":"Expertenblog f\u00fcr \u00c4u\u00dferungs-, Medien-, Marken-, Urheber- und Wettbewerbsrecht.","publisher":{"@id":"https:\/\/www.hoecker.eu\/blog\/#organization"},"potentialAction":[{"@type":"SearchAction","target":{"@type":"EntryPoint","urlTemplate":"https:\/\/www.hoecker.eu\/blog\/?s={search_term_string}"},"query-input":{"@type":"PropertyValueSpecification","valueRequired":true,"valueName":"search_term_string"}}],"inLanguage":"de"},{"@type":"Organization","@id":"https:\/\/www.hoecker.eu\/blog\/#organization","name":"H\u00d6CKER Rechtsanw\u00e4lte PartGmbB","alternateName":"H\u00d6CKER","url":"https:\/\/www.hoecker.eu\/blog\/","logo":{"@type":"ImageObject","inLanguage":"de","@id":"https:\/\/www.hoecker.eu\/blog\/#\/schema\/logo\/image\/","url":"https:\/\/www.hoecker.eu\/blog\/wp-content\/uploads\/2025\/03\/Blog-Logo.webp","contentUrl":"https:\/\/www.hoecker.eu\/blog\/wp-content\/uploads\/2025\/03\/Blog-Logo.webp","width":500,"height":500,"caption":"H\u00d6CKER Rechtsanw\u00e4lte PartGmbB"},"image":{"@id":"https:\/\/www.hoecker.eu\/blog\/#\/schema\/logo\/image\/"},"sameAs":["https:\/\/www.facebook.com\/HoeckerRAe\/","https:\/\/x.com\/hoecker_rae","https:\/\/www.linkedin.com\/company\/hcker-rechtsanwlte\/","https:\/\/www.instagram.com\/hoecker_rae\/"],"email":"contact@hoecker.eu","telephone":"+ 49 (0)221-933 19-10","legalName":"H\u00d6CKER Rechtsanw\u00e4lte PartGmbB","numberOfEmployees":{"@type":"QuantitativeValue","minValue":"11","maxValue":"50"}},{"@type":"Person","@id":"https:\/\/www.hoecker.eu\/blog\/#\/schema\/person\/08f95581eed0534eccd0b2438f7a1cab","name":"Prof. Dr. Ralf H\u00f6cker","description":"Medienanwalt. Besch\u00fctzer vor mieser Presse","sameAs":["https:\/\/www.hoecker.eu\/wer\/prof-dr-ralf-hoecker","https:\/\/www.facebook.com\/ralf.hoecker","https:\/\/www.linkedin.com\/in\/prof-dr-ralf-hcker-ll-m-london-17987826\/","https:\/\/x.com\/Ralf_Hoecker"],"url":"https:\/\/www.hoecker.eu\/blog\/author\/hoecker_adm\/"}]}},"authors":[{"term_id":84,"user_id":1,"is_guest":0,"slug":"hoecker_adm","display_name":"Prof. Dr. Ralf H\u00f6cker","avatar_url":{"url":"https:\/\/www.hoecker.eu\/blog\/wp-content\/uploads\/2023\/12\/ProfDrRalfHoecker.jpg","url2x":"https:\/\/www.hoecker.eu\/blog\/wp-content\/uploads\/2023\/12\/ProfDrRalfHoecker.jpg"},"0":null,"1":"","2":"","3":"","4":"","5":"","6":"","7":"","8":"","9":"","10":"","11":""}],"_links":{"self":[{"href":"https:\/\/www.hoecker.eu\/blog\/wp-json\/wp\/v2\/posts\/8654","targetHints":{"allow":["GET"]}}],"collection":[{"href":"https:\/\/www.hoecker.eu\/blog\/wp-json\/wp\/v2\/posts"}],"about":[{"href":"https:\/\/www.hoecker.eu\/blog\/wp-json\/wp\/v2\/types\/post"}],"author":[{"embeddable":true,"href":"https:\/\/www.hoecker.eu\/blog\/wp-json\/wp\/v2\/users\/1"}],"replies":[{"embeddable":true,"href":"https:\/\/www.hoecker.eu\/blog\/wp-json\/wp\/v2\/comments?post=8654"}],"version-history":[{"count":1,"href":"https:\/\/www.hoecker.eu\/blog\/wp-json\/wp\/v2\/posts\/8654\/revisions"}],"predecessor-version":[{"id":9776,"href":"https:\/\/www.hoecker.eu\/blog\/wp-json\/wp\/v2\/posts\/8654\/revisions\/9776"}],"wp:attachment":[{"href":"https:\/\/www.hoecker.eu\/blog\/wp-json\/wp\/v2\/media?parent=8654"}],"wp:term":[{"taxonomy":"category","embeddable":true,"href":"https:\/\/www.hoecker.eu\/blog\/wp-json\/wp\/v2\/categories?post=8654"},{"taxonomy":"post_tag","embeddable":true,"href":"https:\/\/www.hoecker.eu\/blog\/wp-json\/wp\/v2\/tags?post=8654"},{"taxonomy":"hashtags","embeddable":true,"href":"https:\/\/www.hoecker.eu\/blog\/wp-json\/wp\/v2\/hashtags?post=8654"},{"taxonomy":"author","embeddable":true,"href":"https:\/\/www.hoecker.eu\/blog\/wp-json\/wp\/v2\/ppma_author?post=8654"}],"curies":[{"name":"wp","href":"https:\/\/api.w.org\/{rel}","templated":true}]}}