{"id":8649,"date":"2016-05-09T20:07:53","date_gmt":"2016-05-09T18:07:53","guid":{"rendered":"https:\/\/www.hoecker.eu\/blog\/prof-hoecker-ist-am-20-05-12-zu-gast-bei-west-art-mit-bettina-boettinger-wdr-fernsehen-thema-der-sendung-ist-wen-die-meute-jagt-die-entfesselte-meinung\/"},"modified":"2025-02-17T15:00:24","modified_gmt":"2025-02-17T14:00:24","slug":"prof-hoecker-ist-am-20-05-12-zu-gast-bei-west-art-mit-bettina-boettinger-wdr-fernsehen-thema-der-sendung-ist-wen-die-meute-jagt-die-entfesselte-meinung","status":"publish","type":"post","link":"https:\/\/www.hoecker.eu\/blog\/prof-hoecker-ist-am-20-05-12-zu-gast-bei-west-art-mit-bettina-boettinger-wdr-fernsehen-thema-der-sendung-ist-wen-die-meute-jagt-die-entfesselte-meinung\/","title":{"rendered":"Prof. H\u00f6cker ist am 20.05.12 zu Gast bei West ART mit Bettina B\u00f6ttinger (WDR-Fernsehen). Thema der Sendung ist &#8220;Wen die Meute jagt &#8211; Die entfesselte Meinung&#8221;."},"content":{"rendered":"<p class=\"flies\"><em>Nachtrag 20.05.2012: Die Sendung ist inzwischen <\/em><a href=\"http:\/\/www.wdr.de\/mediathek\/html\/regional\/2012\/05\/20\/westart-talk.xml\"><em>hier<\/em><\/a><em> abrufbar.<\/em><\/p>\n<p class=\"flies\">Prof. H&ouml;cker diskutiert am Sonntag, den 20.05.2012&nbsp;von 11 Uhr bis 12:25 Uhr live in der WDR-Fernsehsendung West ART zum Thema <a href=\"http:\/\/www.wdr.de\/tv\/westart\/sonntag\/sendungsbeitraege\/2012\/0520\/hoecker.jsp\">&#8220;Wen die Meute jagt &#8211; Die entfesselte Meinung&#8221;<\/a>. Weitere G&auml;ste sind:<\/p>\n<li class=\"flies\">Christopher Lauer, innen- und kulturpolitischer Sprecher der Piratenfraktion im Berliner Abgeordnetenhaus<\/li>\n<li class=\"flies\">Lisa Loch, Model und Opfer &ouml;ffentlicher Verunglimpfung<\/li>\n<li class=\"flies\">Sonia Mikich, langj&auml;hrige ARD-Korrespondentin und heutige Leiterin der WDR-Programmgruppe Inland<\/li>\n<li class=\"flies\">Bernhard P&ouml;rksen, Medienwissenschaftler<\/li>\n<p class=\"flies\">Aus der Programmank&uuml;ndigung der West ART-Redaktion:<\/p>\n<p class=\"flies\">Personen des &ouml;ffentlichen Lebens, ob nun Politiker oder Prominente, mussten immer schon damit rechnen, auf Schritt und Tritt von den Medien verfolgt zu werden. Gleichzeitig war es lange Zeit das Privileg einiger Weniger, Meinungen &ouml;ffentlich zu lancieren, damit Debatten anzusto&szlig;en und Skandale auszul&ouml;sen. Im Zeitalter der Digitalisierung hat sich das fundamental ge&auml;ndert. Heute kann sich im Internet jeder &auml;u&szlig;ern, anonym oder namentlich seiner Emp&ouml;rung Ausdruck verleihen und unter Umst&auml;nden einen Sturm der Entr&uuml;stung entfachen. Keine Frage: Das Netz gewinnt immer mehr Einfluss auf die Meinungsbildung. Welche Macht es besitzt, haben nicht nur der Sturz Karl Theodor zu Guttenbergs gezeigt oder aktuell die Plagiatsvorw&uuml;rfe gegen Bildungsministerin Annette Schavan, sondern auch die Diskussion, die die Sportlerin Ariane Friedrich mit dem Outing eines Stalkers losgetreten hat.<\/p>\n<div class=\"wsArticleUnit\">\n<div class=\"wsArticleUnit wsNew\"><a name=\"pbild1\"><\/a><\/p>\n<div id=\"wsBu2\" class=\"wsImgMBuL wsIMG310b\">\n<div class=\"flies\">Leben wir im Zeitalter des permanenten Skandals?<\/div>\n<\/div>\n<\/div>\n<\/div>\n<div class=\"wsArticleUnit\">\n<p class=\"flies\">Dass das Internet als demokratisches Medium Teilhabe erm&ouml;glicht, gar Potentaten und autorit&auml;re Regime zu Fall bringen kann, daf&uuml;r ist der Arabische Fr&uuml;hling das beste Beispiel. Doch es gibt auch Kehrseiten. Bisweilen reicht eine unbedachte &Auml;u&szlig;erung bei Facebook, eine Meldung bei Twitter oder eine SMS-Botschaft, um einen Skandal auszul&ouml;sen. Das Netz kann Menschen zu Helden machen, aber auch Existenzen zerst&ouml;ren. L&auml;ngst stehen nicht mehr nur Prominente am Pranger. Jeder kann in einen Shitstorm geraten. Hat das Zeitalter des permanenten Skandals begonnen? Laufen die vernetzten B&uuml;rger den Meinungsmachern der traditionellen Medien den Rang ab? Und wenn ja, mit welchen Folgen? Dar&uuml;ber diskutiert <strong>Bettina B&ouml;ttinger<\/strong> im WDR Foyer mit ihren G&auml;sten.<\/p>\n<\/div>\n","protected":false},"excerpt":{"rendered":"<p>Nachtrag 20.05.2012: Die Sendung ist inzwischen hier abrufbar. Prof. H&ouml;cker diskutiert am Sonntag, den 20.05.2012&nbsp;von 11 Uhr bis 12:25 Uhr live in der WDR-Fernsehsendung West ART zum Thema &#8220;Wen die Meute jagt &#8211; Die entfesselte Meinung&#8221;. Weitere G&auml;ste sind: Christopher Lauer, innen- und kulturpolitischer Sprecher der Piratenfraktion im Berliner Abgeordnetenhaus Lisa Loch, Model und Opfer [&hellip;]<\/p>\n","protected":false},"author":1,"featured_media":0,"comment_status":"closed","ping_status":"closed","sticky":false,"template":"","format":"standard","meta":{"_has_post_settings":[],"footnotes":""},"categories":[15],"tags":[],"hashtags":[],"ppma_author":[84],"class_list":["post-8649","post","type-post","status-publish","format-standard","hentry","category-news","author-hoecker_adm"],"yoast_head":"<!-- This site is optimized with the Yoast SEO Premium plugin v25.9 (Yoast SEO v27.0) - https:\/\/yoast.com\/product\/yoast-seo-premium-wordpress\/ -->\n<title>Prof. H\u00f6cker ist am 20.05.12 zu Gast bei West ART mit Bettina B\u00f6ttinger (WDR-Fernsehen). Thema der Sendung ist &quot;Wen die Meute jagt - Die entfesselte Meinung&quot;. - H\u00d6CKER - der Blog<\/title>\n<meta name=\"robots\" content=\"index, follow, max-snippet:-1, max-image-preview:large, max-video-preview:-1\" \/>\n<link rel=\"canonical\" href=\"https:\/\/www.hoecker.eu\/blog\/prof-hoecker-ist-am-20-05-12-zu-gast-bei-west-art-mit-bettina-boettinger-wdr-fernsehen-thema-der-sendung-ist-wen-die-meute-jagt-die-entfesselte-meinung\/\" \/>\n<meta property=\"og:locale\" content=\"de_DE\" \/>\n<meta property=\"og:type\" content=\"article\" \/>\n<meta property=\"og:title\" content=\"Prof. H\u00f6cker ist am 20.05.12 zu Gast bei West ART mit Bettina B\u00f6ttinger (WDR-Fernsehen). Thema der Sendung ist &quot;Wen die Meute jagt - Die entfesselte Meinung&quot;.\" \/>\n<meta property=\"og:description\" content=\"Nachtrag 20.05.2012: Die Sendung ist inzwischen hier abrufbar. Prof. H&ouml;cker diskutiert am Sonntag, den 20.05.2012&nbsp;von 11 Uhr bis 12:25 Uhr live in der WDR-Fernsehsendung West ART zum Thema &#8220;Wen die Meute jagt &#8211; Die entfesselte Meinung&#8221;. Weitere G&auml;ste sind: Christopher Lauer, innen- und kulturpolitischer Sprecher der Piratenfraktion im Berliner Abgeordnetenhaus Lisa Loch, Model und Opfer [&hellip;]\" \/>\n<meta property=\"og:url\" content=\"https:\/\/www.hoecker.eu\/blog\/prof-hoecker-ist-am-20-05-12-zu-gast-bei-west-art-mit-bettina-boettinger-wdr-fernsehen-thema-der-sendung-ist-wen-die-meute-jagt-die-entfesselte-meinung\/\" \/>\n<meta property=\"og:site_name\" content=\"H\u00d6CKER - der Blog\" \/>\n<meta property=\"article:publisher\" content=\"https:\/\/www.facebook.com\/HoeckerRAe\/\" \/>\n<meta property=\"article:author\" content=\"https:\/\/www.facebook.com\/ralf.hoecker\" \/>\n<meta property=\"article:published_time\" content=\"2016-05-09T18:07:53+00:00\" \/>\n<meta property=\"article:modified_time\" content=\"2025-02-17T14:00:24+00:00\" \/>\n<meta name=\"author\" content=\"Prof. Dr. Ralf H\u00f6cker\" \/>\n<meta name=\"twitter:card\" content=\"summary_large_image\" \/>\n<meta name=\"twitter:creator\" content=\"@Ralf_Hoecker\" \/>\n<meta name=\"twitter:site\" content=\"@hoecker_rae\" \/>\n<meta name=\"twitter:label1\" content=\"Verfasst von\" \/>\n\t<meta name=\"twitter:data1\" content=\"Prof. Dr. Ralf H\u00f6cker\" \/>\n\t<meta name=\"twitter:label2\" content=\"Gesch\u00e4tzte Lesezeit\" \/>\n\t<meta name=\"twitter:data2\" content=\"2\u00a0Minuten\" \/>\n<script type=\"application\/ld+json\" class=\"yoast-schema-graph\">{\"@context\":\"https:\/\/schema.org\",\"@graph\":[{\"@type\":\"Article\",\"@id\":\"https:\/\/www.hoecker.eu\/blog\/prof-hoecker-ist-am-20-05-12-zu-gast-bei-west-art-mit-bettina-boettinger-wdr-fernsehen-thema-der-sendung-ist-wen-die-meute-jagt-die-entfesselte-meinung\/#article\",\"isPartOf\":{\"@id\":\"https:\/\/www.hoecker.eu\/blog\/prof-hoecker-ist-am-20-05-12-zu-gast-bei-west-art-mit-bettina-boettinger-wdr-fernsehen-thema-der-sendung-ist-wen-die-meute-jagt-die-entfesselte-meinung\/\"},\"author\":{\"name\":\"Prof. Dr. Ralf H\u00f6cker\",\"@id\":\"https:\/\/www.hoecker.eu\/blog\/#\/schema\/person\/08f95581eed0534eccd0b2438f7a1cab\"},\"headline\":\"Prof. H\u00f6cker ist am 20.05.12 zu Gast bei West ART mit Bettina B\u00f6ttinger (WDR-Fernsehen). Thema der Sendung ist &#8220;Wen die Meute jagt &#8211; Die entfesselte Meinung&#8221;.\",\"datePublished\":\"2016-05-09T18:07:53+00:00\",\"dateModified\":\"2025-02-17T14:00:24+00:00\",\"mainEntityOfPage\":{\"@id\":\"https:\/\/www.hoecker.eu\/blog\/prof-hoecker-ist-am-20-05-12-zu-gast-bei-west-art-mit-bettina-boettinger-wdr-fernsehen-thema-der-sendung-ist-wen-die-meute-jagt-die-entfesselte-meinung\/\"},\"wordCount\":394,\"publisher\":{\"@id\":\"https:\/\/www.hoecker.eu\/blog\/#organization\"},\"articleSection\":[\"News\"],\"inLanguage\":\"de\"},{\"@type\":\"WebPage\",\"@id\":\"https:\/\/www.hoecker.eu\/blog\/prof-hoecker-ist-am-20-05-12-zu-gast-bei-west-art-mit-bettina-boettinger-wdr-fernsehen-thema-der-sendung-ist-wen-die-meute-jagt-die-entfesselte-meinung\/\",\"url\":\"https:\/\/www.hoecker.eu\/blog\/prof-hoecker-ist-am-20-05-12-zu-gast-bei-west-art-mit-bettina-boettinger-wdr-fernsehen-thema-der-sendung-ist-wen-die-meute-jagt-die-entfesselte-meinung\/\",\"name\":\"Prof. H\u00f6cker ist am 20.05.12 zu Gast bei West ART mit Bettina B\u00f6ttinger (WDR-Fernsehen). Thema der Sendung ist \\\"Wen die Meute jagt - Die entfesselte Meinung\\\". - H\u00d6CKER - der Blog\",\"isPartOf\":{\"@id\":\"https:\/\/www.hoecker.eu\/blog\/#website\"},\"datePublished\":\"2016-05-09T18:07:53+00:00\",\"dateModified\":\"2025-02-17T14:00:24+00:00\",\"breadcrumb\":{\"@id\":\"https:\/\/www.hoecker.eu\/blog\/prof-hoecker-ist-am-20-05-12-zu-gast-bei-west-art-mit-bettina-boettinger-wdr-fernsehen-thema-der-sendung-ist-wen-die-meute-jagt-die-entfesselte-meinung\/#breadcrumb\"},\"inLanguage\":\"de\",\"potentialAction\":[{\"@type\":\"ReadAction\",\"target\":[\"https:\/\/www.hoecker.eu\/blog\/prof-hoecker-ist-am-20-05-12-zu-gast-bei-west-art-mit-bettina-boettinger-wdr-fernsehen-thema-der-sendung-ist-wen-die-meute-jagt-die-entfesselte-meinung\/\"]}]},{\"@type\":\"BreadcrumbList\",\"@id\":\"https:\/\/www.hoecker.eu\/blog\/prof-hoecker-ist-am-20-05-12-zu-gast-bei-west-art-mit-bettina-boettinger-wdr-fernsehen-thema-der-sendung-ist-wen-die-meute-jagt-die-entfesselte-meinung\/#breadcrumb\",\"itemListElement\":[{\"@type\":\"ListItem\",\"position\":1,\"name\":\"Startseite\",\"item\":\"https:\/\/dev.hoecker.eu\/blog\/\"},{\"@type\":\"ListItem\",\"position\":2,\"name\":\"Prof. H\u00f6cker ist am 20.05.12 zu Gast bei West ART mit Bettina B\u00f6ttinger (WDR-Fernsehen). Thema der Sendung ist &#8220;Wen die Meute jagt &#8211; Die entfesselte Meinung&#8221;.\"}]},{\"@type\":\"WebSite\",\"@id\":\"https:\/\/www.hoecker.eu\/blog\/#website\",\"url\":\"https:\/\/www.hoecker.eu\/blog\/\",\"name\":\"H\u00d6CKER - der Blog\",\"description\":\"Expertenblog f\u00fcr \u00c4u\u00dferungs-, Medien-, Marken-, Urheber- und Wettbewerbsrecht.\",\"publisher\":{\"@id\":\"https:\/\/www.hoecker.eu\/blog\/#organization\"},\"potentialAction\":[{\"@type\":\"SearchAction\",\"target\":{\"@type\":\"EntryPoint\",\"urlTemplate\":\"https:\/\/www.hoecker.eu\/blog\/?s={search_term_string}\"},\"query-input\":{\"@type\":\"PropertyValueSpecification\",\"valueRequired\":true,\"valueName\":\"search_term_string\"}}],\"inLanguage\":\"de\"},{\"@type\":\"Organization\",\"@id\":\"https:\/\/www.hoecker.eu\/blog\/#organization\",\"name\":\"H\u00d6CKER Rechtsanw\u00e4lte PartGmbB\",\"alternateName\":\"H\u00d6CKER\",\"url\":\"https:\/\/www.hoecker.eu\/blog\/\",\"logo\":{\"@type\":\"ImageObject\",\"inLanguage\":\"de\",\"@id\":\"https:\/\/www.hoecker.eu\/blog\/#\/schema\/logo\/image\/\",\"url\":\"https:\/\/www.hoecker.eu\/blog\/wp-content\/uploads\/2025\/03\/Blog-Logo.webp\",\"contentUrl\":\"https:\/\/www.hoecker.eu\/blog\/wp-content\/uploads\/2025\/03\/Blog-Logo.webp\",\"width\":500,\"height\":500,\"caption\":\"H\u00d6CKER Rechtsanw\u00e4lte PartGmbB\"},\"image\":{\"@id\":\"https:\/\/www.hoecker.eu\/blog\/#\/schema\/logo\/image\/\"},\"sameAs\":[\"https:\/\/www.facebook.com\/HoeckerRAe\/\",\"https:\/\/x.com\/hoecker_rae\",\"https:\/\/www.linkedin.com\/company\/hcker-rechtsanwlte\/\",\"https:\/\/www.instagram.com\/hoecker_rae\/\"],\"email\":\"contact@hoecker.eu\",\"telephone\":\"+ 49 (0)221-933 19-10\",\"legalName\":\"H\u00d6CKER Rechtsanw\u00e4lte PartGmbB\",\"numberOfEmployees\":{\"@type\":\"QuantitativeValue\",\"minValue\":\"11\",\"maxValue\":\"50\"}},{\"@type\":\"Person\",\"@id\":\"https:\/\/www.hoecker.eu\/blog\/#\/schema\/person\/08f95581eed0534eccd0b2438f7a1cab\",\"name\":\"Prof. Dr. Ralf H\u00f6cker\",\"description\":\"Medienanwalt. Besch\u00fctzer vor mieser Presse\",\"sameAs\":[\"https:\/\/www.hoecker.eu\/wer\/prof-dr-ralf-hoecker\",\"https:\/\/www.facebook.com\/ralf.hoecker\",\"https:\/\/www.linkedin.com\/in\/prof-dr-ralf-hcker-ll-m-london-17987826\/\",\"https:\/\/x.com\/Ralf_Hoecker\"],\"url\":\"https:\/\/www.hoecker.eu\/blog\/author\/hoecker_adm\/\"}]}<\/script>\n<!-- \/ Yoast SEO Premium plugin. -->","yoast_head_json":{"title":"Prof. H\u00f6cker ist am 20.05.12 zu Gast bei West ART mit Bettina B\u00f6ttinger (WDR-Fernsehen). Thema der Sendung ist \"Wen die Meute jagt - Die entfesselte Meinung\". - H\u00d6CKER - der Blog","robots":{"index":"index","follow":"follow","max-snippet":"max-snippet:-1","max-image-preview":"max-image-preview:large","max-video-preview":"max-video-preview:-1"},"canonical":"https:\/\/www.hoecker.eu\/blog\/prof-hoecker-ist-am-20-05-12-zu-gast-bei-west-art-mit-bettina-boettinger-wdr-fernsehen-thema-der-sendung-ist-wen-die-meute-jagt-die-entfesselte-meinung\/","og_locale":"de_DE","og_type":"article","og_title":"Prof. H\u00f6cker ist am 20.05.12 zu Gast bei West ART mit Bettina B\u00f6ttinger (WDR-Fernsehen). Thema der Sendung ist \"Wen die Meute jagt - Die entfesselte Meinung\".","og_description":"Nachtrag 20.05.2012: Die Sendung ist inzwischen hier abrufbar. Prof. H&ouml;cker diskutiert am Sonntag, den 20.05.2012&nbsp;von 11 Uhr bis 12:25 Uhr live in der WDR-Fernsehsendung West ART zum Thema &#8220;Wen die Meute jagt &#8211; Die entfesselte Meinung&#8221;. Weitere G&auml;ste sind: Christopher Lauer, innen- und kulturpolitischer Sprecher der Piratenfraktion im Berliner Abgeordnetenhaus Lisa Loch, Model und Opfer [&hellip;]","og_url":"https:\/\/www.hoecker.eu\/blog\/prof-hoecker-ist-am-20-05-12-zu-gast-bei-west-art-mit-bettina-boettinger-wdr-fernsehen-thema-der-sendung-ist-wen-die-meute-jagt-die-entfesselte-meinung\/","og_site_name":"H\u00d6CKER - der Blog","article_publisher":"https:\/\/www.facebook.com\/HoeckerRAe\/","article_author":"https:\/\/www.facebook.com\/ralf.hoecker","article_published_time":"2016-05-09T18:07:53+00:00","article_modified_time":"2025-02-17T14:00:24+00:00","author":"Prof. Dr. Ralf H\u00f6cker","twitter_card":"summary_large_image","twitter_creator":"@Ralf_Hoecker","twitter_site":"@hoecker_rae","twitter_misc":{"Verfasst von":"Prof. Dr. Ralf H\u00f6cker","Gesch\u00e4tzte Lesezeit":"2\u00a0Minuten"},"schema":{"@context":"https:\/\/schema.org","@graph":[{"@type":"Article","@id":"https:\/\/www.hoecker.eu\/blog\/prof-hoecker-ist-am-20-05-12-zu-gast-bei-west-art-mit-bettina-boettinger-wdr-fernsehen-thema-der-sendung-ist-wen-die-meute-jagt-die-entfesselte-meinung\/#article","isPartOf":{"@id":"https:\/\/www.hoecker.eu\/blog\/prof-hoecker-ist-am-20-05-12-zu-gast-bei-west-art-mit-bettina-boettinger-wdr-fernsehen-thema-der-sendung-ist-wen-die-meute-jagt-die-entfesselte-meinung\/"},"author":{"name":"Prof. Dr. Ralf H\u00f6cker","@id":"https:\/\/www.hoecker.eu\/blog\/#\/schema\/person\/08f95581eed0534eccd0b2438f7a1cab"},"headline":"Prof. H\u00f6cker ist am 20.05.12 zu Gast bei West ART mit Bettina B\u00f6ttinger (WDR-Fernsehen). Thema der Sendung ist &#8220;Wen die Meute jagt &#8211; Die entfesselte Meinung&#8221;.","datePublished":"2016-05-09T18:07:53+00:00","dateModified":"2025-02-17T14:00:24+00:00","mainEntityOfPage":{"@id":"https:\/\/www.hoecker.eu\/blog\/prof-hoecker-ist-am-20-05-12-zu-gast-bei-west-art-mit-bettina-boettinger-wdr-fernsehen-thema-der-sendung-ist-wen-die-meute-jagt-die-entfesselte-meinung\/"},"wordCount":394,"publisher":{"@id":"https:\/\/www.hoecker.eu\/blog\/#organization"},"articleSection":["News"],"inLanguage":"de"},{"@type":"WebPage","@id":"https:\/\/www.hoecker.eu\/blog\/prof-hoecker-ist-am-20-05-12-zu-gast-bei-west-art-mit-bettina-boettinger-wdr-fernsehen-thema-der-sendung-ist-wen-die-meute-jagt-die-entfesselte-meinung\/","url":"https:\/\/www.hoecker.eu\/blog\/prof-hoecker-ist-am-20-05-12-zu-gast-bei-west-art-mit-bettina-boettinger-wdr-fernsehen-thema-der-sendung-ist-wen-die-meute-jagt-die-entfesselte-meinung\/","name":"Prof. H\u00f6cker ist am 20.05.12 zu Gast bei West ART mit Bettina B\u00f6ttinger (WDR-Fernsehen). Thema der Sendung ist \"Wen die Meute jagt - Die entfesselte Meinung\". - H\u00d6CKER - der Blog","isPartOf":{"@id":"https:\/\/www.hoecker.eu\/blog\/#website"},"datePublished":"2016-05-09T18:07:53+00:00","dateModified":"2025-02-17T14:00:24+00:00","breadcrumb":{"@id":"https:\/\/www.hoecker.eu\/blog\/prof-hoecker-ist-am-20-05-12-zu-gast-bei-west-art-mit-bettina-boettinger-wdr-fernsehen-thema-der-sendung-ist-wen-die-meute-jagt-die-entfesselte-meinung\/#breadcrumb"},"inLanguage":"de","potentialAction":[{"@type":"ReadAction","target":["https:\/\/www.hoecker.eu\/blog\/prof-hoecker-ist-am-20-05-12-zu-gast-bei-west-art-mit-bettina-boettinger-wdr-fernsehen-thema-der-sendung-ist-wen-die-meute-jagt-die-entfesselte-meinung\/"]}]},{"@type":"BreadcrumbList","@id":"https:\/\/www.hoecker.eu\/blog\/prof-hoecker-ist-am-20-05-12-zu-gast-bei-west-art-mit-bettina-boettinger-wdr-fernsehen-thema-der-sendung-ist-wen-die-meute-jagt-die-entfesselte-meinung\/#breadcrumb","itemListElement":[{"@type":"ListItem","position":1,"name":"Startseite","item":"https:\/\/dev.hoecker.eu\/blog\/"},{"@type":"ListItem","position":2,"name":"Prof. H\u00f6cker ist am 20.05.12 zu Gast bei West ART mit Bettina B\u00f6ttinger (WDR-Fernsehen). Thema der Sendung ist &#8220;Wen die Meute jagt &#8211; Die entfesselte Meinung&#8221;."}]},{"@type":"WebSite","@id":"https:\/\/www.hoecker.eu\/blog\/#website","url":"https:\/\/www.hoecker.eu\/blog\/","name":"H\u00d6CKER - der Blog","description":"Expertenblog f\u00fcr \u00c4u\u00dferungs-, Medien-, Marken-, Urheber- und Wettbewerbsrecht.","publisher":{"@id":"https:\/\/www.hoecker.eu\/blog\/#organization"},"potentialAction":[{"@type":"SearchAction","target":{"@type":"EntryPoint","urlTemplate":"https:\/\/www.hoecker.eu\/blog\/?s={search_term_string}"},"query-input":{"@type":"PropertyValueSpecification","valueRequired":true,"valueName":"search_term_string"}}],"inLanguage":"de"},{"@type":"Organization","@id":"https:\/\/www.hoecker.eu\/blog\/#organization","name":"H\u00d6CKER Rechtsanw\u00e4lte PartGmbB","alternateName":"H\u00d6CKER","url":"https:\/\/www.hoecker.eu\/blog\/","logo":{"@type":"ImageObject","inLanguage":"de","@id":"https:\/\/www.hoecker.eu\/blog\/#\/schema\/logo\/image\/","url":"https:\/\/www.hoecker.eu\/blog\/wp-content\/uploads\/2025\/03\/Blog-Logo.webp","contentUrl":"https:\/\/www.hoecker.eu\/blog\/wp-content\/uploads\/2025\/03\/Blog-Logo.webp","width":500,"height":500,"caption":"H\u00d6CKER Rechtsanw\u00e4lte PartGmbB"},"image":{"@id":"https:\/\/www.hoecker.eu\/blog\/#\/schema\/logo\/image\/"},"sameAs":["https:\/\/www.facebook.com\/HoeckerRAe\/","https:\/\/x.com\/hoecker_rae","https:\/\/www.linkedin.com\/company\/hcker-rechtsanwlte\/","https:\/\/www.instagram.com\/hoecker_rae\/"],"email":"contact@hoecker.eu","telephone":"+ 49 (0)221-933 19-10","legalName":"H\u00d6CKER Rechtsanw\u00e4lte PartGmbB","numberOfEmployees":{"@type":"QuantitativeValue","minValue":"11","maxValue":"50"}},{"@type":"Person","@id":"https:\/\/www.hoecker.eu\/blog\/#\/schema\/person\/08f95581eed0534eccd0b2438f7a1cab","name":"Prof. Dr. Ralf H\u00f6cker","description":"Medienanwalt. Besch\u00fctzer vor mieser Presse","sameAs":["https:\/\/www.hoecker.eu\/wer\/prof-dr-ralf-hoecker","https:\/\/www.facebook.com\/ralf.hoecker","https:\/\/www.linkedin.com\/in\/prof-dr-ralf-hcker-ll-m-london-17987826\/","https:\/\/x.com\/Ralf_Hoecker"],"url":"https:\/\/www.hoecker.eu\/blog\/author\/hoecker_adm\/"}]}},"authors":[{"term_id":84,"user_id":1,"is_guest":0,"slug":"hoecker_adm","display_name":"Prof. Dr. Ralf H\u00f6cker","avatar_url":{"url":"https:\/\/www.hoecker.eu\/blog\/wp-content\/uploads\/2023\/12\/ProfDrRalfHoecker.jpg","url2x":"https:\/\/www.hoecker.eu\/blog\/wp-content\/uploads\/2023\/12\/ProfDrRalfHoecker.jpg"},"0":null,"1":"","2":"","3":"","4":"","5":"","6":"","7":"","8":"","9":"","10":"","11":""}],"_links":{"self":[{"href":"https:\/\/www.hoecker.eu\/blog\/wp-json\/wp\/v2\/posts\/8649","targetHints":{"allow":["GET"]}}],"collection":[{"href":"https:\/\/www.hoecker.eu\/blog\/wp-json\/wp\/v2\/posts"}],"about":[{"href":"https:\/\/www.hoecker.eu\/blog\/wp-json\/wp\/v2\/types\/post"}],"author":[{"embeddable":true,"href":"https:\/\/www.hoecker.eu\/blog\/wp-json\/wp\/v2\/users\/1"}],"replies":[{"embeddable":true,"href":"https:\/\/www.hoecker.eu\/blog\/wp-json\/wp\/v2\/comments?post=8649"}],"version-history":[{"count":1,"href":"https:\/\/www.hoecker.eu\/blog\/wp-json\/wp\/v2\/posts\/8649\/revisions"}],"predecessor-version":[{"id":9771,"href":"https:\/\/www.hoecker.eu\/blog\/wp-json\/wp\/v2\/posts\/8649\/revisions\/9771"}],"wp:attachment":[{"href":"https:\/\/www.hoecker.eu\/blog\/wp-json\/wp\/v2\/media?parent=8649"}],"wp:term":[{"taxonomy":"category","embeddable":true,"href":"https:\/\/www.hoecker.eu\/blog\/wp-json\/wp\/v2\/categories?post=8649"},{"taxonomy":"post_tag","embeddable":true,"href":"https:\/\/www.hoecker.eu\/blog\/wp-json\/wp\/v2\/tags?post=8649"},{"taxonomy":"hashtags","embeddable":true,"href":"https:\/\/www.hoecker.eu\/blog\/wp-json\/wp\/v2\/hashtags?post=8649"},{"taxonomy":"author","embeddable":true,"href":"https:\/\/www.hoecker.eu\/blog\/wp-json\/wp\/v2\/ppma_author?post=8649"}],"curies":[{"name":"wp","href":"https:\/\/api.w.org\/{rel}","templated":true}]}}