{"id":8643,"date":"2016-05-09T20:11:02","date_gmt":"2016-05-09T18:11:02","guid":{"rendered":"https:\/\/www.hoecker.eu\/blog\/alice-schwarzer-spricht-kachelmann-ueberraschend-frei-zu-spaet-lg-koeln-bestaetigt-verfuegung-gegen-emma-und-alice-schwarzer-wegen-falscher-vergewaltigungsvorwuerfe\/"},"modified":"2025-02-17T15:00:20","modified_gmt":"2025-02-17T14:00:20","slug":"alice-schwarzer-spricht-kachelmann-ueberraschend-frei-zu-spaet-lg-koeln-bestaetigt-verfuegung-gegen-emma-und-alice-schwarzer-wegen-falscher-vergewaltigungsvorwuerfe","status":"publish","type":"post","link":"https:\/\/www.hoecker.eu\/blog\/alice-schwarzer-spricht-kachelmann-ueberraschend-frei-zu-spaet-lg-koeln-bestaetigt-verfuegung-gegen-emma-und-alice-schwarzer-wegen-falscher-vergewaltigungsvorwuerfe\/","title":{"rendered":"Alice Schwarzer spricht Kachelmann \u00fcberraschend frei! Zu sp\u00e4t: LG K\u00f6ln best\u00e4tigt Verf\u00fcgung gegen EMMA und Alice Schwarzer wegen falscher Vergewaltigungsvorw\u00fcrfe."},"content":{"rendered":"<p class=\"flies\">Ein Jahr nach J&ouml;rg Kachelmanns rechtskr&auml;ftigem Freispruch durch das LG Mannheim hat nun auch Alice Schwarzer den Wettermoderator &uuml;berraschend frei gesprochen.&nbsp;Noch in der EMMA-Ausgabe &quot;Winter 2012&quot; hatte sie ihren Lesern die Worte &bdquo;einvernehmlicher Sex&ldquo; und &bdquo;Unschuldsvermutung&ldquo; als Vorschl&auml;ge f&uuml;r das Unwort des Jahres 2011 unterbreitet. Schwarzer begr&uuml;ndete diesen Vorschlag&nbsp;wie folgt:<\/p>\n<p class=\"flies\"><em>&bdquo;Da fragt man am besten Nafissatou Diallo oder Claudia D. oder irgendeine von den 86.800 gesch&auml;tzten vergewaltigten Frauen im Jahr, deren Vergewaltiger nie angezeigt, nie angeklagt oder nie verurteilt wurden&quot;<\/em> <\/p>\n<p> Kachelmann, vertreten durch H&Ouml;CKER, hatte gegen diese Verleumdung seiner Person am 28.02.2012 vor der Pressekammer des Landgerichts K&ouml;ln eine einstweilige Verf&uuml;gung&nbsp;erwirkt. Mit dieser wurde es Alice Schwarzer und der EMMA verboten, wie im Artikel geschehen,<\/p>\n<p class=\"flies\"><em>&quot;den Eindruck zu erwecken, der Antragsteller habe eine Vergewaltigung zum Nachteil der Frau Claudia D. begangen&quot;<br \/> <\/em> (LG K&ouml;ln, Az. 28 O 96\/12)<\/p>\n<p class=\"flies\">Schwarzer legte Widerspruch gegen die Verf&uuml;gung ein und begr&uuml;ndete diesen mit Schriftsatz ihres Rechtsanwalts vom 5. April 2012 mit folgender bemerkenswerten Erkenntnis:<\/p>\n<p class=\"flies\"><em>&quot;Durch das &quot;oder&quot; vor den 86.800 vergewaltigten Frauen ergibt sich auch, dass Claudia D. darin gerade nicht einbezogen werden sollte. F&uuml;r eine solche Einbeziehung h&auml;tte dort &quot;und&quot; stehen m&uuml;ssen. Denn das Wort &quot;oder&quot; trennt zwei verschiedene Sachverhalte oder Begriffe. Sie stehen in einem Alternativverh&auml;ltnis. <strong>Damit wird klar, dass Frau Claudia D. nicht zu den &quot;vergewaltigten Frauen&quot; geh&ouml;rt<\/strong> .&quot;<\/em> (Hervorhebung durch uns)<\/p>\n<p class=\"flies\">Das Landgericht K&ouml;ln folgte dieser spitzfindigen Interpretation nicht. Es attestierte&nbsp;Frau Schwarzer&nbsp;vielmehr, dass ihre Interpretation der &Auml;u&szlig;erung &bdquo;<em>keinen rechten Sinn<\/em> &ldquo; ergebe. Frau D. werde von Schwarzer vielmehr beispielhaft f&uuml;r die Gruppe vergewaltigter Frauen genannt, deren Vergewaltiger nie verurteilt w&uuml;rden.<\/p>\n<p class=\"flies\">RA Prof. Dr. Ralf H&ouml;cker sieht Alice Schwarzers&nbsp;Sinneswandel dennoch positiv:<\/p>\n<p class=\"flies\"><em>&quot;Es ist erfreulich, dass selbst Frau Schwarzer&nbsp;Herrn Kachelmann endlich freispricht und sie seine Unschuld erkannt hat. Ihre Erkenntnis&nbsp;kommt zwar ein Jahr zu sp&auml;t, aber immerhin.&quot;<\/em><\/p>\n<p><strong><span class=\"flies\"><span style=\"text-decoration: underline;\">Nachtrag vom 12.12.2013:<\/span> <\/span> <\/strong><\/p>\n<p class=\"flies\">Alice Schwarzer hat im Laufe ihrer vor- und nachverurteilenden Berichterstattung &uuml;ber den Fall Kachelmann eine Vielzahl einstweiliger Verf&uuml;gungen, Vertragsstrafen und gerichtlich verh&auml;ngter Ordnungsgelder kassiert, die hier dargestellt sind:<\/p>\n<p><a class=\"flies\" href=\"http:\/\/www.hoecker.eu\/mitteilungen\/artikel.htm?id=269\" class=\"flies\">http:\/\/www.hoecker.eu\/mitteilungen\/artikel.htm?id=269<\/a><\/p>\n<p><a class=\"flies\" href=\"http:\/\/www.hoecker.eu\/mitteilungen\/artikel.htm?id=260\" class=\"flies\">http:\/\/www.hoecker.eu\/mitteilungen\/artikel.htm?id=260<\/a><\/p>\n<p><a class=\"flies\" href=\"http:\/\/www.hoecker.eu\/mitteilungen\/artikel.htm?id=246\" class=\"flies\">http:\/\/www.hoecker.eu\/mitteilungen\/artikel.htm?id=246<\/a><\/p>\n<p><a class=\"flies\" href=\"http:\/\/www.hoecker.eu\/mitteilungen\/artikel.htm?id=226\" class=\"flies\">http:\/\/www.hoecker.eu\/mitteilungen\/artikel.htm?id=226<\/a><\/p>\n<p><a class=\"flies\" href=\"http:\/\/www.hoecker.eu\/mitteilungen\/artikel.htm?id=215\" class=\"flies\">http:\/\/www.hoecker.eu\/mitteilungen\/artikel.htm?id=215<\/a><\/p>\n<p><a class=\"flies\" href=\"http:\/\/www.hoecker.eu\/mitteilungen\/artikel.htm?id=186\" class=\"flies\">http:\/\/www.hoecker.eu\/mitteilungen\/artikel.htm?id=186<\/a><\/p>\n<p><a class=\"flies\" href=\"http:\/\/www.hoecker.eu\/mitteilungen\/artikel.htm?id=131\" class=\"flies\">http:\/\/www.hoecker.eu\/mitteilungen\/artikel.htm?id=131<\/a><\/p>\n<p><a class=\"flies\" href=\"http:\/\/www.hoecker.eu\/mitteilungen\/artikel.htm?id=127\" class=\"flies\">http:\/\/www.hoecker.eu\/mitteilungen\/artikel.htm?id=127<\/a><\/p>\n<p><a class=\"flies\" href=\"http:\/\/www.hoecker.eu\/mitteilungen\/artikel.htm?id=126\" class=\"flies\">http:\/\/www.hoecker.eu\/mitteilungen\/artikel.htm?id=126<\/a><\/p>\n<p><a class=\"flies\" href=\"http:\/\/www.hoecker.eu\/mitteilungen\/artikel.htm?id=69\" class=\"flies\">http:\/\/www.hoecker.eu\/mitteilungen\/artikel.htm?id=69<\/a><\/p>\n<p><a class=\"flies\" href=\"http:\/\/www.hoecker.eu\/mitteilungen\/artikel.htm?id=76\" class=\"flies\">http:\/\/www.hoecker.eu\/mitteilungen\/artikel.htm?id=76<\/a><\/p>\n<p><a class=\"flies\" href=\"http:\/\/www.hoecker.eu\/mitteilungen\/artikel.htm?id=99\" class=\"flies\">http:\/\/www.hoecker.eu\/mitteilungen\/artikel.htm?id=99<\/a><\/p>\n<p><a class=\"flies\" href=\"http:\/\/www.hoecker.eu\/mitteilungen\/artikel.htm?id=71\" class=\"flies\">http:\/\/www.hoecker.eu\/mitteilungen\/artikel.htm?id=71<\/a><\/p>\n<p><a class=\"flies\" href=\"http:\/\/www.hoecker.eu\/mitteilungen\/artikel.htm?id=72\" class=\"flies\">http:\/\/www.hoecker.eu\/mitteilungen\/artikel.htm?id=72<\/a><\/p>\n<p><a class=\"flies\" href=\"http:\/\/www.hoecker.eu\/mitteilungen\/artikel.htm?id=48\" class=\"flies\">http:\/\/www.hoecker.eu\/mitteilungen\/artikel.htm?i d=48 <\/a><\/p>\n<p class=\"flies\">RA Prof. Dr. Ralf H&ouml;cker, LL.M.<\/p>\n","protected":false},"excerpt":{"rendered":"<p>Ein Jahr nach J&ouml;rg Kachelmanns rechtskr&auml;ftigem Freispruch durch das LG Mannheim hat nun auch Alice Schwarzer den Wettermoderator &uuml;berraschend frei gesprochen.&nbsp;Noch in der EMMA-Ausgabe &quot;Winter 2012&quot; hatte sie ihren Lesern die Worte &bdquo;einvernehmlicher Sex&ldquo; und &bdquo;Unschuldsvermutung&ldquo; als Vorschl&auml;ge f&uuml;r das Unwort des Jahres 2011 unterbreitet. Schwarzer begr&uuml;ndete diesen Vorschlag&nbsp;wie folgt: &bdquo;Da fragt man am besten [&hellip;]<\/p>\n","protected":false},"author":1,"featured_media":0,"comment_status":"closed","ping_status":"closed","sticky":false,"template":"","format":"standard","meta":{"_has_post_settings":[],"footnotes":""},"categories":[15],"tags":[],"hashtags":[],"ppma_author":[84],"class_list":["post-8643","post","type-post","status-publish","format-standard","hentry","category-news","author-hoecker_adm"],"yoast_head":"<!-- This site is optimized with the Yoast SEO Premium plugin v25.9 (Yoast SEO v27.0) - https:\/\/yoast.com\/product\/yoast-seo-premium-wordpress\/ -->\n<title>Alice Schwarzer spricht Kachelmann \u00fcberraschend frei! Zu sp\u00e4t: LG K\u00f6ln best\u00e4tigt Verf\u00fcgung gegen EMMA und Alice Schwarzer wegen falscher Vergewaltigungsvorw\u00fcrfe. - H\u00d6CKER - der Blog<\/title>\n<meta name=\"robots\" content=\"index, follow, max-snippet:-1, max-image-preview:large, max-video-preview:-1\" \/>\n<link rel=\"canonical\" href=\"https:\/\/www.hoecker.eu\/blog\/alice-schwarzer-spricht-kachelmann-ueberraschend-frei-zu-spaet-lg-koeln-bestaetigt-verfuegung-gegen-emma-und-alice-schwarzer-wegen-falscher-vergewaltigungsvorwuerfe\/\" \/>\n<meta property=\"og:locale\" content=\"de_DE\" \/>\n<meta property=\"og:type\" content=\"article\" \/>\n<meta property=\"og:title\" content=\"Alice Schwarzer spricht Kachelmann \u00fcberraschend frei! Zu sp\u00e4t: LG K\u00f6ln best\u00e4tigt Verf\u00fcgung gegen EMMA und Alice Schwarzer wegen falscher Vergewaltigungsvorw\u00fcrfe.\" \/>\n<meta property=\"og:description\" content=\"Ein Jahr nach J&ouml;rg Kachelmanns rechtskr&auml;ftigem Freispruch durch das LG Mannheim hat nun auch Alice Schwarzer den Wettermoderator &uuml;berraschend frei gesprochen.&nbsp;Noch in der EMMA-Ausgabe &quot;Winter 2012&quot; hatte sie ihren Lesern die Worte &bdquo;einvernehmlicher Sex&ldquo; und &bdquo;Unschuldsvermutung&ldquo; als Vorschl&auml;ge f&uuml;r das Unwort des Jahres 2011 unterbreitet. Schwarzer begr&uuml;ndete diesen Vorschlag&nbsp;wie folgt: &bdquo;Da fragt man am besten [&hellip;]\" \/>\n<meta property=\"og:url\" content=\"https:\/\/www.hoecker.eu\/blog\/alice-schwarzer-spricht-kachelmann-ueberraschend-frei-zu-spaet-lg-koeln-bestaetigt-verfuegung-gegen-emma-und-alice-schwarzer-wegen-falscher-vergewaltigungsvorwuerfe\/\" \/>\n<meta property=\"og:site_name\" content=\"H\u00d6CKER - der Blog\" \/>\n<meta property=\"article:publisher\" content=\"https:\/\/www.facebook.com\/HoeckerRAe\/\" \/>\n<meta property=\"article:author\" content=\"https:\/\/www.facebook.com\/ralf.hoecker\" \/>\n<meta property=\"article:published_time\" content=\"2016-05-09T18:11:02+00:00\" \/>\n<meta property=\"article:modified_time\" content=\"2025-02-17T14:00:20+00:00\" \/>\n<meta name=\"author\" content=\"Prof. Dr. Ralf H\u00f6cker\" \/>\n<meta name=\"twitter:card\" content=\"summary_large_image\" \/>\n<meta name=\"twitter:creator\" content=\"@Ralf_Hoecker\" \/>\n<meta name=\"twitter:site\" content=\"@hoecker_rae\" \/>\n<meta name=\"twitter:label1\" content=\"Verfasst von\" \/>\n\t<meta name=\"twitter:data1\" content=\"Prof. Dr. Ralf H\u00f6cker\" \/>\n\t<meta name=\"twitter:label2\" content=\"Gesch\u00e4tzte Lesezeit\" \/>\n\t<meta name=\"twitter:data2\" content=\"3\u00a0Minuten\" \/>\n<script type=\"application\/ld+json\" class=\"yoast-schema-graph\">{\"@context\":\"https:\/\/schema.org\",\"@graph\":[{\"@type\":\"Article\",\"@id\":\"https:\/\/www.hoecker.eu\/blog\/alice-schwarzer-spricht-kachelmann-ueberraschend-frei-zu-spaet-lg-koeln-bestaetigt-verfuegung-gegen-emma-und-alice-schwarzer-wegen-falscher-vergewaltigungsvorwuerfe\/#article\",\"isPartOf\":{\"@id\":\"https:\/\/www.hoecker.eu\/blog\/alice-schwarzer-spricht-kachelmann-ueberraschend-frei-zu-spaet-lg-koeln-bestaetigt-verfuegung-gegen-emma-und-alice-schwarzer-wegen-falscher-vergewaltigungsvorwuerfe\/\"},\"author\":{\"name\":\"Prof. Dr. Ralf H\u00f6cker\",\"@id\":\"https:\/\/www.hoecker.eu\/blog\/#\/schema\/person\/08f95581eed0534eccd0b2438f7a1cab\"},\"headline\":\"Alice Schwarzer spricht Kachelmann \u00fcberraschend frei! Zu sp\u00e4t: LG K\u00f6ln best\u00e4tigt Verf\u00fcgung gegen EMMA und Alice Schwarzer wegen falscher Vergewaltigungsvorw\u00fcrfe.\",\"datePublished\":\"2016-05-09T18:11:02+00:00\",\"dateModified\":\"2025-02-17T14:00:20+00:00\",\"mainEntityOfPage\":{\"@id\":\"https:\/\/www.hoecker.eu\/blog\/alice-schwarzer-spricht-kachelmann-ueberraschend-frei-zu-spaet-lg-koeln-bestaetigt-verfuegung-gegen-emma-und-alice-schwarzer-wegen-falscher-vergewaltigungsvorwuerfe\/\"},\"wordCount\":561,\"publisher\":{\"@id\":\"https:\/\/www.hoecker.eu\/blog\/#organization\"},\"articleSection\":[\"News\"],\"inLanguage\":\"de\"},{\"@type\":\"WebPage\",\"@id\":\"https:\/\/www.hoecker.eu\/blog\/alice-schwarzer-spricht-kachelmann-ueberraschend-frei-zu-spaet-lg-koeln-bestaetigt-verfuegung-gegen-emma-und-alice-schwarzer-wegen-falscher-vergewaltigungsvorwuerfe\/\",\"url\":\"https:\/\/www.hoecker.eu\/blog\/alice-schwarzer-spricht-kachelmann-ueberraschend-frei-zu-spaet-lg-koeln-bestaetigt-verfuegung-gegen-emma-und-alice-schwarzer-wegen-falscher-vergewaltigungsvorwuerfe\/\",\"name\":\"Alice Schwarzer spricht Kachelmann \u00fcberraschend frei! Zu sp\u00e4t: LG K\u00f6ln best\u00e4tigt Verf\u00fcgung gegen EMMA und Alice Schwarzer wegen falscher Vergewaltigungsvorw\u00fcrfe. - H\u00d6CKER - der Blog\",\"isPartOf\":{\"@id\":\"https:\/\/www.hoecker.eu\/blog\/#website\"},\"datePublished\":\"2016-05-09T18:11:02+00:00\",\"dateModified\":\"2025-02-17T14:00:20+00:00\",\"breadcrumb\":{\"@id\":\"https:\/\/www.hoecker.eu\/blog\/alice-schwarzer-spricht-kachelmann-ueberraschend-frei-zu-spaet-lg-koeln-bestaetigt-verfuegung-gegen-emma-und-alice-schwarzer-wegen-falscher-vergewaltigungsvorwuerfe\/#breadcrumb\"},\"inLanguage\":\"de\",\"potentialAction\":[{\"@type\":\"ReadAction\",\"target\":[\"https:\/\/www.hoecker.eu\/blog\/alice-schwarzer-spricht-kachelmann-ueberraschend-frei-zu-spaet-lg-koeln-bestaetigt-verfuegung-gegen-emma-und-alice-schwarzer-wegen-falscher-vergewaltigungsvorwuerfe\/\"]}]},{\"@type\":\"BreadcrumbList\",\"@id\":\"https:\/\/www.hoecker.eu\/blog\/alice-schwarzer-spricht-kachelmann-ueberraschend-frei-zu-spaet-lg-koeln-bestaetigt-verfuegung-gegen-emma-und-alice-schwarzer-wegen-falscher-vergewaltigungsvorwuerfe\/#breadcrumb\",\"itemListElement\":[{\"@type\":\"ListItem\",\"position\":1,\"name\":\"Startseite\",\"item\":\"https:\/\/dev.hoecker.eu\/blog\/\"},{\"@type\":\"ListItem\",\"position\":2,\"name\":\"Alice Schwarzer spricht Kachelmann \u00fcberraschend frei! Zu sp\u00e4t: LG K\u00f6ln best\u00e4tigt Verf\u00fcgung gegen EMMA und Alice Schwarzer wegen falscher Vergewaltigungsvorw\u00fcrfe.\"}]},{\"@type\":\"WebSite\",\"@id\":\"https:\/\/www.hoecker.eu\/blog\/#website\",\"url\":\"https:\/\/www.hoecker.eu\/blog\/\",\"name\":\"H\u00d6CKER - der Blog\",\"description\":\"Expertenblog f\u00fcr \u00c4u\u00dferungs-, Medien-, Marken-, Urheber- und Wettbewerbsrecht.\",\"publisher\":{\"@id\":\"https:\/\/www.hoecker.eu\/blog\/#organization\"},\"potentialAction\":[{\"@type\":\"SearchAction\",\"target\":{\"@type\":\"EntryPoint\",\"urlTemplate\":\"https:\/\/www.hoecker.eu\/blog\/?s={search_term_string}\"},\"query-input\":{\"@type\":\"PropertyValueSpecification\",\"valueRequired\":true,\"valueName\":\"search_term_string\"}}],\"inLanguage\":\"de\"},{\"@type\":\"Organization\",\"@id\":\"https:\/\/www.hoecker.eu\/blog\/#organization\",\"name\":\"H\u00d6CKER Rechtsanw\u00e4lte PartGmbB\",\"alternateName\":\"H\u00d6CKER\",\"url\":\"https:\/\/www.hoecker.eu\/blog\/\",\"logo\":{\"@type\":\"ImageObject\",\"inLanguage\":\"de\",\"@id\":\"https:\/\/www.hoecker.eu\/blog\/#\/schema\/logo\/image\/\",\"url\":\"https:\/\/www.hoecker.eu\/blog\/wp-content\/uploads\/2025\/03\/Blog-Logo.webp\",\"contentUrl\":\"https:\/\/www.hoecker.eu\/blog\/wp-content\/uploads\/2025\/03\/Blog-Logo.webp\",\"width\":500,\"height\":500,\"caption\":\"H\u00d6CKER Rechtsanw\u00e4lte PartGmbB\"},\"image\":{\"@id\":\"https:\/\/www.hoecker.eu\/blog\/#\/schema\/logo\/image\/\"},\"sameAs\":[\"https:\/\/www.facebook.com\/HoeckerRAe\/\",\"https:\/\/x.com\/hoecker_rae\",\"https:\/\/www.linkedin.com\/company\/hcker-rechtsanwlte\/\",\"https:\/\/www.instagram.com\/hoecker_rae\/\"],\"email\":\"contact@hoecker.eu\",\"telephone\":\"+ 49 (0)221-933 19-10\",\"legalName\":\"H\u00d6CKER Rechtsanw\u00e4lte PartGmbB\",\"numberOfEmployees\":{\"@type\":\"QuantitativeValue\",\"minValue\":\"11\",\"maxValue\":\"50\"}},{\"@type\":\"Person\",\"@id\":\"https:\/\/www.hoecker.eu\/blog\/#\/schema\/person\/08f95581eed0534eccd0b2438f7a1cab\",\"name\":\"Prof. Dr. Ralf H\u00f6cker\",\"description\":\"Medienanwalt. Besch\u00fctzer vor mieser Presse\",\"sameAs\":[\"https:\/\/www.hoecker.eu\/wer\/prof-dr-ralf-hoecker\",\"https:\/\/www.facebook.com\/ralf.hoecker\",\"https:\/\/www.linkedin.com\/in\/prof-dr-ralf-hcker-ll-m-london-17987826\/\",\"https:\/\/x.com\/Ralf_Hoecker\"],\"url\":\"https:\/\/www.hoecker.eu\/blog\/author\/hoecker_adm\/\"}]}<\/script>\n<!-- \/ Yoast SEO Premium plugin. -->","yoast_head_json":{"title":"Alice Schwarzer spricht Kachelmann \u00fcberraschend frei! Zu sp\u00e4t: LG K\u00f6ln best\u00e4tigt Verf\u00fcgung gegen EMMA und Alice Schwarzer wegen falscher Vergewaltigungsvorw\u00fcrfe. - H\u00d6CKER - der Blog","robots":{"index":"index","follow":"follow","max-snippet":"max-snippet:-1","max-image-preview":"max-image-preview:large","max-video-preview":"max-video-preview:-1"},"canonical":"https:\/\/www.hoecker.eu\/blog\/alice-schwarzer-spricht-kachelmann-ueberraschend-frei-zu-spaet-lg-koeln-bestaetigt-verfuegung-gegen-emma-und-alice-schwarzer-wegen-falscher-vergewaltigungsvorwuerfe\/","og_locale":"de_DE","og_type":"article","og_title":"Alice Schwarzer spricht Kachelmann \u00fcberraschend frei! Zu sp\u00e4t: LG K\u00f6ln best\u00e4tigt Verf\u00fcgung gegen EMMA und Alice Schwarzer wegen falscher Vergewaltigungsvorw\u00fcrfe.","og_description":"Ein Jahr nach J&ouml;rg Kachelmanns rechtskr&auml;ftigem Freispruch durch das LG Mannheim hat nun auch Alice Schwarzer den Wettermoderator &uuml;berraschend frei gesprochen.&nbsp;Noch in der EMMA-Ausgabe &quot;Winter 2012&quot; hatte sie ihren Lesern die Worte &bdquo;einvernehmlicher Sex&ldquo; und &bdquo;Unschuldsvermutung&ldquo; als Vorschl&auml;ge f&uuml;r das Unwort des Jahres 2011 unterbreitet. Schwarzer begr&uuml;ndete diesen Vorschlag&nbsp;wie folgt: &bdquo;Da fragt man am besten [&hellip;]","og_url":"https:\/\/www.hoecker.eu\/blog\/alice-schwarzer-spricht-kachelmann-ueberraschend-frei-zu-spaet-lg-koeln-bestaetigt-verfuegung-gegen-emma-und-alice-schwarzer-wegen-falscher-vergewaltigungsvorwuerfe\/","og_site_name":"H\u00d6CKER - der Blog","article_publisher":"https:\/\/www.facebook.com\/HoeckerRAe\/","article_author":"https:\/\/www.facebook.com\/ralf.hoecker","article_published_time":"2016-05-09T18:11:02+00:00","article_modified_time":"2025-02-17T14:00:20+00:00","author":"Prof. Dr. Ralf H\u00f6cker","twitter_card":"summary_large_image","twitter_creator":"@Ralf_Hoecker","twitter_site":"@hoecker_rae","twitter_misc":{"Verfasst von":"Prof. Dr. Ralf H\u00f6cker","Gesch\u00e4tzte Lesezeit":"3\u00a0Minuten"},"schema":{"@context":"https:\/\/schema.org","@graph":[{"@type":"Article","@id":"https:\/\/www.hoecker.eu\/blog\/alice-schwarzer-spricht-kachelmann-ueberraschend-frei-zu-spaet-lg-koeln-bestaetigt-verfuegung-gegen-emma-und-alice-schwarzer-wegen-falscher-vergewaltigungsvorwuerfe\/#article","isPartOf":{"@id":"https:\/\/www.hoecker.eu\/blog\/alice-schwarzer-spricht-kachelmann-ueberraschend-frei-zu-spaet-lg-koeln-bestaetigt-verfuegung-gegen-emma-und-alice-schwarzer-wegen-falscher-vergewaltigungsvorwuerfe\/"},"author":{"name":"Prof. Dr. Ralf H\u00f6cker","@id":"https:\/\/www.hoecker.eu\/blog\/#\/schema\/person\/08f95581eed0534eccd0b2438f7a1cab"},"headline":"Alice Schwarzer spricht Kachelmann \u00fcberraschend frei! Zu sp\u00e4t: LG K\u00f6ln best\u00e4tigt Verf\u00fcgung gegen EMMA und Alice Schwarzer wegen falscher Vergewaltigungsvorw\u00fcrfe.","datePublished":"2016-05-09T18:11:02+00:00","dateModified":"2025-02-17T14:00:20+00:00","mainEntityOfPage":{"@id":"https:\/\/www.hoecker.eu\/blog\/alice-schwarzer-spricht-kachelmann-ueberraschend-frei-zu-spaet-lg-koeln-bestaetigt-verfuegung-gegen-emma-und-alice-schwarzer-wegen-falscher-vergewaltigungsvorwuerfe\/"},"wordCount":561,"publisher":{"@id":"https:\/\/www.hoecker.eu\/blog\/#organization"},"articleSection":["News"],"inLanguage":"de"},{"@type":"WebPage","@id":"https:\/\/www.hoecker.eu\/blog\/alice-schwarzer-spricht-kachelmann-ueberraschend-frei-zu-spaet-lg-koeln-bestaetigt-verfuegung-gegen-emma-und-alice-schwarzer-wegen-falscher-vergewaltigungsvorwuerfe\/","url":"https:\/\/www.hoecker.eu\/blog\/alice-schwarzer-spricht-kachelmann-ueberraschend-frei-zu-spaet-lg-koeln-bestaetigt-verfuegung-gegen-emma-und-alice-schwarzer-wegen-falscher-vergewaltigungsvorwuerfe\/","name":"Alice Schwarzer spricht Kachelmann \u00fcberraschend frei! Zu sp\u00e4t: LG K\u00f6ln best\u00e4tigt Verf\u00fcgung gegen EMMA und Alice Schwarzer wegen falscher Vergewaltigungsvorw\u00fcrfe. - H\u00d6CKER - der Blog","isPartOf":{"@id":"https:\/\/www.hoecker.eu\/blog\/#website"},"datePublished":"2016-05-09T18:11:02+00:00","dateModified":"2025-02-17T14:00:20+00:00","breadcrumb":{"@id":"https:\/\/www.hoecker.eu\/blog\/alice-schwarzer-spricht-kachelmann-ueberraschend-frei-zu-spaet-lg-koeln-bestaetigt-verfuegung-gegen-emma-und-alice-schwarzer-wegen-falscher-vergewaltigungsvorwuerfe\/#breadcrumb"},"inLanguage":"de","potentialAction":[{"@type":"ReadAction","target":["https:\/\/www.hoecker.eu\/blog\/alice-schwarzer-spricht-kachelmann-ueberraschend-frei-zu-spaet-lg-koeln-bestaetigt-verfuegung-gegen-emma-und-alice-schwarzer-wegen-falscher-vergewaltigungsvorwuerfe\/"]}]},{"@type":"BreadcrumbList","@id":"https:\/\/www.hoecker.eu\/blog\/alice-schwarzer-spricht-kachelmann-ueberraschend-frei-zu-spaet-lg-koeln-bestaetigt-verfuegung-gegen-emma-und-alice-schwarzer-wegen-falscher-vergewaltigungsvorwuerfe\/#breadcrumb","itemListElement":[{"@type":"ListItem","position":1,"name":"Startseite","item":"https:\/\/dev.hoecker.eu\/blog\/"},{"@type":"ListItem","position":2,"name":"Alice Schwarzer spricht Kachelmann \u00fcberraschend frei! Zu sp\u00e4t: LG K\u00f6ln best\u00e4tigt Verf\u00fcgung gegen EMMA und Alice Schwarzer wegen falscher Vergewaltigungsvorw\u00fcrfe."}]},{"@type":"WebSite","@id":"https:\/\/www.hoecker.eu\/blog\/#website","url":"https:\/\/www.hoecker.eu\/blog\/","name":"H\u00d6CKER - der Blog","description":"Expertenblog f\u00fcr \u00c4u\u00dferungs-, Medien-, Marken-, Urheber- und Wettbewerbsrecht.","publisher":{"@id":"https:\/\/www.hoecker.eu\/blog\/#organization"},"potentialAction":[{"@type":"SearchAction","target":{"@type":"EntryPoint","urlTemplate":"https:\/\/www.hoecker.eu\/blog\/?s={search_term_string}"},"query-input":{"@type":"PropertyValueSpecification","valueRequired":true,"valueName":"search_term_string"}}],"inLanguage":"de"},{"@type":"Organization","@id":"https:\/\/www.hoecker.eu\/blog\/#organization","name":"H\u00d6CKER Rechtsanw\u00e4lte PartGmbB","alternateName":"H\u00d6CKER","url":"https:\/\/www.hoecker.eu\/blog\/","logo":{"@type":"ImageObject","inLanguage":"de","@id":"https:\/\/www.hoecker.eu\/blog\/#\/schema\/logo\/image\/","url":"https:\/\/www.hoecker.eu\/blog\/wp-content\/uploads\/2025\/03\/Blog-Logo.webp","contentUrl":"https:\/\/www.hoecker.eu\/blog\/wp-content\/uploads\/2025\/03\/Blog-Logo.webp","width":500,"height":500,"caption":"H\u00d6CKER Rechtsanw\u00e4lte PartGmbB"},"image":{"@id":"https:\/\/www.hoecker.eu\/blog\/#\/schema\/logo\/image\/"},"sameAs":["https:\/\/www.facebook.com\/HoeckerRAe\/","https:\/\/x.com\/hoecker_rae","https:\/\/www.linkedin.com\/company\/hcker-rechtsanwlte\/","https:\/\/www.instagram.com\/hoecker_rae\/"],"email":"contact@hoecker.eu","telephone":"+ 49 (0)221-933 19-10","legalName":"H\u00d6CKER Rechtsanw\u00e4lte PartGmbB","numberOfEmployees":{"@type":"QuantitativeValue","minValue":"11","maxValue":"50"}},{"@type":"Person","@id":"https:\/\/www.hoecker.eu\/blog\/#\/schema\/person\/08f95581eed0534eccd0b2438f7a1cab","name":"Prof. Dr. Ralf H\u00f6cker","description":"Medienanwalt. Besch\u00fctzer vor mieser Presse","sameAs":["https:\/\/www.hoecker.eu\/wer\/prof-dr-ralf-hoecker","https:\/\/www.facebook.com\/ralf.hoecker","https:\/\/www.linkedin.com\/in\/prof-dr-ralf-hcker-ll-m-london-17987826\/","https:\/\/x.com\/Ralf_Hoecker"],"url":"https:\/\/www.hoecker.eu\/blog\/author\/hoecker_adm\/"}]}},"authors":[{"term_id":84,"user_id":1,"is_guest":0,"slug":"hoecker_adm","display_name":"Prof. Dr. Ralf H\u00f6cker","avatar_url":{"url":"https:\/\/www.hoecker.eu\/blog\/wp-content\/uploads\/2023\/12\/ProfDrRalfHoecker.jpg","url2x":"https:\/\/www.hoecker.eu\/blog\/wp-content\/uploads\/2023\/12\/ProfDrRalfHoecker.jpg"},"0":null,"1":"","2":"","3":"","4":"","5":"","6":"","7":"","8":"","9":"","10":"","11":""}],"_links":{"self":[{"href":"https:\/\/www.hoecker.eu\/blog\/wp-json\/wp\/v2\/posts\/8643","targetHints":{"allow":["GET"]}}],"collection":[{"href":"https:\/\/www.hoecker.eu\/blog\/wp-json\/wp\/v2\/posts"}],"about":[{"href":"https:\/\/www.hoecker.eu\/blog\/wp-json\/wp\/v2\/types\/post"}],"author":[{"embeddable":true,"href":"https:\/\/www.hoecker.eu\/blog\/wp-json\/wp\/v2\/users\/1"}],"replies":[{"embeddable":true,"href":"https:\/\/www.hoecker.eu\/blog\/wp-json\/wp\/v2\/comments?post=8643"}],"version-history":[{"count":1,"href":"https:\/\/www.hoecker.eu\/blog\/wp-json\/wp\/v2\/posts\/8643\/revisions"}],"predecessor-version":[{"id":9765,"href":"https:\/\/www.hoecker.eu\/blog\/wp-json\/wp\/v2\/posts\/8643\/revisions\/9765"}],"wp:attachment":[{"href":"https:\/\/www.hoecker.eu\/blog\/wp-json\/wp\/v2\/media?parent=8643"}],"wp:term":[{"taxonomy":"category","embeddable":true,"href":"https:\/\/www.hoecker.eu\/blog\/wp-json\/wp\/v2\/categories?post=8643"},{"taxonomy":"post_tag","embeddable":true,"href":"https:\/\/www.hoecker.eu\/blog\/wp-json\/wp\/v2\/tags?post=8643"},{"taxonomy":"hashtags","embeddable":true,"href":"https:\/\/www.hoecker.eu\/blog\/wp-json\/wp\/v2\/hashtags?post=8643"},{"taxonomy":"author","embeddable":true,"href":"https:\/\/www.hoecker.eu\/blog\/wp-json\/wp\/v2\/ppma_author?post=8643"}],"curies":[{"name":"wp","href":"https:\/\/api.w.org\/{rel}","templated":true}]}}