{"id":8641,"date":"2016-05-09T20:11:58","date_gmt":"2016-05-09T18:11:58","guid":{"rendered":"https:\/\/www.hoecker.eu\/blog\/deutsche-verbraucher-sprechen-auch-parfuems-nicht-franzoesisch-aus-hoecker-verteidigt-parfuemmarke-aznyxaoe-erfolgreich-gegen-widerspruch-der-fuer-deutsche-verbraucher-klanglich-unaehnlichen-marke-n\/"},"modified":"2025-02-17T15:00:19","modified_gmt":"2025-02-17T14:00:19","slug":"deutsche-verbraucher-sprechen-auch-parfuems-nicht-franzoesisch-aus-hoecker-verteidigt-parfuemmarke-aznyxaoe-erfolgreich-gegen-widerspruch-der-fuer-deutsche-verbraucher-klanglich-unaehnlichen-marke-n","status":"publish","type":"post","link":"https:\/\/www.hoecker.eu\/blog\/deutsche-verbraucher-sprechen-auch-parfuems-nicht-franzoesisch-aus-hoecker-verteidigt-parfuemmarke-aznyxaoe-erfolgreich-gegen-widerspruch-der-fuer-deutsche-verbraucher-klanglich-unaehnlichen-marke-n\/","title":{"rendered":"Deutsche Verbraucher sprechen auch Parf\u00fcms nicht franz\u00f6sisch aus: H\u00d6CKER verteidigt Parf\u00fcmmarke \u00c0\u017eNYX\u00c0\u0153 erfolgreich gegen Widerspruch der f\u00fcr deutsche Verbraucher klanglich un\u00e4hnlichen Marke &#8220;NUXE&#8221;."},"content":{"rendered":"<p class=\"flies\">H&Ouml;CKER hat die bekannte deutsche Parf&uuml;mmarke &bdquo;NYX&ldquo; erfolgreich gegen einen Widerspruch aus der EU-Gemeinschaftsmarke &bdquo;NUXE&ldquo; franz&ouml;sischer Markeninhaber verteidigt. Beide Marken beanspruchen Schutz f&uuml;r Parf&uuml;ms und Kosmetika.<\/p>\n<p class=\"flies\">Das franz&ouml;sische Unternehmen &#8220;Laboratoire Nuxe&#8221; hatte argumentiert, die Marken &#8220;NYX&#8221; und &#8220;NUXE&#8221; seien einander klanglich &auml;hnlich und hatte mit dieser Begr&uuml;ndung Widerspruch gegen die Markenanmeldung unserer Mandantin eingelegt. Das&nbsp;Deutsche Markenamt hat den Widerspruch zur&uuml;ckgewiesen. Es folgte dabei unserer Argumentation, dass der deutsche Verbraucher die Marke &bdquo;NUXE&ldquo; nicht franz&ouml;sisch &#8220;N&Uuml;X&#8221; ausspricht, sondern genauso, wie sie geschrieben wird, also &#8220;NUXE&#8221;. Die Marke unseres Mandanten, so das Amt,&nbsp;werde dagegen eher als Reihung von Einzelbuchstaben, also &#8220;N-Y-X&#8221; ausgesprochen. Ma&szlig;geblich sei also, wie der angesprochene deutsche Verkehr die Marke &bdquo;NUXE&ldquo; ausspreche. Lege man eine deutsche oder englische Aussprache zu Grunde, liege keine Verwechslungsgefahr vor.<\/p>\n","protected":false},"excerpt":{"rendered":"<p>H&Ouml;CKER hat die bekannte deutsche Parf&uuml;mmarke &bdquo;NYX&ldquo; erfolgreich gegen einen Widerspruch aus der EU-Gemeinschaftsmarke &bdquo;NUXE&ldquo; franz&ouml;sischer Markeninhaber verteidigt. Beide Marken beanspruchen Schutz f&uuml;r Parf&uuml;ms und Kosmetika. Das franz&ouml;sische Unternehmen &#8220;Laboratoire Nuxe&#8221; hatte argumentiert, die Marken &#8220;NYX&#8221; und &#8220;NUXE&#8221; seien einander klanglich &auml;hnlich und hatte mit dieser Begr&uuml;ndung Widerspruch gegen die Markenanmeldung unserer Mandantin eingelegt. Das&nbsp;Deutsche [&hellip;]<\/p>\n","protected":false},"author":1,"featured_media":0,"comment_status":"closed","ping_status":"closed","sticky":false,"template":"","format":"standard","meta":{"_has_post_settings":[],"footnotes":""},"categories":[15],"tags":[],"hashtags":[],"ppma_author":[84],"class_list":["post-8641","post","type-post","status-publish","format-standard","hentry","category-news","author-hoecker_adm"],"yoast_head":"<!-- This site is optimized with the Yoast SEO Premium plugin v25.9 (Yoast SEO v27.0) - https:\/\/yoast.com\/product\/yoast-seo-premium-wordpress\/ -->\n<title>Deutsche Verbraucher sprechen auch Parf\u00fcms nicht franz\u00f6sisch aus: H\u00d6CKER verteidigt Parf\u00fcmmarke \u00c0\u017eNYX\u00c0\u0153 erfolgreich gegen Widerspruch der f\u00fcr deutsche Verbraucher klanglich un\u00e4hnlichen Marke &quot;NUXE&quot;. - H\u00d6CKER - der Blog<\/title>\n<meta name=\"robots\" content=\"index, follow, max-snippet:-1, max-image-preview:large, max-video-preview:-1\" \/>\n<link rel=\"canonical\" href=\"https:\/\/www.hoecker.eu\/blog\/deutsche-verbraucher-sprechen-auch-parfuems-nicht-franzoesisch-aus-hoecker-verteidigt-parfuemmarke-aznyxaoe-erfolgreich-gegen-widerspruch-der-fuer-deutsche-verbraucher-klanglich-unaehnlichen-marke-n\/\" \/>\n<meta property=\"og:locale\" content=\"de_DE\" \/>\n<meta property=\"og:type\" content=\"article\" \/>\n<meta property=\"og:title\" content=\"Deutsche Verbraucher sprechen auch Parf\u00fcms nicht franz\u00f6sisch aus: H\u00d6CKER verteidigt Parf\u00fcmmarke \u00c0\u017eNYX\u00c0\u0153 erfolgreich gegen Widerspruch der f\u00fcr deutsche Verbraucher klanglich un\u00e4hnlichen Marke &quot;NUXE&quot;.\" \/>\n<meta property=\"og:description\" content=\"H&Ouml;CKER hat die bekannte deutsche Parf&uuml;mmarke &bdquo;NYX&ldquo; erfolgreich gegen einen Widerspruch aus der EU-Gemeinschaftsmarke &bdquo;NUXE&ldquo; franz&ouml;sischer Markeninhaber verteidigt. Beide Marken beanspruchen Schutz f&uuml;r Parf&uuml;ms und Kosmetika. Das franz&ouml;sische Unternehmen &#8220;Laboratoire Nuxe&#8221; hatte argumentiert, die Marken &#8220;NYX&#8221; und &#8220;NUXE&#8221; seien einander klanglich &auml;hnlich und hatte mit dieser Begr&uuml;ndung Widerspruch gegen die Markenanmeldung unserer Mandantin eingelegt. Das&nbsp;Deutsche [&hellip;]\" \/>\n<meta property=\"og:url\" content=\"https:\/\/www.hoecker.eu\/blog\/deutsche-verbraucher-sprechen-auch-parfuems-nicht-franzoesisch-aus-hoecker-verteidigt-parfuemmarke-aznyxaoe-erfolgreich-gegen-widerspruch-der-fuer-deutsche-verbraucher-klanglich-unaehnlichen-marke-n\/\" \/>\n<meta property=\"og:site_name\" content=\"H\u00d6CKER - der Blog\" \/>\n<meta property=\"article:publisher\" content=\"https:\/\/www.facebook.com\/HoeckerRAe\/\" \/>\n<meta property=\"article:author\" content=\"https:\/\/www.facebook.com\/ralf.hoecker\" \/>\n<meta property=\"article:published_time\" content=\"2016-05-09T18:11:58+00:00\" \/>\n<meta property=\"article:modified_time\" content=\"2025-02-17T14:00:19+00:00\" \/>\n<meta name=\"author\" content=\"Prof. Dr. Ralf H\u00f6cker\" \/>\n<meta name=\"twitter:card\" content=\"summary_large_image\" \/>\n<meta name=\"twitter:creator\" content=\"@Ralf_Hoecker\" \/>\n<meta name=\"twitter:site\" content=\"@hoecker_rae\" \/>\n<meta name=\"twitter:label1\" content=\"Verfasst von\" \/>\n\t<meta name=\"twitter:data1\" content=\"Prof. Dr. Ralf H\u00f6cker\" \/>\n\t<meta name=\"twitter:label2\" content=\"Gesch\u00e4tzte Lesezeit\" \/>\n\t<meta name=\"twitter:data2\" content=\"1\u00a0Minute\" \/>\n<script type=\"application\/ld+json\" class=\"yoast-schema-graph\">{\"@context\":\"https:\/\/schema.org\",\"@graph\":[{\"@type\":\"Article\",\"@id\":\"https:\/\/www.hoecker.eu\/blog\/deutsche-verbraucher-sprechen-auch-parfuems-nicht-franzoesisch-aus-hoecker-verteidigt-parfuemmarke-aznyxaoe-erfolgreich-gegen-widerspruch-der-fuer-deutsche-verbraucher-klanglich-unaehnlichen-marke-n\/#article\",\"isPartOf\":{\"@id\":\"https:\/\/www.hoecker.eu\/blog\/deutsche-verbraucher-sprechen-auch-parfuems-nicht-franzoesisch-aus-hoecker-verteidigt-parfuemmarke-aznyxaoe-erfolgreich-gegen-widerspruch-der-fuer-deutsche-verbraucher-klanglich-unaehnlichen-marke-n\/\"},\"author\":{\"name\":\"Prof. Dr. Ralf H\u00f6cker\",\"@id\":\"https:\/\/www.hoecker.eu\/blog\/#\/schema\/person\/08f95581eed0534eccd0b2438f7a1cab\"},\"headline\":\"Deutsche Verbraucher sprechen auch Parf\u00fcms nicht franz\u00f6sisch aus: H\u00d6CKER verteidigt Parf\u00fcmmarke \u00c0\u017eNYX\u00c0\u0153 erfolgreich gegen Widerspruch der f\u00fcr deutsche Verbraucher klanglich un\u00e4hnlichen Marke &#8220;NUXE&#8221;.\",\"datePublished\":\"2016-05-09T18:11:58+00:00\",\"dateModified\":\"2025-02-17T14:00:19+00:00\",\"mainEntityOfPage\":{\"@id\":\"https:\/\/www.hoecker.eu\/blog\/deutsche-verbraucher-sprechen-auch-parfuems-nicht-franzoesisch-aus-hoecker-verteidigt-parfuemmarke-aznyxaoe-erfolgreich-gegen-widerspruch-der-fuer-deutsche-verbraucher-klanglich-unaehnlichen-marke-n\/\"},\"wordCount\":189,\"publisher\":{\"@id\":\"https:\/\/www.hoecker.eu\/blog\/#organization\"},\"articleSection\":[\"News\"],\"inLanguage\":\"de\"},{\"@type\":\"WebPage\",\"@id\":\"https:\/\/www.hoecker.eu\/blog\/deutsche-verbraucher-sprechen-auch-parfuems-nicht-franzoesisch-aus-hoecker-verteidigt-parfuemmarke-aznyxaoe-erfolgreich-gegen-widerspruch-der-fuer-deutsche-verbraucher-klanglich-unaehnlichen-marke-n\/\",\"url\":\"https:\/\/www.hoecker.eu\/blog\/deutsche-verbraucher-sprechen-auch-parfuems-nicht-franzoesisch-aus-hoecker-verteidigt-parfuemmarke-aznyxaoe-erfolgreich-gegen-widerspruch-der-fuer-deutsche-verbraucher-klanglich-unaehnlichen-marke-n\/\",\"name\":\"Deutsche Verbraucher sprechen auch Parf\u00fcms nicht franz\u00f6sisch aus: H\u00d6CKER verteidigt Parf\u00fcmmarke \u00c0\u017eNYX\u00c0\u0153 erfolgreich gegen Widerspruch der f\u00fcr deutsche Verbraucher klanglich un\u00e4hnlichen Marke \\\"NUXE\\\". - H\u00d6CKER - der Blog\",\"isPartOf\":{\"@id\":\"https:\/\/www.hoecker.eu\/blog\/#website\"},\"datePublished\":\"2016-05-09T18:11:58+00:00\",\"dateModified\":\"2025-02-17T14:00:19+00:00\",\"breadcrumb\":{\"@id\":\"https:\/\/www.hoecker.eu\/blog\/deutsche-verbraucher-sprechen-auch-parfuems-nicht-franzoesisch-aus-hoecker-verteidigt-parfuemmarke-aznyxaoe-erfolgreich-gegen-widerspruch-der-fuer-deutsche-verbraucher-klanglich-unaehnlichen-marke-n\/#breadcrumb\"},\"inLanguage\":\"de\",\"potentialAction\":[{\"@type\":\"ReadAction\",\"target\":[\"https:\/\/www.hoecker.eu\/blog\/deutsche-verbraucher-sprechen-auch-parfuems-nicht-franzoesisch-aus-hoecker-verteidigt-parfuemmarke-aznyxaoe-erfolgreich-gegen-widerspruch-der-fuer-deutsche-verbraucher-klanglich-unaehnlichen-marke-n\/\"]}]},{\"@type\":\"BreadcrumbList\",\"@id\":\"https:\/\/www.hoecker.eu\/blog\/deutsche-verbraucher-sprechen-auch-parfuems-nicht-franzoesisch-aus-hoecker-verteidigt-parfuemmarke-aznyxaoe-erfolgreich-gegen-widerspruch-der-fuer-deutsche-verbraucher-klanglich-unaehnlichen-marke-n\/#breadcrumb\",\"itemListElement\":[{\"@type\":\"ListItem\",\"position\":1,\"name\":\"Startseite\",\"item\":\"https:\/\/dev.hoecker.eu\/blog\/\"},{\"@type\":\"ListItem\",\"position\":2,\"name\":\"Deutsche Verbraucher sprechen auch Parf\u00fcms nicht franz\u00f6sisch aus: H\u00d6CKER verteidigt Parf\u00fcmmarke \u00c0\u017eNYX\u00c0\u0153 erfolgreich gegen Widerspruch der f\u00fcr deutsche Verbraucher klanglich un\u00e4hnlichen Marke &#8220;NUXE&#8221;.\"}]},{\"@type\":\"WebSite\",\"@id\":\"https:\/\/www.hoecker.eu\/blog\/#website\",\"url\":\"https:\/\/www.hoecker.eu\/blog\/\",\"name\":\"H\u00d6CKER - der Blog\",\"description\":\"Expertenblog f\u00fcr \u00c4u\u00dferungs-, Medien-, Marken-, Urheber- und Wettbewerbsrecht.\",\"publisher\":{\"@id\":\"https:\/\/www.hoecker.eu\/blog\/#organization\"},\"potentialAction\":[{\"@type\":\"SearchAction\",\"target\":{\"@type\":\"EntryPoint\",\"urlTemplate\":\"https:\/\/www.hoecker.eu\/blog\/?s={search_term_string}\"},\"query-input\":{\"@type\":\"PropertyValueSpecification\",\"valueRequired\":true,\"valueName\":\"search_term_string\"}}],\"inLanguage\":\"de\"},{\"@type\":\"Organization\",\"@id\":\"https:\/\/www.hoecker.eu\/blog\/#organization\",\"name\":\"H\u00d6CKER Rechtsanw\u00e4lte PartGmbB\",\"alternateName\":\"H\u00d6CKER\",\"url\":\"https:\/\/www.hoecker.eu\/blog\/\",\"logo\":{\"@type\":\"ImageObject\",\"inLanguage\":\"de\",\"@id\":\"https:\/\/www.hoecker.eu\/blog\/#\/schema\/logo\/image\/\",\"url\":\"https:\/\/www.hoecker.eu\/blog\/wp-content\/uploads\/2025\/03\/Blog-Logo.webp\",\"contentUrl\":\"https:\/\/www.hoecker.eu\/blog\/wp-content\/uploads\/2025\/03\/Blog-Logo.webp\",\"width\":500,\"height\":500,\"caption\":\"H\u00d6CKER Rechtsanw\u00e4lte PartGmbB\"},\"image\":{\"@id\":\"https:\/\/www.hoecker.eu\/blog\/#\/schema\/logo\/image\/\"},\"sameAs\":[\"https:\/\/www.facebook.com\/HoeckerRAe\/\",\"https:\/\/x.com\/hoecker_rae\",\"https:\/\/www.linkedin.com\/company\/hcker-rechtsanwlte\/\",\"https:\/\/www.instagram.com\/hoecker_rae\/\"],\"email\":\"contact@hoecker.eu\",\"telephone\":\"+ 49 (0)221-933 19-10\",\"legalName\":\"H\u00d6CKER Rechtsanw\u00e4lte PartGmbB\",\"numberOfEmployees\":{\"@type\":\"QuantitativeValue\",\"minValue\":\"11\",\"maxValue\":\"50\"}},{\"@type\":\"Person\",\"@id\":\"https:\/\/www.hoecker.eu\/blog\/#\/schema\/person\/08f95581eed0534eccd0b2438f7a1cab\",\"name\":\"Prof. Dr. Ralf H\u00f6cker\",\"description\":\"Medienanwalt. Besch\u00fctzer vor mieser Presse\",\"sameAs\":[\"https:\/\/www.hoecker.eu\/wer\/prof-dr-ralf-hoecker\",\"https:\/\/www.facebook.com\/ralf.hoecker\",\"https:\/\/www.linkedin.com\/in\/prof-dr-ralf-hcker-ll-m-london-17987826\/\",\"https:\/\/x.com\/Ralf_Hoecker\"],\"url\":\"https:\/\/www.hoecker.eu\/blog\/author\/hoecker_adm\/\"}]}<\/script>\n<!-- \/ Yoast SEO Premium plugin. -->","yoast_head_json":{"title":"Deutsche Verbraucher sprechen auch Parf\u00fcms nicht franz\u00f6sisch aus: H\u00d6CKER verteidigt Parf\u00fcmmarke \u00c0\u017eNYX\u00c0\u0153 erfolgreich gegen Widerspruch der f\u00fcr deutsche Verbraucher klanglich un\u00e4hnlichen Marke \"NUXE\". - H\u00d6CKER - der Blog","robots":{"index":"index","follow":"follow","max-snippet":"max-snippet:-1","max-image-preview":"max-image-preview:large","max-video-preview":"max-video-preview:-1"},"canonical":"https:\/\/www.hoecker.eu\/blog\/deutsche-verbraucher-sprechen-auch-parfuems-nicht-franzoesisch-aus-hoecker-verteidigt-parfuemmarke-aznyxaoe-erfolgreich-gegen-widerspruch-der-fuer-deutsche-verbraucher-klanglich-unaehnlichen-marke-n\/","og_locale":"de_DE","og_type":"article","og_title":"Deutsche Verbraucher sprechen auch Parf\u00fcms nicht franz\u00f6sisch aus: H\u00d6CKER verteidigt Parf\u00fcmmarke \u00c0\u017eNYX\u00c0\u0153 erfolgreich gegen Widerspruch der f\u00fcr deutsche Verbraucher klanglich un\u00e4hnlichen Marke \"NUXE\".","og_description":"H&Ouml;CKER hat die bekannte deutsche Parf&uuml;mmarke &bdquo;NYX&ldquo; erfolgreich gegen einen Widerspruch aus der EU-Gemeinschaftsmarke &bdquo;NUXE&ldquo; franz&ouml;sischer Markeninhaber verteidigt. Beide Marken beanspruchen Schutz f&uuml;r Parf&uuml;ms und Kosmetika. Das franz&ouml;sische Unternehmen &#8220;Laboratoire Nuxe&#8221; hatte argumentiert, die Marken &#8220;NYX&#8221; und &#8220;NUXE&#8221; seien einander klanglich &auml;hnlich und hatte mit dieser Begr&uuml;ndung Widerspruch gegen die Markenanmeldung unserer Mandantin eingelegt. Das&nbsp;Deutsche [&hellip;]","og_url":"https:\/\/www.hoecker.eu\/blog\/deutsche-verbraucher-sprechen-auch-parfuems-nicht-franzoesisch-aus-hoecker-verteidigt-parfuemmarke-aznyxaoe-erfolgreich-gegen-widerspruch-der-fuer-deutsche-verbraucher-klanglich-unaehnlichen-marke-n\/","og_site_name":"H\u00d6CKER - der Blog","article_publisher":"https:\/\/www.facebook.com\/HoeckerRAe\/","article_author":"https:\/\/www.facebook.com\/ralf.hoecker","article_published_time":"2016-05-09T18:11:58+00:00","article_modified_time":"2025-02-17T14:00:19+00:00","author":"Prof. Dr. Ralf H\u00f6cker","twitter_card":"summary_large_image","twitter_creator":"@Ralf_Hoecker","twitter_site":"@hoecker_rae","twitter_misc":{"Verfasst von":"Prof. Dr. Ralf H\u00f6cker","Gesch\u00e4tzte Lesezeit":"1\u00a0Minute"},"schema":{"@context":"https:\/\/schema.org","@graph":[{"@type":"Article","@id":"https:\/\/www.hoecker.eu\/blog\/deutsche-verbraucher-sprechen-auch-parfuems-nicht-franzoesisch-aus-hoecker-verteidigt-parfuemmarke-aznyxaoe-erfolgreich-gegen-widerspruch-der-fuer-deutsche-verbraucher-klanglich-unaehnlichen-marke-n\/#article","isPartOf":{"@id":"https:\/\/www.hoecker.eu\/blog\/deutsche-verbraucher-sprechen-auch-parfuems-nicht-franzoesisch-aus-hoecker-verteidigt-parfuemmarke-aznyxaoe-erfolgreich-gegen-widerspruch-der-fuer-deutsche-verbraucher-klanglich-unaehnlichen-marke-n\/"},"author":{"name":"Prof. Dr. Ralf H\u00f6cker","@id":"https:\/\/www.hoecker.eu\/blog\/#\/schema\/person\/08f95581eed0534eccd0b2438f7a1cab"},"headline":"Deutsche Verbraucher sprechen auch Parf\u00fcms nicht franz\u00f6sisch aus: H\u00d6CKER verteidigt Parf\u00fcmmarke \u00c0\u017eNYX\u00c0\u0153 erfolgreich gegen Widerspruch der f\u00fcr deutsche Verbraucher klanglich un\u00e4hnlichen Marke &#8220;NUXE&#8221;.","datePublished":"2016-05-09T18:11:58+00:00","dateModified":"2025-02-17T14:00:19+00:00","mainEntityOfPage":{"@id":"https:\/\/www.hoecker.eu\/blog\/deutsche-verbraucher-sprechen-auch-parfuems-nicht-franzoesisch-aus-hoecker-verteidigt-parfuemmarke-aznyxaoe-erfolgreich-gegen-widerspruch-der-fuer-deutsche-verbraucher-klanglich-unaehnlichen-marke-n\/"},"wordCount":189,"publisher":{"@id":"https:\/\/www.hoecker.eu\/blog\/#organization"},"articleSection":["News"],"inLanguage":"de"},{"@type":"WebPage","@id":"https:\/\/www.hoecker.eu\/blog\/deutsche-verbraucher-sprechen-auch-parfuems-nicht-franzoesisch-aus-hoecker-verteidigt-parfuemmarke-aznyxaoe-erfolgreich-gegen-widerspruch-der-fuer-deutsche-verbraucher-klanglich-unaehnlichen-marke-n\/","url":"https:\/\/www.hoecker.eu\/blog\/deutsche-verbraucher-sprechen-auch-parfuems-nicht-franzoesisch-aus-hoecker-verteidigt-parfuemmarke-aznyxaoe-erfolgreich-gegen-widerspruch-der-fuer-deutsche-verbraucher-klanglich-unaehnlichen-marke-n\/","name":"Deutsche Verbraucher sprechen auch Parf\u00fcms nicht franz\u00f6sisch aus: H\u00d6CKER verteidigt Parf\u00fcmmarke \u00c0\u017eNYX\u00c0\u0153 erfolgreich gegen Widerspruch der f\u00fcr deutsche Verbraucher klanglich un\u00e4hnlichen Marke \"NUXE\". - H\u00d6CKER - der Blog","isPartOf":{"@id":"https:\/\/www.hoecker.eu\/blog\/#website"},"datePublished":"2016-05-09T18:11:58+00:00","dateModified":"2025-02-17T14:00:19+00:00","breadcrumb":{"@id":"https:\/\/www.hoecker.eu\/blog\/deutsche-verbraucher-sprechen-auch-parfuems-nicht-franzoesisch-aus-hoecker-verteidigt-parfuemmarke-aznyxaoe-erfolgreich-gegen-widerspruch-der-fuer-deutsche-verbraucher-klanglich-unaehnlichen-marke-n\/#breadcrumb"},"inLanguage":"de","potentialAction":[{"@type":"ReadAction","target":["https:\/\/www.hoecker.eu\/blog\/deutsche-verbraucher-sprechen-auch-parfuems-nicht-franzoesisch-aus-hoecker-verteidigt-parfuemmarke-aznyxaoe-erfolgreich-gegen-widerspruch-der-fuer-deutsche-verbraucher-klanglich-unaehnlichen-marke-n\/"]}]},{"@type":"BreadcrumbList","@id":"https:\/\/www.hoecker.eu\/blog\/deutsche-verbraucher-sprechen-auch-parfuems-nicht-franzoesisch-aus-hoecker-verteidigt-parfuemmarke-aznyxaoe-erfolgreich-gegen-widerspruch-der-fuer-deutsche-verbraucher-klanglich-unaehnlichen-marke-n\/#breadcrumb","itemListElement":[{"@type":"ListItem","position":1,"name":"Startseite","item":"https:\/\/dev.hoecker.eu\/blog\/"},{"@type":"ListItem","position":2,"name":"Deutsche Verbraucher sprechen auch Parf\u00fcms nicht franz\u00f6sisch aus: H\u00d6CKER verteidigt Parf\u00fcmmarke \u00c0\u017eNYX\u00c0\u0153 erfolgreich gegen Widerspruch der f\u00fcr deutsche Verbraucher klanglich un\u00e4hnlichen Marke &#8220;NUXE&#8221;."}]},{"@type":"WebSite","@id":"https:\/\/www.hoecker.eu\/blog\/#website","url":"https:\/\/www.hoecker.eu\/blog\/","name":"H\u00d6CKER - der Blog","description":"Expertenblog f\u00fcr \u00c4u\u00dferungs-, Medien-, Marken-, Urheber- und Wettbewerbsrecht.","publisher":{"@id":"https:\/\/www.hoecker.eu\/blog\/#organization"},"potentialAction":[{"@type":"SearchAction","target":{"@type":"EntryPoint","urlTemplate":"https:\/\/www.hoecker.eu\/blog\/?s={search_term_string}"},"query-input":{"@type":"PropertyValueSpecification","valueRequired":true,"valueName":"search_term_string"}}],"inLanguage":"de"},{"@type":"Organization","@id":"https:\/\/www.hoecker.eu\/blog\/#organization","name":"H\u00d6CKER Rechtsanw\u00e4lte PartGmbB","alternateName":"H\u00d6CKER","url":"https:\/\/www.hoecker.eu\/blog\/","logo":{"@type":"ImageObject","inLanguage":"de","@id":"https:\/\/www.hoecker.eu\/blog\/#\/schema\/logo\/image\/","url":"https:\/\/www.hoecker.eu\/blog\/wp-content\/uploads\/2025\/03\/Blog-Logo.webp","contentUrl":"https:\/\/www.hoecker.eu\/blog\/wp-content\/uploads\/2025\/03\/Blog-Logo.webp","width":500,"height":500,"caption":"H\u00d6CKER Rechtsanw\u00e4lte PartGmbB"},"image":{"@id":"https:\/\/www.hoecker.eu\/blog\/#\/schema\/logo\/image\/"},"sameAs":["https:\/\/www.facebook.com\/HoeckerRAe\/","https:\/\/x.com\/hoecker_rae","https:\/\/www.linkedin.com\/company\/hcker-rechtsanwlte\/","https:\/\/www.instagram.com\/hoecker_rae\/"],"email":"contact@hoecker.eu","telephone":"+ 49 (0)221-933 19-10","legalName":"H\u00d6CKER Rechtsanw\u00e4lte PartGmbB","numberOfEmployees":{"@type":"QuantitativeValue","minValue":"11","maxValue":"50"}},{"@type":"Person","@id":"https:\/\/www.hoecker.eu\/blog\/#\/schema\/person\/08f95581eed0534eccd0b2438f7a1cab","name":"Prof. Dr. Ralf H\u00f6cker","description":"Medienanwalt. Besch\u00fctzer vor mieser Presse","sameAs":["https:\/\/www.hoecker.eu\/wer\/prof-dr-ralf-hoecker","https:\/\/www.facebook.com\/ralf.hoecker","https:\/\/www.linkedin.com\/in\/prof-dr-ralf-hcker-ll-m-london-17987826\/","https:\/\/x.com\/Ralf_Hoecker"],"url":"https:\/\/www.hoecker.eu\/blog\/author\/hoecker_adm\/"}]}},"authors":[{"term_id":84,"user_id":1,"is_guest":0,"slug":"hoecker_adm","display_name":"Prof. Dr. Ralf H\u00f6cker","avatar_url":{"url":"https:\/\/www.hoecker.eu\/blog\/wp-content\/uploads\/2023\/12\/ProfDrRalfHoecker.jpg","url2x":"https:\/\/www.hoecker.eu\/blog\/wp-content\/uploads\/2023\/12\/ProfDrRalfHoecker.jpg"},"0":null,"1":"","2":"","3":"","4":"","5":"","6":"","7":"","8":"","9":"","10":"","11":""}],"_links":{"self":[{"href":"https:\/\/www.hoecker.eu\/blog\/wp-json\/wp\/v2\/posts\/8641","targetHints":{"allow":["GET"]}}],"collection":[{"href":"https:\/\/www.hoecker.eu\/blog\/wp-json\/wp\/v2\/posts"}],"about":[{"href":"https:\/\/www.hoecker.eu\/blog\/wp-json\/wp\/v2\/types\/post"}],"author":[{"embeddable":true,"href":"https:\/\/www.hoecker.eu\/blog\/wp-json\/wp\/v2\/users\/1"}],"replies":[{"embeddable":true,"href":"https:\/\/www.hoecker.eu\/blog\/wp-json\/wp\/v2\/comments?post=8641"}],"version-history":[{"count":1,"href":"https:\/\/www.hoecker.eu\/blog\/wp-json\/wp\/v2\/posts\/8641\/revisions"}],"predecessor-version":[{"id":9763,"href":"https:\/\/www.hoecker.eu\/blog\/wp-json\/wp\/v2\/posts\/8641\/revisions\/9763"}],"wp:attachment":[{"href":"https:\/\/www.hoecker.eu\/blog\/wp-json\/wp\/v2\/media?parent=8641"}],"wp:term":[{"taxonomy":"category","embeddable":true,"href":"https:\/\/www.hoecker.eu\/blog\/wp-json\/wp\/v2\/categories?post=8641"},{"taxonomy":"post_tag","embeddable":true,"href":"https:\/\/www.hoecker.eu\/blog\/wp-json\/wp\/v2\/tags?post=8641"},{"taxonomy":"hashtags","embeddable":true,"href":"https:\/\/www.hoecker.eu\/blog\/wp-json\/wp\/v2\/hashtags?post=8641"},{"taxonomy":"author","embeddable":true,"href":"https:\/\/www.hoecker.eu\/blog\/wp-json\/wp\/v2\/ppma_author?post=8641"}],"curies":[{"name":"wp","href":"https:\/\/api.w.org\/{rel}","templated":true}]}}