{"id":8624,"date":"2016-05-09T20:21:29","date_gmt":"2016-05-09T18:21:29","guid":{"rendered":"https:\/\/www.hoecker.eu\/blog\/neues-dikri-seminar-mit-prof-hoecker-das-von-prof-dr-hoecker-und-prof-dr-skibicki-geleitete-deutsche-institut-fuer-kommunikation-und-recht-im-internet-bietet-im-november-2012-erstmals-eine-ausbi\/"},"modified":"2025-02-17T15:00:08","modified_gmt":"2025-02-17T14:00:08","slug":"neues-dikri-seminar-mit-prof-hoecker-das-von-prof-dr-hoecker-und-prof-dr-skibicki-geleitete-deutsche-institut-fuer-kommunikation-und-recht-im-internet-bietet-im-november-2012-erstmals-eine-ausbi","status":"publish","type":"post","link":"https:\/\/www.hoecker.eu\/blog\/neues-dikri-seminar-mit-prof-hoecker-das-von-prof-dr-hoecker-und-prof-dr-skibicki-geleitete-deutsche-institut-fuer-kommunikation-und-recht-im-internet-bietet-im-november-2012-erstmals-eine-ausbi\/","title":{"rendered":"Neues DIKRI-Seminar mit Prof. H\u00f6cker: Das von Prof. Dr. H\u00f6cker und Prof. Dr. Skibicki geleitete Deutsche Institut f\u00fcr Kommunikation und Recht im Internet bietet im November 2012 erstmals eine Ausbildung zum zertifizierten Social Media Manager an."},"content":{"rendered":"<p><span class=\"flies\">In dem zweit&auml;gigen Seminar &bdquo;Der zertifizierte Social Media Manager&ldquo; erfahren Sie, wie Sie Social Media in Ihrem Unternehmen gezielt und gewinnbringend einsetzen k&ouml;nnen. Am Vormittag des ersten Tages zeigt Ihnen Prof. Dr. Klemens Skibicki anhand einiger praktischer Beispiele, welche Bedeutung die Social Media Revolution f&uuml;r Ihr Unternehmen hat. In der zweiten H&auml;lfte des Tages kl&auml;rt Sie Rechtsanwalt Christian Solmecke &uuml;ber die rechtlichen Fallstricke in sozialen Netzwerken auf. Den zweiten Tag startet Frank M&uuml;hlenbeck mit der Heranf&uuml;hrung an den operativen Bereich und zeigt Ihnen, wie Sie Ihre Social Media-Kampagnen und -Strategien gezielt planen und umsetzen k&ouml;nnen. Abgerundet wird der zweite Tag durch einen Einblick in das Online-Reputationsmanagement mit Prof. Dr. Ralf H&ouml;cker. Er zeigt auf, wie Sie unerw&uuml;nschte fremde Internetinhalte wieder entfernen, denn man kann das Internet sehr wohl dazu bringen, zu vergessen!<\/p>\n<p>Programmablauf<\/p>\n<p><strong>1. Tag<\/strong><\/p>\n<p>Begr&uuml;&szlig;ung durch den Seminarleiter<br \/>Vorstellung der Seminarthemen des ersten Tages <\/span><\/p>\n<p><span class=\"flies\">9.00-12.00 Uhr<br \/><\/span><span class=\"flies\">Prof. Dr. Klemens Skibicki: Die Social Media Revolution im Unternehmen<br \/>&bull; Die Kommunikationsrevolution &#8211; aktuelle Trends im Web 2.0, neue Marketing-Modelle zwischen Online- und Offline-Welt<br \/>&bull; Social Media Grundlagen &#8211; Facebook, Google+, Twitter, Blogs und Co.<br \/>&bull; Fundamentale Social Media Prinzipien sinnvoll nutzen, u.a. Echtzeit, Crowdsourcing, Mash-Up, iWorld <\/p>\n<p>12.00-13.00 Uhr Mittagspause<\/p>\n<p>13.00-17.00 Uhr<br \/>Rechtsanwalt Christian Solmecke, LL.M.: Social Media und Recht <br \/>&bull; Grundlagenwissen zum Recht im Internet &ndash; Urheberrechte, Bildrechte, Haftung und Co.<br \/>&bull; Soziale Netze und Arbeitsrecht &ndash; Social Media Guidelines, &Auml;u&szlig;erungsrecht<br \/>&bull; Nutzungsbedingungen in sozialen Netzwerken &ndash; welche Rechte haben Facebook und Co.?<br \/>&bull; Datenschutz und der Facebook-Like-Button<br \/>&bull; Social Media Marketing, insbesondere Schleichwerbung, Direktmarketing, gekaufte Nutzermeinungen<br \/><\/span><\/p>\n<p><span class=\"flies\">17.00 Uhr Get together im Rotonda Business Club <\/p>\n<p><strong>2. Tag<\/strong> <\/span><span style=\"color: #000000;\"><\/p>\n<p><span class=\"flies\">Begr&uuml;&szlig;ung durch den Seminarleiter<br \/>Vorstellung der Seminarthemen des zweiten Tages <\/p>\n<p>9.00-12.00 Uhr<br \/>Frank M&uuml;hlenbeck: Social Media Strategie &ndash; Planung und Umsetzung<br \/>&bull; Social Media Strategie &#8211; Verkaufskanal vs. Ganzheitlicher Strategieansatz<br \/>&bull; Social Media Tools (1) &#8211; Twittern, Bloggen &amp; Crowdsourcing <br \/>&bull; Social Media Tools (2) &#8211; Facebook als Marketinginstrument gezielt nutzen &ndash; Fanpage, Apps, Plugins, Places, Ads<br \/>&bull; Der Social Media Kommunikationsplan &#8211; Organisation, Tools, Einsatz von Agenturen<br \/>&bull; Social Media Monitoring &ndash; Richtig zuh&ouml;ren, Krisen fr&uuml;hzeitig erkennen<\/p>\n<p>12.00-13.00 Uhr Mittagspause<\/p>\n<p>13.00-15.00 Uhr<br \/>Prof. Dr. Ralf H&ouml;cker: Reputationsmanagement im Internet &#8211; Was tun beim sog. &bdquo;Shitstorm&ldquo;?<br \/>Zuckerbrot und\/oder Peitsche: Wann lohnt sich neben oder statt Kommunikation eine rechtliche Intervention?<br \/>Gibt es den &bdquo;Streisand-Effekt&ldquo; wirklich?<br \/>&bull; Pr&auml;vention: Wie kann man negative Berichte von Journalisten von vornherein verhindern? Welche vorbeugenden rechtlichen Ma&szlig;nahmen gibt es?<br \/>&bull; Reaktion: Welche Inhalte auf fremden Internetseiten kann man verbieten? Was muss man sich gefallen lassen?<br \/>&bull; Repression: Kritische Berichte in klassischen Medien, n&ouml;rgelnde Blogger, unsachliche Produktbewertungen und Co. &ndash; Welche konkreten rechtlichen Druckmittel gibt es?<\/p>\n<p>15.00-16.00 Uhr Pr&uuml;fung<\/span><\/span><\/p>\n<p>&nbsp;<\/p>\n<p><span class=\"flies\"><strong>Seminartitel<\/strong>: Der zertifizierte Social Media Manager<br \/><strong><\/strong><\/span><\/p>\n<p><span class=\"flies\"><strong>Zielgruppe<\/strong>: Unternehmer, Leitende Angestellte, Marketing Assistenten<br \/><strong><\/strong><\/span><\/p>\n<p class=\"flies\"><strong>Dauer<\/strong>: 2 Tage<strong><\/strong><\/p>\n<p class=\"flies\"><strong>Termin<\/strong>: 08. und 09.11.2012<strong><\/strong><\/p>\n<p><span class=\"flies\"><strong>Kosten<\/strong>: 990 &euro;<strong><\/strong><\/span><\/p>\n<p><span class=\"flies\"><strong>Referenten<\/strong>: Prof. Dr. Ralf H&ouml;cker, LL.M., Prof. Dr. Klemens Skibicki, Christian Solmecke, LL.M., Frank M&uuml;hlenbeck<\/span><\/p>\n<p><span style=\"COLOR: #000000\"><span class=\"flies\"><strong>Ort:<\/strong> K&ouml;ln<\/span><\/span><\/p>\n<p><p><span style=\"color: #000000;\"><span class=\"flies\">N&auml;here Informationen zum Seminar und eine Anmeldem&ouml;glichkeit finden Sie <a href=\"http:\/\/dikri.de\/der-zertifizierte-social-media-manager\/Menu-ID-75.html\">hier<\/a>.<\/span><\/span><\/p><\/p>\n","protected":false},"excerpt":{"rendered":"<p>In dem zweit&auml;gigen Seminar &bdquo;Der zertifizierte Social Media Manager&ldquo; erfahren Sie, wie Sie Social Media in Ihrem Unternehmen gezielt und gewinnbringend einsetzen k&ouml;nnen. Am Vormittag des ersten Tages zeigt Ihnen Prof. Dr. Klemens Skibicki anhand einiger praktischer Beispiele, welche Bedeutung die Social Media Revolution f&uuml;r Ihr Unternehmen hat. In der zweiten H&auml;lfte des Tages kl&auml;rt [&hellip;]<\/p>\n","protected":false},"author":1,"featured_media":0,"comment_status":"closed","ping_status":"closed","sticky":false,"template":"","format":"standard","meta":{"_has_post_settings":[],"footnotes":""},"categories":[15],"tags":[],"hashtags":[],"ppma_author":[84],"class_list":["post-8624","post","type-post","status-publish","format-standard","hentry","category-news","author-hoecker_adm"],"yoast_head":"<!-- This site is optimized with the Yoast SEO Premium plugin v25.9 (Yoast SEO v27.0) - https:\/\/yoast.com\/product\/yoast-seo-premium-wordpress\/ -->\n<title>Neues DIKRI-Seminar mit Prof. H\u00f6cker: Das von Prof. Dr. H\u00f6cker und Prof. Dr. Skibicki geleitete Deutsche Institut f\u00fcr Kommunikation und Recht im Internet bietet im November 2012 erstmals eine Ausbildung zum zertifizierten Social Media Manager an. - H\u00d6CKER - der Blog<\/title>\n<meta name=\"robots\" content=\"index, follow, max-snippet:-1, max-image-preview:large, max-video-preview:-1\" \/>\n<link rel=\"canonical\" href=\"https:\/\/www.hoecker.eu\/blog\/neues-dikri-seminar-mit-prof-hoecker-das-von-prof-dr-hoecker-und-prof-dr-skibicki-geleitete-deutsche-institut-fuer-kommunikation-und-recht-im-internet-bietet-im-november-2012-erstmals-eine-ausbi\/\" \/>\n<meta property=\"og:locale\" content=\"de_DE\" \/>\n<meta property=\"og:type\" content=\"article\" \/>\n<meta property=\"og:title\" content=\"Neues DIKRI-Seminar mit Prof. H\u00f6cker: Das von Prof. Dr. H\u00f6cker und Prof. Dr. Skibicki geleitete Deutsche Institut f\u00fcr Kommunikation und Recht im Internet bietet im November 2012 erstmals eine Ausbildung zum zertifizierten Social Media Manager an.\" \/>\n<meta property=\"og:description\" content=\"In dem zweit&auml;gigen Seminar &bdquo;Der zertifizierte Social Media Manager&ldquo; erfahren Sie, wie Sie Social Media in Ihrem Unternehmen gezielt und gewinnbringend einsetzen k&ouml;nnen. Am Vormittag des ersten Tages zeigt Ihnen Prof. Dr. Klemens Skibicki anhand einiger praktischer Beispiele, welche Bedeutung die Social Media Revolution f&uuml;r Ihr Unternehmen hat. In der zweiten H&auml;lfte des Tages kl&auml;rt [&hellip;]\" \/>\n<meta property=\"og:url\" content=\"https:\/\/www.hoecker.eu\/blog\/neues-dikri-seminar-mit-prof-hoecker-das-von-prof-dr-hoecker-und-prof-dr-skibicki-geleitete-deutsche-institut-fuer-kommunikation-und-recht-im-internet-bietet-im-november-2012-erstmals-eine-ausbi\/\" \/>\n<meta property=\"og:site_name\" content=\"H\u00d6CKER - der Blog\" \/>\n<meta property=\"article:publisher\" content=\"https:\/\/www.facebook.com\/HoeckerRAe\/\" \/>\n<meta property=\"article:author\" content=\"https:\/\/www.facebook.com\/ralf.hoecker\" \/>\n<meta property=\"article:published_time\" content=\"2016-05-09T18:21:29+00:00\" \/>\n<meta property=\"article:modified_time\" content=\"2025-02-17T14:00:08+00:00\" \/>\n<meta name=\"author\" content=\"Prof. Dr. Ralf H\u00f6cker\" \/>\n<meta name=\"twitter:card\" content=\"summary_large_image\" \/>\n<meta name=\"twitter:creator\" content=\"@Ralf_Hoecker\" \/>\n<meta name=\"twitter:site\" content=\"@hoecker_rae\" \/>\n<meta name=\"twitter:label1\" content=\"Verfasst von\" \/>\n\t<meta name=\"twitter:data1\" content=\"Prof. Dr. Ralf H\u00f6cker\" \/>\n\t<meta name=\"twitter:label2\" content=\"Gesch\u00e4tzte Lesezeit\" \/>\n\t<meta name=\"twitter:data2\" content=\"3\u00a0Minuten\" \/>\n<script type=\"application\/ld+json\" class=\"yoast-schema-graph\">{\"@context\":\"https:\/\/schema.org\",\"@graph\":[{\"@type\":\"Article\",\"@id\":\"https:\/\/www.hoecker.eu\/blog\/neues-dikri-seminar-mit-prof-hoecker-das-von-prof-dr-hoecker-und-prof-dr-skibicki-geleitete-deutsche-institut-fuer-kommunikation-und-recht-im-internet-bietet-im-november-2012-erstmals-eine-ausbi\/#article\",\"isPartOf\":{\"@id\":\"https:\/\/www.hoecker.eu\/blog\/neues-dikri-seminar-mit-prof-hoecker-das-von-prof-dr-hoecker-und-prof-dr-skibicki-geleitete-deutsche-institut-fuer-kommunikation-und-recht-im-internet-bietet-im-november-2012-erstmals-eine-ausbi\/\"},\"author\":{\"name\":\"Prof. Dr. Ralf H\u00f6cker\",\"@id\":\"https:\/\/www.hoecker.eu\/blog\/#\/schema\/person\/08f95581eed0534eccd0b2438f7a1cab\"},\"headline\":\"Neues DIKRI-Seminar mit Prof. H\u00f6cker: Das von Prof. Dr. H\u00f6cker und Prof. Dr. Skibicki geleitete Deutsche Institut f\u00fcr Kommunikation und Recht im Internet bietet im November 2012 erstmals eine Ausbildung zum zertifizierten Social Media Manager an.\",\"datePublished\":\"2016-05-09T18:21:29+00:00\",\"dateModified\":\"2025-02-17T14:00:08+00:00\",\"mainEntityOfPage\":{\"@id\":\"https:\/\/www.hoecker.eu\/blog\/neues-dikri-seminar-mit-prof-hoecker-das-von-prof-dr-hoecker-und-prof-dr-skibicki-geleitete-deutsche-institut-fuer-kommunikation-und-recht-im-internet-bietet-im-november-2012-erstmals-eine-ausbi\/\"},\"wordCount\":577,\"publisher\":{\"@id\":\"https:\/\/www.hoecker.eu\/blog\/#organization\"},\"articleSection\":[\"News\"],\"inLanguage\":\"de\"},{\"@type\":\"WebPage\",\"@id\":\"https:\/\/www.hoecker.eu\/blog\/neues-dikri-seminar-mit-prof-hoecker-das-von-prof-dr-hoecker-und-prof-dr-skibicki-geleitete-deutsche-institut-fuer-kommunikation-und-recht-im-internet-bietet-im-november-2012-erstmals-eine-ausbi\/\",\"url\":\"https:\/\/www.hoecker.eu\/blog\/neues-dikri-seminar-mit-prof-hoecker-das-von-prof-dr-hoecker-und-prof-dr-skibicki-geleitete-deutsche-institut-fuer-kommunikation-und-recht-im-internet-bietet-im-november-2012-erstmals-eine-ausbi\/\",\"name\":\"Neues DIKRI-Seminar mit Prof. H\u00f6cker: Das von Prof. Dr. H\u00f6cker und Prof. Dr. Skibicki geleitete Deutsche Institut f\u00fcr Kommunikation und Recht im Internet bietet im November 2012 erstmals eine Ausbildung zum zertifizierten Social Media Manager an. - H\u00d6CKER - der Blog\",\"isPartOf\":{\"@id\":\"https:\/\/www.hoecker.eu\/blog\/#website\"},\"datePublished\":\"2016-05-09T18:21:29+00:00\",\"dateModified\":\"2025-02-17T14:00:08+00:00\",\"breadcrumb\":{\"@id\":\"https:\/\/www.hoecker.eu\/blog\/neues-dikri-seminar-mit-prof-hoecker-das-von-prof-dr-hoecker-und-prof-dr-skibicki-geleitete-deutsche-institut-fuer-kommunikation-und-recht-im-internet-bietet-im-november-2012-erstmals-eine-ausbi\/#breadcrumb\"},\"inLanguage\":\"de\",\"potentialAction\":[{\"@type\":\"ReadAction\",\"target\":[\"https:\/\/www.hoecker.eu\/blog\/neues-dikri-seminar-mit-prof-hoecker-das-von-prof-dr-hoecker-und-prof-dr-skibicki-geleitete-deutsche-institut-fuer-kommunikation-und-recht-im-internet-bietet-im-november-2012-erstmals-eine-ausbi\/\"]}]},{\"@type\":\"BreadcrumbList\",\"@id\":\"https:\/\/www.hoecker.eu\/blog\/neues-dikri-seminar-mit-prof-hoecker-das-von-prof-dr-hoecker-und-prof-dr-skibicki-geleitete-deutsche-institut-fuer-kommunikation-und-recht-im-internet-bietet-im-november-2012-erstmals-eine-ausbi\/#breadcrumb\",\"itemListElement\":[{\"@type\":\"ListItem\",\"position\":1,\"name\":\"Startseite\",\"item\":\"https:\/\/dev.hoecker.eu\/blog\/\"},{\"@type\":\"ListItem\",\"position\":2,\"name\":\"Neues DIKRI-Seminar mit Prof. H\u00f6cker: Das von Prof. Dr. H\u00f6cker und Prof. Dr. Skibicki geleitete Deutsche Institut f\u00fcr Kommunikation und Recht im Internet bietet im November 2012 erstmals eine Ausbildung zum zertifizierten Social Media Manager an.\"}]},{\"@type\":\"WebSite\",\"@id\":\"https:\/\/www.hoecker.eu\/blog\/#website\",\"url\":\"https:\/\/www.hoecker.eu\/blog\/\",\"name\":\"H\u00d6CKER - der Blog\",\"description\":\"Expertenblog f\u00fcr \u00c4u\u00dferungs-, Medien-, Marken-, Urheber- und Wettbewerbsrecht.\",\"publisher\":{\"@id\":\"https:\/\/www.hoecker.eu\/blog\/#organization\"},\"potentialAction\":[{\"@type\":\"SearchAction\",\"target\":{\"@type\":\"EntryPoint\",\"urlTemplate\":\"https:\/\/www.hoecker.eu\/blog\/?s={search_term_string}\"},\"query-input\":{\"@type\":\"PropertyValueSpecification\",\"valueRequired\":true,\"valueName\":\"search_term_string\"}}],\"inLanguage\":\"de\"},{\"@type\":\"Organization\",\"@id\":\"https:\/\/www.hoecker.eu\/blog\/#organization\",\"name\":\"H\u00d6CKER Rechtsanw\u00e4lte PartGmbB\",\"alternateName\":\"H\u00d6CKER\",\"url\":\"https:\/\/www.hoecker.eu\/blog\/\",\"logo\":{\"@type\":\"ImageObject\",\"inLanguage\":\"de\",\"@id\":\"https:\/\/www.hoecker.eu\/blog\/#\/schema\/logo\/image\/\",\"url\":\"https:\/\/www.hoecker.eu\/blog\/wp-content\/uploads\/2025\/03\/Blog-Logo.webp\",\"contentUrl\":\"https:\/\/www.hoecker.eu\/blog\/wp-content\/uploads\/2025\/03\/Blog-Logo.webp\",\"width\":500,\"height\":500,\"caption\":\"H\u00d6CKER Rechtsanw\u00e4lte PartGmbB\"},\"image\":{\"@id\":\"https:\/\/www.hoecker.eu\/blog\/#\/schema\/logo\/image\/\"},\"sameAs\":[\"https:\/\/www.facebook.com\/HoeckerRAe\/\",\"https:\/\/x.com\/hoecker_rae\",\"https:\/\/www.linkedin.com\/company\/hcker-rechtsanwlte\/\",\"https:\/\/www.instagram.com\/hoecker_rae\/\"],\"email\":\"contact@hoecker.eu\",\"telephone\":\"+ 49 (0)221-933 19-10\",\"legalName\":\"H\u00d6CKER Rechtsanw\u00e4lte PartGmbB\",\"numberOfEmployees\":{\"@type\":\"QuantitativeValue\",\"minValue\":\"11\",\"maxValue\":\"50\"}},{\"@type\":\"Person\",\"@id\":\"https:\/\/www.hoecker.eu\/blog\/#\/schema\/person\/08f95581eed0534eccd0b2438f7a1cab\",\"name\":\"Prof. Dr. Ralf H\u00f6cker\",\"description\":\"Medienanwalt. Besch\u00fctzer vor mieser Presse\",\"sameAs\":[\"https:\/\/www.hoecker.eu\/wer\/prof-dr-ralf-hoecker\",\"https:\/\/www.facebook.com\/ralf.hoecker\",\"https:\/\/www.linkedin.com\/in\/prof-dr-ralf-hcker-ll-m-london-17987826\/\",\"https:\/\/x.com\/Ralf_Hoecker\"],\"url\":\"https:\/\/www.hoecker.eu\/blog\/author\/hoecker_adm\/\"}]}<\/script>\n<!-- \/ Yoast SEO Premium plugin. -->","yoast_head_json":{"title":"Neues DIKRI-Seminar mit Prof. H\u00f6cker: Das von Prof. Dr. H\u00f6cker und Prof. Dr. Skibicki geleitete Deutsche Institut f\u00fcr Kommunikation und Recht im Internet bietet im November 2012 erstmals eine Ausbildung zum zertifizierten Social Media Manager an. - H\u00d6CKER - der Blog","robots":{"index":"index","follow":"follow","max-snippet":"max-snippet:-1","max-image-preview":"max-image-preview:large","max-video-preview":"max-video-preview:-1"},"canonical":"https:\/\/www.hoecker.eu\/blog\/neues-dikri-seminar-mit-prof-hoecker-das-von-prof-dr-hoecker-und-prof-dr-skibicki-geleitete-deutsche-institut-fuer-kommunikation-und-recht-im-internet-bietet-im-november-2012-erstmals-eine-ausbi\/","og_locale":"de_DE","og_type":"article","og_title":"Neues DIKRI-Seminar mit Prof. H\u00f6cker: Das von Prof. Dr. H\u00f6cker und Prof. Dr. Skibicki geleitete Deutsche Institut f\u00fcr Kommunikation und Recht im Internet bietet im November 2012 erstmals eine Ausbildung zum zertifizierten Social Media Manager an.","og_description":"In dem zweit&auml;gigen Seminar &bdquo;Der zertifizierte Social Media Manager&ldquo; erfahren Sie, wie Sie Social Media in Ihrem Unternehmen gezielt und gewinnbringend einsetzen k&ouml;nnen. Am Vormittag des ersten Tages zeigt Ihnen Prof. Dr. Klemens Skibicki anhand einiger praktischer Beispiele, welche Bedeutung die Social Media Revolution f&uuml;r Ihr Unternehmen hat. In der zweiten H&auml;lfte des Tages kl&auml;rt [&hellip;]","og_url":"https:\/\/www.hoecker.eu\/blog\/neues-dikri-seminar-mit-prof-hoecker-das-von-prof-dr-hoecker-und-prof-dr-skibicki-geleitete-deutsche-institut-fuer-kommunikation-und-recht-im-internet-bietet-im-november-2012-erstmals-eine-ausbi\/","og_site_name":"H\u00d6CKER - der Blog","article_publisher":"https:\/\/www.facebook.com\/HoeckerRAe\/","article_author":"https:\/\/www.facebook.com\/ralf.hoecker","article_published_time":"2016-05-09T18:21:29+00:00","article_modified_time":"2025-02-17T14:00:08+00:00","author":"Prof. Dr. Ralf H\u00f6cker","twitter_card":"summary_large_image","twitter_creator":"@Ralf_Hoecker","twitter_site":"@hoecker_rae","twitter_misc":{"Verfasst von":"Prof. Dr. Ralf H\u00f6cker","Gesch\u00e4tzte Lesezeit":"3\u00a0Minuten"},"schema":{"@context":"https:\/\/schema.org","@graph":[{"@type":"Article","@id":"https:\/\/www.hoecker.eu\/blog\/neues-dikri-seminar-mit-prof-hoecker-das-von-prof-dr-hoecker-und-prof-dr-skibicki-geleitete-deutsche-institut-fuer-kommunikation-und-recht-im-internet-bietet-im-november-2012-erstmals-eine-ausbi\/#article","isPartOf":{"@id":"https:\/\/www.hoecker.eu\/blog\/neues-dikri-seminar-mit-prof-hoecker-das-von-prof-dr-hoecker-und-prof-dr-skibicki-geleitete-deutsche-institut-fuer-kommunikation-und-recht-im-internet-bietet-im-november-2012-erstmals-eine-ausbi\/"},"author":{"name":"Prof. Dr. Ralf H\u00f6cker","@id":"https:\/\/www.hoecker.eu\/blog\/#\/schema\/person\/08f95581eed0534eccd0b2438f7a1cab"},"headline":"Neues DIKRI-Seminar mit Prof. H\u00f6cker: Das von Prof. Dr. H\u00f6cker und Prof. Dr. Skibicki geleitete Deutsche Institut f\u00fcr Kommunikation und Recht im Internet bietet im November 2012 erstmals eine Ausbildung zum zertifizierten Social Media Manager an.","datePublished":"2016-05-09T18:21:29+00:00","dateModified":"2025-02-17T14:00:08+00:00","mainEntityOfPage":{"@id":"https:\/\/www.hoecker.eu\/blog\/neues-dikri-seminar-mit-prof-hoecker-das-von-prof-dr-hoecker-und-prof-dr-skibicki-geleitete-deutsche-institut-fuer-kommunikation-und-recht-im-internet-bietet-im-november-2012-erstmals-eine-ausbi\/"},"wordCount":577,"publisher":{"@id":"https:\/\/www.hoecker.eu\/blog\/#organization"},"articleSection":["News"],"inLanguage":"de"},{"@type":"WebPage","@id":"https:\/\/www.hoecker.eu\/blog\/neues-dikri-seminar-mit-prof-hoecker-das-von-prof-dr-hoecker-und-prof-dr-skibicki-geleitete-deutsche-institut-fuer-kommunikation-und-recht-im-internet-bietet-im-november-2012-erstmals-eine-ausbi\/","url":"https:\/\/www.hoecker.eu\/blog\/neues-dikri-seminar-mit-prof-hoecker-das-von-prof-dr-hoecker-und-prof-dr-skibicki-geleitete-deutsche-institut-fuer-kommunikation-und-recht-im-internet-bietet-im-november-2012-erstmals-eine-ausbi\/","name":"Neues DIKRI-Seminar mit Prof. H\u00f6cker: Das von Prof. Dr. H\u00f6cker und Prof. Dr. Skibicki geleitete Deutsche Institut f\u00fcr Kommunikation und Recht im Internet bietet im November 2012 erstmals eine Ausbildung zum zertifizierten Social Media Manager an. - H\u00d6CKER - der Blog","isPartOf":{"@id":"https:\/\/www.hoecker.eu\/blog\/#website"},"datePublished":"2016-05-09T18:21:29+00:00","dateModified":"2025-02-17T14:00:08+00:00","breadcrumb":{"@id":"https:\/\/www.hoecker.eu\/blog\/neues-dikri-seminar-mit-prof-hoecker-das-von-prof-dr-hoecker-und-prof-dr-skibicki-geleitete-deutsche-institut-fuer-kommunikation-und-recht-im-internet-bietet-im-november-2012-erstmals-eine-ausbi\/#breadcrumb"},"inLanguage":"de","potentialAction":[{"@type":"ReadAction","target":["https:\/\/www.hoecker.eu\/blog\/neues-dikri-seminar-mit-prof-hoecker-das-von-prof-dr-hoecker-und-prof-dr-skibicki-geleitete-deutsche-institut-fuer-kommunikation-und-recht-im-internet-bietet-im-november-2012-erstmals-eine-ausbi\/"]}]},{"@type":"BreadcrumbList","@id":"https:\/\/www.hoecker.eu\/blog\/neues-dikri-seminar-mit-prof-hoecker-das-von-prof-dr-hoecker-und-prof-dr-skibicki-geleitete-deutsche-institut-fuer-kommunikation-und-recht-im-internet-bietet-im-november-2012-erstmals-eine-ausbi\/#breadcrumb","itemListElement":[{"@type":"ListItem","position":1,"name":"Startseite","item":"https:\/\/dev.hoecker.eu\/blog\/"},{"@type":"ListItem","position":2,"name":"Neues DIKRI-Seminar mit Prof. H\u00f6cker: Das von Prof. Dr. H\u00f6cker und Prof. Dr. Skibicki geleitete Deutsche Institut f\u00fcr Kommunikation und Recht im Internet bietet im November 2012 erstmals eine Ausbildung zum zertifizierten Social Media Manager an."}]},{"@type":"WebSite","@id":"https:\/\/www.hoecker.eu\/blog\/#website","url":"https:\/\/www.hoecker.eu\/blog\/","name":"H\u00d6CKER - der Blog","description":"Expertenblog f\u00fcr \u00c4u\u00dferungs-, Medien-, Marken-, Urheber- und Wettbewerbsrecht.","publisher":{"@id":"https:\/\/www.hoecker.eu\/blog\/#organization"},"potentialAction":[{"@type":"SearchAction","target":{"@type":"EntryPoint","urlTemplate":"https:\/\/www.hoecker.eu\/blog\/?s={search_term_string}"},"query-input":{"@type":"PropertyValueSpecification","valueRequired":true,"valueName":"search_term_string"}}],"inLanguage":"de"},{"@type":"Organization","@id":"https:\/\/www.hoecker.eu\/blog\/#organization","name":"H\u00d6CKER Rechtsanw\u00e4lte PartGmbB","alternateName":"H\u00d6CKER","url":"https:\/\/www.hoecker.eu\/blog\/","logo":{"@type":"ImageObject","inLanguage":"de","@id":"https:\/\/www.hoecker.eu\/blog\/#\/schema\/logo\/image\/","url":"https:\/\/www.hoecker.eu\/blog\/wp-content\/uploads\/2025\/03\/Blog-Logo.webp","contentUrl":"https:\/\/www.hoecker.eu\/blog\/wp-content\/uploads\/2025\/03\/Blog-Logo.webp","width":500,"height":500,"caption":"H\u00d6CKER Rechtsanw\u00e4lte PartGmbB"},"image":{"@id":"https:\/\/www.hoecker.eu\/blog\/#\/schema\/logo\/image\/"},"sameAs":["https:\/\/www.facebook.com\/HoeckerRAe\/","https:\/\/x.com\/hoecker_rae","https:\/\/www.linkedin.com\/company\/hcker-rechtsanwlte\/","https:\/\/www.instagram.com\/hoecker_rae\/"],"email":"contact@hoecker.eu","telephone":"+ 49 (0)221-933 19-10","legalName":"H\u00d6CKER Rechtsanw\u00e4lte PartGmbB","numberOfEmployees":{"@type":"QuantitativeValue","minValue":"11","maxValue":"50"}},{"@type":"Person","@id":"https:\/\/www.hoecker.eu\/blog\/#\/schema\/person\/08f95581eed0534eccd0b2438f7a1cab","name":"Prof. Dr. Ralf H\u00f6cker","description":"Medienanwalt. Besch\u00fctzer vor mieser Presse","sameAs":["https:\/\/www.hoecker.eu\/wer\/prof-dr-ralf-hoecker","https:\/\/www.facebook.com\/ralf.hoecker","https:\/\/www.linkedin.com\/in\/prof-dr-ralf-hcker-ll-m-london-17987826\/","https:\/\/x.com\/Ralf_Hoecker"],"url":"https:\/\/www.hoecker.eu\/blog\/author\/hoecker_adm\/"}]}},"authors":[{"term_id":84,"user_id":1,"is_guest":0,"slug":"hoecker_adm","display_name":"Prof. Dr. Ralf H\u00f6cker","avatar_url":{"url":"https:\/\/www.hoecker.eu\/blog\/wp-content\/uploads\/2023\/12\/ProfDrRalfHoecker.jpg","url2x":"https:\/\/www.hoecker.eu\/blog\/wp-content\/uploads\/2023\/12\/ProfDrRalfHoecker.jpg"},"0":null,"1":"","2":"","3":"","4":"","5":"","6":"","7":"","8":"","9":"","10":"","11":""}],"_links":{"self":[{"href":"https:\/\/www.hoecker.eu\/blog\/wp-json\/wp\/v2\/posts\/8624","targetHints":{"allow":["GET"]}}],"collection":[{"href":"https:\/\/www.hoecker.eu\/blog\/wp-json\/wp\/v2\/posts"}],"about":[{"href":"https:\/\/www.hoecker.eu\/blog\/wp-json\/wp\/v2\/types\/post"}],"author":[{"embeddable":true,"href":"https:\/\/www.hoecker.eu\/blog\/wp-json\/wp\/v2\/users\/1"}],"replies":[{"embeddable":true,"href":"https:\/\/www.hoecker.eu\/blog\/wp-json\/wp\/v2\/comments?post=8624"}],"version-history":[{"count":1,"href":"https:\/\/www.hoecker.eu\/blog\/wp-json\/wp\/v2\/posts\/8624\/revisions"}],"predecessor-version":[{"id":9746,"href":"https:\/\/www.hoecker.eu\/blog\/wp-json\/wp\/v2\/posts\/8624\/revisions\/9746"}],"wp:attachment":[{"href":"https:\/\/www.hoecker.eu\/blog\/wp-json\/wp\/v2\/media?parent=8624"}],"wp:term":[{"taxonomy":"category","embeddable":true,"href":"https:\/\/www.hoecker.eu\/blog\/wp-json\/wp\/v2\/categories?post=8624"},{"taxonomy":"post_tag","embeddable":true,"href":"https:\/\/www.hoecker.eu\/blog\/wp-json\/wp\/v2\/tags?post=8624"},{"taxonomy":"hashtags","embeddable":true,"href":"https:\/\/www.hoecker.eu\/blog\/wp-json\/wp\/v2\/hashtags?post=8624"},{"taxonomy":"author","embeddable":true,"href":"https:\/\/www.hoecker.eu\/blog\/wp-json\/wp\/v2\/ppma_author?post=8624"}],"curies":[{"name":"wp","href":"https:\/\/api.w.org\/{rel}","templated":true}]}}