{"id":8612,"date":"2016-05-09T20:26:00","date_gmt":"2016-05-09T18:26:00","guid":{"rendered":"https:\/\/www.hoecker.eu\/blog\/kachelmann-darf-anzeigenerstatterin-wieder-mit-vollem-namen-nennen\/"},"modified":"2025-02-17T15:00:01","modified_gmt":"2025-02-17T14:00:01","slug":"kachelmann-darf-anzeigenerstatterin-wieder-mit-vollem-namen-nennen","status":"publish","type":"post","link":"https:\/\/www.hoecker.eu\/blog\/kachelmann-darf-anzeigenerstatterin-wieder-mit-vollem-namen-nennen\/","title":{"rendered":"Kachelmann darf Anzeigenerstatterin wieder mit vollem Namen nennen."},"content":{"rendered":"<p class=\"flies\">Das LG Mannheim hatte es J\u00f6rg Kachelmann am 11.10.2012 zun\u00e4chst per einstweiliger Verf\u00fcgung verboten, \u00f6ffentlich den Namen der Schwetzinger Radio-Moderatorin zu nennen, die ihn f\u00e4lschlich der Vergewaltigung beschuldigt hatte (Az. LG Mannheim 3 O 99\/12). Kachelmann legte durch H\u00d6CKER Widerspruch gegen die Verf\u00fcgung ein. Gestern fand die m\u00fcndliche Verhandlung \u00fcber den Widerspruch statt, in der Kachelmann durch Rechtsanwalt Prof. Dr. Ralf H\u00f6cker vertreten wurde. Die Richter er\u00f6ffneten die Verhandlung mit dem Hinweis darauf, dass sich ihre Rechtsauffassung nicht ge\u00e4ndert habe, die Verf\u00fcgung also nicht aufgehoben werde. In einer zweist\u00fcndigen, zum Teil turbulenten Verhandlung konnte das Gericht vom Gegenteil \u00fcberzeugt werden. Heute wurde bekannt, dass die Kammer die Verf\u00fcgung aufgehoben hat. Die Begr\u00fcndung der Entscheidung steht noch aus.<\/p>\n<p class=\"flies\">Prof. Dr. Ralf H\u00f6cker:<\/p>\n<p class=\"flies\"><em>\u201eHerr Kachelmann darf diese Dame nun wieder beim Namen nennen, denn eine Radiomoderatorin, die ihre Pers\u00f6nlichkeitsrechte an die BUNTE und an eine Filmfirma verkauft hat, verliert nat\u00fcrlich jeglichen Anspruch auf Anonymit\u00e4t.\u201c<\/em><\/p>\n","protected":false},"excerpt":{"rendered":"<p>Das LG Mannheim hatte es J\u00f6rg Kachelmann am 11.10.2012 zun\u00e4chst per einstweiliger Verf\u00fcgung verboten, \u00f6ffentlich den Namen der Schwetzinger Radio-Moderatorin zu nennen, die ihn f\u00e4lschlich der Vergewaltigung beschuldigt hatte (Az. LG Mannheim 3 O 99\/12). Kachelmann legte durch H\u00d6CKER Widerspruch gegen die Verf\u00fcgung ein. Gestern fand die m\u00fcndliche Verhandlung \u00fcber den Widerspruch statt, in der [&hellip;]<\/p>\n","protected":false},"author":1,"featured_media":0,"comment_status":"closed","ping_status":"closed","sticky":false,"template":"","format":"standard","meta":{"_has_post_settings":[],"footnotes":""},"categories":[15],"tags":[],"hashtags":[],"ppma_author":[84],"class_list":["post-8612","post","type-post","status-publish","format-standard","hentry","category-news","author-hoecker_adm"],"yoast_head":"<!-- This site is optimized with the Yoast SEO Premium plugin v25.9 (Yoast SEO v27.0) - https:\/\/yoast.com\/product\/yoast-seo-premium-wordpress\/ -->\n<title>Kachelmann darf Anzeigenerstatterin wieder mit vollem Namen nennen. - H\u00d6CKER - der Blog<\/title>\n<meta name=\"robots\" content=\"index, follow, max-snippet:-1, max-image-preview:large, max-video-preview:-1\" \/>\n<link rel=\"canonical\" href=\"https:\/\/www.hoecker.eu\/blog\/kachelmann-darf-anzeigenerstatterin-wieder-mit-vollem-namen-nennen\/\" \/>\n<meta property=\"og:locale\" content=\"de_DE\" \/>\n<meta property=\"og:type\" content=\"article\" \/>\n<meta property=\"og:title\" content=\"Kachelmann darf Anzeigenerstatterin wieder mit vollem Namen nennen.\" \/>\n<meta property=\"og:description\" content=\"Das LG Mannheim hatte es J\u00f6rg Kachelmann am 11.10.2012 zun\u00e4chst per einstweiliger Verf\u00fcgung verboten, \u00f6ffentlich den Namen der Schwetzinger Radio-Moderatorin zu nennen, die ihn f\u00e4lschlich der Vergewaltigung beschuldigt hatte (Az. LG Mannheim 3 O 99\/12). Kachelmann legte durch H\u00d6CKER Widerspruch gegen die Verf\u00fcgung ein. Gestern fand die m\u00fcndliche Verhandlung \u00fcber den Widerspruch statt, in der [&hellip;]\" \/>\n<meta property=\"og:url\" content=\"https:\/\/www.hoecker.eu\/blog\/kachelmann-darf-anzeigenerstatterin-wieder-mit-vollem-namen-nennen\/\" \/>\n<meta property=\"og:site_name\" content=\"H\u00d6CKER - der Blog\" \/>\n<meta property=\"article:publisher\" content=\"https:\/\/www.facebook.com\/HoeckerRAe\/\" \/>\n<meta property=\"article:author\" content=\"https:\/\/www.facebook.com\/ralf.hoecker\" \/>\n<meta property=\"article:published_time\" content=\"2016-05-09T18:26:00+00:00\" \/>\n<meta property=\"article:modified_time\" content=\"2025-02-17T14:00:01+00:00\" \/>\n<meta name=\"author\" content=\"Prof. Dr. Ralf H\u00f6cker\" \/>\n<meta name=\"twitter:card\" content=\"summary_large_image\" \/>\n<meta name=\"twitter:creator\" content=\"@Ralf_Hoecker\" \/>\n<meta name=\"twitter:site\" content=\"@hoecker_rae\" \/>\n<meta name=\"twitter:label1\" content=\"Verfasst von\" \/>\n\t<meta name=\"twitter:data1\" content=\"Prof. Dr. Ralf H\u00f6cker\" \/>\n\t<meta name=\"twitter:label2\" content=\"Gesch\u00e4tzte Lesezeit\" \/>\n\t<meta name=\"twitter:data2\" content=\"1\u00a0Minute\" \/>\n<script type=\"application\/ld+json\" class=\"yoast-schema-graph\">{\"@context\":\"https:\/\/schema.org\",\"@graph\":[{\"@type\":\"Article\",\"@id\":\"https:\/\/www.hoecker.eu\/blog\/kachelmann-darf-anzeigenerstatterin-wieder-mit-vollem-namen-nennen\/#article\",\"isPartOf\":{\"@id\":\"https:\/\/www.hoecker.eu\/blog\/kachelmann-darf-anzeigenerstatterin-wieder-mit-vollem-namen-nennen\/\"},\"author\":{\"name\":\"Prof. Dr. Ralf H\u00f6cker\",\"@id\":\"https:\/\/www.hoecker.eu\/blog\/#\/schema\/person\/08f95581eed0534eccd0b2438f7a1cab\"},\"headline\":\"Kachelmann darf Anzeigenerstatterin wieder mit vollem Namen nennen.\",\"datePublished\":\"2016-05-09T18:26:00+00:00\",\"dateModified\":\"2025-02-17T14:00:01+00:00\",\"mainEntityOfPage\":{\"@id\":\"https:\/\/www.hoecker.eu\/blog\/kachelmann-darf-anzeigenerstatterin-wieder-mit-vollem-namen-nennen\/\"},\"wordCount\":175,\"publisher\":{\"@id\":\"https:\/\/www.hoecker.eu\/blog\/#organization\"},\"articleSection\":[\"News\"],\"inLanguage\":\"de\"},{\"@type\":\"WebPage\",\"@id\":\"https:\/\/www.hoecker.eu\/blog\/kachelmann-darf-anzeigenerstatterin-wieder-mit-vollem-namen-nennen\/\",\"url\":\"https:\/\/www.hoecker.eu\/blog\/kachelmann-darf-anzeigenerstatterin-wieder-mit-vollem-namen-nennen\/\",\"name\":\"Kachelmann darf Anzeigenerstatterin wieder mit vollem Namen nennen. - H\u00d6CKER - der Blog\",\"isPartOf\":{\"@id\":\"https:\/\/www.hoecker.eu\/blog\/#website\"},\"datePublished\":\"2016-05-09T18:26:00+00:00\",\"dateModified\":\"2025-02-17T14:00:01+00:00\",\"breadcrumb\":{\"@id\":\"https:\/\/www.hoecker.eu\/blog\/kachelmann-darf-anzeigenerstatterin-wieder-mit-vollem-namen-nennen\/#breadcrumb\"},\"inLanguage\":\"de\",\"potentialAction\":[{\"@type\":\"ReadAction\",\"target\":[\"https:\/\/www.hoecker.eu\/blog\/kachelmann-darf-anzeigenerstatterin-wieder-mit-vollem-namen-nennen\/\"]}]},{\"@type\":\"BreadcrumbList\",\"@id\":\"https:\/\/www.hoecker.eu\/blog\/kachelmann-darf-anzeigenerstatterin-wieder-mit-vollem-namen-nennen\/#breadcrumb\",\"itemListElement\":[{\"@type\":\"ListItem\",\"position\":1,\"name\":\"Startseite\",\"item\":\"https:\/\/dev.hoecker.eu\/blog\/\"},{\"@type\":\"ListItem\",\"position\":2,\"name\":\"Kachelmann darf Anzeigenerstatterin wieder mit vollem Namen nennen.\"}]},{\"@type\":\"WebSite\",\"@id\":\"https:\/\/www.hoecker.eu\/blog\/#website\",\"url\":\"https:\/\/www.hoecker.eu\/blog\/\",\"name\":\"H\u00d6CKER - der Blog\",\"description\":\"Expertenblog f\u00fcr \u00c4u\u00dferungs-, Medien-, Marken-, Urheber- und Wettbewerbsrecht.\",\"publisher\":{\"@id\":\"https:\/\/www.hoecker.eu\/blog\/#organization\"},\"potentialAction\":[{\"@type\":\"SearchAction\",\"target\":{\"@type\":\"EntryPoint\",\"urlTemplate\":\"https:\/\/www.hoecker.eu\/blog\/?s={search_term_string}\"},\"query-input\":{\"@type\":\"PropertyValueSpecification\",\"valueRequired\":true,\"valueName\":\"search_term_string\"}}],\"inLanguage\":\"de\"},{\"@type\":\"Organization\",\"@id\":\"https:\/\/www.hoecker.eu\/blog\/#organization\",\"name\":\"H\u00d6CKER Rechtsanw\u00e4lte PartGmbB\",\"alternateName\":\"H\u00d6CKER\",\"url\":\"https:\/\/www.hoecker.eu\/blog\/\",\"logo\":{\"@type\":\"ImageObject\",\"inLanguage\":\"de\",\"@id\":\"https:\/\/www.hoecker.eu\/blog\/#\/schema\/logo\/image\/\",\"url\":\"https:\/\/www.hoecker.eu\/blog\/wp-content\/uploads\/2025\/03\/Blog-Logo.webp\",\"contentUrl\":\"https:\/\/www.hoecker.eu\/blog\/wp-content\/uploads\/2025\/03\/Blog-Logo.webp\",\"width\":500,\"height\":500,\"caption\":\"H\u00d6CKER Rechtsanw\u00e4lte PartGmbB\"},\"image\":{\"@id\":\"https:\/\/www.hoecker.eu\/blog\/#\/schema\/logo\/image\/\"},\"sameAs\":[\"https:\/\/www.facebook.com\/HoeckerRAe\/\",\"https:\/\/x.com\/hoecker_rae\",\"https:\/\/www.linkedin.com\/company\/hcker-rechtsanwlte\/\",\"https:\/\/www.instagram.com\/hoecker_rae\/\"],\"email\":\"contact@hoecker.eu\",\"telephone\":\"+ 49 (0)221-933 19-10\",\"legalName\":\"H\u00d6CKER Rechtsanw\u00e4lte PartGmbB\",\"numberOfEmployees\":{\"@type\":\"QuantitativeValue\",\"minValue\":\"11\",\"maxValue\":\"50\"}},{\"@type\":\"Person\",\"@id\":\"https:\/\/www.hoecker.eu\/blog\/#\/schema\/person\/08f95581eed0534eccd0b2438f7a1cab\",\"name\":\"Prof. Dr. Ralf H\u00f6cker\",\"description\":\"Medienanwalt. Besch\u00fctzer vor mieser Presse\",\"sameAs\":[\"https:\/\/www.hoecker.eu\/wer\/prof-dr-ralf-hoecker\",\"https:\/\/www.facebook.com\/ralf.hoecker\",\"https:\/\/www.linkedin.com\/in\/prof-dr-ralf-hcker-ll-m-london-17987826\/\",\"https:\/\/x.com\/Ralf_Hoecker\"],\"url\":\"https:\/\/www.hoecker.eu\/blog\/author\/hoecker_adm\/\"}]}<\/script>\n<!-- \/ Yoast SEO Premium plugin. -->","yoast_head_json":{"title":"Kachelmann darf Anzeigenerstatterin wieder mit vollem Namen nennen. - H\u00d6CKER - der Blog","robots":{"index":"index","follow":"follow","max-snippet":"max-snippet:-1","max-image-preview":"max-image-preview:large","max-video-preview":"max-video-preview:-1"},"canonical":"https:\/\/www.hoecker.eu\/blog\/kachelmann-darf-anzeigenerstatterin-wieder-mit-vollem-namen-nennen\/","og_locale":"de_DE","og_type":"article","og_title":"Kachelmann darf Anzeigenerstatterin wieder mit vollem Namen nennen.","og_description":"Das LG Mannheim hatte es J\u00f6rg Kachelmann am 11.10.2012 zun\u00e4chst per einstweiliger Verf\u00fcgung verboten, \u00f6ffentlich den Namen der Schwetzinger Radio-Moderatorin zu nennen, die ihn f\u00e4lschlich der Vergewaltigung beschuldigt hatte (Az. LG Mannheim 3 O 99\/12). Kachelmann legte durch H\u00d6CKER Widerspruch gegen die Verf\u00fcgung ein. Gestern fand die m\u00fcndliche Verhandlung \u00fcber den Widerspruch statt, in der [&hellip;]","og_url":"https:\/\/www.hoecker.eu\/blog\/kachelmann-darf-anzeigenerstatterin-wieder-mit-vollem-namen-nennen\/","og_site_name":"H\u00d6CKER - der Blog","article_publisher":"https:\/\/www.facebook.com\/HoeckerRAe\/","article_author":"https:\/\/www.facebook.com\/ralf.hoecker","article_published_time":"2016-05-09T18:26:00+00:00","article_modified_time":"2025-02-17T14:00:01+00:00","author":"Prof. Dr. Ralf H\u00f6cker","twitter_card":"summary_large_image","twitter_creator":"@Ralf_Hoecker","twitter_site":"@hoecker_rae","twitter_misc":{"Verfasst von":"Prof. Dr. Ralf H\u00f6cker","Gesch\u00e4tzte Lesezeit":"1\u00a0Minute"},"schema":{"@context":"https:\/\/schema.org","@graph":[{"@type":"Article","@id":"https:\/\/www.hoecker.eu\/blog\/kachelmann-darf-anzeigenerstatterin-wieder-mit-vollem-namen-nennen\/#article","isPartOf":{"@id":"https:\/\/www.hoecker.eu\/blog\/kachelmann-darf-anzeigenerstatterin-wieder-mit-vollem-namen-nennen\/"},"author":{"name":"Prof. Dr. Ralf H\u00f6cker","@id":"https:\/\/www.hoecker.eu\/blog\/#\/schema\/person\/08f95581eed0534eccd0b2438f7a1cab"},"headline":"Kachelmann darf Anzeigenerstatterin wieder mit vollem Namen nennen.","datePublished":"2016-05-09T18:26:00+00:00","dateModified":"2025-02-17T14:00:01+00:00","mainEntityOfPage":{"@id":"https:\/\/www.hoecker.eu\/blog\/kachelmann-darf-anzeigenerstatterin-wieder-mit-vollem-namen-nennen\/"},"wordCount":175,"publisher":{"@id":"https:\/\/www.hoecker.eu\/blog\/#organization"},"articleSection":["News"],"inLanguage":"de"},{"@type":"WebPage","@id":"https:\/\/www.hoecker.eu\/blog\/kachelmann-darf-anzeigenerstatterin-wieder-mit-vollem-namen-nennen\/","url":"https:\/\/www.hoecker.eu\/blog\/kachelmann-darf-anzeigenerstatterin-wieder-mit-vollem-namen-nennen\/","name":"Kachelmann darf Anzeigenerstatterin wieder mit vollem Namen nennen. - H\u00d6CKER - der Blog","isPartOf":{"@id":"https:\/\/www.hoecker.eu\/blog\/#website"},"datePublished":"2016-05-09T18:26:00+00:00","dateModified":"2025-02-17T14:00:01+00:00","breadcrumb":{"@id":"https:\/\/www.hoecker.eu\/blog\/kachelmann-darf-anzeigenerstatterin-wieder-mit-vollem-namen-nennen\/#breadcrumb"},"inLanguage":"de","potentialAction":[{"@type":"ReadAction","target":["https:\/\/www.hoecker.eu\/blog\/kachelmann-darf-anzeigenerstatterin-wieder-mit-vollem-namen-nennen\/"]}]},{"@type":"BreadcrumbList","@id":"https:\/\/www.hoecker.eu\/blog\/kachelmann-darf-anzeigenerstatterin-wieder-mit-vollem-namen-nennen\/#breadcrumb","itemListElement":[{"@type":"ListItem","position":1,"name":"Startseite","item":"https:\/\/dev.hoecker.eu\/blog\/"},{"@type":"ListItem","position":2,"name":"Kachelmann darf Anzeigenerstatterin wieder mit vollem Namen nennen."}]},{"@type":"WebSite","@id":"https:\/\/www.hoecker.eu\/blog\/#website","url":"https:\/\/www.hoecker.eu\/blog\/","name":"H\u00d6CKER - der Blog","description":"Expertenblog f\u00fcr \u00c4u\u00dferungs-, Medien-, Marken-, Urheber- und Wettbewerbsrecht.","publisher":{"@id":"https:\/\/www.hoecker.eu\/blog\/#organization"},"potentialAction":[{"@type":"SearchAction","target":{"@type":"EntryPoint","urlTemplate":"https:\/\/www.hoecker.eu\/blog\/?s={search_term_string}"},"query-input":{"@type":"PropertyValueSpecification","valueRequired":true,"valueName":"search_term_string"}}],"inLanguage":"de"},{"@type":"Organization","@id":"https:\/\/www.hoecker.eu\/blog\/#organization","name":"H\u00d6CKER Rechtsanw\u00e4lte PartGmbB","alternateName":"H\u00d6CKER","url":"https:\/\/www.hoecker.eu\/blog\/","logo":{"@type":"ImageObject","inLanguage":"de","@id":"https:\/\/www.hoecker.eu\/blog\/#\/schema\/logo\/image\/","url":"https:\/\/www.hoecker.eu\/blog\/wp-content\/uploads\/2025\/03\/Blog-Logo.webp","contentUrl":"https:\/\/www.hoecker.eu\/blog\/wp-content\/uploads\/2025\/03\/Blog-Logo.webp","width":500,"height":500,"caption":"H\u00d6CKER Rechtsanw\u00e4lte PartGmbB"},"image":{"@id":"https:\/\/www.hoecker.eu\/blog\/#\/schema\/logo\/image\/"},"sameAs":["https:\/\/www.facebook.com\/HoeckerRAe\/","https:\/\/x.com\/hoecker_rae","https:\/\/www.linkedin.com\/company\/hcker-rechtsanwlte\/","https:\/\/www.instagram.com\/hoecker_rae\/"],"email":"contact@hoecker.eu","telephone":"+ 49 (0)221-933 19-10","legalName":"H\u00d6CKER Rechtsanw\u00e4lte PartGmbB","numberOfEmployees":{"@type":"QuantitativeValue","minValue":"11","maxValue":"50"}},{"@type":"Person","@id":"https:\/\/www.hoecker.eu\/blog\/#\/schema\/person\/08f95581eed0534eccd0b2438f7a1cab","name":"Prof. Dr. Ralf H\u00f6cker","description":"Medienanwalt. Besch\u00fctzer vor mieser Presse","sameAs":["https:\/\/www.hoecker.eu\/wer\/prof-dr-ralf-hoecker","https:\/\/www.facebook.com\/ralf.hoecker","https:\/\/www.linkedin.com\/in\/prof-dr-ralf-hcker-ll-m-london-17987826\/","https:\/\/x.com\/Ralf_Hoecker"],"url":"https:\/\/www.hoecker.eu\/blog\/author\/hoecker_adm\/"}]}},"authors":[{"term_id":84,"user_id":1,"is_guest":0,"slug":"hoecker_adm","display_name":"Prof. Dr. Ralf H\u00f6cker","avatar_url":{"url":"https:\/\/www.hoecker.eu\/blog\/wp-content\/uploads\/2023\/12\/ProfDrRalfHoecker.jpg","url2x":"https:\/\/www.hoecker.eu\/blog\/wp-content\/uploads\/2023\/12\/ProfDrRalfHoecker.jpg"},"0":null,"1":"","2":"","3":"","4":"","5":"","6":"","7":"","8":"","9":"","10":"","11":""}],"_links":{"self":[{"href":"https:\/\/www.hoecker.eu\/blog\/wp-json\/wp\/v2\/posts\/8612","targetHints":{"allow":["GET"]}}],"collection":[{"href":"https:\/\/www.hoecker.eu\/blog\/wp-json\/wp\/v2\/posts"}],"about":[{"href":"https:\/\/www.hoecker.eu\/blog\/wp-json\/wp\/v2\/types\/post"}],"author":[{"embeddable":true,"href":"https:\/\/www.hoecker.eu\/blog\/wp-json\/wp\/v2\/users\/1"}],"replies":[{"embeddable":true,"href":"https:\/\/www.hoecker.eu\/blog\/wp-json\/wp\/v2\/comments?post=8612"}],"version-history":[{"count":1,"href":"https:\/\/www.hoecker.eu\/blog\/wp-json\/wp\/v2\/posts\/8612\/revisions"}],"predecessor-version":[{"id":9734,"href":"https:\/\/www.hoecker.eu\/blog\/wp-json\/wp\/v2\/posts\/8612\/revisions\/9734"}],"wp:attachment":[{"href":"https:\/\/www.hoecker.eu\/blog\/wp-json\/wp\/v2\/media?parent=8612"}],"wp:term":[{"taxonomy":"category","embeddable":true,"href":"https:\/\/www.hoecker.eu\/blog\/wp-json\/wp\/v2\/categories?post=8612"},{"taxonomy":"post_tag","embeddable":true,"href":"https:\/\/www.hoecker.eu\/blog\/wp-json\/wp\/v2\/tags?post=8612"},{"taxonomy":"hashtags","embeddable":true,"href":"https:\/\/www.hoecker.eu\/blog\/wp-json\/wp\/v2\/hashtags?post=8612"},{"taxonomy":"author","embeddable":true,"href":"https:\/\/www.hoecker.eu\/blog\/wp-json\/wp\/v2\/ppma_author?post=8612"}],"curies":[{"name":"wp","href":"https:\/\/api.w.org\/{rel}","templated":true}]}}