{"id":8610,"date":"2016-05-09T20:27:49","date_gmt":"2016-05-09T18:27:49","guid":{"rendered":"https:\/\/www.hoecker.eu\/blog\/olg-koeln-bestaetigt-verbot-gegen-die-falschbeschuldigerin-claudia-dinkel-kachelmann-ex-darf-anschuldigungen-nicht-weiter-verbreiten\/"},"modified":"2025-02-17T14:59:59","modified_gmt":"2025-02-17T13:59:59","slug":"olg-koeln-bestaetigt-verbot-gegen-die-falschbeschuldigerin-claudia-dinkel-kachelmann-ex-darf-anschuldigungen-nicht-weiter-verbreiten","status":"publish","type":"post","link":"https:\/\/www.hoecker.eu\/blog\/olg-koeln-bestaetigt-verbot-gegen-die-falschbeschuldigerin-claudia-dinkel-kachelmann-ex-darf-anschuldigungen-nicht-weiter-verbreiten\/","title":{"rendered":"OLG K\u00f6ln best\u00e4tigt Verbot gegen die Falschbeschuldigerin Claudia Dinkel: Kachelmann-Ex darf Anschuldigungen nicht weiter verbreiten."},"content":{"rendered":"<p class=\"flies\">Das OLG K&ouml;ln hat heute die Berufung der Beklagten Claudia Dinkel im Verfahren 15 U 97\/12 (Kachelmann .\/. Dinkel) zur&uuml;ckgewiesen. Frau Dinkel bleibt es damit verboten, die falschen Beschuldigungen zu wiederholen, die sie nach Kachelmanns Freispruch in einem Interview mit der Zeitschrift BUNTE gegen ein f&uuml;nfstelliges Honorar&nbsp;erneut aufgestellt&nbsp;hatte.&nbsp;<\/p>\n<p class=\"flies\">Das Landgericht K&ouml;ln hatte&nbsp;Frau Dinkel die Wiederholung ihrer Beschuldigungen bereits&nbsp;durch Erlass einer einstweiligen Verf&uuml;gung (28 O 557\/11) verboten, sp&auml;ter auch durch Urteil im Hauptsacheverfahren (28 O 1065\/11). Es stellte in seinen Entscheidungen fest, dass der freigesprochene Wettermoderator keine &Auml;u&szlig;erungen dulden m&uuml;sse, in denen der Tatvorwurf im Detail aufrechterhalten bleibe. Auch ein Recht zum &auml;u&szlig;erungsrechtlichen Gegenschlag k&ouml;nne die &Auml;u&szlig;erungen vorliegend nicht rechtfertigen.<\/p>\n<p class=\"flies\">Rechtsanwalt Dr. Sven Dierkes machte im Rahmen der m&uuml;ndlichen Verhandlung vor dem OLG K&ouml;ln deutlich, dass es der Anzeigenerstatterin nicht gestattet werden k&ouml;nne, den durch Kachelmanns Freispruch geschaffenen Rechtsfrieden mit F&uuml;&szlig;en zu treten, indem sie &ouml;ffentlich an ihrem unbegr&uuml;ndeten Vorwurf festhalte. Kachelmann sei unschuldig. Das habe auch Claudia Dinkel zu akzeptieren. Im Ermittlungsverfahren gegen Kachelmann zu l&uuml;gen und anschlie&szlig;end auf der Titelseite der BUNTE als vermeintliches Opfer zu posieren, sei keine angemessene Reaktion auf den Freispruch des Wettermoderators.<\/p>\n<p class=\"flies\">Dieser Einsch&auml;tzung hat sich das OLG K&ouml;ln nun offensichtlich angeschlossen. Eine Begr&uuml;ndung der Entscheidung liegt&nbsp;noch nicht vor.<\/p>\n","protected":false},"excerpt":{"rendered":"<p>Das OLG K&ouml;ln hat heute die Berufung der Beklagten Claudia Dinkel im Verfahren 15 U 97\/12 (Kachelmann .\/. Dinkel) zur&uuml;ckgewiesen. Frau Dinkel bleibt es damit verboten, die falschen Beschuldigungen zu wiederholen, die sie nach Kachelmanns Freispruch in einem Interview mit der Zeitschrift BUNTE gegen ein f&uuml;nfstelliges Honorar&nbsp;erneut aufgestellt&nbsp;hatte.&nbsp; Das Landgericht K&ouml;ln hatte&nbsp;Frau Dinkel die Wiederholung [&hellip;]<\/p>\n","protected":false},"author":1,"featured_media":0,"comment_status":"closed","ping_status":"closed","sticky":false,"template":"","format":"standard","meta":{"_has_post_settings":[],"footnotes":""},"categories":[15],"tags":[],"hashtags":[],"ppma_author":[84],"class_list":["post-8610","post","type-post","status-publish","format-standard","hentry","category-news","author-hoecker_adm"],"yoast_head":"<!-- This site is optimized with the Yoast SEO Premium plugin v25.9 (Yoast SEO v27.0) - https:\/\/yoast.com\/product\/yoast-seo-premium-wordpress\/ -->\n<title>OLG K\u00f6ln best\u00e4tigt Verbot gegen die Falschbeschuldigerin Claudia Dinkel: Kachelmann-Ex darf Anschuldigungen nicht weiter verbreiten. - H\u00d6CKER - der Blog<\/title>\n<meta name=\"robots\" content=\"index, follow, max-snippet:-1, max-image-preview:large, max-video-preview:-1\" \/>\n<link rel=\"canonical\" href=\"https:\/\/www.hoecker.eu\/blog\/olg-koeln-bestaetigt-verbot-gegen-die-falschbeschuldigerin-claudia-dinkel-kachelmann-ex-darf-anschuldigungen-nicht-weiter-verbreiten\/\" \/>\n<meta property=\"og:locale\" content=\"de_DE\" \/>\n<meta property=\"og:type\" content=\"article\" \/>\n<meta property=\"og:title\" content=\"OLG K\u00f6ln best\u00e4tigt Verbot gegen die Falschbeschuldigerin Claudia Dinkel: Kachelmann-Ex darf Anschuldigungen nicht weiter verbreiten.\" \/>\n<meta property=\"og:description\" content=\"Das OLG K&ouml;ln hat heute die Berufung der Beklagten Claudia Dinkel im Verfahren 15 U 97\/12 (Kachelmann .\/. Dinkel) zur&uuml;ckgewiesen. Frau Dinkel bleibt es damit verboten, die falschen Beschuldigungen zu wiederholen, die sie nach Kachelmanns Freispruch in einem Interview mit der Zeitschrift BUNTE gegen ein f&uuml;nfstelliges Honorar&nbsp;erneut aufgestellt&nbsp;hatte.&nbsp; Das Landgericht K&ouml;ln hatte&nbsp;Frau Dinkel die Wiederholung [&hellip;]\" \/>\n<meta property=\"og:url\" content=\"https:\/\/www.hoecker.eu\/blog\/olg-koeln-bestaetigt-verbot-gegen-die-falschbeschuldigerin-claudia-dinkel-kachelmann-ex-darf-anschuldigungen-nicht-weiter-verbreiten\/\" \/>\n<meta property=\"og:site_name\" content=\"H\u00d6CKER - der Blog\" \/>\n<meta property=\"article:publisher\" content=\"https:\/\/www.facebook.com\/HoeckerRAe\/\" \/>\n<meta property=\"article:author\" content=\"https:\/\/www.facebook.com\/ralf.hoecker\" \/>\n<meta property=\"article:published_time\" content=\"2016-05-09T18:27:49+00:00\" \/>\n<meta property=\"article:modified_time\" content=\"2025-02-17T13:59:59+00:00\" \/>\n<meta name=\"author\" content=\"Prof. Dr. Ralf H\u00f6cker\" \/>\n<meta name=\"twitter:card\" content=\"summary_large_image\" \/>\n<meta name=\"twitter:creator\" content=\"@Ralf_Hoecker\" \/>\n<meta name=\"twitter:site\" content=\"@hoecker_rae\" \/>\n<meta name=\"twitter:label1\" content=\"Verfasst von\" \/>\n\t<meta name=\"twitter:data1\" content=\"Prof. Dr. Ralf H\u00f6cker\" \/>\n\t<meta name=\"twitter:label2\" content=\"Gesch\u00e4tzte Lesezeit\" \/>\n\t<meta name=\"twitter:data2\" content=\"1\u00a0Minute\" \/>\n<script type=\"application\/ld+json\" class=\"yoast-schema-graph\">{\"@context\":\"https:\/\/schema.org\",\"@graph\":[{\"@type\":\"Article\",\"@id\":\"https:\/\/www.hoecker.eu\/blog\/olg-koeln-bestaetigt-verbot-gegen-die-falschbeschuldigerin-claudia-dinkel-kachelmann-ex-darf-anschuldigungen-nicht-weiter-verbreiten\/#article\",\"isPartOf\":{\"@id\":\"https:\/\/www.hoecker.eu\/blog\/olg-koeln-bestaetigt-verbot-gegen-die-falschbeschuldigerin-claudia-dinkel-kachelmann-ex-darf-anschuldigungen-nicht-weiter-verbreiten\/\"},\"author\":{\"name\":\"Prof. Dr. Ralf H\u00f6cker\",\"@id\":\"https:\/\/www.hoecker.eu\/blog\/#\/schema\/person\/08f95581eed0534eccd0b2438f7a1cab\"},\"headline\":\"OLG K\u00f6ln best\u00e4tigt Verbot gegen die Falschbeschuldigerin Claudia Dinkel: Kachelmann-Ex darf Anschuldigungen nicht weiter verbreiten.\",\"datePublished\":\"2016-05-09T18:27:49+00:00\",\"dateModified\":\"2025-02-17T13:59:59+00:00\",\"mainEntityOfPage\":{\"@id\":\"https:\/\/www.hoecker.eu\/blog\/olg-koeln-bestaetigt-verbot-gegen-die-falschbeschuldigerin-claudia-dinkel-kachelmann-ex-darf-anschuldigungen-nicht-weiter-verbreiten\/\"},\"wordCount\":272,\"publisher\":{\"@id\":\"https:\/\/www.hoecker.eu\/blog\/#organization\"},\"articleSection\":[\"News\"],\"inLanguage\":\"de\"},{\"@type\":\"WebPage\",\"@id\":\"https:\/\/www.hoecker.eu\/blog\/olg-koeln-bestaetigt-verbot-gegen-die-falschbeschuldigerin-claudia-dinkel-kachelmann-ex-darf-anschuldigungen-nicht-weiter-verbreiten\/\",\"url\":\"https:\/\/www.hoecker.eu\/blog\/olg-koeln-bestaetigt-verbot-gegen-die-falschbeschuldigerin-claudia-dinkel-kachelmann-ex-darf-anschuldigungen-nicht-weiter-verbreiten\/\",\"name\":\"OLG K\u00f6ln best\u00e4tigt Verbot gegen die Falschbeschuldigerin Claudia Dinkel: Kachelmann-Ex darf Anschuldigungen nicht weiter verbreiten. - H\u00d6CKER - der Blog\",\"isPartOf\":{\"@id\":\"https:\/\/www.hoecker.eu\/blog\/#website\"},\"datePublished\":\"2016-05-09T18:27:49+00:00\",\"dateModified\":\"2025-02-17T13:59:59+00:00\",\"breadcrumb\":{\"@id\":\"https:\/\/www.hoecker.eu\/blog\/olg-koeln-bestaetigt-verbot-gegen-die-falschbeschuldigerin-claudia-dinkel-kachelmann-ex-darf-anschuldigungen-nicht-weiter-verbreiten\/#breadcrumb\"},\"inLanguage\":\"de\",\"potentialAction\":[{\"@type\":\"ReadAction\",\"target\":[\"https:\/\/www.hoecker.eu\/blog\/olg-koeln-bestaetigt-verbot-gegen-die-falschbeschuldigerin-claudia-dinkel-kachelmann-ex-darf-anschuldigungen-nicht-weiter-verbreiten\/\"]}]},{\"@type\":\"BreadcrumbList\",\"@id\":\"https:\/\/www.hoecker.eu\/blog\/olg-koeln-bestaetigt-verbot-gegen-die-falschbeschuldigerin-claudia-dinkel-kachelmann-ex-darf-anschuldigungen-nicht-weiter-verbreiten\/#breadcrumb\",\"itemListElement\":[{\"@type\":\"ListItem\",\"position\":1,\"name\":\"Startseite\",\"item\":\"https:\/\/dev.hoecker.eu\/blog\/\"},{\"@type\":\"ListItem\",\"position\":2,\"name\":\"OLG K\u00f6ln best\u00e4tigt Verbot gegen die Falschbeschuldigerin Claudia Dinkel: Kachelmann-Ex darf Anschuldigungen nicht weiter verbreiten.\"}]},{\"@type\":\"WebSite\",\"@id\":\"https:\/\/www.hoecker.eu\/blog\/#website\",\"url\":\"https:\/\/www.hoecker.eu\/blog\/\",\"name\":\"H\u00d6CKER - der Blog\",\"description\":\"Expertenblog f\u00fcr \u00c4u\u00dferungs-, Medien-, Marken-, Urheber- und Wettbewerbsrecht.\",\"publisher\":{\"@id\":\"https:\/\/www.hoecker.eu\/blog\/#organization\"},\"potentialAction\":[{\"@type\":\"SearchAction\",\"target\":{\"@type\":\"EntryPoint\",\"urlTemplate\":\"https:\/\/www.hoecker.eu\/blog\/?s={search_term_string}\"},\"query-input\":{\"@type\":\"PropertyValueSpecification\",\"valueRequired\":true,\"valueName\":\"search_term_string\"}}],\"inLanguage\":\"de\"},{\"@type\":\"Organization\",\"@id\":\"https:\/\/www.hoecker.eu\/blog\/#organization\",\"name\":\"H\u00d6CKER Rechtsanw\u00e4lte PartGmbB\",\"alternateName\":\"H\u00d6CKER\",\"url\":\"https:\/\/www.hoecker.eu\/blog\/\",\"logo\":{\"@type\":\"ImageObject\",\"inLanguage\":\"de\",\"@id\":\"https:\/\/www.hoecker.eu\/blog\/#\/schema\/logo\/image\/\",\"url\":\"https:\/\/www.hoecker.eu\/blog\/wp-content\/uploads\/2025\/03\/Blog-Logo.webp\",\"contentUrl\":\"https:\/\/www.hoecker.eu\/blog\/wp-content\/uploads\/2025\/03\/Blog-Logo.webp\",\"width\":500,\"height\":500,\"caption\":\"H\u00d6CKER Rechtsanw\u00e4lte PartGmbB\"},\"image\":{\"@id\":\"https:\/\/www.hoecker.eu\/blog\/#\/schema\/logo\/image\/\"},\"sameAs\":[\"https:\/\/www.facebook.com\/HoeckerRAe\/\",\"https:\/\/x.com\/hoecker_rae\",\"https:\/\/www.linkedin.com\/company\/hcker-rechtsanwlte\/\",\"https:\/\/www.instagram.com\/hoecker_rae\/\"],\"email\":\"contact@hoecker.eu\",\"telephone\":\"+ 49 (0)221-933 19-10\",\"legalName\":\"H\u00d6CKER Rechtsanw\u00e4lte PartGmbB\",\"numberOfEmployees\":{\"@type\":\"QuantitativeValue\",\"minValue\":\"11\",\"maxValue\":\"50\"}},{\"@type\":\"Person\",\"@id\":\"https:\/\/www.hoecker.eu\/blog\/#\/schema\/person\/08f95581eed0534eccd0b2438f7a1cab\",\"name\":\"Prof. Dr. Ralf H\u00f6cker\",\"description\":\"Medienanwalt. Besch\u00fctzer vor mieser Presse\",\"sameAs\":[\"https:\/\/www.hoecker.eu\/wer\/prof-dr-ralf-hoecker\",\"https:\/\/www.facebook.com\/ralf.hoecker\",\"https:\/\/www.linkedin.com\/in\/prof-dr-ralf-hcker-ll-m-london-17987826\/\",\"https:\/\/x.com\/Ralf_Hoecker\"],\"url\":\"https:\/\/www.hoecker.eu\/blog\/author\/hoecker_adm\/\"}]}<\/script>\n<!-- \/ Yoast SEO Premium plugin. -->","yoast_head_json":{"title":"OLG K\u00f6ln best\u00e4tigt Verbot gegen die Falschbeschuldigerin Claudia Dinkel: Kachelmann-Ex darf Anschuldigungen nicht weiter verbreiten. - H\u00d6CKER - der Blog","robots":{"index":"index","follow":"follow","max-snippet":"max-snippet:-1","max-image-preview":"max-image-preview:large","max-video-preview":"max-video-preview:-1"},"canonical":"https:\/\/www.hoecker.eu\/blog\/olg-koeln-bestaetigt-verbot-gegen-die-falschbeschuldigerin-claudia-dinkel-kachelmann-ex-darf-anschuldigungen-nicht-weiter-verbreiten\/","og_locale":"de_DE","og_type":"article","og_title":"OLG K\u00f6ln best\u00e4tigt Verbot gegen die Falschbeschuldigerin Claudia Dinkel: Kachelmann-Ex darf Anschuldigungen nicht weiter verbreiten.","og_description":"Das OLG K&ouml;ln hat heute die Berufung der Beklagten Claudia Dinkel im Verfahren 15 U 97\/12 (Kachelmann .\/. Dinkel) zur&uuml;ckgewiesen. Frau Dinkel bleibt es damit verboten, die falschen Beschuldigungen zu wiederholen, die sie nach Kachelmanns Freispruch in einem Interview mit der Zeitschrift BUNTE gegen ein f&uuml;nfstelliges Honorar&nbsp;erneut aufgestellt&nbsp;hatte.&nbsp; Das Landgericht K&ouml;ln hatte&nbsp;Frau Dinkel die Wiederholung [&hellip;]","og_url":"https:\/\/www.hoecker.eu\/blog\/olg-koeln-bestaetigt-verbot-gegen-die-falschbeschuldigerin-claudia-dinkel-kachelmann-ex-darf-anschuldigungen-nicht-weiter-verbreiten\/","og_site_name":"H\u00d6CKER - der Blog","article_publisher":"https:\/\/www.facebook.com\/HoeckerRAe\/","article_author":"https:\/\/www.facebook.com\/ralf.hoecker","article_published_time":"2016-05-09T18:27:49+00:00","article_modified_time":"2025-02-17T13:59:59+00:00","author":"Prof. Dr. Ralf H\u00f6cker","twitter_card":"summary_large_image","twitter_creator":"@Ralf_Hoecker","twitter_site":"@hoecker_rae","twitter_misc":{"Verfasst von":"Prof. Dr. Ralf H\u00f6cker","Gesch\u00e4tzte Lesezeit":"1\u00a0Minute"},"schema":{"@context":"https:\/\/schema.org","@graph":[{"@type":"Article","@id":"https:\/\/www.hoecker.eu\/blog\/olg-koeln-bestaetigt-verbot-gegen-die-falschbeschuldigerin-claudia-dinkel-kachelmann-ex-darf-anschuldigungen-nicht-weiter-verbreiten\/#article","isPartOf":{"@id":"https:\/\/www.hoecker.eu\/blog\/olg-koeln-bestaetigt-verbot-gegen-die-falschbeschuldigerin-claudia-dinkel-kachelmann-ex-darf-anschuldigungen-nicht-weiter-verbreiten\/"},"author":{"name":"Prof. Dr. Ralf H\u00f6cker","@id":"https:\/\/www.hoecker.eu\/blog\/#\/schema\/person\/08f95581eed0534eccd0b2438f7a1cab"},"headline":"OLG K\u00f6ln best\u00e4tigt Verbot gegen die Falschbeschuldigerin Claudia Dinkel: Kachelmann-Ex darf Anschuldigungen nicht weiter verbreiten.","datePublished":"2016-05-09T18:27:49+00:00","dateModified":"2025-02-17T13:59:59+00:00","mainEntityOfPage":{"@id":"https:\/\/www.hoecker.eu\/blog\/olg-koeln-bestaetigt-verbot-gegen-die-falschbeschuldigerin-claudia-dinkel-kachelmann-ex-darf-anschuldigungen-nicht-weiter-verbreiten\/"},"wordCount":272,"publisher":{"@id":"https:\/\/www.hoecker.eu\/blog\/#organization"},"articleSection":["News"],"inLanguage":"de"},{"@type":"WebPage","@id":"https:\/\/www.hoecker.eu\/blog\/olg-koeln-bestaetigt-verbot-gegen-die-falschbeschuldigerin-claudia-dinkel-kachelmann-ex-darf-anschuldigungen-nicht-weiter-verbreiten\/","url":"https:\/\/www.hoecker.eu\/blog\/olg-koeln-bestaetigt-verbot-gegen-die-falschbeschuldigerin-claudia-dinkel-kachelmann-ex-darf-anschuldigungen-nicht-weiter-verbreiten\/","name":"OLG K\u00f6ln best\u00e4tigt Verbot gegen die Falschbeschuldigerin Claudia Dinkel: Kachelmann-Ex darf Anschuldigungen nicht weiter verbreiten. - H\u00d6CKER - der Blog","isPartOf":{"@id":"https:\/\/www.hoecker.eu\/blog\/#website"},"datePublished":"2016-05-09T18:27:49+00:00","dateModified":"2025-02-17T13:59:59+00:00","breadcrumb":{"@id":"https:\/\/www.hoecker.eu\/blog\/olg-koeln-bestaetigt-verbot-gegen-die-falschbeschuldigerin-claudia-dinkel-kachelmann-ex-darf-anschuldigungen-nicht-weiter-verbreiten\/#breadcrumb"},"inLanguage":"de","potentialAction":[{"@type":"ReadAction","target":["https:\/\/www.hoecker.eu\/blog\/olg-koeln-bestaetigt-verbot-gegen-die-falschbeschuldigerin-claudia-dinkel-kachelmann-ex-darf-anschuldigungen-nicht-weiter-verbreiten\/"]}]},{"@type":"BreadcrumbList","@id":"https:\/\/www.hoecker.eu\/blog\/olg-koeln-bestaetigt-verbot-gegen-die-falschbeschuldigerin-claudia-dinkel-kachelmann-ex-darf-anschuldigungen-nicht-weiter-verbreiten\/#breadcrumb","itemListElement":[{"@type":"ListItem","position":1,"name":"Startseite","item":"https:\/\/dev.hoecker.eu\/blog\/"},{"@type":"ListItem","position":2,"name":"OLG K\u00f6ln best\u00e4tigt Verbot gegen die Falschbeschuldigerin Claudia Dinkel: Kachelmann-Ex darf Anschuldigungen nicht weiter verbreiten."}]},{"@type":"WebSite","@id":"https:\/\/www.hoecker.eu\/blog\/#website","url":"https:\/\/www.hoecker.eu\/blog\/","name":"H\u00d6CKER - der Blog","description":"Expertenblog f\u00fcr \u00c4u\u00dferungs-, Medien-, Marken-, Urheber- und Wettbewerbsrecht.","publisher":{"@id":"https:\/\/www.hoecker.eu\/blog\/#organization"},"potentialAction":[{"@type":"SearchAction","target":{"@type":"EntryPoint","urlTemplate":"https:\/\/www.hoecker.eu\/blog\/?s={search_term_string}"},"query-input":{"@type":"PropertyValueSpecification","valueRequired":true,"valueName":"search_term_string"}}],"inLanguage":"de"},{"@type":"Organization","@id":"https:\/\/www.hoecker.eu\/blog\/#organization","name":"H\u00d6CKER Rechtsanw\u00e4lte PartGmbB","alternateName":"H\u00d6CKER","url":"https:\/\/www.hoecker.eu\/blog\/","logo":{"@type":"ImageObject","inLanguage":"de","@id":"https:\/\/www.hoecker.eu\/blog\/#\/schema\/logo\/image\/","url":"https:\/\/www.hoecker.eu\/blog\/wp-content\/uploads\/2025\/03\/Blog-Logo.webp","contentUrl":"https:\/\/www.hoecker.eu\/blog\/wp-content\/uploads\/2025\/03\/Blog-Logo.webp","width":500,"height":500,"caption":"H\u00d6CKER Rechtsanw\u00e4lte PartGmbB"},"image":{"@id":"https:\/\/www.hoecker.eu\/blog\/#\/schema\/logo\/image\/"},"sameAs":["https:\/\/www.facebook.com\/HoeckerRAe\/","https:\/\/x.com\/hoecker_rae","https:\/\/www.linkedin.com\/company\/hcker-rechtsanwlte\/","https:\/\/www.instagram.com\/hoecker_rae\/"],"email":"contact@hoecker.eu","telephone":"+ 49 (0)221-933 19-10","legalName":"H\u00d6CKER Rechtsanw\u00e4lte PartGmbB","numberOfEmployees":{"@type":"QuantitativeValue","minValue":"11","maxValue":"50"}},{"@type":"Person","@id":"https:\/\/www.hoecker.eu\/blog\/#\/schema\/person\/08f95581eed0534eccd0b2438f7a1cab","name":"Prof. Dr. Ralf H\u00f6cker","description":"Medienanwalt. Besch\u00fctzer vor mieser Presse","sameAs":["https:\/\/www.hoecker.eu\/wer\/prof-dr-ralf-hoecker","https:\/\/www.facebook.com\/ralf.hoecker","https:\/\/www.linkedin.com\/in\/prof-dr-ralf-hcker-ll-m-london-17987826\/","https:\/\/x.com\/Ralf_Hoecker"],"url":"https:\/\/www.hoecker.eu\/blog\/author\/hoecker_adm\/"}]}},"authors":[{"term_id":84,"user_id":1,"is_guest":0,"slug":"hoecker_adm","display_name":"Prof. Dr. Ralf H\u00f6cker","avatar_url":{"url":"https:\/\/www.hoecker.eu\/blog\/wp-content\/uploads\/2023\/12\/ProfDrRalfHoecker.jpg","url2x":"https:\/\/www.hoecker.eu\/blog\/wp-content\/uploads\/2023\/12\/ProfDrRalfHoecker.jpg"},"0":null,"1":"","2":"","3":"","4":"","5":"","6":"","7":"","8":"","9":"","10":"","11":""}],"_links":{"self":[{"href":"https:\/\/www.hoecker.eu\/blog\/wp-json\/wp\/v2\/posts\/8610","targetHints":{"allow":["GET"]}}],"collection":[{"href":"https:\/\/www.hoecker.eu\/blog\/wp-json\/wp\/v2\/posts"}],"about":[{"href":"https:\/\/www.hoecker.eu\/blog\/wp-json\/wp\/v2\/types\/post"}],"author":[{"embeddable":true,"href":"https:\/\/www.hoecker.eu\/blog\/wp-json\/wp\/v2\/users\/1"}],"replies":[{"embeddable":true,"href":"https:\/\/www.hoecker.eu\/blog\/wp-json\/wp\/v2\/comments?post=8610"}],"version-history":[{"count":1,"href":"https:\/\/www.hoecker.eu\/blog\/wp-json\/wp\/v2\/posts\/8610\/revisions"}],"predecessor-version":[{"id":9732,"href":"https:\/\/www.hoecker.eu\/blog\/wp-json\/wp\/v2\/posts\/8610\/revisions\/9732"}],"wp:attachment":[{"href":"https:\/\/www.hoecker.eu\/blog\/wp-json\/wp\/v2\/media?parent=8610"}],"wp:term":[{"taxonomy":"category","embeddable":true,"href":"https:\/\/www.hoecker.eu\/blog\/wp-json\/wp\/v2\/categories?post=8610"},{"taxonomy":"post_tag","embeddable":true,"href":"https:\/\/www.hoecker.eu\/blog\/wp-json\/wp\/v2\/tags?post=8610"},{"taxonomy":"hashtags","embeddable":true,"href":"https:\/\/www.hoecker.eu\/blog\/wp-json\/wp\/v2\/hashtags?post=8610"},{"taxonomy":"author","embeddable":true,"href":"https:\/\/www.hoecker.eu\/blog\/wp-json\/wp\/v2\/ppma_author?post=8610"}],"curies":[{"name":"wp","href":"https:\/\/api.w.org\/{rel}","templated":true}]}}