{"id":8604,"date":"2016-05-09T20:31:00","date_gmt":"2016-05-09T18:31:00","guid":{"rendered":"https:\/\/www.hoecker.eu\/blog\/olg-koeln-bestaetigt-verbreiterhaftung-der-bunte-fuer-rechtswidrige-aeusserungen-ueber-joerg-kachelmann\/"},"modified":"2025-02-17T14:59:56","modified_gmt":"2025-02-17T13:59:56","slug":"olg-koeln-bestaetigt-verbreiterhaftung-der-bunte-fuer-rechtswidrige-aeusserungen-ueber-joerg-kachelmann","status":"publish","type":"post","link":"https:\/\/www.hoecker.eu\/blog\/olg-koeln-bestaetigt-verbreiterhaftung-der-bunte-fuer-rechtswidrige-aeusserungen-ueber-joerg-kachelmann\/","title":{"rendered":"OLG K\u00f6ln best\u00e4tigt Verbreiterhaftung der BUNTE f\u00fcr rechtswidrige \u00c4u\u00dferungen \u00fcber J\u00f6rg Kachelmann."},"content":{"rendered":"<p class=\"flies\"><span class=\"flies\"><em><span class=\"flies\">Nachdem es Claudia Dinkel bereits mit Urteil vom 06.11.2012 (15 U 97\/12) verboten worden war, weiterhin Falschbeschuldigungen gegen\u00fcber J\u00f6rg Kachelmann aufzustellen, stellt das OLG mit Urteil vom 20.11.2012 (15 U 102\/12) auch die Haftung der BUNTE f\u00fcr die Verbreitung der rechtswidrigen \u00c4u\u00dferungen fest. Das OLG best\u00e4tigt damit die Entscheidungen des Landgerichts K\u00f6ln aus dem einstweiligen Verf\u00fcgungsverfahren (28 O 540\/11) sowie der 1. Instanz (28 O 1072\/11). <\/p>\n<p>In seinem Urteil weist der Pressesenat zun\u00e4chst daraufhin, dass die verbreiteten \u00c4u\u00dferungen in hohem Ma\u00dfe ehrabtr\u00e4glich seien. Die Aufrechterhaltung des schwerwiegenden Tatvorwurfs trotz des umfangreichen und mit einem Freispruch beendeten Strafverfahrens f\u00fchre zu einem erheblichen Eingriff in das allgemeine Pers\u00f6nlichkeitsrecht, den J\u00f6rg Kachelmann angesichts der durch die Verfassung und gem\u00e4\u00df Art. 6 Abs. 2 EMRK garantierten Unschuldsvermutung nicht hinnehmen m\u00fcsse. Das OLG stellt dabei ausdr\u00fccklich das sch\u00fctzenswerte Recht von J\u00f6rg Kachelmann fest, in der \u00d6ffentlichkeit nicht als schuldig dargestellt zu werden.<\/p>\n<p>Da an den verbreiteten Behauptungen &#8211; zudem in ihrer konkreten Darstellungsweise &#8211; \u201ckein \u00fcberwiegendes \u00f6ffentliches Informationsinteresse\u201d bestehe, seien sie nicht von der Meinungsfreiheit umfasst. Ohne Erfolg blieb auch der Versuch, die unsachlichen und von \u00fcberschw\u00e4nglicher Emotion getragenen \u00c4u\u00dferungen durch ein \u201eRecht auf Gegenschlag\u201c zu relativieren. Denn \u2013 so stellte das OLG fest \u2013 auch im Hinblick auf einen solchen \u201eGegenschlag\u201c m\u00fcsse \u201cder gef\u00fchrte Strafprozess und der Freispruch des Kl\u00e4gers Ber\u00fccksichtigung finden\u201d und \u201cFrau Dinkel bei der Wahrnehmung eines \u201cGegenschlags\u201d Zur\u00fcckhaltung zeigen\u201d. Der ergangene Freispruch k\u00f6nne \u201cnicht schlichtweg ignoriert werden\u201d. Die Aufrechterhaltung des Tatvorwurfs sei daher keine ad\u00e4quate, sondern eine schlicht unverh\u00e4ltnism\u00e4\u00dfige Reaktion von Claudia Dinkel. Im \u00dcbrigen laufe die Reaktion von Claudia Dinkel \u201cauf eine Form der Selbstjustiz hinaus, die in einem Rechtstaat grunds\u00e4tzlich unzul\u00e4ssig ist und die es auch wegen der damit einhergehenden Gefahr einer Eskalation durch wechselseitige Verletzungen des grundrechtlich gesch\u00fctzten allgemeinen Pers\u00f6nlichkeitsrechts zu unterbinden gilt\u201d. <\/p>\n<p>Die BUNTE haftet f\u00fcr die verbreiteten rechtswidrigen \u00c4u\u00dferungen von Claudia Dinkel als \u201cintellektuelle Verbreiterin\u201d. Das OLG kommt in seinem Urteil zu diesem Schluss, obwohl es sich um Dritt\u00e4u\u00dferungen handelte, welche sich die BUNTE auch nicht zu eigen machte. Allerdings habe die BUNTE durch die Art der redaktionellen Pr\u00e4sentation \u201c\u00fcberschie\u00dfenden Einfluss\u201d auf die \u00fcbermittelte Dritt\u00e4u\u00dferung genommen und habe damit eine \u201ceigene inhaltliche Beziehung\u201d zu den \u00c4u\u00dferungen von Claudia Dinkel hergestellt. Da die BUNTE mit zahlreichen Formulierungen die Darstellung von Frau Dinkel inhaltlich best\u00e4tigte, sich auf ihre Seite stellte und sich mit ihr solidarisierte, bewirke<\/p>\n<p><em>&#8220;sie damit mehr als die Darstellung der Meinung oder Behauptung eines Dritten.<\/em> <\/span><span class=\"flies\"><em>Auch bei Wahrung der vorbezeichneten Zur\u00fcckhaltung trifft die Beklagte daher die Haftung als intellektuelle Verbreiterin der streitgegenst\u00e4ndlichen Interview\u00e4u\u00dferungen der Frau Dinkel.&#8221;<br \/><\/em><\/span><em class=\"flies\"><br \/><\/em><\/em><\/span><\/p>\n","protected":false},"excerpt":{"rendered":"<p>Nachdem es Claudia Dinkel bereits mit Urteil vom 06.11.2012 (15 U 97\/12) verboten worden war, weiterhin Falschbeschuldigungen gegen\u00fcber J\u00f6rg Kachelmann aufzustellen, stellt das OLG mit Urteil vom 20.11.2012 (15 U 102\/12) auch die Haftung der BUNTE f\u00fcr die Verbreitung der rechtswidrigen \u00c4u\u00dferungen fest. Das OLG best\u00e4tigt damit die Entscheidungen des Landgerichts K\u00f6ln aus dem einstweiligen [&hellip;]<\/p>\n","protected":false},"author":1,"featured_media":0,"comment_status":"closed","ping_status":"closed","sticky":false,"template":"","format":"standard","meta":{"_has_post_settings":[],"footnotes":""},"categories":[15],"tags":[],"hashtags":[],"ppma_author":[84],"class_list":["post-8604","post","type-post","status-publish","format-standard","hentry","category-news","author-hoecker_adm"],"yoast_head":"<!-- This site is optimized with the Yoast SEO Premium plugin v25.9 (Yoast SEO v27.0) - https:\/\/yoast.com\/product\/yoast-seo-premium-wordpress\/ -->\n<title>OLG K\u00f6ln best\u00e4tigt Verbreiterhaftung der BUNTE f\u00fcr rechtswidrige \u00c4u\u00dferungen \u00fcber J\u00f6rg Kachelmann. - H\u00d6CKER - der Blog<\/title>\n<meta name=\"robots\" content=\"index, follow, max-snippet:-1, max-image-preview:large, max-video-preview:-1\" \/>\n<link rel=\"canonical\" href=\"https:\/\/www.hoecker.eu\/blog\/olg-koeln-bestaetigt-verbreiterhaftung-der-bunte-fuer-rechtswidrige-aeusserungen-ueber-joerg-kachelmann\/\" \/>\n<meta property=\"og:locale\" content=\"de_DE\" \/>\n<meta property=\"og:type\" content=\"article\" \/>\n<meta property=\"og:title\" content=\"OLG K\u00f6ln best\u00e4tigt Verbreiterhaftung der BUNTE f\u00fcr rechtswidrige \u00c4u\u00dferungen \u00fcber J\u00f6rg Kachelmann.\" \/>\n<meta property=\"og:description\" content=\"Nachdem es Claudia Dinkel bereits mit Urteil vom 06.11.2012 (15 U 97\/12) verboten worden war, weiterhin Falschbeschuldigungen gegen\u00fcber J\u00f6rg Kachelmann aufzustellen, stellt das OLG mit Urteil vom 20.11.2012 (15 U 102\/12) auch die Haftung der BUNTE f\u00fcr die Verbreitung der rechtswidrigen \u00c4u\u00dferungen fest. Das OLG best\u00e4tigt damit die Entscheidungen des Landgerichts K\u00f6ln aus dem einstweiligen [&hellip;]\" \/>\n<meta property=\"og:url\" content=\"https:\/\/www.hoecker.eu\/blog\/olg-koeln-bestaetigt-verbreiterhaftung-der-bunte-fuer-rechtswidrige-aeusserungen-ueber-joerg-kachelmann\/\" \/>\n<meta property=\"og:site_name\" content=\"H\u00d6CKER - der Blog\" \/>\n<meta property=\"article:publisher\" content=\"https:\/\/www.facebook.com\/HoeckerRAe\/\" \/>\n<meta property=\"article:author\" content=\"https:\/\/www.facebook.com\/ralf.hoecker\" \/>\n<meta property=\"article:published_time\" content=\"2016-05-09T18:31:00+00:00\" \/>\n<meta property=\"article:modified_time\" content=\"2025-02-17T13:59:56+00:00\" \/>\n<meta name=\"author\" content=\"Prof. Dr. Ralf H\u00f6cker\" \/>\n<meta name=\"twitter:card\" content=\"summary_large_image\" \/>\n<meta name=\"twitter:creator\" content=\"@Ralf_Hoecker\" \/>\n<meta name=\"twitter:site\" content=\"@hoecker_rae\" \/>\n<meta name=\"twitter:label1\" content=\"Verfasst von\" \/>\n\t<meta name=\"twitter:data1\" content=\"Prof. Dr. Ralf H\u00f6cker\" \/>\n\t<meta name=\"twitter:label2\" content=\"Gesch\u00e4tzte Lesezeit\" \/>\n\t<meta name=\"twitter:data2\" content=\"2\u00a0Minuten\" \/>\n<script type=\"application\/ld+json\" class=\"yoast-schema-graph\">{\"@context\":\"https:\/\/schema.org\",\"@graph\":[{\"@type\":\"Article\",\"@id\":\"https:\/\/www.hoecker.eu\/blog\/olg-koeln-bestaetigt-verbreiterhaftung-der-bunte-fuer-rechtswidrige-aeusserungen-ueber-joerg-kachelmann\/#article\",\"isPartOf\":{\"@id\":\"https:\/\/www.hoecker.eu\/blog\/olg-koeln-bestaetigt-verbreiterhaftung-der-bunte-fuer-rechtswidrige-aeusserungen-ueber-joerg-kachelmann\/\"},\"author\":{\"name\":\"Prof. Dr. Ralf H\u00f6cker\",\"@id\":\"https:\/\/www.hoecker.eu\/blog\/#\/schema\/person\/08f95581eed0534eccd0b2438f7a1cab\"},\"headline\":\"OLG K\u00f6ln best\u00e4tigt Verbreiterhaftung der BUNTE f\u00fcr rechtswidrige \u00c4u\u00dferungen \u00fcber J\u00f6rg Kachelmann.\",\"datePublished\":\"2016-05-09T18:31:00+00:00\",\"dateModified\":\"2025-02-17T13:59:56+00:00\",\"mainEntityOfPage\":{\"@id\":\"https:\/\/www.hoecker.eu\/blog\/olg-koeln-bestaetigt-verbreiterhaftung-der-bunte-fuer-rechtswidrige-aeusserungen-ueber-joerg-kachelmann\/\"},\"wordCount\":470,\"publisher\":{\"@id\":\"https:\/\/www.hoecker.eu\/blog\/#organization\"},\"articleSection\":[\"News\"],\"inLanguage\":\"de\"},{\"@type\":\"WebPage\",\"@id\":\"https:\/\/www.hoecker.eu\/blog\/olg-koeln-bestaetigt-verbreiterhaftung-der-bunte-fuer-rechtswidrige-aeusserungen-ueber-joerg-kachelmann\/\",\"url\":\"https:\/\/www.hoecker.eu\/blog\/olg-koeln-bestaetigt-verbreiterhaftung-der-bunte-fuer-rechtswidrige-aeusserungen-ueber-joerg-kachelmann\/\",\"name\":\"OLG K\u00f6ln best\u00e4tigt Verbreiterhaftung der BUNTE f\u00fcr rechtswidrige \u00c4u\u00dferungen \u00fcber J\u00f6rg Kachelmann. - H\u00d6CKER - der Blog\",\"isPartOf\":{\"@id\":\"https:\/\/www.hoecker.eu\/blog\/#website\"},\"datePublished\":\"2016-05-09T18:31:00+00:00\",\"dateModified\":\"2025-02-17T13:59:56+00:00\",\"breadcrumb\":{\"@id\":\"https:\/\/www.hoecker.eu\/blog\/olg-koeln-bestaetigt-verbreiterhaftung-der-bunte-fuer-rechtswidrige-aeusserungen-ueber-joerg-kachelmann\/#breadcrumb\"},\"inLanguage\":\"de\",\"potentialAction\":[{\"@type\":\"ReadAction\",\"target\":[\"https:\/\/www.hoecker.eu\/blog\/olg-koeln-bestaetigt-verbreiterhaftung-der-bunte-fuer-rechtswidrige-aeusserungen-ueber-joerg-kachelmann\/\"]}]},{\"@type\":\"BreadcrumbList\",\"@id\":\"https:\/\/www.hoecker.eu\/blog\/olg-koeln-bestaetigt-verbreiterhaftung-der-bunte-fuer-rechtswidrige-aeusserungen-ueber-joerg-kachelmann\/#breadcrumb\",\"itemListElement\":[{\"@type\":\"ListItem\",\"position\":1,\"name\":\"Startseite\",\"item\":\"https:\/\/dev.hoecker.eu\/blog\/\"},{\"@type\":\"ListItem\",\"position\":2,\"name\":\"OLG K\u00f6ln best\u00e4tigt Verbreiterhaftung der BUNTE f\u00fcr rechtswidrige \u00c4u\u00dferungen \u00fcber J\u00f6rg Kachelmann.\"}]},{\"@type\":\"WebSite\",\"@id\":\"https:\/\/www.hoecker.eu\/blog\/#website\",\"url\":\"https:\/\/www.hoecker.eu\/blog\/\",\"name\":\"H\u00d6CKER - der Blog\",\"description\":\"Expertenblog f\u00fcr \u00c4u\u00dferungs-, Medien-, Marken-, Urheber- und Wettbewerbsrecht.\",\"publisher\":{\"@id\":\"https:\/\/www.hoecker.eu\/blog\/#organization\"},\"potentialAction\":[{\"@type\":\"SearchAction\",\"target\":{\"@type\":\"EntryPoint\",\"urlTemplate\":\"https:\/\/www.hoecker.eu\/blog\/?s={search_term_string}\"},\"query-input\":{\"@type\":\"PropertyValueSpecification\",\"valueRequired\":true,\"valueName\":\"search_term_string\"}}],\"inLanguage\":\"de\"},{\"@type\":\"Organization\",\"@id\":\"https:\/\/www.hoecker.eu\/blog\/#organization\",\"name\":\"H\u00d6CKER Rechtsanw\u00e4lte PartGmbB\",\"alternateName\":\"H\u00d6CKER\",\"url\":\"https:\/\/www.hoecker.eu\/blog\/\",\"logo\":{\"@type\":\"ImageObject\",\"inLanguage\":\"de\",\"@id\":\"https:\/\/www.hoecker.eu\/blog\/#\/schema\/logo\/image\/\",\"url\":\"https:\/\/www.hoecker.eu\/blog\/wp-content\/uploads\/2025\/03\/Blog-Logo.webp\",\"contentUrl\":\"https:\/\/www.hoecker.eu\/blog\/wp-content\/uploads\/2025\/03\/Blog-Logo.webp\",\"width\":500,\"height\":500,\"caption\":\"H\u00d6CKER Rechtsanw\u00e4lte PartGmbB\"},\"image\":{\"@id\":\"https:\/\/www.hoecker.eu\/blog\/#\/schema\/logo\/image\/\"},\"sameAs\":[\"https:\/\/www.facebook.com\/HoeckerRAe\/\",\"https:\/\/x.com\/hoecker_rae\",\"https:\/\/www.linkedin.com\/company\/hcker-rechtsanwlte\/\",\"https:\/\/www.instagram.com\/hoecker_rae\/\"],\"email\":\"contact@hoecker.eu\",\"telephone\":\"+ 49 (0)221-933 19-10\",\"legalName\":\"H\u00d6CKER Rechtsanw\u00e4lte PartGmbB\",\"numberOfEmployees\":{\"@type\":\"QuantitativeValue\",\"minValue\":\"11\",\"maxValue\":\"50\"}},{\"@type\":\"Person\",\"@id\":\"https:\/\/www.hoecker.eu\/blog\/#\/schema\/person\/08f95581eed0534eccd0b2438f7a1cab\",\"name\":\"Prof. Dr. Ralf H\u00f6cker\",\"description\":\"Medienanwalt. Besch\u00fctzer vor mieser Presse\",\"sameAs\":[\"https:\/\/www.hoecker.eu\/wer\/prof-dr-ralf-hoecker\",\"https:\/\/www.facebook.com\/ralf.hoecker\",\"https:\/\/www.linkedin.com\/in\/prof-dr-ralf-hcker-ll-m-london-17987826\/\",\"https:\/\/x.com\/Ralf_Hoecker\"],\"url\":\"https:\/\/www.hoecker.eu\/blog\/author\/hoecker_adm\/\"}]}<\/script>\n<!-- \/ Yoast SEO Premium plugin. -->","yoast_head_json":{"title":"OLG K\u00f6ln best\u00e4tigt Verbreiterhaftung der BUNTE f\u00fcr rechtswidrige \u00c4u\u00dferungen \u00fcber J\u00f6rg Kachelmann. - H\u00d6CKER - der Blog","robots":{"index":"index","follow":"follow","max-snippet":"max-snippet:-1","max-image-preview":"max-image-preview:large","max-video-preview":"max-video-preview:-1"},"canonical":"https:\/\/www.hoecker.eu\/blog\/olg-koeln-bestaetigt-verbreiterhaftung-der-bunte-fuer-rechtswidrige-aeusserungen-ueber-joerg-kachelmann\/","og_locale":"de_DE","og_type":"article","og_title":"OLG K\u00f6ln best\u00e4tigt Verbreiterhaftung der BUNTE f\u00fcr rechtswidrige \u00c4u\u00dferungen \u00fcber J\u00f6rg Kachelmann.","og_description":"Nachdem es Claudia Dinkel bereits mit Urteil vom 06.11.2012 (15 U 97\/12) verboten worden war, weiterhin Falschbeschuldigungen gegen\u00fcber J\u00f6rg Kachelmann aufzustellen, stellt das OLG mit Urteil vom 20.11.2012 (15 U 102\/12) auch die Haftung der BUNTE f\u00fcr die Verbreitung der rechtswidrigen \u00c4u\u00dferungen fest. Das OLG best\u00e4tigt damit die Entscheidungen des Landgerichts K\u00f6ln aus dem einstweiligen [&hellip;]","og_url":"https:\/\/www.hoecker.eu\/blog\/olg-koeln-bestaetigt-verbreiterhaftung-der-bunte-fuer-rechtswidrige-aeusserungen-ueber-joerg-kachelmann\/","og_site_name":"H\u00d6CKER - der Blog","article_publisher":"https:\/\/www.facebook.com\/HoeckerRAe\/","article_author":"https:\/\/www.facebook.com\/ralf.hoecker","article_published_time":"2016-05-09T18:31:00+00:00","article_modified_time":"2025-02-17T13:59:56+00:00","author":"Prof. Dr. Ralf H\u00f6cker","twitter_card":"summary_large_image","twitter_creator":"@Ralf_Hoecker","twitter_site":"@hoecker_rae","twitter_misc":{"Verfasst von":"Prof. Dr. Ralf H\u00f6cker","Gesch\u00e4tzte Lesezeit":"2\u00a0Minuten"},"schema":{"@context":"https:\/\/schema.org","@graph":[{"@type":"Article","@id":"https:\/\/www.hoecker.eu\/blog\/olg-koeln-bestaetigt-verbreiterhaftung-der-bunte-fuer-rechtswidrige-aeusserungen-ueber-joerg-kachelmann\/#article","isPartOf":{"@id":"https:\/\/www.hoecker.eu\/blog\/olg-koeln-bestaetigt-verbreiterhaftung-der-bunte-fuer-rechtswidrige-aeusserungen-ueber-joerg-kachelmann\/"},"author":{"name":"Prof. Dr. Ralf H\u00f6cker","@id":"https:\/\/www.hoecker.eu\/blog\/#\/schema\/person\/08f95581eed0534eccd0b2438f7a1cab"},"headline":"OLG K\u00f6ln best\u00e4tigt Verbreiterhaftung der BUNTE f\u00fcr rechtswidrige \u00c4u\u00dferungen \u00fcber J\u00f6rg Kachelmann.","datePublished":"2016-05-09T18:31:00+00:00","dateModified":"2025-02-17T13:59:56+00:00","mainEntityOfPage":{"@id":"https:\/\/www.hoecker.eu\/blog\/olg-koeln-bestaetigt-verbreiterhaftung-der-bunte-fuer-rechtswidrige-aeusserungen-ueber-joerg-kachelmann\/"},"wordCount":470,"publisher":{"@id":"https:\/\/www.hoecker.eu\/blog\/#organization"},"articleSection":["News"],"inLanguage":"de"},{"@type":"WebPage","@id":"https:\/\/www.hoecker.eu\/blog\/olg-koeln-bestaetigt-verbreiterhaftung-der-bunte-fuer-rechtswidrige-aeusserungen-ueber-joerg-kachelmann\/","url":"https:\/\/www.hoecker.eu\/blog\/olg-koeln-bestaetigt-verbreiterhaftung-der-bunte-fuer-rechtswidrige-aeusserungen-ueber-joerg-kachelmann\/","name":"OLG K\u00f6ln best\u00e4tigt Verbreiterhaftung der BUNTE f\u00fcr rechtswidrige \u00c4u\u00dferungen \u00fcber J\u00f6rg Kachelmann. - H\u00d6CKER - der Blog","isPartOf":{"@id":"https:\/\/www.hoecker.eu\/blog\/#website"},"datePublished":"2016-05-09T18:31:00+00:00","dateModified":"2025-02-17T13:59:56+00:00","breadcrumb":{"@id":"https:\/\/www.hoecker.eu\/blog\/olg-koeln-bestaetigt-verbreiterhaftung-der-bunte-fuer-rechtswidrige-aeusserungen-ueber-joerg-kachelmann\/#breadcrumb"},"inLanguage":"de","potentialAction":[{"@type":"ReadAction","target":["https:\/\/www.hoecker.eu\/blog\/olg-koeln-bestaetigt-verbreiterhaftung-der-bunte-fuer-rechtswidrige-aeusserungen-ueber-joerg-kachelmann\/"]}]},{"@type":"BreadcrumbList","@id":"https:\/\/www.hoecker.eu\/blog\/olg-koeln-bestaetigt-verbreiterhaftung-der-bunte-fuer-rechtswidrige-aeusserungen-ueber-joerg-kachelmann\/#breadcrumb","itemListElement":[{"@type":"ListItem","position":1,"name":"Startseite","item":"https:\/\/dev.hoecker.eu\/blog\/"},{"@type":"ListItem","position":2,"name":"OLG K\u00f6ln best\u00e4tigt Verbreiterhaftung der BUNTE f\u00fcr rechtswidrige \u00c4u\u00dferungen \u00fcber J\u00f6rg Kachelmann."}]},{"@type":"WebSite","@id":"https:\/\/www.hoecker.eu\/blog\/#website","url":"https:\/\/www.hoecker.eu\/blog\/","name":"H\u00d6CKER - der Blog","description":"Expertenblog f\u00fcr \u00c4u\u00dferungs-, Medien-, Marken-, Urheber- und Wettbewerbsrecht.","publisher":{"@id":"https:\/\/www.hoecker.eu\/blog\/#organization"},"potentialAction":[{"@type":"SearchAction","target":{"@type":"EntryPoint","urlTemplate":"https:\/\/www.hoecker.eu\/blog\/?s={search_term_string}"},"query-input":{"@type":"PropertyValueSpecification","valueRequired":true,"valueName":"search_term_string"}}],"inLanguage":"de"},{"@type":"Organization","@id":"https:\/\/www.hoecker.eu\/blog\/#organization","name":"H\u00d6CKER Rechtsanw\u00e4lte PartGmbB","alternateName":"H\u00d6CKER","url":"https:\/\/www.hoecker.eu\/blog\/","logo":{"@type":"ImageObject","inLanguage":"de","@id":"https:\/\/www.hoecker.eu\/blog\/#\/schema\/logo\/image\/","url":"https:\/\/www.hoecker.eu\/blog\/wp-content\/uploads\/2025\/03\/Blog-Logo.webp","contentUrl":"https:\/\/www.hoecker.eu\/blog\/wp-content\/uploads\/2025\/03\/Blog-Logo.webp","width":500,"height":500,"caption":"H\u00d6CKER Rechtsanw\u00e4lte PartGmbB"},"image":{"@id":"https:\/\/www.hoecker.eu\/blog\/#\/schema\/logo\/image\/"},"sameAs":["https:\/\/www.facebook.com\/HoeckerRAe\/","https:\/\/x.com\/hoecker_rae","https:\/\/www.linkedin.com\/company\/hcker-rechtsanwlte\/","https:\/\/www.instagram.com\/hoecker_rae\/"],"email":"contact@hoecker.eu","telephone":"+ 49 (0)221-933 19-10","legalName":"H\u00d6CKER Rechtsanw\u00e4lte PartGmbB","numberOfEmployees":{"@type":"QuantitativeValue","minValue":"11","maxValue":"50"}},{"@type":"Person","@id":"https:\/\/www.hoecker.eu\/blog\/#\/schema\/person\/08f95581eed0534eccd0b2438f7a1cab","name":"Prof. Dr. Ralf H\u00f6cker","description":"Medienanwalt. Besch\u00fctzer vor mieser Presse","sameAs":["https:\/\/www.hoecker.eu\/wer\/prof-dr-ralf-hoecker","https:\/\/www.facebook.com\/ralf.hoecker","https:\/\/www.linkedin.com\/in\/prof-dr-ralf-hcker-ll-m-london-17987826\/","https:\/\/x.com\/Ralf_Hoecker"],"url":"https:\/\/www.hoecker.eu\/blog\/author\/hoecker_adm\/"}]}},"authors":[{"term_id":84,"user_id":1,"is_guest":0,"slug":"hoecker_adm","display_name":"Prof. Dr. Ralf H\u00f6cker","avatar_url":{"url":"https:\/\/www.hoecker.eu\/blog\/wp-content\/uploads\/2023\/12\/ProfDrRalfHoecker.jpg","url2x":"https:\/\/www.hoecker.eu\/blog\/wp-content\/uploads\/2023\/12\/ProfDrRalfHoecker.jpg"},"0":null,"1":"","2":"","3":"","4":"","5":"","6":"","7":"","8":"","9":"","10":"","11":""}],"_links":{"self":[{"href":"https:\/\/www.hoecker.eu\/blog\/wp-json\/wp\/v2\/posts\/8604","targetHints":{"allow":["GET"]}}],"collection":[{"href":"https:\/\/www.hoecker.eu\/blog\/wp-json\/wp\/v2\/posts"}],"about":[{"href":"https:\/\/www.hoecker.eu\/blog\/wp-json\/wp\/v2\/types\/post"}],"author":[{"embeddable":true,"href":"https:\/\/www.hoecker.eu\/blog\/wp-json\/wp\/v2\/users\/1"}],"replies":[{"embeddable":true,"href":"https:\/\/www.hoecker.eu\/blog\/wp-json\/wp\/v2\/comments?post=8604"}],"version-history":[{"count":1,"href":"https:\/\/www.hoecker.eu\/blog\/wp-json\/wp\/v2\/posts\/8604\/revisions"}],"predecessor-version":[{"id":9726,"href":"https:\/\/www.hoecker.eu\/blog\/wp-json\/wp\/v2\/posts\/8604\/revisions\/9726"}],"wp:attachment":[{"href":"https:\/\/www.hoecker.eu\/blog\/wp-json\/wp\/v2\/media?parent=8604"}],"wp:term":[{"taxonomy":"category","embeddable":true,"href":"https:\/\/www.hoecker.eu\/blog\/wp-json\/wp\/v2\/categories?post=8604"},{"taxonomy":"post_tag","embeddable":true,"href":"https:\/\/www.hoecker.eu\/blog\/wp-json\/wp\/v2\/tags?post=8604"},{"taxonomy":"hashtags","embeddable":true,"href":"https:\/\/www.hoecker.eu\/blog\/wp-json\/wp\/v2\/hashtags?post=8604"},{"taxonomy":"author","embeddable":true,"href":"https:\/\/www.hoecker.eu\/blog\/wp-json\/wp\/v2\/ppma_author?post=8604"}],"curies":[{"name":"wp","href":"https:\/\/api.w.org\/{rel}","templated":true}]}}