{"id":8596,"date":"2016-05-09T20:35:00","date_gmt":"2016-05-09T18:35:00","guid":{"rendered":"https:\/\/www.hoecker.eu\/blog\/inhaberin-eines-pflegedienstes-wehrt-sich-mit-hoecker-erfolgreich-gegen-die-verbreitung-von-unwahrheiten-und-vorverurteilungen-einer-regionalzeitung\/"},"modified":"2025-02-17T14:59:51","modified_gmt":"2025-02-17T13:59:51","slug":"inhaberin-eines-pflegedienstes-wehrt-sich-mit-hoecker-erfolgreich-gegen-die-verbreitung-von-unwahrheiten-und-vorverurteilungen-einer-regionalzeitung","status":"publish","type":"post","link":"https:\/\/www.hoecker.eu\/blog\/inhaberin-eines-pflegedienstes-wehrt-sich-mit-hoecker-erfolgreich-gegen-die-verbreitung-von-unwahrheiten-und-vorverurteilungen-einer-regionalzeitung\/","title":{"rendered":"Inhaberin eines Pflegedienstes wehrt sich mit H\u00d6CKER erfolgreich gegen die Verbreitung von Unwahrheiten und Vorverurteilungen einer Regionalzeitung."},"content":{"rendered":"<p class=\"flies\">Eine Regionalzeitung hatte \u00fcber Vorw\u00fcrfe gegen die Inhaberin eines Pflegedienstes berichtet, die sie ungepr\u00fcft von dritter Seite \u00fcbernommen hatte. Das Landgericht K\u00f6ln untersagte der Regionalzeitung mit Beschluss vom 20.08.2012 (Az: 28 O 326\/12) die Verbreitung bzw. Ver\u00f6ffentlichung von Unwahrheiten sowie von vorverurteilenden \u00c4u\u00dferungen.<\/p>\n<p>Die Regionalzeitung hatte u.a. \u00fcber angebliche Pflegem\u00e4ngel berichtet, dabei aber die Grunds\u00e4tze f\u00fcr eine ausnahmsweise zul\u00e4ssige Verdachtsberichterstattung nicht eingehalten. So gab es bereits nicht den geringsten objektiven Anhaltspunkt daf\u00fcr, dass die Vorw\u00fcrfe, die ein Dritter erhoben hatte, irgendeine reale Grundlage hatten. Zudem berichtete die Zeitung einseitig und verschwieg entlastende Aspekte. Schlie\u00dflich gab sie der Inhaberin des Pflegedienstes keine ausreichende Gelegenheit, zu den erhobenen Vorw\u00fcrfen Stellung zu nehmen. H\u00e4tte sie dies getan, h\u00e4tte unsere Mandantin die in Rede stehenden Anschuldigungen vollst\u00e4ndig ausr\u00e4umen k\u00f6nnen und es w\u00e4re \u00fcberhaupt nicht erst zu einer Berichterstattung gekommen.<\/p>\n<p>Die Regionalzeitung hat die einstweilige Verf\u00fcgung mit Erkl\u00e4rung vom 07.01.2013 als endg\u00fcltige und rechtsverbindliche Regelung anerkannt.<\/p>\n","protected":false},"excerpt":{"rendered":"<p>Eine Regionalzeitung hatte \u00fcber Vorw\u00fcrfe gegen die Inhaberin eines Pflegedienstes berichtet, die sie ungepr\u00fcft von dritter Seite \u00fcbernommen hatte. Das Landgericht K\u00f6ln untersagte der Regionalzeitung mit Beschluss vom 20.08.2012 (Az: 28 O 326\/12) die Verbreitung bzw. Ver\u00f6ffentlichung von Unwahrheiten sowie von vorverurteilenden \u00c4u\u00dferungen. Die Regionalzeitung hatte u.a. \u00fcber angebliche Pflegem\u00e4ngel berichtet, dabei aber die Grunds\u00e4tze [&hellip;]<\/p>\n","protected":false},"author":1,"featured_media":0,"comment_status":"closed","ping_status":"closed","sticky":false,"template":"","format":"standard","meta":{"_has_post_settings":[],"footnotes":""},"categories":[15],"tags":[],"hashtags":[],"ppma_author":[84],"class_list":["post-8596","post","type-post","status-publish","format-standard","hentry","category-news","author-hoecker_adm"],"yoast_head":"<!-- This site is optimized with the Yoast SEO Premium plugin v25.9 (Yoast SEO v27.0) - https:\/\/yoast.com\/product\/yoast-seo-premium-wordpress\/ -->\n<title>Inhaberin eines Pflegedienstes wehrt sich mit H\u00d6CKER erfolgreich gegen die Verbreitung von Unwahrheiten und Vorverurteilungen einer Regionalzeitung. - H\u00d6CKER - der Blog<\/title>\n<meta name=\"robots\" content=\"index, follow, max-snippet:-1, max-image-preview:large, max-video-preview:-1\" \/>\n<link rel=\"canonical\" href=\"https:\/\/www.hoecker.eu\/blog\/inhaberin-eines-pflegedienstes-wehrt-sich-mit-hoecker-erfolgreich-gegen-die-verbreitung-von-unwahrheiten-und-vorverurteilungen-einer-regionalzeitung\/\" \/>\n<meta property=\"og:locale\" content=\"de_DE\" \/>\n<meta property=\"og:type\" content=\"article\" \/>\n<meta property=\"og:title\" content=\"Inhaberin eines Pflegedienstes wehrt sich mit H\u00d6CKER erfolgreich gegen die Verbreitung von Unwahrheiten und Vorverurteilungen einer Regionalzeitung.\" \/>\n<meta property=\"og:description\" content=\"Eine Regionalzeitung hatte \u00fcber Vorw\u00fcrfe gegen die Inhaberin eines Pflegedienstes berichtet, die sie ungepr\u00fcft von dritter Seite \u00fcbernommen hatte. Das Landgericht K\u00f6ln untersagte der Regionalzeitung mit Beschluss vom 20.08.2012 (Az: 28 O 326\/12) die Verbreitung bzw. Ver\u00f6ffentlichung von Unwahrheiten sowie von vorverurteilenden \u00c4u\u00dferungen. Die Regionalzeitung hatte u.a. \u00fcber angebliche Pflegem\u00e4ngel berichtet, dabei aber die Grunds\u00e4tze [&hellip;]\" \/>\n<meta property=\"og:url\" content=\"https:\/\/www.hoecker.eu\/blog\/inhaberin-eines-pflegedienstes-wehrt-sich-mit-hoecker-erfolgreich-gegen-die-verbreitung-von-unwahrheiten-und-vorverurteilungen-einer-regionalzeitung\/\" \/>\n<meta property=\"og:site_name\" content=\"H\u00d6CKER - der Blog\" \/>\n<meta property=\"article:publisher\" content=\"https:\/\/www.facebook.com\/HoeckerRAe\/\" \/>\n<meta property=\"article:author\" content=\"https:\/\/www.facebook.com\/ralf.hoecker\" \/>\n<meta property=\"article:published_time\" content=\"2016-05-09T18:35:00+00:00\" \/>\n<meta property=\"article:modified_time\" content=\"2025-02-17T13:59:51+00:00\" \/>\n<meta name=\"author\" content=\"Prof. Dr. Ralf H\u00f6cker\" \/>\n<meta name=\"twitter:card\" content=\"summary_large_image\" \/>\n<meta name=\"twitter:creator\" content=\"@Ralf_Hoecker\" \/>\n<meta name=\"twitter:site\" content=\"@hoecker_rae\" \/>\n<meta name=\"twitter:label1\" content=\"Verfasst von\" \/>\n\t<meta name=\"twitter:data1\" content=\"Prof. Dr. Ralf H\u00f6cker\" \/>\n\t<meta name=\"twitter:label2\" content=\"Gesch\u00e4tzte Lesezeit\" \/>\n\t<meta name=\"twitter:data2\" content=\"1\u00a0Minute\" \/>\n<script type=\"application\/ld+json\" class=\"yoast-schema-graph\">{\"@context\":\"https:\/\/schema.org\",\"@graph\":[{\"@type\":\"Article\",\"@id\":\"https:\/\/www.hoecker.eu\/blog\/inhaberin-eines-pflegedienstes-wehrt-sich-mit-hoecker-erfolgreich-gegen-die-verbreitung-von-unwahrheiten-und-vorverurteilungen-einer-regionalzeitung\/#article\",\"isPartOf\":{\"@id\":\"https:\/\/www.hoecker.eu\/blog\/inhaberin-eines-pflegedienstes-wehrt-sich-mit-hoecker-erfolgreich-gegen-die-verbreitung-von-unwahrheiten-und-vorverurteilungen-einer-regionalzeitung\/\"},\"author\":{\"name\":\"Prof. Dr. Ralf H\u00f6cker\",\"@id\":\"https:\/\/www.hoecker.eu\/blog\/#\/schema\/person\/08f95581eed0534eccd0b2438f7a1cab\"},\"headline\":\"Inhaberin eines Pflegedienstes wehrt sich mit H\u00d6CKER erfolgreich gegen die Verbreitung von Unwahrheiten und Vorverurteilungen einer Regionalzeitung.\",\"datePublished\":\"2016-05-09T18:35:00+00:00\",\"dateModified\":\"2025-02-17T13:59:51+00:00\",\"mainEntityOfPage\":{\"@id\":\"https:\/\/www.hoecker.eu\/blog\/inhaberin-eines-pflegedienstes-wehrt-sich-mit-hoecker-erfolgreich-gegen-die-verbreitung-von-unwahrheiten-und-vorverurteilungen-einer-regionalzeitung\/\"},\"wordCount\":188,\"publisher\":{\"@id\":\"https:\/\/www.hoecker.eu\/blog\/#organization\"},\"articleSection\":[\"News\"],\"inLanguage\":\"de\"},{\"@type\":\"WebPage\",\"@id\":\"https:\/\/www.hoecker.eu\/blog\/inhaberin-eines-pflegedienstes-wehrt-sich-mit-hoecker-erfolgreich-gegen-die-verbreitung-von-unwahrheiten-und-vorverurteilungen-einer-regionalzeitung\/\",\"url\":\"https:\/\/www.hoecker.eu\/blog\/inhaberin-eines-pflegedienstes-wehrt-sich-mit-hoecker-erfolgreich-gegen-die-verbreitung-von-unwahrheiten-und-vorverurteilungen-einer-regionalzeitung\/\",\"name\":\"Inhaberin eines Pflegedienstes wehrt sich mit H\u00d6CKER erfolgreich gegen die Verbreitung von Unwahrheiten und Vorverurteilungen einer Regionalzeitung. - H\u00d6CKER - der Blog\",\"isPartOf\":{\"@id\":\"https:\/\/www.hoecker.eu\/blog\/#website\"},\"datePublished\":\"2016-05-09T18:35:00+00:00\",\"dateModified\":\"2025-02-17T13:59:51+00:00\",\"breadcrumb\":{\"@id\":\"https:\/\/www.hoecker.eu\/blog\/inhaberin-eines-pflegedienstes-wehrt-sich-mit-hoecker-erfolgreich-gegen-die-verbreitung-von-unwahrheiten-und-vorverurteilungen-einer-regionalzeitung\/#breadcrumb\"},\"inLanguage\":\"de\",\"potentialAction\":[{\"@type\":\"ReadAction\",\"target\":[\"https:\/\/www.hoecker.eu\/blog\/inhaberin-eines-pflegedienstes-wehrt-sich-mit-hoecker-erfolgreich-gegen-die-verbreitung-von-unwahrheiten-und-vorverurteilungen-einer-regionalzeitung\/\"]}]},{\"@type\":\"BreadcrumbList\",\"@id\":\"https:\/\/www.hoecker.eu\/blog\/inhaberin-eines-pflegedienstes-wehrt-sich-mit-hoecker-erfolgreich-gegen-die-verbreitung-von-unwahrheiten-und-vorverurteilungen-einer-regionalzeitung\/#breadcrumb\",\"itemListElement\":[{\"@type\":\"ListItem\",\"position\":1,\"name\":\"Startseite\",\"item\":\"https:\/\/dev.hoecker.eu\/blog\/\"},{\"@type\":\"ListItem\",\"position\":2,\"name\":\"Inhaberin eines Pflegedienstes wehrt sich mit H\u00d6CKER erfolgreich gegen die Verbreitung von Unwahrheiten und Vorverurteilungen einer Regionalzeitung.\"}]},{\"@type\":\"WebSite\",\"@id\":\"https:\/\/www.hoecker.eu\/blog\/#website\",\"url\":\"https:\/\/www.hoecker.eu\/blog\/\",\"name\":\"H\u00d6CKER - der Blog\",\"description\":\"Expertenblog f\u00fcr \u00c4u\u00dferungs-, Medien-, Marken-, Urheber- und Wettbewerbsrecht.\",\"publisher\":{\"@id\":\"https:\/\/www.hoecker.eu\/blog\/#organization\"},\"potentialAction\":[{\"@type\":\"SearchAction\",\"target\":{\"@type\":\"EntryPoint\",\"urlTemplate\":\"https:\/\/www.hoecker.eu\/blog\/?s={search_term_string}\"},\"query-input\":{\"@type\":\"PropertyValueSpecification\",\"valueRequired\":true,\"valueName\":\"search_term_string\"}}],\"inLanguage\":\"de\"},{\"@type\":\"Organization\",\"@id\":\"https:\/\/www.hoecker.eu\/blog\/#organization\",\"name\":\"H\u00d6CKER Rechtsanw\u00e4lte PartGmbB\",\"alternateName\":\"H\u00d6CKER\",\"url\":\"https:\/\/www.hoecker.eu\/blog\/\",\"logo\":{\"@type\":\"ImageObject\",\"inLanguage\":\"de\",\"@id\":\"https:\/\/www.hoecker.eu\/blog\/#\/schema\/logo\/image\/\",\"url\":\"https:\/\/www.hoecker.eu\/blog\/wp-content\/uploads\/2025\/03\/Blog-Logo.webp\",\"contentUrl\":\"https:\/\/www.hoecker.eu\/blog\/wp-content\/uploads\/2025\/03\/Blog-Logo.webp\",\"width\":500,\"height\":500,\"caption\":\"H\u00d6CKER Rechtsanw\u00e4lte PartGmbB\"},\"image\":{\"@id\":\"https:\/\/www.hoecker.eu\/blog\/#\/schema\/logo\/image\/\"},\"sameAs\":[\"https:\/\/www.facebook.com\/HoeckerRAe\/\",\"https:\/\/x.com\/hoecker_rae\",\"https:\/\/www.linkedin.com\/company\/hcker-rechtsanwlte\/\",\"https:\/\/www.instagram.com\/hoecker_rae\/\"],\"email\":\"contact@hoecker.eu\",\"telephone\":\"+ 49 (0)221-933 19-10\",\"legalName\":\"H\u00d6CKER Rechtsanw\u00e4lte PartGmbB\",\"numberOfEmployees\":{\"@type\":\"QuantitativeValue\",\"minValue\":\"11\",\"maxValue\":\"50\"}},{\"@type\":\"Person\",\"@id\":\"https:\/\/www.hoecker.eu\/blog\/#\/schema\/person\/08f95581eed0534eccd0b2438f7a1cab\",\"name\":\"Prof. Dr. Ralf H\u00f6cker\",\"description\":\"Medienanwalt. Besch\u00fctzer vor mieser Presse\",\"sameAs\":[\"https:\/\/www.hoecker.eu\/wer\/prof-dr-ralf-hoecker\",\"https:\/\/www.facebook.com\/ralf.hoecker\",\"https:\/\/www.linkedin.com\/in\/prof-dr-ralf-hcker-ll-m-london-17987826\/\",\"https:\/\/x.com\/Ralf_Hoecker\"],\"url\":\"https:\/\/www.hoecker.eu\/blog\/author\/hoecker_adm\/\"}]}<\/script>\n<!-- \/ Yoast SEO Premium plugin. -->","yoast_head_json":{"title":"Inhaberin eines Pflegedienstes wehrt sich mit H\u00d6CKER erfolgreich gegen die Verbreitung von Unwahrheiten und Vorverurteilungen einer Regionalzeitung. - H\u00d6CKER - der Blog","robots":{"index":"index","follow":"follow","max-snippet":"max-snippet:-1","max-image-preview":"max-image-preview:large","max-video-preview":"max-video-preview:-1"},"canonical":"https:\/\/www.hoecker.eu\/blog\/inhaberin-eines-pflegedienstes-wehrt-sich-mit-hoecker-erfolgreich-gegen-die-verbreitung-von-unwahrheiten-und-vorverurteilungen-einer-regionalzeitung\/","og_locale":"de_DE","og_type":"article","og_title":"Inhaberin eines Pflegedienstes wehrt sich mit H\u00d6CKER erfolgreich gegen die Verbreitung von Unwahrheiten und Vorverurteilungen einer Regionalzeitung.","og_description":"Eine Regionalzeitung hatte \u00fcber Vorw\u00fcrfe gegen die Inhaberin eines Pflegedienstes berichtet, die sie ungepr\u00fcft von dritter Seite \u00fcbernommen hatte. Das Landgericht K\u00f6ln untersagte der Regionalzeitung mit Beschluss vom 20.08.2012 (Az: 28 O 326\/12) die Verbreitung bzw. Ver\u00f6ffentlichung von Unwahrheiten sowie von vorverurteilenden \u00c4u\u00dferungen. Die Regionalzeitung hatte u.a. \u00fcber angebliche Pflegem\u00e4ngel berichtet, dabei aber die Grunds\u00e4tze [&hellip;]","og_url":"https:\/\/www.hoecker.eu\/blog\/inhaberin-eines-pflegedienstes-wehrt-sich-mit-hoecker-erfolgreich-gegen-die-verbreitung-von-unwahrheiten-und-vorverurteilungen-einer-regionalzeitung\/","og_site_name":"H\u00d6CKER - der Blog","article_publisher":"https:\/\/www.facebook.com\/HoeckerRAe\/","article_author":"https:\/\/www.facebook.com\/ralf.hoecker","article_published_time":"2016-05-09T18:35:00+00:00","article_modified_time":"2025-02-17T13:59:51+00:00","author":"Prof. Dr. Ralf H\u00f6cker","twitter_card":"summary_large_image","twitter_creator":"@Ralf_Hoecker","twitter_site":"@hoecker_rae","twitter_misc":{"Verfasst von":"Prof. Dr. Ralf H\u00f6cker","Gesch\u00e4tzte Lesezeit":"1\u00a0Minute"},"schema":{"@context":"https:\/\/schema.org","@graph":[{"@type":"Article","@id":"https:\/\/www.hoecker.eu\/blog\/inhaberin-eines-pflegedienstes-wehrt-sich-mit-hoecker-erfolgreich-gegen-die-verbreitung-von-unwahrheiten-und-vorverurteilungen-einer-regionalzeitung\/#article","isPartOf":{"@id":"https:\/\/www.hoecker.eu\/blog\/inhaberin-eines-pflegedienstes-wehrt-sich-mit-hoecker-erfolgreich-gegen-die-verbreitung-von-unwahrheiten-und-vorverurteilungen-einer-regionalzeitung\/"},"author":{"name":"Prof. Dr. Ralf H\u00f6cker","@id":"https:\/\/www.hoecker.eu\/blog\/#\/schema\/person\/08f95581eed0534eccd0b2438f7a1cab"},"headline":"Inhaberin eines Pflegedienstes wehrt sich mit H\u00d6CKER erfolgreich gegen die Verbreitung von Unwahrheiten und Vorverurteilungen einer Regionalzeitung.","datePublished":"2016-05-09T18:35:00+00:00","dateModified":"2025-02-17T13:59:51+00:00","mainEntityOfPage":{"@id":"https:\/\/www.hoecker.eu\/blog\/inhaberin-eines-pflegedienstes-wehrt-sich-mit-hoecker-erfolgreich-gegen-die-verbreitung-von-unwahrheiten-und-vorverurteilungen-einer-regionalzeitung\/"},"wordCount":188,"publisher":{"@id":"https:\/\/www.hoecker.eu\/blog\/#organization"},"articleSection":["News"],"inLanguage":"de"},{"@type":"WebPage","@id":"https:\/\/www.hoecker.eu\/blog\/inhaberin-eines-pflegedienstes-wehrt-sich-mit-hoecker-erfolgreich-gegen-die-verbreitung-von-unwahrheiten-und-vorverurteilungen-einer-regionalzeitung\/","url":"https:\/\/www.hoecker.eu\/blog\/inhaberin-eines-pflegedienstes-wehrt-sich-mit-hoecker-erfolgreich-gegen-die-verbreitung-von-unwahrheiten-und-vorverurteilungen-einer-regionalzeitung\/","name":"Inhaberin eines Pflegedienstes wehrt sich mit H\u00d6CKER erfolgreich gegen die Verbreitung von Unwahrheiten und Vorverurteilungen einer Regionalzeitung. - H\u00d6CKER - der Blog","isPartOf":{"@id":"https:\/\/www.hoecker.eu\/blog\/#website"},"datePublished":"2016-05-09T18:35:00+00:00","dateModified":"2025-02-17T13:59:51+00:00","breadcrumb":{"@id":"https:\/\/www.hoecker.eu\/blog\/inhaberin-eines-pflegedienstes-wehrt-sich-mit-hoecker-erfolgreich-gegen-die-verbreitung-von-unwahrheiten-und-vorverurteilungen-einer-regionalzeitung\/#breadcrumb"},"inLanguage":"de","potentialAction":[{"@type":"ReadAction","target":["https:\/\/www.hoecker.eu\/blog\/inhaberin-eines-pflegedienstes-wehrt-sich-mit-hoecker-erfolgreich-gegen-die-verbreitung-von-unwahrheiten-und-vorverurteilungen-einer-regionalzeitung\/"]}]},{"@type":"BreadcrumbList","@id":"https:\/\/www.hoecker.eu\/blog\/inhaberin-eines-pflegedienstes-wehrt-sich-mit-hoecker-erfolgreich-gegen-die-verbreitung-von-unwahrheiten-und-vorverurteilungen-einer-regionalzeitung\/#breadcrumb","itemListElement":[{"@type":"ListItem","position":1,"name":"Startseite","item":"https:\/\/dev.hoecker.eu\/blog\/"},{"@type":"ListItem","position":2,"name":"Inhaberin eines Pflegedienstes wehrt sich mit H\u00d6CKER erfolgreich gegen die Verbreitung von Unwahrheiten und Vorverurteilungen einer Regionalzeitung."}]},{"@type":"WebSite","@id":"https:\/\/www.hoecker.eu\/blog\/#website","url":"https:\/\/www.hoecker.eu\/blog\/","name":"H\u00d6CKER - der Blog","description":"Expertenblog f\u00fcr \u00c4u\u00dferungs-, Medien-, Marken-, Urheber- und Wettbewerbsrecht.","publisher":{"@id":"https:\/\/www.hoecker.eu\/blog\/#organization"},"potentialAction":[{"@type":"SearchAction","target":{"@type":"EntryPoint","urlTemplate":"https:\/\/www.hoecker.eu\/blog\/?s={search_term_string}"},"query-input":{"@type":"PropertyValueSpecification","valueRequired":true,"valueName":"search_term_string"}}],"inLanguage":"de"},{"@type":"Organization","@id":"https:\/\/www.hoecker.eu\/blog\/#organization","name":"H\u00d6CKER Rechtsanw\u00e4lte PartGmbB","alternateName":"H\u00d6CKER","url":"https:\/\/www.hoecker.eu\/blog\/","logo":{"@type":"ImageObject","inLanguage":"de","@id":"https:\/\/www.hoecker.eu\/blog\/#\/schema\/logo\/image\/","url":"https:\/\/www.hoecker.eu\/blog\/wp-content\/uploads\/2025\/03\/Blog-Logo.webp","contentUrl":"https:\/\/www.hoecker.eu\/blog\/wp-content\/uploads\/2025\/03\/Blog-Logo.webp","width":500,"height":500,"caption":"H\u00d6CKER Rechtsanw\u00e4lte PartGmbB"},"image":{"@id":"https:\/\/www.hoecker.eu\/blog\/#\/schema\/logo\/image\/"},"sameAs":["https:\/\/www.facebook.com\/HoeckerRAe\/","https:\/\/x.com\/hoecker_rae","https:\/\/www.linkedin.com\/company\/hcker-rechtsanwlte\/","https:\/\/www.instagram.com\/hoecker_rae\/"],"email":"contact@hoecker.eu","telephone":"+ 49 (0)221-933 19-10","legalName":"H\u00d6CKER Rechtsanw\u00e4lte PartGmbB","numberOfEmployees":{"@type":"QuantitativeValue","minValue":"11","maxValue":"50"}},{"@type":"Person","@id":"https:\/\/www.hoecker.eu\/blog\/#\/schema\/person\/08f95581eed0534eccd0b2438f7a1cab","name":"Prof. Dr. Ralf H\u00f6cker","description":"Medienanwalt. Besch\u00fctzer vor mieser Presse","sameAs":["https:\/\/www.hoecker.eu\/wer\/prof-dr-ralf-hoecker","https:\/\/www.facebook.com\/ralf.hoecker","https:\/\/www.linkedin.com\/in\/prof-dr-ralf-hcker-ll-m-london-17987826\/","https:\/\/x.com\/Ralf_Hoecker"],"url":"https:\/\/www.hoecker.eu\/blog\/author\/hoecker_adm\/"}]}},"authors":[{"term_id":84,"user_id":1,"is_guest":0,"slug":"hoecker_adm","display_name":"Prof. Dr. Ralf H\u00f6cker","avatar_url":{"url":"https:\/\/www.hoecker.eu\/blog\/wp-content\/uploads\/2023\/12\/ProfDrRalfHoecker.jpg","url2x":"https:\/\/www.hoecker.eu\/blog\/wp-content\/uploads\/2023\/12\/ProfDrRalfHoecker.jpg"},"0":null,"1":"","2":"","3":"","4":"","5":"","6":"","7":"","8":"","9":"","10":"","11":""}],"_links":{"self":[{"href":"https:\/\/www.hoecker.eu\/blog\/wp-json\/wp\/v2\/posts\/8596","targetHints":{"allow":["GET"]}}],"collection":[{"href":"https:\/\/www.hoecker.eu\/blog\/wp-json\/wp\/v2\/posts"}],"about":[{"href":"https:\/\/www.hoecker.eu\/blog\/wp-json\/wp\/v2\/types\/post"}],"author":[{"embeddable":true,"href":"https:\/\/www.hoecker.eu\/blog\/wp-json\/wp\/v2\/users\/1"}],"replies":[{"embeddable":true,"href":"https:\/\/www.hoecker.eu\/blog\/wp-json\/wp\/v2\/comments?post=8596"}],"version-history":[{"count":1,"href":"https:\/\/www.hoecker.eu\/blog\/wp-json\/wp\/v2\/posts\/8596\/revisions"}],"predecessor-version":[{"id":9718,"href":"https:\/\/www.hoecker.eu\/blog\/wp-json\/wp\/v2\/posts\/8596\/revisions\/9718"}],"wp:attachment":[{"href":"https:\/\/www.hoecker.eu\/blog\/wp-json\/wp\/v2\/media?parent=8596"}],"wp:term":[{"taxonomy":"category","embeddable":true,"href":"https:\/\/www.hoecker.eu\/blog\/wp-json\/wp\/v2\/categories?post=8596"},{"taxonomy":"post_tag","embeddable":true,"href":"https:\/\/www.hoecker.eu\/blog\/wp-json\/wp\/v2\/tags?post=8596"},{"taxonomy":"hashtags","embeddable":true,"href":"https:\/\/www.hoecker.eu\/blog\/wp-json\/wp\/v2\/hashtags?post=8596"},{"taxonomy":"author","embeddable":true,"href":"https:\/\/www.hoecker.eu\/blog\/wp-json\/wp\/v2\/ppma_author?post=8596"}],"curies":[{"name":"wp","href":"https:\/\/api.w.org\/{rel}","templated":true}]}}