{"id":8587,"date":"2016-05-09T20:43:01","date_gmt":"2016-05-09T18:43:01","guid":{"rendered":"https:\/\/www.hoecker.eu\/blog\/prof-hoecker-bei-maybrit-illner-zdf-zum-thema-schote-zote-herrenwitz-ist-jetzt-schluss-mit-lustig\/"},"modified":"2025-02-17T14:59:45","modified_gmt":"2025-02-17T13:59:45","slug":"prof-hoecker-bei-maybrit-illner-zdf-zum-thema-schote-zote-herrenwitz-ist-jetzt-schluss-mit-lustig","status":"publish","type":"post","link":"https:\/\/www.hoecker.eu\/blog\/prof-hoecker-bei-maybrit-illner-zdf-zum-thema-schote-zote-herrenwitz-ist-jetzt-schluss-mit-lustig\/","title":{"rendered":"Prof. H\u00f6cker bei Maybrit Illner (ZDF) zum Thema &#8220;Schote, Zote, Herrenwitz &#8211; ist jetzt Schluss mit lustig?&#8221;"},"content":{"rendered":"<p class=\"flies\">Unser Partner Prof. H&ouml;cker ist morgen&nbsp;um 22:15 Uhr zu Gast in der Sendung &#8220;Maybrit Illner&#8221; zum Thema &#8220;Schote, Zote, Herrenwitz &#8211; ist jetzt Schluss mit lustig?&#8221;<\/p>\n<p class=\"flies\">Aus der Ank&uuml;ndigung des ZDF:<\/p>\n<p class=\"flies\">&#8220;Rainer Br&uuml;derle schweigt zu seinen anz&uuml;glichen &Auml;u&szlig;erungen gegen&uuml;ber einer &#8220;Stern&#8221;-Journalistin. Daf&uuml;r bringt der Nachrichtendienst Twitter unter dem Stichwort #Aufschrei umso mehr Menschen &#8211; M&auml;nner wie Frauen &#8211; zum Sprechen. Die Fronten scheinen dabei so verh&auml;rtet zu sein, wie lange nicht.&#8221;<\/p>\n<p class=\"flies\">Es diskutieren:<\/p>\n<ul>\n<li>\n<div class=\"flies\">Claudia Roth (B&uuml;ndnis 90\/Die Gr&uuml;nen), Parteivorsitzende<\/div>\n<\/li>\n<li>\n<div class=\"flies\">Wolfgang Kubicki (FDP), Fraktionsvorsitzender im Landtag von Schleswig-Holstein<\/div>\n<\/li>\n<li>\n<div class=\"flies\">Sophia Thomalla, Schauspielerin<\/div>\n<\/li>\n<li>\n<div class=\"flies\">Ralf H&ouml;cker, Medienanwalt &#8211; vertritt u.a. J&ouml;rg Kachelmann<\/div>\n<\/li>\n<li>\n<div class=\"flies\">Christina Frank, ver.di Baden-W&uuml;rttemberg &#8211; Schwerpunkt Einzelhandel<\/div>\n<\/li>\n<\/ul>\n","protected":false},"excerpt":{"rendered":"<p>Unser Partner Prof. H&ouml;cker ist morgen&nbsp;um 22:15 Uhr zu Gast in der Sendung &#8220;Maybrit Illner&#8221; zum Thema &#8220;Schote, Zote, Herrenwitz &#8211; ist jetzt Schluss mit lustig?&#8221; Aus der Ank&uuml;ndigung des ZDF: &#8220;Rainer Br&uuml;derle schweigt zu seinen anz&uuml;glichen &Auml;u&szlig;erungen gegen&uuml;ber einer &#8220;Stern&#8221;-Journalistin. Daf&uuml;r bringt der Nachrichtendienst Twitter unter dem Stichwort #Aufschrei umso mehr Menschen &#8211; M&auml;nner [&hellip;]<\/p>\n","protected":false},"author":1,"featured_media":0,"comment_status":"closed","ping_status":"closed","sticky":false,"template":"","format":"standard","meta":{"_has_post_settings":[],"footnotes":""},"categories":[15],"tags":[],"hashtags":[],"ppma_author":[84],"class_list":["post-8587","post","type-post","status-publish","format-standard","hentry","category-news","author-hoecker_adm"],"yoast_head":"<!-- This site is optimized with the Yoast SEO Premium plugin v25.9 (Yoast SEO v27.0) - https:\/\/yoast.com\/product\/yoast-seo-premium-wordpress\/ -->\n<title>Prof. H\u00f6cker bei Maybrit Illner (ZDF) zum Thema &quot;Schote, Zote, Herrenwitz - ist jetzt Schluss mit lustig?&quot; - H\u00d6CKER - der Blog<\/title>\n<meta name=\"robots\" content=\"index, follow, max-snippet:-1, max-image-preview:large, max-video-preview:-1\" \/>\n<link rel=\"canonical\" href=\"https:\/\/www.hoecker.eu\/blog\/prof-hoecker-bei-maybrit-illner-zdf-zum-thema-schote-zote-herrenwitz-ist-jetzt-schluss-mit-lustig\/\" \/>\n<meta property=\"og:locale\" content=\"de_DE\" \/>\n<meta property=\"og:type\" content=\"article\" \/>\n<meta property=\"og:title\" content=\"Prof. H\u00f6cker bei Maybrit Illner (ZDF) zum Thema &quot;Schote, Zote, Herrenwitz - ist jetzt Schluss mit lustig?&quot;\" \/>\n<meta property=\"og:description\" content=\"Unser Partner Prof. H&ouml;cker ist morgen&nbsp;um 22:15 Uhr zu Gast in der Sendung &#8220;Maybrit Illner&#8221; zum Thema &#8220;Schote, Zote, Herrenwitz &#8211; ist jetzt Schluss mit lustig?&#8221; Aus der Ank&uuml;ndigung des ZDF: &#8220;Rainer Br&uuml;derle schweigt zu seinen anz&uuml;glichen &Auml;u&szlig;erungen gegen&uuml;ber einer &#8220;Stern&#8221;-Journalistin. Daf&uuml;r bringt der Nachrichtendienst Twitter unter dem Stichwort #Aufschrei umso mehr Menschen &#8211; M&auml;nner [&hellip;]\" \/>\n<meta property=\"og:url\" content=\"https:\/\/www.hoecker.eu\/blog\/prof-hoecker-bei-maybrit-illner-zdf-zum-thema-schote-zote-herrenwitz-ist-jetzt-schluss-mit-lustig\/\" \/>\n<meta property=\"og:site_name\" content=\"H\u00d6CKER - der Blog\" \/>\n<meta property=\"article:publisher\" content=\"https:\/\/www.facebook.com\/HoeckerRAe\/\" \/>\n<meta property=\"article:author\" content=\"https:\/\/www.facebook.com\/ralf.hoecker\" \/>\n<meta property=\"article:published_time\" content=\"2016-05-09T18:43:01+00:00\" \/>\n<meta property=\"article:modified_time\" content=\"2025-02-17T13:59:45+00:00\" \/>\n<meta name=\"author\" content=\"Prof. Dr. Ralf H\u00f6cker\" \/>\n<meta name=\"twitter:card\" content=\"summary_large_image\" \/>\n<meta name=\"twitter:creator\" content=\"@Ralf_Hoecker\" \/>\n<meta name=\"twitter:site\" content=\"@hoecker_rae\" \/>\n<meta name=\"twitter:label1\" content=\"Verfasst von\" \/>\n\t<meta name=\"twitter:data1\" content=\"Prof. Dr. Ralf H\u00f6cker\" \/>\n\t<meta name=\"twitter:label2\" content=\"Gesch\u00e4tzte Lesezeit\" \/>\n\t<meta name=\"twitter:data2\" content=\"1\u00a0Minute\" \/>\n<script type=\"application\/ld+json\" class=\"yoast-schema-graph\">{\"@context\":\"https:\/\/schema.org\",\"@graph\":[{\"@type\":\"Article\",\"@id\":\"https:\/\/www.hoecker.eu\/blog\/prof-hoecker-bei-maybrit-illner-zdf-zum-thema-schote-zote-herrenwitz-ist-jetzt-schluss-mit-lustig\/#article\",\"isPartOf\":{\"@id\":\"https:\/\/www.hoecker.eu\/blog\/prof-hoecker-bei-maybrit-illner-zdf-zum-thema-schote-zote-herrenwitz-ist-jetzt-schluss-mit-lustig\/\"},\"author\":{\"name\":\"Prof. Dr. Ralf H\u00f6cker\",\"@id\":\"https:\/\/www.hoecker.eu\/blog\/#\/schema\/person\/08f95581eed0534eccd0b2438f7a1cab\"},\"headline\":\"Prof. H\u00f6cker bei Maybrit Illner (ZDF) zum Thema &#8220;Schote, Zote, Herrenwitz &#8211; ist jetzt Schluss mit lustig?&#8221;\",\"datePublished\":\"2016-05-09T18:43:01+00:00\",\"dateModified\":\"2025-02-17T13:59:45+00:00\",\"mainEntityOfPage\":{\"@id\":\"https:\/\/www.hoecker.eu\/blog\/prof-hoecker-bei-maybrit-illner-zdf-zum-thema-schote-zote-herrenwitz-ist-jetzt-schluss-mit-lustig\/\"},\"wordCount\":156,\"publisher\":{\"@id\":\"https:\/\/www.hoecker.eu\/blog\/#organization\"},\"articleSection\":[\"News\"],\"inLanguage\":\"de\"},{\"@type\":\"WebPage\",\"@id\":\"https:\/\/www.hoecker.eu\/blog\/prof-hoecker-bei-maybrit-illner-zdf-zum-thema-schote-zote-herrenwitz-ist-jetzt-schluss-mit-lustig\/\",\"url\":\"https:\/\/www.hoecker.eu\/blog\/prof-hoecker-bei-maybrit-illner-zdf-zum-thema-schote-zote-herrenwitz-ist-jetzt-schluss-mit-lustig\/\",\"name\":\"Prof. H\u00f6cker bei Maybrit Illner (ZDF) zum Thema \\\"Schote, Zote, Herrenwitz - ist jetzt Schluss mit lustig?\\\" - H\u00d6CKER - der Blog\",\"isPartOf\":{\"@id\":\"https:\/\/www.hoecker.eu\/blog\/#website\"},\"datePublished\":\"2016-05-09T18:43:01+00:00\",\"dateModified\":\"2025-02-17T13:59:45+00:00\",\"breadcrumb\":{\"@id\":\"https:\/\/www.hoecker.eu\/blog\/prof-hoecker-bei-maybrit-illner-zdf-zum-thema-schote-zote-herrenwitz-ist-jetzt-schluss-mit-lustig\/#breadcrumb\"},\"inLanguage\":\"de\",\"potentialAction\":[{\"@type\":\"ReadAction\",\"target\":[\"https:\/\/www.hoecker.eu\/blog\/prof-hoecker-bei-maybrit-illner-zdf-zum-thema-schote-zote-herrenwitz-ist-jetzt-schluss-mit-lustig\/\"]}]},{\"@type\":\"BreadcrumbList\",\"@id\":\"https:\/\/www.hoecker.eu\/blog\/prof-hoecker-bei-maybrit-illner-zdf-zum-thema-schote-zote-herrenwitz-ist-jetzt-schluss-mit-lustig\/#breadcrumb\",\"itemListElement\":[{\"@type\":\"ListItem\",\"position\":1,\"name\":\"Startseite\",\"item\":\"https:\/\/dev.hoecker.eu\/blog\/\"},{\"@type\":\"ListItem\",\"position\":2,\"name\":\"Prof. H\u00f6cker bei Maybrit Illner (ZDF) zum Thema &#8220;Schote, Zote, Herrenwitz &#8211; ist jetzt Schluss mit lustig?&#8221;\"}]},{\"@type\":\"WebSite\",\"@id\":\"https:\/\/www.hoecker.eu\/blog\/#website\",\"url\":\"https:\/\/www.hoecker.eu\/blog\/\",\"name\":\"H\u00d6CKER - der Blog\",\"description\":\"Expertenblog f\u00fcr \u00c4u\u00dferungs-, Medien-, Marken-, Urheber- und Wettbewerbsrecht.\",\"publisher\":{\"@id\":\"https:\/\/www.hoecker.eu\/blog\/#organization\"},\"potentialAction\":[{\"@type\":\"SearchAction\",\"target\":{\"@type\":\"EntryPoint\",\"urlTemplate\":\"https:\/\/www.hoecker.eu\/blog\/?s={search_term_string}\"},\"query-input\":{\"@type\":\"PropertyValueSpecification\",\"valueRequired\":true,\"valueName\":\"search_term_string\"}}],\"inLanguage\":\"de\"},{\"@type\":\"Organization\",\"@id\":\"https:\/\/www.hoecker.eu\/blog\/#organization\",\"name\":\"H\u00d6CKER Rechtsanw\u00e4lte PartGmbB\",\"alternateName\":\"H\u00d6CKER\",\"url\":\"https:\/\/www.hoecker.eu\/blog\/\",\"logo\":{\"@type\":\"ImageObject\",\"inLanguage\":\"de\",\"@id\":\"https:\/\/www.hoecker.eu\/blog\/#\/schema\/logo\/image\/\",\"url\":\"https:\/\/www.hoecker.eu\/blog\/wp-content\/uploads\/2025\/03\/Blog-Logo.webp\",\"contentUrl\":\"https:\/\/www.hoecker.eu\/blog\/wp-content\/uploads\/2025\/03\/Blog-Logo.webp\",\"width\":500,\"height\":500,\"caption\":\"H\u00d6CKER Rechtsanw\u00e4lte PartGmbB\"},\"image\":{\"@id\":\"https:\/\/www.hoecker.eu\/blog\/#\/schema\/logo\/image\/\"},\"sameAs\":[\"https:\/\/www.facebook.com\/HoeckerRAe\/\",\"https:\/\/x.com\/hoecker_rae\",\"https:\/\/www.linkedin.com\/company\/hcker-rechtsanwlte\/\",\"https:\/\/www.instagram.com\/hoecker_rae\/\"],\"email\":\"contact@hoecker.eu\",\"telephone\":\"+ 49 (0)221-933 19-10\",\"legalName\":\"H\u00d6CKER Rechtsanw\u00e4lte PartGmbB\",\"numberOfEmployees\":{\"@type\":\"QuantitativeValue\",\"minValue\":\"11\",\"maxValue\":\"50\"}},{\"@type\":\"Person\",\"@id\":\"https:\/\/www.hoecker.eu\/blog\/#\/schema\/person\/08f95581eed0534eccd0b2438f7a1cab\",\"name\":\"Prof. Dr. Ralf H\u00f6cker\",\"description\":\"Medienanwalt. Besch\u00fctzer vor mieser Presse\",\"sameAs\":[\"https:\/\/www.hoecker.eu\/wer\/prof-dr-ralf-hoecker\",\"https:\/\/www.facebook.com\/ralf.hoecker\",\"https:\/\/www.linkedin.com\/in\/prof-dr-ralf-hcker-ll-m-london-17987826\/\",\"https:\/\/x.com\/Ralf_Hoecker\"],\"url\":\"https:\/\/www.hoecker.eu\/blog\/author\/hoecker_adm\/\"}]}<\/script>\n<!-- \/ Yoast SEO Premium plugin. -->","yoast_head_json":{"title":"Prof. H\u00f6cker bei Maybrit Illner (ZDF) zum Thema \"Schote, Zote, Herrenwitz - ist jetzt Schluss mit lustig?\" - H\u00d6CKER - der Blog","robots":{"index":"index","follow":"follow","max-snippet":"max-snippet:-1","max-image-preview":"max-image-preview:large","max-video-preview":"max-video-preview:-1"},"canonical":"https:\/\/www.hoecker.eu\/blog\/prof-hoecker-bei-maybrit-illner-zdf-zum-thema-schote-zote-herrenwitz-ist-jetzt-schluss-mit-lustig\/","og_locale":"de_DE","og_type":"article","og_title":"Prof. H\u00f6cker bei Maybrit Illner (ZDF) zum Thema \"Schote, Zote, Herrenwitz - ist jetzt Schluss mit lustig?\"","og_description":"Unser Partner Prof. H&ouml;cker ist morgen&nbsp;um 22:15 Uhr zu Gast in der Sendung &#8220;Maybrit Illner&#8221; zum Thema &#8220;Schote, Zote, Herrenwitz &#8211; ist jetzt Schluss mit lustig?&#8221; Aus der Ank&uuml;ndigung des ZDF: &#8220;Rainer Br&uuml;derle schweigt zu seinen anz&uuml;glichen &Auml;u&szlig;erungen gegen&uuml;ber einer &#8220;Stern&#8221;-Journalistin. Daf&uuml;r bringt der Nachrichtendienst Twitter unter dem Stichwort #Aufschrei umso mehr Menschen &#8211; M&auml;nner [&hellip;]","og_url":"https:\/\/www.hoecker.eu\/blog\/prof-hoecker-bei-maybrit-illner-zdf-zum-thema-schote-zote-herrenwitz-ist-jetzt-schluss-mit-lustig\/","og_site_name":"H\u00d6CKER - der Blog","article_publisher":"https:\/\/www.facebook.com\/HoeckerRAe\/","article_author":"https:\/\/www.facebook.com\/ralf.hoecker","article_published_time":"2016-05-09T18:43:01+00:00","article_modified_time":"2025-02-17T13:59:45+00:00","author":"Prof. Dr. Ralf H\u00f6cker","twitter_card":"summary_large_image","twitter_creator":"@Ralf_Hoecker","twitter_site":"@hoecker_rae","twitter_misc":{"Verfasst von":"Prof. Dr. Ralf H\u00f6cker","Gesch\u00e4tzte Lesezeit":"1\u00a0Minute"},"schema":{"@context":"https:\/\/schema.org","@graph":[{"@type":"Article","@id":"https:\/\/www.hoecker.eu\/blog\/prof-hoecker-bei-maybrit-illner-zdf-zum-thema-schote-zote-herrenwitz-ist-jetzt-schluss-mit-lustig\/#article","isPartOf":{"@id":"https:\/\/www.hoecker.eu\/blog\/prof-hoecker-bei-maybrit-illner-zdf-zum-thema-schote-zote-herrenwitz-ist-jetzt-schluss-mit-lustig\/"},"author":{"name":"Prof. Dr. Ralf H\u00f6cker","@id":"https:\/\/www.hoecker.eu\/blog\/#\/schema\/person\/08f95581eed0534eccd0b2438f7a1cab"},"headline":"Prof. H\u00f6cker bei Maybrit Illner (ZDF) zum Thema &#8220;Schote, Zote, Herrenwitz &#8211; ist jetzt Schluss mit lustig?&#8221;","datePublished":"2016-05-09T18:43:01+00:00","dateModified":"2025-02-17T13:59:45+00:00","mainEntityOfPage":{"@id":"https:\/\/www.hoecker.eu\/blog\/prof-hoecker-bei-maybrit-illner-zdf-zum-thema-schote-zote-herrenwitz-ist-jetzt-schluss-mit-lustig\/"},"wordCount":156,"publisher":{"@id":"https:\/\/www.hoecker.eu\/blog\/#organization"},"articleSection":["News"],"inLanguage":"de"},{"@type":"WebPage","@id":"https:\/\/www.hoecker.eu\/blog\/prof-hoecker-bei-maybrit-illner-zdf-zum-thema-schote-zote-herrenwitz-ist-jetzt-schluss-mit-lustig\/","url":"https:\/\/www.hoecker.eu\/blog\/prof-hoecker-bei-maybrit-illner-zdf-zum-thema-schote-zote-herrenwitz-ist-jetzt-schluss-mit-lustig\/","name":"Prof. H\u00f6cker bei Maybrit Illner (ZDF) zum Thema \"Schote, Zote, Herrenwitz - ist jetzt Schluss mit lustig?\" - H\u00d6CKER - der Blog","isPartOf":{"@id":"https:\/\/www.hoecker.eu\/blog\/#website"},"datePublished":"2016-05-09T18:43:01+00:00","dateModified":"2025-02-17T13:59:45+00:00","breadcrumb":{"@id":"https:\/\/www.hoecker.eu\/blog\/prof-hoecker-bei-maybrit-illner-zdf-zum-thema-schote-zote-herrenwitz-ist-jetzt-schluss-mit-lustig\/#breadcrumb"},"inLanguage":"de","potentialAction":[{"@type":"ReadAction","target":["https:\/\/www.hoecker.eu\/blog\/prof-hoecker-bei-maybrit-illner-zdf-zum-thema-schote-zote-herrenwitz-ist-jetzt-schluss-mit-lustig\/"]}]},{"@type":"BreadcrumbList","@id":"https:\/\/www.hoecker.eu\/blog\/prof-hoecker-bei-maybrit-illner-zdf-zum-thema-schote-zote-herrenwitz-ist-jetzt-schluss-mit-lustig\/#breadcrumb","itemListElement":[{"@type":"ListItem","position":1,"name":"Startseite","item":"https:\/\/dev.hoecker.eu\/blog\/"},{"@type":"ListItem","position":2,"name":"Prof. H\u00f6cker bei Maybrit Illner (ZDF) zum Thema &#8220;Schote, Zote, Herrenwitz &#8211; ist jetzt Schluss mit lustig?&#8221;"}]},{"@type":"WebSite","@id":"https:\/\/www.hoecker.eu\/blog\/#website","url":"https:\/\/www.hoecker.eu\/blog\/","name":"H\u00d6CKER - der Blog","description":"Expertenblog f\u00fcr \u00c4u\u00dferungs-, Medien-, Marken-, Urheber- und Wettbewerbsrecht.","publisher":{"@id":"https:\/\/www.hoecker.eu\/blog\/#organization"},"potentialAction":[{"@type":"SearchAction","target":{"@type":"EntryPoint","urlTemplate":"https:\/\/www.hoecker.eu\/blog\/?s={search_term_string}"},"query-input":{"@type":"PropertyValueSpecification","valueRequired":true,"valueName":"search_term_string"}}],"inLanguage":"de"},{"@type":"Organization","@id":"https:\/\/www.hoecker.eu\/blog\/#organization","name":"H\u00d6CKER Rechtsanw\u00e4lte PartGmbB","alternateName":"H\u00d6CKER","url":"https:\/\/www.hoecker.eu\/blog\/","logo":{"@type":"ImageObject","inLanguage":"de","@id":"https:\/\/www.hoecker.eu\/blog\/#\/schema\/logo\/image\/","url":"https:\/\/www.hoecker.eu\/blog\/wp-content\/uploads\/2025\/03\/Blog-Logo.webp","contentUrl":"https:\/\/www.hoecker.eu\/blog\/wp-content\/uploads\/2025\/03\/Blog-Logo.webp","width":500,"height":500,"caption":"H\u00d6CKER Rechtsanw\u00e4lte PartGmbB"},"image":{"@id":"https:\/\/www.hoecker.eu\/blog\/#\/schema\/logo\/image\/"},"sameAs":["https:\/\/www.facebook.com\/HoeckerRAe\/","https:\/\/x.com\/hoecker_rae","https:\/\/www.linkedin.com\/company\/hcker-rechtsanwlte\/","https:\/\/www.instagram.com\/hoecker_rae\/"],"email":"contact@hoecker.eu","telephone":"+ 49 (0)221-933 19-10","legalName":"H\u00d6CKER Rechtsanw\u00e4lte PartGmbB","numberOfEmployees":{"@type":"QuantitativeValue","minValue":"11","maxValue":"50"}},{"@type":"Person","@id":"https:\/\/www.hoecker.eu\/blog\/#\/schema\/person\/08f95581eed0534eccd0b2438f7a1cab","name":"Prof. Dr. Ralf H\u00f6cker","description":"Medienanwalt. Besch\u00fctzer vor mieser Presse","sameAs":["https:\/\/www.hoecker.eu\/wer\/prof-dr-ralf-hoecker","https:\/\/www.facebook.com\/ralf.hoecker","https:\/\/www.linkedin.com\/in\/prof-dr-ralf-hcker-ll-m-london-17987826\/","https:\/\/x.com\/Ralf_Hoecker"],"url":"https:\/\/www.hoecker.eu\/blog\/author\/hoecker_adm\/"}]}},"authors":[{"term_id":84,"user_id":1,"is_guest":0,"slug":"hoecker_adm","display_name":"Prof. Dr. Ralf H\u00f6cker","avatar_url":{"url":"https:\/\/www.hoecker.eu\/blog\/wp-content\/uploads\/2023\/12\/ProfDrRalfHoecker.jpg","url2x":"https:\/\/www.hoecker.eu\/blog\/wp-content\/uploads\/2023\/12\/ProfDrRalfHoecker.jpg"},"0":null,"1":"","2":"","3":"","4":"","5":"","6":"","7":"","8":"","9":"","10":"","11":""}],"_links":{"self":[{"href":"https:\/\/www.hoecker.eu\/blog\/wp-json\/wp\/v2\/posts\/8587","targetHints":{"allow":["GET"]}}],"collection":[{"href":"https:\/\/www.hoecker.eu\/blog\/wp-json\/wp\/v2\/posts"}],"about":[{"href":"https:\/\/www.hoecker.eu\/blog\/wp-json\/wp\/v2\/types\/post"}],"author":[{"embeddable":true,"href":"https:\/\/www.hoecker.eu\/blog\/wp-json\/wp\/v2\/users\/1"}],"replies":[{"embeddable":true,"href":"https:\/\/www.hoecker.eu\/blog\/wp-json\/wp\/v2\/comments?post=8587"}],"version-history":[{"count":1,"href":"https:\/\/www.hoecker.eu\/blog\/wp-json\/wp\/v2\/posts\/8587\/revisions"}],"predecessor-version":[{"id":9709,"href":"https:\/\/www.hoecker.eu\/blog\/wp-json\/wp\/v2\/posts\/8587\/revisions\/9709"}],"wp:attachment":[{"href":"https:\/\/www.hoecker.eu\/blog\/wp-json\/wp\/v2\/media?parent=8587"}],"wp:term":[{"taxonomy":"category","embeddable":true,"href":"https:\/\/www.hoecker.eu\/blog\/wp-json\/wp\/v2\/categories?post=8587"},{"taxonomy":"post_tag","embeddable":true,"href":"https:\/\/www.hoecker.eu\/blog\/wp-json\/wp\/v2\/tags?post=8587"},{"taxonomy":"hashtags","embeddable":true,"href":"https:\/\/www.hoecker.eu\/blog\/wp-json\/wp\/v2\/hashtags?post=8587"},{"taxonomy":"author","embeddable":true,"href":"https:\/\/www.hoecker.eu\/blog\/wp-json\/wp\/v2\/ppma_author?post=8587"}],"curies":[{"name":"wp","href":"https:\/\/api.w.org\/{rel}","templated":true}]}}