{"id":8582,"date":"2016-05-09T20:47:09","date_gmt":"2016-05-09T18:47:09","guid":{"rendered":"https:\/\/www.hoecker.eu\/blog\/hoecker-verteidigt-erneut-die-persoenlichkeitsrechte-der-tochter-des-models-ann-kristin-bruecker-und-von-herrn-ra-jan-kralitschka-der-bachelor-diesmal-gegen-die-berichterstattung-unter-bild-de\/"},"modified":"2025-02-17T14:59:42","modified_gmt":"2025-02-17T13:59:42","slug":"hoecker-verteidigt-erneut-die-persoenlichkeitsrechte-der-tochter-des-models-ann-kristin-bruecker-und-von-herrn-ra-jan-kralitschka-der-bachelor-diesmal-gegen-die-berichterstattung-unter-bild-de","status":"publish","type":"post","link":"https:\/\/www.hoecker.eu\/blog\/hoecker-verteidigt-erneut-die-persoenlichkeitsrechte-der-tochter-des-models-ann-kristin-bruecker-und-von-herrn-ra-jan-kralitschka-der-bachelor-diesmal-gegen-die-berichterstattung-unter-bild-de\/","title":{"rendered":"H\u00d6CKER verteidigt erneut die Pers\u00f6nlichkeitsrechte der Tochter des Models Ann Kristin Br\u00fccker und von Herrn RA Jan Kralitschka (&#8220;Der Bachelor&#8221;), diesmal gegen die Berichterstattung unter bild.de."},"content":{"rendered":"<p class=\"flies\">Bild.de hatte &uuml;ber die bereits zwei Jahre zur&uuml;ckliegende Trennung des Models Ann Kristin Br&uuml;cker von Herrn Jan Kralitschka (aktuell &bdquo;Der Bachelor&ldquo;, RTL) berichtet. Der Bericht wurde mit einem Foto bebildert, das die gemeinsame Tochter mit ihren&nbsp;Eltern in einem Barcelo-Hotel zeigt. Das Foto war urspr&uuml;nglich als Werbefoto f&uuml;r die Hotel-Kette hergestellt und verwendet worden, weshalb bild.de meinte, das Foto zeigen zu d&uuml;rfen. Zun&auml;chst hatte bild.de das Foto unverpixelt gezeigt. Sp&auml;ter entschied man sich, das Gesicht der Tochter zu verpixeln.<\/p>\n<p class=\"flies\">Das Landgericht K&ouml;ln hat nun die Verbreitung des Kinderfotos unter bild.de sowohl in der unverpixelten, als auch in der Form mit verpixeltem Gesicht verboten (einstweilige Verf&uuml;gung vom 18.02.2013, Az. 28 O 51\/13).<\/p>\n<p class=\"flies\">Das Gericht folgte dabei unserer Rechtsansicht, dass die Tochter auch mit verpixeltem Gesicht erkennbar war. Denn dies ergibt sich bereits daraus, dass einige Leser die Tochter auch auf dem nachtr&auml;glich verpixelten Foto erkannten.<\/p>\n<p class=\"flies\">Wie schon in der Entscheidung gegen den Bericht der &bdquo;BILD&ldquo;-Zeitung (Print) folgte das Gericht weiter der Ansicht, dass die vorherige Verwendung des Fotos in der Werbung die Nutzung des Fotos nicht legitimiert. Denn in der Werbung wurde das Foto nicht mit dem Namen der Tochter versehen. Es fand sich dort auch kein Hinweis darauf, dass es sich bei der abgebildeten &bdquo;Familie&ldquo; auch im wirklichen Leben um Vater, Mutter und Kind handelte. Erst bild.de machte somit durch seine Ver&ouml;ffentlichung erkennbar,&nbsp;um wen es sich bei dem Kind&nbsp;handelt. An einer derartigen Erkennbarmachung bestand jedoch kein berechtigtes &ouml;ffentliches Informationsinteresse, so dass die Verbreitung des Fotos rechtswidrig war.<\/p>\n","protected":false},"excerpt":{"rendered":"<p>Bild.de hatte &uuml;ber die bereits zwei Jahre zur&uuml;ckliegende Trennung des Models Ann Kristin Br&uuml;cker von Herrn Jan Kralitschka (aktuell &bdquo;Der Bachelor&ldquo;, RTL) berichtet. Der Bericht wurde mit einem Foto bebildert, das die gemeinsame Tochter mit ihren&nbsp;Eltern in einem Barcelo-Hotel zeigt. Das Foto war urspr&uuml;nglich als Werbefoto f&uuml;r die Hotel-Kette hergestellt und verwendet worden, weshalb bild.de [&hellip;]<\/p>\n","protected":false},"author":1,"featured_media":0,"comment_status":"closed","ping_status":"closed","sticky":false,"template":"","format":"standard","meta":{"_has_post_settings":[],"footnotes":""},"categories":[15],"tags":[],"hashtags":[],"ppma_author":[84],"class_list":["post-8582","post","type-post","status-publish","format-standard","hentry","category-news","author-hoecker_adm"],"yoast_head":"<!-- This site is optimized with the Yoast SEO Premium plugin v25.9 (Yoast SEO v27.0) - https:\/\/yoast.com\/product\/yoast-seo-premium-wordpress\/ -->\n<title>H\u00d6CKER verteidigt erneut die Pers\u00f6nlichkeitsrechte der Tochter des Models Ann Kristin Br\u00fccker und von Herrn RA Jan Kralitschka (&quot;Der Bachelor&quot;), diesmal gegen die Berichterstattung unter bild.de. - H\u00d6CKER - der Blog<\/title>\n<meta name=\"robots\" content=\"index, follow, max-snippet:-1, max-image-preview:large, max-video-preview:-1\" \/>\n<link rel=\"canonical\" href=\"https:\/\/www.hoecker.eu\/blog\/hoecker-verteidigt-erneut-die-persoenlichkeitsrechte-der-tochter-des-models-ann-kristin-bruecker-und-von-herrn-ra-jan-kralitschka-der-bachelor-diesmal-gegen-die-berichterstattung-unter-bild-de\/\" \/>\n<meta property=\"og:locale\" content=\"de_DE\" \/>\n<meta property=\"og:type\" content=\"article\" \/>\n<meta property=\"og:title\" content=\"H\u00d6CKER verteidigt erneut die Pers\u00f6nlichkeitsrechte der Tochter des Models Ann Kristin Br\u00fccker und von Herrn RA Jan Kralitschka (&quot;Der Bachelor&quot;), diesmal gegen die Berichterstattung unter bild.de.\" \/>\n<meta property=\"og:description\" content=\"Bild.de hatte &uuml;ber die bereits zwei Jahre zur&uuml;ckliegende Trennung des Models Ann Kristin Br&uuml;cker von Herrn Jan Kralitschka (aktuell &bdquo;Der Bachelor&ldquo;, RTL) berichtet. Der Bericht wurde mit einem Foto bebildert, das die gemeinsame Tochter mit ihren&nbsp;Eltern in einem Barcelo-Hotel zeigt. Das Foto war urspr&uuml;nglich als Werbefoto f&uuml;r die Hotel-Kette hergestellt und verwendet worden, weshalb bild.de [&hellip;]\" \/>\n<meta property=\"og:url\" content=\"https:\/\/www.hoecker.eu\/blog\/hoecker-verteidigt-erneut-die-persoenlichkeitsrechte-der-tochter-des-models-ann-kristin-bruecker-und-von-herrn-ra-jan-kralitschka-der-bachelor-diesmal-gegen-die-berichterstattung-unter-bild-de\/\" \/>\n<meta property=\"og:site_name\" content=\"H\u00d6CKER - der Blog\" \/>\n<meta property=\"article:publisher\" content=\"https:\/\/www.facebook.com\/HoeckerRAe\/\" \/>\n<meta property=\"article:author\" content=\"https:\/\/www.facebook.com\/ralf.hoecker\" \/>\n<meta property=\"article:published_time\" content=\"2016-05-09T18:47:09+00:00\" \/>\n<meta property=\"article:modified_time\" content=\"2025-02-17T13:59:42+00:00\" \/>\n<meta name=\"author\" content=\"Prof. Dr. Ralf H\u00f6cker\" \/>\n<meta name=\"twitter:card\" content=\"summary_large_image\" \/>\n<meta name=\"twitter:creator\" content=\"@Ralf_Hoecker\" \/>\n<meta name=\"twitter:site\" content=\"@hoecker_rae\" \/>\n<meta name=\"twitter:label1\" content=\"Verfasst von\" \/>\n\t<meta name=\"twitter:data1\" content=\"Prof. Dr. Ralf H\u00f6cker\" \/>\n\t<meta name=\"twitter:label2\" content=\"Gesch\u00e4tzte Lesezeit\" \/>\n\t<meta name=\"twitter:data2\" content=\"1\u00a0Minute\" \/>\n<script type=\"application\/ld+json\" class=\"yoast-schema-graph\">{\"@context\":\"https:\/\/schema.org\",\"@graph\":[{\"@type\":\"Article\",\"@id\":\"https:\/\/www.hoecker.eu\/blog\/hoecker-verteidigt-erneut-die-persoenlichkeitsrechte-der-tochter-des-models-ann-kristin-bruecker-und-von-herrn-ra-jan-kralitschka-der-bachelor-diesmal-gegen-die-berichterstattung-unter-bild-de\/#article\",\"isPartOf\":{\"@id\":\"https:\/\/www.hoecker.eu\/blog\/hoecker-verteidigt-erneut-die-persoenlichkeitsrechte-der-tochter-des-models-ann-kristin-bruecker-und-von-herrn-ra-jan-kralitschka-der-bachelor-diesmal-gegen-die-berichterstattung-unter-bild-de\/\"},\"author\":{\"name\":\"Prof. Dr. Ralf H\u00f6cker\",\"@id\":\"https:\/\/www.hoecker.eu\/blog\/#\/schema\/person\/08f95581eed0534eccd0b2438f7a1cab\"},\"headline\":\"H\u00d6CKER verteidigt erneut die Pers\u00f6nlichkeitsrechte der Tochter des Models Ann Kristin Br\u00fccker und von Herrn RA Jan Kralitschka (&#8220;Der Bachelor&#8221;), diesmal gegen die Berichterstattung unter bild.de.\",\"datePublished\":\"2016-05-09T18:47:09+00:00\",\"dateModified\":\"2025-02-17T13:59:42+00:00\",\"mainEntityOfPage\":{\"@id\":\"https:\/\/www.hoecker.eu\/blog\/hoecker-verteidigt-erneut-die-persoenlichkeitsrechte-der-tochter-des-models-ann-kristin-bruecker-und-von-herrn-ra-jan-kralitschka-der-bachelor-diesmal-gegen-die-berichterstattung-unter-bild-de\/\"},\"wordCount\":315,\"publisher\":{\"@id\":\"https:\/\/www.hoecker.eu\/blog\/#organization\"},\"articleSection\":[\"News\"],\"inLanguage\":\"de\"},{\"@type\":\"WebPage\",\"@id\":\"https:\/\/www.hoecker.eu\/blog\/hoecker-verteidigt-erneut-die-persoenlichkeitsrechte-der-tochter-des-models-ann-kristin-bruecker-und-von-herrn-ra-jan-kralitschka-der-bachelor-diesmal-gegen-die-berichterstattung-unter-bild-de\/\",\"url\":\"https:\/\/www.hoecker.eu\/blog\/hoecker-verteidigt-erneut-die-persoenlichkeitsrechte-der-tochter-des-models-ann-kristin-bruecker-und-von-herrn-ra-jan-kralitschka-der-bachelor-diesmal-gegen-die-berichterstattung-unter-bild-de\/\",\"name\":\"H\u00d6CKER verteidigt erneut die Pers\u00f6nlichkeitsrechte der Tochter des Models Ann Kristin Br\u00fccker und von Herrn RA Jan Kralitschka (\\\"Der Bachelor\\\"), diesmal gegen die Berichterstattung unter bild.de. - H\u00d6CKER - der Blog\",\"isPartOf\":{\"@id\":\"https:\/\/www.hoecker.eu\/blog\/#website\"},\"datePublished\":\"2016-05-09T18:47:09+00:00\",\"dateModified\":\"2025-02-17T13:59:42+00:00\",\"breadcrumb\":{\"@id\":\"https:\/\/www.hoecker.eu\/blog\/hoecker-verteidigt-erneut-die-persoenlichkeitsrechte-der-tochter-des-models-ann-kristin-bruecker-und-von-herrn-ra-jan-kralitschka-der-bachelor-diesmal-gegen-die-berichterstattung-unter-bild-de\/#breadcrumb\"},\"inLanguage\":\"de\",\"potentialAction\":[{\"@type\":\"ReadAction\",\"target\":[\"https:\/\/www.hoecker.eu\/blog\/hoecker-verteidigt-erneut-die-persoenlichkeitsrechte-der-tochter-des-models-ann-kristin-bruecker-und-von-herrn-ra-jan-kralitschka-der-bachelor-diesmal-gegen-die-berichterstattung-unter-bild-de\/\"]}]},{\"@type\":\"BreadcrumbList\",\"@id\":\"https:\/\/www.hoecker.eu\/blog\/hoecker-verteidigt-erneut-die-persoenlichkeitsrechte-der-tochter-des-models-ann-kristin-bruecker-und-von-herrn-ra-jan-kralitschka-der-bachelor-diesmal-gegen-die-berichterstattung-unter-bild-de\/#breadcrumb\",\"itemListElement\":[{\"@type\":\"ListItem\",\"position\":1,\"name\":\"Startseite\",\"item\":\"https:\/\/dev.hoecker.eu\/blog\/\"},{\"@type\":\"ListItem\",\"position\":2,\"name\":\"H\u00d6CKER verteidigt erneut die Pers\u00f6nlichkeitsrechte der Tochter des Models Ann Kristin Br\u00fccker und von Herrn RA Jan Kralitschka (&#8220;Der Bachelor&#8221;), diesmal gegen die Berichterstattung unter bild.de.\"}]},{\"@type\":\"WebSite\",\"@id\":\"https:\/\/www.hoecker.eu\/blog\/#website\",\"url\":\"https:\/\/www.hoecker.eu\/blog\/\",\"name\":\"H\u00d6CKER - der Blog\",\"description\":\"Expertenblog f\u00fcr \u00c4u\u00dferungs-, Medien-, Marken-, Urheber- und Wettbewerbsrecht.\",\"publisher\":{\"@id\":\"https:\/\/www.hoecker.eu\/blog\/#organization\"},\"potentialAction\":[{\"@type\":\"SearchAction\",\"target\":{\"@type\":\"EntryPoint\",\"urlTemplate\":\"https:\/\/www.hoecker.eu\/blog\/?s={search_term_string}\"},\"query-input\":{\"@type\":\"PropertyValueSpecification\",\"valueRequired\":true,\"valueName\":\"search_term_string\"}}],\"inLanguage\":\"de\"},{\"@type\":\"Organization\",\"@id\":\"https:\/\/www.hoecker.eu\/blog\/#organization\",\"name\":\"H\u00d6CKER Rechtsanw\u00e4lte PartGmbB\",\"alternateName\":\"H\u00d6CKER\",\"url\":\"https:\/\/www.hoecker.eu\/blog\/\",\"logo\":{\"@type\":\"ImageObject\",\"inLanguage\":\"de\",\"@id\":\"https:\/\/www.hoecker.eu\/blog\/#\/schema\/logo\/image\/\",\"url\":\"https:\/\/www.hoecker.eu\/blog\/wp-content\/uploads\/2025\/03\/Blog-Logo.webp\",\"contentUrl\":\"https:\/\/www.hoecker.eu\/blog\/wp-content\/uploads\/2025\/03\/Blog-Logo.webp\",\"width\":500,\"height\":500,\"caption\":\"H\u00d6CKER Rechtsanw\u00e4lte PartGmbB\"},\"image\":{\"@id\":\"https:\/\/www.hoecker.eu\/blog\/#\/schema\/logo\/image\/\"},\"sameAs\":[\"https:\/\/www.facebook.com\/HoeckerRAe\/\",\"https:\/\/x.com\/hoecker_rae\",\"https:\/\/www.linkedin.com\/company\/hcker-rechtsanwlte\/\",\"https:\/\/www.instagram.com\/hoecker_rae\/\"],\"email\":\"contact@hoecker.eu\",\"telephone\":\"+ 49 (0)221-933 19-10\",\"legalName\":\"H\u00d6CKER Rechtsanw\u00e4lte PartGmbB\",\"numberOfEmployees\":{\"@type\":\"QuantitativeValue\",\"minValue\":\"11\",\"maxValue\":\"50\"}},{\"@type\":\"Person\",\"@id\":\"https:\/\/www.hoecker.eu\/blog\/#\/schema\/person\/08f95581eed0534eccd0b2438f7a1cab\",\"name\":\"Prof. Dr. Ralf H\u00f6cker\",\"description\":\"Medienanwalt. Besch\u00fctzer vor mieser Presse\",\"sameAs\":[\"https:\/\/www.hoecker.eu\/wer\/prof-dr-ralf-hoecker\",\"https:\/\/www.facebook.com\/ralf.hoecker\",\"https:\/\/www.linkedin.com\/in\/prof-dr-ralf-hcker-ll-m-london-17987826\/\",\"https:\/\/x.com\/Ralf_Hoecker\"],\"url\":\"https:\/\/www.hoecker.eu\/blog\/author\/hoecker_adm\/\"}]}<\/script>\n<!-- \/ Yoast SEO Premium plugin. -->","yoast_head_json":{"title":"H\u00d6CKER verteidigt erneut die Pers\u00f6nlichkeitsrechte der Tochter des Models Ann Kristin Br\u00fccker und von Herrn RA Jan Kralitschka (\"Der Bachelor\"), diesmal gegen die Berichterstattung unter bild.de. - H\u00d6CKER - der Blog","robots":{"index":"index","follow":"follow","max-snippet":"max-snippet:-1","max-image-preview":"max-image-preview:large","max-video-preview":"max-video-preview:-1"},"canonical":"https:\/\/www.hoecker.eu\/blog\/hoecker-verteidigt-erneut-die-persoenlichkeitsrechte-der-tochter-des-models-ann-kristin-bruecker-und-von-herrn-ra-jan-kralitschka-der-bachelor-diesmal-gegen-die-berichterstattung-unter-bild-de\/","og_locale":"de_DE","og_type":"article","og_title":"H\u00d6CKER verteidigt erneut die Pers\u00f6nlichkeitsrechte der Tochter des Models Ann Kristin Br\u00fccker und von Herrn RA Jan Kralitschka (\"Der Bachelor\"), diesmal gegen die Berichterstattung unter bild.de.","og_description":"Bild.de hatte &uuml;ber die bereits zwei Jahre zur&uuml;ckliegende Trennung des Models Ann Kristin Br&uuml;cker von Herrn Jan Kralitschka (aktuell &bdquo;Der Bachelor&ldquo;, RTL) berichtet. Der Bericht wurde mit einem Foto bebildert, das die gemeinsame Tochter mit ihren&nbsp;Eltern in einem Barcelo-Hotel zeigt. Das Foto war urspr&uuml;nglich als Werbefoto f&uuml;r die Hotel-Kette hergestellt und verwendet worden, weshalb bild.de [&hellip;]","og_url":"https:\/\/www.hoecker.eu\/blog\/hoecker-verteidigt-erneut-die-persoenlichkeitsrechte-der-tochter-des-models-ann-kristin-bruecker-und-von-herrn-ra-jan-kralitschka-der-bachelor-diesmal-gegen-die-berichterstattung-unter-bild-de\/","og_site_name":"H\u00d6CKER - der Blog","article_publisher":"https:\/\/www.facebook.com\/HoeckerRAe\/","article_author":"https:\/\/www.facebook.com\/ralf.hoecker","article_published_time":"2016-05-09T18:47:09+00:00","article_modified_time":"2025-02-17T13:59:42+00:00","author":"Prof. Dr. Ralf H\u00f6cker","twitter_card":"summary_large_image","twitter_creator":"@Ralf_Hoecker","twitter_site":"@hoecker_rae","twitter_misc":{"Verfasst von":"Prof. Dr. Ralf H\u00f6cker","Gesch\u00e4tzte Lesezeit":"1\u00a0Minute"},"schema":{"@context":"https:\/\/schema.org","@graph":[{"@type":"Article","@id":"https:\/\/www.hoecker.eu\/blog\/hoecker-verteidigt-erneut-die-persoenlichkeitsrechte-der-tochter-des-models-ann-kristin-bruecker-und-von-herrn-ra-jan-kralitschka-der-bachelor-diesmal-gegen-die-berichterstattung-unter-bild-de\/#article","isPartOf":{"@id":"https:\/\/www.hoecker.eu\/blog\/hoecker-verteidigt-erneut-die-persoenlichkeitsrechte-der-tochter-des-models-ann-kristin-bruecker-und-von-herrn-ra-jan-kralitschka-der-bachelor-diesmal-gegen-die-berichterstattung-unter-bild-de\/"},"author":{"name":"Prof. Dr. Ralf H\u00f6cker","@id":"https:\/\/www.hoecker.eu\/blog\/#\/schema\/person\/08f95581eed0534eccd0b2438f7a1cab"},"headline":"H\u00d6CKER verteidigt erneut die Pers\u00f6nlichkeitsrechte der Tochter des Models Ann Kristin Br\u00fccker und von Herrn RA Jan Kralitschka (&#8220;Der Bachelor&#8221;), diesmal gegen die Berichterstattung unter bild.de.","datePublished":"2016-05-09T18:47:09+00:00","dateModified":"2025-02-17T13:59:42+00:00","mainEntityOfPage":{"@id":"https:\/\/www.hoecker.eu\/blog\/hoecker-verteidigt-erneut-die-persoenlichkeitsrechte-der-tochter-des-models-ann-kristin-bruecker-und-von-herrn-ra-jan-kralitschka-der-bachelor-diesmal-gegen-die-berichterstattung-unter-bild-de\/"},"wordCount":315,"publisher":{"@id":"https:\/\/www.hoecker.eu\/blog\/#organization"},"articleSection":["News"],"inLanguage":"de"},{"@type":"WebPage","@id":"https:\/\/www.hoecker.eu\/blog\/hoecker-verteidigt-erneut-die-persoenlichkeitsrechte-der-tochter-des-models-ann-kristin-bruecker-und-von-herrn-ra-jan-kralitschka-der-bachelor-diesmal-gegen-die-berichterstattung-unter-bild-de\/","url":"https:\/\/www.hoecker.eu\/blog\/hoecker-verteidigt-erneut-die-persoenlichkeitsrechte-der-tochter-des-models-ann-kristin-bruecker-und-von-herrn-ra-jan-kralitschka-der-bachelor-diesmal-gegen-die-berichterstattung-unter-bild-de\/","name":"H\u00d6CKER verteidigt erneut die Pers\u00f6nlichkeitsrechte der Tochter des Models Ann Kristin Br\u00fccker und von Herrn RA Jan Kralitschka (\"Der Bachelor\"), diesmal gegen die Berichterstattung unter bild.de. - H\u00d6CKER - der Blog","isPartOf":{"@id":"https:\/\/www.hoecker.eu\/blog\/#website"},"datePublished":"2016-05-09T18:47:09+00:00","dateModified":"2025-02-17T13:59:42+00:00","breadcrumb":{"@id":"https:\/\/www.hoecker.eu\/blog\/hoecker-verteidigt-erneut-die-persoenlichkeitsrechte-der-tochter-des-models-ann-kristin-bruecker-und-von-herrn-ra-jan-kralitschka-der-bachelor-diesmal-gegen-die-berichterstattung-unter-bild-de\/#breadcrumb"},"inLanguage":"de","potentialAction":[{"@type":"ReadAction","target":["https:\/\/www.hoecker.eu\/blog\/hoecker-verteidigt-erneut-die-persoenlichkeitsrechte-der-tochter-des-models-ann-kristin-bruecker-und-von-herrn-ra-jan-kralitschka-der-bachelor-diesmal-gegen-die-berichterstattung-unter-bild-de\/"]}]},{"@type":"BreadcrumbList","@id":"https:\/\/www.hoecker.eu\/blog\/hoecker-verteidigt-erneut-die-persoenlichkeitsrechte-der-tochter-des-models-ann-kristin-bruecker-und-von-herrn-ra-jan-kralitschka-der-bachelor-diesmal-gegen-die-berichterstattung-unter-bild-de\/#breadcrumb","itemListElement":[{"@type":"ListItem","position":1,"name":"Startseite","item":"https:\/\/dev.hoecker.eu\/blog\/"},{"@type":"ListItem","position":2,"name":"H\u00d6CKER verteidigt erneut die Pers\u00f6nlichkeitsrechte der Tochter des Models Ann Kristin Br\u00fccker und von Herrn RA Jan Kralitschka (&#8220;Der Bachelor&#8221;), diesmal gegen die Berichterstattung unter bild.de."}]},{"@type":"WebSite","@id":"https:\/\/www.hoecker.eu\/blog\/#website","url":"https:\/\/www.hoecker.eu\/blog\/","name":"H\u00d6CKER - der Blog","description":"Expertenblog f\u00fcr \u00c4u\u00dferungs-, Medien-, Marken-, Urheber- und Wettbewerbsrecht.","publisher":{"@id":"https:\/\/www.hoecker.eu\/blog\/#organization"},"potentialAction":[{"@type":"SearchAction","target":{"@type":"EntryPoint","urlTemplate":"https:\/\/www.hoecker.eu\/blog\/?s={search_term_string}"},"query-input":{"@type":"PropertyValueSpecification","valueRequired":true,"valueName":"search_term_string"}}],"inLanguage":"de"},{"@type":"Organization","@id":"https:\/\/www.hoecker.eu\/blog\/#organization","name":"H\u00d6CKER Rechtsanw\u00e4lte PartGmbB","alternateName":"H\u00d6CKER","url":"https:\/\/www.hoecker.eu\/blog\/","logo":{"@type":"ImageObject","inLanguage":"de","@id":"https:\/\/www.hoecker.eu\/blog\/#\/schema\/logo\/image\/","url":"https:\/\/www.hoecker.eu\/blog\/wp-content\/uploads\/2025\/03\/Blog-Logo.webp","contentUrl":"https:\/\/www.hoecker.eu\/blog\/wp-content\/uploads\/2025\/03\/Blog-Logo.webp","width":500,"height":500,"caption":"H\u00d6CKER Rechtsanw\u00e4lte PartGmbB"},"image":{"@id":"https:\/\/www.hoecker.eu\/blog\/#\/schema\/logo\/image\/"},"sameAs":["https:\/\/www.facebook.com\/HoeckerRAe\/","https:\/\/x.com\/hoecker_rae","https:\/\/www.linkedin.com\/company\/hcker-rechtsanwlte\/","https:\/\/www.instagram.com\/hoecker_rae\/"],"email":"contact@hoecker.eu","telephone":"+ 49 (0)221-933 19-10","legalName":"H\u00d6CKER Rechtsanw\u00e4lte PartGmbB","numberOfEmployees":{"@type":"QuantitativeValue","minValue":"11","maxValue":"50"}},{"@type":"Person","@id":"https:\/\/www.hoecker.eu\/blog\/#\/schema\/person\/08f95581eed0534eccd0b2438f7a1cab","name":"Prof. Dr. Ralf H\u00f6cker","description":"Medienanwalt. Besch\u00fctzer vor mieser Presse","sameAs":["https:\/\/www.hoecker.eu\/wer\/prof-dr-ralf-hoecker","https:\/\/www.facebook.com\/ralf.hoecker","https:\/\/www.linkedin.com\/in\/prof-dr-ralf-hcker-ll-m-london-17987826\/","https:\/\/x.com\/Ralf_Hoecker"],"url":"https:\/\/www.hoecker.eu\/blog\/author\/hoecker_adm\/"}]}},"authors":[{"term_id":84,"user_id":1,"is_guest":0,"slug":"hoecker_adm","display_name":"Prof. Dr. Ralf H\u00f6cker","avatar_url":{"url":"https:\/\/www.hoecker.eu\/blog\/wp-content\/uploads\/2023\/12\/ProfDrRalfHoecker.jpg","url2x":"https:\/\/www.hoecker.eu\/blog\/wp-content\/uploads\/2023\/12\/ProfDrRalfHoecker.jpg"},"0":null,"1":"","2":"","3":"","4":"","5":"","6":"","7":"","8":"","9":"","10":"","11":""}],"_links":{"self":[{"href":"https:\/\/www.hoecker.eu\/blog\/wp-json\/wp\/v2\/posts\/8582","targetHints":{"allow":["GET"]}}],"collection":[{"href":"https:\/\/www.hoecker.eu\/blog\/wp-json\/wp\/v2\/posts"}],"about":[{"href":"https:\/\/www.hoecker.eu\/blog\/wp-json\/wp\/v2\/types\/post"}],"author":[{"embeddable":true,"href":"https:\/\/www.hoecker.eu\/blog\/wp-json\/wp\/v2\/users\/1"}],"replies":[{"embeddable":true,"href":"https:\/\/www.hoecker.eu\/blog\/wp-json\/wp\/v2\/comments?post=8582"}],"version-history":[{"count":1,"href":"https:\/\/www.hoecker.eu\/blog\/wp-json\/wp\/v2\/posts\/8582\/revisions"}],"predecessor-version":[{"id":9704,"href":"https:\/\/www.hoecker.eu\/blog\/wp-json\/wp\/v2\/posts\/8582\/revisions\/9704"}],"wp:attachment":[{"href":"https:\/\/www.hoecker.eu\/blog\/wp-json\/wp\/v2\/media?parent=8582"}],"wp:term":[{"taxonomy":"category","embeddable":true,"href":"https:\/\/www.hoecker.eu\/blog\/wp-json\/wp\/v2\/categories?post=8582"},{"taxonomy":"post_tag","embeddable":true,"href":"https:\/\/www.hoecker.eu\/blog\/wp-json\/wp\/v2\/tags?post=8582"},{"taxonomy":"hashtags","embeddable":true,"href":"https:\/\/www.hoecker.eu\/blog\/wp-json\/wp\/v2\/hashtags?post=8582"},{"taxonomy":"author","embeddable":true,"href":"https:\/\/www.hoecker.eu\/blog\/wp-json\/wp\/v2\/ppma_author?post=8582"}],"curies":[{"name":"wp","href":"https:\/\/api.w.org\/{rel}","templated":true}]}}