{"id":8556,"date":"2016-05-09T21:00:20","date_gmt":"2016-05-09T19:00:20","guid":{"rendered":"https:\/\/www.hoecker.eu\/blog\/verpixelung-des-gesichts-reichte-nicht-olg-koeln-bestaetigt-verbot-gegen-bild-wegen-identifizierender-berichterstattung-ueber-angebliche-straftat-eines-universitaets-professors\/"},"modified":"2025-02-17T14:59:26","modified_gmt":"2025-02-17T13:59:26","slug":"verpixelung-des-gesichts-reichte-nicht-olg-koeln-bestaetigt-verbot-gegen-bild-wegen-identifizierender-berichterstattung-ueber-angebliche-straftat-eines-universitaets-professors","status":"publish","type":"post","link":"https:\/\/www.hoecker.eu\/blog\/verpixelung-des-gesichts-reichte-nicht-olg-koeln-bestaetigt-verbot-gegen-bild-wegen-identifizierender-berichterstattung-ueber-angebliche-straftat-eines-universitaets-professors\/","title":{"rendered":"Verpixelung des Gesichts reichte nicht: OLG K\u00f6ln best\u00e4tigt Verbot gegen BILD wegen identifizierender Berichterstattung \u00fcber angebliche Straftat eines Universit\u00e4ts-Professors."},"content":{"rendered":"<p class=\"flies\">Auch im Berufungsverfahren setzte sich ein deutscher Universit&auml;ts-Professor mit H&Ouml;CKER erfolgreich gegen die Verbreitung zweier rechtswidriger Berichte &uuml;ber ein Strafverfahren in der Schweiz gegen die &bdquo;BILD&ldquo;-Zeitung durch.<\/p>\n<p class=\"flies\">BILD hatte den Professor in Berichten &uuml;ber ein gegen diesen in der Schweiz gef&uuml;hrtes Strafverfahren durch Ver&ouml;ffentlichungen von verpixelten Fotos erkennbar gemacht.<\/p>\n<p class=\"flies\">Nachdem das Landgericht bereits erstinstanzlich die Berichterstattung verboten hatte,&nbsp;best&auml;tigte das OLG K&ouml;ln das Verbot nun mit Urteil vom 25.06.2013 (Az. 15 U 204\/12).<\/p>\n<p class=\"flies\">Das OLG K&ouml;ln betont, dass eine Verpixelung des Gesichts des Betroffenen nicht ausreichend ist, um eine Erkennbarkeit zu verhindern. So gen&uuml;ge bereits die Erkennbarkeit einer pr&auml;gnanten Handhaltung in Verbindung mit der Kinnpartie und eines Teils der Augenpartie daf&uuml;r, eine Erkennbarkeit des Betroffenen zu bewirken.<\/p>\n<p class=\"flies\">Weiter best&auml;tigt das OLG K&ouml;ln, dass kein rechtfertigendes Interesse daran bestand, den Universit&auml;ts-Professor als Verd&auml;chtigen einer Straftat erkennbar zu machen, da es sich um eine angebliche Straftat in seinem privaten Bereich gehandelt habe.<\/p>\n<p class=\"flies\">Zwar habe ein Berichterstattungsinteresse daran bestanden, dass strafrechtliche Vorw&uuml;rfe gegen einen Professor untersucht werden. Ein dar&uuml;ber hinausgehendes &uuml;berwiegendes Interesse daran, auch noch aufzudecken, um welchen Professor es sich genau handelt, habe jedoch nicht bestanden.<\/p>\n<p class=\"flies\">Dr. Carsten Brennecke<em>:<br \/>&bdquo;H&auml;ufig meint die Presse, identifizierend &uuml;ber Betroffene berichten zu d&uuml;rfen, nur weil ein besonderes Interesse an einer nicht allt&auml;glichen Straftat bzw. angeblichen Straftat besteht. Dieser Ansicht erteilt das OLG K&ouml;ln eine begr&uuml;&szlig;enswerte Absage und st&auml;rkt damit die Rechte der Betroffenen. Nach dieser Entscheidung darf ein Betroffener in der Berichterstattung nicht identifiziert werden, nur weil die angeblich begangene Straftat in einem vermeintlichen Widerspruch zu seiner beruflichen Stellung steht. Die Presse muss sich vielmehr darauf beschr&auml;nken, ohne Identifizierung des Betroffenen zu berichten.&ldquo;<\/em><\/p>\n","protected":false},"excerpt":{"rendered":"<p>Auch im Berufungsverfahren setzte sich ein deutscher Universit&auml;ts-Professor mit H&Ouml;CKER erfolgreich gegen die Verbreitung zweier rechtswidriger Berichte &uuml;ber ein Strafverfahren in der Schweiz gegen die &bdquo;BILD&ldquo;-Zeitung durch. BILD hatte den Professor in Berichten &uuml;ber ein gegen diesen in der Schweiz gef&uuml;hrtes Strafverfahren durch Ver&ouml;ffentlichungen von verpixelten Fotos erkennbar gemacht. Nachdem das Landgericht bereits erstinstanzlich die [&hellip;]<\/p>\n","protected":false},"author":1,"featured_media":0,"comment_status":"closed","ping_status":"closed","sticky":false,"template":"","format":"standard","meta":{"_has_post_settings":[],"footnotes":""},"categories":[15],"tags":[],"hashtags":[],"ppma_author":[84],"class_list":["post-8556","post","type-post","status-publish","format-standard","hentry","category-news","author-hoecker_adm"],"yoast_head":"<!-- This site is optimized with the Yoast SEO Premium plugin v25.9 (Yoast SEO v27.0) - https:\/\/yoast.com\/product\/yoast-seo-premium-wordpress\/ -->\n<title>Verpixelung des Gesichts reichte nicht: OLG K\u00f6ln best\u00e4tigt Verbot gegen BILD wegen identifizierender Berichterstattung \u00fcber angebliche Straftat eines Universit\u00e4ts-Professors. - H\u00d6CKER - der Blog<\/title>\n<meta name=\"robots\" content=\"index, follow, max-snippet:-1, max-image-preview:large, max-video-preview:-1\" \/>\n<link rel=\"canonical\" href=\"https:\/\/www.hoecker.eu\/blog\/verpixelung-des-gesichts-reichte-nicht-olg-koeln-bestaetigt-verbot-gegen-bild-wegen-identifizierender-berichterstattung-ueber-angebliche-straftat-eines-universitaets-professors\/\" \/>\n<meta property=\"og:locale\" content=\"de_DE\" \/>\n<meta property=\"og:type\" content=\"article\" \/>\n<meta property=\"og:title\" content=\"Verpixelung des Gesichts reichte nicht: OLG K\u00f6ln best\u00e4tigt Verbot gegen BILD wegen identifizierender Berichterstattung \u00fcber angebliche Straftat eines Universit\u00e4ts-Professors.\" \/>\n<meta property=\"og:description\" content=\"Auch im Berufungsverfahren setzte sich ein deutscher Universit&auml;ts-Professor mit H&Ouml;CKER erfolgreich gegen die Verbreitung zweier rechtswidriger Berichte &uuml;ber ein Strafverfahren in der Schweiz gegen die &bdquo;BILD&ldquo;-Zeitung durch. BILD hatte den Professor in Berichten &uuml;ber ein gegen diesen in der Schweiz gef&uuml;hrtes Strafverfahren durch Ver&ouml;ffentlichungen von verpixelten Fotos erkennbar gemacht. Nachdem das Landgericht bereits erstinstanzlich die [&hellip;]\" \/>\n<meta property=\"og:url\" content=\"https:\/\/www.hoecker.eu\/blog\/verpixelung-des-gesichts-reichte-nicht-olg-koeln-bestaetigt-verbot-gegen-bild-wegen-identifizierender-berichterstattung-ueber-angebliche-straftat-eines-universitaets-professors\/\" \/>\n<meta property=\"og:site_name\" content=\"H\u00d6CKER - der Blog\" \/>\n<meta property=\"article:publisher\" content=\"https:\/\/www.facebook.com\/HoeckerRAe\/\" \/>\n<meta property=\"article:author\" content=\"https:\/\/www.facebook.com\/ralf.hoecker\" \/>\n<meta property=\"article:published_time\" content=\"2016-05-09T19:00:20+00:00\" \/>\n<meta property=\"article:modified_time\" content=\"2025-02-17T13:59:26+00:00\" \/>\n<meta name=\"author\" content=\"Prof. Dr. Ralf H\u00f6cker\" \/>\n<meta name=\"twitter:card\" content=\"summary_large_image\" \/>\n<meta name=\"twitter:creator\" content=\"@Ralf_Hoecker\" \/>\n<meta name=\"twitter:site\" content=\"@hoecker_rae\" \/>\n<meta name=\"twitter:label1\" content=\"Verfasst von\" \/>\n\t<meta name=\"twitter:data1\" content=\"Prof. Dr. Ralf H\u00f6cker\" \/>\n\t<meta name=\"twitter:label2\" content=\"Gesch\u00e4tzte Lesezeit\" \/>\n\t<meta name=\"twitter:data2\" content=\"2\u00a0Minuten\" \/>\n<script type=\"application\/ld+json\" class=\"yoast-schema-graph\">{\"@context\":\"https:\/\/schema.org\",\"@graph\":[{\"@type\":\"Article\",\"@id\":\"https:\/\/www.hoecker.eu\/blog\/verpixelung-des-gesichts-reichte-nicht-olg-koeln-bestaetigt-verbot-gegen-bild-wegen-identifizierender-berichterstattung-ueber-angebliche-straftat-eines-universitaets-professors\/#article\",\"isPartOf\":{\"@id\":\"https:\/\/www.hoecker.eu\/blog\/verpixelung-des-gesichts-reichte-nicht-olg-koeln-bestaetigt-verbot-gegen-bild-wegen-identifizierender-berichterstattung-ueber-angebliche-straftat-eines-universitaets-professors\/\"},\"author\":{\"name\":\"Prof. Dr. Ralf H\u00f6cker\",\"@id\":\"https:\/\/www.hoecker.eu\/blog\/#\/schema\/person\/08f95581eed0534eccd0b2438f7a1cab\"},\"headline\":\"Verpixelung des Gesichts reichte nicht: OLG K\u00f6ln best\u00e4tigt Verbot gegen BILD wegen identifizierender Berichterstattung \u00fcber angebliche Straftat eines Universit\u00e4ts-Professors.\",\"datePublished\":\"2016-05-09T19:00:20+00:00\",\"dateModified\":\"2025-02-17T13:59:26+00:00\",\"mainEntityOfPage\":{\"@id\":\"https:\/\/www.hoecker.eu\/blog\/verpixelung-des-gesichts-reichte-nicht-olg-koeln-bestaetigt-verbot-gegen-bild-wegen-identifizierender-berichterstattung-ueber-angebliche-straftat-eines-universitaets-professors\/\"},\"wordCount\":343,\"publisher\":{\"@id\":\"https:\/\/www.hoecker.eu\/blog\/#organization\"},\"articleSection\":[\"News\"],\"inLanguage\":\"de\"},{\"@type\":\"WebPage\",\"@id\":\"https:\/\/www.hoecker.eu\/blog\/verpixelung-des-gesichts-reichte-nicht-olg-koeln-bestaetigt-verbot-gegen-bild-wegen-identifizierender-berichterstattung-ueber-angebliche-straftat-eines-universitaets-professors\/\",\"url\":\"https:\/\/www.hoecker.eu\/blog\/verpixelung-des-gesichts-reichte-nicht-olg-koeln-bestaetigt-verbot-gegen-bild-wegen-identifizierender-berichterstattung-ueber-angebliche-straftat-eines-universitaets-professors\/\",\"name\":\"Verpixelung des Gesichts reichte nicht: OLG K\u00f6ln best\u00e4tigt Verbot gegen BILD wegen identifizierender Berichterstattung \u00fcber angebliche Straftat eines Universit\u00e4ts-Professors. - H\u00d6CKER - der Blog\",\"isPartOf\":{\"@id\":\"https:\/\/www.hoecker.eu\/blog\/#website\"},\"datePublished\":\"2016-05-09T19:00:20+00:00\",\"dateModified\":\"2025-02-17T13:59:26+00:00\",\"breadcrumb\":{\"@id\":\"https:\/\/www.hoecker.eu\/blog\/verpixelung-des-gesichts-reichte-nicht-olg-koeln-bestaetigt-verbot-gegen-bild-wegen-identifizierender-berichterstattung-ueber-angebliche-straftat-eines-universitaets-professors\/#breadcrumb\"},\"inLanguage\":\"de\",\"potentialAction\":[{\"@type\":\"ReadAction\",\"target\":[\"https:\/\/www.hoecker.eu\/blog\/verpixelung-des-gesichts-reichte-nicht-olg-koeln-bestaetigt-verbot-gegen-bild-wegen-identifizierender-berichterstattung-ueber-angebliche-straftat-eines-universitaets-professors\/\"]}]},{\"@type\":\"BreadcrumbList\",\"@id\":\"https:\/\/www.hoecker.eu\/blog\/verpixelung-des-gesichts-reichte-nicht-olg-koeln-bestaetigt-verbot-gegen-bild-wegen-identifizierender-berichterstattung-ueber-angebliche-straftat-eines-universitaets-professors\/#breadcrumb\",\"itemListElement\":[{\"@type\":\"ListItem\",\"position\":1,\"name\":\"Startseite\",\"item\":\"https:\/\/dev.hoecker.eu\/blog\/\"},{\"@type\":\"ListItem\",\"position\":2,\"name\":\"Verpixelung des Gesichts reichte nicht: OLG K\u00f6ln best\u00e4tigt Verbot gegen BILD wegen identifizierender Berichterstattung \u00fcber angebliche Straftat eines Universit\u00e4ts-Professors.\"}]},{\"@type\":\"WebSite\",\"@id\":\"https:\/\/www.hoecker.eu\/blog\/#website\",\"url\":\"https:\/\/www.hoecker.eu\/blog\/\",\"name\":\"H\u00d6CKER - der Blog\",\"description\":\"Expertenblog f\u00fcr \u00c4u\u00dferungs-, Medien-, Marken-, Urheber- und Wettbewerbsrecht.\",\"publisher\":{\"@id\":\"https:\/\/www.hoecker.eu\/blog\/#organization\"},\"potentialAction\":[{\"@type\":\"SearchAction\",\"target\":{\"@type\":\"EntryPoint\",\"urlTemplate\":\"https:\/\/www.hoecker.eu\/blog\/?s={search_term_string}\"},\"query-input\":{\"@type\":\"PropertyValueSpecification\",\"valueRequired\":true,\"valueName\":\"search_term_string\"}}],\"inLanguage\":\"de\"},{\"@type\":\"Organization\",\"@id\":\"https:\/\/www.hoecker.eu\/blog\/#organization\",\"name\":\"H\u00d6CKER Rechtsanw\u00e4lte PartGmbB\",\"alternateName\":\"H\u00d6CKER\",\"url\":\"https:\/\/www.hoecker.eu\/blog\/\",\"logo\":{\"@type\":\"ImageObject\",\"inLanguage\":\"de\",\"@id\":\"https:\/\/www.hoecker.eu\/blog\/#\/schema\/logo\/image\/\",\"url\":\"https:\/\/www.hoecker.eu\/blog\/wp-content\/uploads\/2025\/03\/Blog-Logo.webp\",\"contentUrl\":\"https:\/\/www.hoecker.eu\/blog\/wp-content\/uploads\/2025\/03\/Blog-Logo.webp\",\"width\":500,\"height\":500,\"caption\":\"H\u00d6CKER Rechtsanw\u00e4lte PartGmbB\"},\"image\":{\"@id\":\"https:\/\/www.hoecker.eu\/blog\/#\/schema\/logo\/image\/\"},\"sameAs\":[\"https:\/\/www.facebook.com\/HoeckerRAe\/\",\"https:\/\/x.com\/hoecker_rae\",\"https:\/\/www.linkedin.com\/company\/hcker-rechtsanwlte\/\",\"https:\/\/www.instagram.com\/hoecker_rae\/\"],\"email\":\"contact@hoecker.eu\",\"telephone\":\"+ 49 (0)221-933 19-10\",\"legalName\":\"H\u00d6CKER Rechtsanw\u00e4lte PartGmbB\",\"numberOfEmployees\":{\"@type\":\"QuantitativeValue\",\"minValue\":\"11\",\"maxValue\":\"50\"}},{\"@type\":\"Person\",\"@id\":\"https:\/\/www.hoecker.eu\/blog\/#\/schema\/person\/08f95581eed0534eccd0b2438f7a1cab\",\"name\":\"Prof. Dr. Ralf H\u00f6cker\",\"description\":\"Medienanwalt. Besch\u00fctzer vor mieser Presse\",\"sameAs\":[\"https:\/\/www.hoecker.eu\/wer\/prof-dr-ralf-hoecker\",\"https:\/\/www.facebook.com\/ralf.hoecker\",\"https:\/\/www.linkedin.com\/in\/prof-dr-ralf-hcker-ll-m-london-17987826\/\",\"https:\/\/x.com\/Ralf_Hoecker\"],\"url\":\"https:\/\/www.hoecker.eu\/blog\/author\/hoecker_adm\/\"}]}<\/script>\n<!-- \/ Yoast SEO Premium plugin. -->","yoast_head_json":{"title":"Verpixelung des Gesichts reichte nicht: OLG K\u00f6ln best\u00e4tigt Verbot gegen BILD wegen identifizierender Berichterstattung \u00fcber angebliche Straftat eines Universit\u00e4ts-Professors. - H\u00d6CKER - der Blog","robots":{"index":"index","follow":"follow","max-snippet":"max-snippet:-1","max-image-preview":"max-image-preview:large","max-video-preview":"max-video-preview:-1"},"canonical":"https:\/\/www.hoecker.eu\/blog\/verpixelung-des-gesichts-reichte-nicht-olg-koeln-bestaetigt-verbot-gegen-bild-wegen-identifizierender-berichterstattung-ueber-angebliche-straftat-eines-universitaets-professors\/","og_locale":"de_DE","og_type":"article","og_title":"Verpixelung des Gesichts reichte nicht: OLG K\u00f6ln best\u00e4tigt Verbot gegen BILD wegen identifizierender Berichterstattung \u00fcber angebliche Straftat eines Universit\u00e4ts-Professors.","og_description":"Auch im Berufungsverfahren setzte sich ein deutscher Universit&auml;ts-Professor mit H&Ouml;CKER erfolgreich gegen die Verbreitung zweier rechtswidriger Berichte &uuml;ber ein Strafverfahren in der Schweiz gegen die &bdquo;BILD&ldquo;-Zeitung durch. BILD hatte den Professor in Berichten &uuml;ber ein gegen diesen in der Schweiz gef&uuml;hrtes Strafverfahren durch Ver&ouml;ffentlichungen von verpixelten Fotos erkennbar gemacht. Nachdem das Landgericht bereits erstinstanzlich die [&hellip;]","og_url":"https:\/\/www.hoecker.eu\/blog\/verpixelung-des-gesichts-reichte-nicht-olg-koeln-bestaetigt-verbot-gegen-bild-wegen-identifizierender-berichterstattung-ueber-angebliche-straftat-eines-universitaets-professors\/","og_site_name":"H\u00d6CKER - der Blog","article_publisher":"https:\/\/www.facebook.com\/HoeckerRAe\/","article_author":"https:\/\/www.facebook.com\/ralf.hoecker","article_published_time":"2016-05-09T19:00:20+00:00","article_modified_time":"2025-02-17T13:59:26+00:00","author":"Prof. Dr. Ralf H\u00f6cker","twitter_card":"summary_large_image","twitter_creator":"@Ralf_Hoecker","twitter_site":"@hoecker_rae","twitter_misc":{"Verfasst von":"Prof. Dr. Ralf H\u00f6cker","Gesch\u00e4tzte Lesezeit":"2\u00a0Minuten"},"schema":{"@context":"https:\/\/schema.org","@graph":[{"@type":"Article","@id":"https:\/\/www.hoecker.eu\/blog\/verpixelung-des-gesichts-reichte-nicht-olg-koeln-bestaetigt-verbot-gegen-bild-wegen-identifizierender-berichterstattung-ueber-angebliche-straftat-eines-universitaets-professors\/#article","isPartOf":{"@id":"https:\/\/www.hoecker.eu\/blog\/verpixelung-des-gesichts-reichte-nicht-olg-koeln-bestaetigt-verbot-gegen-bild-wegen-identifizierender-berichterstattung-ueber-angebliche-straftat-eines-universitaets-professors\/"},"author":{"name":"Prof. Dr. Ralf H\u00f6cker","@id":"https:\/\/www.hoecker.eu\/blog\/#\/schema\/person\/08f95581eed0534eccd0b2438f7a1cab"},"headline":"Verpixelung des Gesichts reichte nicht: OLG K\u00f6ln best\u00e4tigt Verbot gegen BILD wegen identifizierender Berichterstattung \u00fcber angebliche Straftat eines Universit\u00e4ts-Professors.","datePublished":"2016-05-09T19:00:20+00:00","dateModified":"2025-02-17T13:59:26+00:00","mainEntityOfPage":{"@id":"https:\/\/www.hoecker.eu\/blog\/verpixelung-des-gesichts-reichte-nicht-olg-koeln-bestaetigt-verbot-gegen-bild-wegen-identifizierender-berichterstattung-ueber-angebliche-straftat-eines-universitaets-professors\/"},"wordCount":343,"publisher":{"@id":"https:\/\/www.hoecker.eu\/blog\/#organization"},"articleSection":["News"],"inLanguage":"de"},{"@type":"WebPage","@id":"https:\/\/www.hoecker.eu\/blog\/verpixelung-des-gesichts-reichte-nicht-olg-koeln-bestaetigt-verbot-gegen-bild-wegen-identifizierender-berichterstattung-ueber-angebliche-straftat-eines-universitaets-professors\/","url":"https:\/\/www.hoecker.eu\/blog\/verpixelung-des-gesichts-reichte-nicht-olg-koeln-bestaetigt-verbot-gegen-bild-wegen-identifizierender-berichterstattung-ueber-angebliche-straftat-eines-universitaets-professors\/","name":"Verpixelung des Gesichts reichte nicht: OLG K\u00f6ln best\u00e4tigt Verbot gegen BILD wegen identifizierender Berichterstattung \u00fcber angebliche Straftat eines Universit\u00e4ts-Professors. - H\u00d6CKER - der Blog","isPartOf":{"@id":"https:\/\/www.hoecker.eu\/blog\/#website"},"datePublished":"2016-05-09T19:00:20+00:00","dateModified":"2025-02-17T13:59:26+00:00","breadcrumb":{"@id":"https:\/\/www.hoecker.eu\/blog\/verpixelung-des-gesichts-reichte-nicht-olg-koeln-bestaetigt-verbot-gegen-bild-wegen-identifizierender-berichterstattung-ueber-angebliche-straftat-eines-universitaets-professors\/#breadcrumb"},"inLanguage":"de","potentialAction":[{"@type":"ReadAction","target":["https:\/\/www.hoecker.eu\/blog\/verpixelung-des-gesichts-reichte-nicht-olg-koeln-bestaetigt-verbot-gegen-bild-wegen-identifizierender-berichterstattung-ueber-angebliche-straftat-eines-universitaets-professors\/"]}]},{"@type":"BreadcrumbList","@id":"https:\/\/www.hoecker.eu\/blog\/verpixelung-des-gesichts-reichte-nicht-olg-koeln-bestaetigt-verbot-gegen-bild-wegen-identifizierender-berichterstattung-ueber-angebliche-straftat-eines-universitaets-professors\/#breadcrumb","itemListElement":[{"@type":"ListItem","position":1,"name":"Startseite","item":"https:\/\/dev.hoecker.eu\/blog\/"},{"@type":"ListItem","position":2,"name":"Verpixelung des Gesichts reichte nicht: OLG K\u00f6ln best\u00e4tigt Verbot gegen BILD wegen identifizierender Berichterstattung \u00fcber angebliche Straftat eines Universit\u00e4ts-Professors."}]},{"@type":"WebSite","@id":"https:\/\/www.hoecker.eu\/blog\/#website","url":"https:\/\/www.hoecker.eu\/blog\/","name":"H\u00d6CKER - der Blog","description":"Expertenblog f\u00fcr \u00c4u\u00dferungs-, Medien-, Marken-, Urheber- und Wettbewerbsrecht.","publisher":{"@id":"https:\/\/www.hoecker.eu\/blog\/#organization"},"potentialAction":[{"@type":"SearchAction","target":{"@type":"EntryPoint","urlTemplate":"https:\/\/www.hoecker.eu\/blog\/?s={search_term_string}"},"query-input":{"@type":"PropertyValueSpecification","valueRequired":true,"valueName":"search_term_string"}}],"inLanguage":"de"},{"@type":"Organization","@id":"https:\/\/www.hoecker.eu\/blog\/#organization","name":"H\u00d6CKER Rechtsanw\u00e4lte PartGmbB","alternateName":"H\u00d6CKER","url":"https:\/\/www.hoecker.eu\/blog\/","logo":{"@type":"ImageObject","inLanguage":"de","@id":"https:\/\/www.hoecker.eu\/blog\/#\/schema\/logo\/image\/","url":"https:\/\/www.hoecker.eu\/blog\/wp-content\/uploads\/2025\/03\/Blog-Logo.webp","contentUrl":"https:\/\/www.hoecker.eu\/blog\/wp-content\/uploads\/2025\/03\/Blog-Logo.webp","width":500,"height":500,"caption":"H\u00d6CKER Rechtsanw\u00e4lte PartGmbB"},"image":{"@id":"https:\/\/www.hoecker.eu\/blog\/#\/schema\/logo\/image\/"},"sameAs":["https:\/\/www.facebook.com\/HoeckerRAe\/","https:\/\/x.com\/hoecker_rae","https:\/\/www.linkedin.com\/company\/hcker-rechtsanwlte\/","https:\/\/www.instagram.com\/hoecker_rae\/"],"email":"contact@hoecker.eu","telephone":"+ 49 (0)221-933 19-10","legalName":"H\u00d6CKER Rechtsanw\u00e4lte PartGmbB","numberOfEmployees":{"@type":"QuantitativeValue","minValue":"11","maxValue":"50"}},{"@type":"Person","@id":"https:\/\/www.hoecker.eu\/blog\/#\/schema\/person\/08f95581eed0534eccd0b2438f7a1cab","name":"Prof. Dr. Ralf H\u00f6cker","description":"Medienanwalt. Besch\u00fctzer vor mieser Presse","sameAs":["https:\/\/www.hoecker.eu\/wer\/prof-dr-ralf-hoecker","https:\/\/www.facebook.com\/ralf.hoecker","https:\/\/www.linkedin.com\/in\/prof-dr-ralf-hcker-ll-m-london-17987826\/","https:\/\/x.com\/Ralf_Hoecker"],"url":"https:\/\/www.hoecker.eu\/blog\/author\/hoecker_adm\/"}]}},"authors":[{"term_id":84,"user_id":1,"is_guest":0,"slug":"hoecker_adm","display_name":"Prof. Dr. Ralf H\u00f6cker","avatar_url":{"url":"https:\/\/www.hoecker.eu\/blog\/wp-content\/uploads\/2023\/12\/ProfDrRalfHoecker.jpg","url2x":"https:\/\/www.hoecker.eu\/blog\/wp-content\/uploads\/2023\/12\/ProfDrRalfHoecker.jpg"},"0":null,"1":"","2":"","3":"","4":"","5":"","6":"","7":"","8":"","9":"","10":"","11":""}],"_links":{"self":[{"href":"https:\/\/www.hoecker.eu\/blog\/wp-json\/wp\/v2\/posts\/8556","targetHints":{"allow":["GET"]}}],"collection":[{"href":"https:\/\/www.hoecker.eu\/blog\/wp-json\/wp\/v2\/posts"}],"about":[{"href":"https:\/\/www.hoecker.eu\/blog\/wp-json\/wp\/v2\/types\/post"}],"author":[{"embeddable":true,"href":"https:\/\/www.hoecker.eu\/blog\/wp-json\/wp\/v2\/users\/1"}],"replies":[{"embeddable":true,"href":"https:\/\/www.hoecker.eu\/blog\/wp-json\/wp\/v2\/comments?post=8556"}],"version-history":[{"count":1,"href":"https:\/\/www.hoecker.eu\/blog\/wp-json\/wp\/v2\/posts\/8556\/revisions"}],"predecessor-version":[{"id":9678,"href":"https:\/\/www.hoecker.eu\/blog\/wp-json\/wp\/v2\/posts\/8556\/revisions\/9678"}],"wp:attachment":[{"href":"https:\/\/www.hoecker.eu\/blog\/wp-json\/wp\/v2\/media?parent=8556"}],"wp:term":[{"taxonomy":"category","embeddable":true,"href":"https:\/\/www.hoecker.eu\/blog\/wp-json\/wp\/v2\/categories?post=8556"},{"taxonomy":"post_tag","embeddable":true,"href":"https:\/\/www.hoecker.eu\/blog\/wp-json\/wp\/v2\/tags?post=8556"},{"taxonomy":"hashtags","embeddable":true,"href":"https:\/\/www.hoecker.eu\/blog\/wp-json\/wp\/v2\/hashtags?post=8556"},{"taxonomy":"author","embeddable":true,"href":"https:\/\/www.hoecker.eu\/blog\/wp-json\/wp\/v2\/ppma_author?post=8556"}],"curies":[{"name":"wp","href":"https:\/\/api.w.org\/{rel}","templated":true}]}}