{"id":8545,"date":"2016-05-09T21:06:00","date_gmt":"2016-05-09T19:06:00","guid":{"rendered":"https:\/\/www.hoecker.eu\/blog\/falschbeschuldigerin-dinkel-und-bunte-scheitern-mit-ihrer-nachverurteilung-von-joerg-kachelmann-auch-vor-dem-bgh\/"},"modified":"2025-02-17T14:59:20","modified_gmt":"2025-02-17T13:59:20","slug":"falschbeschuldigerin-dinkel-und-bunte-scheitern-mit-ihrer-nachverurteilung-von-joerg-kachelmann-auch-vor-dem-bgh","status":"publish","type":"post","link":"https:\/\/www.hoecker.eu\/blog\/falschbeschuldigerin-dinkel-und-bunte-scheitern-mit-ihrer-nachverurteilung-von-joerg-kachelmann-auch-vor-dem-bgh\/","title":{"rendered":"Falschbeschuldigerin Dinkel und Bunte scheitern mit ihrer Nachverurteilung von J\u00f6rg Kachelmann auch vor dem BGH."},"content":{"rendered":"<p><span><span><span class=\"flies\">Mit Beschl\u00fcssen vom 30.07.2013 (Aktenzeichen: VI ZR 518\/12 und VI ZR 531\/12) wies der Bundesgerichtshof Nichtzulassungsbeschwerden von Frau Claudia Dinkel sowie der Illustrierten Bunte zur\u00fcck, die diese gegen Urteile des Oberlandesgerichts K\u00f6ln eingelegt hatten. In den Urteilen des Pressesenats des OLG K\u00f6ln war Dinkel und Bunte die Aufrechterhaltung des Tatvorwurfs gegen J\u00f6rg Kachelmann in einem Artikel verboten worden, der nach dem freisprechenden Urteil des LG Mannheim erschienen war.<\/p>\n<p> Dinkel bzw. Bunte gestanden in ihren Nichtzulassungsbeschwerden zwar ein, dass das Berufungsgericht eine Abw\u00e4gung der widerstreitenden Rechtspositionen \u2013 Allgemeines Pers\u00f6nlichkeitsrecht von Herrn Kachelmann einerseits sowie Meinungs- und Pressefreiheit andererseits \u2013 vorgenommen habe, jedoch hielten sie diese Gesamtabw\u00e4gung f\u00fcr \u201eallzu knapp\u201c geraten. Dass diese Ansicht haltlos und ohne jegliche Substanz war, zeigen die Beschl\u00fcsse vom 30.07.2013, in denen der VI. Zivilsenat des BGH ohne inhaltliche Begr\u00fcndung lapidar darauf hinweist, dass Zulassungsgr\u00fcnde nicht vorliegen.<\/p>\n<p> Die Verfahren, mit denen Frau Claudia Dinkel die Wiederholung des Tatvorwurfs im Detail verboten und die Bunte aufgrund der Solidarisierung mit Frau Claudia Dinkel in die Haftung als sog. \u201eintellektuelle Verbreiterin&#8221; genommen worden war, sind damit rechtskr\u00e4ftig abgeschlossen.<br \/><\/span><\/span><\/span><\/p>\n","protected":false},"excerpt":{"rendered":"<p>Mit Beschl\u00fcssen vom 30.07.2013 (Aktenzeichen: VI ZR 518\/12 und VI ZR 531\/12) wies der Bundesgerichtshof Nichtzulassungsbeschwerden von Frau Claudia Dinkel sowie der Illustrierten Bunte zur\u00fcck, die diese gegen Urteile des Oberlandesgerichts K\u00f6ln eingelegt hatten. In den Urteilen des Pressesenats des OLG K\u00f6ln war Dinkel und Bunte die Aufrechterhaltung des Tatvorwurfs gegen J\u00f6rg Kachelmann in einem [&hellip;]<\/p>\n","protected":false},"author":1,"featured_media":0,"comment_status":"closed","ping_status":"closed","sticky":false,"template":"","format":"standard","meta":{"_has_post_settings":[],"footnotes":""},"categories":[15],"tags":[],"hashtags":[],"ppma_author":[84],"class_list":["post-8545","post","type-post","status-publish","format-standard","hentry","category-news","author-hoecker_adm"],"yoast_head":"<!-- This site is optimized with the Yoast SEO Premium plugin v25.9 (Yoast SEO v27.0) - https:\/\/yoast.com\/product\/yoast-seo-premium-wordpress\/ -->\n<title>Falschbeschuldigerin Dinkel und Bunte scheitern mit ihrer Nachverurteilung von J\u00f6rg Kachelmann auch vor dem BGH. - H\u00d6CKER - der Blog<\/title>\n<meta name=\"robots\" content=\"index, follow, max-snippet:-1, max-image-preview:large, max-video-preview:-1\" \/>\n<link rel=\"canonical\" href=\"https:\/\/www.hoecker.eu\/blog\/falschbeschuldigerin-dinkel-und-bunte-scheitern-mit-ihrer-nachverurteilung-von-joerg-kachelmann-auch-vor-dem-bgh\/\" \/>\n<meta property=\"og:locale\" content=\"de_DE\" \/>\n<meta property=\"og:type\" content=\"article\" \/>\n<meta property=\"og:title\" content=\"Falschbeschuldigerin Dinkel und Bunte scheitern mit ihrer Nachverurteilung von J\u00f6rg Kachelmann auch vor dem BGH.\" \/>\n<meta property=\"og:description\" content=\"Mit Beschl\u00fcssen vom 30.07.2013 (Aktenzeichen: VI ZR 518\/12 und VI ZR 531\/12) wies der Bundesgerichtshof Nichtzulassungsbeschwerden von Frau Claudia Dinkel sowie der Illustrierten Bunte zur\u00fcck, die diese gegen Urteile des Oberlandesgerichts K\u00f6ln eingelegt hatten. In den Urteilen des Pressesenats des OLG K\u00f6ln war Dinkel und Bunte die Aufrechterhaltung des Tatvorwurfs gegen J\u00f6rg Kachelmann in einem [&hellip;]\" \/>\n<meta property=\"og:url\" content=\"https:\/\/www.hoecker.eu\/blog\/falschbeschuldigerin-dinkel-und-bunte-scheitern-mit-ihrer-nachverurteilung-von-joerg-kachelmann-auch-vor-dem-bgh\/\" \/>\n<meta property=\"og:site_name\" content=\"H\u00d6CKER - der Blog\" \/>\n<meta property=\"article:publisher\" content=\"https:\/\/www.facebook.com\/HoeckerRAe\/\" \/>\n<meta property=\"article:author\" content=\"https:\/\/www.facebook.com\/ralf.hoecker\" \/>\n<meta property=\"article:published_time\" content=\"2016-05-09T19:06:00+00:00\" \/>\n<meta property=\"article:modified_time\" content=\"2025-02-17T13:59:20+00:00\" \/>\n<meta name=\"author\" content=\"Prof. Dr. Ralf H\u00f6cker\" \/>\n<meta name=\"twitter:card\" content=\"summary_large_image\" \/>\n<meta name=\"twitter:creator\" content=\"@Ralf_Hoecker\" \/>\n<meta name=\"twitter:site\" content=\"@hoecker_rae\" \/>\n<meta name=\"twitter:label1\" content=\"Verfasst von\" \/>\n\t<meta name=\"twitter:data1\" content=\"Prof. Dr. Ralf H\u00f6cker\" \/>\n\t<meta name=\"twitter:label2\" content=\"Gesch\u00e4tzte Lesezeit\" \/>\n\t<meta name=\"twitter:data2\" content=\"1\u00a0Minute\" \/>\n<script type=\"application\/ld+json\" class=\"yoast-schema-graph\">{\"@context\":\"https:\/\/schema.org\",\"@graph\":[{\"@type\":\"Article\",\"@id\":\"https:\/\/www.hoecker.eu\/blog\/falschbeschuldigerin-dinkel-und-bunte-scheitern-mit-ihrer-nachverurteilung-von-joerg-kachelmann-auch-vor-dem-bgh\/#article\",\"isPartOf\":{\"@id\":\"https:\/\/www.hoecker.eu\/blog\/falschbeschuldigerin-dinkel-und-bunte-scheitern-mit-ihrer-nachverurteilung-von-joerg-kachelmann-auch-vor-dem-bgh\/\"},\"author\":{\"name\":\"Prof. Dr. Ralf H\u00f6cker\",\"@id\":\"https:\/\/www.hoecker.eu\/blog\/#\/schema\/person\/08f95581eed0534eccd0b2438f7a1cab\"},\"headline\":\"Falschbeschuldigerin Dinkel und Bunte scheitern mit ihrer Nachverurteilung von J\u00f6rg Kachelmann auch vor dem BGH.\",\"datePublished\":\"2016-05-09T19:06:00+00:00\",\"dateModified\":\"2025-02-17T13:59:20+00:00\",\"mainEntityOfPage\":{\"@id\":\"https:\/\/www.hoecker.eu\/blog\/falschbeschuldigerin-dinkel-und-bunte-scheitern-mit-ihrer-nachverurteilung-von-joerg-kachelmann-auch-vor-dem-bgh\/\"},\"wordCount\":201,\"publisher\":{\"@id\":\"https:\/\/www.hoecker.eu\/blog\/#organization\"},\"articleSection\":[\"News\"],\"inLanguage\":\"de\"},{\"@type\":\"WebPage\",\"@id\":\"https:\/\/www.hoecker.eu\/blog\/falschbeschuldigerin-dinkel-und-bunte-scheitern-mit-ihrer-nachverurteilung-von-joerg-kachelmann-auch-vor-dem-bgh\/\",\"url\":\"https:\/\/www.hoecker.eu\/blog\/falschbeschuldigerin-dinkel-und-bunte-scheitern-mit-ihrer-nachverurteilung-von-joerg-kachelmann-auch-vor-dem-bgh\/\",\"name\":\"Falschbeschuldigerin Dinkel und Bunte scheitern mit ihrer Nachverurteilung von J\u00f6rg Kachelmann auch vor dem BGH. - H\u00d6CKER - der Blog\",\"isPartOf\":{\"@id\":\"https:\/\/www.hoecker.eu\/blog\/#website\"},\"datePublished\":\"2016-05-09T19:06:00+00:00\",\"dateModified\":\"2025-02-17T13:59:20+00:00\",\"breadcrumb\":{\"@id\":\"https:\/\/www.hoecker.eu\/blog\/falschbeschuldigerin-dinkel-und-bunte-scheitern-mit-ihrer-nachverurteilung-von-joerg-kachelmann-auch-vor-dem-bgh\/#breadcrumb\"},\"inLanguage\":\"de\",\"potentialAction\":[{\"@type\":\"ReadAction\",\"target\":[\"https:\/\/www.hoecker.eu\/blog\/falschbeschuldigerin-dinkel-und-bunte-scheitern-mit-ihrer-nachverurteilung-von-joerg-kachelmann-auch-vor-dem-bgh\/\"]}]},{\"@type\":\"BreadcrumbList\",\"@id\":\"https:\/\/www.hoecker.eu\/blog\/falschbeschuldigerin-dinkel-und-bunte-scheitern-mit-ihrer-nachverurteilung-von-joerg-kachelmann-auch-vor-dem-bgh\/#breadcrumb\",\"itemListElement\":[{\"@type\":\"ListItem\",\"position\":1,\"name\":\"Startseite\",\"item\":\"https:\/\/dev.hoecker.eu\/blog\/\"},{\"@type\":\"ListItem\",\"position\":2,\"name\":\"Falschbeschuldigerin Dinkel und Bunte scheitern mit ihrer Nachverurteilung von J\u00f6rg Kachelmann auch vor dem BGH.\"}]},{\"@type\":\"WebSite\",\"@id\":\"https:\/\/www.hoecker.eu\/blog\/#website\",\"url\":\"https:\/\/www.hoecker.eu\/blog\/\",\"name\":\"H\u00d6CKER - der Blog\",\"description\":\"Expertenblog f\u00fcr \u00c4u\u00dferungs-, Medien-, Marken-, Urheber- und Wettbewerbsrecht.\",\"publisher\":{\"@id\":\"https:\/\/www.hoecker.eu\/blog\/#organization\"},\"potentialAction\":[{\"@type\":\"SearchAction\",\"target\":{\"@type\":\"EntryPoint\",\"urlTemplate\":\"https:\/\/www.hoecker.eu\/blog\/?s={search_term_string}\"},\"query-input\":{\"@type\":\"PropertyValueSpecification\",\"valueRequired\":true,\"valueName\":\"search_term_string\"}}],\"inLanguage\":\"de\"},{\"@type\":\"Organization\",\"@id\":\"https:\/\/www.hoecker.eu\/blog\/#organization\",\"name\":\"H\u00d6CKER Rechtsanw\u00e4lte PartGmbB\",\"alternateName\":\"H\u00d6CKER\",\"url\":\"https:\/\/www.hoecker.eu\/blog\/\",\"logo\":{\"@type\":\"ImageObject\",\"inLanguage\":\"de\",\"@id\":\"https:\/\/www.hoecker.eu\/blog\/#\/schema\/logo\/image\/\",\"url\":\"https:\/\/www.hoecker.eu\/blog\/wp-content\/uploads\/2025\/03\/Blog-Logo.webp\",\"contentUrl\":\"https:\/\/www.hoecker.eu\/blog\/wp-content\/uploads\/2025\/03\/Blog-Logo.webp\",\"width\":500,\"height\":500,\"caption\":\"H\u00d6CKER Rechtsanw\u00e4lte PartGmbB\"},\"image\":{\"@id\":\"https:\/\/www.hoecker.eu\/blog\/#\/schema\/logo\/image\/\"},\"sameAs\":[\"https:\/\/www.facebook.com\/HoeckerRAe\/\",\"https:\/\/x.com\/hoecker_rae\",\"https:\/\/www.linkedin.com\/company\/hcker-rechtsanwlte\/\",\"https:\/\/www.instagram.com\/hoecker_rae\/\"],\"email\":\"contact@hoecker.eu\",\"telephone\":\"+ 49 (0)221-933 19-10\",\"legalName\":\"H\u00d6CKER Rechtsanw\u00e4lte PartGmbB\",\"numberOfEmployees\":{\"@type\":\"QuantitativeValue\",\"minValue\":\"11\",\"maxValue\":\"50\"}},{\"@type\":\"Person\",\"@id\":\"https:\/\/www.hoecker.eu\/blog\/#\/schema\/person\/08f95581eed0534eccd0b2438f7a1cab\",\"name\":\"Prof. Dr. Ralf H\u00f6cker\",\"description\":\"Medienanwalt. Besch\u00fctzer vor mieser Presse\",\"sameAs\":[\"https:\/\/www.hoecker.eu\/wer\/prof-dr-ralf-hoecker\",\"https:\/\/www.facebook.com\/ralf.hoecker\",\"https:\/\/www.linkedin.com\/in\/prof-dr-ralf-hcker-ll-m-london-17987826\/\",\"https:\/\/x.com\/Ralf_Hoecker\"],\"url\":\"https:\/\/www.hoecker.eu\/blog\/author\/hoecker_adm\/\"}]}<\/script>\n<!-- \/ Yoast SEO Premium plugin. -->","yoast_head_json":{"title":"Falschbeschuldigerin Dinkel und Bunte scheitern mit ihrer Nachverurteilung von J\u00f6rg Kachelmann auch vor dem BGH. - H\u00d6CKER - der Blog","robots":{"index":"index","follow":"follow","max-snippet":"max-snippet:-1","max-image-preview":"max-image-preview:large","max-video-preview":"max-video-preview:-1"},"canonical":"https:\/\/www.hoecker.eu\/blog\/falschbeschuldigerin-dinkel-und-bunte-scheitern-mit-ihrer-nachverurteilung-von-joerg-kachelmann-auch-vor-dem-bgh\/","og_locale":"de_DE","og_type":"article","og_title":"Falschbeschuldigerin Dinkel und Bunte scheitern mit ihrer Nachverurteilung von J\u00f6rg Kachelmann auch vor dem BGH.","og_description":"Mit Beschl\u00fcssen vom 30.07.2013 (Aktenzeichen: VI ZR 518\/12 und VI ZR 531\/12) wies der Bundesgerichtshof Nichtzulassungsbeschwerden von Frau Claudia Dinkel sowie der Illustrierten Bunte zur\u00fcck, die diese gegen Urteile des Oberlandesgerichts K\u00f6ln eingelegt hatten. In den Urteilen des Pressesenats des OLG K\u00f6ln war Dinkel und Bunte die Aufrechterhaltung des Tatvorwurfs gegen J\u00f6rg Kachelmann in einem [&hellip;]","og_url":"https:\/\/www.hoecker.eu\/blog\/falschbeschuldigerin-dinkel-und-bunte-scheitern-mit-ihrer-nachverurteilung-von-joerg-kachelmann-auch-vor-dem-bgh\/","og_site_name":"H\u00d6CKER - der Blog","article_publisher":"https:\/\/www.facebook.com\/HoeckerRAe\/","article_author":"https:\/\/www.facebook.com\/ralf.hoecker","article_published_time":"2016-05-09T19:06:00+00:00","article_modified_time":"2025-02-17T13:59:20+00:00","author":"Prof. Dr. Ralf H\u00f6cker","twitter_card":"summary_large_image","twitter_creator":"@Ralf_Hoecker","twitter_site":"@hoecker_rae","twitter_misc":{"Verfasst von":"Prof. Dr. Ralf H\u00f6cker","Gesch\u00e4tzte Lesezeit":"1\u00a0Minute"},"schema":{"@context":"https:\/\/schema.org","@graph":[{"@type":"Article","@id":"https:\/\/www.hoecker.eu\/blog\/falschbeschuldigerin-dinkel-und-bunte-scheitern-mit-ihrer-nachverurteilung-von-joerg-kachelmann-auch-vor-dem-bgh\/#article","isPartOf":{"@id":"https:\/\/www.hoecker.eu\/blog\/falschbeschuldigerin-dinkel-und-bunte-scheitern-mit-ihrer-nachverurteilung-von-joerg-kachelmann-auch-vor-dem-bgh\/"},"author":{"name":"Prof. Dr. Ralf H\u00f6cker","@id":"https:\/\/www.hoecker.eu\/blog\/#\/schema\/person\/08f95581eed0534eccd0b2438f7a1cab"},"headline":"Falschbeschuldigerin Dinkel und Bunte scheitern mit ihrer Nachverurteilung von J\u00f6rg Kachelmann auch vor dem BGH.","datePublished":"2016-05-09T19:06:00+00:00","dateModified":"2025-02-17T13:59:20+00:00","mainEntityOfPage":{"@id":"https:\/\/www.hoecker.eu\/blog\/falschbeschuldigerin-dinkel-und-bunte-scheitern-mit-ihrer-nachverurteilung-von-joerg-kachelmann-auch-vor-dem-bgh\/"},"wordCount":201,"publisher":{"@id":"https:\/\/www.hoecker.eu\/blog\/#organization"},"articleSection":["News"],"inLanguage":"de"},{"@type":"WebPage","@id":"https:\/\/www.hoecker.eu\/blog\/falschbeschuldigerin-dinkel-und-bunte-scheitern-mit-ihrer-nachverurteilung-von-joerg-kachelmann-auch-vor-dem-bgh\/","url":"https:\/\/www.hoecker.eu\/blog\/falschbeschuldigerin-dinkel-und-bunte-scheitern-mit-ihrer-nachverurteilung-von-joerg-kachelmann-auch-vor-dem-bgh\/","name":"Falschbeschuldigerin Dinkel und Bunte scheitern mit ihrer Nachverurteilung von J\u00f6rg Kachelmann auch vor dem BGH. - H\u00d6CKER - der Blog","isPartOf":{"@id":"https:\/\/www.hoecker.eu\/blog\/#website"},"datePublished":"2016-05-09T19:06:00+00:00","dateModified":"2025-02-17T13:59:20+00:00","breadcrumb":{"@id":"https:\/\/www.hoecker.eu\/blog\/falschbeschuldigerin-dinkel-und-bunte-scheitern-mit-ihrer-nachverurteilung-von-joerg-kachelmann-auch-vor-dem-bgh\/#breadcrumb"},"inLanguage":"de","potentialAction":[{"@type":"ReadAction","target":["https:\/\/www.hoecker.eu\/blog\/falschbeschuldigerin-dinkel-und-bunte-scheitern-mit-ihrer-nachverurteilung-von-joerg-kachelmann-auch-vor-dem-bgh\/"]}]},{"@type":"BreadcrumbList","@id":"https:\/\/www.hoecker.eu\/blog\/falschbeschuldigerin-dinkel-und-bunte-scheitern-mit-ihrer-nachverurteilung-von-joerg-kachelmann-auch-vor-dem-bgh\/#breadcrumb","itemListElement":[{"@type":"ListItem","position":1,"name":"Startseite","item":"https:\/\/dev.hoecker.eu\/blog\/"},{"@type":"ListItem","position":2,"name":"Falschbeschuldigerin Dinkel und Bunte scheitern mit ihrer Nachverurteilung von J\u00f6rg Kachelmann auch vor dem BGH."}]},{"@type":"WebSite","@id":"https:\/\/www.hoecker.eu\/blog\/#website","url":"https:\/\/www.hoecker.eu\/blog\/","name":"H\u00d6CKER - der Blog","description":"Expertenblog f\u00fcr \u00c4u\u00dferungs-, Medien-, Marken-, Urheber- und Wettbewerbsrecht.","publisher":{"@id":"https:\/\/www.hoecker.eu\/blog\/#organization"},"potentialAction":[{"@type":"SearchAction","target":{"@type":"EntryPoint","urlTemplate":"https:\/\/www.hoecker.eu\/blog\/?s={search_term_string}"},"query-input":{"@type":"PropertyValueSpecification","valueRequired":true,"valueName":"search_term_string"}}],"inLanguage":"de"},{"@type":"Organization","@id":"https:\/\/www.hoecker.eu\/blog\/#organization","name":"H\u00d6CKER Rechtsanw\u00e4lte PartGmbB","alternateName":"H\u00d6CKER","url":"https:\/\/www.hoecker.eu\/blog\/","logo":{"@type":"ImageObject","inLanguage":"de","@id":"https:\/\/www.hoecker.eu\/blog\/#\/schema\/logo\/image\/","url":"https:\/\/www.hoecker.eu\/blog\/wp-content\/uploads\/2025\/03\/Blog-Logo.webp","contentUrl":"https:\/\/www.hoecker.eu\/blog\/wp-content\/uploads\/2025\/03\/Blog-Logo.webp","width":500,"height":500,"caption":"H\u00d6CKER Rechtsanw\u00e4lte PartGmbB"},"image":{"@id":"https:\/\/www.hoecker.eu\/blog\/#\/schema\/logo\/image\/"},"sameAs":["https:\/\/www.facebook.com\/HoeckerRAe\/","https:\/\/x.com\/hoecker_rae","https:\/\/www.linkedin.com\/company\/hcker-rechtsanwlte\/","https:\/\/www.instagram.com\/hoecker_rae\/"],"email":"contact@hoecker.eu","telephone":"+ 49 (0)221-933 19-10","legalName":"H\u00d6CKER Rechtsanw\u00e4lte PartGmbB","numberOfEmployees":{"@type":"QuantitativeValue","minValue":"11","maxValue":"50"}},{"@type":"Person","@id":"https:\/\/www.hoecker.eu\/blog\/#\/schema\/person\/08f95581eed0534eccd0b2438f7a1cab","name":"Prof. Dr. Ralf H\u00f6cker","description":"Medienanwalt. Besch\u00fctzer vor mieser Presse","sameAs":["https:\/\/www.hoecker.eu\/wer\/prof-dr-ralf-hoecker","https:\/\/www.facebook.com\/ralf.hoecker","https:\/\/www.linkedin.com\/in\/prof-dr-ralf-hcker-ll-m-london-17987826\/","https:\/\/x.com\/Ralf_Hoecker"],"url":"https:\/\/www.hoecker.eu\/blog\/author\/hoecker_adm\/"}]}},"authors":[{"term_id":84,"user_id":1,"is_guest":0,"slug":"hoecker_adm","display_name":"Prof. Dr. Ralf H\u00f6cker","avatar_url":{"url":"https:\/\/www.hoecker.eu\/blog\/wp-content\/uploads\/2023\/12\/ProfDrRalfHoecker.jpg","url2x":"https:\/\/www.hoecker.eu\/blog\/wp-content\/uploads\/2023\/12\/ProfDrRalfHoecker.jpg"},"0":null,"1":"","2":"","3":"","4":"","5":"","6":"","7":"","8":"","9":"","10":"","11":""}],"_links":{"self":[{"href":"https:\/\/www.hoecker.eu\/blog\/wp-json\/wp\/v2\/posts\/8545","targetHints":{"allow":["GET"]}}],"collection":[{"href":"https:\/\/www.hoecker.eu\/blog\/wp-json\/wp\/v2\/posts"}],"about":[{"href":"https:\/\/www.hoecker.eu\/blog\/wp-json\/wp\/v2\/types\/post"}],"author":[{"embeddable":true,"href":"https:\/\/www.hoecker.eu\/blog\/wp-json\/wp\/v2\/users\/1"}],"replies":[{"embeddable":true,"href":"https:\/\/www.hoecker.eu\/blog\/wp-json\/wp\/v2\/comments?post=8545"}],"version-history":[{"count":1,"href":"https:\/\/www.hoecker.eu\/blog\/wp-json\/wp\/v2\/posts\/8545\/revisions"}],"predecessor-version":[{"id":9667,"href":"https:\/\/www.hoecker.eu\/blog\/wp-json\/wp\/v2\/posts\/8545\/revisions\/9667"}],"wp:attachment":[{"href":"https:\/\/www.hoecker.eu\/blog\/wp-json\/wp\/v2\/media?parent=8545"}],"wp:term":[{"taxonomy":"category","embeddable":true,"href":"https:\/\/www.hoecker.eu\/blog\/wp-json\/wp\/v2\/categories?post=8545"},{"taxonomy":"post_tag","embeddable":true,"href":"https:\/\/www.hoecker.eu\/blog\/wp-json\/wp\/v2\/tags?post=8545"},{"taxonomy":"hashtags","embeddable":true,"href":"https:\/\/www.hoecker.eu\/blog\/wp-json\/wp\/v2\/hashtags?post=8545"},{"taxonomy":"author","embeddable":true,"href":"https:\/\/www.hoecker.eu\/blog\/wp-json\/wp\/v2\/ppma_author?post=8545"}],"curies":[{"name":"wp","href":"https:\/\/api.w.org\/{rel}","templated":true}]}}