{"id":8541,"date":"2016-05-09T21:08:09","date_gmt":"2016-05-09T19:08:09","guid":{"rendered":"https:\/\/www.hoecker.eu\/blog\/hoecker-verteidigt-vor-dem-olg-koeln-persoenlichkeitsrechte-eines-schoenheitschirurgen-berichterstattung-ueber-angebliche-behandlungsfehler-ohne-anhoerung-des-betroffenen-unzulaessig\/"},"modified":"2025-02-17T14:59:17","modified_gmt":"2025-02-17T13:59:17","slug":"hoecker-verteidigt-vor-dem-olg-koeln-persoenlichkeitsrechte-eines-schoenheitschirurgen-berichterstattung-ueber-angebliche-behandlungsfehler-ohne-anhoerung-des-betroffenen-unzulaessig","status":"publish","type":"post","link":"https:\/\/www.hoecker.eu\/blog\/hoecker-verteidigt-vor-dem-olg-koeln-persoenlichkeitsrechte-eines-schoenheitschirurgen-berichterstattung-ueber-angebliche-behandlungsfehler-ohne-anhoerung-des-betroffenen-unzulaessig\/","title":{"rendered":"H\u00d6CKER verteidigt vor dem OLG K\u00f6ln Pers\u00f6nlichkeitsrechte eines Sch\u00f6nheitschirurgen: Berichterstattung \u00fcber angebliche Behandlungsfehler ohne Anh\u00f6rung des Betroffenen unzul\u00e4ssig."},"content":{"rendered":"<p class=\"flies\">H&Ouml;CKER hat auch in zweiter Instanz vor dem OLG K&ouml;ln erfolgreich die Pers&ouml;nlichkeitsrechte eines Sch&ouml;nheitschirurgen verteidigt: Die Burda Senator Verlag GmbH berichtete in ihrer Zeitschrift &bdquo;Freizeit Spa&szlig;&ldquo; &uuml;ber einen angeblichen Behandlungsfehler des Chirurgen bei einer Sch&ouml;nheitsoperation. Sie sprach von einem &bdquo;Pfusch bei der Sch&ouml;nheits-OP&ldquo; und verbreitete die Behauptung, die Patientin sei nach der Operation nicht richtig gelagert worden, so dass sich wegen zu starken Drucks auf der Operationsnaht eine Blutblase gebildet habe. Dieser Bericht wurde mit einer Fotografie des Chirurgen bebildert, auf der dessen Gesicht g&auml;nzlich verpixelt wurde. Die Fotografie&nbsp;stammte von&nbsp;der Webseite des Chirurgen.<\/p>\n<p class=\"flies\">Bereits das Landgericht K&ouml;ln hatte in erster Instanz die Wortberichterstattung und die Bebilderung des Artikels mit dem verpixelten Foto verboten. Die Berufung der Burda Senator Verlag GmbH blieb erfolglos: Das OLG K&ouml;ln best&auml;tigte mit seinem Urteil vom 03.09.2013, Az. 15 U 37\/13, dass die Berichterstattung unzul&auml;ssig war.<\/p>\n<p class=\"flies\">Zur Wortberichterstattung &uuml;ber den angeblichen Behandlungsfehler stellt das OLG K&ouml;ln fest, dass sie wegen des Verbreitens falscher Tatsachenbehauptungen unzul&auml;ssig war. Das OLG K&ouml;ln best&auml;tigt dar&uuml;ber hinaus, dass der Verlag die Grunds&auml;tze der sogenannten Verdachtsberichterstattung nicht eingehalten habe, welche auch bei einer Berichterstattung &uuml;ber &auml;rztliche Behandlungsfehler ma&szlig;geblich seien. Danach habe der Journalist den Betroffenen anzuh&ouml;ren und diesem Gelegenheit zur Stellungnahme zu geben, bevor er &uuml;ber besonders belastende Umst&auml;nde berichtet. An einer solchen Anh&ouml;rung des Mandanten fehlte es hier.<\/p>\n<p class=\"flies\">Das OLG K&ouml;ln best&auml;tigte auch, dass die Verbreitung des Fotos unzul&auml;ssig war, obwohl das Gesicht des Chirurgen vollst&auml;ndig verpixelt wurde. Dies begr&uuml;ndet das OLG damit, dass der Arzt dennoch&nbsp;identifizierbar gewesen sei. Denn daf&uuml;r reiche der begr&uuml;ndete objektive Verdacht aus, dass der Chirurg anhand dieses Bildes in seinem n&auml;heren Umfeld h&auml;tte erkannt werden k&ouml;nnen. Eine solche Gefahr ergebe sich daraus, dass Teile der Haarpartie sichtbar blieben, der Ort der Klinik&nbsp;im Text genannt wurde und die Fotografie vormals auf der Webseite des Betroffenen verbreitet wurde.<\/p>\n<p class=\"flies\">Dr. Carsten Brennecke:<br \/>&bdquo;<em>Das OLG K&ouml;ln st&auml;rkt mit dieser Entscheidung die Rechte von &Auml;rzten im Zusammenhang mit einer kritischen Berichterstattung &uuml;ber angebliche Behandlungsfehler. Denn das OLG stellt klar, dass eine solche Berichterstattung bereits dann unzul&auml;ssig ist, wenn der Verlag dem Arzt&nbsp;keine Gelegenheit gegeben hat, diese Vorw&uuml;rfe zu entkr&auml;ften. Vom Arzt mitgeteilte entlastende Punkte sind dann in den Bericht aufzunehmen.&ldquo;<\/em><\/p>\n","protected":false},"excerpt":{"rendered":"<p>H&Ouml;CKER hat auch in zweiter Instanz vor dem OLG K&ouml;ln erfolgreich die Pers&ouml;nlichkeitsrechte eines Sch&ouml;nheitschirurgen verteidigt: Die Burda Senator Verlag GmbH berichtete in ihrer Zeitschrift &bdquo;Freizeit Spa&szlig;&ldquo; &uuml;ber einen angeblichen Behandlungsfehler des Chirurgen bei einer Sch&ouml;nheitsoperation. Sie sprach von einem &bdquo;Pfusch bei der Sch&ouml;nheits-OP&ldquo; und verbreitete die Behauptung, die Patientin sei nach der Operation nicht [&hellip;]<\/p>\n","protected":false},"author":1,"featured_media":0,"comment_status":"closed","ping_status":"closed","sticky":false,"template":"","format":"standard","meta":{"_has_post_settings":[],"footnotes":""},"categories":[15],"tags":[],"hashtags":[],"ppma_author":[84],"class_list":["post-8541","post","type-post","status-publish","format-standard","hentry","category-news","author-hoecker_adm"],"yoast_head":"<!-- This site is optimized with the Yoast SEO Premium plugin v25.9 (Yoast SEO v27.0) - https:\/\/yoast.com\/product\/yoast-seo-premium-wordpress\/ -->\n<title>H\u00d6CKER verteidigt vor dem OLG K\u00f6ln Pers\u00f6nlichkeitsrechte eines Sch\u00f6nheitschirurgen: Berichterstattung \u00fcber angebliche Behandlungsfehler ohne Anh\u00f6rung des Betroffenen unzul\u00e4ssig. - H\u00d6CKER - der Blog<\/title>\n<meta name=\"robots\" content=\"index, follow, max-snippet:-1, max-image-preview:large, max-video-preview:-1\" \/>\n<link rel=\"canonical\" href=\"https:\/\/www.hoecker.eu\/blog\/hoecker-verteidigt-vor-dem-olg-koeln-persoenlichkeitsrechte-eines-schoenheitschirurgen-berichterstattung-ueber-angebliche-behandlungsfehler-ohne-anhoerung-des-betroffenen-unzulaessig\/\" \/>\n<meta property=\"og:locale\" content=\"de_DE\" \/>\n<meta property=\"og:type\" content=\"article\" \/>\n<meta property=\"og:title\" content=\"H\u00d6CKER verteidigt vor dem OLG K\u00f6ln Pers\u00f6nlichkeitsrechte eines Sch\u00f6nheitschirurgen: Berichterstattung \u00fcber angebliche Behandlungsfehler ohne Anh\u00f6rung des Betroffenen unzul\u00e4ssig.\" \/>\n<meta property=\"og:description\" content=\"H&Ouml;CKER hat auch in zweiter Instanz vor dem OLG K&ouml;ln erfolgreich die Pers&ouml;nlichkeitsrechte eines Sch&ouml;nheitschirurgen verteidigt: Die Burda Senator Verlag GmbH berichtete in ihrer Zeitschrift &bdquo;Freizeit Spa&szlig;&ldquo; &uuml;ber einen angeblichen Behandlungsfehler des Chirurgen bei einer Sch&ouml;nheitsoperation. Sie sprach von einem &bdquo;Pfusch bei der Sch&ouml;nheits-OP&ldquo; und verbreitete die Behauptung, die Patientin sei nach der Operation nicht [&hellip;]\" \/>\n<meta property=\"og:url\" content=\"https:\/\/www.hoecker.eu\/blog\/hoecker-verteidigt-vor-dem-olg-koeln-persoenlichkeitsrechte-eines-schoenheitschirurgen-berichterstattung-ueber-angebliche-behandlungsfehler-ohne-anhoerung-des-betroffenen-unzulaessig\/\" \/>\n<meta property=\"og:site_name\" content=\"H\u00d6CKER - der Blog\" \/>\n<meta property=\"article:publisher\" content=\"https:\/\/www.facebook.com\/HoeckerRAe\/\" \/>\n<meta property=\"article:author\" content=\"https:\/\/www.facebook.com\/ralf.hoecker\" \/>\n<meta property=\"article:published_time\" content=\"2016-05-09T19:08:09+00:00\" \/>\n<meta property=\"article:modified_time\" content=\"2025-02-17T13:59:17+00:00\" \/>\n<meta name=\"author\" content=\"Prof. Dr. Ralf H\u00f6cker\" \/>\n<meta name=\"twitter:card\" content=\"summary_large_image\" \/>\n<meta name=\"twitter:creator\" content=\"@Ralf_Hoecker\" \/>\n<meta name=\"twitter:site\" content=\"@hoecker_rae\" \/>\n<meta name=\"twitter:label1\" content=\"Verfasst von\" \/>\n\t<meta name=\"twitter:data1\" content=\"Prof. Dr. Ralf H\u00f6cker\" \/>\n\t<meta name=\"twitter:label2\" content=\"Gesch\u00e4tzte Lesezeit\" \/>\n\t<meta name=\"twitter:data2\" content=\"2\u00a0Minuten\" \/>\n<script type=\"application\/ld+json\" class=\"yoast-schema-graph\">{\"@context\":\"https:\/\/schema.org\",\"@graph\":[{\"@type\":\"Article\",\"@id\":\"https:\/\/www.hoecker.eu\/blog\/hoecker-verteidigt-vor-dem-olg-koeln-persoenlichkeitsrechte-eines-schoenheitschirurgen-berichterstattung-ueber-angebliche-behandlungsfehler-ohne-anhoerung-des-betroffenen-unzulaessig\/#article\",\"isPartOf\":{\"@id\":\"https:\/\/www.hoecker.eu\/blog\/hoecker-verteidigt-vor-dem-olg-koeln-persoenlichkeitsrechte-eines-schoenheitschirurgen-berichterstattung-ueber-angebliche-behandlungsfehler-ohne-anhoerung-des-betroffenen-unzulaessig\/\"},\"author\":{\"name\":\"Prof. Dr. Ralf H\u00f6cker\",\"@id\":\"https:\/\/www.hoecker.eu\/blog\/#\/schema\/person\/08f95581eed0534eccd0b2438f7a1cab\"},\"headline\":\"H\u00d6CKER verteidigt vor dem OLG K\u00f6ln Pers\u00f6nlichkeitsrechte eines Sch\u00f6nheitschirurgen: Berichterstattung \u00fcber angebliche Behandlungsfehler ohne Anh\u00f6rung des Betroffenen unzul\u00e4ssig.\",\"datePublished\":\"2016-05-09T19:08:09+00:00\",\"dateModified\":\"2025-02-17T13:59:17+00:00\",\"mainEntityOfPage\":{\"@id\":\"https:\/\/www.hoecker.eu\/blog\/hoecker-verteidigt-vor-dem-olg-koeln-persoenlichkeitsrechte-eines-schoenheitschirurgen-berichterstattung-ueber-angebliche-behandlungsfehler-ohne-anhoerung-des-betroffenen-unzulaessig\/\"},\"wordCount\":477,\"publisher\":{\"@id\":\"https:\/\/www.hoecker.eu\/blog\/#organization\"},\"articleSection\":[\"News\"],\"inLanguage\":\"de\"},{\"@type\":\"WebPage\",\"@id\":\"https:\/\/www.hoecker.eu\/blog\/hoecker-verteidigt-vor-dem-olg-koeln-persoenlichkeitsrechte-eines-schoenheitschirurgen-berichterstattung-ueber-angebliche-behandlungsfehler-ohne-anhoerung-des-betroffenen-unzulaessig\/\",\"url\":\"https:\/\/www.hoecker.eu\/blog\/hoecker-verteidigt-vor-dem-olg-koeln-persoenlichkeitsrechte-eines-schoenheitschirurgen-berichterstattung-ueber-angebliche-behandlungsfehler-ohne-anhoerung-des-betroffenen-unzulaessig\/\",\"name\":\"H\u00d6CKER verteidigt vor dem OLG K\u00f6ln Pers\u00f6nlichkeitsrechte eines Sch\u00f6nheitschirurgen: Berichterstattung \u00fcber angebliche Behandlungsfehler ohne Anh\u00f6rung des Betroffenen unzul\u00e4ssig. - H\u00d6CKER - der Blog\",\"isPartOf\":{\"@id\":\"https:\/\/www.hoecker.eu\/blog\/#website\"},\"datePublished\":\"2016-05-09T19:08:09+00:00\",\"dateModified\":\"2025-02-17T13:59:17+00:00\",\"breadcrumb\":{\"@id\":\"https:\/\/www.hoecker.eu\/blog\/hoecker-verteidigt-vor-dem-olg-koeln-persoenlichkeitsrechte-eines-schoenheitschirurgen-berichterstattung-ueber-angebliche-behandlungsfehler-ohne-anhoerung-des-betroffenen-unzulaessig\/#breadcrumb\"},\"inLanguage\":\"de\",\"potentialAction\":[{\"@type\":\"ReadAction\",\"target\":[\"https:\/\/www.hoecker.eu\/blog\/hoecker-verteidigt-vor-dem-olg-koeln-persoenlichkeitsrechte-eines-schoenheitschirurgen-berichterstattung-ueber-angebliche-behandlungsfehler-ohne-anhoerung-des-betroffenen-unzulaessig\/\"]}]},{\"@type\":\"BreadcrumbList\",\"@id\":\"https:\/\/www.hoecker.eu\/blog\/hoecker-verteidigt-vor-dem-olg-koeln-persoenlichkeitsrechte-eines-schoenheitschirurgen-berichterstattung-ueber-angebliche-behandlungsfehler-ohne-anhoerung-des-betroffenen-unzulaessig\/#breadcrumb\",\"itemListElement\":[{\"@type\":\"ListItem\",\"position\":1,\"name\":\"Startseite\",\"item\":\"https:\/\/dev.hoecker.eu\/blog\/\"},{\"@type\":\"ListItem\",\"position\":2,\"name\":\"H\u00d6CKER verteidigt vor dem OLG K\u00f6ln Pers\u00f6nlichkeitsrechte eines Sch\u00f6nheitschirurgen: Berichterstattung \u00fcber angebliche Behandlungsfehler ohne Anh\u00f6rung des Betroffenen unzul\u00e4ssig.\"}]},{\"@type\":\"WebSite\",\"@id\":\"https:\/\/www.hoecker.eu\/blog\/#website\",\"url\":\"https:\/\/www.hoecker.eu\/blog\/\",\"name\":\"H\u00d6CKER - der Blog\",\"description\":\"Expertenblog f\u00fcr \u00c4u\u00dferungs-, Medien-, Marken-, Urheber- und Wettbewerbsrecht.\",\"publisher\":{\"@id\":\"https:\/\/www.hoecker.eu\/blog\/#organization\"},\"potentialAction\":[{\"@type\":\"SearchAction\",\"target\":{\"@type\":\"EntryPoint\",\"urlTemplate\":\"https:\/\/www.hoecker.eu\/blog\/?s={search_term_string}\"},\"query-input\":{\"@type\":\"PropertyValueSpecification\",\"valueRequired\":true,\"valueName\":\"search_term_string\"}}],\"inLanguage\":\"de\"},{\"@type\":\"Organization\",\"@id\":\"https:\/\/www.hoecker.eu\/blog\/#organization\",\"name\":\"H\u00d6CKER Rechtsanw\u00e4lte PartGmbB\",\"alternateName\":\"H\u00d6CKER\",\"url\":\"https:\/\/www.hoecker.eu\/blog\/\",\"logo\":{\"@type\":\"ImageObject\",\"inLanguage\":\"de\",\"@id\":\"https:\/\/www.hoecker.eu\/blog\/#\/schema\/logo\/image\/\",\"url\":\"https:\/\/www.hoecker.eu\/blog\/wp-content\/uploads\/2025\/03\/Blog-Logo.webp\",\"contentUrl\":\"https:\/\/www.hoecker.eu\/blog\/wp-content\/uploads\/2025\/03\/Blog-Logo.webp\",\"width\":500,\"height\":500,\"caption\":\"H\u00d6CKER Rechtsanw\u00e4lte PartGmbB\"},\"image\":{\"@id\":\"https:\/\/www.hoecker.eu\/blog\/#\/schema\/logo\/image\/\"},\"sameAs\":[\"https:\/\/www.facebook.com\/HoeckerRAe\/\",\"https:\/\/x.com\/hoecker_rae\",\"https:\/\/www.linkedin.com\/company\/hcker-rechtsanwlte\/\",\"https:\/\/www.instagram.com\/hoecker_rae\/\"],\"email\":\"contact@hoecker.eu\",\"telephone\":\"+ 49 (0)221-933 19-10\",\"legalName\":\"H\u00d6CKER Rechtsanw\u00e4lte PartGmbB\",\"numberOfEmployees\":{\"@type\":\"QuantitativeValue\",\"minValue\":\"11\",\"maxValue\":\"50\"}},{\"@type\":\"Person\",\"@id\":\"https:\/\/www.hoecker.eu\/blog\/#\/schema\/person\/08f95581eed0534eccd0b2438f7a1cab\",\"name\":\"Prof. Dr. Ralf H\u00f6cker\",\"description\":\"Medienanwalt. Besch\u00fctzer vor mieser Presse\",\"sameAs\":[\"https:\/\/www.hoecker.eu\/wer\/prof-dr-ralf-hoecker\",\"https:\/\/www.facebook.com\/ralf.hoecker\",\"https:\/\/www.linkedin.com\/in\/prof-dr-ralf-hcker-ll-m-london-17987826\/\",\"https:\/\/x.com\/Ralf_Hoecker\"],\"url\":\"https:\/\/www.hoecker.eu\/blog\/author\/hoecker_adm\/\"}]}<\/script>\n<!-- \/ Yoast SEO Premium plugin. -->","yoast_head_json":{"title":"H\u00d6CKER verteidigt vor dem OLG K\u00f6ln Pers\u00f6nlichkeitsrechte eines Sch\u00f6nheitschirurgen: Berichterstattung \u00fcber angebliche Behandlungsfehler ohne Anh\u00f6rung des Betroffenen unzul\u00e4ssig. - H\u00d6CKER - der Blog","robots":{"index":"index","follow":"follow","max-snippet":"max-snippet:-1","max-image-preview":"max-image-preview:large","max-video-preview":"max-video-preview:-1"},"canonical":"https:\/\/www.hoecker.eu\/blog\/hoecker-verteidigt-vor-dem-olg-koeln-persoenlichkeitsrechte-eines-schoenheitschirurgen-berichterstattung-ueber-angebliche-behandlungsfehler-ohne-anhoerung-des-betroffenen-unzulaessig\/","og_locale":"de_DE","og_type":"article","og_title":"H\u00d6CKER verteidigt vor dem OLG K\u00f6ln Pers\u00f6nlichkeitsrechte eines Sch\u00f6nheitschirurgen: Berichterstattung \u00fcber angebliche Behandlungsfehler ohne Anh\u00f6rung des Betroffenen unzul\u00e4ssig.","og_description":"H&Ouml;CKER hat auch in zweiter Instanz vor dem OLG K&ouml;ln erfolgreich die Pers&ouml;nlichkeitsrechte eines Sch&ouml;nheitschirurgen verteidigt: Die Burda Senator Verlag GmbH berichtete in ihrer Zeitschrift &bdquo;Freizeit Spa&szlig;&ldquo; &uuml;ber einen angeblichen Behandlungsfehler des Chirurgen bei einer Sch&ouml;nheitsoperation. Sie sprach von einem &bdquo;Pfusch bei der Sch&ouml;nheits-OP&ldquo; und verbreitete die Behauptung, die Patientin sei nach der Operation nicht [&hellip;]","og_url":"https:\/\/www.hoecker.eu\/blog\/hoecker-verteidigt-vor-dem-olg-koeln-persoenlichkeitsrechte-eines-schoenheitschirurgen-berichterstattung-ueber-angebliche-behandlungsfehler-ohne-anhoerung-des-betroffenen-unzulaessig\/","og_site_name":"H\u00d6CKER - der Blog","article_publisher":"https:\/\/www.facebook.com\/HoeckerRAe\/","article_author":"https:\/\/www.facebook.com\/ralf.hoecker","article_published_time":"2016-05-09T19:08:09+00:00","article_modified_time":"2025-02-17T13:59:17+00:00","author":"Prof. Dr. Ralf H\u00f6cker","twitter_card":"summary_large_image","twitter_creator":"@Ralf_Hoecker","twitter_site":"@hoecker_rae","twitter_misc":{"Verfasst von":"Prof. Dr. Ralf H\u00f6cker","Gesch\u00e4tzte Lesezeit":"2\u00a0Minuten"},"schema":{"@context":"https:\/\/schema.org","@graph":[{"@type":"Article","@id":"https:\/\/www.hoecker.eu\/blog\/hoecker-verteidigt-vor-dem-olg-koeln-persoenlichkeitsrechte-eines-schoenheitschirurgen-berichterstattung-ueber-angebliche-behandlungsfehler-ohne-anhoerung-des-betroffenen-unzulaessig\/#article","isPartOf":{"@id":"https:\/\/www.hoecker.eu\/blog\/hoecker-verteidigt-vor-dem-olg-koeln-persoenlichkeitsrechte-eines-schoenheitschirurgen-berichterstattung-ueber-angebliche-behandlungsfehler-ohne-anhoerung-des-betroffenen-unzulaessig\/"},"author":{"name":"Prof. Dr. Ralf H\u00f6cker","@id":"https:\/\/www.hoecker.eu\/blog\/#\/schema\/person\/08f95581eed0534eccd0b2438f7a1cab"},"headline":"H\u00d6CKER verteidigt vor dem OLG K\u00f6ln Pers\u00f6nlichkeitsrechte eines Sch\u00f6nheitschirurgen: Berichterstattung \u00fcber angebliche Behandlungsfehler ohne Anh\u00f6rung des Betroffenen unzul\u00e4ssig.","datePublished":"2016-05-09T19:08:09+00:00","dateModified":"2025-02-17T13:59:17+00:00","mainEntityOfPage":{"@id":"https:\/\/www.hoecker.eu\/blog\/hoecker-verteidigt-vor-dem-olg-koeln-persoenlichkeitsrechte-eines-schoenheitschirurgen-berichterstattung-ueber-angebliche-behandlungsfehler-ohne-anhoerung-des-betroffenen-unzulaessig\/"},"wordCount":477,"publisher":{"@id":"https:\/\/www.hoecker.eu\/blog\/#organization"},"articleSection":["News"],"inLanguage":"de"},{"@type":"WebPage","@id":"https:\/\/www.hoecker.eu\/blog\/hoecker-verteidigt-vor-dem-olg-koeln-persoenlichkeitsrechte-eines-schoenheitschirurgen-berichterstattung-ueber-angebliche-behandlungsfehler-ohne-anhoerung-des-betroffenen-unzulaessig\/","url":"https:\/\/www.hoecker.eu\/blog\/hoecker-verteidigt-vor-dem-olg-koeln-persoenlichkeitsrechte-eines-schoenheitschirurgen-berichterstattung-ueber-angebliche-behandlungsfehler-ohne-anhoerung-des-betroffenen-unzulaessig\/","name":"H\u00d6CKER verteidigt vor dem OLG K\u00f6ln Pers\u00f6nlichkeitsrechte eines Sch\u00f6nheitschirurgen: Berichterstattung \u00fcber angebliche Behandlungsfehler ohne Anh\u00f6rung des Betroffenen unzul\u00e4ssig. - H\u00d6CKER - der Blog","isPartOf":{"@id":"https:\/\/www.hoecker.eu\/blog\/#website"},"datePublished":"2016-05-09T19:08:09+00:00","dateModified":"2025-02-17T13:59:17+00:00","breadcrumb":{"@id":"https:\/\/www.hoecker.eu\/blog\/hoecker-verteidigt-vor-dem-olg-koeln-persoenlichkeitsrechte-eines-schoenheitschirurgen-berichterstattung-ueber-angebliche-behandlungsfehler-ohne-anhoerung-des-betroffenen-unzulaessig\/#breadcrumb"},"inLanguage":"de","potentialAction":[{"@type":"ReadAction","target":["https:\/\/www.hoecker.eu\/blog\/hoecker-verteidigt-vor-dem-olg-koeln-persoenlichkeitsrechte-eines-schoenheitschirurgen-berichterstattung-ueber-angebliche-behandlungsfehler-ohne-anhoerung-des-betroffenen-unzulaessig\/"]}]},{"@type":"BreadcrumbList","@id":"https:\/\/www.hoecker.eu\/blog\/hoecker-verteidigt-vor-dem-olg-koeln-persoenlichkeitsrechte-eines-schoenheitschirurgen-berichterstattung-ueber-angebliche-behandlungsfehler-ohne-anhoerung-des-betroffenen-unzulaessig\/#breadcrumb","itemListElement":[{"@type":"ListItem","position":1,"name":"Startseite","item":"https:\/\/dev.hoecker.eu\/blog\/"},{"@type":"ListItem","position":2,"name":"H\u00d6CKER verteidigt vor dem OLG K\u00f6ln Pers\u00f6nlichkeitsrechte eines Sch\u00f6nheitschirurgen: Berichterstattung \u00fcber angebliche Behandlungsfehler ohne Anh\u00f6rung des Betroffenen unzul\u00e4ssig."}]},{"@type":"WebSite","@id":"https:\/\/www.hoecker.eu\/blog\/#website","url":"https:\/\/www.hoecker.eu\/blog\/","name":"H\u00d6CKER - der Blog","description":"Expertenblog f\u00fcr \u00c4u\u00dferungs-, Medien-, Marken-, Urheber- und Wettbewerbsrecht.","publisher":{"@id":"https:\/\/www.hoecker.eu\/blog\/#organization"},"potentialAction":[{"@type":"SearchAction","target":{"@type":"EntryPoint","urlTemplate":"https:\/\/www.hoecker.eu\/blog\/?s={search_term_string}"},"query-input":{"@type":"PropertyValueSpecification","valueRequired":true,"valueName":"search_term_string"}}],"inLanguage":"de"},{"@type":"Organization","@id":"https:\/\/www.hoecker.eu\/blog\/#organization","name":"H\u00d6CKER Rechtsanw\u00e4lte PartGmbB","alternateName":"H\u00d6CKER","url":"https:\/\/www.hoecker.eu\/blog\/","logo":{"@type":"ImageObject","inLanguage":"de","@id":"https:\/\/www.hoecker.eu\/blog\/#\/schema\/logo\/image\/","url":"https:\/\/www.hoecker.eu\/blog\/wp-content\/uploads\/2025\/03\/Blog-Logo.webp","contentUrl":"https:\/\/www.hoecker.eu\/blog\/wp-content\/uploads\/2025\/03\/Blog-Logo.webp","width":500,"height":500,"caption":"H\u00d6CKER Rechtsanw\u00e4lte PartGmbB"},"image":{"@id":"https:\/\/www.hoecker.eu\/blog\/#\/schema\/logo\/image\/"},"sameAs":["https:\/\/www.facebook.com\/HoeckerRAe\/","https:\/\/x.com\/hoecker_rae","https:\/\/www.linkedin.com\/company\/hcker-rechtsanwlte\/","https:\/\/www.instagram.com\/hoecker_rae\/"],"email":"contact@hoecker.eu","telephone":"+ 49 (0)221-933 19-10","legalName":"H\u00d6CKER Rechtsanw\u00e4lte PartGmbB","numberOfEmployees":{"@type":"QuantitativeValue","minValue":"11","maxValue":"50"}},{"@type":"Person","@id":"https:\/\/www.hoecker.eu\/blog\/#\/schema\/person\/08f95581eed0534eccd0b2438f7a1cab","name":"Prof. Dr. Ralf H\u00f6cker","description":"Medienanwalt. Besch\u00fctzer vor mieser Presse","sameAs":["https:\/\/www.hoecker.eu\/wer\/prof-dr-ralf-hoecker","https:\/\/www.facebook.com\/ralf.hoecker","https:\/\/www.linkedin.com\/in\/prof-dr-ralf-hcker-ll-m-london-17987826\/","https:\/\/x.com\/Ralf_Hoecker"],"url":"https:\/\/www.hoecker.eu\/blog\/author\/hoecker_adm\/"}]}},"authors":[{"term_id":84,"user_id":1,"is_guest":0,"slug":"hoecker_adm","display_name":"Prof. Dr. Ralf H\u00f6cker","avatar_url":{"url":"https:\/\/www.hoecker.eu\/blog\/wp-content\/uploads\/2023\/12\/ProfDrRalfHoecker.jpg","url2x":"https:\/\/www.hoecker.eu\/blog\/wp-content\/uploads\/2023\/12\/ProfDrRalfHoecker.jpg"},"0":null,"1":"","2":"","3":"","4":"","5":"","6":"","7":"","8":"","9":"","10":"","11":""}],"_links":{"self":[{"href":"https:\/\/www.hoecker.eu\/blog\/wp-json\/wp\/v2\/posts\/8541","targetHints":{"allow":["GET"]}}],"collection":[{"href":"https:\/\/www.hoecker.eu\/blog\/wp-json\/wp\/v2\/posts"}],"about":[{"href":"https:\/\/www.hoecker.eu\/blog\/wp-json\/wp\/v2\/types\/post"}],"author":[{"embeddable":true,"href":"https:\/\/www.hoecker.eu\/blog\/wp-json\/wp\/v2\/users\/1"}],"replies":[{"embeddable":true,"href":"https:\/\/www.hoecker.eu\/blog\/wp-json\/wp\/v2\/comments?post=8541"}],"version-history":[{"count":1,"href":"https:\/\/www.hoecker.eu\/blog\/wp-json\/wp\/v2\/posts\/8541\/revisions"}],"predecessor-version":[{"id":9663,"href":"https:\/\/www.hoecker.eu\/blog\/wp-json\/wp\/v2\/posts\/8541\/revisions\/9663"}],"wp:attachment":[{"href":"https:\/\/www.hoecker.eu\/blog\/wp-json\/wp\/v2\/media?parent=8541"}],"wp:term":[{"taxonomy":"category","embeddable":true,"href":"https:\/\/www.hoecker.eu\/blog\/wp-json\/wp\/v2\/categories?post=8541"},{"taxonomy":"post_tag","embeddable":true,"href":"https:\/\/www.hoecker.eu\/blog\/wp-json\/wp\/v2\/tags?post=8541"},{"taxonomy":"hashtags","embeddable":true,"href":"https:\/\/www.hoecker.eu\/blog\/wp-json\/wp\/v2\/hashtags?post=8541"},{"taxonomy":"author","embeddable":true,"href":"https:\/\/www.hoecker.eu\/blog\/wp-json\/wp\/v2\/ppma_author?post=8541"}],"curies":[{"name":"wp","href":"https:\/\/api.w.org\/{rel}","templated":true}]}}