{"id":8538,"date":"2016-05-09T21:09:00","date_gmt":"2016-05-09T19:09:00","guid":{"rendered":"https:\/\/www.hoecker.eu\/blog\/prof-dr-strauer-wehrt-sich-mit-hoecker-erfolgreich-gegen-strafvorwuerfe-in-der-rheinischen-post-die-sich-hinter-informantenschutz-versteckt\/"},"modified":"2025-02-17T14:59:15","modified_gmt":"2025-02-17T13:59:15","slug":"prof-dr-strauer-wehrt-sich-mit-hoecker-erfolgreich-gegen-strafvorwuerfe-in-der-rheinischen-post-die-sich-hinter-informantenschutz-versteckt","status":"publish","type":"post","link":"https:\/\/www.hoecker.eu\/blog\/prof-dr-strauer-wehrt-sich-mit-hoecker-erfolgreich-gegen-strafvorwuerfe-in-der-rheinischen-post-die-sich-hinter-informantenschutz-versteckt\/","title":{"rendered":"Prof. Dr. Strauer wehrt sich mit H\u00d6CKER erfolgreich gegen Strafvorw\u00fcrfe in der Rheinischen Post, die sich hinter Informantenschutz versteckt."},"content":{"rendered":"<p><span class=\"flies\">Prof. Dr. Bodo-Eckehard Strauer war langj\u00e4hriger Leiter der Kardiologie der Heinrich-Heine-Universit\u00e4t D\u00fcsseldorf. Seit 2001 behandelte der Herzinfarkt-Patienten mit sog. adulten Stammzellen. In diesem erstmals von Prof. Strauer durchgef\u00fchrten Verfahren werden Stammzellen aus dem Beckenknochen entnommen, aufbereitet und in das vom Infarkt betroffene Herzgewebe injiziert. <\/p>\n<p>Im Dezember 2012 ver\u00f6ffentlichte die Rheinische Post einen Artikel, in dem eine Vielzahl von Vorw\u00fcrfen gegen Prof. Dr. Strauer erhoben wurde, u.a. fehlende vorherige Wirksamkeit- bzw. Vertr\u00e4glichkeitsstudien, medizinisches Fehlverhalten sowie eine m\u00f6gliche Strafbarkeit.<\/p>\n<p>Prof. Dr. Strauer setzte sich gegen diese haltlosen Verd\u00e4chtigungen zu Wehr und beantragte eine einstweilige Verf\u00fcgung, die am 15.01.2013 auch erlassen wurde. Die Rheinische Post legte hiergegen Widerspruch ein und behauptete, \u00fcber Quellen zu verf\u00fcgen, die die ver\u00f6ffentlichten Verd\u00e4chtigungen belegen w\u00fcrden. Einzelheiten dazu, wer ihre Quelle sei sowie was der Rheinischen Post genau geschildert worden sei, machte sie jedoch nicht.<\/p>\n<p>Das Landgericht stellte in seinem Urteil vom 03.04.2013 (Az.: 28 O 4\/13) fest, dass die Rheinische Post bei ihrer Ver\u00f6ffentlichung nicht die von der Rechtsprechung aufgestellten Grunds\u00e4tze \u00fcber eine Verdachtsberichterstattung einhielt. So fehlte es bereits an dem elementaren Element eines objektiven Mindestbestands an Beweistatsachen f\u00fcr die konkret ge\u00e4u\u00dferten Verdachte. <\/p>\n<p>Da die Rheinische Post hier unzweifelhaft ehrenr\u00fchrige Behauptung aufstellte, trifft sie eine erweiterte Darlegungslast, selbst wenn sie sich auf ihr Redaktionsgeheimnis berufen wollte. Denn auch ein Redaktionsgeheimnis darf nicht dazu f\u00fchren, den Schutz vor Eingriffen in das Pers\u00f6nlichkeitsrecht des Betroffenen faktisch auszuhebeln. Andernfalls m\u00fcsste der Betroffene den Negativbeweis dar\u00fcber f\u00fchren , dass der gegen ihn gerichtete Verdacht nicht zutrifft. Im Ergebnis w\u00e4re dies die Umkehr der Unschuldsvermutung.<\/p>\n<p>Da die Rheinische Post jedoch nicht einmal Umst\u00e4nde vortrug, aus denen sich Anhaltspunkte f\u00fcr die Richtigkeit der ver\u00f6ffentlichten Verdachtspunkte ergeben h\u00e4tten, ist sie ihrer journalistischen Sorgfaltspflicht nicht nachkommen. Dies mit der Folge, dass dann das allgemeine Pers\u00f6nlichkeitsrecht des Betroffenen ein etwaiges Berichterstattungsinteresse \u00fcberwiegt. <\/p>\n<p>Die Rheinische Post hat das Urteil des Landgerichts K\u00f6ln inzwischen als endg\u00fcltige und zwischen den Parteien verbindliche Regelung anerkannt.<br \/><\/span><\/p>\n","protected":false},"excerpt":{"rendered":"<p>Prof. Dr. Bodo-Eckehard Strauer war langj\u00e4hriger Leiter der Kardiologie der Heinrich-Heine-Universit\u00e4t D\u00fcsseldorf. Seit 2001 behandelte der Herzinfarkt-Patienten mit sog. adulten Stammzellen. In diesem erstmals von Prof. Strauer durchgef\u00fchrten Verfahren werden Stammzellen aus dem Beckenknochen entnommen, aufbereitet und in das vom Infarkt betroffene Herzgewebe injiziert. Im Dezember 2012 ver\u00f6ffentlichte die Rheinische Post einen Artikel, in dem [&hellip;]<\/p>\n","protected":false},"author":1,"featured_media":0,"comment_status":"closed","ping_status":"closed","sticky":false,"template":"","format":"standard","meta":{"_has_post_settings":[],"footnotes":""},"categories":[15],"tags":[],"hashtags":[],"ppma_author":[84],"class_list":["post-8538","post","type-post","status-publish","format-standard","hentry","category-news","author-hoecker_adm"],"yoast_head":"<!-- This site is optimized with the Yoast SEO Premium plugin v25.9 (Yoast SEO v27.0) - https:\/\/yoast.com\/product\/yoast-seo-premium-wordpress\/ -->\n<title>Prof. Dr. Strauer wehrt sich mit H\u00d6CKER erfolgreich gegen Strafvorw\u00fcrfe in der Rheinischen Post, die sich hinter Informantenschutz versteckt. - H\u00d6CKER - der Blog<\/title>\n<meta name=\"robots\" content=\"index, follow, max-snippet:-1, max-image-preview:large, max-video-preview:-1\" \/>\n<link rel=\"canonical\" href=\"https:\/\/www.hoecker.eu\/blog\/prof-dr-strauer-wehrt-sich-mit-hoecker-erfolgreich-gegen-strafvorwuerfe-in-der-rheinischen-post-die-sich-hinter-informantenschutz-versteckt\/\" \/>\n<meta property=\"og:locale\" content=\"de_DE\" \/>\n<meta property=\"og:type\" content=\"article\" \/>\n<meta property=\"og:title\" content=\"Prof. Dr. Strauer wehrt sich mit H\u00d6CKER erfolgreich gegen Strafvorw\u00fcrfe in der Rheinischen Post, die sich hinter Informantenschutz versteckt.\" \/>\n<meta property=\"og:description\" content=\"Prof. Dr. Bodo-Eckehard Strauer war langj\u00e4hriger Leiter der Kardiologie der Heinrich-Heine-Universit\u00e4t D\u00fcsseldorf. Seit 2001 behandelte der Herzinfarkt-Patienten mit sog. adulten Stammzellen. In diesem erstmals von Prof. Strauer durchgef\u00fchrten Verfahren werden Stammzellen aus dem Beckenknochen entnommen, aufbereitet und in das vom Infarkt betroffene Herzgewebe injiziert. Im Dezember 2012 ver\u00f6ffentlichte die Rheinische Post einen Artikel, in dem [&hellip;]\" \/>\n<meta property=\"og:url\" content=\"https:\/\/www.hoecker.eu\/blog\/prof-dr-strauer-wehrt-sich-mit-hoecker-erfolgreich-gegen-strafvorwuerfe-in-der-rheinischen-post-die-sich-hinter-informantenschutz-versteckt\/\" \/>\n<meta property=\"og:site_name\" content=\"H\u00d6CKER - der Blog\" \/>\n<meta property=\"article:publisher\" content=\"https:\/\/www.facebook.com\/HoeckerRAe\/\" \/>\n<meta property=\"article:author\" content=\"https:\/\/www.facebook.com\/ralf.hoecker\" \/>\n<meta property=\"article:published_time\" content=\"2016-05-09T19:09:00+00:00\" \/>\n<meta property=\"article:modified_time\" content=\"2025-02-17T13:59:15+00:00\" \/>\n<meta name=\"author\" content=\"Prof. Dr. Ralf H\u00f6cker\" \/>\n<meta name=\"twitter:card\" content=\"summary_large_image\" \/>\n<meta name=\"twitter:creator\" content=\"@Ralf_Hoecker\" \/>\n<meta name=\"twitter:site\" content=\"@hoecker_rae\" \/>\n<meta name=\"twitter:label1\" content=\"Verfasst von\" \/>\n\t<meta name=\"twitter:data1\" content=\"Prof. Dr. Ralf H\u00f6cker\" \/>\n\t<meta name=\"twitter:label2\" content=\"Gesch\u00e4tzte Lesezeit\" \/>\n\t<meta name=\"twitter:data2\" content=\"2\u00a0Minuten\" \/>\n<script type=\"application\/ld+json\" class=\"yoast-schema-graph\">{\"@context\":\"https:\/\/schema.org\",\"@graph\":[{\"@type\":\"Article\",\"@id\":\"https:\/\/www.hoecker.eu\/blog\/prof-dr-strauer-wehrt-sich-mit-hoecker-erfolgreich-gegen-strafvorwuerfe-in-der-rheinischen-post-die-sich-hinter-informantenschutz-versteckt\/#article\",\"isPartOf\":{\"@id\":\"https:\/\/www.hoecker.eu\/blog\/prof-dr-strauer-wehrt-sich-mit-hoecker-erfolgreich-gegen-strafvorwuerfe-in-der-rheinischen-post-die-sich-hinter-informantenschutz-versteckt\/\"},\"author\":{\"name\":\"Prof. Dr. Ralf H\u00f6cker\",\"@id\":\"https:\/\/www.hoecker.eu\/blog\/#\/schema\/person\/08f95581eed0534eccd0b2438f7a1cab\"},\"headline\":\"Prof. Dr. Strauer wehrt sich mit H\u00d6CKER erfolgreich gegen Strafvorw\u00fcrfe in der Rheinischen Post, die sich hinter Informantenschutz versteckt.\",\"datePublished\":\"2016-05-09T19:09:00+00:00\",\"dateModified\":\"2025-02-17T13:59:15+00:00\",\"mainEntityOfPage\":{\"@id\":\"https:\/\/www.hoecker.eu\/blog\/prof-dr-strauer-wehrt-sich-mit-hoecker-erfolgreich-gegen-strafvorwuerfe-in-der-rheinischen-post-die-sich-hinter-informantenschutz-versteckt\/\"},\"wordCount\":363,\"publisher\":{\"@id\":\"https:\/\/www.hoecker.eu\/blog\/#organization\"},\"articleSection\":[\"News\"],\"inLanguage\":\"de\"},{\"@type\":\"WebPage\",\"@id\":\"https:\/\/www.hoecker.eu\/blog\/prof-dr-strauer-wehrt-sich-mit-hoecker-erfolgreich-gegen-strafvorwuerfe-in-der-rheinischen-post-die-sich-hinter-informantenschutz-versteckt\/\",\"url\":\"https:\/\/www.hoecker.eu\/blog\/prof-dr-strauer-wehrt-sich-mit-hoecker-erfolgreich-gegen-strafvorwuerfe-in-der-rheinischen-post-die-sich-hinter-informantenschutz-versteckt\/\",\"name\":\"Prof. Dr. Strauer wehrt sich mit H\u00d6CKER erfolgreich gegen Strafvorw\u00fcrfe in der Rheinischen Post, die sich hinter Informantenschutz versteckt. - H\u00d6CKER - der Blog\",\"isPartOf\":{\"@id\":\"https:\/\/www.hoecker.eu\/blog\/#website\"},\"datePublished\":\"2016-05-09T19:09:00+00:00\",\"dateModified\":\"2025-02-17T13:59:15+00:00\",\"breadcrumb\":{\"@id\":\"https:\/\/www.hoecker.eu\/blog\/prof-dr-strauer-wehrt-sich-mit-hoecker-erfolgreich-gegen-strafvorwuerfe-in-der-rheinischen-post-die-sich-hinter-informantenschutz-versteckt\/#breadcrumb\"},\"inLanguage\":\"de\",\"potentialAction\":[{\"@type\":\"ReadAction\",\"target\":[\"https:\/\/www.hoecker.eu\/blog\/prof-dr-strauer-wehrt-sich-mit-hoecker-erfolgreich-gegen-strafvorwuerfe-in-der-rheinischen-post-die-sich-hinter-informantenschutz-versteckt\/\"]}]},{\"@type\":\"BreadcrumbList\",\"@id\":\"https:\/\/www.hoecker.eu\/blog\/prof-dr-strauer-wehrt-sich-mit-hoecker-erfolgreich-gegen-strafvorwuerfe-in-der-rheinischen-post-die-sich-hinter-informantenschutz-versteckt\/#breadcrumb\",\"itemListElement\":[{\"@type\":\"ListItem\",\"position\":1,\"name\":\"Startseite\",\"item\":\"https:\/\/dev.hoecker.eu\/blog\/\"},{\"@type\":\"ListItem\",\"position\":2,\"name\":\"Prof. Dr. Strauer wehrt sich mit H\u00d6CKER erfolgreich gegen Strafvorw\u00fcrfe in der Rheinischen Post, die sich hinter Informantenschutz versteckt.\"}]},{\"@type\":\"WebSite\",\"@id\":\"https:\/\/www.hoecker.eu\/blog\/#website\",\"url\":\"https:\/\/www.hoecker.eu\/blog\/\",\"name\":\"H\u00d6CKER - der Blog\",\"description\":\"Expertenblog f\u00fcr \u00c4u\u00dferungs-, Medien-, Marken-, Urheber- und Wettbewerbsrecht.\",\"publisher\":{\"@id\":\"https:\/\/www.hoecker.eu\/blog\/#organization\"},\"potentialAction\":[{\"@type\":\"SearchAction\",\"target\":{\"@type\":\"EntryPoint\",\"urlTemplate\":\"https:\/\/www.hoecker.eu\/blog\/?s={search_term_string}\"},\"query-input\":{\"@type\":\"PropertyValueSpecification\",\"valueRequired\":true,\"valueName\":\"search_term_string\"}}],\"inLanguage\":\"de\"},{\"@type\":\"Organization\",\"@id\":\"https:\/\/www.hoecker.eu\/blog\/#organization\",\"name\":\"H\u00d6CKER Rechtsanw\u00e4lte PartGmbB\",\"alternateName\":\"H\u00d6CKER\",\"url\":\"https:\/\/www.hoecker.eu\/blog\/\",\"logo\":{\"@type\":\"ImageObject\",\"inLanguage\":\"de\",\"@id\":\"https:\/\/www.hoecker.eu\/blog\/#\/schema\/logo\/image\/\",\"url\":\"https:\/\/www.hoecker.eu\/blog\/wp-content\/uploads\/2025\/03\/Blog-Logo.webp\",\"contentUrl\":\"https:\/\/www.hoecker.eu\/blog\/wp-content\/uploads\/2025\/03\/Blog-Logo.webp\",\"width\":500,\"height\":500,\"caption\":\"H\u00d6CKER Rechtsanw\u00e4lte PartGmbB\"},\"image\":{\"@id\":\"https:\/\/www.hoecker.eu\/blog\/#\/schema\/logo\/image\/\"},\"sameAs\":[\"https:\/\/www.facebook.com\/HoeckerRAe\/\",\"https:\/\/x.com\/hoecker_rae\",\"https:\/\/www.linkedin.com\/company\/hcker-rechtsanwlte\/\",\"https:\/\/www.instagram.com\/hoecker_rae\/\"],\"email\":\"contact@hoecker.eu\",\"telephone\":\"+ 49 (0)221-933 19-10\",\"legalName\":\"H\u00d6CKER Rechtsanw\u00e4lte PartGmbB\",\"numberOfEmployees\":{\"@type\":\"QuantitativeValue\",\"minValue\":\"11\",\"maxValue\":\"50\"}},{\"@type\":\"Person\",\"@id\":\"https:\/\/www.hoecker.eu\/blog\/#\/schema\/person\/08f95581eed0534eccd0b2438f7a1cab\",\"name\":\"Prof. Dr. Ralf H\u00f6cker\",\"description\":\"Medienanwalt. Besch\u00fctzer vor mieser Presse\",\"sameAs\":[\"https:\/\/www.hoecker.eu\/wer\/prof-dr-ralf-hoecker\",\"https:\/\/www.facebook.com\/ralf.hoecker\",\"https:\/\/www.linkedin.com\/in\/prof-dr-ralf-hcker-ll-m-london-17987826\/\",\"https:\/\/x.com\/Ralf_Hoecker\"],\"url\":\"https:\/\/www.hoecker.eu\/blog\/author\/hoecker_adm\/\"}]}<\/script>\n<!-- \/ Yoast SEO Premium plugin. -->","yoast_head_json":{"title":"Prof. Dr. Strauer wehrt sich mit H\u00d6CKER erfolgreich gegen Strafvorw\u00fcrfe in der Rheinischen Post, die sich hinter Informantenschutz versteckt. - H\u00d6CKER - der Blog","robots":{"index":"index","follow":"follow","max-snippet":"max-snippet:-1","max-image-preview":"max-image-preview:large","max-video-preview":"max-video-preview:-1"},"canonical":"https:\/\/www.hoecker.eu\/blog\/prof-dr-strauer-wehrt-sich-mit-hoecker-erfolgreich-gegen-strafvorwuerfe-in-der-rheinischen-post-die-sich-hinter-informantenschutz-versteckt\/","og_locale":"de_DE","og_type":"article","og_title":"Prof. Dr. Strauer wehrt sich mit H\u00d6CKER erfolgreich gegen Strafvorw\u00fcrfe in der Rheinischen Post, die sich hinter Informantenschutz versteckt.","og_description":"Prof. Dr. Bodo-Eckehard Strauer war langj\u00e4hriger Leiter der Kardiologie der Heinrich-Heine-Universit\u00e4t D\u00fcsseldorf. Seit 2001 behandelte der Herzinfarkt-Patienten mit sog. adulten Stammzellen. In diesem erstmals von Prof. Strauer durchgef\u00fchrten Verfahren werden Stammzellen aus dem Beckenknochen entnommen, aufbereitet und in das vom Infarkt betroffene Herzgewebe injiziert. Im Dezember 2012 ver\u00f6ffentlichte die Rheinische Post einen Artikel, in dem [&hellip;]","og_url":"https:\/\/www.hoecker.eu\/blog\/prof-dr-strauer-wehrt-sich-mit-hoecker-erfolgreich-gegen-strafvorwuerfe-in-der-rheinischen-post-die-sich-hinter-informantenschutz-versteckt\/","og_site_name":"H\u00d6CKER - der Blog","article_publisher":"https:\/\/www.facebook.com\/HoeckerRAe\/","article_author":"https:\/\/www.facebook.com\/ralf.hoecker","article_published_time":"2016-05-09T19:09:00+00:00","article_modified_time":"2025-02-17T13:59:15+00:00","author":"Prof. Dr. Ralf H\u00f6cker","twitter_card":"summary_large_image","twitter_creator":"@Ralf_Hoecker","twitter_site":"@hoecker_rae","twitter_misc":{"Verfasst von":"Prof. Dr. Ralf H\u00f6cker","Gesch\u00e4tzte Lesezeit":"2\u00a0Minuten"},"schema":{"@context":"https:\/\/schema.org","@graph":[{"@type":"Article","@id":"https:\/\/www.hoecker.eu\/blog\/prof-dr-strauer-wehrt-sich-mit-hoecker-erfolgreich-gegen-strafvorwuerfe-in-der-rheinischen-post-die-sich-hinter-informantenschutz-versteckt\/#article","isPartOf":{"@id":"https:\/\/www.hoecker.eu\/blog\/prof-dr-strauer-wehrt-sich-mit-hoecker-erfolgreich-gegen-strafvorwuerfe-in-der-rheinischen-post-die-sich-hinter-informantenschutz-versteckt\/"},"author":{"name":"Prof. Dr. Ralf H\u00f6cker","@id":"https:\/\/www.hoecker.eu\/blog\/#\/schema\/person\/08f95581eed0534eccd0b2438f7a1cab"},"headline":"Prof. Dr. Strauer wehrt sich mit H\u00d6CKER erfolgreich gegen Strafvorw\u00fcrfe in der Rheinischen Post, die sich hinter Informantenschutz versteckt.","datePublished":"2016-05-09T19:09:00+00:00","dateModified":"2025-02-17T13:59:15+00:00","mainEntityOfPage":{"@id":"https:\/\/www.hoecker.eu\/blog\/prof-dr-strauer-wehrt-sich-mit-hoecker-erfolgreich-gegen-strafvorwuerfe-in-der-rheinischen-post-die-sich-hinter-informantenschutz-versteckt\/"},"wordCount":363,"publisher":{"@id":"https:\/\/www.hoecker.eu\/blog\/#organization"},"articleSection":["News"],"inLanguage":"de"},{"@type":"WebPage","@id":"https:\/\/www.hoecker.eu\/blog\/prof-dr-strauer-wehrt-sich-mit-hoecker-erfolgreich-gegen-strafvorwuerfe-in-der-rheinischen-post-die-sich-hinter-informantenschutz-versteckt\/","url":"https:\/\/www.hoecker.eu\/blog\/prof-dr-strauer-wehrt-sich-mit-hoecker-erfolgreich-gegen-strafvorwuerfe-in-der-rheinischen-post-die-sich-hinter-informantenschutz-versteckt\/","name":"Prof. Dr. Strauer wehrt sich mit H\u00d6CKER erfolgreich gegen Strafvorw\u00fcrfe in der Rheinischen Post, die sich hinter Informantenschutz versteckt. - H\u00d6CKER - der Blog","isPartOf":{"@id":"https:\/\/www.hoecker.eu\/blog\/#website"},"datePublished":"2016-05-09T19:09:00+00:00","dateModified":"2025-02-17T13:59:15+00:00","breadcrumb":{"@id":"https:\/\/www.hoecker.eu\/blog\/prof-dr-strauer-wehrt-sich-mit-hoecker-erfolgreich-gegen-strafvorwuerfe-in-der-rheinischen-post-die-sich-hinter-informantenschutz-versteckt\/#breadcrumb"},"inLanguage":"de","potentialAction":[{"@type":"ReadAction","target":["https:\/\/www.hoecker.eu\/blog\/prof-dr-strauer-wehrt-sich-mit-hoecker-erfolgreich-gegen-strafvorwuerfe-in-der-rheinischen-post-die-sich-hinter-informantenschutz-versteckt\/"]}]},{"@type":"BreadcrumbList","@id":"https:\/\/www.hoecker.eu\/blog\/prof-dr-strauer-wehrt-sich-mit-hoecker-erfolgreich-gegen-strafvorwuerfe-in-der-rheinischen-post-die-sich-hinter-informantenschutz-versteckt\/#breadcrumb","itemListElement":[{"@type":"ListItem","position":1,"name":"Startseite","item":"https:\/\/dev.hoecker.eu\/blog\/"},{"@type":"ListItem","position":2,"name":"Prof. Dr. Strauer wehrt sich mit H\u00d6CKER erfolgreich gegen Strafvorw\u00fcrfe in der Rheinischen Post, die sich hinter Informantenschutz versteckt."}]},{"@type":"WebSite","@id":"https:\/\/www.hoecker.eu\/blog\/#website","url":"https:\/\/www.hoecker.eu\/blog\/","name":"H\u00d6CKER - der Blog","description":"Expertenblog f\u00fcr \u00c4u\u00dferungs-, Medien-, Marken-, Urheber- und Wettbewerbsrecht.","publisher":{"@id":"https:\/\/www.hoecker.eu\/blog\/#organization"},"potentialAction":[{"@type":"SearchAction","target":{"@type":"EntryPoint","urlTemplate":"https:\/\/www.hoecker.eu\/blog\/?s={search_term_string}"},"query-input":{"@type":"PropertyValueSpecification","valueRequired":true,"valueName":"search_term_string"}}],"inLanguage":"de"},{"@type":"Organization","@id":"https:\/\/www.hoecker.eu\/blog\/#organization","name":"H\u00d6CKER Rechtsanw\u00e4lte PartGmbB","alternateName":"H\u00d6CKER","url":"https:\/\/www.hoecker.eu\/blog\/","logo":{"@type":"ImageObject","inLanguage":"de","@id":"https:\/\/www.hoecker.eu\/blog\/#\/schema\/logo\/image\/","url":"https:\/\/www.hoecker.eu\/blog\/wp-content\/uploads\/2025\/03\/Blog-Logo.webp","contentUrl":"https:\/\/www.hoecker.eu\/blog\/wp-content\/uploads\/2025\/03\/Blog-Logo.webp","width":500,"height":500,"caption":"H\u00d6CKER Rechtsanw\u00e4lte PartGmbB"},"image":{"@id":"https:\/\/www.hoecker.eu\/blog\/#\/schema\/logo\/image\/"},"sameAs":["https:\/\/www.facebook.com\/HoeckerRAe\/","https:\/\/x.com\/hoecker_rae","https:\/\/www.linkedin.com\/company\/hcker-rechtsanwlte\/","https:\/\/www.instagram.com\/hoecker_rae\/"],"email":"contact@hoecker.eu","telephone":"+ 49 (0)221-933 19-10","legalName":"H\u00d6CKER Rechtsanw\u00e4lte PartGmbB","numberOfEmployees":{"@type":"QuantitativeValue","minValue":"11","maxValue":"50"}},{"@type":"Person","@id":"https:\/\/www.hoecker.eu\/blog\/#\/schema\/person\/08f95581eed0534eccd0b2438f7a1cab","name":"Prof. Dr. Ralf H\u00f6cker","description":"Medienanwalt. Besch\u00fctzer vor mieser Presse","sameAs":["https:\/\/www.hoecker.eu\/wer\/prof-dr-ralf-hoecker","https:\/\/www.facebook.com\/ralf.hoecker","https:\/\/www.linkedin.com\/in\/prof-dr-ralf-hcker-ll-m-london-17987826\/","https:\/\/x.com\/Ralf_Hoecker"],"url":"https:\/\/www.hoecker.eu\/blog\/author\/hoecker_adm\/"}]}},"authors":[{"term_id":84,"user_id":1,"is_guest":0,"slug":"hoecker_adm","display_name":"Prof. Dr. Ralf H\u00f6cker","avatar_url":{"url":"https:\/\/www.hoecker.eu\/blog\/wp-content\/uploads\/2023\/12\/ProfDrRalfHoecker.jpg","url2x":"https:\/\/www.hoecker.eu\/blog\/wp-content\/uploads\/2023\/12\/ProfDrRalfHoecker.jpg"},"0":null,"1":"","2":"","3":"","4":"","5":"","6":"","7":"","8":"","9":"","10":"","11":""}],"_links":{"self":[{"href":"https:\/\/www.hoecker.eu\/blog\/wp-json\/wp\/v2\/posts\/8538","targetHints":{"allow":["GET"]}}],"collection":[{"href":"https:\/\/www.hoecker.eu\/blog\/wp-json\/wp\/v2\/posts"}],"about":[{"href":"https:\/\/www.hoecker.eu\/blog\/wp-json\/wp\/v2\/types\/post"}],"author":[{"embeddable":true,"href":"https:\/\/www.hoecker.eu\/blog\/wp-json\/wp\/v2\/users\/1"}],"replies":[{"embeddable":true,"href":"https:\/\/www.hoecker.eu\/blog\/wp-json\/wp\/v2\/comments?post=8538"}],"version-history":[{"count":1,"href":"https:\/\/www.hoecker.eu\/blog\/wp-json\/wp\/v2\/posts\/8538\/revisions"}],"predecessor-version":[{"id":9660,"href":"https:\/\/www.hoecker.eu\/blog\/wp-json\/wp\/v2\/posts\/8538\/revisions\/9660"}],"wp:attachment":[{"href":"https:\/\/www.hoecker.eu\/blog\/wp-json\/wp\/v2\/media?parent=8538"}],"wp:term":[{"taxonomy":"category","embeddable":true,"href":"https:\/\/www.hoecker.eu\/blog\/wp-json\/wp\/v2\/categories?post=8538"},{"taxonomy":"post_tag","embeddable":true,"href":"https:\/\/www.hoecker.eu\/blog\/wp-json\/wp\/v2\/tags?post=8538"},{"taxonomy":"hashtags","embeddable":true,"href":"https:\/\/www.hoecker.eu\/blog\/wp-json\/wp\/v2\/hashtags?post=8538"},{"taxonomy":"author","embeddable":true,"href":"https:\/\/www.hoecker.eu\/blog\/wp-json\/wp\/v2\/ppma_author?post=8538"}],"curies":[{"name":"wp","href":"https:\/\/api.w.org\/{rel}","templated":true}]}}