{"id":8525,"date":"2016-05-09T21:23:20","date_gmt":"2016-05-09T19:23:20","guid":{"rendered":"https:\/\/www.hoecker.eu\/blog\/lg-muenchen-erhoeht-darlegungslast-fuer-unternehmen-mit-rechtsabteilung-blosser-hinweis-dass-nur-marketing-nicht-aber-rechtsabteilung-kenntnis-von-rechtsverletzung-hatte-genuegt-nicht-mehr-um-dri\/"},"modified":"2025-02-17T14:59:08","modified_gmt":"2025-02-17T13:59:08","slug":"lg-muenchen-erhoeht-darlegungslast-fuer-unternehmen-mit-rechtsabteilung-blosser-hinweis-dass-nur-marketing-nicht-aber-rechtsabteilung-kenntnis-von-rechtsverletzung-hatte-genuegt-nicht-mehr-um-dri","status":"publish","type":"post","link":"https:\/\/www.hoecker.eu\/blog\/lg-muenchen-erhoeht-darlegungslast-fuer-unternehmen-mit-rechtsabteilung-blosser-hinweis-dass-nur-marketing-nicht-aber-rechtsabteilung-kenntnis-von-rechtsverletzung-hatte-genuegt-nicht-mehr-um-dri\/","title":{"rendered":"LG M\u00fcnchen erh\u00f6ht Darlegungslast f\u00fcr Unternehmen mit Rechtsabteilung: Blo\u00dfer Hinweis, dass nur Marketing- nicht aber Rechtsabteilung Kenntnis von Rechtsverletzung hatte, gen\u00fcgt nicht mehr, um Dringlichkeit im Verf\u00fcgungsverfahren zu belegen."},"content":{"rendered":"<p class=\"flies\">H&Ouml;CKER hat ein f&uuml;hrendes soziales Netzwerk erfolgreich vor dem Landgericht M&uuml;nchen gegen den Versuch eines anderen f&uuml;hrenden sozialen Netzwerkes verteidigt, im einstweiligen Verf&uuml;gungsverfahren eine angebliche Wettbewerbsrechtsverletzung verbieten zu lassen.<\/p>\n<p class=\"flies\">Die Wettbewerberin hatte&nbsp;den Internetauftritt&nbsp;der Mandantin bereits vor Monaten nachweislich durch Zugriffe &uuml;ber IP-Adressen der Wettbewerberin untersuchen lassen, so dass sie bereits seit Monaten eine Kenntnis von dem angeblichen Wettbewerbsversto&szlig; hatte. Gleichwohl behauptete die Wettbewerberin eine besondere Dringlichkeit und versuchte, Unterlassungsanspr&uuml;che im Wege der einstweiligen Verf&uuml;gung vor dem Landgericht M&uuml;nchen durchzusetzen. Das zwischenzeitlich durch das Landgericht M&uuml;nchen erlassene Verbot wurde nun auf Widerspruch durch H&Ouml;CKER mit Urteil vom 26.11.2013, Az. 33 O 21559\/13 aufgehoben (nicht rechtskr&auml;ftig).<\/p>\n<p class=\"flies\">Das Landgericht M&uuml;nchen folgte unserer Auffassung,&nbsp;wonach die gesetzlich vorgesehene Vermutung einer Dringlichkeit dann widerlegt ist, wenn der in Anspruch genommene Wettbewerber nachweist, dass im Hause des Anspruchstellers bereits Monate vor Antragstellung Tests erfolgt sind. Der Einwand der Wettbewerberin, diese Tests seien durch juristisch nicht gebildete und zur Verfolgung von Rechtsverst&ouml;&szlig;en nicht berufene Mitarbeiter der Marketingabteilung erfolgt, hielt das Landgericht M&uuml;nchen f&uuml;r unzureichend. Es stellt vielmehr fest, dass es der Wettbewerberin zumindest oblegen h&auml;tte, konkret darzulegen, welcher einzelne Mitarbeiter mit welcher Kompetenz die Pr&uuml;fungen vorgenommen hat.<\/p>\n<p class=\"flies\">Dr. Carsten Brennecke:<br \/> <em>&bdquo;Eine noch herrschende Ansicht der deutschen Wettbewerbskammern nimmt an, dass die dringlichkeitssch&auml;dliche Kenntnis in einem Unternehmen mit Rechtsabteilung erst dann gegeben ist, wenn der zur Verfolgung von Wettbewerbsverst&ouml;&szlig;en berufene Justiziar erstmalig Kenntnis von den Verst&ouml;&szlig;en erlangt. Dieser Ansicht erteilt das Landgericht M&uuml;nchen eine begr&uuml;&szlig;enswerte Absage. Nach Ansicht des Landgerichts M&uuml;nchen kommt es vielmehr auf eine Betrachtung des Einzelfalls an. Liegt eine Kenntnis im Hause eines Wettbewerbers au&szlig;erhalb des Justiziariats vor, so muss dieser dezidiert darlegen, welche Personen mit welchen Kompetenzen die Kenntnis gewonnen haben. Kommt er dieser Darlegungslast nicht nach, ist die Dringlichkeitsvermutung ersch&uuml;ttert und eine etwaig erlassene einstweilige Verf&uuml;gung ist aufzuheben.&ldquo; <\/em><\/p>\n","protected":false},"excerpt":{"rendered":"<p>H&Ouml;CKER hat ein f&uuml;hrendes soziales Netzwerk erfolgreich vor dem Landgericht M&uuml;nchen gegen den Versuch eines anderen f&uuml;hrenden sozialen Netzwerkes verteidigt, im einstweiligen Verf&uuml;gungsverfahren eine angebliche Wettbewerbsrechtsverletzung verbieten zu lassen. Die Wettbewerberin hatte&nbsp;den Internetauftritt&nbsp;der Mandantin bereits vor Monaten nachweislich durch Zugriffe &uuml;ber IP-Adressen der Wettbewerberin untersuchen lassen, so dass sie bereits seit Monaten eine Kenntnis von [&hellip;]<\/p>\n","protected":false},"author":1,"featured_media":0,"comment_status":"closed","ping_status":"closed","sticky":false,"template":"","format":"standard","meta":{"_has_post_settings":[],"footnotes":""},"categories":[15],"tags":[],"hashtags":[],"ppma_author":[84],"class_list":["post-8525","post","type-post","status-publish","format-standard","hentry","category-news","author-hoecker_adm"],"yoast_head":"<!-- This site is optimized with the Yoast SEO Premium plugin v25.9 (Yoast SEO v27.0) - https:\/\/yoast.com\/product\/yoast-seo-premium-wordpress\/ -->\n<title>LG M\u00fcnchen erh\u00f6ht Darlegungslast f\u00fcr Unternehmen mit Rechtsabteilung: Blo\u00dfer Hinweis, dass nur Marketing- nicht aber Rechtsabteilung Kenntnis von Rechtsverletzung hatte, gen\u00fcgt nicht mehr, um Dringlichkeit im Verf\u00fcgungsverfahren zu belegen. - H\u00d6CKER - der Blog<\/title>\n<meta name=\"robots\" content=\"index, follow, max-snippet:-1, max-image-preview:large, max-video-preview:-1\" \/>\n<link rel=\"canonical\" href=\"https:\/\/www.hoecker.eu\/blog\/lg-muenchen-erhoeht-darlegungslast-fuer-unternehmen-mit-rechtsabteilung-blosser-hinweis-dass-nur-marketing-nicht-aber-rechtsabteilung-kenntnis-von-rechtsverletzung-hatte-genuegt-nicht-mehr-um-dri\/\" \/>\n<meta property=\"og:locale\" content=\"de_DE\" \/>\n<meta property=\"og:type\" content=\"article\" \/>\n<meta property=\"og:title\" content=\"LG M\u00fcnchen erh\u00f6ht Darlegungslast f\u00fcr Unternehmen mit Rechtsabteilung: Blo\u00dfer Hinweis, dass nur Marketing- nicht aber Rechtsabteilung Kenntnis von Rechtsverletzung hatte, gen\u00fcgt nicht mehr, um Dringlichkeit im Verf\u00fcgungsverfahren zu belegen.\" \/>\n<meta property=\"og:description\" content=\"H&Ouml;CKER hat ein f&uuml;hrendes soziales Netzwerk erfolgreich vor dem Landgericht M&uuml;nchen gegen den Versuch eines anderen f&uuml;hrenden sozialen Netzwerkes verteidigt, im einstweiligen Verf&uuml;gungsverfahren eine angebliche Wettbewerbsrechtsverletzung verbieten zu lassen. Die Wettbewerberin hatte&nbsp;den Internetauftritt&nbsp;der Mandantin bereits vor Monaten nachweislich durch Zugriffe &uuml;ber IP-Adressen der Wettbewerberin untersuchen lassen, so dass sie bereits seit Monaten eine Kenntnis von [&hellip;]\" \/>\n<meta property=\"og:url\" content=\"https:\/\/www.hoecker.eu\/blog\/lg-muenchen-erhoeht-darlegungslast-fuer-unternehmen-mit-rechtsabteilung-blosser-hinweis-dass-nur-marketing-nicht-aber-rechtsabteilung-kenntnis-von-rechtsverletzung-hatte-genuegt-nicht-mehr-um-dri\/\" \/>\n<meta property=\"og:site_name\" content=\"H\u00d6CKER - der Blog\" \/>\n<meta property=\"article:publisher\" content=\"https:\/\/www.facebook.com\/HoeckerRAe\/\" \/>\n<meta property=\"article:author\" content=\"https:\/\/www.facebook.com\/ralf.hoecker\" \/>\n<meta property=\"article:published_time\" content=\"2016-05-09T19:23:20+00:00\" \/>\n<meta property=\"article:modified_time\" content=\"2025-02-17T13:59:08+00:00\" \/>\n<meta name=\"author\" content=\"Prof. Dr. Ralf H\u00f6cker\" \/>\n<meta name=\"twitter:card\" content=\"summary_large_image\" \/>\n<meta name=\"twitter:creator\" content=\"@Ralf_Hoecker\" \/>\n<meta name=\"twitter:site\" content=\"@hoecker_rae\" \/>\n<meta name=\"twitter:label1\" content=\"Verfasst von\" \/>\n\t<meta name=\"twitter:data1\" content=\"Prof. Dr. Ralf H\u00f6cker\" \/>\n\t<meta name=\"twitter:label2\" content=\"Gesch\u00e4tzte Lesezeit\" \/>\n\t<meta name=\"twitter:data2\" content=\"2\u00a0Minuten\" \/>\n<script type=\"application\/ld+json\" class=\"yoast-schema-graph\">{\"@context\":\"https:\/\/schema.org\",\"@graph\":[{\"@type\":\"Article\",\"@id\":\"https:\/\/www.hoecker.eu\/blog\/lg-muenchen-erhoeht-darlegungslast-fuer-unternehmen-mit-rechtsabteilung-blosser-hinweis-dass-nur-marketing-nicht-aber-rechtsabteilung-kenntnis-von-rechtsverletzung-hatte-genuegt-nicht-mehr-um-dri\/#article\",\"isPartOf\":{\"@id\":\"https:\/\/www.hoecker.eu\/blog\/lg-muenchen-erhoeht-darlegungslast-fuer-unternehmen-mit-rechtsabteilung-blosser-hinweis-dass-nur-marketing-nicht-aber-rechtsabteilung-kenntnis-von-rechtsverletzung-hatte-genuegt-nicht-mehr-um-dri\/\"},\"author\":{\"name\":\"Prof. Dr. Ralf H\u00f6cker\",\"@id\":\"https:\/\/www.hoecker.eu\/blog\/#\/schema\/person\/08f95581eed0534eccd0b2438f7a1cab\"},\"headline\":\"LG M\u00fcnchen erh\u00f6ht Darlegungslast f\u00fcr Unternehmen mit Rechtsabteilung: Blo\u00dfer Hinweis, dass nur Marketing- nicht aber Rechtsabteilung Kenntnis von Rechtsverletzung hatte, gen\u00fcgt nicht mehr, um Dringlichkeit im Verf\u00fcgungsverfahren zu belegen.\",\"datePublished\":\"2016-05-09T19:23:20+00:00\",\"dateModified\":\"2025-02-17T13:59:08+00:00\",\"mainEntityOfPage\":{\"@id\":\"https:\/\/www.hoecker.eu\/blog\/lg-muenchen-erhoeht-darlegungslast-fuer-unternehmen-mit-rechtsabteilung-blosser-hinweis-dass-nur-marketing-nicht-aber-rechtsabteilung-kenntnis-von-rechtsverletzung-hatte-genuegt-nicht-mehr-um-dri\/\"},\"wordCount\":392,\"publisher\":{\"@id\":\"https:\/\/www.hoecker.eu\/blog\/#organization\"},\"articleSection\":[\"News\"],\"inLanguage\":\"de\"},{\"@type\":\"WebPage\",\"@id\":\"https:\/\/www.hoecker.eu\/blog\/lg-muenchen-erhoeht-darlegungslast-fuer-unternehmen-mit-rechtsabteilung-blosser-hinweis-dass-nur-marketing-nicht-aber-rechtsabteilung-kenntnis-von-rechtsverletzung-hatte-genuegt-nicht-mehr-um-dri\/\",\"url\":\"https:\/\/www.hoecker.eu\/blog\/lg-muenchen-erhoeht-darlegungslast-fuer-unternehmen-mit-rechtsabteilung-blosser-hinweis-dass-nur-marketing-nicht-aber-rechtsabteilung-kenntnis-von-rechtsverletzung-hatte-genuegt-nicht-mehr-um-dri\/\",\"name\":\"LG M\u00fcnchen erh\u00f6ht Darlegungslast f\u00fcr Unternehmen mit Rechtsabteilung: Blo\u00dfer Hinweis, dass nur Marketing- nicht aber Rechtsabteilung Kenntnis von Rechtsverletzung hatte, gen\u00fcgt nicht mehr, um Dringlichkeit im Verf\u00fcgungsverfahren zu belegen. - H\u00d6CKER - der Blog\",\"isPartOf\":{\"@id\":\"https:\/\/www.hoecker.eu\/blog\/#website\"},\"datePublished\":\"2016-05-09T19:23:20+00:00\",\"dateModified\":\"2025-02-17T13:59:08+00:00\",\"breadcrumb\":{\"@id\":\"https:\/\/www.hoecker.eu\/blog\/lg-muenchen-erhoeht-darlegungslast-fuer-unternehmen-mit-rechtsabteilung-blosser-hinweis-dass-nur-marketing-nicht-aber-rechtsabteilung-kenntnis-von-rechtsverletzung-hatte-genuegt-nicht-mehr-um-dri\/#breadcrumb\"},\"inLanguage\":\"de\",\"potentialAction\":[{\"@type\":\"ReadAction\",\"target\":[\"https:\/\/www.hoecker.eu\/blog\/lg-muenchen-erhoeht-darlegungslast-fuer-unternehmen-mit-rechtsabteilung-blosser-hinweis-dass-nur-marketing-nicht-aber-rechtsabteilung-kenntnis-von-rechtsverletzung-hatte-genuegt-nicht-mehr-um-dri\/\"]}]},{\"@type\":\"BreadcrumbList\",\"@id\":\"https:\/\/www.hoecker.eu\/blog\/lg-muenchen-erhoeht-darlegungslast-fuer-unternehmen-mit-rechtsabteilung-blosser-hinweis-dass-nur-marketing-nicht-aber-rechtsabteilung-kenntnis-von-rechtsverletzung-hatte-genuegt-nicht-mehr-um-dri\/#breadcrumb\",\"itemListElement\":[{\"@type\":\"ListItem\",\"position\":1,\"name\":\"Startseite\",\"item\":\"https:\/\/dev.hoecker.eu\/blog\/\"},{\"@type\":\"ListItem\",\"position\":2,\"name\":\"LG M\u00fcnchen erh\u00f6ht Darlegungslast f\u00fcr Unternehmen mit Rechtsabteilung: Blo\u00dfer Hinweis, dass nur Marketing- nicht aber Rechtsabteilung Kenntnis von Rechtsverletzung hatte, gen\u00fcgt nicht mehr, um Dringlichkeit im Verf\u00fcgungsverfahren zu belegen.\"}]},{\"@type\":\"WebSite\",\"@id\":\"https:\/\/www.hoecker.eu\/blog\/#website\",\"url\":\"https:\/\/www.hoecker.eu\/blog\/\",\"name\":\"H\u00d6CKER - der Blog\",\"description\":\"Expertenblog f\u00fcr \u00c4u\u00dferungs-, Medien-, Marken-, Urheber- und Wettbewerbsrecht.\",\"publisher\":{\"@id\":\"https:\/\/www.hoecker.eu\/blog\/#organization\"},\"potentialAction\":[{\"@type\":\"SearchAction\",\"target\":{\"@type\":\"EntryPoint\",\"urlTemplate\":\"https:\/\/www.hoecker.eu\/blog\/?s={search_term_string}\"},\"query-input\":{\"@type\":\"PropertyValueSpecification\",\"valueRequired\":true,\"valueName\":\"search_term_string\"}}],\"inLanguage\":\"de\"},{\"@type\":\"Organization\",\"@id\":\"https:\/\/www.hoecker.eu\/blog\/#organization\",\"name\":\"H\u00d6CKER Rechtsanw\u00e4lte PartGmbB\",\"alternateName\":\"H\u00d6CKER\",\"url\":\"https:\/\/www.hoecker.eu\/blog\/\",\"logo\":{\"@type\":\"ImageObject\",\"inLanguage\":\"de\",\"@id\":\"https:\/\/www.hoecker.eu\/blog\/#\/schema\/logo\/image\/\",\"url\":\"https:\/\/www.hoecker.eu\/blog\/wp-content\/uploads\/2025\/03\/Blog-Logo.webp\",\"contentUrl\":\"https:\/\/www.hoecker.eu\/blog\/wp-content\/uploads\/2025\/03\/Blog-Logo.webp\",\"width\":500,\"height\":500,\"caption\":\"H\u00d6CKER Rechtsanw\u00e4lte PartGmbB\"},\"image\":{\"@id\":\"https:\/\/www.hoecker.eu\/blog\/#\/schema\/logo\/image\/\"},\"sameAs\":[\"https:\/\/www.facebook.com\/HoeckerRAe\/\",\"https:\/\/x.com\/hoecker_rae\",\"https:\/\/www.linkedin.com\/company\/hcker-rechtsanwlte\/\",\"https:\/\/www.instagram.com\/hoecker_rae\/\"],\"email\":\"contact@hoecker.eu\",\"telephone\":\"+ 49 (0)221-933 19-10\",\"legalName\":\"H\u00d6CKER Rechtsanw\u00e4lte PartGmbB\",\"numberOfEmployees\":{\"@type\":\"QuantitativeValue\",\"minValue\":\"11\",\"maxValue\":\"50\"}},{\"@type\":\"Person\",\"@id\":\"https:\/\/www.hoecker.eu\/blog\/#\/schema\/person\/08f95581eed0534eccd0b2438f7a1cab\",\"name\":\"Prof. Dr. Ralf H\u00f6cker\",\"description\":\"Medienanwalt. Besch\u00fctzer vor mieser Presse\",\"sameAs\":[\"https:\/\/www.hoecker.eu\/wer\/prof-dr-ralf-hoecker\",\"https:\/\/www.facebook.com\/ralf.hoecker\",\"https:\/\/www.linkedin.com\/in\/prof-dr-ralf-hcker-ll-m-london-17987826\/\",\"https:\/\/x.com\/Ralf_Hoecker\"],\"url\":\"https:\/\/www.hoecker.eu\/blog\/author\/hoecker_adm\/\"}]}<\/script>\n<!-- \/ Yoast SEO Premium plugin. -->","yoast_head_json":{"title":"LG M\u00fcnchen erh\u00f6ht Darlegungslast f\u00fcr Unternehmen mit Rechtsabteilung: Blo\u00dfer Hinweis, dass nur Marketing- nicht aber Rechtsabteilung Kenntnis von Rechtsverletzung hatte, gen\u00fcgt nicht mehr, um Dringlichkeit im Verf\u00fcgungsverfahren zu belegen. - H\u00d6CKER - der Blog","robots":{"index":"index","follow":"follow","max-snippet":"max-snippet:-1","max-image-preview":"max-image-preview:large","max-video-preview":"max-video-preview:-1"},"canonical":"https:\/\/www.hoecker.eu\/blog\/lg-muenchen-erhoeht-darlegungslast-fuer-unternehmen-mit-rechtsabteilung-blosser-hinweis-dass-nur-marketing-nicht-aber-rechtsabteilung-kenntnis-von-rechtsverletzung-hatte-genuegt-nicht-mehr-um-dri\/","og_locale":"de_DE","og_type":"article","og_title":"LG M\u00fcnchen erh\u00f6ht Darlegungslast f\u00fcr Unternehmen mit Rechtsabteilung: Blo\u00dfer Hinweis, dass nur Marketing- nicht aber Rechtsabteilung Kenntnis von Rechtsverletzung hatte, gen\u00fcgt nicht mehr, um Dringlichkeit im Verf\u00fcgungsverfahren zu belegen.","og_description":"H&Ouml;CKER hat ein f&uuml;hrendes soziales Netzwerk erfolgreich vor dem Landgericht M&uuml;nchen gegen den Versuch eines anderen f&uuml;hrenden sozialen Netzwerkes verteidigt, im einstweiligen Verf&uuml;gungsverfahren eine angebliche Wettbewerbsrechtsverletzung verbieten zu lassen. Die Wettbewerberin hatte&nbsp;den Internetauftritt&nbsp;der Mandantin bereits vor Monaten nachweislich durch Zugriffe &uuml;ber IP-Adressen der Wettbewerberin untersuchen lassen, so dass sie bereits seit Monaten eine Kenntnis von [&hellip;]","og_url":"https:\/\/www.hoecker.eu\/blog\/lg-muenchen-erhoeht-darlegungslast-fuer-unternehmen-mit-rechtsabteilung-blosser-hinweis-dass-nur-marketing-nicht-aber-rechtsabteilung-kenntnis-von-rechtsverletzung-hatte-genuegt-nicht-mehr-um-dri\/","og_site_name":"H\u00d6CKER - der Blog","article_publisher":"https:\/\/www.facebook.com\/HoeckerRAe\/","article_author":"https:\/\/www.facebook.com\/ralf.hoecker","article_published_time":"2016-05-09T19:23:20+00:00","article_modified_time":"2025-02-17T13:59:08+00:00","author":"Prof. Dr. Ralf H\u00f6cker","twitter_card":"summary_large_image","twitter_creator":"@Ralf_Hoecker","twitter_site":"@hoecker_rae","twitter_misc":{"Verfasst von":"Prof. Dr. Ralf H\u00f6cker","Gesch\u00e4tzte Lesezeit":"2\u00a0Minuten"},"schema":{"@context":"https:\/\/schema.org","@graph":[{"@type":"Article","@id":"https:\/\/www.hoecker.eu\/blog\/lg-muenchen-erhoeht-darlegungslast-fuer-unternehmen-mit-rechtsabteilung-blosser-hinweis-dass-nur-marketing-nicht-aber-rechtsabteilung-kenntnis-von-rechtsverletzung-hatte-genuegt-nicht-mehr-um-dri\/#article","isPartOf":{"@id":"https:\/\/www.hoecker.eu\/blog\/lg-muenchen-erhoeht-darlegungslast-fuer-unternehmen-mit-rechtsabteilung-blosser-hinweis-dass-nur-marketing-nicht-aber-rechtsabteilung-kenntnis-von-rechtsverletzung-hatte-genuegt-nicht-mehr-um-dri\/"},"author":{"name":"Prof. Dr. Ralf H\u00f6cker","@id":"https:\/\/www.hoecker.eu\/blog\/#\/schema\/person\/08f95581eed0534eccd0b2438f7a1cab"},"headline":"LG M\u00fcnchen erh\u00f6ht Darlegungslast f\u00fcr Unternehmen mit Rechtsabteilung: Blo\u00dfer Hinweis, dass nur Marketing- nicht aber Rechtsabteilung Kenntnis von Rechtsverletzung hatte, gen\u00fcgt nicht mehr, um Dringlichkeit im Verf\u00fcgungsverfahren zu belegen.","datePublished":"2016-05-09T19:23:20+00:00","dateModified":"2025-02-17T13:59:08+00:00","mainEntityOfPage":{"@id":"https:\/\/www.hoecker.eu\/blog\/lg-muenchen-erhoeht-darlegungslast-fuer-unternehmen-mit-rechtsabteilung-blosser-hinweis-dass-nur-marketing-nicht-aber-rechtsabteilung-kenntnis-von-rechtsverletzung-hatte-genuegt-nicht-mehr-um-dri\/"},"wordCount":392,"publisher":{"@id":"https:\/\/www.hoecker.eu\/blog\/#organization"},"articleSection":["News"],"inLanguage":"de"},{"@type":"WebPage","@id":"https:\/\/www.hoecker.eu\/blog\/lg-muenchen-erhoeht-darlegungslast-fuer-unternehmen-mit-rechtsabteilung-blosser-hinweis-dass-nur-marketing-nicht-aber-rechtsabteilung-kenntnis-von-rechtsverletzung-hatte-genuegt-nicht-mehr-um-dri\/","url":"https:\/\/www.hoecker.eu\/blog\/lg-muenchen-erhoeht-darlegungslast-fuer-unternehmen-mit-rechtsabteilung-blosser-hinweis-dass-nur-marketing-nicht-aber-rechtsabteilung-kenntnis-von-rechtsverletzung-hatte-genuegt-nicht-mehr-um-dri\/","name":"LG M\u00fcnchen erh\u00f6ht Darlegungslast f\u00fcr Unternehmen mit Rechtsabteilung: Blo\u00dfer Hinweis, dass nur Marketing- nicht aber Rechtsabteilung Kenntnis von Rechtsverletzung hatte, gen\u00fcgt nicht mehr, um Dringlichkeit im Verf\u00fcgungsverfahren zu belegen. - H\u00d6CKER - der Blog","isPartOf":{"@id":"https:\/\/www.hoecker.eu\/blog\/#website"},"datePublished":"2016-05-09T19:23:20+00:00","dateModified":"2025-02-17T13:59:08+00:00","breadcrumb":{"@id":"https:\/\/www.hoecker.eu\/blog\/lg-muenchen-erhoeht-darlegungslast-fuer-unternehmen-mit-rechtsabteilung-blosser-hinweis-dass-nur-marketing-nicht-aber-rechtsabteilung-kenntnis-von-rechtsverletzung-hatte-genuegt-nicht-mehr-um-dri\/#breadcrumb"},"inLanguage":"de","potentialAction":[{"@type":"ReadAction","target":["https:\/\/www.hoecker.eu\/blog\/lg-muenchen-erhoeht-darlegungslast-fuer-unternehmen-mit-rechtsabteilung-blosser-hinweis-dass-nur-marketing-nicht-aber-rechtsabteilung-kenntnis-von-rechtsverletzung-hatte-genuegt-nicht-mehr-um-dri\/"]}]},{"@type":"BreadcrumbList","@id":"https:\/\/www.hoecker.eu\/blog\/lg-muenchen-erhoeht-darlegungslast-fuer-unternehmen-mit-rechtsabteilung-blosser-hinweis-dass-nur-marketing-nicht-aber-rechtsabteilung-kenntnis-von-rechtsverletzung-hatte-genuegt-nicht-mehr-um-dri\/#breadcrumb","itemListElement":[{"@type":"ListItem","position":1,"name":"Startseite","item":"https:\/\/dev.hoecker.eu\/blog\/"},{"@type":"ListItem","position":2,"name":"LG M\u00fcnchen erh\u00f6ht Darlegungslast f\u00fcr Unternehmen mit Rechtsabteilung: Blo\u00dfer Hinweis, dass nur Marketing- nicht aber Rechtsabteilung Kenntnis von Rechtsverletzung hatte, gen\u00fcgt nicht mehr, um Dringlichkeit im Verf\u00fcgungsverfahren zu belegen."}]},{"@type":"WebSite","@id":"https:\/\/www.hoecker.eu\/blog\/#website","url":"https:\/\/www.hoecker.eu\/blog\/","name":"H\u00d6CKER - der Blog","description":"Expertenblog f\u00fcr \u00c4u\u00dferungs-, Medien-, Marken-, Urheber- und Wettbewerbsrecht.","publisher":{"@id":"https:\/\/www.hoecker.eu\/blog\/#organization"},"potentialAction":[{"@type":"SearchAction","target":{"@type":"EntryPoint","urlTemplate":"https:\/\/www.hoecker.eu\/blog\/?s={search_term_string}"},"query-input":{"@type":"PropertyValueSpecification","valueRequired":true,"valueName":"search_term_string"}}],"inLanguage":"de"},{"@type":"Organization","@id":"https:\/\/www.hoecker.eu\/blog\/#organization","name":"H\u00d6CKER Rechtsanw\u00e4lte PartGmbB","alternateName":"H\u00d6CKER","url":"https:\/\/www.hoecker.eu\/blog\/","logo":{"@type":"ImageObject","inLanguage":"de","@id":"https:\/\/www.hoecker.eu\/blog\/#\/schema\/logo\/image\/","url":"https:\/\/www.hoecker.eu\/blog\/wp-content\/uploads\/2025\/03\/Blog-Logo.webp","contentUrl":"https:\/\/www.hoecker.eu\/blog\/wp-content\/uploads\/2025\/03\/Blog-Logo.webp","width":500,"height":500,"caption":"H\u00d6CKER Rechtsanw\u00e4lte PartGmbB"},"image":{"@id":"https:\/\/www.hoecker.eu\/blog\/#\/schema\/logo\/image\/"},"sameAs":["https:\/\/www.facebook.com\/HoeckerRAe\/","https:\/\/x.com\/hoecker_rae","https:\/\/www.linkedin.com\/company\/hcker-rechtsanwlte\/","https:\/\/www.instagram.com\/hoecker_rae\/"],"email":"contact@hoecker.eu","telephone":"+ 49 (0)221-933 19-10","legalName":"H\u00d6CKER Rechtsanw\u00e4lte PartGmbB","numberOfEmployees":{"@type":"QuantitativeValue","minValue":"11","maxValue":"50"}},{"@type":"Person","@id":"https:\/\/www.hoecker.eu\/blog\/#\/schema\/person\/08f95581eed0534eccd0b2438f7a1cab","name":"Prof. Dr. Ralf H\u00f6cker","description":"Medienanwalt. Besch\u00fctzer vor mieser Presse","sameAs":["https:\/\/www.hoecker.eu\/wer\/prof-dr-ralf-hoecker","https:\/\/www.facebook.com\/ralf.hoecker","https:\/\/www.linkedin.com\/in\/prof-dr-ralf-hcker-ll-m-london-17987826\/","https:\/\/x.com\/Ralf_Hoecker"],"url":"https:\/\/www.hoecker.eu\/blog\/author\/hoecker_adm\/"}]}},"authors":[{"term_id":84,"user_id":1,"is_guest":0,"slug":"hoecker_adm","display_name":"Prof. Dr. Ralf H\u00f6cker","avatar_url":{"url":"https:\/\/www.hoecker.eu\/blog\/wp-content\/uploads\/2023\/12\/ProfDrRalfHoecker.jpg","url2x":"https:\/\/www.hoecker.eu\/blog\/wp-content\/uploads\/2023\/12\/ProfDrRalfHoecker.jpg"},"0":null,"1":"","2":"","3":"","4":"","5":"","6":"","7":"","8":"","9":"","10":"","11":""}],"_links":{"self":[{"href":"https:\/\/www.hoecker.eu\/blog\/wp-json\/wp\/v2\/posts\/8525","targetHints":{"allow":["GET"]}}],"collection":[{"href":"https:\/\/www.hoecker.eu\/blog\/wp-json\/wp\/v2\/posts"}],"about":[{"href":"https:\/\/www.hoecker.eu\/blog\/wp-json\/wp\/v2\/types\/post"}],"author":[{"embeddable":true,"href":"https:\/\/www.hoecker.eu\/blog\/wp-json\/wp\/v2\/users\/1"}],"replies":[{"embeddable":true,"href":"https:\/\/www.hoecker.eu\/blog\/wp-json\/wp\/v2\/comments?post=8525"}],"version-history":[{"count":1,"href":"https:\/\/www.hoecker.eu\/blog\/wp-json\/wp\/v2\/posts\/8525\/revisions"}],"predecessor-version":[{"id":9647,"href":"https:\/\/www.hoecker.eu\/blog\/wp-json\/wp\/v2\/posts\/8525\/revisions\/9647"}],"wp:attachment":[{"href":"https:\/\/www.hoecker.eu\/blog\/wp-json\/wp\/v2\/media?parent=8525"}],"wp:term":[{"taxonomy":"category","embeddable":true,"href":"https:\/\/www.hoecker.eu\/blog\/wp-json\/wp\/v2\/categories?post=8525"},{"taxonomy":"post_tag","embeddable":true,"href":"https:\/\/www.hoecker.eu\/blog\/wp-json\/wp\/v2\/tags?post=8525"},{"taxonomy":"hashtags","embeddable":true,"href":"https:\/\/www.hoecker.eu\/blog\/wp-json\/wp\/v2\/hashtags?post=8525"},{"taxonomy":"author","embeddable":true,"href":"https:\/\/www.hoecker.eu\/blog\/wp-json\/wp\/v2\/ppma_author?post=8525"}],"curies":[{"name":"wp","href":"https:\/\/api.w.org\/{rel}","templated":true}]}}