{"id":8509,"date":"2016-05-09T21:30:26","date_gmt":"2016-05-09T19:30:26","guid":{"rendered":"https:\/\/www.hoecker.eu\/blog\/markenrecht-keine-rechtserhaltende-benutzung-fuer-ein-nahrungsergaenzungsmittel-wenn-dieses-aus-wettbewerbsrechtlichen-gruenden-als-nahrungsmittel-vermarktet-wird-denn-der-subjektive-wille-des-mark\/"},"modified":"2025-02-17T14:58:58","modified_gmt":"2025-02-17T13:58:58","slug":"markenrecht-keine-rechtserhaltende-benutzung-fuer-ein-nahrungsergaenzungsmittel-wenn-dieses-aus-wettbewerbsrechtlichen-gruenden-als-nahrungsmittel-vermarktet-wird-denn-der-subjektive-wille-des-mark","status":"publish","type":"post","link":"https:\/\/www.hoecker.eu\/blog\/markenrecht-keine-rechtserhaltende-benutzung-fuer-ein-nahrungsergaenzungsmittel-wenn-dieses-aus-wettbewerbsrechtlichen-gruenden-als-nahrungsmittel-vermarktet-wird-denn-der-subjektive-wille-des-mark\/","title":{"rendered":"Markenrecht: Keine rechtserhaltende Benutzung f\u00fcr ein Nahrungserg\u00e4nzungsmittel, wenn dieses aus wettbewerbsrechtlichen Gr\u00fcnden als Nahrungsmittel vermarktet wird, denn der subjektive Wille des Markennutzers entscheidet (LG K\u00f6ln, 84 O 197\/13)."},"content":{"rendered":"<p class=\"flies\">H&Ouml;CKER hat eine deutsche Herstellerin von Nahrungserg&auml;nzungsmitteln erfolgreich vor dem Landgericht K&ouml;ln vertreten. Diese war aus einer Marke einer Wettbewerberin abgemahnt worden, die Schutz f&uuml;r Nahrungserg&auml;nzungsmittel genoss. Da&nbsp;unsere Mandantin&nbsp;Zweifel daran hatte, dass die gegnerische Marke in ihrem Umfang ausreichend f&uuml;r eine rechtserhaltende Benutzung verwendet wurde, ging sie mit uns in die Gegenoffensive. Vor dem Landgericht K&ouml;ln wurde die Abmahnerin auf L&ouml;schung ihrer Marke aufgrund fehlender rechtserhaltender Benutzung klageweise in Anspruch genommen. Das Landgericht K&ouml;ln hat nun mit Urteil vom 05.03.2014, Aktenzeichen 84 O 197\/13 (nichts rechtskr&auml;ftig) best&auml;tigt, dass die Marke zu l&ouml;schen ist.<\/p>\n<p class=\"flies\">Interessant an dieser Entscheidung ist, dass die Markeninhaberin vorgetragen hat, die Marke sei f&uuml;r ein Nahrungserg&auml;nzungsmittel verwendet worden. Dieses Nahrungserg&auml;nzungsmittel habe man aber lediglich aus taktischen Gr&uuml;nden als Nahrungsmittel auf den Markt gebracht, um wettbewerbsrechtlichen Auseinandersetzungen aus dem Weg zu gehen. Das Landgericht K&ouml;ln teilte&nbsp;unsere Ansicht, dass f&uuml;r die Frage der rechtserhaltenden Benutzung einer Marke der subjektive Willen des Nutzers zur Benutzung der Marke entscheidend ist. Da die Marke nach dem Willen der Markeninhaberin im vorliegenden Fall gerade nicht f&uuml;r ein Nahrungserg&auml;nzungsmittel, sondern &ndash; wenn auch nur zur Vermeidung wettbewerbsrechtlicher Streitigkeiten &ndash;&nbsp;f&uuml;r ein&nbsp;Nahrungsmittel verwendet wurde, liegt keine rechtserhaltende Benutzung der Marke f&uuml;r ein Nahrungserg&auml;nzungsmittel vor. Die Marke war daher zu l&ouml;schen.<\/p>\n<p class=\"flies\">Dr. Carsten Brennecke:<br \/> <em>&bdquo;Wer ein Nahrungserg&auml;nzungsmittel als Nahrungsmittel vermarktet, kann sich im markenrechtlichen L&ouml;schungsverfahren nicht darauf berufen, dass das Produkt &acute;eigentlich&acute;ein Nahrungserg&auml;nzungsmittel ist. Marken sind l&ouml;schungsreif, wenn sie nach Ablauf der so genannten Benutzungsschonfrist von f&uuml;nf Jahren nach dem Tag der Eintragung nicht ausreichend verwendet werden. Markeninhaber sollten daher nach Ablauf der Benutzungsschonfrist sorgf&auml;ltig darauf achten, dass die angemeldete Marke in s&auml;mtlichen Bereichen benutzt wird. Wird eine Marke f&uuml;r eine Ware verwendet, die unter unterschiedliche Warenbezeichnungen fallen kann, so stellt das Landgericht K&ouml;ln klar, dass die Marke f&uuml;r die Ware benutzt wird, die der Markeninhaber nach seinem Willen vertreiben wollte.&ldquo;<\/em><\/p>\n","protected":false},"excerpt":{"rendered":"<p>H&Ouml;CKER hat eine deutsche Herstellerin von Nahrungserg&auml;nzungsmitteln erfolgreich vor dem Landgericht K&ouml;ln vertreten. Diese war aus einer Marke einer Wettbewerberin abgemahnt worden, die Schutz f&uuml;r Nahrungserg&auml;nzungsmittel genoss. Da&nbsp;unsere Mandantin&nbsp;Zweifel daran hatte, dass die gegnerische Marke in ihrem Umfang ausreichend f&uuml;r eine rechtserhaltende Benutzung verwendet wurde, ging sie mit uns in die Gegenoffensive. Vor dem Landgericht [&hellip;]<\/p>\n","protected":false},"author":1,"featured_media":0,"comment_status":"closed","ping_status":"closed","sticky":false,"template":"","format":"standard","meta":{"_has_post_settings":[],"footnotes":""},"categories":[15],"tags":[],"hashtags":[],"ppma_author":[84],"class_list":["post-8509","post","type-post","status-publish","format-standard","hentry","category-news","author-hoecker_adm"],"yoast_head":"<!-- This site is optimized with the Yoast SEO Premium plugin v25.9 (Yoast SEO v27.0) - https:\/\/yoast.com\/product\/yoast-seo-premium-wordpress\/ -->\n<title>Markenrecht: Keine rechtserhaltende Benutzung f\u00fcr ein Nahrungserg\u00e4nzungsmittel, wenn dieses aus wettbewerbsrechtlichen Gr\u00fcnden als Nahrungsmittel vermarktet wird, denn der subjektive Wille des Markennutzers entscheidet (LG K\u00f6ln, 84 O 197\/13). - H\u00d6CKER - der Blog<\/title>\n<meta name=\"robots\" content=\"index, follow, max-snippet:-1, max-image-preview:large, max-video-preview:-1\" \/>\n<link rel=\"canonical\" href=\"https:\/\/www.hoecker.eu\/blog\/markenrecht-keine-rechtserhaltende-benutzung-fuer-ein-nahrungsergaenzungsmittel-wenn-dieses-aus-wettbewerbsrechtlichen-gruenden-als-nahrungsmittel-vermarktet-wird-denn-der-subjektive-wille-des-mark\/\" \/>\n<meta property=\"og:locale\" content=\"de_DE\" \/>\n<meta property=\"og:type\" content=\"article\" \/>\n<meta property=\"og:title\" content=\"Markenrecht: Keine rechtserhaltende Benutzung f\u00fcr ein Nahrungserg\u00e4nzungsmittel, wenn dieses aus wettbewerbsrechtlichen Gr\u00fcnden als Nahrungsmittel vermarktet wird, denn der subjektive Wille des Markennutzers entscheidet (LG K\u00f6ln, 84 O 197\/13).\" \/>\n<meta property=\"og:description\" content=\"H&Ouml;CKER hat eine deutsche Herstellerin von Nahrungserg&auml;nzungsmitteln erfolgreich vor dem Landgericht K&ouml;ln vertreten. Diese war aus einer Marke einer Wettbewerberin abgemahnt worden, die Schutz f&uuml;r Nahrungserg&auml;nzungsmittel genoss. Da&nbsp;unsere Mandantin&nbsp;Zweifel daran hatte, dass die gegnerische Marke in ihrem Umfang ausreichend f&uuml;r eine rechtserhaltende Benutzung verwendet wurde, ging sie mit uns in die Gegenoffensive. Vor dem Landgericht [&hellip;]\" \/>\n<meta property=\"og:url\" content=\"https:\/\/www.hoecker.eu\/blog\/markenrecht-keine-rechtserhaltende-benutzung-fuer-ein-nahrungsergaenzungsmittel-wenn-dieses-aus-wettbewerbsrechtlichen-gruenden-als-nahrungsmittel-vermarktet-wird-denn-der-subjektive-wille-des-mark\/\" \/>\n<meta property=\"og:site_name\" content=\"H\u00d6CKER - der Blog\" \/>\n<meta property=\"article:publisher\" content=\"https:\/\/www.facebook.com\/HoeckerRAe\/\" \/>\n<meta property=\"article:author\" content=\"https:\/\/www.facebook.com\/ralf.hoecker\" \/>\n<meta property=\"article:published_time\" content=\"2016-05-09T19:30:26+00:00\" \/>\n<meta property=\"article:modified_time\" content=\"2025-02-17T13:58:58+00:00\" \/>\n<meta name=\"author\" content=\"Prof. Dr. Ralf H\u00f6cker\" \/>\n<meta name=\"twitter:card\" content=\"summary_large_image\" \/>\n<meta name=\"twitter:creator\" content=\"@Ralf_Hoecker\" \/>\n<meta name=\"twitter:site\" content=\"@hoecker_rae\" \/>\n<meta name=\"twitter:label1\" content=\"Verfasst von\" \/>\n\t<meta name=\"twitter:data1\" content=\"Prof. Dr. Ralf H\u00f6cker\" \/>\n\t<meta name=\"twitter:label2\" content=\"Gesch\u00e4tzte Lesezeit\" \/>\n\t<meta name=\"twitter:data2\" content=\"2\u00a0Minuten\" \/>\n<script type=\"application\/ld+json\" class=\"yoast-schema-graph\">{\"@context\":\"https:\/\/schema.org\",\"@graph\":[{\"@type\":\"Article\",\"@id\":\"https:\/\/www.hoecker.eu\/blog\/markenrecht-keine-rechtserhaltende-benutzung-fuer-ein-nahrungsergaenzungsmittel-wenn-dieses-aus-wettbewerbsrechtlichen-gruenden-als-nahrungsmittel-vermarktet-wird-denn-der-subjektive-wille-des-mark\/#article\",\"isPartOf\":{\"@id\":\"https:\/\/www.hoecker.eu\/blog\/markenrecht-keine-rechtserhaltende-benutzung-fuer-ein-nahrungsergaenzungsmittel-wenn-dieses-aus-wettbewerbsrechtlichen-gruenden-als-nahrungsmittel-vermarktet-wird-denn-der-subjektive-wille-des-mark\/\"},\"author\":{\"name\":\"Prof. Dr. Ralf H\u00f6cker\",\"@id\":\"https:\/\/www.hoecker.eu\/blog\/#\/schema\/person\/08f95581eed0534eccd0b2438f7a1cab\"},\"headline\":\"Markenrecht: Keine rechtserhaltende Benutzung f\u00fcr ein Nahrungserg\u00e4nzungsmittel, wenn dieses aus wettbewerbsrechtlichen Gr\u00fcnden als Nahrungsmittel vermarktet wird, denn der subjektive Wille des Markennutzers entscheidet (LG K\u00f6ln, 84 O 197\/13).\",\"datePublished\":\"2016-05-09T19:30:26+00:00\",\"dateModified\":\"2025-02-17T13:58:58+00:00\",\"mainEntityOfPage\":{\"@id\":\"https:\/\/www.hoecker.eu\/blog\/markenrecht-keine-rechtserhaltende-benutzung-fuer-ein-nahrungsergaenzungsmittel-wenn-dieses-aus-wettbewerbsrechtlichen-gruenden-als-nahrungsmittel-vermarktet-wird-denn-der-subjektive-wille-des-mark\/\"},\"wordCount\":414,\"publisher\":{\"@id\":\"https:\/\/www.hoecker.eu\/blog\/#organization\"},\"articleSection\":[\"News\"],\"inLanguage\":\"de\"},{\"@type\":\"WebPage\",\"@id\":\"https:\/\/www.hoecker.eu\/blog\/markenrecht-keine-rechtserhaltende-benutzung-fuer-ein-nahrungsergaenzungsmittel-wenn-dieses-aus-wettbewerbsrechtlichen-gruenden-als-nahrungsmittel-vermarktet-wird-denn-der-subjektive-wille-des-mark\/\",\"url\":\"https:\/\/www.hoecker.eu\/blog\/markenrecht-keine-rechtserhaltende-benutzung-fuer-ein-nahrungsergaenzungsmittel-wenn-dieses-aus-wettbewerbsrechtlichen-gruenden-als-nahrungsmittel-vermarktet-wird-denn-der-subjektive-wille-des-mark\/\",\"name\":\"Markenrecht: Keine rechtserhaltende Benutzung f\u00fcr ein Nahrungserg\u00e4nzungsmittel, wenn dieses aus wettbewerbsrechtlichen Gr\u00fcnden als Nahrungsmittel vermarktet wird, denn der subjektive Wille des Markennutzers entscheidet (LG K\u00f6ln, 84 O 197\/13). - H\u00d6CKER - der Blog\",\"isPartOf\":{\"@id\":\"https:\/\/www.hoecker.eu\/blog\/#website\"},\"datePublished\":\"2016-05-09T19:30:26+00:00\",\"dateModified\":\"2025-02-17T13:58:58+00:00\",\"breadcrumb\":{\"@id\":\"https:\/\/www.hoecker.eu\/blog\/markenrecht-keine-rechtserhaltende-benutzung-fuer-ein-nahrungsergaenzungsmittel-wenn-dieses-aus-wettbewerbsrechtlichen-gruenden-als-nahrungsmittel-vermarktet-wird-denn-der-subjektive-wille-des-mark\/#breadcrumb\"},\"inLanguage\":\"de\",\"potentialAction\":[{\"@type\":\"ReadAction\",\"target\":[\"https:\/\/www.hoecker.eu\/blog\/markenrecht-keine-rechtserhaltende-benutzung-fuer-ein-nahrungsergaenzungsmittel-wenn-dieses-aus-wettbewerbsrechtlichen-gruenden-als-nahrungsmittel-vermarktet-wird-denn-der-subjektive-wille-des-mark\/\"]}]},{\"@type\":\"BreadcrumbList\",\"@id\":\"https:\/\/www.hoecker.eu\/blog\/markenrecht-keine-rechtserhaltende-benutzung-fuer-ein-nahrungsergaenzungsmittel-wenn-dieses-aus-wettbewerbsrechtlichen-gruenden-als-nahrungsmittel-vermarktet-wird-denn-der-subjektive-wille-des-mark\/#breadcrumb\",\"itemListElement\":[{\"@type\":\"ListItem\",\"position\":1,\"name\":\"Startseite\",\"item\":\"https:\/\/dev.hoecker.eu\/blog\/\"},{\"@type\":\"ListItem\",\"position\":2,\"name\":\"Markenrecht: Keine rechtserhaltende Benutzung f\u00fcr ein Nahrungserg\u00e4nzungsmittel, wenn dieses aus wettbewerbsrechtlichen Gr\u00fcnden als Nahrungsmittel vermarktet wird, denn der subjektive Wille des Markennutzers entscheidet (LG K\u00f6ln, 84 O 197\/13).\"}]},{\"@type\":\"WebSite\",\"@id\":\"https:\/\/www.hoecker.eu\/blog\/#website\",\"url\":\"https:\/\/www.hoecker.eu\/blog\/\",\"name\":\"H\u00d6CKER - der Blog\",\"description\":\"Expertenblog f\u00fcr \u00c4u\u00dferungs-, Medien-, Marken-, Urheber- und Wettbewerbsrecht.\",\"publisher\":{\"@id\":\"https:\/\/www.hoecker.eu\/blog\/#organization\"},\"potentialAction\":[{\"@type\":\"SearchAction\",\"target\":{\"@type\":\"EntryPoint\",\"urlTemplate\":\"https:\/\/www.hoecker.eu\/blog\/?s={search_term_string}\"},\"query-input\":{\"@type\":\"PropertyValueSpecification\",\"valueRequired\":true,\"valueName\":\"search_term_string\"}}],\"inLanguage\":\"de\"},{\"@type\":\"Organization\",\"@id\":\"https:\/\/www.hoecker.eu\/blog\/#organization\",\"name\":\"H\u00d6CKER Rechtsanw\u00e4lte PartGmbB\",\"alternateName\":\"H\u00d6CKER\",\"url\":\"https:\/\/www.hoecker.eu\/blog\/\",\"logo\":{\"@type\":\"ImageObject\",\"inLanguage\":\"de\",\"@id\":\"https:\/\/www.hoecker.eu\/blog\/#\/schema\/logo\/image\/\",\"url\":\"https:\/\/www.hoecker.eu\/blog\/wp-content\/uploads\/2025\/03\/Blog-Logo.webp\",\"contentUrl\":\"https:\/\/www.hoecker.eu\/blog\/wp-content\/uploads\/2025\/03\/Blog-Logo.webp\",\"width\":500,\"height\":500,\"caption\":\"H\u00d6CKER Rechtsanw\u00e4lte PartGmbB\"},\"image\":{\"@id\":\"https:\/\/www.hoecker.eu\/blog\/#\/schema\/logo\/image\/\"},\"sameAs\":[\"https:\/\/www.facebook.com\/HoeckerRAe\/\",\"https:\/\/x.com\/hoecker_rae\",\"https:\/\/www.linkedin.com\/company\/hcker-rechtsanwlte\/\",\"https:\/\/www.instagram.com\/hoecker_rae\/\"],\"email\":\"contact@hoecker.eu\",\"telephone\":\"+ 49 (0)221-933 19-10\",\"legalName\":\"H\u00d6CKER Rechtsanw\u00e4lte PartGmbB\",\"numberOfEmployees\":{\"@type\":\"QuantitativeValue\",\"minValue\":\"11\",\"maxValue\":\"50\"}},{\"@type\":\"Person\",\"@id\":\"https:\/\/www.hoecker.eu\/blog\/#\/schema\/person\/08f95581eed0534eccd0b2438f7a1cab\",\"name\":\"Prof. Dr. Ralf H\u00f6cker\",\"description\":\"Medienanwalt. Besch\u00fctzer vor mieser Presse\",\"sameAs\":[\"https:\/\/www.hoecker.eu\/wer\/prof-dr-ralf-hoecker\",\"https:\/\/www.facebook.com\/ralf.hoecker\",\"https:\/\/www.linkedin.com\/in\/prof-dr-ralf-hcker-ll-m-london-17987826\/\",\"https:\/\/x.com\/Ralf_Hoecker\"],\"url\":\"https:\/\/www.hoecker.eu\/blog\/author\/hoecker_adm\/\"}]}<\/script>\n<!-- \/ Yoast SEO Premium plugin. -->","yoast_head_json":{"title":"Markenrecht: Keine rechtserhaltende Benutzung f\u00fcr ein Nahrungserg\u00e4nzungsmittel, wenn dieses aus wettbewerbsrechtlichen Gr\u00fcnden als Nahrungsmittel vermarktet wird, denn der subjektive Wille des Markennutzers entscheidet (LG K\u00f6ln, 84 O 197\/13). - H\u00d6CKER - der Blog","robots":{"index":"index","follow":"follow","max-snippet":"max-snippet:-1","max-image-preview":"max-image-preview:large","max-video-preview":"max-video-preview:-1"},"canonical":"https:\/\/www.hoecker.eu\/blog\/markenrecht-keine-rechtserhaltende-benutzung-fuer-ein-nahrungsergaenzungsmittel-wenn-dieses-aus-wettbewerbsrechtlichen-gruenden-als-nahrungsmittel-vermarktet-wird-denn-der-subjektive-wille-des-mark\/","og_locale":"de_DE","og_type":"article","og_title":"Markenrecht: Keine rechtserhaltende Benutzung f\u00fcr ein Nahrungserg\u00e4nzungsmittel, wenn dieses aus wettbewerbsrechtlichen Gr\u00fcnden als Nahrungsmittel vermarktet wird, denn der subjektive Wille des Markennutzers entscheidet (LG K\u00f6ln, 84 O 197\/13).","og_description":"H&Ouml;CKER hat eine deutsche Herstellerin von Nahrungserg&auml;nzungsmitteln erfolgreich vor dem Landgericht K&ouml;ln vertreten. Diese war aus einer Marke einer Wettbewerberin abgemahnt worden, die Schutz f&uuml;r Nahrungserg&auml;nzungsmittel genoss. Da&nbsp;unsere Mandantin&nbsp;Zweifel daran hatte, dass die gegnerische Marke in ihrem Umfang ausreichend f&uuml;r eine rechtserhaltende Benutzung verwendet wurde, ging sie mit uns in die Gegenoffensive. Vor dem Landgericht [&hellip;]","og_url":"https:\/\/www.hoecker.eu\/blog\/markenrecht-keine-rechtserhaltende-benutzung-fuer-ein-nahrungsergaenzungsmittel-wenn-dieses-aus-wettbewerbsrechtlichen-gruenden-als-nahrungsmittel-vermarktet-wird-denn-der-subjektive-wille-des-mark\/","og_site_name":"H\u00d6CKER - der Blog","article_publisher":"https:\/\/www.facebook.com\/HoeckerRAe\/","article_author":"https:\/\/www.facebook.com\/ralf.hoecker","article_published_time":"2016-05-09T19:30:26+00:00","article_modified_time":"2025-02-17T13:58:58+00:00","author":"Prof. Dr. Ralf H\u00f6cker","twitter_card":"summary_large_image","twitter_creator":"@Ralf_Hoecker","twitter_site":"@hoecker_rae","twitter_misc":{"Verfasst von":"Prof. Dr. Ralf H\u00f6cker","Gesch\u00e4tzte Lesezeit":"2\u00a0Minuten"},"schema":{"@context":"https:\/\/schema.org","@graph":[{"@type":"Article","@id":"https:\/\/www.hoecker.eu\/blog\/markenrecht-keine-rechtserhaltende-benutzung-fuer-ein-nahrungsergaenzungsmittel-wenn-dieses-aus-wettbewerbsrechtlichen-gruenden-als-nahrungsmittel-vermarktet-wird-denn-der-subjektive-wille-des-mark\/#article","isPartOf":{"@id":"https:\/\/www.hoecker.eu\/blog\/markenrecht-keine-rechtserhaltende-benutzung-fuer-ein-nahrungsergaenzungsmittel-wenn-dieses-aus-wettbewerbsrechtlichen-gruenden-als-nahrungsmittel-vermarktet-wird-denn-der-subjektive-wille-des-mark\/"},"author":{"name":"Prof. Dr. Ralf H\u00f6cker","@id":"https:\/\/www.hoecker.eu\/blog\/#\/schema\/person\/08f95581eed0534eccd0b2438f7a1cab"},"headline":"Markenrecht: Keine rechtserhaltende Benutzung f\u00fcr ein Nahrungserg\u00e4nzungsmittel, wenn dieses aus wettbewerbsrechtlichen Gr\u00fcnden als Nahrungsmittel vermarktet wird, denn der subjektive Wille des Markennutzers entscheidet (LG K\u00f6ln, 84 O 197\/13).","datePublished":"2016-05-09T19:30:26+00:00","dateModified":"2025-02-17T13:58:58+00:00","mainEntityOfPage":{"@id":"https:\/\/www.hoecker.eu\/blog\/markenrecht-keine-rechtserhaltende-benutzung-fuer-ein-nahrungsergaenzungsmittel-wenn-dieses-aus-wettbewerbsrechtlichen-gruenden-als-nahrungsmittel-vermarktet-wird-denn-der-subjektive-wille-des-mark\/"},"wordCount":414,"publisher":{"@id":"https:\/\/www.hoecker.eu\/blog\/#organization"},"articleSection":["News"],"inLanguage":"de"},{"@type":"WebPage","@id":"https:\/\/www.hoecker.eu\/blog\/markenrecht-keine-rechtserhaltende-benutzung-fuer-ein-nahrungsergaenzungsmittel-wenn-dieses-aus-wettbewerbsrechtlichen-gruenden-als-nahrungsmittel-vermarktet-wird-denn-der-subjektive-wille-des-mark\/","url":"https:\/\/www.hoecker.eu\/blog\/markenrecht-keine-rechtserhaltende-benutzung-fuer-ein-nahrungsergaenzungsmittel-wenn-dieses-aus-wettbewerbsrechtlichen-gruenden-als-nahrungsmittel-vermarktet-wird-denn-der-subjektive-wille-des-mark\/","name":"Markenrecht: Keine rechtserhaltende Benutzung f\u00fcr ein Nahrungserg\u00e4nzungsmittel, wenn dieses aus wettbewerbsrechtlichen Gr\u00fcnden als Nahrungsmittel vermarktet wird, denn der subjektive Wille des Markennutzers entscheidet (LG K\u00f6ln, 84 O 197\/13). - H\u00d6CKER - der Blog","isPartOf":{"@id":"https:\/\/www.hoecker.eu\/blog\/#website"},"datePublished":"2016-05-09T19:30:26+00:00","dateModified":"2025-02-17T13:58:58+00:00","breadcrumb":{"@id":"https:\/\/www.hoecker.eu\/blog\/markenrecht-keine-rechtserhaltende-benutzung-fuer-ein-nahrungsergaenzungsmittel-wenn-dieses-aus-wettbewerbsrechtlichen-gruenden-als-nahrungsmittel-vermarktet-wird-denn-der-subjektive-wille-des-mark\/#breadcrumb"},"inLanguage":"de","potentialAction":[{"@type":"ReadAction","target":["https:\/\/www.hoecker.eu\/blog\/markenrecht-keine-rechtserhaltende-benutzung-fuer-ein-nahrungsergaenzungsmittel-wenn-dieses-aus-wettbewerbsrechtlichen-gruenden-als-nahrungsmittel-vermarktet-wird-denn-der-subjektive-wille-des-mark\/"]}]},{"@type":"BreadcrumbList","@id":"https:\/\/www.hoecker.eu\/blog\/markenrecht-keine-rechtserhaltende-benutzung-fuer-ein-nahrungsergaenzungsmittel-wenn-dieses-aus-wettbewerbsrechtlichen-gruenden-als-nahrungsmittel-vermarktet-wird-denn-der-subjektive-wille-des-mark\/#breadcrumb","itemListElement":[{"@type":"ListItem","position":1,"name":"Startseite","item":"https:\/\/dev.hoecker.eu\/blog\/"},{"@type":"ListItem","position":2,"name":"Markenrecht: Keine rechtserhaltende Benutzung f\u00fcr ein Nahrungserg\u00e4nzungsmittel, wenn dieses aus wettbewerbsrechtlichen Gr\u00fcnden als Nahrungsmittel vermarktet wird, denn der subjektive Wille des Markennutzers entscheidet (LG K\u00f6ln, 84 O 197\/13)."}]},{"@type":"WebSite","@id":"https:\/\/www.hoecker.eu\/blog\/#website","url":"https:\/\/www.hoecker.eu\/blog\/","name":"H\u00d6CKER - der Blog","description":"Expertenblog f\u00fcr \u00c4u\u00dferungs-, Medien-, Marken-, Urheber- und Wettbewerbsrecht.","publisher":{"@id":"https:\/\/www.hoecker.eu\/blog\/#organization"},"potentialAction":[{"@type":"SearchAction","target":{"@type":"EntryPoint","urlTemplate":"https:\/\/www.hoecker.eu\/blog\/?s={search_term_string}"},"query-input":{"@type":"PropertyValueSpecification","valueRequired":true,"valueName":"search_term_string"}}],"inLanguage":"de"},{"@type":"Organization","@id":"https:\/\/www.hoecker.eu\/blog\/#organization","name":"H\u00d6CKER Rechtsanw\u00e4lte PartGmbB","alternateName":"H\u00d6CKER","url":"https:\/\/www.hoecker.eu\/blog\/","logo":{"@type":"ImageObject","inLanguage":"de","@id":"https:\/\/www.hoecker.eu\/blog\/#\/schema\/logo\/image\/","url":"https:\/\/www.hoecker.eu\/blog\/wp-content\/uploads\/2025\/03\/Blog-Logo.webp","contentUrl":"https:\/\/www.hoecker.eu\/blog\/wp-content\/uploads\/2025\/03\/Blog-Logo.webp","width":500,"height":500,"caption":"H\u00d6CKER Rechtsanw\u00e4lte PartGmbB"},"image":{"@id":"https:\/\/www.hoecker.eu\/blog\/#\/schema\/logo\/image\/"},"sameAs":["https:\/\/www.facebook.com\/HoeckerRAe\/","https:\/\/x.com\/hoecker_rae","https:\/\/www.linkedin.com\/company\/hcker-rechtsanwlte\/","https:\/\/www.instagram.com\/hoecker_rae\/"],"email":"contact@hoecker.eu","telephone":"+ 49 (0)221-933 19-10","legalName":"H\u00d6CKER Rechtsanw\u00e4lte PartGmbB","numberOfEmployees":{"@type":"QuantitativeValue","minValue":"11","maxValue":"50"}},{"@type":"Person","@id":"https:\/\/www.hoecker.eu\/blog\/#\/schema\/person\/08f95581eed0534eccd0b2438f7a1cab","name":"Prof. Dr. Ralf H\u00f6cker","description":"Medienanwalt. Besch\u00fctzer vor mieser Presse","sameAs":["https:\/\/www.hoecker.eu\/wer\/prof-dr-ralf-hoecker","https:\/\/www.facebook.com\/ralf.hoecker","https:\/\/www.linkedin.com\/in\/prof-dr-ralf-hcker-ll-m-london-17987826\/","https:\/\/x.com\/Ralf_Hoecker"],"url":"https:\/\/www.hoecker.eu\/blog\/author\/hoecker_adm\/"}]}},"authors":[{"term_id":84,"user_id":1,"is_guest":0,"slug":"hoecker_adm","display_name":"Prof. Dr. Ralf H\u00f6cker","avatar_url":{"url":"https:\/\/www.hoecker.eu\/blog\/wp-content\/uploads\/2023\/12\/ProfDrRalfHoecker.jpg","url2x":"https:\/\/www.hoecker.eu\/blog\/wp-content\/uploads\/2023\/12\/ProfDrRalfHoecker.jpg"},"0":null,"1":"","2":"","3":"","4":"","5":"","6":"","7":"","8":"","9":"","10":"","11":""}],"_links":{"self":[{"href":"https:\/\/www.hoecker.eu\/blog\/wp-json\/wp\/v2\/posts\/8509","targetHints":{"allow":["GET"]}}],"collection":[{"href":"https:\/\/www.hoecker.eu\/blog\/wp-json\/wp\/v2\/posts"}],"about":[{"href":"https:\/\/www.hoecker.eu\/blog\/wp-json\/wp\/v2\/types\/post"}],"author":[{"embeddable":true,"href":"https:\/\/www.hoecker.eu\/blog\/wp-json\/wp\/v2\/users\/1"}],"replies":[{"embeddable":true,"href":"https:\/\/www.hoecker.eu\/blog\/wp-json\/wp\/v2\/comments?post=8509"}],"version-history":[{"count":1,"href":"https:\/\/www.hoecker.eu\/blog\/wp-json\/wp\/v2\/posts\/8509\/revisions"}],"predecessor-version":[{"id":9631,"href":"https:\/\/www.hoecker.eu\/blog\/wp-json\/wp\/v2\/posts\/8509\/revisions\/9631"}],"wp:attachment":[{"href":"https:\/\/www.hoecker.eu\/blog\/wp-json\/wp\/v2\/media?parent=8509"}],"wp:term":[{"taxonomy":"category","embeddable":true,"href":"https:\/\/www.hoecker.eu\/blog\/wp-json\/wp\/v2\/categories?post=8509"},{"taxonomy":"post_tag","embeddable":true,"href":"https:\/\/www.hoecker.eu\/blog\/wp-json\/wp\/v2\/tags?post=8509"},{"taxonomy":"hashtags","embeddable":true,"href":"https:\/\/www.hoecker.eu\/blog\/wp-json\/wp\/v2\/hashtags?post=8509"},{"taxonomy":"author","embeddable":true,"href":"https:\/\/www.hoecker.eu\/blog\/wp-json\/wp\/v2\/ppma_author?post=8509"}],"curies":[{"name":"wp","href":"https:\/\/api.w.org\/{rel}","templated":true}]}}