{"id":8497,"date":"2016-05-09T21:44:00","date_gmt":"2016-05-09T19:44:00","guid":{"rendered":"https:\/\/www.hoecker.eu\/blog\/politiker-mit-hoecker-erfolgreich-gegen-die-taz-wenn-fuer-eine-abmahnung-aussergerichtlich-zu-hohe-kosten-gefordert-werden-muss-der-verlag-zumindest-den-aus-seiner-sicht-angemessenen-betrag-erstatte\/"},"modified":"2025-02-17T14:58:49","modified_gmt":"2025-02-17T13:58:49","slug":"politiker-mit-hoecker-erfolgreich-gegen-die-taz-wenn-fuer-eine-abmahnung-aussergerichtlich-zu-hohe-kosten-gefordert-werden-muss-der-verlag-zumindest-den-aus-seiner-sicht-angemessenen-betrag-erstatte","status":"publish","type":"post","link":"https:\/\/www.hoecker.eu\/blog\/politiker-mit-hoecker-erfolgreich-gegen-die-taz-wenn-fuer-eine-abmahnung-aussergerichtlich-zu-hohe-kosten-gefordert-werden-muss-der-verlag-zumindest-den-aus-seiner-sicht-angemessenen-betrag-erstatte\/","title":{"rendered":"Politiker mit H\u00d6CKER erfolgreich gegen die taz: Wenn f\u00fcr eine Abmahnung au\u00dfergerichtlich zu hohe Kosten gefordert werden, muss der Verlag zumindest den aus seiner Sicht angemessenen Betrag erstatten."},"content":{"rendered":"<p class=\"flies\">H\u00d6CKER hat die Unterlassungs- und Kostenerstattungsanspr\u00fcche eines deutschen Politikers erfolgreich gegen die Verlegerin der taz durchgesetzt. Die Zeitung hatte \u00fcber den Politiker f\u00e4lschlicherweise verbreitet, dass dieser ein bekennender Schwuler sei. Auf Abmahnung durch H\u00d6CKER gab die taz eine Unterlassungserkl\u00e4rung ab, weigerte sich jedoch, die Abmahnkosten zu zahlen. Gegen die Klage auf Kostenerstattung wendete die taz ein, sie habe die Kosten des Verfahrens deshalb nicht zu tragen, weil au\u00dfergerichtlich die Kostenerstattung auf der Basis eines h\u00f6heren Gegenstandswertes gefordert worden sei. Sie habe daher keine Veranlassung zu einer Klage zu den dann eingeklagten niedrigeren Rechtsanwaltsgeb\u00fchren gegeben. Das Amtsgericht K\u00f6ln hat nun mit Urteil vom 16.05.2014 (Az. 112 C 259\/13) entschieden, dass die taz die Kosten des Klageverfahrens zu tragen hat. Dies begr\u00fcndet das Amtsgericht damit, dass es der taz freigestanden h\u00e4tte, einen niedrigeren, aus ihrer Sicht angemessenen Betrag zu erstatten. Da die taz jedoch gar keine Rechtsanwaltsgeb\u00fchren f\u00fcr die Abmahnung erstattete, habe sie Anlass zur Klage gegeben und m\u00fcsse die daraus resultierenden Kosten des Verfahrens tragen.<\/p>\n<\/p>\n<p class=\"flies\"> Dr. Carsten Brennecke:<br \/>\u201e<em>Abgemahnte berufen sich h\u00e4ufig darauf, dass die geforderten Rechtsanwaltsgeb\u00fchren f\u00fcr eine Abmahnung zu hoch seien und versuchen bei einer anschlie\u00dfenden Klage der Belastung mit den Kosten des gerichtlichen Verfahrens dadurch zu entgehen, dass sie einwenden, sie h\u00e4tten auf die \u00fcberzogenen Forderungen nicht zahlen m\u00fcssen. Dem erteilt das Amtsgericht K\u00f6ln eine \u00fcberzeugende Absage. Wer meint, die Kostenforderung des gegnerischen Anwalts seien zu hoch, der hat zumindest eine aus seiner Sicht angemessene Kostenerstattung vorzunehmen.\u201c <\/em><\/p>\n","protected":false},"excerpt":{"rendered":"<p>H\u00d6CKER hat die Unterlassungs- und Kostenerstattungsanspr\u00fcche eines deutschen Politikers erfolgreich gegen die Verlegerin der taz durchgesetzt. Die Zeitung hatte \u00fcber den Politiker f\u00e4lschlicherweise verbreitet, dass dieser ein bekennender Schwuler sei. Auf Abmahnung durch H\u00d6CKER gab die taz eine Unterlassungserkl\u00e4rung ab, weigerte sich jedoch, die Abmahnkosten zu zahlen. Gegen die Klage auf Kostenerstattung wendete die taz [&hellip;]<\/p>\n","protected":false},"author":1,"featured_media":0,"comment_status":"closed","ping_status":"closed","sticky":false,"template":"","format":"standard","meta":{"_has_post_settings":[],"footnotes":""},"categories":[15],"tags":[],"hashtags":[],"ppma_author":[84],"class_list":["post-8497","post","type-post","status-publish","format-standard","hentry","category-news","author-hoecker_adm"],"yoast_head":"<!-- This site is optimized with the Yoast SEO Premium plugin v25.9 (Yoast SEO v27.0) - https:\/\/yoast.com\/product\/yoast-seo-premium-wordpress\/ -->\n<title>Politiker mit H\u00d6CKER erfolgreich gegen die taz: Wenn f\u00fcr eine Abmahnung au\u00dfergerichtlich zu hohe Kosten gefordert werden, muss der Verlag zumindest den aus seiner Sicht angemessenen Betrag erstatten. - H\u00d6CKER - der Blog<\/title>\n<meta name=\"robots\" content=\"index, follow, max-snippet:-1, max-image-preview:large, max-video-preview:-1\" \/>\n<link rel=\"canonical\" href=\"https:\/\/www.hoecker.eu\/blog\/politiker-mit-hoecker-erfolgreich-gegen-die-taz-wenn-fuer-eine-abmahnung-aussergerichtlich-zu-hohe-kosten-gefordert-werden-muss-der-verlag-zumindest-den-aus-seiner-sicht-angemessenen-betrag-erstatte\/\" \/>\n<meta property=\"og:locale\" content=\"de_DE\" \/>\n<meta property=\"og:type\" content=\"article\" \/>\n<meta property=\"og:title\" content=\"Politiker mit H\u00d6CKER erfolgreich gegen die taz: Wenn f\u00fcr eine Abmahnung au\u00dfergerichtlich zu hohe Kosten gefordert werden, muss der Verlag zumindest den aus seiner Sicht angemessenen Betrag erstatten.\" \/>\n<meta property=\"og:description\" content=\"H\u00d6CKER hat die Unterlassungs- und Kostenerstattungsanspr\u00fcche eines deutschen Politikers erfolgreich gegen die Verlegerin der taz durchgesetzt. Die Zeitung hatte \u00fcber den Politiker f\u00e4lschlicherweise verbreitet, dass dieser ein bekennender Schwuler sei. Auf Abmahnung durch H\u00d6CKER gab die taz eine Unterlassungserkl\u00e4rung ab, weigerte sich jedoch, die Abmahnkosten zu zahlen. Gegen die Klage auf Kostenerstattung wendete die taz [&hellip;]\" \/>\n<meta property=\"og:url\" content=\"https:\/\/www.hoecker.eu\/blog\/politiker-mit-hoecker-erfolgreich-gegen-die-taz-wenn-fuer-eine-abmahnung-aussergerichtlich-zu-hohe-kosten-gefordert-werden-muss-der-verlag-zumindest-den-aus-seiner-sicht-angemessenen-betrag-erstatte\/\" \/>\n<meta property=\"og:site_name\" content=\"H\u00d6CKER - der Blog\" \/>\n<meta property=\"article:publisher\" content=\"https:\/\/www.facebook.com\/HoeckerRAe\/\" \/>\n<meta property=\"article:author\" content=\"https:\/\/www.facebook.com\/ralf.hoecker\" \/>\n<meta property=\"article:published_time\" content=\"2016-05-09T19:44:00+00:00\" \/>\n<meta property=\"article:modified_time\" content=\"2025-02-17T13:58:49+00:00\" \/>\n<meta name=\"author\" content=\"Prof. Dr. Ralf H\u00f6cker\" \/>\n<meta name=\"twitter:card\" content=\"summary_large_image\" \/>\n<meta name=\"twitter:creator\" content=\"@Ralf_Hoecker\" \/>\n<meta name=\"twitter:site\" content=\"@hoecker_rae\" \/>\n<meta name=\"twitter:label1\" content=\"Verfasst von\" \/>\n\t<meta name=\"twitter:data1\" content=\"Prof. Dr. Ralf H\u00f6cker\" \/>\n\t<meta name=\"twitter:label2\" content=\"Gesch\u00e4tzte Lesezeit\" \/>\n\t<meta name=\"twitter:data2\" content=\"1\u00a0Minute\" \/>\n<script type=\"application\/ld+json\" class=\"yoast-schema-graph\">{\"@context\":\"https:\/\/schema.org\",\"@graph\":[{\"@type\":\"Article\",\"@id\":\"https:\/\/www.hoecker.eu\/blog\/politiker-mit-hoecker-erfolgreich-gegen-die-taz-wenn-fuer-eine-abmahnung-aussergerichtlich-zu-hohe-kosten-gefordert-werden-muss-der-verlag-zumindest-den-aus-seiner-sicht-angemessenen-betrag-erstatte\/#article\",\"isPartOf\":{\"@id\":\"https:\/\/www.hoecker.eu\/blog\/politiker-mit-hoecker-erfolgreich-gegen-die-taz-wenn-fuer-eine-abmahnung-aussergerichtlich-zu-hohe-kosten-gefordert-werden-muss-der-verlag-zumindest-den-aus-seiner-sicht-angemessenen-betrag-erstatte\/\"},\"author\":{\"name\":\"Prof. Dr. Ralf H\u00f6cker\",\"@id\":\"https:\/\/www.hoecker.eu\/blog\/#\/schema\/person\/08f95581eed0534eccd0b2438f7a1cab\"},\"headline\":\"Politiker mit H\u00d6CKER erfolgreich gegen die taz: Wenn f\u00fcr eine Abmahnung au\u00dfergerichtlich zu hohe Kosten gefordert werden, muss der Verlag zumindest den aus seiner Sicht angemessenen Betrag erstatten.\",\"datePublished\":\"2016-05-09T19:44:00+00:00\",\"dateModified\":\"2025-02-17T13:58:49+00:00\",\"mainEntityOfPage\":{\"@id\":\"https:\/\/www.hoecker.eu\/blog\/politiker-mit-hoecker-erfolgreich-gegen-die-taz-wenn-fuer-eine-abmahnung-aussergerichtlich-zu-hohe-kosten-gefordert-werden-muss-der-verlag-zumindest-den-aus-seiner-sicht-angemessenen-betrag-erstatte\/\"},\"wordCount\":288,\"publisher\":{\"@id\":\"https:\/\/www.hoecker.eu\/blog\/#organization\"},\"articleSection\":[\"News\"],\"inLanguage\":\"de\"},{\"@type\":\"WebPage\",\"@id\":\"https:\/\/www.hoecker.eu\/blog\/politiker-mit-hoecker-erfolgreich-gegen-die-taz-wenn-fuer-eine-abmahnung-aussergerichtlich-zu-hohe-kosten-gefordert-werden-muss-der-verlag-zumindest-den-aus-seiner-sicht-angemessenen-betrag-erstatte\/\",\"url\":\"https:\/\/www.hoecker.eu\/blog\/politiker-mit-hoecker-erfolgreich-gegen-die-taz-wenn-fuer-eine-abmahnung-aussergerichtlich-zu-hohe-kosten-gefordert-werden-muss-der-verlag-zumindest-den-aus-seiner-sicht-angemessenen-betrag-erstatte\/\",\"name\":\"Politiker mit H\u00d6CKER erfolgreich gegen die taz: Wenn f\u00fcr eine Abmahnung au\u00dfergerichtlich zu hohe Kosten gefordert werden, muss der Verlag zumindest den aus seiner Sicht angemessenen Betrag erstatten. - H\u00d6CKER - der Blog\",\"isPartOf\":{\"@id\":\"https:\/\/www.hoecker.eu\/blog\/#website\"},\"datePublished\":\"2016-05-09T19:44:00+00:00\",\"dateModified\":\"2025-02-17T13:58:49+00:00\",\"breadcrumb\":{\"@id\":\"https:\/\/www.hoecker.eu\/blog\/politiker-mit-hoecker-erfolgreich-gegen-die-taz-wenn-fuer-eine-abmahnung-aussergerichtlich-zu-hohe-kosten-gefordert-werden-muss-der-verlag-zumindest-den-aus-seiner-sicht-angemessenen-betrag-erstatte\/#breadcrumb\"},\"inLanguage\":\"de\",\"potentialAction\":[{\"@type\":\"ReadAction\",\"target\":[\"https:\/\/www.hoecker.eu\/blog\/politiker-mit-hoecker-erfolgreich-gegen-die-taz-wenn-fuer-eine-abmahnung-aussergerichtlich-zu-hohe-kosten-gefordert-werden-muss-der-verlag-zumindest-den-aus-seiner-sicht-angemessenen-betrag-erstatte\/\"]}]},{\"@type\":\"BreadcrumbList\",\"@id\":\"https:\/\/www.hoecker.eu\/blog\/politiker-mit-hoecker-erfolgreich-gegen-die-taz-wenn-fuer-eine-abmahnung-aussergerichtlich-zu-hohe-kosten-gefordert-werden-muss-der-verlag-zumindest-den-aus-seiner-sicht-angemessenen-betrag-erstatte\/#breadcrumb\",\"itemListElement\":[{\"@type\":\"ListItem\",\"position\":1,\"name\":\"Startseite\",\"item\":\"https:\/\/dev.hoecker.eu\/blog\/\"},{\"@type\":\"ListItem\",\"position\":2,\"name\":\"Politiker mit H\u00d6CKER erfolgreich gegen die taz: Wenn f\u00fcr eine Abmahnung au\u00dfergerichtlich zu hohe Kosten gefordert werden, muss der Verlag zumindest den aus seiner Sicht angemessenen Betrag erstatten.\"}]},{\"@type\":\"WebSite\",\"@id\":\"https:\/\/www.hoecker.eu\/blog\/#website\",\"url\":\"https:\/\/www.hoecker.eu\/blog\/\",\"name\":\"H\u00d6CKER - der Blog\",\"description\":\"Expertenblog f\u00fcr \u00c4u\u00dferungs-, Medien-, Marken-, Urheber- und Wettbewerbsrecht.\",\"publisher\":{\"@id\":\"https:\/\/www.hoecker.eu\/blog\/#organization\"},\"potentialAction\":[{\"@type\":\"SearchAction\",\"target\":{\"@type\":\"EntryPoint\",\"urlTemplate\":\"https:\/\/www.hoecker.eu\/blog\/?s={search_term_string}\"},\"query-input\":{\"@type\":\"PropertyValueSpecification\",\"valueRequired\":true,\"valueName\":\"search_term_string\"}}],\"inLanguage\":\"de\"},{\"@type\":\"Organization\",\"@id\":\"https:\/\/www.hoecker.eu\/blog\/#organization\",\"name\":\"H\u00d6CKER Rechtsanw\u00e4lte PartGmbB\",\"alternateName\":\"H\u00d6CKER\",\"url\":\"https:\/\/www.hoecker.eu\/blog\/\",\"logo\":{\"@type\":\"ImageObject\",\"inLanguage\":\"de\",\"@id\":\"https:\/\/www.hoecker.eu\/blog\/#\/schema\/logo\/image\/\",\"url\":\"https:\/\/www.hoecker.eu\/blog\/wp-content\/uploads\/2025\/03\/Blog-Logo.webp\",\"contentUrl\":\"https:\/\/www.hoecker.eu\/blog\/wp-content\/uploads\/2025\/03\/Blog-Logo.webp\",\"width\":500,\"height\":500,\"caption\":\"H\u00d6CKER Rechtsanw\u00e4lte PartGmbB\"},\"image\":{\"@id\":\"https:\/\/www.hoecker.eu\/blog\/#\/schema\/logo\/image\/\"},\"sameAs\":[\"https:\/\/www.facebook.com\/HoeckerRAe\/\",\"https:\/\/x.com\/hoecker_rae\",\"https:\/\/www.linkedin.com\/company\/hcker-rechtsanwlte\/\",\"https:\/\/www.instagram.com\/hoecker_rae\/\"],\"email\":\"contact@hoecker.eu\",\"telephone\":\"+ 49 (0)221-933 19-10\",\"legalName\":\"H\u00d6CKER Rechtsanw\u00e4lte PartGmbB\",\"numberOfEmployees\":{\"@type\":\"QuantitativeValue\",\"minValue\":\"11\",\"maxValue\":\"50\"}},{\"@type\":\"Person\",\"@id\":\"https:\/\/www.hoecker.eu\/blog\/#\/schema\/person\/08f95581eed0534eccd0b2438f7a1cab\",\"name\":\"Prof. Dr. Ralf H\u00f6cker\",\"description\":\"Medienanwalt. Besch\u00fctzer vor mieser Presse\",\"sameAs\":[\"https:\/\/www.hoecker.eu\/wer\/prof-dr-ralf-hoecker\",\"https:\/\/www.facebook.com\/ralf.hoecker\",\"https:\/\/www.linkedin.com\/in\/prof-dr-ralf-hcker-ll-m-london-17987826\/\",\"https:\/\/x.com\/Ralf_Hoecker\"],\"url\":\"https:\/\/www.hoecker.eu\/blog\/author\/hoecker_adm\/\"}]}<\/script>\n<!-- \/ Yoast SEO Premium plugin. -->","yoast_head_json":{"title":"Politiker mit H\u00d6CKER erfolgreich gegen die taz: Wenn f\u00fcr eine Abmahnung au\u00dfergerichtlich zu hohe Kosten gefordert werden, muss der Verlag zumindest den aus seiner Sicht angemessenen Betrag erstatten. - H\u00d6CKER - der Blog","robots":{"index":"index","follow":"follow","max-snippet":"max-snippet:-1","max-image-preview":"max-image-preview:large","max-video-preview":"max-video-preview:-1"},"canonical":"https:\/\/www.hoecker.eu\/blog\/politiker-mit-hoecker-erfolgreich-gegen-die-taz-wenn-fuer-eine-abmahnung-aussergerichtlich-zu-hohe-kosten-gefordert-werden-muss-der-verlag-zumindest-den-aus-seiner-sicht-angemessenen-betrag-erstatte\/","og_locale":"de_DE","og_type":"article","og_title":"Politiker mit H\u00d6CKER erfolgreich gegen die taz: Wenn f\u00fcr eine Abmahnung au\u00dfergerichtlich zu hohe Kosten gefordert werden, muss der Verlag zumindest den aus seiner Sicht angemessenen Betrag erstatten.","og_description":"H\u00d6CKER hat die Unterlassungs- und Kostenerstattungsanspr\u00fcche eines deutschen Politikers erfolgreich gegen die Verlegerin der taz durchgesetzt. Die Zeitung hatte \u00fcber den Politiker f\u00e4lschlicherweise verbreitet, dass dieser ein bekennender Schwuler sei. Auf Abmahnung durch H\u00d6CKER gab die taz eine Unterlassungserkl\u00e4rung ab, weigerte sich jedoch, die Abmahnkosten zu zahlen. Gegen die Klage auf Kostenerstattung wendete die taz [&hellip;]","og_url":"https:\/\/www.hoecker.eu\/blog\/politiker-mit-hoecker-erfolgreich-gegen-die-taz-wenn-fuer-eine-abmahnung-aussergerichtlich-zu-hohe-kosten-gefordert-werden-muss-der-verlag-zumindest-den-aus-seiner-sicht-angemessenen-betrag-erstatte\/","og_site_name":"H\u00d6CKER - der Blog","article_publisher":"https:\/\/www.facebook.com\/HoeckerRAe\/","article_author":"https:\/\/www.facebook.com\/ralf.hoecker","article_published_time":"2016-05-09T19:44:00+00:00","article_modified_time":"2025-02-17T13:58:49+00:00","author":"Prof. Dr. Ralf H\u00f6cker","twitter_card":"summary_large_image","twitter_creator":"@Ralf_Hoecker","twitter_site":"@hoecker_rae","twitter_misc":{"Verfasst von":"Prof. Dr. Ralf H\u00f6cker","Gesch\u00e4tzte Lesezeit":"1\u00a0Minute"},"schema":{"@context":"https:\/\/schema.org","@graph":[{"@type":"Article","@id":"https:\/\/www.hoecker.eu\/blog\/politiker-mit-hoecker-erfolgreich-gegen-die-taz-wenn-fuer-eine-abmahnung-aussergerichtlich-zu-hohe-kosten-gefordert-werden-muss-der-verlag-zumindest-den-aus-seiner-sicht-angemessenen-betrag-erstatte\/#article","isPartOf":{"@id":"https:\/\/www.hoecker.eu\/blog\/politiker-mit-hoecker-erfolgreich-gegen-die-taz-wenn-fuer-eine-abmahnung-aussergerichtlich-zu-hohe-kosten-gefordert-werden-muss-der-verlag-zumindest-den-aus-seiner-sicht-angemessenen-betrag-erstatte\/"},"author":{"name":"Prof. Dr. Ralf H\u00f6cker","@id":"https:\/\/www.hoecker.eu\/blog\/#\/schema\/person\/08f95581eed0534eccd0b2438f7a1cab"},"headline":"Politiker mit H\u00d6CKER erfolgreich gegen die taz: Wenn f\u00fcr eine Abmahnung au\u00dfergerichtlich zu hohe Kosten gefordert werden, muss der Verlag zumindest den aus seiner Sicht angemessenen Betrag erstatten.","datePublished":"2016-05-09T19:44:00+00:00","dateModified":"2025-02-17T13:58:49+00:00","mainEntityOfPage":{"@id":"https:\/\/www.hoecker.eu\/blog\/politiker-mit-hoecker-erfolgreich-gegen-die-taz-wenn-fuer-eine-abmahnung-aussergerichtlich-zu-hohe-kosten-gefordert-werden-muss-der-verlag-zumindest-den-aus-seiner-sicht-angemessenen-betrag-erstatte\/"},"wordCount":288,"publisher":{"@id":"https:\/\/www.hoecker.eu\/blog\/#organization"},"articleSection":["News"],"inLanguage":"de"},{"@type":"WebPage","@id":"https:\/\/www.hoecker.eu\/blog\/politiker-mit-hoecker-erfolgreich-gegen-die-taz-wenn-fuer-eine-abmahnung-aussergerichtlich-zu-hohe-kosten-gefordert-werden-muss-der-verlag-zumindest-den-aus-seiner-sicht-angemessenen-betrag-erstatte\/","url":"https:\/\/www.hoecker.eu\/blog\/politiker-mit-hoecker-erfolgreich-gegen-die-taz-wenn-fuer-eine-abmahnung-aussergerichtlich-zu-hohe-kosten-gefordert-werden-muss-der-verlag-zumindest-den-aus-seiner-sicht-angemessenen-betrag-erstatte\/","name":"Politiker mit H\u00d6CKER erfolgreich gegen die taz: Wenn f\u00fcr eine Abmahnung au\u00dfergerichtlich zu hohe Kosten gefordert werden, muss der Verlag zumindest den aus seiner Sicht angemessenen Betrag erstatten. - H\u00d6CKER - der Blog","isPartOf":{"@id":"https:\/\/www.hoecker.eu\/blog\/#website"},"datePublished":"2016-05-09T19:44:00+00:00","dateModified":"2025-02-17T13:58:49+00:00","breadcrumb":{"@id":"https:\/\/www.hoecker.eu\/blog\/politiker-mit-hoecker-erfolgreich-gegen-die-taz-wenn-fuer-eine-abmahnung-aussergerichtlich-zu-hohe-kosten-gefordert-werden-muss-der-verlag-zumindest-den-aus-seiner-sicht-angemessenen-betrag-erstatte\/#breadcrumb"},"inLanguage":"de","potentialAction":[{"@type":"ReadAction","target":["https:\/\/www.hoecker.eu\/blog\/politiker-mit-hoecker-erfolgreich-gegen-die-taz-wenn-fuer-eine-abmahnung-aussergerichtlich-zu-hohe-kosten-gefordert-werden-muss-der-verlag-zumindest-den-aus-seiner-sicht-angemessenen-betrag-erstatte\/"]}]},{"@type":"BreadcrumbList","@id":"https:\/\/www.hoecker.eu\/blog\/politiker-mit-hoecker-erfolgreich-gegen-die-taz-wenn-fuer-eine-abmahnung-aussergerichtlich-zu-hohe-kosten-gefordert-werden-muss-der-verlag-zumindest-den-aus-seiner-sicht-angemessenen-betrag-erstatte\/#breadcrumb","itemListElement":[{"@type":"ListItem","position":1,"name":"Startseite","item":"https:\/\/dev.hoecker.eu\/blog\/"},{"@type":"ListItem","position":2,"name":"Politiker mit H\u00d6CKER erfolgreich gegen die taz: Wenn f\u00fcr eine Abmahnung au\u00dfergerichtlich zu hohe Kosten gefordert werden, muss der Verlag zumindest den aus seiner Sicht angemessenen Betrag erstatten."}]},{"@type":"WebSite","@id":"https:\/\/www.hoecker.eu\/blog\/#website","url":"https:\/\/www.hoecker.eu\/blog\/","name":"H\u00d6CKER - der Blog","description":"Expertenblog f\u00fcr \u00c4u\u00dferungs-, Medien-, Marken-, Urheber- und Wettbewerbsrecht.","publisher":{"@id":"https:\/\/www.hoecker.eu\/blog\/#organization"},"potentialAction":[{"@type":"SearchAction","target":{"@type":"EntryPoint","urlTemplate":"https:\/\/www.hoecker.eu\/blog\/?s={search_term_string}"},"query-input":{"@type":"PropertyValueSpecification","valueRequired":true,"valueName":"search_term_string"}}],"inLanguage":"de"},{"@type":"Organization","@id":"https:\/\/www.hoecker.eu\/blog\/#organization","name":"H\u00d6CKER Rechtsanw\u00e4lte PartGmbB","alternateName":"H\u00d6CKER","url":"https:\/\/www.hoecker.eu\/blog\/","logo":{"@type":"ImageObject","inLanguage":"de","@id":"https:\/\/www.hoecker.eu\/blog\/#\/schema\/logo\/image\/","url":"https:\/\/www.hoecker.eu\/blog\/wp-content\/uploads\/2025\/03\/Blog-Logo.webp","contentUrl":"https:\/\/www.hoecker.eu\/blog\/wp-content\/uploads\/2025\/03\/Blog-Logo.webp","width":500,"height":500,"caption":"H\u00d6CKER Rechtsanw\u00e4lte PartGmbB"},"image":{"@id":"https:\/\/www.hoecker.eu\/blog\/#\/schema\/logo\/image\/"},"sameAs":["https:\/\/www.facebook.com\/HoeckerRAe\/","https:\/\/x.com\/hoecker_rae","https:\/\/www.linkedin.com\/company\/hcker-rechtsanwlte\/","https:\/\/www.instagram.com\/hoecker_rae\/"],"email":"contact@hoecker.eu","telephone":"+ 49 (0)221-933 19-10","legalName":"H\u00d6CKER Rechtsanw\u00e4lte PartGmbB","numberOfEmployees":{"@type":"QuantitativeValue","minValue":"11","maxValue":"50"}},{"@type":"Person","@id":"https:\/\/www.hoecker.eu\/blog\/#\/schema\/person\/08f95581eed0534eccd0b2438f7a1cab","name":"Prof. Dr. Ralf H\u00f6cker","description":"Medienanwalt. Besch\u00fctzer vor mieser Presse","sameAs":["https:\/\/www.hoecker.eu\/wer\/prof-dr-ralf-hoecker","https:\/\/www.facebook.com\/ralf.hoecker","https:\/\/www.linkedin.com\/in\/prof-dr-ralf-hcker-ll-m-london-17987826\/","https:\/\/x.com\/Ralf_Hoecker"],"url":"https:\/\/www.hoecker.eu\/blog\/author\/hoecker_adm\/"}]}},"authors":[{"term_id":84,"user_id":1,"is_guest":0,"slug":"hoecker_adm","display_name":"Prof. Dr. Ralf H\u00f6cker","avatar_url":{"url":"https:\/\/www.hoecker.eu\/blog\/wp-content\/uploads\/2023\/12\/ProfDrRalfHoecker.jpg","url2x":"https:\/\/www.hoecker.eu\/blog\/wp-content\/uploads\/2023\/12\/ProfDrRalfHoecker.jpg"},"0":null,"1":"","2":"","3":"","4":"","5":"","6":"","7":"","8":"","9":"","10":"","11":""}],"_links":{"self":[{"href":"https:\/\/www.hoecker.eu\/blog\/wp-json\/wp\/v2\/posts\/8497","targetHints":{"allow":["GET"]}}],"collection":[{"href":"https:\/\/www.hoecker.eu\/blog\/wp-json\/wp\/v2\/posts"}],"about":[{"href":"https:\/\/www.hoecker.eu\/blog\/wp-json\/wp\/v2\/types\/post"}],"author":[{"embeddable":true,"href":"https:\/\/www.hoecker.eu\/blog\/wp-json\/wp\/v2\/users\/1"}],"replies":[{"embeddable":true,"href":"https:\/\/www.hoecker.eu\/blog\/wp-json\/wp\/v2\/comments?post=8497"}],"version-history":[{"count":1,"href":"https:\/\/www.hoecker.eu\/blog\/wp-json\/wp\/v2\/posts\/8497\/revisions"}],"predecessor-version":[{"id":9619,"href":"https:\/\/www.hoecker.eu\/blog\/wp-json\/wp\/v2\/posts\/8497\/revisions\/9619"}],"wp:attachment":[{"href":"https:\/\/www.hoecker.eu\/blog\/wp-json\/wp\/v2\/media?parent=8497"}],"wp:term":[{"taxonomy":"category","embeddable":true,"href":"https:\/\/www.hoecker.eu\/blog\/wp-json\/wp\/v2\/categories?post=8497"},{"taxonomy":"post_tag","embeddable":true,"href":"https:\/\/www.hoecker.eu\/blog\/wp-json\/wp\/v2\/tags?post=8497"},{"taxonomy":"hashtags","embeddable":true,"href":"https:\/\/www.hoecker.eu\/blog\/wp-json\/wp\/v2\/hashtags?post=8497"},{"taxonomy":"author","embeddable":true,"href":"https:\/\/www.hoecker.eu\/blog\/wp-json\/wp\/v2\/ppma_author?post=8497"}],"curies":[{"name":"wp","href":"https:\/\/api.w.org\/{rel}","templated":true}]}}