{"id":8484,"date":"2016-05-09T21:51:15","date_gmt":"2016-05-09T19:51:15","guid":{"rendered":"https:\/\/www.hoecker.eu\/blog\/zwei-stunden-reaktionszeit-sind-zu-lang-wer-eine-einstweilige-verfuegung-kassiert-muss-die-rechtsverletzung-sofort-einstellen-wenn-er-zuvor-abgemahnt-wurde-rechtsrat-haette-er-praeventiv-einholen\/"},"modified":"2025-02-17T14:58:41","modified_gmt":"2025-02-17T13:58:41","slug":"zwei-stunden-reaktionszeit-sind-zu-lang-wer-eine-einstweilige-verfuegung-kassiert-muss-die-rechtsverletzung-sofort-einstellen-wenn-er-zuvor-abgemahnt-wurde-rechtsrat-haette-er-praeventiv-einholen","status":"publish","type":"post","link":"https:\/\/www.hoecker.eu\/blog\/zwei-stunden-reaktionszeit-sind-zu-lang-wer-eine-einstweilige-verfuegung-kassiert-muss-die-rechtsverletzung-sofort-einstellen-wenn-er-zuvor-abgemahnt-wurde-rechtsrat-haette-er-praeventiv-einholen\/","title":{"rendered":"Zwei Stunden Reaktionszeit sind zu lang: Wer eine einstweilige Verf\u00fcgung kassiert, muss die Rechtsverletzung sofort einstellen, wenn er zuvor abgemahnt wurde. Rechtsrat h\u00e4tte er pr\u00e4ventiv einholen m\u00fcssen."},"content":{"rendered":"<p><span class=\"flies\">H<\/span><span class=\"flies\">&Ouml;CKER hat erfolgreich die Markenrechte eines f&uuml;hrenden deutschen Herstellers f&uuml;r Au&szlig;enm&ouml;bel verteidigt. Im Namen des Herstellers ging H&ouml;cker gegen einen Wettbewerber vor, der eine Domain zur Weiterleitung auf den eigenen Auftritt verwendete, in der die Marke des Mandanten enthalten war. Mit einstweiliger Verf&uuml;gung wurde die Verwendung der Domain verboten. Es wurde festgestellt, dass der Gegner die Domain zwei Stunden nach Zustellung der einstweiligen Verf&uuml;gung noch zum Zwecke der Weiterleitung verwendete, weshalb H&Ouml;CKER einen Antrag auf Verh&auml;ngung eines Ordnungsgeldes wegen Versto&szlig;es gegen die einstweilige Verf&uuml;gung beim Landgericht K&ouml;ln eingereicht hat.<\/span><\/p>\n<p class=\"flies\">Der Gegner verteidigte sich gegen die Verh&auml;ngung eines Ordnungsgeldes damit, dass es ihm m&ouml;glich sein m&uuml;sse, nach Zustellung eines gerichtlichen Verbots (einstweilige Verf&uuml;gung) zun&auml;chst einmal seinen Rechtsanwalt zu konsultierten, um mit ihm Art und Umfang der L&ouml;schungspflicht zu besprechen. Diesem Einwand erteilte das Landgericht K&ouml;ln nun eine Absage und verh&auml;ngte antragsgem&auml;&szlig; ein Ordnungsgeld.&nbsp;<\/p>\n<p class=\"flies\">Dabei stellt das Landgericht K&ouml;ln fest, dass jedenfalls in dem Fall, in dem einem gerichtlichen Verbot (einstweilige Verf&uuml;gung) eine Abmahnung vorausgeht, der Schuldner bereits nach Zugang einer entsprechenden Abmahnung gehalten ist, sich anwaltlich beraten zu lassen. In dieser Beratung m&uuml;sse sich der Abgemahnte auch &uuml;ber die m&ouml;glichen n&auml;chsten Schritte nach Zustellung eines gerichtlichen Verbotes informieren und sich so auf die Zustellung einer einstweiligen Verf&uuml;gung so vorbereiten, dass er nach Zustellung sofort pflichtgem&auml;&szlig; reagieren kann. Das Gericht bejahte einen schuldhaften Versto&szlig; gegen die einstweilige Verf&uuml;gung im vorliegenden Fall deshalb, weil der Schuldner die anwaltliche Beratung zu seiner Handlungspflicht nach Erlass eines gerichtlichen Verbots zu sp&auml;t wahrgenommen habe, n&auml;mlich erst nach Zustellung des Verbots und nicht vorbeugend vor Erlass eines solchen Verbots (LG K&ouml;ln, Beschluss vom 28.08.2014, Az. 81 O 53\/14 SH I, nicht rechtskr&auml;ftig).<\/p>\n<p class=\"flies\">Dr. Carsten Brennecke:<\/p>\n<p class=\"flies\"><em>&bdquo;Das Landgericht K&ouml;ln st&auml;rkt die Rechte von Markeninhabern. Markenrechtsverletzer, die durch eine Abmahnung vorgewarbt sind, m&uuml;ssen sofort reagieren, wenn sie eine einstweilige Verf&uuml;gung erhalten. Sie k&ouml;nnen nicht mehr damit heraus reden, dass sie sich zun&auml;chst anwaltlich beraten lassen m&uuml;ssen. Denn dazu hatten sie schon nach Erhalt der Abmahnung ausreichend Gelegenheit.&#8221;<\/em><\/p>\n","protected":false},"excerpt":{"rendered":"<p>H&Ouml;CKER hat erfolgreich die Markenrechte eines f&uuml;hrenden deutschen Herstellers f&uuml;r Au&szlig;enm&ouml;bel verteidigt. Im Namen des Herstellers ging H&ouml;cker gegen einen Wettbewerber vor, der eine Domain zur Weiterleitung auf den eigenen Auftritt verwendete, in der die Marke des Mandanten enthalten war. Mit einstweiliger Verf&uuml;gung wurde die Verwendung der Domain verboten. Es wurde festgestellt, dass der Gegner [&hellip;]<\/p>\n","protected":false},"author":1,"featured_media":0,"comment_status":"closed","ping_status":"closed","sticky":false,"template":"","format":"standard","meta":{"_has_post_settings":[],"footnotes":""},"categories":[15],"tags":[],"hashtags":[],"ppma_author":[84],"class_list":["post-8484","post","type-post","status-publish","format-standard","hentry","category-news","author-hoecker_adm"],"yoast_head":"<!-- This site is optimized with the Yoast SEO Premium plugin v25.9 (Yoast SEO v27.0) - https:\/\/yoast.com\/product\/yoast-seo-premium-wordpress\/ -->\n<title>Zwei Stunden Reaktionszeit sind zu lang: Wer eine einstweilige Verf\u00fcgung kassiert, muss die Rechtsverletzung sofort einstellen, wenn er zuvor abgemahnt wurde. Rechtsrat h\u00e4tte er pr\u00e4ventiv einholen m\u00fcssen. - H\u00d6CKER - der Blog<\/title>\n<meta name=\"robots\" content=\"index, follow, max-snippet:-1, max-image-preview:large, max-video-preview:-1\" \/>\n<link rel=\"canonical\" href=\"https:\/\/www.hoecker.eu\/blog\/zwei-stunden-reaktionszeit-sind-zu-lang-wer-eine-einstweilige-verfuegung-kassiert-muss-die-rechtsverletzung-sofort-einstellen-wenn-er-zuvor-abgemahnt-wurde-rechtsrat-haette-er-praeventiv-einholen\/\" \/>\n<meta property=\"og:locale\" content=\"de_DE\" \/>\n<meta property=\"og:type\" content=\"article\" \/>\n<meta property=\"og:title\" content=\"Zwei Stunden Reaktionszeit sind zu lang: Wer eine einstweilige Verf\u00fcgung kassiert, muss die Rechtsverletzung sofort einstellen, wenn er zuvor abgemahnt wurde. Rechtsrat h\u00e4tte er pr\u00e4ventiv einholen m\u00fcssen.\" \/>\n<meta property=\"og:description\" content=\"H&Ouml;CKER hat erfolgreich die Markenrechte eines f&uuml;hrenden deutschen Herstellers f&uuml;r Au&szlig;enm&ouml;bel verteidigt. Im Namen des Herstellers ging H&ouml;cker gegen einen Wettbewerber vor, der eine Domain zur Weiterleitung auf den eigenen Auftritt verwendete, in der die Marke des Mandanten enthalten war. Mit einstweiliger Verf&uuml;gung wurde die Verwendung der Domain verboten. Es wurde festgestellt, dass der Gegner [&hellip;]\" \/>\n<meta property=\"og:url\" content=\"https:\/\/www.hoecker.eu\/blog\/zwei-stunden-reaktionszeit-sind-zu-lang-wer-eine-einstweilige-verfuegung-kassiert-muss-die-rechtsverletzung-sofort-einstellen-wenn-er-zuvor-abgemahnt-wurde-rechtsrat-haette-er-praeventiv-einholen\/\" \/>\n<meta property=\"og:site_name\" content=\"H\u00d6CKER - der Blog\" \/>\n<meta property=\"article:publisher\" content=\"https:\/\/www.facebook.com\/HoeckerRAe\/\" \/>\n<meta property=\"article:author\" content=\"https:\/\/www.facebook.com\/ralf.hoecker\" \/>\n<meta property=\"article:published_time\" content=\"2016-05-09T19:51:15+00:00\" \/>\n<meta property=\"article:modified_time\" content=\"2025-02-17T13:58:41+00:00\" \/>\n<meta name=\"author\" content=\"Prof. Dr. Ralf H\u00f6cker\" \/>\n<meta name=\"twitter:card\" content=\"summary_large_image\" \/>\n<meta name=\"twitter:creator\" content=\"@Ralf_Hoecker\" \/>\n<meta name=\"twitter:site\" content=\"@hoecker_rae\" \/>\n<meta name=\"twitter:label1\" content=\"Verfasst von\" \/>\n\t<meta name=\"twitter:data1\" content=\"Prof. Dr. Ralf H\u00f6cker\" \/>\n\t<meta name=\"twitter:label2\" content=\"Gesch\u00e4tzte Lesezeit\" \/>\n\t<meta name=\"twitter:data2\" content=\"2\u00a0Minuten\" \/>\n<script type=\"application\/ld+json\" class=\"yoast-schema-graph\">{\"@context\":\"https:\/\/schema.org\",\"@graph\":[{\"@type\":\"Article\",\"@id\":\"https:\/\/www.hoecker.eu\/blog\/zwei-stunden-reaktionszeit-sind-zu-lang-wer-eine-einstweilige-verfuegung-kassiert-muss-die-rechtsverletzung-sofort-einstellen-wenn-er-zuvor-abgemahnt-wurde-rechtsrat-haette-er-praeventiv-einholen\/#article\",\"isPartOf\":{\"@id\":\"https:\/\/www.hoecker.eu\/blog\/zwei-stunden-reaktionszeit-sind-zu-lang-wer-eine-einstweilige-verfuegung-kassiert-muss-die-rechtsverletzung-sofort-einstellen-wenn-er-zuvor-abgemahnt-wurde-rechtsrat-haette-er-praeventiv-einholen\/\"},\"author\":{\"name\":\"Prof. Dr. Ralf H\u00f6cker\",\"@id\":\"https:\/\/www.hoecker.eu\/blog\/#\/schema\/person\/08f95581eed0534eccd0b2438f7a1cab\"},\"headline\":\"Zwei Stunden Reaktionszeit sind zu lang: Wer eine einstweilige Verf\u00fcgung kassiert, muss die Rechtsverletzung sofort einstellen, wenn er zuvor abgemahnt wurde. Rechtsrat h\u00e4tte er pr\u00e4ventiv einholen m\u00fcssen.\",\"datePublished\":\"2016-05-09T19:51:15+00:00\",\"dateModified\":\"2025-02-17T13:58:41+00:00\",\"mainEntityOfPage\":{\"@id\":\"https:\/\/www.hoecker.eu\/blog\/zwei-stunden-reaktionszeit-sind-zu-lang-wer-eine-einstweilige-verfuegung-kassiert-muss-die-rechtsverletzung-sofort-einstellen-wenn-er-zuvor-abgemahnt-wurde-rechtsrat-haette-er-praeventiv-einholen\/\"},\"wordCount\":442,\"publisher\":{\"@id\":\"https:\/\/www.hoecker.eu\/blog\/#organization\"},\"articleSection\":[\"News\"],\"inLanguage\":\"de\"},{\"@type\":\"WebPage\",\"@id\":\"https:\/\/www.hoecker.eu\/blog\/zwei-stunden-reaktionszeit-sind-zu-lang-wer-eine-einstweilige-verfuegung-kassiert-muss-die-rechtsverletzung-sofort-einstellen-wenn-er-zuvor-abgemahnt-wurde-rechtsrat-haette-er-praeventiv-einholen\/\",\"url\":\"https:\/\/www.hoecker.eu\/blog\/zwei-stunden-reaktionszeit-sind-zu-lang-wer-eine-einstweilige-verfuegung-kassiert-muss-die-rechtsverletzung-sofort-einstellen-wenn-er-zuvor-abgemahnt-wurde-rechtsrat-haette-er-praeventiv-einholen\/\",\"name\":\"Zwei Stunden Reaktionszeit sind zu lang: Wer eine einstweilige Verf\u00fcgung kassiert, muss die Rechtsverletzung sofort einstellen, wenn er zuvor abgemahnt wurde. Rechtsrat h\u00e4tte er pr\u00e4ventiv einholen m\u00fcssen. - H\u00d6CKER - der Blog\",\"isPartOf\":{\"@id\":\"https:\/\/www.hoecker.eu\/blog\/#website\"},\"datePublished\":\"2016-05-09T19:51:15+00:00\",\"dateModified\":\"2025-02-17T13:58:41+00:00\",\"breadcrumb\":{\"@id\":\"https:\/\/www.hoecker.eu\/blog\/zwei-stunden-reaktionszeit-sind-zu-lang-wer-eine-einstweilige-verfuegung-kassiert-muss-die-rechtsverletzung-sofort-einstellen-wenn-er-zuvor-abgemahnt-wurde-rechtsrat-haette-er-praeventiv-einholen\/#breadcrumb\"},\"inLanguage\":\"de\",\"potentialAction\":[{\"@type\":\"ReadAction\",\"target\":[\"https:\/\/www.hoecker.eu\/blog\/zwei-stunden-reaktionszeit-sind-zu-lang-wer-eine-einstweilige-verfuegung-kassiert-muss-die-rechtsverletzung-sofort-einstellen-wenn-er-zuvor-abgemahnt-wurde-rechtsrat-haette-er-praeventiv-einholen\/\"]}]},{\"@type\":\"BreadcrumbList\",\"@id\":\"https:\/\/www.hoecker.eu\/blog\/zwei-stunden-reaktionszeit-sind-zu-lang-wer-eine-einstweilige-verfuegung-kassiert-muss-die-rechtsverletzung-sofort-einstellen-wenn-er-zuvor-abgemahnt-wurde-rechtsrat-haette-er-praeventiv-einholen\/#breadcrumb\",\"itemListElement\":[{\"@type\":\"ListItem\",\"position\":1,\"name\":\"Startseite\",\"item\":\"https:\/\/dev.hoecker.eu\/blog\/\"},{\"@type\":\"ListItem\",\"position\":2,\"name\":\"Zwei Stunden Reaktionszeit sind zu lang: Wer eine einstweilige Verf\u00fcgung kassiert, muss die Rechtsverletzung sofort einstellen, wenn er zuvor abgemahnt wurde. Rechtsrat h\u00e4tte er pr\u00e4ventiv einholen m\u00fcssen.\"}]},{\"@type\":\"WebSite\",\"@id\":\"https:\/\/www.hoecker.eu\/blog\/#website\",\"url\":\"https:\/\/www.hoecker.eu\/blog\/\",\"name\":\"H\u00d6CKER - der Blog\",\"description\":\"Expertenblog f\u00fcr \u00c4u\u00dferungs-, Medien-, Marken-, Urheber- und Wettbewerbsrecht.\",\"publisher\":{\"@id\":\"https:\/\/www.hoecker.eu\/blog\/#organization\"},\"potentialAction\":[{\"@type\":\"SearchAction\",\"target\":{\"@type\":\"EntryPoint\",\"urlTemplate\":\"https:\/\/www.hoecker.eu\/blog\/?s={search_term_string}\"},\"query-input\":{\"@type\":\"PropertyValueSpecification\",\"valueRequired\":true,\"valueName\":\"search_term_string\"}}],\"inLanguage\":\"de\"},{\"@type\":\"Organization\",\"@id\":\"https:\/\/www.hoecker.eu\/blog\/#organization\",\"name\":\"H\u00d6CKER Rechtsanw\u00e4lte PartGmbB\",\"alternateName\":\"H\u00d6CKER\",\"url\":\"https:\/\/www.hoecker.eu\/blog\/\",\"logo\":{\"@type\":\"ImageObject\",\"inLanguage\":\"de\",\"@id\":\"https:\/\/www.hoecker.eu\/blog\/#\/schema\/logo\/image\/\",\"url\":\"https:\/\/www.hoecker.eu\/blog\/wp-content\/uploads\/2025\/03\/Blog-Logo.webp\",\"contentUrl\":\"https:\/\/www.hoecker.eu\/blog\/wp-content\/uploads\/2025\/03\/Blog-Logo.webp\",\"width\":500,\"height\":500,\"caption\":\"H\u00d6CKER Rechtsanw\u00e4lte PartGmbB\"},\"image\":{\"@id\":\"https:\/\/www.hoecker.eu\/blog\/#\/schema\/logo\/image\/\"},\"sameAs\":[\"https:\/\/www.facebook.com\/HoeckerRAe\/\",\"https:\/\/x.com\/hoecker_rae\",\"https:\/\/www.linkedin.com\/company\/hcker-rechtsanwlte\/\",\"https:\/\/www.instagram.com\/hoecker_rae\/\"],\"email\":\"contact@hoecker.eu\",\"telephone\":\"+ 49 (0)221-933 19-10\",\"legalName\":\"H\u00d6CKER Rechtsanw\u00e4lte PartGmbB\",\"numberOfEmployees\":{\"@type\":\"QuantitativeValue\",\"minValue\":\"11\",\"maxValue\":\"50\"}},{\"@type\":\"Person\",\"@id\":\"https:\/\/www.hoecker.eu\/blog\/#\/schema\/person\/08f95581eed0534eccd0b2438f7a1cab\",\"name\":\"Prof. Dr. Ralf H\u00f6cker\",\"description\":\"Medienanwalt. Besch\u00fctzer vor mieser Presse\",\"sameAs\":[\"https:\/\/www.hoecker.eu\/wer\/prof-dr-ralf-hoecker\",\"https:\/\/www.facebook.com\/ralf.hoecker\",\"https:\/\/www.linkedin.com\/in\/prof-dr-ralf-hcker-ll-m-london-17987826\/\",\"https:\/\/x.com\/Ralf_Hoecker\"],\"url\":\"https:\/\/www.hoecker.eu\/blog\/author\/hoecker_adm\/\"}]}<\/script>\n<!-- \/ Yoast SEO Premium plugin. -->","yoast_head_json":{"title":"Zwei Stunden Reaktionszeit sind zu lang: Wer eine einstweilige Verf\u00fcgung kassiert, muss die Rechtsverletzung sofort einstellen, wenn er zuvor abgemahnt wurde. Rechtsrat h\u00e4tte er pr\u00e4ventiv einholen m\u00fcssen. - H\u00d6CKER - der Blog","robots":{"index":"index","follow":"follow","max-snippet":"max-snippet:-1","max-image-preview":"max-image-preview:large","max-video-preview":"max-video-preview:-1"},"canonical":"https:\/\/www.hoecker.eu\/blog\/zwei-stunden-reaktionszeit-sind-zu-lang-wer-eine-einstweilige-verfuegung-kassiert-muss-die-rechtsverletzung-sofort-einstellen-wenn-er-zuvor-abgemahnt-wurde-rechtsrat-haette-er-praeventiv-einholen\/","og_locale":"de_DE","og_type":"article","og_title":"Zwei Stunden Reaktionszeit sind zu lang: Wer eine einstweilige Verf\u00fcgung kassiert, muss die Rechtsverletzung sofort einstellen, wenn er zuvor abgemahnt wurde. Rechtsrat h\u00e4tte er pr\u00e4ventiv einholen m\u00fcssen.","og_description":"H&Ouml;CKER hat erfolgreich die Markenrechte eines f&uuml;hrenden deutschen Herstellers f&uuml;r Au&szlig;enm&ouml;bel verteidigt. Im Namen des Herstellers ging H&ouml;cker gegen einen Wettbewerber vor, der eine Domain zur Weiterleitung auf den eigenen Auftritt verwendete, in der die Marke des Mandanten enthalten war. Mit einstweiliger Verf&uuml;gung wurde die Verwendung der Domain verboten. Es wurde festgestellt, dass der Gegner [&hellip;]","og_url":"https:\/\/www.hoecker.eu\/blog\/zwei-stunden-reaktionszeit-sind-zu-lang-wer-eine-einstweilige-verfuegung-kassiert-muss-die-rechtsverletzung-sofort-einstellen-wenn-er-zuvor-abgemahnt-wurde-rechtsrat-haette-er-praeventiv-einholen\/","og_site_name":"H\u00d6CKER - der Blog","article_publisher":"https:\/\/www.facebook.com\/HoeckerRAe\/","article_author":"https:\/\/www.facebook.com\/ralf.hoecker","article_published_time":"2016-05-09T19:51:15+00:00","article_modified_time":"2025-02-17T13:58:41+00:00","author":"Prof. Dr. Ralf H\u00f6cker","twitter_card":"summary_large_image","twitter_creator":"@Ralf_Hoecker","twitter_site":"@hoecker_rae","twitter_misc":{"Verfasst von":"Prof. Dr. Ralf H\u00f6cker","Gesch\u00e4tzte Lesezeit":"2\u00a0Minuten"},"schema":{"@context":"https:\/\/schema.org","@graph":[{"@type":"Article","@id":"https:\/\/www.hoecker.eu\/blog\/zwei-stunden-reaktionszeit-sind-zu-lang-wer-eine-einstweilige-verfuegung-kassiert-muss-die-rechtsverletzung-sofort-einstellen-wenn-er-zuvor-abgemahnt-wurde-rechtsrat-haette-er-praeventiv-einholen\/#article","isPartOf":{"@id":"https:\/\/www.hoecker.eu\/blog\/zwei-stunden-reaktionszeit-sind-zu-lang-wer-eine-einstweilige-verfuegung-kassiert-muss-die-rechtsverletzung-sofort-einstellen-wenn-er-zuvor-abgemahnt-wurde-rechtsrat-haette-er-praeventiv-einholen\/"},"author":{"name":"Prof. Dr. Ralf H\u00f6cker","@id":"https:\/\/www.hoecker.eu\/blog\/#\/schema\/person\/08f95581eed0534eccd0b2438f7a1cab"},"headline":"Zwei Stunden Reaktionszeit sind zu lang: Wer eine einstweilige Verf\u00fcgung kassiert, muss die Rechtsverletzung sofort einstellen, wenn er zuvor abgemahnt wurde. Rechtsrat h\u00e4tte er pr\u00e4ventiv einholen m\u00fcssen.","datePublished":"2016-05-09T19:51:15+00:00","dateModified":"2025-02-17T13:58:41+00:00","mainEntityOfPage":{"@id":"https:\/\/www.hoecker.eu\/blog\/zwei-stunden-reaktionszeit-sind-zu-lang-wer-eine-einstweilige-verfuegung-kassiert-muss-die-rechtsverletzung-sofort-einstellen-wenn-er-zuvor-abgemahnt-wurde-rechtsrat-haette-er-praeventiv-einholen\/"},"wordCount":442,"publisher":{"@id":"https:\/\/www.hoecker.eu\/blog\/#organization"},"articleSection":["News"],"inLanguage":"de"},{"@type":"WebPage","@id":"https:\/\/www.hoecker.eu\/blog\/zwei-stunden-reaktionszeit-sind-zu-lang-wer-eine-einstweilige-verfuegung-kassiert-muss-die-rechtsverletzung-sofort-einstellen-wenn-er-zuvor-abgemahnt-wurde-rechtsrat-haette-er-praeventiv-einholen\/","url":"https:\/\/www.hoecker.eu\/blog\/zwei-stunden-reaktionszeit-sind-zu-lang-wer-eine-einstweilige-verfuegung-kassiert-muss-die-rechtsverletzung-sofort-einstellen-wenn-er-zuvor-abgemahnt-wurde-rechtsrat-haette-er-praeventiv-einholen\/","name":"Zwei Stunden Reaktionszeit sind zu lang: Wer eine einstweilige Verf\u00fcgung kassiert, muss die Rechtsverletzung sofort einstellen, wenn er zuvor abgemahnt wurde. Rechtsrat h\u00e4tte er pr\u00e4ventiv einholen m\u00fcssen. - H\u00d6CKER - der Blog","isPartOf":{"@id":"https:\/\/www.hoecker.eu\/blog\/#website"},"datePublished":"2016-05-09T19:51:15+00:00","dateModified":"2025-02-17T13:58:41+00:00","breadcrumb":{"@id":"https:\/\/www.hoecker.eu\/blog\/zwei-stunden-reaktionszeit-sind-zu-lang-wer-eine-einstweilige-verfuegung-kassiert-muss-die-rechtsverletzung-sofort-einstellen-wenn-er-zuvor-abgemahnt-wurde-rechtsrat-haette-er-praeventiv-einholen\/#breadcrumb"},"inLanguage":"de","potentialAction":[{"@type":"ReadAction","target":["https:\/\/www.hoecker.eu\/blog\/zwei-stunden-reaktionszeit-sind-zu-lang-wer-eine-einstweilige-verfuegung-kassiert-muss-die-rechtsverletzung-sofort-einstellen-wenn-er-zuvor-abgemahnt-wurde-rechtsrat-haette-er-praeventiv-einholen\/"]}]},{"@type":"BreadcrumbList","@id":"https:\/\/www.hoecker.eu\/blog\/zwei-stunden-reaktionszeit-sind-zu-lang-wer-eine-einstweilige-verfuegung-kassiert-muss-die-rechtsverletzung-sofort-einstellen-wenn-er-zuvor-abgemahnt-wurde-rechtsrat-haette-er-praeventiv-einholen\/#breadcrumb","itemListElement":[{"@type":"ListItem","position":1,"name":"Startseite","item":"https:\/\/dev.hoecker.eu\/blog\/"},{"@type":"ListItem","position":2,"name":"Zwei Stunden Reaktionszeit sind zu lang: Wer eine einstweilige Verf\u00fcgung kassiert, muss die Rechtsverletzung sofort einstellen, wenn er zuvor abgemahnt wurde. Rechtsrat h\u00e4tte er pr\u00e4ventiv einholen m\u00fcssen."}]},{"@type":"WebSite","@id":"https:\/\/www.hoecker.eu\/blog\/#website","url":"https:\/\/www.hoecker.eu\/blog\/","name":"H\u00d6CKER - der Blog","description":"Expertenblog f\u00fcr \u00c4u\u00dferungs-, Medien-, Marken-, Urheber- und Wettbewerbsrecht.","publisher":{"@id":"https:\/\/www.hoecker.eu\/blog\/#organization"},"potentialAction":[{"@type":"SearchAction","target":{"@type":"EntryPoint","urlTemplate":"https:\/\/www.hoecker.eu\/blog\/?s={search_term_string}"},"query-input":{"@type":"PropertyValueSpecification","valueRequired":true,"valueName":"search_term_string"}}],"inLanguage":"de"},{"@type":"Organization","@id":"https:\/\/www.hoecker.eu\/blog\/#organization","name":"H\u00d6CKER Rechtsanw\u00e4lte PartGmbB","alternateName":"H\u00d6CKER","url":"https:\/\/www.hoecker.eu\/blog\/","logo":{"@type":"ImageObject","inLanguage":"de","@id":"https:\/\/www.hoecker.eu\/blog\/#\/schema\/logo\/image\/","url":"https:\/\/www.hoecker.eu\/blog\/wp-content\/uploads\/2025\/03\/Blog-Logo.webp","contentUrl":"https:\/\/www.hoecker.eu\/blog\/wp-content\/uploads\/2025\/03\/Blog-Logo.webp","width":500,"height":500,"caption":"H\u00d6CKER Rechtsanw\u00e4lte PartGmbB"},"image":{"@id":"https:\/\/www.hoecker.eu\/blog\/#\/schema\/logo\/image\/"},"sameAs":["https:\/\/www.facebook.com\/HoeckerRAe\/","https:\/\/x.com\/hoecker_rae","https:\/\/www.linkedin.com\/company\/hcker-rechtsanwlte\/","https:\/\/www.instagram.com\/hoecker_rae\/"],"email":"contact@hoecker.eu","telephone":"+ 49 (0)221-933 19-10","legalName":"H\u00d6CKER Rechtsanw\u00e4lte PartGmbB","numberOfEmployees":{"@type":"QuantitativeValue","minValue":"11","maxValue":"50"}},{"@type":"Person","@id":"https:\/\/www.hoecker.eu\/blog\/#\/schema\/person\/08f95581eed0534eccd0b2438f7a1cab","name":"Prof. Dr. Ralf H\u00f6cker","description":"Medienanwalt. Besch\u00fctzer vor mieser Presse","sameAs":["https:\/\/www.hoecker.eu\/wer\/prof-dr-ralf-hoecker","https:\/\/www.facebook.com\/ralf.hoecker","https:\/\/www.linkedin.com\/in\/prof-dr-ralf-hcker-ll-m-london-17987826\/","https:\/\/x.com\/Ralf_Hoecker"],"url":"https:\/\/www.hoecker.eu\/blog\/author\/hoecker_adm\/"}]}},"authors":[{"term_id":84,"user_id":1,"is_guest":0,"slug":"hoecker_adm","display_name":"Prof. Dr. Ralf H\u00f6cker","avatar_url":{"url":"https:\/\/www.hoecker.eu\/blog\/wp-content\/uploads\/2023\/12\/ProfDrRalfHoecker.jpg","url2x":"https:\/\/www.hoecker.eu\/blog\/wp-content\/uploads\/2023\/12\/ProfDrRalfHoecker.jpg"},"0":null,"1":"","2":"","3":"","4":"","5":"","6":"","7":"","8":"","9":"","10":"","11":""}],"_links":{"self":[{"href":"https:\/\/www.hoecker.eu\/blog\/wp-json\/wp\/v2\/posts\/8484","targetHints":{"allow":["GET"]}}],"collection":[{"href":"https:\/\/www.hoecker.eu\/blog\/wp-json\/wp\/v2\/posts"}],"about":[{"href":"https:\/\/www.hoecker.eu\/blog\/wp-json\/wp\/v2\/types\/post"}],"author":[{"embeddable":true,"href":"https:\/\/www.hoecker.eu\/blog\/wp-json\/wp\/v2\/users\/1"}],"replies":[{"embeddable":true,"href":"https:\/\/www.hoecker.eu\/blog\/wp-json\/wp\/v2\/comments?post=8484"}],"version-history":[{"count":1,"href":"https:\/\/www.hoecker.eu\/blog\/wp-json\/wp\/v2\/posts\/8484\/revisions"}],"predecessor-version":[{"id":9606,"href":"https:\/\/www.hoecker.eu\/blog\/wp-json\/wp\/v2\/posts\/8484\/revisions\/9606"}],"wp:attachment":[{"href":"https:\/\/www.hoecker.eu\/blog\/wp-json\/wp\/v2\/media?parent=8484"}],"wp:term":[{"taxonomy":"category","embeddable":true,"href":"https:\/\/www.hoecker.eu\/blog\/wp-json\/wp\/v2\/categories?post=8484"},{"taxonomy":"post_tag","embeddable":true,"href":"https:\/\/www.hoecker.eu\/blog\/wp-json\/wp\/v2\/tags?post=8484"},{"taxonomy":"hashtags","embeddable":true,"href":"https:\/\/www.hoecker.eu\/blog\/wp-json\/wp\/v2\/hashtags?post=8484"},{"taxonomy":"author","embeddable":true,"href":"https:\/\/www.hoecker.eu\/blog\/wp-json\/wp\/v2\/ppma_author?post=8484"}],"curies":[{"name":"wp","href":"https:\/\/api.w.org\/{rel}","templated":true}]}}