{"id":8483,"date":"2016-05-09T21:51:41","date_gmt":"2016-05-09T19:51:41","guid":{"rendered":"https:\/\/www.hoecker.eu\/blog\/prof-hoecker-ist-heute-zu-gast-in-der-sendung-talk-im-hangar-auf-servus-tv-thema-gleich-und-gleicher-wie-gerecht-ist-unsere-justiz\/"},"modified":"2025-02-17T14:58:40","modified_gmt":"2025-02-17T13:58:40","slug":"prof-hoecker-ist-heute-zu-gast-in-der-sendung-talk-im-hangar-auf-servus-tv-thema-gleich-und-gleicher-wie-gerecht-ist-unsere-justiz","status":"publish","type":"post","link":"https:\/\/www.hoecker.eu\/blog\/prof-hoecker-ist-heute-zu-gast-in-der-sendung-talk-im-hangar-auf-servus-tv-thema-gleich-und-gleicher-wie-gerecht-ist-unsere-justiz\/","title":{"rendered":"Prof. H\u00f6cker ist heute zu Gast in der Sendung &#8220;Talk im Hangar&#8221; auf Servus TV. Thema: Gleich und gleicher &#8211; Wie gerecht ist unsere Justiz?"},"content":{"rendered":"<div class=\"row\">\n<div class=\"columns large-9\">\n<div class=\"text-content  \">\n<p class=\"flies\">Prof. H&ouml;cker spricht heute in der &ouml;sterreichischen Talk-Sendung &#8220;Talk im Hangar&#8221;.<\/p>\n<p class=\"flies\">Aus dem Begleittext des Senders zur Show:<\/p>\n<p class=\"flies\">&#8220;Ohne Ansehen der Person, sorgf&auml;ltig abw&auml;gend, mit der angemessenen H&auml;rte und im Zweifel f&uuml;r den Angeklagten soll geurteilt werden. So die Theorie. Doch entspricht das der Wirklichkeit? Das Vertrauen in unser Rechtssystem schwindet. Der Vorwurf: Die Justiz arbeitet ineffizient, braucht Jahre f&uuml;r Ermittlungen und Verfahren, schont Prominente und greift bei Normalb&uuml;rgern zu hart durch.<\/p>\n<p class=\"flies\">Eine Frau wird zu 18 Monaten unbedingter Haftstrafe verurteilt, weil sie sich als Schlagers&auml;ngerin Michelle ausgegeben und einen Schaden von 2.200 Euro verursacht hatte. Tiersch&uuml;tzer sa&szlig;en monatelang in U-Haft, wurden nach rund einj&auml;hrigem Gerichtsverfahren freigesprochen und bleiben nun auf den Anwaltskosten von rund 600.000 Euro sitzen. Ein deutscher Student wird auf Basis einer Zeugenaussage wegen Landfriedensbruchs, schwerer Sachbesch&auml;digung und versuchter schwerer K&ouml;rperverletzung schuldig gesprochen.<\/p>\n<p class=\"flies\">Gleichzeitig werden die Ermittlungen in der Eurofighter-Causa eingestellt &#8211; die Begr&uuml;ndung der Einstellung ist nicht &ouml;ffentlich. Und auch andere F&auml;lle, bei denen Prominente und andere finanzstarke Personen beteiligt sind, ziehen sich in die L&auml;nge oder kommen erst gar nicht zur Anklage. In Deutschland ist es sogar legal, sich freizukaufen, wie j&uuml;ngst einige F&auml;lle rund um Manager der Bayerischen Landesbank gezeigt haben.<\/p>\n<p class=\"flies\">Leben wir in einer Zweiklassen-Justiz? Haben Gutachter und Sachverst&auml;ndige zu viel Macht? Wie beeinflussen die Medien die Rechtsprechung? Wo liegen die Fehler im Justiz-System?<\/p>\n<p class=\"flies\"><strong>G&auml;ste:<\/strong><br \/><strong>Christian Pilnacek<\/strong> &#8211; Chef der Strafrechtsabteilung im &ouml;sterreichischen Justizministerium<br \/><strong>Fritz Kleiner<\/strong> &#8211; Wirtschaftspr&uuml;fer und Gutachter (u.a. Hypo Alpe Adria)<br \/><strong>Brigitte Koppenh&ouml;fer<\/strong> &#8211; leitete als Richterin spektakul&auml;re Wirtschaftsstrafprozesse (u.a. gegen Ex-Deutsche-Bank-Chef Josef Ackermann)<br \/><strong>Ralf H&ouml;cker<\/strong> &#8211; Professor f&uuml;r Deutsches und Internationales Marken- und Medienrecht<br \/><strong>Alexia Stuefer<\/strong> &#8211; Rechtsanw&auml;ltin<\/p>\n<\/div>\n<\/div>\n<\/div>\n<div class=\"row\">\n<div class=\"sendungs-detail-container\">\n<div class=\"columns large-3\"><\/div>\n<\/div>\n<\/div>\n","protected":false},"excerpt":{"rendered":"<p>Prof. H&ouml;cker spricht heute in der &ouml;sterreichischen Talk-Sendung &#8220;Talk im Hangar&#8221;. Aus dem Begleittext des Senders zur Show: &#8220;Ohne Ansehen der Person, sorgf&auml;ltig abw&auml;gend, mit der angemessenen H&auml;rte und im Zweifel f&uuml;r den Angeklagten soll geurteilt werden. So die Theorie. Doch entspricht das der Wirklichkeit? Das Vertrauen in unser Rechtssystem schwindet. Der Vorwurf: Die Justiz [&hellip;]<\/p>\n","protected":false},"author":1,"featured_media":0,"comment_status":"closed","ping_status":"closed","sticky":false,"template":"","format":"standard","meta":{"_has_post_settings":[],"footnotes":""},"categories":[15],"tags":[],"hashtags":[],"ppma_author":[84],"class_list":["post-8483","post","type-post","status-publish","format-standard","hentry","category-news","author-hoecker_adm"],"yoast_head":"<!-- This site is optimized with the Yoast SEO Premium plugin v25.9 (Yoast SEO v27.0) - https:\/\/yoast.com\/product\/yoast-seo-premium-wordpress\/ -->\n<title>Prof. H\u00f6cker ist heute zu Gast in der Sendung &quot;Talk im Hangar&quot; auf Servus TV. Thema: Gleich und gleicher - Wie gerecht ist unsere Justiz? - H\u00d6CKER - der Blog<\/title>\n<meta name=\"robots\" content=\"index, follow, max-snippet:-1, max-image-preview:large, max-video-preview:-1\" \/>\n<link rel=\"canonical\" href=\"https:\/\/www.hoecker.eu\/blog\/prof-hoecker-ist-heute-zu-gast-in-der-sendung-talk-im-hangar-auf-servus-tv-thema-gleich-und-gleicher-wie-gerecht-ist-unsere-justiz\/\" \/>\n<meta property=\"og:locale\" content=\"de_DE\" \/>\n<meta property=\"og:type\" content=\"article\" \/>\n<meta property=\"og:title\" content=\"Prof. H\u00f6cker ist heute zu Gast in der Sendung &quot;Talk im Hangar&quot; auf Servus TV. Thema: Gleich und gleicher - Wie gerecht ist unsere Justiz?\" \/>\n<meta property=\"og:description\" content=\"Prof. H&ouml;cker spricht heute in der &ouml;sterreichischen Talk-Sendung &#8220;Talk im Hangar&#8221;. Aus dem Begleittext des Senders zur Show: &#8220;Ohne Ansehen der Person, sorgf&auml;ltig abw&auml;gend, mit der angemessenen H&auml;rte und im Zweifel f&uuml;r den Angeklagten soll geurteilt werden. So die Theorie. Doch entspricht das der Wirklichkeit? Das Vertrauen in unser Rechtssystem schwindet. Der Vorwurf: Die Justiz [&hellip;]\" \/>\n<meta property=\"og:url\" content=\"https:\/\/www.hoecker.eu\/blog\/prof-hoecker-ist-heute-zu-gast-in-der-sendung-talk-im-hangar-auf-servus-tv-thema-gleich-und-gleicher-wie-gerecht-ist-unsere-justiz\/\" \/>\n<meta property=\"og:site_name\" content=\"H\u00d6CKER - der Blog\" \/>\n<meta property=\"article:publisher\" content=\"https:\/\/www.facebook.com\/HoeckerRAe\/\" \/>\n<meta property=\"article:author\" content=\"https:\/\/www.facebook.com\/ralf.hoecker\" \/>\n<meta property=\"article:published_time\" content=\"2016-05-09T19:51:41+00:00\" \/>\n<meta property=\"article:modified_time\" content=\"2025-02-17T13:58:40+00:00\" \/>\n<meta name=\"author\" content=\"Prof. Dr. Ralf H\u00f6cker\" \/>\n<meta name=\"twitter:card\" content=\"summary_large_image\" \/>\n<meta name=\"twitter:creator\" content=\"@Ralf_Hoecker\" \/>\n<meta name=\"twitter:site\" content=\"@hoecker_rae\" \/>\n<meta name=\"twitter:label1\" content=\"Verfasst von\" \/>\n\t<meta name=\"twitter:data1\" content=\"Prof. Dr. Ralf H\u00f6cker\" \/>\n\t<meta name=\"twitter:label2\" content=\"Gesch\u00e4tzte Lesezeit\" \/>\n\t<meta name=\"twitter:data2\" content=\"2\u00a0Minuten\" \/>\n<script type=\"application\/ld+json\" class=\"yoast-schema-graph\">{\"@context\":\"https:\/\/schema.org\",\"@graph\":[{\"@type\":\"Article\",\"@id\":\"https:\/\/www.hoecker.eu\/blog\/prof-hoecker-ist-heute-zu-gast-in-der-sendung-talk-im-hangar-auf-servus-tv-thema-gleich-und-gleicher-wie-gerecht-ist-unsere-justiz\/#article\",\"isPartOf\":{\"@id\":\"https:\/\/www.hoecker.eu\/blog\/prof-hoecker-ist-heute-zu-gast-in-der-sendung-talk-im-hangar-auf-servus-tv-thema-gleich-und-gleicher-wie-gerecht-ist-unsere-justiz\/\"},\"author\":{\"name\":\"Prof. Dr. Ralf H\u00f6cker\",\"@id\":\"https:\/\/www.hoecker.eu\/blog\/#\/schema\/person\/08f95581eed0534eccd0b2438f7a1cab\"},\"headline\":\"Prof. H\u00f6cker ist heute zu Gast in der Sendung &#8220;Talk im Hangar&#8221; auf Servus TV. Thema: Gleich und gleicher &#8211; Wie gerecht ist unsere Justiz?\",\"datePublished\":\"2016-05-09T19:51:41+00:00\",\"dateModified\":\"2025-02-17T13:58:40+00:00\",\"mainEntityOfPage\":{\"@id\":\"https:\/\/www.hoecker.eu\/blog\/prof-hoecker-ist-heute-zu-gast-in-der-sendung-talk-im-hangar-auf-servus-tv-thema-gleich-und-gleicher-wie-gerecht-ist-unsere-justiz\/\"},\"wordCount\":349,\"publisher\":{\"@id\":\"https:\/\/www.hoecker.eu\/blog\/#organization\"},\"articleSection\":[\"News\"],\"inLanguage\":\"de\"},{\"@type\":\"WebPage\",\"@id\":\"https:\/\/www.hoecker.eu\/blog\/prof-hoecker-ist-heute-zu-gast-in-der-sendung-talk-im-hangar-auf-servus-tv-thema-gleich-und-gleicher-wie-gerecht-ist-unsere-justiz\/\",\"url\":\"https:\/\/www.hoecker.eu\/blog\/prof-hoecker-ist-heute-zu-gast-in-der-sendung-talk-im-hangar-auf-servus-tv-thema-gleich-und-gleicher-wie-gerecht-ist-unsere-justiz\/\",\"name\":\"Prof. H\u00f6cker ist heute zu Gast in der Sendung \\\"Talk im Hangar\\\" auf Servus TV. Thema: Gleich und gleicher - Wie gerecht ist unsere Justiz? - H\u00d6CKER - der Blog\",\"isPartOf\":{\"@id\":\"https:\/\/www.hoecker.eu\/blog\/#website\"},\"datePublished\":\"2016-05-09T19:51:41+00:00\",\"dateModified\":\"2025-02-17T13:58:40+00:00\",\"breadcrumb\":{\"@id\":\"https:\/\/www.hoecker.eu\/blog\/prof-hoecker-ist-heute-zu-gast-in-der-sendung-talk-im-hangar-auf-servus-tv-thema-gleich-und-gleicher-wie-gerecht-ist-unsere-justiz\/#breadcrumb\"},\"inLanguage\":\"de\",\"potentialAction\":[{\"@type\":\"ReadAction\",\"target\":[\"https:\/\/www.hoecker.eu\/blog\/prof-hoecker-ist-heute-zu-gast-in-der-sendung-talk-im-hangar-auf-servus-tv-thema-gleich-und-gleicher-wie-gerecht-ist-unsere-justiz\/\"]}]},{\"@type\":\"BreadcrumbList\",\"@id\":\"https:\/\/www.hoecker.eu\/blog\/prof-hoecker-ist-heute-zu-gast-in-der-sendung-talk-im-hangar-auf-servus-tv-thema-gleich-und-gleicher-wie-gerecht-ist-unsere-justiz\/#breadcrumb\",\"itemListElement\":[{\"@type\":\"ListItem\",\"position\":1,\"name\":\"Startseite\",\"item\":\"https:\/\/dev.hoecker.eu\/blog\/\"},{\"@type\":\"ListItem\",\"position\":2,\"name\":\"Prof. H\u00f6cker ist heute zu Gast in der Sendung &#8220;Talk im Hangar&#8221; auf Servus TV. Thema: Gleich und gleicher &#8211; Wie gerecht ist unsere Justiz?\"}]},{\"@type\":\"WebSite\",\"@id\":\"https:\/\/www.hoecker.eu\/blog\/#website\",\"url\":\"https:\/\/www.hoecker.eu\/blog\/\",\"name\":\"H\u00d6CKER - der Blog\",\"description\":\"Expertenblog f\u00fcr \u00c4u\u00dferungs-, Medien-, Marken-, Urheber- und Wettbewerbsrecht.\",\"publisher\":{\"@id\":\"https:\/\/www.hoecker.eu\/blog\/#organization\"},\"potentialAction\":[{\"@type\":\"SearchAction\",\"target\":{\"@type\":\"EntryPoint\",\"urlTemplate\":\"https:\/\/www.hoecker.eu\/blog\/?s={search_term_string}\"},\"query-input\":{\"@type\":\"PropertyValueSpecification\",\"valueRequired\":true,\"valueName\":\"search_term_string\"}}],\"inLanguage\":\"de\"},{\"@type\":\"Organization\",\"@id\":\"https:\/\/www.hoecker.eu\/blog\/#organization\",\"name\":\"H\u00d6CKER Rechtsanw\u00e4lte PartGmbB\",\"alternateName\":\"H\u00d6CKER\",\"url\":\"https:\/\/www.hoecker.eu\/blog\/\",\"logo\":{\"@type\":\"ImageObject\",\"inLanguage\":\"de\",\"@id\":\"https:\/\/www.hoecker.eu\/blog\/#\/schema\/logo\/image\/\",\"url\":\"https:\/\/www.hoecker.eu\/blog\/wp-content\/uploads\/2025\/03\/Blog-Logo.webp\",\"contentUrl\":\"https:\/\/www.hoecker.eu\/blog\/wp-content\/uploads\/2025\/03\/Blog-Logo.webp\",\"width\":500,\"height\":500,\"caption\":\"H\u00d6CKER Rechtsanw\u00e4lte PartGmbB\"},\"image\":{\"@id\":\"https:\/\/www.hoecker.eu\/blog\/#\/schema\/logo\/image\/\"},\"sameAs\":[\"https:\/\/www.facebook.com\/HoeckerRAe\/\",\"https:\/\/x.com\/hoecker_rae\",\"https:\/\/www.linkedin.com\/company\/hcker-rechtsanwlte\/\",\"https:\/\/www.instagram.com\/hoecker_rae\/\"],\"email\":\"contact@hoecker.eu\",\"telephone\":\"+ 49 (0)221-933 19-10\",\"legalName\":\"H\u00d6CKER Rechtsanw\u00e4lte PartGmbB\",\"numberOfEmployees\":{\"@type\":\"QuantitativeValue\",\"minValue\":\"11\",\"maxValue\":\"50\"}},{\"@type\":\"Person\",\"@id\":\"https:\/\/www.hoecker.eu\/blog\/#\/schema\/person\/08f95581eed0534eccd0b2438f7a1cab\",\"name\":\"Prof. Dr. Ralf H\u00f6cker\",\"description\":\"Medienanwalt. Besch\u00fctzer vor mieser Presse\",\"sameAs\":[\"https:\/\/www.hoecker.eu\/wer\/prof-dr-ralf-hoecker\",\"https:\/\/www.facebook.com\/ralf.hoecker\",\"https:\/\/www.linkedin.com\/in\/prof-dr-ralf-hcker-ll-m-london-17987826\/\",\"https:\/\/x.com\/Ralf_Hoecker\"],\"url\":\"https:\/\/www.hoecker.eu\/blog\/author\/hoecker_adm\/\"}]}<\/script>\n<!-- \/ Yoast SEO Premium plugin. -->","yoast_head_json":{"title":"Prof. H\u00f6cker ist heute zu Gast in der Sendung \"Talk im Hangar\" auf Servus TV. Thema: Gleich und gleicher - Wie gerecht ist unsere Justiz? - H\u00d6CKER - der Blog","robots":{"index":"index","follow":"follow","max-snippet":"max-snippet:-1","max-image-preview":"max-image-preview:large","max-video-preview":"max-video-preview:-1"},"canonical":"https:\/\/www.hoecker.eu\/blog\/prof-hoecker-ist-heute-zu-gast-in-der-sendung-talk-im-hangar-auf-servus-tv-thema-gleich-und-gleicher-wie-gerecht-ist-unsere-justiz\/","og_locale":"de_DE","og_type":"article","og_title":"Prof. H\u00f6cker ist heute zu Gast in der Sendung \"Talk im Hangar\" auf Servus TV. Thema: Gleich und gleicher - Wie gerecht ist unsere Justiz?","og_description":"Prof. H&ouml;cker spricht heute in der &ouml;sterreichischen Talk-Sendung &#8220;Talk im Hangar&#8221;. Aus dem Begleittext des Senders zur Show: &#8220;Ohne Ansehen der Person, sorgf&auml;ltig abw&auml;gend, mit der angemessenen H&auml;rte und im Zweifel f&uuml;r den Angeklagten soll geurteilt werden. So die Theorie. Doch entspricht das der Wirklichkeit? Das Vertrauen in unser Rechtssystem schwindet. Der Vorwurf: Die Justiz [&hellip;]","og_url":"https:\/\/www.hoecker.eu\/blog\/prof-hoecker-ist-heute-zu-gast-in-der-sendung-talk-im-hangar-auf-servus-tv-thema-gleich-und-gleicher-wie-gerecht-ist-unsere-justiz\/","og_site_name":"H\u00d6CKER - der Blog","article_publisher":"https:\/\/www.facebook.com\/HoeckerRAe\/","article_author":"https:\/\/www.facebook.com\/ralf.hoecker","article_published_time":"2016-05-09T19:51:41+00:00","article_modified_time":"2025-02-17T13:58:40+00:00","author":"Prof. Dr. Ralf H\u00f6cker","twitter_card":"summary_large_image","twitter_creator":"@Ralf_Hoecker","twitter_site":"@hoecker_rae","twitter_misc":{"Verfasst von":"Prof. Dr. Ralf H\u00f6cker","Gesch\u00e4tzte Lesezeit":"2\u00a0Minuten"},"schema":{"@context":"https:\/\/schema.org","@graph":[{"@type":"Article","@id":"https:\/\/www.hoecker.eu\/blog\/prof-hoecker-ist-heute-zu-gast-in-der-sendung-talk-im-hangar-auf-servus-tv-thema-gleich-und-gleicher-wie-gerecht-ist-unsere-justiz\/#article","isPartOf":{"@id":"https:\/\/www.hoecker.eu\/blog\/prof-hoecker-ist-heute-zu-gast-in-der-sendung-talk-im-hangar-auf-servus-tv-thema-gleich-und-gleicher-wie-gerecht-ist-unsere-justiz\/"},"author":{"name":"Prof. Dr. Ralf H\u00f6cker","@id":"https:\/\/www.hoecker.eu\/blog\/#\/schema\/person\/08f95581eed0534eccd0b2438f7a1cab"},"headline":"Prof. H\u00f6cker ist heute zu Gast in der Sendung &#8220;Talk im Hangar&#8221; auf Servus TV. Thema: Gleich und gleicher &#8211; Wie gerecht ist unsere Justiz?","datePublished":"2016-05-09T19:51:41+00:00","dateModified":"2025-02-17T13:58:40+00:00","mainEntityOfPage":{"@id":"https:\/\/www.hoecker.eu\/blog\/prof-hoecker-ist-heute-zu-gast-in-der-sendung-talk-im-hangar-auf-servus-tv-thema-gleich-und-gleicher-wie-gerecht-ist-unsere-justiz\/"},"wordCount":349,"publisher":{"@id":"https:\/\/www.hoecker.eu\/blog\/#organization"},"articleSection":["News"],"inLanguage":"de"},{"@type":"WebPage","@id":"https:\/\/www.hoecker.eu\/blog\/prof-hoecker-ist-heute-zu-gast-in-der-sendung-talk-im-hangar-auf-servus-tv-thema-gleich-und-gleicher-wie-gerecht-ist-unsere-justiz\/","url":"https:\/\/www.hoecker.eu\/blog\/prof-hoecker-ist-heute-zu-gast-in-der-sendung-talk-im-hangar-auf-servus-tv-thema-gleich-und-gleicher-wie-gerecht-ist-unsere-justiz\/","name":"Prof. H\u00f6cker ist heute zu Gast in der Sendung \"Talk im Hangar\" auf Servus TV. Thema: Gleich und gleicher - Wie gerecht ist unsere Justiz? - H\u00d6CKER - der Blog","isPartOf":{"@id":"https:\/\/www.hoecker.eu\/blog\/#website"},"datePublished":"2016-05-09T19:51:41+00:00","dateModified":"2025-02-17T13:58:40+00:00","breadcrumb":{"@id":"https:\/\/www.hoecker.eu\/blog\/prof-hoecker-ist-heute-zu-gast-in-der-sendung-talk-im-hangar-auf-servus-tv-thema-gleich-und-gleicher-wie-gerecht-ist-unsere-justiz\/#breadcrumb"},"inLanguage":"de","potentialAction":[{"@type":"ReadAction","target":["https:\/\/www.hoecker.eu\/blog\/prof-hoecker-ist-heute-zu-gast-in-der-sendung-talk-im-hangar-auf-servus-tv-thema-gleich-und-gleicher-wie-gerecht-ist-unsere-justiz\/"]}]},{"@type":"BreadcrumbList","@id":"https:\/\/www.hoecker.eu\/blog\/prof-hoecker-ist-heute-zu-gast-in-der-sendung-talk-im-hangar-auf-servus-tv-thema-gleich-und-gleicher-wie-gerecht-ist-unsere-justiz\/#breadcrumb","itemListElement":[{"@type":"ListItem","position":1,"name":"Startseite","item":"https:\/\/dev.hoecker.eu\/blog\/"},{"@type":"ListItem","position":2,"name":"Prof. H\u00f6cker ist heute zu Gast in der Sendung &#8220;Talk im Hangar&#8221; auf Servus TV. Thema: Gleich und gleicher &#8211; Wie gerecht ist unsere Justiz?"}]},{"@type":"WebSite","@id":"https:\/\/www.hoecker.eu\/blog\/#website","url":"https:\/\/www.hoecker.eu\/blog\/","name":"H\u00d6CKER - der Blog","description":"Expertenblog f\u00fcr \u00c4u\u00dferungs-, Medien-, Marken-, Urheber- und Wettbewerbsrecht.","publisher":{"@id":"https:\/\/www.hoecker.eu\/blog\/#organization"},"potentialAction":[{"@type":"SearchAction","target":{"@type":"EntryPoint","urlTemplate":"https:\/\/www.hoecker.eu\/blog\/?s={search_term_string}"},"query-input":{"@type":"PropertyValueSpecification","valueRequired":true,"valueName":"search_term_string"}}],"inLanguage":"de"},{"@type":"Organization","@id":"https:\/\/www.hoecker.eu\/blog\/#organization","name":"H\u00d6CKER Rechtsanw\u00e4lte PartGmbB","alternateName":"H\u00d6CKER","url":"https:\/\/www.hoecker.eu\/blog\/","logo":{"@type":"ImageObject","inLanguage":"de","@id":"https:\/\/www.hoecker.eu\/blog\/#\/schema\/logo\/image\/","url":"https:\/\/www.hoecker.eu\/blog\/wp-content\/uploads\/2025\/03\/Blog-Logo.webp","contentUrl":"https:\/\/www.hoecker.eu\/blog\/wp-content\/uploads\/2025\/03\/Blog-Logo.webp","width":500,"height":500,"caption":"H\u00d6CKER Rechtsanw\u00e4lte PartGmbB"},"image":{"@id":"https:\/\/www.hoecker.eu\/blog\/#\/schema\/logo\/image\/"},"sameAs":["https:\/\/www.facebook.com\/HoeckerRAe\/","https:\/\/x.com\/hoecker_rae","https:\/\/www.linkedin.com\/company\/hcker-rechtsanwlte\/","https:\/\/www.instagram.com\/hoecker_rae\/"],"email":"contact@hoecker.eu","telephone":"+ 49 (0)221-933 19-10","legalName":"H\u00d6CKER Rechtsanw\u00e4lte PartGmbB","numberOfEmployees":{"@type":"QuantitativeValue","minValue":"11","maxValue":"50"}},{"@type":"Person","@id":"https:\/\/www.hoecker.eu\/blog\/#\/schema\/person\/08f95581eed0534eccd0b2438f7a1cab","name":"Prof. Dr. Ralf H\u00f6cker","description":"Medienanwalt. Besch\u00fctzer vor mieser Presse","sameAs":["https:\/\/www.hoecker.eu\/wer\/prof-dr-ralf-hoecker","https:\/\/www.facebook.com\/ralf.hoecker","https:\/\/www.linkedin.com\/in\/prof-dr-ralf-hcker-ll-m-london-17987826\/","https:\/\/x.com\/Ralf_Hoecker"],"url":"https:\/\/www.hoecker.eu\/blog\/author\/hoecker_adm\/"}]}},"authors":[{"term_id":84,"user_id":1,"is_guest":0,"slug":"hoecker_adm","display_name":"Prof. Dr. Ralf H\u00f6cker","avatar_url":{"url":"https:\/\/www.hoecker.eu\/blog\/wp-content\/uploads\/2023\/12\/ProfDrRalfHoecker.jpg","url2x":"https:\/\/www.hoecker.eu\/blog\/wp-content\/uploads\/2023\/12\/ProfDrRalfHoecker.jpg"},"0":null,"1":"","2":"","3":"","4":"","5":"","6":"","7":"","8":"","9":"","10":"","11":""}],"_links":{"self":[{"href":"https:\/\/www.hoecker.eu\/blog\/wp-json\/wp\/v2\/posts\/8483","targetHints":{"allow":["GET"]}}],"collection":[{"href":"https:\/\/www.hoecker.eu\/blog\/wp-json\/wp\/v2\/posts"}],"about":[{"href":"https:\/\/www.hoecker.eu\/blog\/wp-json\/wp\/v2\/types\/post"}],"author":[{"embeddable":true,"href":"https:\/\/www.hoecker.eu\/blog\/wp-json\/wp\/v2\/users\/1"}],"replies":[{"embeddable":true,"href":"https:\/\/www.hoecker.eu\/blog\/wp-json\/wp\/v2\/comments?post=8483"}],"version-history":[{"count":1,"href":"https:\/\/www.hoecker.eu\/blog\/wp-json\/wp\/v2\/posts\/8483\/revisions"}],"predecessor-version":[{"id":9605,"href":"https:\/\/www.hoecker.eu\/blog\/wp-json\/wp\/v2\/posts\/8483\/revisions\/9605"}],"wp:attachment":[{"href":"https:\/\/www.hoecker.eu\/blog\/wp-json\/wp\/v2\/media?parent=8483"}],"wp:term":[{"taxonomy":"category","embeddable":true,"href":"https:\/\/www.hoecker.eu\/blog\/wp-json\/wp\/v2\/categories?post=8483"},{"taxonomy":"post_tag","embeddable":true,"href":"https:\/\/www.hoecker.eu\/blog\/wp-json\/wp\/v2\/tags?post=8483"},{"taxonomy":"hashtags","embeddable":true,"href":"https:\/\/www.hoecker.eu\/blog\/wp-json\/wp\/v2\/hashtags?post=8483"},{"taxonomy":"author","embeddable":true,"href":"https:\/\/www.hoecker.eu\/blog\/wp-json\/wp\/v2\/ppma_author?post=8483"}],"curies":[{"name":"wp","href":"https:\/\/api.w.org\/{rel}","templated":true}]}}