{"id":8471,"date":"2016-05-09T22:01:22","date_gmt":"2016-05-09T20:01:22","guid":{"rendered":"https:\/\/www.hoecker.eu\/blog\/vater-eines-koelner-lokalprominenten-durfte-nicht-als-teilnehmer-der-hogesa-demonstration-identifiziert-werden-olg-koeln-erlaesst-verbot-gegen-express-und-express-de\/"},"modified":"2025-02-17T14:57:59","modified_gmt":"2025-02-17T13:57:59","slug":"vater-eines-koelner-lokalprominenten-durfte-nicht-als-teilnehmer-der-hogesa-demonstration-identifiziert-werden-olg-koeln-erlaesst-verbot-gegen-express-und-express-de","status":"publish","type":"post","link":"https:\/\/www.hoecker.eu\/blog\/vater-eines-koelner-lokalprominenten-durfte-nicht-als-teilnehmer-der-hogesa-demonstration-identifiziert-werden-olg-koeln-erlaesst-verbot-gegen-express-und-express-de\/","title":{"rendered":"Vater eines K\u00f6lner Lokalprominenten durfte nicht als Teilnehmer der HOGESA-Demonstration identifiziert werden: OLG K\u00f6ln erl\u00e4sst Verbot gegen EXPRESS und express.de."},"content":{"rendered":"<p class=\"flies\">Der EXPRESS hatte berichtet, dass der Vater eines K&ouml;lner Lokalprominenten an der Hogesa-Demonstration gegen Salafisten mit &uuml;ber 4.000 Demonstranten teilgenommen hatte. Der Mann wurde erkennbar abgebildet und namentlich benannt.<\/p>\n<p class=\"flies\">Das OLG K&ouml;ln stellte nun fest, dass kein rechtfertigendes Berichterstattungsinteresse daran bestehe, den Mann, der friedlich an der Demonstration teilgenommen hatte, aus der Masse von &uuml;ber 4.000 Demonstranten hervorzuheben und unter Hinweis darauf, dass es auf der Demonstration zu Gewaltt&auml;tigkeiten gegen Polizisten kam, an den Pranger zu stellen. Das OLG K&ouml;ln verbot die Erkennbarmachung des Demonstrationsteilnehmers durch Abdruck des Bildes und Nennung seines Namens mit Beschluss vom 19.12.2014, Az. 15 W 88\/14.<\/p>\n<p class=\"flies\">Zum Grundrecht auf Demonstrationsfreiheit geh&ouml;rt es auch, an Demos gleich welchen Inhalts teilnehmen zu k&ouml;nnen, ohne Angst davor haben zu m&uuml;ssen, dass man anschlie&szlig;end &ouml;ffentlich angeprangert wird.<\/p>\n<p class=\"flies\">Dr. Carsten Brennecke:<br \/>&bdquo;<em>Wer bei einer Demonstration nicht durch die Gewaltt&auml;tigkeit aus der Masse hervorsticht, muss nicht dulden, dass er in der Berichterstattung aus der Masse hervorgehoben wird. Denn das Hervorheben eines einzelnen in Verbindung mit dem Hinweis darauf, dass Demonstrationsteilnehmer Gewalt gegen Polizisten ver&uuml;bt hatten, f&uuml;hrt zu einer erheblichen Prangerwirkung zu Lasten des Betroffenen. Eine solche Berichterstattung ist unzul&auml;ssig.&ldquo;<\/em><\/p>\n<p><span class=\"flies\"> <\/span><\/p>\n<p class=\"flies\">&nbsp;<\/p>\n","protected":false},"excerpt":{"rendered":"<p>Der EXPRESS hatte berichtet, dass der Vater eines K&ouml;lner Lokalprominenten an der Hogesa-Demonstration gegen Salafisten mit &uuml;ber 4.000 Demonstranten teilgenommen hatte. Der Mann wurde erkennbar abgebildet und namentlich benannt. Das OLG K&ouml;ln stellte nun fest, dass kein rechtfertigendes Berichterstattungsinteresse daran bestehe, den Mann, der friedlich an der Demonstration teilgenommen hatte, aus der Masse von &uuml;ber [&hellip;]<\/p>\n","protected":false},"author":1,"featured_media":0,"comment_status":"closed","ping_status":"closed","sticky":false,"template":"","format":"standard","meta":{"_has_post_settings":[],"footnotes":""},"categories":[15],"tags":[],"hashtags":[],"ppma_author":[84],"class_list":["post-8471","post","type-post","status-publish","format-standard","hentry","category-news","author-hoecker_adm"],"yoast_head":"<!-- This site is optimized with the Yoast SEO Premium plugin v25.9 (Yoast SEO v27.0) - https:\/\/yoast.com\/product\/yoast-seo-premium-wordpress\/ -->\n<title>Vater eines K\u00f6lner Lokalprominenten durfte nicht als Teilnehmer der HOGESA-Demonstration identifiziert werden: OLG K\u00f6ln erl\u00e4sst Verbot gegen EXPRESS und express.de. - H\u00d6CKER - der Blog<\/title>\n<meta name=\"robots\" content=\"index, follow, max-snippet:-1, max-image-preview:large, max-video-preview:-1\" \/>\n<link rel=\"canonical\" href=\"https:\/\/www.hoecker.eu\/blog\/vater-eines-koelner-lokalprominenten-durfte-nicht-als-teilnehmer-der-hogesa-demonstration-identifiziert-werden-olg-koeln-erlaesst-verbot-gegen-express-und-express-de\/\" \/>\n<meta property=\"og:locale\" content=\"de_DE\" \/>\n<meta property=\"og:type\" content=\"article\" \/>\n<meta property=\"og:title\" content=\"Vater eines K\u00f6lner Lokalprominenten durfte nicht als Teilnehmer der HOGESA-Demonstration identifiziert werden: OLG K\u00f6ln erl\u00e4sst Verbot gegen EXPRESS und express.de.\" \/>\n<meta property=\"og:description\" content=\"Der EXPRESS hatte berichtet, dass der Vater eines K&ouml;lner Lokalprominenten an der Hogesa-Demonstration gegen Salafisten mit &uuml;ber 4.000 Demonstranten teilgenommen hatte. Der Mann wurde erkennbar abgebildet und namentlich benannt. Das OLG K&ouml;ln stellte nun fest, dass kein rechtfertigendes Berichterstattungsinteresse daran bestehe, den Mann, der friedlich an der Demonstration teilgenommen hatte, aus der Masse von &uuml;ber [&hellip;]\" \/>\n<meta property=\"og:url\" content=\"https:\/\/www.hoecker.eu\/blog\/vater-eines-koelner-lokalprominenten-durfte-nicht-als-teilnehmer-der-hogesa-demonstration-identifiziert-werden-olg-koeln-erlaesst-verbot-gegen-express-und-express-de\/\" \/>\n<meta property=\"og:site_name\" content=\"H\u00d6CKER - der Blog\" \/>\n<meta property=\"article:publisher\" content=\"https:\/\/www.facebook.com\/HoeckerRAe\/\" \/>\n<meta property=\"article:author\" content=\"https:\/\/www.facebook.com\/ralf.hoecker\" \/>\n<meta property=\"article:published_time\" content=\"2016-05-09T20:01:22+00:00\" \/>\n<meta property=\"article:modified_time\" content=\"2025-02-17T13:57:59+00:00\" \/>\n<meta name=\"author\" content=\"Prof. Dr. Ralf H\u00f6cker\" \/>\n<meta name=\"twitter:card\" content=\"summary_large_image\" \/>\n<meta name=\"twitter:creator\" content=\"@Ralf_Hoecker\" \/>\n<meta name=\"twitter:site\" content=\"@hoecker_rae\" \/>\n<meta name=\"twitter:label1\" content=\"Verfasst von\" \/>\n\t<meta name=\"twitter:data1\" content=\"Prof. Dr. Ralf H\u00f6cker\" \/>\n\t<meta name=\"twitter:label2\" content=\"Gesch\u00e4tzte Lesezeit\" \/>\n\t<meta name=\"twitter:data2\" content=\"1\u00a0Minute\" \/>\n<script type=\"application\/ld+json\" class=\"yoast-schema-graph\">{\"@context\":\"https:\/\/schema.org\",\"@graph\":[{\"@type\":\"Article\",\"@id\":\"https:\/\/www.hoecker.eu\/blog\/vater-eines-koelner-lokalprominenten-durfte-nicht-als-teilnehmer-der-hogesa-demonstration-identifiziert-werden-olg-koeln-erlaesst-verbot-gegen-express-und-express-de\/#article\",\"isPartOf\":{\"@id\":\"https:\/\/www.hoecker.eu\/blog\/vater-eines-koelner-lokalprominenten-durfte-nicht-als-teilnehmer-der-hogesa-demonstration-identifiziert-werden-olg-koeln-erlaesst-verbot-gegen-express-und-express-de\/\"},\"author\":{\"name\":\"Prof. Dr. Ralf H\u00f6cker\",\"@id\":\"https:\/\/www.hoecker.eu\/blog\/#\/schema\/person\/08f95581eed0534eccd0b2438f7a1cab\"},\"headline\":\"Vater eines K\u00f6lner Lokalprominenten durfte nicht als Teilnehmer der HOGESA-Demonstration identifiziert werden: OLG K\u00f6ln erl\u00e4sst Verbot gegen EXPRESS und express.de.\",\"datePublished\":\"2016-05-09T20:01:22+00:00\",\"dateModified\":\"2025-02-17T13:57:59+00:00\",\"mainEntityOfPage\":{\"@id\":\"https:\/\/www.hoecker.eu\/blog\/vater-eines-koelner-lokalprominenten-durfte-nicht-als-teilnehmer-der-hogesa-demonstration-identifiziert-werden-olg-koeln-erlaesst-verbot-gegen-express-und-express-de\/\"},\"wordCount\":237,\"publisher\":{\"@id\":\"https:\/\/www.hoecker.eu\/blog\/#organization\"},\"articleSection\":[\"News\"],\"inLanguage\":\"de\"},{\"@type\":\"WebPage\",\"@id\":\"https:\/\/www.hoecker.eu\/blog\/vater-eines-koelner-lokalprominenten-durfte-nicht-als-teilnehmer-der-hogesa-demonstration-identifiziert-werden-olg-koeln-erlaesst-verbot-gegen-express-und-express-de\/\",\"url\":\"https:\/\/www.hoecker.eu\/blog\/vater-eines-koelner-lokalprominenten-durfte-nicht-als-teilnehmer-der-hogesa-demonstration-identifiziert-werden-olg-koeln-erlaesst-verbot-gegen-express-und-express-de\/\",\"name\":\"Vater eines K\u00f6lner Lokalprominenten durfte nicht als Teilnehmer der HOGESA-Demonstration identifiziert werden: OLG K\u00f6ln erl\u00e4sst Verbot gegen EXPRESS und express.de. - H\u00d6CKER - der Blog\",\"isPartOf\":{\"@id\":\"https:\/\/www.hoecker.eu\/blog\/#website\"},\"datePublished\":\"2016-05-09T20:01:22+00:00\",\"dateModified\":\"2025-02-17T13:57:59+00:00\",\"breadcrumb\":{\"@id\":\"https:\/\/www.hoecker.eu\/blog\/vater-eines-koelner-lokalprominenten-durfte-nicht-als-teilnehmer-der-hogesa-demonstration-identifiziert-werden-olg-koeln-erlaesst-verbot-gegen-express-und-express-de\/#breadcrumb\"},\"inLanguage\":\"de\",\"potentialAction\":[{\"@type\":\"ReadAction\",\"target\":[\"https:\/\/www.hoecker.eu\/blog\/vater-eines-koelner-lokalprominenten-durfte-nicht-als-teilnehmer-der-hogesa-demonstration-identifiziert-werden-olg-koeln-erlaesst-verbot-gegen-express-und-express-de\/\"]}]},{\"@type\":\"BreadcrumbList\",\"@id\":\"https:\/\/www.hoecker.eu\/blog\/vater-eines-koelner-lokalprominenten-durfte-nicht-als-teilnehmer-der-hogesa-demonstration-identifiziert-werden-olg-koeln-erlaesst-verbot-gegen-express-und-express-de\/#breadcrumb\",\"itemListElement\":[{\"@type\":\"ListItem\",\"position\":1,\"name\":\"Startseite\",\"item\":\"https:\/\/dev.hoecker.eu\/blog\/\"},{\"@type\":\"ListItem\",\"position\":2,\"name\":\"Vater eines K\u00f6lner Lokalprominenten durfte nicht als Teilnehmer der HOGESA-Demonstration identifiziert werden: OLG K\u00f6ln erl\u00e4sst Verbot gegen EXPRESS und express.de.\"}]},{\"@type\":\"WebSite\",\"@id\":\"https:\/\/www.hoecker.eu\/blog\/#website\",\"url\":\"https:\/\/www.hoecker.eu\/blog\/\",\"name\":\"H\u00d6CKER - der Blog\",\"description\":\"Expertenblog f\u00fcr \u00c4u\u00dferungs-, Medien-, Marken-, Urheber- und Wettbewerbsrecht.\",\"publisher\":{\"@id\":\"https:\/\/www.hoecker.eu\/blog\/#organization\"},\"potentialAction\":[{\"@type\":\"SearchAction\",\"target\":{\"@type\":\"EntryPoint\",\"urlTemplate\":\"https:\/\/www.hoecker.eu\/blog\/?s={search_term_string}\"},\"query-input\":{\"@type\":\"PropertyValueSpecification\",\"valueRequired\":true,\"valueName\":\"search_term_string\"}}],\"inLanguage\":\"de\"},{\"@type\":\"Organization\",\"@id\":\"https:\/\/www.hoecker.eu\/blog\/#organization\",\"name\":\"H\u00d6CKER Rechtsanw\u00e4lte PartGmbB\",\"alternateName\":\"H\u00d6CKER\",\"url\":\"https:\/\/www.hoecker.eu\/blog\/\",\"logo\":{\"@type\":\"ImageObject\",\"inLanguage\":\"de\",\"@id\":\"https:\/\/www.hoecker.eu\/blog\/#\/schema\/logo\/image\/\",\"url\":\"https:\/\/www.hoecker.eu\/blog\/wp-content\/uploads\/2025\/03\/Blog-Logo.webp\",\"contentUrl\":\"https:\/\/www.hoecker.eu\/blog\/wp-content\/uploads\/2025\/03\/Blog-Logo.webp\",\"width\":500,\"height\":500,\"caption\":\"H\u00d6CKER Rechtsanw\u00e4lte PartGmbB\"},\"image\":{\"@id\":\"https:\/\/www.hoecker.eu\/blog\/#\/schema\/logo\/image\/\"},\"sameAs\":[\"https:\/\/www.facebook.com\/HoeckerRAe\/\",\"https:\/\/x.com\/hoecker_rae\",\"https:\/\/www.linkedin.com\/company\/hcker-rechtsanwlte\/\",\"https:\/\/www.instagram.com\/hoecker_rae\/\"],\"email\":\"contact@hoecker.eu\",\"telephone\":\"+ 49 (0)221-933 19-10\",\"legalName\":\"H\u00d6CKER Rechtsanw\u00e4lte PartGmbB\",\"numberOfEmployees\":{\"@type\":\"QuantitativeValue\",\"minValue\":\"11\",\"maxValue\":\"50\"}},{\"@type\":\"Person\",\"@id\":\"https:\/\/www.hoecker.eu\/blog\/#\/schema\/person\/08f95581eed0534eccd0b2438f7a1cab\",\"name\":\"Prof. Dr. Ralf H\u00f6cker\",\"description\":\"Medienanwalt. Besch\u00fctzer vor mieser Presse\",\"sameAs\":[\"https:\/\/www.hoecker.eu\/wer\/prof-dr-ralf-hoecker\",\"https:\/\/www.facebook.com\/ralf.hoecker\",\"https:\/\/www.linkedin.com\/in\/prof-dr-ralf-hcker-ll-m-london-17987826\/\",\"https:\/\/x.com\/Ralf_Hoecker\"],\"url\":\"https:\/\/www.hoecker.eu\/blog\/author\/hoecker_adm\/\"}]}<\/script>\n<!-- \/ Yoast SEO Premium plugin. -->","yoast_head_json":{"title":"Vater eines K\u00f6lner Lokalprominenten durfte nicht als Teilnehmer der HOGESA-Demonstration identifiziert werden: OLG K\u00f6ln erl\u00e4sst Verbot gegen EXPRESS und express.de. - H\u00d6CKER - der Blog","robots":{"index":"index","follow":"follow","max-snippet":"max-snippet:-1","max-image-preview":"max-image-preview:large","max-video-preview":"max-video-preview:-1"},"canonical":"https:\/\/www.hoecker.eu\/blog\/vater-eines-koelner-lokalprominenten-durfte-nicht-als-teilnehmer-der-hogesa-demonstration-identifiziert-werden-olg-koeln-erlaesst-verbot-gegen-express-und-express-de\/","og_locale":"de_DE","og_type":"article","og_title":"Vater eines K\u00f6lner Lokalprominenten durfte nicht als Teilnehmer der HOGESA-Demonstration identifiziert werden: OLG K\u00f6ln erl\u00e4sst Verbot gegen EXPRESS und express.de.","og_description":"Der EXPRESS hatte berichtet, dass der Vater eines K&ouml;lner Lokalprominenten an der Hogesa-Demonstration gegen Salafisten mit &uuml;ber 4.000 Demonstranten teilgenommen hatte. Der Mann wurde erkennbar abgebildet und namentlich benannt. Das OLG K&ouml;ln stellte nun fest, dass kein rechtfertigendes Berichterstattungsinteresse daran bestehe, den Mann, der friedlich an der Demonstration teilgenommen hatte, aus der Masse von &uuml;ber [&hellip;]","og_url":"https:\/\/www.hoecker.eu\/blog\/vater-eines-koelner-lokalprominenten-durfte-nicht-als-teilnehmer-der-hogesa-demonstration-identifiziert-werden-olg-koeln-erlaesst-verbot-gegen-express-und-express-de\/","og_site_name":"H\u00d6CKER - der Blog","article_publisher":"https:\/\/www.facebook.com\/HoeckerRAe\/","article_author":"https:\/\/www.facebook.com\/ralf.hoecker","article_published_time":"2016-05-09T20:01:22+00:00","article_modified_time":"2025-02-17T13:57:59+00:00","author":"Prof. Dr. Ralf H\u00f6cker","twitter_card":"summary_large_image","twitter_creator":"@Ralf_Hoecker","twitter_site":"@hoecker_rae","twitter_misc":{"Verfasst von":"Prof. Dr. Ralf H\u00f6cker","Gesch\u00e4tzte Lesezeit":"1\u00a0Minute"},"schema":{"@context":"https:\/\/schema.org","@graph":[{"@type":"Article","@id":"https:\/\/www.hoecker.eu\/blog\/vater-eines-koelner-lokalprominenten-durfte-nicht-als-teilnehmer-der-hogesa-demonstration-identifiziert-werden-olg-koeln-erlaesst-verbot-gegen-express-und-express-de\/#article","isPartOf":{"@id":"https:\/\/www.hoecker.eu\/blog\/vater-eines-koelner-lokalprominenten-durfte-nicht-als-teilnehmer-der-hogesa-demonstration-identifiziert-werden-olg-koeln-erlaesst-verbot-gegen-express-und-express-de\/"},"author":{"name":"Prof. Dr. Ralf H\u00f6cker","@id":"https:\/\/www.hoecker.eu\/blog\/#\/schema\/person\/08f95581eed0534eccd0b2438f7a1cab"},"headline":"Vater eines K\u00f6lner Lokalprominenten durfte nicht als Teilnehmer der HOGESA-Demonstration identifiziert werden: OLG K\u00f6ln erl\u00e4sst Verbot gegen EXPRESS und express.de.","datePublished":"2016-05-09T20:01:22+00:00","dateModified":"2025-02-17T13:57:59+00:00","mainEntityOfPage":{"@id":"https:\/\/www.hoecker.eu\/blog\/vater-eines-koelner-lokalprominenten-durfte-nicht-als-teilnehmer-der-hogesa-demonstration-identifiziert-werden-olg-koeln-erlaesst-verbot-gegen-express-und-express-de\/"},"wordCount":237,"publisher":{"@id":"https:\/\/www.hoecker.eu\/blog\/#organization"},"articleSection":["News"],"inLanguage":"de"},{"@type":"WebPage","@id":"https:\/\/www.hoecker.eu\/blog\/vater-eines-koelner-lokalprominenten-durfte-nicht-als-teilnehmer-der-hogesa-demonstration-identifiziert-werden-olg-koeln-erlaesst-verbot-gegen-express-und-express-de\/","url":"https:\/\/www.hoecker.eu\/blog\/vater-eines-koelner-lokalprominenten-durfte-nicht-als-teilnehmer-der-hogesa-demonstration-identifiziert-werden-olg-koeln-erlaesst-verbot-gegen-express-und-express-de\/","name":"Vater eines K\u00f6lner Lokalprominenten durfte nicht als Teilnehmer der HOGESA-Demonstration identifiziert werden: OLG K\u00f6ln erl\u00e4sst Verbot gegen EXPRESS und express.de. - H\u00d6CKER - der Blog","isPartOf":{"@id":"https:\/\/www.hoecker.eu\/blog\/#website"},"datePublished":"2016-05-09T20:01:22+00:00","dateModified":"2025-02-17T13:57:59+00:00","breadcrumb":{"@id":"https:\/\/www.hoecker.eu\/blog\/vater-eines-koelner-lokalprominenten-durfte-nicht-als-teilnehmer-der-hogesa-demonstration-identifiziert-werden-olg-koeln-erlaesst-verbot-gegen-express-und-express-de\/#breadcrumb"},"inLanguage":"de","potentialAction":[{"@type":"ReadAction","target":["https:\/\/www.hoecker.eu\/blog\/vater-eines-koelner-lokalprominenten-durfte-nicht-als-teilnehmer-der-hogesa-demonstration-identifiziert-werden-olg-koeln-erlaesst-verbot-gegen-express-und-express-de\/"]}]},{"@type":"BreadcrumbList","@id":"https:\/\/www.hoecker.eu\/blog\/vater-eines-koelner-lokalprominenten-durfte-nicht-als-teilnehmer-der-hogesa-demonstration-identifiziert-werden-olg-koeln-erlaesst-verbot-gegen-express-und-express-de\/#breadcrumb","itemListElement":[{"@type":"ListItem","position":1,"name":"Startseite","item":"https:\/\/dev.hoecker.eu\/blog\/"},{"@type":"ListItem","position":2,"name":"Vater eines K\u00f6lner Lokalprominenten durfte nicht als Teilnehmer der HOGESA-Demonstration identifiziert werden: OLG K\u00f6ln erl\u00e4sst Verbot gegen EXPRESS und express.de."}]},{"@type":"WebSite","@id":"https:\/\/www.hoecker.eu\/blog\/#website","url":"https:\/\/www.hoecker.eu\/blog\/","name":"H\u00d6CKER - der Blog","description":"Expertenblog f\u00fcr \u00c4u\u00dferungs-, Medien-, Marken-, Urheber- und Wettbewerbsrecht.","publisher":{"@id":"https:\/\/www.hoecker.eu\/blog\/#organization"},"potentialAction":[{"@type":"SearchAction","target":{"@type":"EntryPoint","urlTemplate":"https:\/\/www.hoecker.eu\/blog\/?s={search_term_string}"},"query-input":{"@type":"PropertyValueSpecification","valueRequired":true,"valueName":"search_term_string"}}],"inLanguage":"de"},{"@type":"Organization","@id":"https:\/\/www.hoecker.eu\/blog\/#organization","name":"H\u00d6CKER Rechtsanw\u00e4lte PartGmbB","alternateName":"H\u00d6CKER","url":"https:\/\/www.hoecker.eu\/blog\/","logo":{"@type":"ImageObject","inLanguage":"de","@id":"https:\/\/www.hoecker.eu\/blog\/#\/schema\/logo\/image\/","url":"https:\/\/www.hoecker.eu\/blog\/wp-content\/uploads\/2025\/03\/Blog-Logo.webp","contentUrl":"https:\/\/www.hoecker.eu\/blog\/wp-content\/uploads\/2025\/03\/Blog-Logo.webp","width":500,"height":500,"caption":"H\u00d6CKER Rechtsanw\u00e4lte PartGmbB"},"image":{"@id":"https:\/\/www.hoecker.eu\/blog\/#\/schema\/logo\/image\/"},"sameAs":["https:\/\/www.facebook.com\/HoeckerRAe\/","https:\/\/x.com\/hoecker_rae","https:\/\/www.linkedin.com\/company\/hcker-rechtsanwlte\/","https:\/\/www.instagram.com\/hoecker_rae\/"],"email":"contact@hoecker.eu","telephone":"+ 49 (0)221-933 19-10","legalName":"H\u00d6CKER Rechtsanw\u00e4lte PartGmbB","numberOfEmployees":{"@type":"QuantitativeValue","minValue":"11","maxValue":"50"}},{"@type":"Person","@id":"https:\/\/www.hoecker.eu\/blog\/#\/schema\/person\/08f95581eed0534eccd0b2438f7a1cab","name":"Prof. Dr. Ralf H\u00f6cker","description":"Medienanwalt. Besch\u00fctzer vor mieser Presse","sameAs":["https:\/\/www.hoecker.eu\/wer\/prof-dr-ralf-hoecker","https:\/\/www.facebook.com\/ralf.hoecker","https:\/\/www.linkedin.com\/in\/prof-dr-ralf-hcker-ll-m-london-17987826\/","https:\/\/x.com\/Ralf_Hoecker"],"url":"https:\/\/www.hoecker.eu\/blog\/author\/hoecker_adm\/"}]}},"authors":[{"term_id":84,"user_id":1,"is_guest":0,"slug":"hoecker_adm","display_name":"Prof. Dr. Ralf H\u00f6cker","avatar_url":{"url":"https:\/\/www.hoecker.eu\/blog\/wp-content\/uploads\/2023\/12\/ProfDrRalfHoecker.jpg","url2x":"https:\/\/www.hoecker.eu\/blog\/wp-content\/uploads\/2023\/12\/ProfDrRalfHoecker.jpg"},"0":null,"1":"","2":"","3":"","4":"","5":"","6":"","7":"","8":"","9":"","10":"","11":""}],"_links":{"self":[{"href":"https:\/\/www.hoecker.eu\/blog\/wp-json\/wp\/v2\/posts\/8471","targetHints":{"allow":["GET"]}}],"collection":[{"href":"https:\/\/www.hoecker.eu\/blog\/wp-json\/wp\/v2\/posts"}],"about":[{"href":"https:\/\/www.hoecker.eu\/blog\/wp-json\/wp\/v2\/types\/post"}],"author":[{"embeddable":true,"href":"https:\/\/www.hoecker.eu\/blog\/wp-json\/wp\/v2\/users\/1"}],"replies":[{"embeddable":true,"href":"https:\/\/www.hoecker.eu\/blog\/wp-json\/wp\/v2\/comments?post=8471"}],"version-history":[{"count":1,"href":"https:\/\/www.hoecker.eu\/blog\/wp-json\/wp\/v2\/posts\/8471\/revisions"}],"predecessor-version":[{"id":9593,"href":"https:\/\/www.hoecker.eu\/blog\/wp-json\/wp\/v2\/posts\/8471\/revisions\/9593"}],"wp:attachment":[{"href":"https:\/\/www.hoecker.eu\/blog\/wp-json\/wp\/v2\/media?parent=8471"}],"wp:term":[{"taxonomy":"category","embeddable":true,"href":"https:\/\/www.hoecker.eu\/blog\/wp-json\/wp\/v2\/categories?post=8471"},{"taxonomy":"post_tag","embeddable":true,"href":"https:\/\/www.hoecker.eu\/blog\/wp-json\/wp\/v2\/tags?post=8471"},{"taxonomy":"hashtags","embeddable":true,"href":"https:\/\/www.hoecker.eu\/blog\/wp-json\/wp\/v2\/hashtags?post=8471"},{"taxonomy":"author","embeddable":true,"href":"https:\/\/www.hoecker.eu\/blog\/wp-json\/wp\/v2\/ppma_author?post=8471"}],"curies":[{"name":"wp","href":"https:\/\/api.w.org\/{rel}","templated":true}]}}