{"id":8470,"date":"2016-05-09T22:01:46","date_gmt":"2016-05-09T20:01:46","guid":{"rendered":"https:\/\/www.hoecker.eu\/blog\/frontal-21-erweckt-bewusst-falschen-eindruck-ueber-deutsche-grossbank-hoecker-erwirkt-einstweilige-verfuegung-gegen-das-zdf-vor-dem-lg-koeln\/"},"modified":"2025-02-17T14:57:58","modified_gmt":"2025-02-17T13:57:58","slug":"frontal-21-erweckt-bewusst-falschen-eindruck-ueber-deutsche-grossbank-hoecker-erwirkt-einstweilige-verfuegung-gegen-das-zdf-vor-dem-lg-koeln","status":"publish","type":"post","link":"https:\/\/www.hoecker.eu\/blog\/frontal-21-erweckt-bewusst-falschen-eindruck-ueber-deutsche-grossbank-hoecker-erwirkt-einstweilige-verfuegung-gegen-das-zdf-vor-dem-lg-koeln\/","title":{"rendered":"Frontal 21 erweckt bewusst falschen Eindruck \u00fcber deutsche Gro\u00dfbank: H\u00d6CKER erwirkt einstweilige Verf\u00fcgung gegen das ZDF vor dem LG K\u00f6ln."},"content":{"rendered":"<p class=\"flies\">Eine deutsche Gro&szlig;bank ist mit H&Ouml;CKER erfolgreich gegen eine Berichterstattung des ZDF in der Sendung Frontal 21 vorgegangen. Das ZDF hatte dar&uuml;ber berichtet, wie die Bank die R&uuml;ckforderung einer Bearbeitungsgeb&uuml;hr f&uuml;r einen Verbraucherdarlehensvertrag durch einen Kunden handhabte. Vor dem Bericht hatte das ZDF die Bank um eine Stellungnahme zum Fall gebeten. Die Bank teilte dem ZDF mit, dass der im Bericht genannte Kunde die R&uuml;ckzahlung einer Bearbeitungsgeb&uuml;hr gefordert hatte, die schon l&auml;ngst zur&uuml;ckgezahlt war. Die Bank hatte dem ZDF mitgeteilt, dass die R&uuml;ckzahlungsaufforderung des Kunden damit unberechtigt ist und dass dem Kunden deshalb auch zum Ende des Jahres keine Verj&auml;hrung seiner gar nicht mehr existenten Forderung droht.<\/p>\n<p class=\"flies\">In ihrer Stellungnahme hatte die Bank betont, dass sie in der Berichterstattung nicht erkennbar gemacht werden m&ouml;chte, da es tats&auml;chlich gar keine offene Forderung des Bankkunden mehr gibt. Die Bank hatte erst recht darauf bestanden, nicht in der Berichterstattung zitiert zu werden. Gleichwohl hatte die Bank aber betont, dass sie Wert darauf legt, dass die von ihr mitgeteilten entlastenden Umst&auml;nde zu ihren Gunsten in die geplante Berichterstattung einflie&szlig;en.<\/p>\n<p class=\"flies\">Das ZDF hatte daraufhin einen abtr&auml;glichen Bericht unter Erkennbarmachung der Bank in der Sendung Frontal 21 ver&ouml;ffentlicht. Dabei hat das ZDF s&auml;mtliche die Bank entlastenden Gesichtspunkte bewusst verschwiegen. Obwohl dem Redakteur der Sendung ausdr&uuml;cklich mitgeteilt wurde, dass die Bankgeb&uuml;hr l&auml;ngst zur&uuml;ckgezahlt war und deshalb keine Verj&auml;hrung mehr drohte, erweckte das ZDF den falschen Eindruck, dass der Kunde eine noch bestehende Forderung geltend gemacht habe und dass diese nun aufgrund einer Verz&ouml;gerungstaktik der Bank drohe, zum Ende des Jahres zu verj&auml;hren.<\/p>\n<p class=\"flies\">Das Landgericht K&ouml;ln hat diese bewusst unvollst&auml;ndige Berichterstattung nun mit einstweiliger Verf&uuml;gung vom 22.12.2014, Az. 28 O 550\/14 (nicht rechtskr&auml;ftig), verboten.<\/p>\n<p class=\"flies\">Dr. Carsten Brennecke:<br \/><em>&bdquo;Wird &uuml;ber einen Umstand berichtet, der das Ansehen eines Unternehmen beeintr&auml;chtigten kann, so hat der Journalist das betroffene Unternehmen nicht nur um eine Stellungnahme zu bitten, sondern entlastende Informationen auch im Bericht zu Gunsten des Unternehmens einflie&szlig;en zu lassen. Dabei ist das Unternehmen nicht verpflichtet, eine Berichterstattung auch noch dadurch aufzuwerten, dass es entlastende Aussagen als Zitat freigibt. Auch wenn ein Unternehmen sich gegen eine Zitierung seiner entlastenden Stellungnahme ausspricht, ist der Journalist gleichwohl verpflichtet, die mitgeteilten entlastenden Informationen zu Gunsten des Unternehmens in den Bericht einflie&szlig;en zu lassen, so dass ein ausgewogener Bericht entsteht. L&auml;sst der Journalist unter Hinweis auf einen Widerspruch gegen Zitate entlastende Stellungnahmen einfach g&auml;nzlich unter den Tisch fallen, ist die Berichterstattung unzul&auml;ssig.&ldquo; <\/em><\/p>\n","protected":false},"excerpt":{"rendered":"<p>Eine deutsche Gro&szlig;bank ist mit H&Ouml;CKER erfolgreich gegen eine Berichterstattung des ZDF in der Sendung Frontal 21 vorgegangen. Das ZDF hatte dar&uuml;ber berichtet, wie die Bank die R&uuml;ckforderung einer Bearbeitungsgeb&uuml;hr f&uuml;r einen Verbraucherdarlehensvertrag durch einen Kunden handhabte. Vor dem Bericht hatte das ZDF die Bank um eine Stellungnahme zum Fall gebeten. Die Bank teilte dem [&hellip;]<\/p>\n","protected":false},"author":1,"featured_media":0,"comment_status":"closed","ping_status":"closed","sticky":false,"template":"","format":"standard","meta":{"_has_post_settings":[],"footnotes":""},"categories":[15],"tags":[],"hashtags":[],"ppma_author":[84],"class_list":["post-8470","post","type-post","status-publish","format-standard","hentry","category-news","author-hoecker_adm"],"yoast_head":"<!-- This site is optimized with the Yoast SEO Premium plugin v25.9 (Yoast SEO v27.0) - https:\/\/yoast.com\/product\/yoast-seo-premium-wordpress\/ -->\n<title>Frontal 21 erweckt bewusst falschen Eindruck \u00fcber deutsche Gro\u00dfbank: H\u00d6CKER erwirkt einstweilige Verf\u00fcgung gegen das ZDF vor dem LG K\u00f6ln. - H\u00d6CKER - der Blog<\/title>\n<meta name=\"robots\" content=\"index, follow, max-snippet:-1, max-image-preview:large, max-video-preview:-1\" \/>\n<link rel=\"canonical\" href=\"https:\/\/www.hoecker.eu\/blog\/frontal-21-erweckt-bewusst-falschen-eindruck-ueber-deutsche-grossbank-hoecker-erwirkt-einstweilige-verfuegung-gegen-das-zdf-vor-dem-lg-koeln\/\" \/>\n<meta property=\"og:locale\" content=\"de_DE\" \/>\n<meta property=\"og:type\" content=\"article\" \/>\n<meta property=\"og:title\" content=\"Frontal 21 erweckt bewusst falschen Eindruck \u00fcber deutsche Gro\u00dfbank: H\u00d6CKER erwirkt einstweilige Verf\u00fcgung gegen das ZDF vor dem LG K\u00f6ln.\" \/>\n<meta property=\"og:description\" content=\"Eine deutsche Gro&szlig;bank ist mit H&Ouml;CKER erfolgreich gegen eine Berichterstattung des ZDF in der Sendung Frontal 21 vorgegangen. Das ZDF hatte dar&uuml;ber berichtet, wie die Bank die R&uuml;ckforderung einer Bearbeitungsgeb&uuml;hr f&uuml;r einen Verbraucherdarlehensvertrag durch einen Kunden handhabte. Vor dem Bericht hatte das ZDF die Bank um eine Stellungnahme zum Fall gebeten. Die Bank teilte dem [&hellip;]\" \/>\n<meta property=\"og:url\" content=\"https:\/\/www.hoecker.eu\/blog\/frontal-21-erweckt-bewusst-falschen-eindruck-ueber-deutsche-grossbank-hoecker-erwirkt-einstweilige-verfuegung-gegen-das-zdf-vor-dem-lg-koeln\/\" \/>\n<meta property=\"og:site_name\" content=\"H\u00d6CKER - der Blog\" \/>\n<meta property=\"article:publisher\" content=\"https:\/\/www.facebook.com\/HoeckerRAe\/\" \/>\n<meta property=\"article:author\" content=\"https:\/\/www.facebook.com\/ralf.hoecker\" \/>\n<meta property=\"article:published_time\" content=\"2016-05-09T20:01:46+00:00\" \/>\n<meta property=\"article:modified_time\" content=\"2025-02-17T13:57:58+00:00\" \/>\n<meta name=\"author\" content=\"Prof. Dr. Ralf H\u00f6cker\" \/>\n<meta name=\"twitter:card\" content=\"summary_large_image\" \/>\n<meta name=\"twitter:creator\" content=\"@Ralf_Hoecker\" \/>\n<meta name=\"twitter:site\" content=\"@hoecker_rae\" \/>\n<meta name=\"twitter:label1\" content=\"Verfasst von\" \/>\n\t<meta name=\"twitter:data1\" content=\"Prof. Dr. Ralf H\u00f6cker\" \/>\n\t<meta name=\"twitter:label2\" content=\"Gesch\u00e4tzte Lesezeit\" \/>\n\t<meta name=\"twitter:data2\" content=\"2\u00a0Minuten\" \/>\n<script type=\"application\/ld+json\" class=\"yoast-schema-graph\">{\"@context\":\"https:\/\/schema.org\",\"@graph\":[{\"@type\":\"Article\",\"@id\":\"https:\/\/www.hoecker.eu\/blog\/frontal-21-erweckt-bewusst-falschen-eindruck-ueber-deutsche-grossbank-hoecker-erwirkt-einstweilige-verfuegung-gegen-das-zdf-vor-dem-lg-koeln\/#article\",\"isPartOf\":{\"@id\":\"https:\/\/www.hoecker.eu\/blog\/frontal-21-erweckt-bewusst-falschen-eindruck-ueber-deutsche-grossbank-hoecker-erwirkt-einstweilige-verfuegung-gegen-das-zdf-vor-dem-lg-koeln\/\"},\"author\":{\"name\":\"Prof. Dr. Ralf H\u00f6cker\",\"@id\":\"https:\/\/www.hoecker.eu\/blog\/#\/schema\/person\/08f95581eed0534eccd0b2438f7a1cab\"},\"headline\":\"Frontal 21 erweckt bewusst falschen Eindruck \u00fcber deutsche Gro\u00dfbank: H\u00d6CKER erwirkt einstweilige Verf\u00fcgung gegen das ZDF vor dem LG K\u00f6ln.\",\"datePublished\":\"2016-05-09T20:01:46+00:00\",\"dateModified\":\"2025-02-17T13:57:58+00:00\",\"mainEntityOfPage\":{\"@id\":\"https:\/\/www.hoecker.eu\/blog\/frontal-21-erweckt-bewusst-falschen-eindruck-ueber-deutsche-grossbank-hoecker-erwirkt-einstweilige-verfuegung-gegen-das-zdf-vor-dem-lg-koeln\/\"},\"wordCount\":489,\"publisher\":{\"@id\":\"https:\/\/www.hoecker.eu\/blog\/#organization\"},\"articleSection\":[\"News\"],\"inLanguage\":\"de\"},{\"@type\":\"WebPage\",\"@id\":\"https:\/\/www.hoecker.eu\/blog\/frontal-21-erweckt-bewusst-falschen-eindruck-ueber-deutsche-grossbank-hoecker-erwirkt-einstweilige-verfuegung-gegen-das-zdf-vor-dem-lg-koeln\/\",\"url\":\"https:\/\/www.hoecker.eu\/blog\/frontal-21-erweckt-bewusst-falschen-eindruck-ueber-deutsche-grossbank-hoecker-erwirkt-einstweilige-verfuegung-gegen-das-zdf-vor-dem-lg-koeln\/\",\"name\":\"Frontal 21 erweckt bewusst falschen Eindruck \u00fcber deutsche Gro\u00dfbank: H\u00d6CKER erwirkt einstweilige Verf\u00fcgung gegen das ZDF vor dem LG K\u00f6ln. - H\u00d6CKER - der Blog\",\"isPartOf\":{\"@id\":\"https:\/\/www.hoecker.eu\/blog\/#website\"},\"datePublished\":\"2016-05-09T20:01:46+00:00\",\"dateModified\":\"2025-02-17T13:57:58+00:00\",\"breadcrumb\":{\"@id\":\"https:\/\/www.hoecker.eu\/blog\/frontal-21-erweckt-bewusst-falschen-eindruck-ueber-deutsche-grossbank-hoecker-erwirkt-einstweilige-verfuegung-gegen-das-zdf-vor-dem-lg-koeln\/#breadcrumb\"},\"inLanguage\":\"de\",\"potentialAction\":[{\"@type\":\"ReadAction\",\"target\":[\"https:\/\/www.hoecker.eu\/blog\/frontal-21-erweckt-bewusst-falschen-eindruck-ueber-deutsche-grossbank-hoecker-erwirkt-einstweilige-verfuegung-gegen-das-zdf-vor-dem-lg-koeln\/\"]}]},{\"@type\":\"BreadcrumbList\",\"@id\":\"https:\/\/www.hoecker.eu\/blog\/frontal-21-erweckt-bewusst-falschen-eindruck-ueber-deutsche-grossbank-hoecker-erwirkt-einstweilige-verfuegung-gegen-das-zdf-vor-dem-lg-koeln\/#breadcrumb\",\"itemListElement\":[{\"@type\":\"ListItem\",\"position\":1,\"name\":\"Startseite\",\"item\":\"https:\/\/dev.hoecker.eu\/blog\/\"},{\"@type\":\"ListItem\",\"position\":2,\"name\":\"Frontal 21 erweckt bewusst falschen Eindruck \u00fcber deutsche Gro\u00dfbank: H\u00d6CKER erwirkt einstweilige Verf\u00fcgung gegen das ZDF vor dem LG K\u00f6ln.\"}]},{\"@type\":\"WebSite\",\"@id\":\"https:\/\/www.hoecker.eu\/blog\/#website\",\"url\":\"https:\/\/www.hoecker.eu\/blog\/\",\"name\":\"H\u00d6CKER - der Blog\",\"description\":\"Expertenblog f\u00fcr \u00c4u\u00dferungs-, Medien-, Marken-, Urheber- und Wettbewerbsrecht.\",\"publisher\":{\"@id\":\"https:\/\/www.hoecker.eu\/blog\/#organization\"},\"potentialAction\":[{\"@type\":\"SearchAction\",\"target\":{\"@type\":\"EntryPoint\",\"urlTemplate\":\"https:\/\/www.hoecker.eu\/blog\/?s={search_term_string}\"},\"query-input\":{\"@type\":\"PropertyValueSpecification\",\"valueRequired\":true,\"valueName\":\"search_term_string\"}}],\"inLanguage\":\"de\"},{\"@type\":\"Organization\",\"@id\":\"https:\/\/www.hoecker.eu\/blog\/#organization\",\"name\":\"H\u00d6CKER Rechtsanw\u00e4lte PartGmbB\",\"alternateName\":\"H\u00d6CKER\",\"url\":\"https:\/\/www.hoecker.eu\/blog\/\",\"logo\":{\"@type\":\"ImageObject\",\"inLanguage\":\"de\",\"@id\":\"https:\/\/www.hoecker.eu\/blog\/#\/schema\/logo\/image\/\",\"url\":\"https:\/\/www.hoecker.eu\/blog\/wp-content\/uploads\/2025\/03\/Blog-Logo.webp\",\"contentUrl\":\"https:\/\/www.hoecker.eu\/blog\/wp-content\/uploads\/2025\/03\/Blog-Logo.webp\",\"width\":500,\"height\":500,\"caption\":\"H\u00d6CKER Rechtsanw\u00e4lte PartGmbB\"},\"image\":{\"@id\":\"https:\/\/www.hoecker.eu\/blog\/#\/schema\/logo\/image\/\"},\"sameAs\":[\"https:\/\/www.facebook.com\/HoeckerRAe\/\",\"https:\/\/x.com\/hoecker_rae\",\"https:\/\/www.linkedin.com\/company\/hcker-rechtsanwlte\/\",\"https:\/\/www.instagram.com\/hoecker_rae\/\"],\"email\":\"contact@hoecker.eu\",\"telephone\":\"+ 49 (0)221-933 19-10\",\"legalName\":\"H\u00d6CKER Rechtsanw\u00e4lte PartGmbB\",\"numberOfEmployees\":{\"@type\":\"QuantitativeValue\",\"minValue\":\"11\",\"maxValue\":\"50\"}},{\"@type\":\"Person\",\"@id\":\"https:\/\/www.hoecker.eu\/blog\/#\/schema\/person\/08f95581eed0534eccd0b2438f7a1cab\",\"name\":\"Prof. Dr. Ralf H\u00f6cker\",\"description\":\"Medienanwalt. Besch\u00fctzer vor mieser Presse\",\"sameAs\":[\"https:\/\/www.hoecker.eu\/wer\/prof-dr-ralf-hoecker\",\"https:\/\/www.facebook.com\/ralf.hoecker\",\"https:\/\/www.linkedin.com\/in\/prof-dr-ralf-hcker-ll-m-london-17987826\/\",\"https:\/\/x.com\/Ralf_Hoecker\"],\"url\":\"https:\/\/www.hoecker.eu\/blog\/author\/hoecker_adm\/\"}]}<\/script>\n<!-- \/ Yoast SEO Premium plugin. -->","yoast_head_json":{"title":"Frontal 21 erweckt bewusst falschen Eindruck \u00fcber deutsche Gro\u00dfbank: H\u00d6CKER erwirkt einstweilige Verf\u00fcgung gegen das ZDF vor dem LG K\u00f6ln. - H\u00d6CKER - der Blog","robots":{"index":"index","follow":"follow","max-snippet":"max-snippet:-1","max-image-preview":"max-image-preview:large","max-video-preview":"max-video-preview:-1"},"canonical":"https:\/\/www.hoecker.eu\/blog\/frontal-21-erweckt-bewusst-falschen-eindruck-ueber-deutsche-grossbank-hoecker-erwirkt-einstweilige-verfuegung-gegen-das-zdf-vor-dem-lg-koeln\/","og_locale":"de_DE","og_type":"article","og_title":"Frontal 21 erweckt bewusst falschen Eindruck \u00fcber deutsche Gro\u00dfbank: H\u00d6CKER erwirkt einstweilige Verf\u00fcgung gegen das ZDF vor dem LG K\u00f6ln.","og_description":"Eine deutsche Gro&szlig;bank ist mit H&Ouml;CKER erfolgreich gegen eine Berichterstattung des ZDF in der Sendung Frontal 21 vorgegangen. Das ZDF hatte dar&uuml;ber berichtet, wie die Bank die R&uuml;ckforderung einer Bearbeitungsgeb&uuml;hr f&uuml;r einen Verbraucherdarlehensvertrag durch einen Kunden handhabte. Vor dem Bericht hatte das ZDF die Bank um eine Stellungnahme zum Fall gebeten. Die Bank teilte dem [&hellip;]","og_url":"https:\/\/www.hoecker.eu\/blog\/frontal-21-erweckt-bewusst-falschen-eindruck-ueber-deutsche-grossbank-hoecker-erwirkt-einstweilige-verfuegung-gegen-das-zdf-vor-dem-lg-koeln\/","og_site_name":"H\u00d6CKER - der Blog","article_publisher":"https:\/\/www.facebook.com\/HoeckerRAe\/","article_author":"https:\/\/www.facebook.com\/ralf.hoecker","article_published_time":"2016-05-09T20:01:46+00:00","article_modified_time":"2025-02-17T13:57:58+00:00","author":"Prof. Dr. Ralf H\u00f6cker","twitter_card":"summary_large_image","twitter_creator":"@Ralf_Hoecker","twitter_site":"@hoecker_rae","twitter_misc":{"Verfasst von":"Prof. Dr. Ralf H\u00f6cker","Gesch\u00e4tzte Lesezeit":"2\u00a0Minuten"},"schema":{"@context":"https:\/\/schema.org","@graph":[{"@type":"Article","@id":"https:\/\/www.hoecker.eu\/blog\/frontal-21-erweckt-bewusst-falschen-eindruck-ueber-deutsche-grossbank-hoecker-erwirkt-einstweilige-verfuegung-gegen-das-zdf-vor-dem-lg-koeln\/#article","isPartOf":{"@id":"https:\/\/www.hoecker.eu\/blog\/frontal-21-erweckt-bewusst-falschen-eindruck-ueber-deutsche-grossbank-hoecker-erwirkt-einstweilige-verfuegung-gegen-das-zdf-vor-dem-lg-koeln\/"},"author":{"name":"Prof. Dr. Ralf H\u00f6cker","@id":"https:\/\/www.hoecker.eu\/blog\/#\/schema\/person\/08f95581eed0534eccd0b2438f7a1cab"},"headline":"Frontal 21 erweckt bewusst falschen Eindruck \u00fcber deutsche Gro\u00dfbank: H\u00d6CKER erwirkt einstweilige Verf\u00fcgung gegen das ZDF vor dem LG K\u00f6ln.","datePublished":"2016-05-09T20:01:46+00:00","dateModified":"2025-02-17T13:57:58+00:00","mainEntityOfPage":{"@id":"https:\/\/www.hoecker.eu\/blog\/frontal-21-erweckt-bewusst-falschen-eindruck-ueber-deutsche-grossbank-hoecker-erwirkt-einstweilige-verfuegung-gegen-das-zdf-vor-dem-lg-koeln\/"},"wordCount":489,"publisher":{"@id":"https:\/\/www.hoecker.eu\/blog\/#organization"},"articleSection":["News"],"inLanguage":"de"},{"@type":"WebPage","@id":"https:\/\/www.hoecker.eu\/blog\/frontal-21-erweckt-bewusst-falschen-eindruck-ueber-deutsche-grossbank-hoecker-erwirkt-einstweilige-verfuegung-gegen-das-zdf-vor-dem-lg-koeln\/","url":"https:\/\/www.hoecker.eu\/blog\/frontal-21-erweckt-bewusst-falschen-eindruck-ueber-deutsche-grossbank-hoecker-erwirkt-einstweilige-verfuegung-gegen-das-zdf-vor-dem-lg-koeln\/","name":"Frontal 21 erweckt bewusst falschen Eindruck \u00fcber deutsche Gro\u00dfbank: H\u00d6CKER erwirkt einstweilige Verf\u00fcgung gegen das ZDF vor dem LG K\u00f6ln. - H\u00d6CKER - der Blog","isPartOf":{"@id":"https:\/\/www.hoecker.eu\/blog\/#website"},"datePublished":"2016-05-09T20:01:46+00:00","dateModified":"2025-02-17T13:57:58+00:00","breadcrumb":{"@id":"https:\/\/www.hoecker.eu\/blog\/frontal-21-erweckt-bewusst-falschen-eindruck-ueber-deutsche-grossbank-hoecker-erwirkt-einstweilige-verfuegung-gegen-das-zdf-vor-dem-lg-koeln\/#breadcrumb"},"inLanguage":"de","potentialAction":[{"@type":"ReadAction","target":["https:\/\/www.hoecker.eu\/blog\/frontal-21-erweckt-bewusst-falschen-eindruck-ueber-deutsche-grossbank-hoecker-erwirkt-einstweilige-verfuegung-gegen-das-zdf-vor-dem-lg-koeln\/"]}]},{"@type":"BreadcrumbList","@id":"https:\/\/www.hoecker.eu\/blog\/frontal-21-erweckt-bewusst-falschen-eindruck-ueber-deutsche-grossbank-hoecker-erwirkt-einstweilige-verfuegung-gegen-das-zdf-vor-dem-lg-koeln\/#breadcrumb","itemListElement":[{"@type":"ListItem","position":1,"name":"Startseite","item":"https:\/\/dev.hoecker.eu\/blog\/"},{"@type":"ListItem","position":2,"name":"Frontal 21 erweckt bewusst falschen Eindruck \u00fcber deutsche Gro\u00dfbank: H\u00d6CKER erwirkt einstweilige Verf\u00fcgung gegen das ZDF vor dem LG K\u00f6ln."}]},{"@type":"WebSite","@id":"https:\/\/www.hoecker.eu\/blog\/#website","url":"https:\/\/www.hoecker.eu\/blog\/","name":"H\u00d6CKER - der Blog","description":"Expertenblog f\u00fcr \u00c4u\u00dferungs-, Medien-, Marken-, Urheber- und Wettbewerbsrecht.","publisher":{"@id":"https:\/\/www.hoecker.eu\/blog\/#organization"},"potentialAction":[{"@type":"SearchAction","target":{"@type":"EntryPoint","urlTemplate":"https:\/\/www.hoecker.eu\/blog\/?s={search_term_string}"},"query-input":{"@type":"PropertyValueSpecification","valueRequired":true,"valueName":"search_term_string"}}],"inLanguage":"de"},{"@type":"Organization","@id":"https:\/\/www.hoecker.eu\/blog\/#organization","name":"H\u00d6CKER Rechtsanw\u00e4lte PartGmbB","alternateName":"H\u00d6CKER","url":"https:\/\/www.hoecker.eu\/blog\/","logo":{"@type":"ImageObject","inLanguage":"de","@id":"https:\/\/www.hoecker.eu\/blog\/#\/schema\/logo\/image\/","url":"https:\/\/www.hoecker.eu\/blog\/wp-content\/uploads\/2025\/03\/Blog-Logo.webp","contentUrl":"https:\/\/www.hoecker.eu\/blog\/wp-content\/uploads\/2025\/03\/Blog-Logo.webp","width":500,"height":500,"caption":"H\u00d6CKER Rechtsanw\u00e4lte PartGmbB"},"image":{"@id":"https:\/\/www.hoecker.eu\/blog\/#\/schema\/logo\/image\/"},"sameAs":["https:\/\/www.facebook.com\/HoeckerRAe\/","https:\/\/x.com\/hoecker_rae","https:\/\/www.linkedin.com\/company\/hcker-rechtsanwlte\/","https:\/\/www.instagram.com\/hoecker_rae\/"],"email":"contact@hoecker.eu","telephone":"+ 49 (0)221-933 19-10","legalName":"H\u00d6CKER Rechtsanw\u00e4lte PartGmbB","numberOfEmployees":{"@type":"QuantitativeValue","minValue":"11","maxValue":"50"}},{"@type":"Person","@id":"https:\/\/www.hoecker.eu\/blog\/#\/schema\/person\/08f95581eed0534eccd0b2438f7a1cab","name":"Prof. Dr. Ralf H\u00f6cker","description":"Medienanwalt. Besch\u00fctzer vor mieser Presse","sameAs":["https:\/\/www.hoecker.eu\/wer\/prof-dr-ralf-hoecker","https:\/\/www.facebook.com\/ralf.hoecker","https:\/\/www.linkedin.com\/in\/prof-dr-ralf-hcker-ll-m-london-17987826\/","https:\/\/x.com\/Ralf_Hoecker"],"url":"https:\/\/www.hoecker.eu\/blog\/author\/hoecker_adm\/"}]}},"authors":[{"term_id":84,"user_id":1,"is_guest":0,"slug":"hoecker_adm","display_name":"Prof. Dr. Ralf H\u00f6cker","avatar_url":{"url":"https:\/\/www.hoecker.eu\/blog\/wp-content\/uploads\/2023\/12\/ProfDrRalfHoecker.jpg","url2x":"https:\/\/www.hoecker.eu\/blog\/wp-content\/uploads\/2023\/12\/ProfDrRalfHoecker.jpg"},"0":null,"1":"","2":"","3":"","4":"","5":"","6":"","7":"","8":"","9":"","10":"","11":""}],"_links":{"self":[{"href":"https:\/\/www.hoecker.eu\/blog\/wp-json\/wp\/v2\/posts\/8470","targetHints":{"allow":["GET"]}}],"collection":[{"href":"https:\/\/www.hoecker.eu\/blog\/wp-json\/wp\/v2\/posts"}],"about":[{"href":"https:\/\/www.hoecker.eu\/blog\/wp-json\/wp\/v2\/types\/post"}],"author":[{"embeddable":true,"href":"https:\/\/www.hoecker.eu\/blog\/wp-json\/wp\/v2\/users\/1"}],"replies":[{"embeddable":true,"href":"https:\/\/www.hoecker.eu\/blog\/wp-json\/wp\/v2\/comments?post=8470"}],"version-history":[{"count":1,"href":"https:\/\/www.hoecker.eu\/blog\/wp-json\/wp\/v2\/posts\/8470\/revisions"}],"predecessor-version":[{"id":9592,"href":"https:\/\/www.hoecker.eu\/blog\/wp-json\/wp\/v2\/posts\/8470\/revisions\/9592"}],"wp:attachment":[{"href":"https:\/\/www.hoecker.eu\/blog\/wp-json\/wp\/v2\/media?parent=8470"}],"wp:term":[{"taxonomy":"category","embeddable":true,"href":"https:\/\/www.hoecker.eu\/blog\/wp-json\/wp\/v2\/categories?post=8470"},{"taxonomy":"post_tag","embeddable":true,"href":"https:\/\/www.hoecker.eu\/blog\/wp-json\/wp\/v2\/tags?post=8470"},{"taxonomy":"hashtags","embeddable":true,"href":"https:\/\/www.hoecker.eu\/blog\/wp-json\/wp\/v2\/hashtags?post=8470"},{"taxonomy":"author","embeddable":true,"href":"https:\/\/www.hoecker.eu\/blog\/wp-json\/wp\/v2\/ppma_author?post=8470"}],"curies":[{"name":"wp","href":"https:\/\/api.w.org\/{rel}","templated":true}]}}