{"id":8469,"date":"2016-05-09T22:02:00","date_gmt":"2016-05-09T20:02:00","guid":{"rendered":"https:\/\/www.hoecker.eu\/blog\/dr-ruben-engel-wird-partner-der-kanzlei-hoecker\/"},"modified":"2025-02-17T14:57:58","modified_gmt":"2025-02-17T13:57:58","slug":"dr-ruben-engel-wird-partner-der-kanzlei-hoecker","status":"publish","type":"post","link":"https:\/\/www.hoecker.eu\/blog\/dr-ruben-engel-wird-partner-der-kanzlei-hoecker\/","title":{"rendered":"Dr. Ruben Engel wird Partner der Kanzlei H\u00d6CKER."},"content":{"rendered":"<p><span class=\"flies\">Mit Wirkung zum 01.01.2015 hat H\u00d6CKER Herrn RA Dr. Ruben Engel nach f\u00fcnfj\u00e4hriger T\u00e4tigkeit als angestellter Rechtsanwalt der Kanzlei zum Partner ernannt.<\/span><\/p>\n<p><span class=\"flies\">Herr Dr. Engel war bereits als Referendar f\u00fcr H\u00d6CKER t\u00e4tig. Seine Anwaltslaufbahn begann er 2008 bei einer Heidelberger Wirtschaftsrechtskanzlei. Parallel promovierte er zu einem wettbewerbsrechtlichen Thema (&#8220;Die lauterkeitsrechtliche Zul\u00e4ssigkeit der \u00f6ffentlichen Werbung juristischer Repetitorien in Deutschland&#8221;). Bei H\u00d6CKER <\/span><span class=\"flies\">f\u00fchrt RA Dr. Engel ein schwerpunktm\u00e4\u00dfig presserechtliches Dezernat, das auch im Marken- und Wettbewerbsrecht ber\u00e4t.<\/span><\/p>\n","protected":false},"excerpt":{"rendered":"<p>Mit Wirkung zum 01.01.2015 hat H\u00d6CKER Herrn RA Dr. Ruben Engel nach f\u00fcnfj\u00e4hriger T\u00e4tigkeit als angestellter Rechtsanwalt der Kanzlei zum Partner ernannt. Herr Dr. Engel war bereits als Referendar f\u00fcr H\u00d6CKER t\u00e4tig. Seine Anwaltslaufbahn begann er 2008 bei einer Heidelberger Wirtschaftsrechtskanzlei. Parallel promovierte er zu einem wettbewerbsrechtlichen Thema (&#8220;Die lauterkeitsrechtliche Zul\u00e4ssigkeit der \u00f6ffentlichen Werbung juristischer [&hellip;]<\/p>\n","protected":false},"author":1,"featured_media":0,"comment_status":"closed","ping_status":"closed","sticky":false,"template":"","format":"standard","meta":{"_has_post_settings":[],"footnotes":""},"categories":[15],"tags":[],"hashtags":[],"ppma_author":[84],"class_list":["post-8469","post","type-post","status-publish","format-standard","hentry","category-news","author-hoecker_adm"],"yoast_head":"<!-- This site is optimized with the Yoast SEO Premium plugin v25.9 (Yoast SEO v27.0) - https:\/\/yoast.com\/product\/yoast-seo-premium-wordpress\/ -->\n<title>Dr. Ruben Engel wird Partner der Kanzlei H\u00d6CKER. - H\u00d6CKER - der Blog<\/title>\n<meta name=\"robots\" content=\"index, follow, max-snippet:-1, max-image-preview:large, max-video-preview:-1\" \/>\n<link rel=\"canonical\" href=\"https:\/\/www.hoecker.eu\/blog\/dr-ruben-engel-wird-partner-der-kanzlei-hoecker\/\" \/>\n<meta property=\"og:locale\" content=\"de_DE\" \/>\n<meta property=\"og:type\" content=\"article\" \/>\n<meta property=\"og:title\" content=\"Dr. Ruben Engel wird Partner der Kanzlei H\u00d6CKER.\" \/>\n<meta property=\"og:description\" content=\"Mit Wirkung zum 01.01.2015 hat H\u00d6CKER Herrn RA Dr. Ruben Engel nach f\u00fcnfj\u00e4hriger T\u00e4tigkeit als angestellter Rechtsanwalt der Kanzlei zum Partner ernannt. Herr Dr. Engel war bereits als Referendar f\u00fcr H\u00d6CKER t\u00e4tig. Seine Anwaltslaufbahn begann er 2008 bei einer Heidelberger Wirtschaftsrechtskanzlei. Parallel promovierte er zu einem wettbewerbsrechtlichen Thema (&#8220;Die lauterkeitsrechtliche Zul\u00e4ssigkeit der \u00f6ffentlichen Werbung juristischer [&hellip;]\" \/>\n<meta property=\"og:url\" content=\"https:\/\/www.hoecker.eu\/blog\/dr-ruben-engel-wird-partner-der-kanzlei-hoecker\/\" \/>\n<meta property=\"og:site_name\" content=\"H\u00d6CKER - der Blog\" \/>\n<meta property=\"article:publisher\" content=\"https:\/\/www.facebook.com\/HoeckerRAe\/\" \/>\n<meta property=\"article:author\" content=\"https:\/\/www.facebook.com\/ralf.hoecker\" \/>\n<meta property=\"article:published_time\" content=\"2016-05-09T20:02:00+00:00\" \/>\n<meta property=\"article:modified_time\" content=\"2025-02-17T13:57:58+00:00\" \/>\n<meta name=\"author\" content=\"Prof. Dr. Ralf H\u00f6cker\" \/>\n<meta name=\"twitter:card\" content=\"summary_large_image\" \/>\n<meta name=\"twitter:creator\" content=\"@Ralf_Hoecker\" \/>\n<meta name=\"twitter:site\" content=\"@hoecker_rae\" \/>\n<meta name=\"twitter:label1\" content=\"Verfasst von\" \/>\n\t<meta name=\"twitter:data1\" content=\"Prof. Dr. Ralf H\u00f6cker\" \/>\n<script type=\"application\/ld+json\" class=\"yoast-schema-graph\">{\"@context\":\"https:\/\/schema.org\",\"@graph\":[{\"@type\":\"Article\",\"@id\":\"https:\/\/www.hoecker.eu\/blog\/dr-ruben-engel-wird-partner-der-kanzlei-hoecker\/#article\",\"isPartOf\":{\"@id\":\"https:\/\/www.hoecker.eu\/blog\/dr-ruben-engel-wird-partner-der-kanzlei-hoecker\/\"},\"author\":{\"name\":\"Prof. Dr. Ralf H\u00f6cker\",\"@id\":\"https:\/\/www.hoecker.eu\/blog\/#\/schema\/person\/08f95581eed0534eccd0b2438f7a1cab\"},\"headline\":\"Dr. Ruben Engel wird Partner der Kanzlei H\u00d6CKER.\",\"datePublished\":\"2016-05-09T20:02:00+00:00\",\"dateModified\":\"2025-02-17T13:57:58+00:00\",\"mainEntityOfPage\":{\"@id\":\"https:\/\/www.hoecker.eu\/blog\/dr-ruben-engel-wird-partner-der-kanzlei-hoecker\/\"},\"wordCount\":94,\"publisher\":{\"@id\":\"https:\/\/www.hoecker.eu\/blog\/#organization\"},\"articleSection\":[\"News\"],\"inLanguage\":\"de\"},{\"@type\":\"WebPage\",\"@id\":\"https:\/\/www.hoecker.eu\/blog\/dr-ruben-engel-wird-partner-der-kanzlei-hoecker\/\",\"url\":\"https:\/\/www.hoecker.eu\/blog\/dr-ruben-engel-wird-partner-der-kanzlei-hoecker\/\",\"name\":\"Dr. Ruben Engel wird Partner der Kanzlei H\u00d6CKER. - H\u00d6CKER - der Blog\",\"isPartOf\":{\"@id\":\"https:\/\/www.hoecker.eu\/blog\/#website\"},\"datePublished\":\"2016-05-09T20:02:00+00:00\",\"dateModified\":\"2025-02-17T13:57:58+00:00\",\"breadcrumb\":{\"@id\":\"https:\/\/www.hoecker.eu\/blog\/dr-ruben-engel-wird-partner-der-kanzlei-hoecker\/#breadcrumb\"},\"inLanguage\":\"de\",\"potentialAction\":[{\"@type\":\"ReadAction\",\"target\":[\"https:\/\/www.hoecker.eu\/blog\/dr-ruben-engel-wird-partner-der-kanzlei-hoecker\/\"]}]},{\"@type\":\"BreadcrumbList\",\"@id\":\"https:\/\/www.hoecker.eu\/blog\/dr-ruben-engel-wird-partner-der-kanzlei-hoecker\/#breadcrumb\",\"itemListElement\":[{\"@type\":\"ListItem\",\"position\":1,\"name\":\"Startseite\",\"item\":\"https:\/\/dev.hoecker.eu\/blog\/\"},{\"@type\":\"ListItem\",\"position\":2,\"name\":\"Dr. Ruben Engel wird Partner der Kanzlei H\u00d6CKER.\"}]},{\"@type\":\"WebSite\",\"@id\":\"https:\/\/www.hoecker.eu\/blog\/#website\",\"url\":\"https:\/\/www.hoecker.eu\/blog\/\",\"name\":\"H\u00d6CKER - der Blog\",\"description\":\"Expertenblog f\u00fcr \u00c4u\u00dferungs-, Medien-, Marken-, Urheber- und Wettbewerbsrecht.\",\"publisher\":{\"@id\":\"https:\/\/www.hoecker.eu\/blog\/#organization\"},\"potentialAction\":[{\"@type\":\"SearchAction\",\"target\":{\"@type\":\"EntryPoint\",\"urlTemplate\":\"https:\/\/www.hoecker.eu\/blog\/?s={search_term_string}\"},\"query-input\":{\"@type\":\"PropertyValueSpecification\",\"valueRequired\":true,\"valueName\":\"search_term_string\"}}],\"inLanguage\":\"de\"},{\"@type\":\"Organization\",\"@id\":\"https:\/\/www.hoecker.eu\/blog\/#organization\",\"name\":\"H\u00d6CKER Rechtsanw\u00e4lte PartGmbB\",\"alternateName\":\"H\u00d6CKER\",\"url\":\"https:\/\/www.hoecker.eu\/blog\/\",\"logo\":{\"@type\":\"ImageObject\",\"inLanguage\":\"de\",\"@id\":\"https:\/\/www.hoecker.eu\/blog\/#\/schema\/logo\/image\/\",\"url\":\"https:\/\/www.hoecker.eu\/blog\/wp-content\/uploads\/2025\/03\/Blog-Logo.webp\",\"contentUrl\":\"https:\/\/www.hoecker.eu\/blog\/wp-content\/uploads\/2025\/03\/Blog-Logo.webp\",\"width\":500,\"height\":500,\"caption\":\"H\u00d6CKER Rechtsanw\u00e4lte PartGmbB\"},\"image\":{\"@id\":\"https:\/\/www.hoecker.eu\/blog\/#\/schema\/logo\/image\/\"},\"sameAs\":[\"https:\/\/www.facebook.com\/HoeckerRAe\/\",\"https:\/\/x.com\/hoecker_rae\",\"https:\/\/www.linkedin.com\/company\/hcker-rechtsanwlte\/\",\"https:\/\/www.instagram.com\/hoecker_rae\/\"],\"email\":\"contact@hoecker.eu\",\"telephone\":\"+ 49 (0)221-933 19-10\",\"legalName\":\"H\u00d6CKER Rechtsanw\u00e4lte PartGmbB\",\"numberOfEmployees\":{\"@type\":\"QuantitativeValue\",\"minValue\":\"11\",\"maxValue\":\"50\"}},{\"@type\":\"Person\",\"@id\":\"https:\/\/www.hoecker.eu\/blog\/#\/schema\/person\/08f95581eed0534eccd0b2438f7a1cab\",\"name\":\"Prof. Dr. Ralf H\u00f6cker\",\"description\":\"Medienanwalt. Besch\u00fctzer vor mieser Presse\",\"sameAs\":[\"https:\/\/www.hoecker.eu\/wer\/prof-dr-ralf-hoecker\",\"https:\/\/www.facebook.com\/ralf.hoecker\",\"https:\/\/www.linkedin.com\/in\/prof-dr-ralf-hcker-ll-m-london-17987826\/\",\"https:\/\/x.com\/Ralf_Hoecker\"],\"url\":\"https:\/\/www.hoecker.eu\/blog\/author\/hoecker_adm\/\"}]}<\/script>\n<!-- \/ Yoast SEO Premium plugin. -->","yoast_head_json":{"title":"Dr. Ruben Engel wird Partner der Kanzlei H\u00d6CKER. - H\u00d6CKER - der Blog","robots":{"index":"index","follow":"follow","max-snippet":"max-snippet:-1","max-image-preview":"max-image-preview:large","max-video-preview":"max-video-preview:-1"},"canonical":"https:\/\/www.hoecker.eu\/blog\/dr-ruben-engel-wird-partner-der-kanzlei-hoecker\/","og_locale":"de_DE","og_type":"article","og_title":"Dr. Ruben Engel wird Partner der Kanzlei H\u00d6CKER.","og_description":"Mit Wirkung zum 01.01.2015 hat H\u00d6CKER Herrn RA Dr. Ruben Engel nach f\u00fcnfj\u00e4hriger T\u00e4tigkeit als angestellter Rechtsanwalt der Kanzlei zum Partner ernannt. Herr Dr. Engel war bereits als Referendar f\u00fcr H\u00d6CKER t\u00e4tig. Seine Anwaltslaufbahn begann er 2008 bei einer Heidelberger Wirtschaftsrechtskanzlei. Parallel promovierte er zu einem wettbewerbsrechtlichen Thema (&#8220;Die lauterkeitsrechtliche Zul\u00e4ssigkeit der \u00f6ffentlichen Werbung juristischer [&hellip;]","og_url":"https:\/\/www.hoecker.eu\/blog\/dr-ruben-engel-wird-partner-der-kanzlei-hoecker\/","og_site_name":"H\u00d6CKER - der Blog","article_publisher":"https:\/\/www.facebook.com\/HoeckerRAe\/","article_author":"https:\/\/www.facebook.com\/ralf.hoecker","article_published_time":"2016-05-09T20:02:00+00:00","article_modified_time":"2025-02-17T13:57:58+00:00","author":"Prof. Dr. Ralf H\u00f6cker","twitter_card":"summary_large_image","twitter_creator":"@Ralf_Hoecker","twitter_site":"@hoecker_rae","twitter_misc":{"Verfasst von":"Prof. Dr. Ralf H\u00f6cker"},"schema":{"@context":"https:\/\/schema.org","@graph":[{"@type":"Article","@id":"https:\/\/www.hoecker.eu\/blog\/dr-ruben-engel-wird-partner-der-kanzlei-hoecker\/#article","isPartOf":{"@id":"https:\/\/www.hoecker.eu\/blog\/dr-ruben-engel-wird-partner-der-kanzlei-hoecker\/"},"author":{"name":"Prof. Dr. Ralf H\u00f6cker","@id":"https:\/\/www.hoecker.eu\/blog\/#\/schema\/person\/08f95581eed0534eccd0b2438f7a1cab"},"headline":"Dr. Ruben Engel wird Partner der Kanzlei H\u00d6CKER.","datePublished":"2016-05-09T20:02:00+00:00","dateModified":"2025-02-17T13:57:58+00:00","mainEntityOfPage":{"@id":"https:\/\/www.hoecker.eu\/blog\/dr-ruben-engel-wird-partner-der-kanzlei-hoecker\/"},"wordCount":94,"publisher":{"@id":"https:\/\/www.hoecker.eu\/blog\/#organization"},"articleSection":["News"],"inLanguage":"de"},{"@type":"WebPage","@id":"https:\/\/www.hoecker.eu\/blog\/dr-ruben-engel-wird-partner-der-kanzlei-hoecker\/","url":"https:\/\/www.hoecker.eu\/blog\/dr-ruben-engel-wird-partner-der-kanzlei-hoecker\/","name":"Dr. Ruben Engel wird Partner der Kanzlei H\u00d6CKER. - H\u00d6CKER - der Blog","isPartOf":{"@id":"https:\/\/www.hoecker.eu\/blog\/#website"},"datePublished":"2016-05-09T20:02:00+00:00","dateModified":"2025-02-17T13:57:58+00:00","breadcrumb":{"@id":"https:\/\/www.hoecker.eu\/blog\/dr-ruben-engel-wird-partner-der-kanzlei-hoecker\/#breadcrumb"},"inLanguage":"de","potentialAction":[{"@type":"ReadAction","target":["https:\/\/www.hoecker.eu\/blog\/dr-ruben-engel-wird-partner-der-kanzlei-hoecker\/"]}]},{"@type":"BreadcrumbList","@id":"https:\/\/www.hoecker.eu\/blog\/dr-ruben-engel-wird-partner-der-kanzlei-hoecker\/#breadcrumb","itemListElement":[{"@type":"ListItem","position":1,"name":"Startseite","item":"https:\/\/dev.hoecker.eu\/blog\/"},{"@type":"ListItem","position":2,"name":"Dr. Ruben Engel wird Partner der Kanzlei H\u00d6CKER."}]},{"@type":"WebSite","@id":"https:\/\/www.hoecker.eu\/blog\/#website","url":"https:\/\/www.hoecker.eu\/blog\/","name":"H\u00d6CKER - der Blog","description":"Expertenblog f\u00fcr \u00c4u\u00dferungs-, Medien-, Marken-, Urheber- und Wettbewerbsrecht.","publisher":{"@id":"https:\/\/www.hoecker.eu\/blog\/#organization"},"potentialAction":[{"@type":"SearchAction","target":{"@type":"EntryPoint","urlTemplate":"https:\/\/www.hoecker.eu\/blog\/?s={search_term_string}"},"query-input":{"@type":"PropertyValueSpecification","valueRequired":true,"valueName":"search_term_string"}}],"inLanguage":"de"},{"@type":"Organization","@id":"https:\/\/www.hoecker.eu\/blog\/#organization","name":"H\u00d6CKER Rechtsanw\u00e4lte PartGmbB","alternateName":"H\u00d6CKER","url":"https:\/\/www.hoecker.eu\/blog\/","logo":{"@type":"ImageObject","inLanguage":"de","@id":"https:\/\/www.hoecker.eu\/blog\/#\/schema\/logo\/image\/","url":"https:\/\/www.hoecker.eu\/blog\/wp-content\/uploads\/2025\/03\/Blog-Logo.webp","contentUrl":"https:\/\/www.hoecker.eu\/blog\/wp-content\/uploads\/2025\/03\/Blog-Logo.webp","width":500,"height":500,"caption":"H\u00d6CKER Rechtsanw\u00e4lte PartGmbB"},"image":{"@id":"https:\/\/www.hoecker.eu\/blog\/#\/schema\/logo\/image\/"},"sameAs":["https:\/\/www.facebook.com\/HoeckerRAe\/","https:\/\/x.com\/hoecker_rae","https:\/\/www.linkedin.com\/company\/hcker-rechtsanwlte\/","https:\/\/www.instagram.com\/hoecker_rae\/"],"email":"contact@hoecker.eu","telephone":"+ 49 (0)221-933 19-10","legalName":"H\u00d6CKER Rechtsanw\u00e4lte PartGmbB","numberOfEmployees":{"@type":"QuantitativeValue","minValue":"11","maxValue":"50"}},{"@type":"Person","@id":"https:\/\/www.hoecker.eu\/blog\/#\/schema\/person\/08f95581eed0534eccd0b2438f7a1cab","name":"Prof. Dr. Ralf H\u00f6cker","description":"Medienanwalt. Besch\u00fctzer vor mieser Presse","sameAs":["https:\/\/www.hoecker.eu\/wer\/prof-dr-ralf-hoecker","https:\/\/www.facebook.com\/ralf.hoecker","https:\/\/www.linkedin.com\/in\/prof-dr-ralf-hcker-ll-m-london-17987826\/","https:\/\/x.com\/Ralf_Hoecker"],"url":"https:\/\/www.hoecker.eu\/blog\/author\/hoecker_adm\/"}]}},"authors":[{"term_id":84,"user_id":1,"is_guest":0,"slug":"hoecker_adm","display_name":"Prof. Dr. Ralf H\u00f6cker","avatar_url":{"url":"https:\/\/www.hoecker.eu\/blog\/wp-content\/uploads\/2023\/12\/ProfDrRalfHoecker.jpg","url2x":"https:\/\/www.hoecker.eu\/blog\/wp-content\/uploads\/2023\/12\/ProfDrRalfHoecker.jpg"},"0":null,"1":"","2":"","3":"","4":"","5":"","6":"","7":"","8":"","9":"","10":"","11":""}],"_links":{"self":[{"href":"https:\/\/www.hoecker.eu\/blog\/wp-json\/wp\/v2\/posts\/8469","targetHints":{"allow":["GET"]}}],"collection":[{"href":"https:\/\/www.hoecker.eu\/blog\/wp-json\/wp\/v2\/posts"}],"about":[{"href":"https:\/\/www.hoecker.eu\/blog\/wp-json\/wp\/v2\/types\/post"}],"author":[{"embeddable":true,"href":"https:\/\/www.hoecker.eu\/blog\/wp-json\/wp\/v2\/users\/1"}],"replies":[{"embeddable":true,"href":"https:\/\/www.hoecker.eu\/blog\/wp-json\/wp\/v2\/comments?post=8469"}],"version-history":[{"count":1,"href":"https:\/\/www.hoecker.eu\/blog\/wp-json\/wp\/v2\/posts\/8469\/revisions"}],"predecessor-version":[{"id":9591,"href":"https:\/\/www.hoecker.eu\/blog\/wp-json\/wp\/v2\/posts\/8469\/revisions\/9591"}],"wp:attachment":[{"href":"https:\/\/www.hoecker.eu\/blog\/wp-json\/wp\/v2\/media?parent=8469"}],"wp:term":[{"taxonomy":"category","embeddable":true,"href":"https:\/\/www.hoecker.eu\/blog\/wp-json\/wp\/v2\/categories?post=8469"},{"taxonomy":"post_tag","embeddable":true,"href":"https:\/\/www.hoecker.eu\/blog\/wp-json\/wp\/v2\/tags?post=8469"},{"taxonomy":"hashtags","embeddable":true,"href":"https:\/\/www.hoecker.eu\/blog\/wp-json\/wp\/v2\/hashtags?post=8469"},{"taxonomy":"author","embeddable":true,"href":"https:\/\/www.hoecker.eu\/blog\/wp-json\/wp\/v2\/ppma_author?post=8469"}],"curies":[{"name":"wp","href":"https:\/\/api.w.org\/{rel}","templated":true}]}}