{"id":8453,"date":"2016-05-09T22:24:44","date_gmt":"2016-05-09T20:24:44","guid":{"rendered":"https:\/\/www.hoecker.eu\/blog\/keine-zurechnung-von-bildherstellung-a-hoecker-fuer-tierschutzverein-erneut-erfolgreich-gegen-agrarverlag\/"},"modified":"2025-02-17T14:57:48","modified_gmt":"2025-02-17T13:57:48","slug":"keine-zurechnung-von-bildherstellung-a-hoecker-fuer-tierschutzverein-erneut-erfolgreich-gegen-agrarverlag","status":"publish","type":"post","link":"https:\/\/www.hoecker.eu\/blog\/keine-zurechnung-von-bildherstellung-a-hoecker-fuer-tierschutzverein-erneut-erfolgreich-gegen-agrarverlag\/","title":{"rendered":"Keine Zurechnung von Bildherstellung \u00c0\u201c H\u00d6CKER f\u00fcr Tierschutzverein erneut erfolgreich gegen Agrarverlag."},"content":{"rendered":"<p><span class=\"flies\"><strong><\/strong>H&Ouml;CKER ist f&uuml;r das Deutsche Tierschutzb&uuml;ro erneut erfolgreich gegen den Versuch der Landwirtschaftsverlag GmbH vorgegangen, die Tierschutzorganisation durch die Verbreitung unzutreffender Vorw&uuml;rfe zu kriminalisieren. <\/span><\/p>\n<p class=\"flies\">Nachdem die Kanzlei bereits im Jahr 2014 im vorl&auml;ufigen Rechtsschutz vor dem Landgericht K&ouml;ln (28 O 67\/14) und Oberlandesgericht K&ouml;ln (15 U 117\/14) ein Verbot gegen die unwahre Behauptung erwirkt hatte, dass Vertreter des Vereins daf&uuml;r bekannt seien, regelm&auml;&szlig;ig in Tierst&auml;lle einzubrechen, legte der Verlag j&uuml;ngst nach. Er warf dem Verein unter anderem vor, es geh&ouml;re zu dessen Gesch&auml;ftsmodell, Bilder tierschutzwidriger Zust&auml;nde zu generieren, die er selbst herbeigef&uuml;hrt habe und machte ihn f&uuml;r den Tod einer Legehenne verantwortlich, die angeblich in Folge der Herstellung von Filmaufnahmen in einer Stallung der H&ouml;nig-Hof GmbH aus Baden-W&uuml;rttemberg verendet sei.<\/p>\n<p><span class=\"flies\"> <\/span><\/p>\n<p class=\"flies\">F&uuml;r die anerkannte Tierschutzorganisatin, die sich in jeder Hinsicht von militanten Tierrechtsaktivisten distanziert, sind derartige Vorw&uuml;rfe existenzgef&auml;hrdend, weshalb sie erneut die K&ouml;lner Medienrechtskanzlei einschaltete. Das Landgericht M&uuml;nster verbot dem Verlag auf deren Antrag hin die weitere Verbreitung der entsprechenden &Auml;u&szlig;erungen mit Verf&uuml;gungsurteil vom 08.07.2015 &ndash; 012 O 187\/15 (nicht rechtskr&auml;ftig). Es stellte dabei unter anderem fest, dass Mitglieder des Vereins den Hof, der Anlass f&uuml;r die Berichterstattung gewesen sei, nie betreten h&auml;tten. Der Verein habe lediglich Aufnahmen von dem Hof verbreitet, diese aber nicht selbst hergestellt.<\/p>\n<p><span class=\"flies\"> <\/span><\/p>\n<p class=\"flies\">Das Gericht folgte mit seiner Entscheidung damit im Ergebnis auch der Auffassung von H&Ouml;CKER, dass sich der Verbreiter von Aufnahmen allenfalls deren Inhalt zurechnen lassen m&uuml;sse, regelm&auml;&szlig;ig aber nicht die Umst&auml;nde ihrer Herstellung. Das muss nach Auffassung der Medienrechtsanw&auml;lte aus K&ouml;ln vor allem auch dann gelten, wenn die Aufnahmen &ndash; wie hier &ndash; keinen vern&uuml;nftigen R&uuml;ckschluss darauf zulassen, dass der im Zusammenhang mit der Herstellung der Aufnahmen erhobene Vorwurf zutreffen k&ouml;nnte.<\/p>\n<p><span class=\"flies\"> <\/span><\/p>\n<p class=\"flies\">Dr. Sven Dierkes:<\/p>\n<p class=\"flies\">&bdquo;<em>Es geh&ouml;rt zum &uuml;blichen Repertoire von Agrar-Lobbyisten, kritisch berichtenden Tierschutzorganisationen die dokumentierten Missst&auml;nde in die Schuhe zu schieben und diese pauschal in die Ecke militanter Tierrechtsaktivisten zu stellen. Derartige Nebelkerzen haben mit seri&ouml;sem Journalismus jedoch nichts verloren. Sie sind &uuml;berdies unzul&auml;ssig, wenn sie auf unhaltbaren Vorw&uuml;rfen basieren. Das gilt auch f&uuml;r die hier fragliche Berichterstattung durch den Landwirtschaftsverlag. Dieser hat unseren Mandanten f&uuml;r den Tod einer Legehenne verantwortlich gemacht, obgleich dessen Mitglieder den Stall des Tieres nicht einmal betreten haben. Die Aufnahmen aus dem Stall belegen unserer Auffassung nach &uuml;berdies, dass sich das angeblich get&ouml;tete Huhn offensichtlich an der Aufh&auml;ngung einer fehlenden Sitzstange verfangen hat, mithin einem Missstand der Stallung zum Opfer gefallen ist. Dass es durch das Filmteam in den Tod getrieben wurde, d&uuml;rfte dagegen vorrangig eine Schutzbehauptung des Stallbetreibers sein, der offensichtlich von Defekten an seiner Anlage ablenken m&ouml;chte.<\/em><\/p>\n","protected":false},"excerpt":{"rendered":"<p>H&Ouml;CKER ist f&uuml;r das Deutsche Tierschutzb&uuml;ro erneut erfolgreich gegen den Versuch der Landwirtschaftsverlag GmbH vorgegangen, die Tierschutzorganisation durch die Verbreitung unzutreffender Vorw&uuml;rfe zu kriminalisieren. Nachdem die Kanzlei bereits im Jahr 2014 im vorl&auml;ufigen Rechtsschutz vor dem Landgericht K&ouml;ln (28 O 67\/14) und Oberlandesgericht K&ouml;ln (15 U 117\/14) ein Verbot gegen die unwahre Behauptung erwirkt hatte, [&hellip;]<\/p>\n","protected":false},"author":1,"featured_media":0,"comment_status":"closed","ping_status":"closed","sticky":false,"template":"","format":"standard","meta":{"_has_post_settings":[],"footnotes":""},"categories":[15],"tags":[],"hashtags":[],"ppma_author":[84],"class_list":["post-8453","post","type-post","status-publish","format-standard","hentry","category-news","author-hoecker_adm"],"yoast_head":"<!-- This site is optimized with the Yoast SEO Premium plugin v25.9 (Yoast SEO v27.0) - https:\/\/yoast.com\/product\/yoast-seo-premium-wordpress\/ -->\n<title>Keine Zurechnung von Bildherstellung \u00c0\u201c H\u00d6CKER f\u00fcr Tierschutzverein erneut erfolgreich gegen Agrarverlag. - H\u00d6CKER - der Blog<\/title>\n<meta name=\"robots\" content=\"index, follow, max-snippet:-1, max-image-preview:large, max-video-preview:-1\" \/>\n<link rel=\"canonical\" href=\"https:\/\/www.hoecker.eu\/blog\/keine-zurechnung-von-bildherstellung-a-hoecker-fuer-tierschutzverein-erneut-erfolgreich-gegen-agrarverlag\/\" \/>\n<meta property=\"og:locale\" content=\"de_DE\" \/>\n<meta property=\"og:type\" content=\"article\" \/>\n<meta property=\"og:title\" content=\"Keine Zurechnung von Bildherstellung \u00c0\u201c H\u00d6CKER f\u00fcr Tierschutzverein erneut erfolgreich gegen Agrarverlag.\" \/>\n<meta property=\"og:description\" content=\"H&Ouml;CKER ist f&uuml;r das Deutsche Tierschutzb&uuml;ro erneut erfolgreich gegen den Versuch der Landwirtschaftsverlag GmbH vorgegangen, die Tierschutzorganisation durch die Verbreitung unzutreffender Vorw&uuml;rfe zu kriminalisieren. Nachdem die Kanzlei bereits im Jahr 2014 im vorl&auml;ufigen Rechtsschutz vor dem Landgericht K&ouml;ln (28 O 67\/14) und Oberlandesgericht K&ouml;ln (15 U 117\/14) ein Verbot gegen die unwahre Behauptung erwirkt hatte, [&hellip;]\" \/>\n<meta property=\"og:url\" content=\"https:\/\/www.hoecker.eu\/blog\/keine-zurechnung-von-bildherstellung-a-hoecker-fuer-tierschutzverein-erneut-erfolgreich-gegen-agrarverlag\/\" \/>\n<meta property=\"og:site_name\" content=\"H\u00d6CKER - der Blog\" \/>\n<meta property=\"article:publisher\" content=\"https:\/\/www.facebook.com\/HoeckerRAe\/\" \/>\n<meta property=\"article:author\" content=\"https:\/\/www.facebook.com\/ralf.hoecker\" \/>\n<meta property=\"article:published_time\" content=\"2016-05-09T20:24:44+00:00\" \/>\n<meta property=\"article:modified_time\" content=\"2025-02-17T13:57:48+00:00\" \/>\n<meta name=\"author\" content=\"Prof. Dr. Ralf H\u00f6cker\" \/>\n<meta name=\"twitter:card\" content=\"summary_large_image\" \/>\n<meta name=\"twitter:creator\" content=\"@Ralf_Hoecker\" \/>\n<meta name=\"twitter:site\" content=\"@hoecker_rae\" \/>\n<meta name=\"twitter:label1\" content=\"Verfasst von\" \/>\n\t<meta name=\"twitter:data1\" content=\"Prof. Dr. Ralf H\u00f6cker\" \/>\n\t<meta name=\"twitter:label2\" content=\"Gesch\u00e4tzte Lesezeit\" \/>\n\t<meta name=\"twitter:data2\" content=\"3\u00a0Minuten\" \/>\n<script type=\"application\/ld+json\" class=\"yoast-schema-graph\">{\"@context\":\"https:\/\/schema.org\",\"@graph\":[{\"@type\":\"Article\",\"@id\":\"https:\/\/www.hoecker.eu\/blog\/keine-zurechnung-von-bildherstellung-a-hoecker-fuer-tierschutzverein-erneut-erfolgreich-gegen-agrarverlag\/#article\",\"isPartOf\":{\"@id\":\"https:\/\/www.hoecker.eu\/blog\/keine-zurechnung-von-bildherstellung-a-hoecker-fuer-tierschutzverein-erneut-erfolgreich-gegen-agrarverlag\/\"},\"author\":{\"name\":\"Prof. Dr. Ralf H\u00f6cker\",\"@id\":\"https:\/\/www.hoecker.eu\/blog\/#\/schema\/person\/08f95581eed0534eccd0b2438f7a1cab\"},\"headline\":\"Keine Zurechnung von Bildherstellung \u00c0\u201c H\u00d6CKER f\u00fcr Tierschutzverein erneut erfolgreich gegen Agrarverlag.\",\"datePublished\":\"2016-05-09T20:24:44+00:00\",\"dateModified\":\"2025-02-17T13:57:48+00:00\",\"mainEntityOfPage\":{\"@id\":\"https:\/\/www.hoecker.eu\/blog\/keine-zurechnung-von-bildherstellung-a-hoecker-fuer-tierschutzverein-erneut-erfolgreich-gegen-agrarverlag\/\"},\"wordCount\":529,\"publisher\":{\"@id\":\"https:\/\/www.hoecker.eu\/blog\/#organization\"},\"articleSection\":[\"News\"],\"inLanguage\":\"de\"},{\"@type\":\"WebPage\",\"@id\":\"https:\/\/www.hoecker.eu\/blog\/keine-zurechnung-von-bildherstellung-a-hoecker-fuer-tierschutzverein-erneut-erfolgreich-gegen-agrarverlag\/\",\"url\":\"https:\/\/www.hoecker.eu\/blog\/keine-zurechnung-von-bildherstellung-a-hoecker-fuer-tierschutzverein-erneut-erfolgreich-gegen-agrarverlag\/\",\"name\":\"Keine Zurechnung von Bildherstellung \u00c0\u201c H\u00d6CKER f\u00fcr Tierschutzverein erneut erfolgreich gegen Agrarverlag. - H\u00d6CKER - der Blog\",\"isPartOf\":{\"@id\":\"https:\/\/www.hoecker.eu\/blog\/#website\"},\"datePublished\":\"2016-05-09T20:24:44+00:00\",\"dateModified\":\"2025-02-17T13:57:48+00:00\",\"breadcrumb\":{\"@id\":\"https:\/\/www.hoecker.eu\/blog\/keine-zurechnung-von-bildherstellung-a-hoecker-fuer-tierschutzverein-erneut-erfolgreich-gegen-agrarverlag\/#breadcrumb\"},\"inLanguage\":\"de\",\"potentialAction\":[{\"@type\":\"ReadAction\",\"target\":[\"https:\/\/www.hoecker.eu\/blog\/keine-zurechnung-von-bildherstellung-a-hoecker-fuer-tierschutzverein-erneut-erfolgreich-gegen-agrarverlag\/\"]}]},{\"@type\":\"BreadcrumbList\",\"@id\":\"https:\/\/www.hoecker.eu\/blog\/keine-zurechnung-von-bildherstellung-a-hoecker-fuer-tierschutzverein-erneut-erfolgreich-gegen-agrarverlag\/#breadcrumb\",\"itemListElement\":[{\"@type\":\"ListItem\",\"position\":1,\"name\":\"Startseite\",\"item\":\"https:\/\/dev.hoecker.eu\/blog\/\"},{\"@type\":\"ListItem\",\"position\":2,\"name\":\"Keine Zurechnung von Bildherstellung \u00c0\u201c H\u00d6CKER f\u00fcr Tierschutzverein erneut erfolgreich gegen Agrarverlag.\"}]},{\"@type\":\"WebSite\",\"@id\":\"https:\/\/www.hoecker.eu\/blog\/#website\",\"url\":\"https:\/\/www.hoecker.eu\/blog\/\",\"name\":\"H\u00d6CKER - der Blog\",\"description\":\"Expertenblog f\u00fcr \u00c4u\u00dferungs-, Medien-, Marken-, Urheber- und Wettbewerbsrecht.\",\"publisher\":{\"@id\":\"https:\/\/www.hoecker.eu\/blog\/#organization\"},\"potentialAction\":[{\"@type\":\"SearchAction\",\"target\":{\"@type\":\"EntryPoint\",\"urlTemplate\":\"https:\/\/www.hoecker.eu\/blog\/?s={search_term_string}\"},\"query-input\":{\"@type\":\"PropertyValueSpecification\",\"valueRequired\":true,\"valueName\":\"search_term_string\"}}],\"inLanguage\":\"de\"},{\"@type\":\"Organization\",\"@id\":\"https:\/\/www.hoecker.eu\/blog\/#organization\",\"name\":\"H\u00d6CKER Rechtsanw\u00e4lte PartGmbB\",\"alternateName\":\"H\u00d6CKER\",\"url\":\"https:\/\/www.hoecker.eu\/blog\/\",\"logo\":{\"@type\":\"ImageObject\",\"inLanguage\":\"de\",\"@id\":\"https:\/\/www.hoecker.eu\/blog\/#\/schema\/logo\/image\/\",\"url\":\"https:\/\/www.hoecker.eu\/blog\/wp-content\/uploads\/2025\/03\/Blog-Logo.webp\",\"contentUrl\":\"https:\/\/www.hoecker.eu\/blog\/wp-content\/uploads\/2025\/03\/Blog-Logo.webp\",\"width\":500,\"height\":500,\"caption\":\"H\u00d6CKER Rechtsanw\u00e4lte PartGmbB\"},\"image\":{\"@id\":\"https:\/\/www.hoecker.eu\/blog\/#\/schema\/logo\/image\/\"},\"sameAs\":[\"https:\/\/www.facebook.com\/HoeckerRAe\/\",\"https:\/\/x.com\/hoecker_rae\",\"https:\/\/www.linkedin.com\/company\/hcker-rechtsanwlte\/\",\"https:\/\/www.instagram.com\/hoecker_rae\/\"],\"email\":\"contact@hoecker.eu\",\"telephone\":\"+ 49 (0)221-933 19-10\",\"legalName\":\"H\u00d6CKER Rechtsanw\u00e4lte PartGmbB\",\"numberOfEmployees\":{\"@type\":\"QuantitativeValue\",\"minValue\":\"11\",\"maxValue\":\"50\"}},{\"@type\":\"Person\",\"@id\":\"https:\/\/www.hoecker.eu\/blog\/#\/schema\/person\/08f95581eed0534eccd0b2438f7a1cab\",\"name\":\"Prof. Dr. Ralf H\u00f6cker\",\"description\":\"Medienanwalt. Besch\u00fctzer vor mieser Presse\",\"sameAs\":[\"https:\/\/www.hoecker.eu\/wer\/prof-dr-ralf-hoecker\",\"https:\/\/www.facebook.com\/ralf.hoecker\",\"https:\/\/www.linkedin.com\/in\/prof-dr-ralf-hcker-ll-m-london-17987826\/\",\"https:\/\/x.com\/Ralf_Hoecker\"],\"url\":\"https:\/\/www.hoecker.eu\/blog\/author\/hoecker_adm\/\"}]}<\/script>\n<!-- \/ Yoast SEO Premium plugin. -->","yoast_head_json":{"title":"Keine Zurechnung von Bildherstellung \u00c0\u201c H\u00d6CKER f\u00fcr Tierschutzverein erneut erfolgreich gegen Agrarverlag. - H\u00d6CKER - der Blog","robots":{"index":"index","follow":"follow","max-snippet":"max-snippet:-1","max-image-preview":"max-image-preview:large","max-video-preview":"max-video-preview:-1"},"canonical":"https:\/\/www.hoecker.eu\/blog\/keine-zurechnung-von-bildherstellung-a-hoecker-fuer-tierschutzverein-erneut-erfolgreich-gegen-agrarverlag\/","og_locale":"de_DE","og_type":"article","og_title":"Keine Zurechnung von Bildherstellung \u00c0\u201c H\u00d6CKER f\u00fcr Tierschutzverein erneut erfolgreich gegen Agrarverlag.","og_description":"H&Ouml;CKER ist f&uuml;r das Deutsche Tierschutzb&uuml;ro erneut erfolgreich gegen den Versuch der Landwirtschaftsverlag GmbH vorgegangen, die Tierschutzorganisation durch die Verbreitung unzutreffender Vorw&uuml;rfe zu kriminalisieren. Nachdem die Kanzlei bereits im Jahr 2014 im vorl&auml;ufigen Rechtsschutz vor dem Landgericht K&ouml;ln (28 O 67\/14) und Oberlandesgericht K&ouml;ln (15 U 117\/14) ein Verbot gegen die unwahre Behauptung erwirkt hatte, [&hellip;]","og_url":"https:\/\/www.hoecker.eu\/blog\/keine-zurechnung-von-bildherstellung-a-hoecker-fuer-tierschutzverein-erneut-erfolgreich-gegen-agrarverlag\/","og_site_name":"H\u00d6CKER - der Blog","article_publisher":"https:\/\/www.facebook.com\/HoeckerRAe\/","article_author":"https:\/\/www.facebook.com\/ralf.hoecker","article_published_time":"2016-05-09T20:24:44+00:00","article_modified_time":"2025-02-17T13:57:48+00:00","author":"Prof. Dr. Ralf H\u00f6cker","twitter_card":"summary_large_image","twitter_creator":"@Ralf_Hoecker","twitter_site":"@hoecker_rae","twitter_misc":{"Verfasst von":"Prof. Dr. Ralf H\u00f6cker","Gesch\u00e4tzte Lesezeit":"3\u00a0Minuten"},"schema":{"@context":"https:\/\/schema.org","@graph":[{"@type":"Article","@id":"https:\/\/www.hoecker.eu\/blog\/keine-zurechnung-von-bildherstellung-a-hoecker-fuer-tierschutzverein-erneut-erfolgreich-gegen-agrarverlag\/#article","isPartOf":{"@id":"https:\/\/www.hoecker.eu\/blog\/keine-zurechnung-von-bildherstellung-a-hoecker-fuer-tierschutzverein-erneut-erfolgreich-gegen-agrarverlag\/"},"author":{"name":"Prof. Dr. Ralf H\u00f6cker","@id":"https:\/\/www.hoecker.eu\/blog\/#\/schema\/person\/08f95581eed0534eccd0b2438f7a1cab"},"headline":"Keine Zurechnung von Bildherstellung \u00c0\u201c H\u00d6CKER f\u00fcr Tierschutzverein erneut erfolgreich gegen Agrarverlag.","datePublished":"2016-05-09T20:24:44+00:00","dateModified":"2025-02-17T13:57:48+00:00","mainEntityOfPage":{"@id":"https:\/\/www.hoecker.eu\/blog\/keine-zurechnung-von-bildherstellung-a-hoecker-fuer-tierschutzverein-erneut-erfolgreich-gegen-agrarverlag\/"},"wordCount":529,"publisher":{"@id":"https:\/\/www.hoecker.eu\/blog\/#organization"},"articleSection":["News"],"inLanguage":"de"},{"@type":"WebPage","@id":"https:\/\/www.hoecker.eu\/blog\/keine-zurechnung-von-bildherstellung-a-hoecker-fuer-tierschutzverein-erneut-erfolgreich-gegen-agrarverlag\/","url":"https:\/\/www.hoecker.eu\/blog\/keine-zurechnung-von-bildherstellung-a-hoecker-fuer-tierschutzverein-erneut-erfolgreich-gegen-agrarverlag\/","name":"Keine Zurechnung von Bildherstellung \u00c0\u201c H\u00d6CKER f\u00fcr Tierschutzverein erneut erfolgreich gegen Agrarverlag. - H\u00d6CKER - der Blog","isPartOf":{"@id":"https:\/\/www.hoecker.eu\/blog\/#website"},"datePublished":"2016-05-09T20:24:44+00:00","dateModified":"2025-02-17T13:57:48+00:00","breadcrumb":{"@id":"https:\/\/www.hoecker.eu\/blog\/keine-zurechnung-von-bildherstellung-a-hoecker-fuer-tierschutzverein-erneut-erfolgreich-gegen-agrarverlag\/#breadcrumb"},"inLanguage":"de","potentialAction":[{"@type":"ReadAction","target":["https:\/\/www.hoecker.eu\/blog\/keine-zurechnung-von-bildherstellung-a-hoecker-fuer-tierschutzverein-erneut-erfolgreich-gegen-agrarverlag\/"]}]},{"@type":"BreadcrumbList","@id":"https:\/\/www.hoecker.eu\/blog\/keine-zurechnung-von-bildherstellung-a-hoecker-fuer-tierschutzverein-erneut-erfolgreich-gegen-agrarverlag\/#breadcrumb","itemListElement":[{"@type":"ListItem","position":1,"name":"Startseite","item":"https:\/\/dev.hoecker.eu\/blog\/"},{"@type":"ListItem","position":2,"name":"Keine Zurechnung von Bildherstellung \u00c0\u201c H\u00d6CKER f\u00fcr Tierschutzverein erneut erfolgreich gegen Agrarverlag."}]},{"@type":"WebSite","@id":"https:\/\/www.hoecker.eu\/blog\/#website","url":"https:\/\/www.hoecker.eu\/blog\/","name":"H\u00d6CKER - der Blog","description":"Expertenblog f\u00fcr \u00c4u\u00dferungs-, Medien-, Marken-, Urheber- und Wettbewerbsrecht.","publisher":{"@id":"https:\/\/www.hoecker.eu\/blog\/#organization"},"potentialAction":[{"@type":"SearchAction","target":{"@type":"EntryPoint","urlTemplate":"https:\/\/www.hoecker.eu\/blog\/?s={search_term_string}"},"query-input":{"@type":"PropertyValueSpecification","valueRequired":true,"valueName":"search_term_string"}}],"inLanguage":"de"},{"@type":"Organization","@id":"https:\/\/www.hoecker.eu\/blog\/#organization","name":"H\u00d6CKER Rechtsanw\u00e4lte PartGmbB","alternateName":"H\u00d6CKER","url":"https:\/\/www.hoecker.eu\/blog\/","logo":{"@type":"ImageObject","inLanguage":"de","@id":"https:\/\/www.hoecker.eu\/blog\/#\/schema\/logo\/image\/","url":"https:\/\/www.hoecker.eu\/blog\/wp-content\/uploads\/2025\/03\/Blog-Logo.webp","contentUrl":"https:\/\/www.hoecker.eu\/blog\/wp-content\/uploads\/2025\/03\/Blog-Logo.webp","width":500,"height":500,"caption":"H\u00d6CKER Rechtsanw\u00e4lte PartGmbB"},"image":{"@id":"https:\/\/www.hoecker.eu\/blog\/#\/schema\/logo\/image\/"},"sameAs":["https:\/\/www.facebook.com\/HoeckerRAe\/","https:\/\/x.com\/hoecker_rae","https:\/\/www.linkedin.com\/company\/hcker-rechtsanwlte\/","https:\/\/www.instagram.com\/hoecker_rae\/"],"email":"contact@hoecker.eu","telephone":"+ 49 (0)221-933 19-10","legalName":"H\u00d6CKER Rechtsanw\u00e4lte PartGmbB","numberOfEmployees":{"@type":"QuantitativeValue","minValue":"11","maxValue":"50"}},{"@type":"Person","@id":"https:\/\/www.hoecker.eu\/blog\/#\/schema\/person\/08f95581eed0534eccd0b2438f7a1cab","name":"Prof. Dr. Ralf H\u00f6cker","description":"Medienanwalt. Besch\u00fctzer vor mieser Presse","sameAs":["https:\/\/www.hoecker.eu\/wer\/prof-dr-ralf-hoecker","https:\/\/www.facebook.com\/ralf.hoecker","https:\/\/www.linkedin.com\/in\/prof-dr-ralf-hcker-ll-m-london-17987826\/","https:\/\/x.com\/Ralf_Hoecker"],"url":"https:\/\/www.hoecker.eu\/blog\/author\/hoecker_adm\/"}]}},"authors":[{"term_id":84,"user_id":1,"is_guest":0,"slug":"hoecker_adm","display_name":"Prof. Dr. Ralf H\u00f6cker","avatar_url":{"url":"https:\/\/www.hoecker.eu\/blog\/wp-content\/uploads\/2023\/12\/ProfDrRalfHoecker.jpg","url2x":"https:\/\/www.hoecker.eu\/blog\/wp-content\/uploads\/2023\/12\/ProfDrRalfHoecker.jpg"},"0":null,"1":"","2":"","3":"","4":"","5":"","6":"","7":"","8":"","9":"","10":"","11":""}],"_links":{"self":[{"href":"https:\/\/www.hoecker.eu\/blog\/wp-json\/wp\/v2\/posts\/8453","targetHints":{"allow":["GET"]}}],"collection":[{"href":"https:\/\/www.hoecker.eu\/blog\/wp-json\/wp\/v2\/posts"}],"about":[{"href":"https:\/\/www.hoecker.eu\/blog\/wp-json\/wp\/v2\/types\/post"}],"author":[{"embeddable":true,"href":"https:\/\/www.hoecker.eu\/blog\/wp-json\/wp\/v2\/users\/1"}],"replies":[{"embeddable":true,"href":"https:\/\/www.hoecker.eu\/blog\/wp-json\/wp\/v2\/comments?post=8453"}],"version-history":[{"count":1,"href":"https:\/\/www.hoecker.eu\/blog\/wp-json\/wp\/v2\/posts\/8453\/revisions"}],"predecessor-version":[{"id":9575,"href":"https:\/\/www.hoecker.eu\/blog\/wp-json\/wp\/v2\/posts\/8453\/revisions\/9575"}],"wp:attachment":[{"href":"https:\/\/www.hoecker.eu\/blog\/wp-json\/wp\/v2\/media?parent=8453"}],"wp:term":[{"taxonomy":"category","embeddable":true,"href":"https:\/\/www.hoecker.eu\/blog\/wp-json\/wp\/v2\/categories?post=8453"},{"taxonomy":"post_tag","embeddable":true,"href":"https:\/\/www.hoecker.eu\/blog\/wp-json\/wp\/v2\/tags?post=8453"},{"taxonomy":"hashtags","embeddable":true,"href":"https:\/\/www.hoecker.eu\/blog\/wp-json\/wp\/v2\/hashtags?post=8453"},{"taxonomy":"author","embeddable":true,"href":"https:\/\/www.hoecker.eu\/blog\/wp-json\/wp\/v2\/ppma_author?post=8453"}],"curies":[{"name":"wp","href":"https:\/\/api.w.org\/{rel}","templated":true}]}}