{"id":8452,"date":"2016-05-09T22:25:29","date_gmt":"2016-05-09T20:25:29","guid":{"rendered":"https:\/\/www.hoecker.eu\/blog\/geldentschaedigung-hoecker-fuer-moderator-daniel-hartwich-erfolgreich-gegen-die-exclusive-und-neue-woche\/"},"modified":"2025-02-17T14:57:47","modified_gmt":"2025-02-17T13:57:47","slug":"geldentschaedigung-hoecker-fuer-moderator-daniel-hartwich-erfolgreich-gegen-die-exclusive-und-neue-woche","status":"publish","type":"post","link":"https:\/\/www.hoecker.eu\/blog\/geldentschaedigung-hoecker-fuer-moderator-daniel-hartwich-erfolgreich-gegen-die-exclusive-und-neue-woche\/","title":{"rendered":"Geldentsch\u00e4digung &#8211; H\u00d6CKER f\u00fcr Moderator Daniel Hartwich erfolgreich gegen die exclusive! und Neue Woche."},"content":{"rendered":"<p><strong><em><\/em><\/strong><span class=\"flies\">Daniel Hartwich und seine Frau haben sich mit H&Ouml;CKER erfolgreich gegen die Verbreitung von Paparazzi-Aufnahmen durch den M.I.G. Verlag (M.I.G. Medien Innovation GmbH) zur Wehr gesetzt. <\/span><\/p>\n<p class=\"flies\">Der Verlag hatte sich bereits im Sp&auml;tsommer 2014 dazu verpflichtet, ein Foto nicht mehr zu verbreiten, auf dem der Moderator mit seiner Frau bei einem Spaziergang in den K&ouml;lner Rheinauen abgebildet war. Gleichwohl ver&ouml;ffentlichte der Verlag im Januar 2015 erneut Aufnahmen, die Hartwich und seine Frau in erkennbar privaten Situationen zeigen.<\/p>\n<p><span class=\"flies\"> <\/span><\/p>\n<p class=\"flies\">Daniel Hartwich und seine Frau sahen darin nicht nur deswegen einen erheblichen Eingriff in ihre Pers&ouml;nlichkeitsrechte, weil zwei der abgebildeten Fotos die Frau des Moderators mit dem gemeinsamen Kind auf dem Arm zeigten. Als belastend empfanden sie vor allem auch die mit der Erstellung der Fotos verbundene Nachstellung durch Paparazzi. Sie forderten den Verlag daher nicht nur zur Unterlassung auf, sondern auch zur Zahlung einer angemessenen Geldentsch&auml;digung.<\/p>\n<p><span class=\"flies\"> <\/span><\/p>\n<p class=\"flies\">Der M.I.G. Verlag lehnte eine solche Zahlung ab. Schlie&szlig;lich sei Hartwich eine bekannte Person. Die &Ouml;ffentlichkeit habe ein Interesse daran, Dinge aus dessen Privat- und Familienleben zu erfahren. Sonderlich hartn&auml;ckig seien die Verletzungen auch nicht gewesen.<\/p>\n<p><span class=\"flies\"> <\/span><\/p>\n<p class=\"flies\">Das Landgericht K&ouml;ln sah das anders und verurteilte den zur Burda Medien Gruppe geh&ouml;renden Verlag am 22.07.2015 (28 O 80\/15) zur Zahlung einer Geldentsch&auml;digung.<\/p>\n<p><span class=\"flies\"> <\/span><\/p>\n<p class=\"flies\">Das Gericht folgte mit seiner (noch nicht rechtskr&auml;ftigen) Entscheidung der Auffassung von Hartwichs Anw&auml;lten. Diese hatten vor allem geltend gemacht, dass der Moderator und seine Frau vor der Verbreitung von Fotos zu sch&uuml;tzen seien, die offensichtlich nur durch ein gezieltes Nachstellen entstanden sein konnten und an denen kein erkennbares Berichterstattungsinteresse bestehe. Es sei unzumutbar, st&auml;ndig mit der Angst leben zu m&uuml;ssen, heimlich von Paparazzi abgelichtet zu werden. Herr Hartwich und seine Frau m&uuml;ssten sich &ndash; vor allem auch zum Wohle ihres Kindes &#8211; privat so ungezwungen bewegen k&ouml;nnen, wie jede andere Familie auch.<\/p>\n<p><span class=\"flies\"> <\/span><\/p>\n<p class=\"flies\">Rechtsanwalt Dr. Sven Dierkes:<br \/><em>Auch Prominente haben ein Recht auf Privatheit. Gerade wenn sie ihr Privatleben sch&uuml;tzen, m&uuml;ssen sie es nicht hinnehmen, dass dieses r&uuml;cksichtslos und zur Befriedigung der Neugier an privaten Dingen zum Gegenstand der &ouml;ffentlichen Berichterstattung gemacht wird. Dies gilt selbstverst&auml;ndlich auch f&uuml;r Partner von Prominenten und insbesondere dann, wenn durch die Berichterstattung die besonders gesch&uuml;tzte Eltern-Kind-Beziehung betroffen ist. Wir hoffen daher, dass andere Verlage das begr&uuml;&szlig;enswert deutliche Urteil des Landgerichts K&ouml;ln als Signal verstehen, die Privatsph&auml;re unseres Mandanten und seiner Familie k&uuml;nftig in jeder Hinsicht zu respektieren.<\/em><\/p>\n","protected":false},"excerpt":{"rendered":"<p>Daniel Hartwich und seine Frau haben sich mit H&Ouml;CKER erfolgreich gegen die Verbreitung von Paparazzi-Aufnahmen durch den M.I.G. Verlag (M.I.G. Medien Innovation GmbH) zur Wehr gesetzt. Der Verlag hatte sich bereits im Sp&auml;tsommer 2014 dazu verpflichtet, ein Foto nicht mehr zu verbreiten, auf dem der Moderator mit seiner Frau bei einem Spaziergang in den K&ouml;lner [&hellip;]<\/p>\n","protected":false},"author":1,"featured_media":0,"comment_status":"closed","ping_status":"closed","sticky":false,"template":"","format":"standard","meta":{"_has_post_settings":[],"footnotes":""},"categories":[15],"tags":[],"hashtags":[],"ppma_author":[84],"class_list":["post-8452","post","type-post","status-publish","format-standard","hentry","category-news","author-hoecker_adm"],"yoast_head":"<!-- This site is optimized with the Yoast SEO Premium plugin v25.9 (Yoast SEO v27.0) - https:\/\/yoast.com\/product\/yoast-seo-premium-wordpress\/ -->\n<title>Geldentsch\u00e4digung - H\u00d6CKER f\u00fcr Moderator Daniel Hartwich erfolgreich gegen die exclusive! und Neue Woche. - H\u00d6CKER - der Blog<\/title>\n<meta name=\"robots\" content=\"index, follow, max-snippet:-1, max-image-preview:large, max-video-preview:-1\" \/>\n<link rel=\"canonical\" href=\"https:\/\/www.hoecker.eu\/blog\/geldentschaedigung-hoecker-fuer-moderator-daniel-hartwich-erfolgreich-gegen-die-exclusive-und-neue-woche\/\" \/>\n<meta property=\"og:locale\" content=\"de_DE\" \/>\n<meta property=\"og:type\" content=\"article\" \/>\n<meta property=\"og:title\" content=\"Geldentsch\u00e4digung - H\u00d6CKER f\u00fcr Moderator Daniel Hartwich erfolgreich gegen die exclusive! und Neue Woche.\" \/>\n<meta property=\"og:description\" content=\"Daniel Hartwich und seine Frau haben sich mit H&Ouml;CKER erfolgreich gegen die Verbreitung von Paparazzi-Aufnahmen durch den M.I.G. Verlag (M.I.G. Medien Innovation GmbH) zur Wehr gesetzt. Der Verlag hatte sich bereits im Sp&auml;tsommer 2014 dazu verpflichtet, ein Foto nicht mehr zu verbreiten, auf dem der Moderator mit seiner Frau bei einem Spaziergang in den K&ouml;lner [&hellip;]\" \/>\n<meta property=\"og:url\" content=\"https:\/\/www.hoecker.eu\/blog\/geldentschaedigung-hoecker-fuer-moderator-daniel-hartwich-erfolgreich-gegen-die-exclusive-und-neue-woche\/\" \/>\n<meta property=\"og:site_name\" content=\"H\u00d6CKER - der Blog\" \/>\n<meta property=\"article:publisher\" content=\"https:\/\/www.facebook.com\/HoeckerRAe\/\" \/>\n<meta property=\"article:author\" content=\"https:\/\/www.facebook.com\/ralf.hoecker\" \/>\n<meta property=\"article:published_time\" content=\"2016-05-09T20:25:29+00:00\" \/>\n<meta property=\"article:modified_time\" content=\"2025-02-17T13:57:47+00:00\" \/>\n<meta name=\"author\" content=\"Prof. Dr. Ralf H\u00f6cker\" \/>\n<meta name=\"twitter:card\" content=\"summary_large_image\" \/>\n<meta name=\"twitter:creator\" content=\"@Ralf_Hoecker\" \/>\n<meta name=\"twitter:site\" content=\"@hoecker_rae\" \/>\n<meta name=\"twitter:label1\" content=\"Verfasst von\" \/>\n\t<meta name=\"twitter:data1\" content=\"Prof. Dr. Ralf H\u00f6cker\" \/>\n\t<meta name=\"twitter:label2\" content=\"Gesch\u00e4tzte Lesezeit\" \/>\n\t<meta name=\"twitter:data2\" content=\"2\u00a0Minuten\" \/>\n<script type=\"application\/ld+json\" class=\"yoast-schema-graph\">{\"@context\":\"https:\/\/schema.org\",\"@graph\":[{\"@type\":\"Article\",\"@id\":\"https:\/\/www.hoecker.eu\/blog\/geldentschaedigung-hoecker-fuer-moderator-daniel-hartwich-erfolgreich-gegen-die-exclusive-und-neue-woche\/#article\",\"isPartOf\":{\"@id\":\"https:\/\/www.hoecker.eu\/blog\/geldentschaedigung-hoecker-fuer-moderator-daniel-hartwich-erfolgreich-gegen-die-exclusive-und-neue-woche\/\"},\"author\":{\"name\":\"Prof. Dr. Ralf H\u00f6cker\",\"@id\":\"https:\/\/www.hoecker.eu\/blog\/#\/schema\/person\/08f95581eed0534eccd0b2438f7a1cab\"},\"headline\":\"Geldentsch\u00e4digung &#8211; H\u00d6CKER f\u00fcr Moderator Daniel Hartwich erfolgreich gegen die exclusive! und Neue Woche.\",\"datePublished\":\"2016-05-09T20:25:29+00:00\",\"dateModified\":\"2025-02-17T13:57:47+00:00\",\"mainEntityOfPage\":{\"@id\":\"https:\/\/www.hoecker.eu\/blog\/geldentschaedigung-hoecker-fuer-moderator-daniel-hartwich-erfolgreich-gegen-die-exclusive-und-neue-woche\/\"},\"wordCount\":464,\"publisher\":{\"@id\":\"https:\/\/www.hoecker.eu\/blog\/#organization\"},\"articleSection\":[\"News\"],\"inLanguage\":\"de\"},{\"@type\":\"WebPage\",\"@id\":\"https:\/\/www.hoecker.eu\/blog\/geldentschaedigung-hoecker-fuer-moderator-daniel-hartwich-erfolgreich-gegen-die-exclusive-und-neue-woche\/\",\"url\":\"https:\/\/www.hoecker.eu\/blog\/geldentschaedigung-hoecker-fuer-moderator-daniel-hartwich-erfolgreich-gegen-die-exclusive-und-neue-woche\/\",\"name\":\"Geldentsch\u00e4digung - H\u00d6CKER f\u00fcr Moderator Daniel Hartwich erfolgreich gegen die exclusive! und Neue Woche. - H\u00d6CKER - der Blog\",\"isPartOf\":{\"@id\":\"https:\/\/www.hoecker.eu\/blog\/#website\"},\"datePublished\":\"2016-05-09T20:25:29+00:00\",\"dateModified\":\"2025-02-17T13:57:47+00:00\",\"breadcrumb\":{\"@id\":\"https:\/\/www.hoecker.eu\/blog\/geldentschaedigung-hoecker-fuer-moderator-daniel-hartwich-erfolgreich-gegen-die-exclusive-und-neue-woche\/#breadcrumb\"},\"inLanguage\":\"de\",\"potentialAction\":[{\"@type\":\"ReadAction\",\"target\":[\"https:\/\/www.hoecker.eu\/blog\/geldentschaedigung-hoecker-fuer-moderator-daniel-hartwich-erfolgreich-gegen-die-exclusive-und-neue-woche\/\"]}]},{\"@type\":\"BreadcrumbList\",\"@id\":\"https:\/\/www.hoecker.eu\/blog\/geldentschaedigung-hoecker-fuer-moderator-daniel-hartwich-erfolgreich-gegen-die-exclusive-und-neue-woche\/#breadcrumb\",\"itemListElement\":[{\"@type\":\"ListItem\",\"position\":1,\"name\":\"Startseite\",\"item\":\"https:\/\/dev.hoecker.eu\/blog\/\"},{\"@type\":\"ListItem\",\"position\":2,\"name\":\"Geldentsch\u00e4digung &#8211; H\u00d6CKER f\u00fcr Moderator Daniel Hartwich erfolgreich gegen die exclusive! und Neue Woche.\"}]},{\"@type\":\"WebSite\",\"@id\":\"https:\/\/www.hoecker.eu\/blog\/#website\",\"url\":\"https:\/\/www.hoecker.eu\/blog\/\",\"name\":\"H\u00d6CKER - der Blog\",\"description\":\"Expertenblog f\u00fcr \u00c4u\u00dferungs-, Medien-, Marken-, Urheber- und Wettbewerbsrecht.\",\"publisher\":{\"@id\":\"https:\/\/www.hoecker.eu\/blog\/#organization\"},\"potentialAction\":[{\"@type\":\"SearchAction\",\"target\":{\"@type\":\"EntryPoint\",\"urlTemplate\":\"https:\/\/www.hoecker.eu\/blog\/?s={search_term_string}\"},\"query-input\":{\"@type\":\"PropertyValueSpecification\",\"valueRequired\":true,\"valueName\":\"search_term_string\"}}],\"inLanguage\":\"de\"},{\"@type\":\"Organization\",\"@id\":\"https:\/\/www.hoecker.eu\/blog\/#organization\",\"name\":\"H\u00d6CKER Rechtsanw\u00e4lte PartGmbB\",\"alternateName\":\"H\u00d6CKER\",\"url\":\"https:\/\/www.hoecker.eu\/blog\/\",\"logo\":{\"@type\":\"ImageObject\",\"inLanguage\":\"de\",\"@id\":\"https:\/\/www.hoecker.eu\/blog\/#\/schema\/logo\/image\/\",\"url\":\"https:\/\/www.hoecker.eu\/blog\/wp-content\/uploads\/2025\/03\/Blog-Logo.webp\",\"contentUrl\":\"https:\/\/www.hoecker.eu\/blog\/wp-content\/uploads\/2025\/03\/Blog-Logo.webp\",\"width\":500,\"height\":500,\"caption\":\"H\u00d6CKER Rechtsanw\u00e4lte PartGmbB\"},\"image\":{\"@id\":\"https:\/\/www.hoecker.eu\/blog\/#\/schema\/logo\/image\/\"},\"sameAs\":[\"https:\/\/www.facebook.com\/HoeckerRAe\/\",\"https:\/\/x.com\/hoecker_rae\",\"https:\/\/www.linkedin.com\/company\/hcker-rechtsanwlte\/\",\"https:\/\/www.instagram.com\/hoecker_rae\/\"],\"email\":\"contact@hoecker.eu\",\"telephone\":\"+ 49 (0)221-933 19-10\",\"legalName\":\"H\u00d6CKER Rechtsanw\u00e4lte PartGmbB\",\"numberOfEmployees\":{\"@type\":\"QuantitativeValue\",\"minValue\":\"11\",\"maxValue\":\"50\"}},{\"@type\":\"Person\",\"@id\":\"https:\/\/www.hoecker.eu\/blog\/#\/schema\/person\/08f95581eed0534eccd0b2438f7a1cab\",\"name\":\"Prof. Dr. Ralf H\u00f6cker\",\"description\":\"Medienanwalt. Besch\u00fctzer vor mieser Presse\",\"sameAs\":[\"https:\/\/www.hoecker.eu\/wer\/prof-dr-ralf-hoecker\",\"https:\/\/www.facebook.com\/ralf.hoecker\",\"https:\/\/www.linkedin.com\/in\/prof-dr-ralf-hcker-ll-m-london-17987826\/\",\"https:\/\/x.com\/Ralf_Hoecker\"],\"url\":\"https:\/\/www.hoecker.eu\/blog\/author\/hoecker_adm\/\"}]}<\/script>\n<!-- \/ Yoast SEO Premium plugin. -->","yoast_head_json":{"title":"Geldentsch\u00e4digung - H\u00d6CKER f\u00fcr Moderator Daniel Hartwich erfolgreich gegen die exclusive! und Neue Woche. - H\u00d6CKER - der Blog","robots":{"index":"index","follow":"follow","max-snippet":"max-snippet:-1","max-image-preview":"max-image-preview:large","max-video-preview":"max-video-preview:-1"},"canonical":"https:\/\/www.hoecker.eu\/blog\/geldentschaedigung-hoecker-fuer-moderator-daniel-hartwich-erfolgreich-gegen-die-exclusive-und-neue-woche\/","og_locale":"de_DE","og_type":"article","og_title":"Geldentsch\u00e4digung - H\u00d6CKER f\u00fcr Moderator Daniel Hartwich erfolgreich gegen die exclusive! und Neue Woche.","og_description":"Daniel Hartwich und seine Frau haben sich mit H&Ouml;CKER erfolgreich gegen die Verbreitung von Paparazzi-Aufnahmen durch den M.I.G. Verlag (M.I.G. Medien Innovation GmbH) zur Wehr gesetzt. Der Verlag hatte sich bereits im Sp&auml;tsommer 2014 dazu verpflichtet, ein Foto nicht mehr zu verbreiten, auf dem der Moderator mit seiner Frau bei einem Spaziergang in den K&ouml;lner [&hellip;]","og_url":"https:\/\/www.hoecker.eu\/blog\/geldentschaedigung-hoecker-fuer-moderator-daniel-hartwich-erfolgreich-gegen-die-exclusive-und-neue-woche\/","og_site_name":"H\u00d6CKER - der Blog","article_publisher":"https:\/\/www.facebook.com\/HoeckerRAe\/","article_author":"https:\/\/www.facebook.com\/ralf.hoecker","article_published_time":"2016-05-09T20:25:29+00:00","article_modified_time":"2025-02-17T13:57:47+00:00","author":"Prof. Dr. Ralf H\u00f6cker","twitter_card":"summary_large_image","twitter_creator":"@Ralf_Hoecker","twitter_site":"@hoecker_rae","twitter_misc":{"Verfasst von":"Prof. Dr. Ralf H\u00f6cker","Gesch\u00e4tzte Lesezeit":"2\u00a0Minuten"},"schema":{"@context":"https:\/\/schema.org","@graph":[{"@type":"Article","@id":"https:\/\/www.hoecker.eu\/blog\/geldentschaedigung-hoecker-fuer-moderator-daniel-hartwich-erfolgreich-gegen-die-exclusive-und-neue-woche\/#article","isPartOf":{"@id":"https:\/\/www.hoecker.eu\/blog\/geldentschaedigung-hoecker-fuer-moderator-daniel-hartwich-erfolgreich-gegen-die-exclusive-und-neue-woche\/"},"author":{"name":"Prof. Dr. Ralf H\u00f6cker","@id":"https:\/\/www.hoecker.eu\/blog\/#\/schema\/person\/08f95581eed0534eccd0b2438f7a1cab"},"headline":"Geldentsch\u00e4digung &#8211; H\u00d6CKER f\u00fcr Moderator Daniel Hartwich erfolgreich gegen die exclusive! und Neue Woche.","datePublished":"2016-05-09T20:25:29+00:00","dateModified":"2025-02-17T13:57:47+00:00","mainEntityOfPage":{"@id":"https:\/\/www.hoecker.eu\/blog\/geldentschaedigung-hoecker-fuer-moderator-daniel-hartwich-erfolgreich-gegen-die-exclusive-und-neue-woche\/"},"wordCount":464,"publisher":{"@id":"https:\/\/www.hoecker.eu\/blog\/#organization"},"articleSection":["News"],"inLanguage":"de"},{"@type":"WebPage","@id":"https:\/\/www.hoecker.eu\/blog\/geldentschaedigung-hoecker-fuer-moderator-daniel-hartwich-erfolgreich-gegen-die-exclusive-und-neue-woche\/","url":"https:\/\/www.hoecker.eu\/blog\/geldentschaedigung-hoecker-fuer-moderator-daniel-hartwich-erfolgreich-gegen-die-exclusive-und-neue-woche\/","name":"Geldentsch\u00e4digung - H\u00d6CKER f\u00fcr Moderator Daniel Hartwich erfolgreich gegen die exclusive! und Neue Woche. - H\u00d6CKER - der Blog","isPartOf":{"@id":"https:\/\/www.hoecker.eu\/blog\/#website"},"datePublished":"2016-05-09T20:25:29+00:00","dateModified":"2025-02-17T13:57:47+00:00","breadcrumb":{"@id":"https:\/\/www.hoecker.eu\/blog\/geldentschaedigung-hoecker-fuer-moderator-daniel-hartwich-erfolgreich-gegen-die-exclusive-und-neue-woche\/#breadcrumb"},"inLanguage":"de","potentialAction":[{"@type":"ReadAction","target":["https:\/\/www.hoecker.eu\/blog\/geldentschaedigung-hoecker-fuer-moderator-daniel-hartwich-erfolgreich-gegen-die-exclusive-und-neue-woche\/"]}]},{"@type":"BreadcrumbList","@id":"https:\/\/www.hoecker.eu\/blog\/geldentschaedigung-hoecker-fuer-moderator-daniel-hartwich-erfolgreich-gegen-die-exclusive-und-neue-woche\/#breadcrumb","itemListElement":[{"@type":"ListItem","position":1,"name":"Startseite","item":"https:\/\/dev.hoecker.eu\/blog\/"},{"@type":"ListItem","position":2,"name":"Geldentsch\u00e4digung &#8211; H\u00d6CKER f\u00fcr Moderator Daniel Hartwich erfolgreich gegen die exclusive! und Neue Woche."}]},{"@type":"WebSite","@id":"https:\/\/www.hoecker.eu\/blog\/#website","url":"https:\/\/www.hoecker.eu\/blog\/","name":"H\u00d6CKER - der Blog","description":"Expertenblog f\u00fcr \u00c4u\u00dferungs-, Medien-, Marken-, Urheber- und Wettbewerbsrecht.","publisher":{"@id":"https:\/\/www.hoecker.eu\/blog\/#organization"},"potentialAction":[{"@type":"SearchAction","target":{"@type":"EntryPoint","urlTemplate":"https:\/\/www.hoecker.eu\/blog\/?s={search_term_string}"},"query-input":{"@type":"PropertyValueSpecification","valueRequired":true,"valueName":"search_term_string"}}],"inLanguage":"de"},{"@type":"Organization","@id":"https:\/\/www.hoecker.eu\/blog\/#organization","name":"H\u00d6CKER Rechtsanw\u00e4lte PartGmbB","alternateName":"H\u00d6CKER","url":"https:\/\/www.hoecker.eu\/blog\/","logo":{"@type":"ImageObject","inLanguage":"de","@id":"https:\/\/www.hoecker.eu\/blog\/#\/schema\/logo\/image\/","url":"https:\/\/www.hoecker.eu\/blog\/wp-content\/uploads\/2025\/03\/Blog-Logo.webp","contentUrl":"https:\/\/www.hoecker.eu\/blog\/wp-content\/uploads\/2025\/03\/Blog-Logo.webp","width":500,"height":500,"caption":"H\u00d6CKER Rechtsanw\u00e4lte PartGmbB"},"image":{"@id":"https:\/\/www.hoecker.eu\/blog\/#\/schema\/logo\/image\/"},"sameAs":["https:\/\/www.facebook.com\/HoeckerRAe\/","https:\/\/x.com\/hoecker_rae","https:\/\/www.linkedin.com\/company\/hcker-rechtsanwlte\/","https:\/\/www.instagram.com\/hoecker_rae\/"],"email":"contact@hoecker.eu","telephone":"+ 49 (0)221-933 19-10","legalName":"H\u00d6CKER Rechtsanw\u00e4lte PartGmbB","numberOfEmployees":{"@type":"QuantitativeValue","minValue":"11","maxValue":"50"}},{"@type":"Person","@id":"https:\/\/www.hoecker.eu\/blog\/#\/schema\/person\/08f95581eed0534eccd0b2438f7a1cab","name":"Prof. Dr. Ralf H\u00f6cker","description":"Medienanwalt. Besch\u00fctzer vor mieser Presse","sameAs":["https:\/\/www.hoecker.eu\/wer\/prof-dr-ralf-hoecker","https:\/\/www.facebook.com\/ralf.hoecker","https:\/\/www.linkedin.com\/in\/prof-dr-ralf-hcker-ll-m-london-17987826\/","https:\/\/x.com\/Ralf_Hoecker"],"url":"https:\/\/www.hoecker.eu\/blog\/author\/hoecker_adm\/"}]}},"authors":[{"term_id":84,"user_id":1,"is_guest":0,"slug":"hoecker_adm","display_name":"Prof. Dr. Ralf H\u00f6cker","avatar_url":{"url":"https:\/\/www.hoecker.eu\/blog\/wp-content\/uploads\/2023\/12\/ProfDrRalfHoecker.jpg","url2x":"https:\/\/www.hoecker.eu\/blog\/wp-content\/uploads\/2023\/12\/ProfDrRalfHoecker.jpg"},"0":null,"1":"","2":"","3":"","4":"","5":"","6":"","7":"","8":"","9":"","10":"","11":""}],"_links":{"self":[{"href":"https:\/\/www.hoecker.eu\/blog\/wp-json\/wp\/v2\/posts\/8452","targetHints":{"allow":["GET"]}}],"collection":[{"href":"https:\/\/www.hoecker.eu\/blog\/wp-json\/wp\/v2\/posts"}],"about":[{"href":"https:\/\/www.hoecker.eu\/blog\/wp-json\/wp\/v2\/types\/post"}],"author":[{"embeddable":true,"href":"https:\/\/www.hoecker.eu\/blog\/wp-json\/wp\/v2\/users\/1"}],"replies":[{"embeddable":true,"href":"https:\/\/www.hoecker.eu\/blog\/wp-json\/wp\/v2\/comments?post=8452"}],"version-history":[{"count":1,"href":"https:\/\/www.hoecker.eu\/blog\/wp-json\/wp\/v2\/posts\/8452\/revisions"}],"predecessor-version":[{"id":9574,"href":"https:\/\/www.hoecker.eu\/blog\/wp-json\/wp\/v2\/posts\/8452\/revisions\/9574"}],"wp:attachment":[{"href":"https:\/\/www.hoecker.eu\/blog\/wp-json\/wp\/v2\/media?parent=8452"}],"wp:term":[{"taxonomy":"category","embeddable":true,"href":"https:\/\/www.hoecker.eu\/blog\/wp-json\/wp\/v2\/categories?post=8452"},{"taxonomy":"post_tag","embeddable":true,"href":"https:\/\/www.hoecker.eu\/blog\/wp-json\/wp\/v2\/tags?post=8452"},{"taxonomy":"hashtags","embeddable":true,"href":"https:\/\/www.hoecker.eu\/blog\/wp-json\/wp\/v2\/hashtags?post=8452"},{"taxonomy":"author","embeddable":true,"href":"https:\/\/www.hoecker.eu\/blog\/wp-json\/wp\/v2\/ppma_author?post=8452"}],"curies":[{"name":"wp","href":"https:\/\/api.w.org\/{rel}","templated":true}]}}