{"id":8443,"date":"2016-05-09T22:34:46","date_gmt":"2016-05-09T20:34:46","guid":{"rendered":"https:\/\/www.hoecker.eu\/blog\/markus-frohnmaier-afd-verklagt-claudia-roth-die-gruenen-nach-unberechtigter-abmahnung\/"},"modified":"2025-02-17T14:57:41","modified_gmt":"2025-02-17T13:57:41","slug":"markus-frohnmaier-afd-verklagt-claudia-roth-die-gruenen-nach-unberechtigter-abmahnung","status":"publish","type":"post","link":"https:\/\/www.hoecker.eu\/blog\/markus-frohnmaier-afd-verklagt-claudia-roth-die-gruenen-nach-unberechtigter-abmahnung\/","title":{"rendered":"Markus Frohnmaier (AfD) verklagt Claudia Roth (Die Gr\u00fcnen) nach unberechtigter Abmahnung."},"content":{"rendered":"<p class=\"flies\">Der AfD-Kandidat der Landtagswahl in Baden-W&uuml;rttemberg und Vorsitzende der Jugendorganisation der AfD (Junge Alternative) Markus Frohnmaier hat Claudia Roth (Die Gr&uuml;nen) vor dem Landgericht K&ouml;ln verklagt.<\/p>\n<p class=\"flies\">Ausgangspunkt der Streitigkeit ist ein anwaltliches Abmahnschreiben, mit der sich Frau Roth auf folgende Aussage Frohnmaiers bezog:<\/p>\n<p class=\"flies\" style=\"padding-left: 30px;\">&bdquo;<em style=\"font-style: italic;\">Wer immer wieder mantrahaft wiederholt, dass Multikulti funktioniert und glaubt, dass sei nur die sorgenfreie Wahl zwischen Ente s&uuml;&szlig;-sauer und Falafel, der ist schuld, was an diesen Abend passiert ist. Meiner Meinung nach haben Leute wie Claudia Roth hier mittelbar mitvergewaltigt&hellip;nicht im juristischen Sinne, aber im &uuml;bertragenen Sinne.&ldquo;<\/em><\/p>\n<p class=\"flies\">Frohnmaier hatte dies in einem Interview in der ARD-Sendung &bdquo;Kontraste&ldquo; gesagt, in dem er Kritik an einer Politik der offenen Grenzen &uuml;bte. Er machte damit deutlich, dass die von ihm kritisierte Politik der offenen Grenzen auch Gefahren berge, die sich in K&ouml;ln an Silvester realisiert haben k&ouml;nnten.<\/p>\n<p class=\"flies\">Frau Roth bezog die Aussage entgegen ihrem Wortlaut ausschlie&szlig;lich auf sich und mahnte Frohnmaier ab. Sie verk&uuml;rzte das Zitat und verlangte von ihm die Unterlassung des folgenden Satzes, den er so nie gesagt hat:<\/p>\n<p class=\"flies\" style=\"padding-left: 30px;\">&bdquo;<em style=\"font-style: italic;\">Claudia Roth hat in K&ouml;ln mitvergewaltigt, nicht juristisch aber im &uuml;bertragenen Sinne<\/em>&ldquo;.<\/p>\n<p class=\"flies\">Nachdem Frohnmaier durch H&Ouml;CKER bereits am 04.02.2016 die Abmahnung als unberechtigt zur&uuml;ckweisen lie&szlig;, k&uuml;ndigte Roth einen Tag sp&auml;ter in einem Online-Artikel des Stern an, sie werde rechtliche Schritte gegen Frohnmaier einleiten, wenn er keine Unterlassungserkl&auml;rung unterschreibe.<\/p>\n<p class=\"flies\">Dass und mit welchen Gr&uuml;nden Frohnmaier die Abgabe einer Unterlassungserkl&auml;rung abgelehnt hatte, scheint Frau Roth den Journalisten des Stern verschwiegen zu haben. Jedenfalls nimmt der Artikel mit keinem Wort darauf Bezug.<\/p>\n<p class=\"flies\">Eine Anfrage von H&Ouml;CKER bei den f&uuml;hrenden Pressekammern in Deutschland (K&ouml;ln, Hamburg und Berlin) hat ergeben, dass Frau Roth die angek&uuml;ndigten rechtlichen Schritte dort auch zwei Wochen sp&auml;ter jedenfalls nicht in Form eines Verf&uuml;gungsantrags vollzogen hat.<\/p>\n<p class=\"flies\">Frohnmaier hat sich nun entschlossen, gerichtlich gegen Frau Roth vorzugehen, um kl&auml;ren zu lassen, dass seine Aussage zul&auml;ssig und die Abmahnung von Frau Roth unberechtigt war.<\/p>\n<p class=\"flies\">Denn Frohnmaiers Aussage ist zul&auml;ssig: Im politischen Meinungskampf sind auch &uuml;berspitzte Formulierungen zul&auml;ssig, insbesondere in hei&szlig;en Wahlkampfzeiten. Wenn die Gr&uuml;nen Wahlwerbung verwenden, die die AfD mit Fotos von rechtsradikalen Skinheads in Verbindung bringt, dann m&uuml;ssen sie umgekehrt auch eine &uuml;berspitzte sachliche Kritik an der eigenen Politik dulden.<\/p>\n<p class=\"flies\">Markus Frohnmaier hat nun gegen Claudia Roth vor dem Landgericht K&ouml;ln Klage eingereicht. Diese ist darauf gerichtet, festzustellen, dass die Aussage des Herrn Markus Frohnmaier zul&auml;ssig und die Abmahnung Roths unbegr&uuml;ndet ist.<\/p>\n","protected":false},"excerpt":{"rendered":"<p>Der AfD-Kandidat der Landtagswahl in Baden-W&uuml;rttemberg und Vorsitzende der Jugendorganisation der AfD (Junge Alternative) Markus Frohnmaier hat Claudia Roth (Die Gr&uuml;nen) vor dem Landgericht K&ouml;ln verklagt. Ausgangspunkt der Streitigkeit ist ein anwaltliches Abmahnschreiben, mit der sich Frau Roth auf folgende Aussage Frohnmaiers bezog: &bdquo;Wer immer wieder mantrahaft wiederholt, dass Multikulti funktioniert und glaubt, dass sei [&hellip;]<\/p>\n","protected":false},"author":1,"featured_media":0,"comment_status":"closed","ping_status":"closed","sticky":false,"template":"","format":"standard","meta":{"_has_post_settings":[],"footnotes":""},"categories":[15],"tags":[],"hashtags":[],"ppma_author":[84],"class_list":["post-8443","post","type-post","status-publish","format-standard","hentry","category-news","author-hoecker_adm"],"yoast_head":"<!-- This site is optimized with the Yoast SEO Premium plugin v25.9 (Yoast SEO v27.0) - https:\/\/yoast.com\/product\/yoast-seo-premium-wordpress\/ -->\n<title>Markus Frohnmaier (AfD) verklagt Claudia Roth (Die Gr\u00fcnen) nach unberechtigter Abmahnung. - H\u00d6CKER - der Blog<\/title>\n<meta name=\"robots\" content=\"index, follow, max-snippet:-1, max-image-preview:large, max-video-preview:-1\" \/>\n<link rel=\"canonical\" href=\"https:\/\/www.hoecker.eu\/blog\/markus-frohnmaier-afd-verklagt-claudia-roth-die-gruenen-nach-unberechtigter-abmahnung\/\" \/>\n<meta property=\"og:locale\" content=\"de_DE\" \/>\n<meta property=\"og:type\" content=\"article\" \/>\n<meta property=\"og:title\" content=\"Markus Frohnmaier (AfD) verklagt Claudia Roth (Die Gr\u00fcnen) nach unberechtigter Abmahnung.\" \/>\n<meta property=\"og:description\" content=\"Der AfD-Kandidat der Landtagswahl in Baden-W&uuml;rttemberg und Vorsitzende der Jugendorganisation der AfD (Junge Alternative) Markus Frohnmaier hat Claudia Roth (Die Gr&uuml;nen) vor dem Landgericht K&ouml;ln verklagt. Ausgangspunkt der Streitigkeit ist ein anwaltliches Abmahnschreiben, mit der sich Frau Roth auf folgende Aussage Frohnmaiers bezog: &bdquo;Wer immer wieder mantrahaft wiederholt, dass Multikulti funktioniert und glaubt, dass sei [&hellip;]\" \/>\n<meta property=\"og:url\" content=\"https:\/\/www.hoecker.eu\/blog\/markus-frohnmaier-afd-verklagt-claudia-roth-die-gruenen-nach-unberechtigter-abmahnung\/\" \/>\n<meta property=\"og:site_name\" content=\"H\u00d6CKER - der Blog\" \/>\n<meta property=\"article:publisher\" content=\"https:\/\/www.facebook.com\/HoeckerRAe\/\" \/>\n<meta property=\"article:author\" content=\"https:\/\/www.facebook.com\/ralf.hoecker\" \/>\n<meta property=\"article:published_time\" content=\"2016-05-09T20:34:46+00:00\" \/>\n<meta property=\"article:modified_time\" content=\"2025-02-17T13:57:41+00:00\" \/>\n<meta name=\"author\" content=\"Prof. Dr. Ralf H\u00f6cker\" \/>\n<meta name=\"twitter:card\" content=\"summary_large_image\" \/>\n<meta name=\"twitter:creator\" content=\"@Ralf_Hoecker\" \/>\n<meta name=\"twitter:site\" content=\"@hoecker_rae\" \/>\n<meta name=\"twitter:label1\" content=\"Verfasst von\" \/>\n\t<meta name=\"twitter:data1\" content=\"Prof. Dr. Ralf H\u00f6cker\" \/>\n\t<meta name=\"twitter:label2\" content=\"Gesch\u00e4tzte Lesezeit\" \/>\n\t<meta name=\"twitter:data2\" content=\"2\u00a0Minuten\" \/>\n<script type=\"application\/ld+json\" class=\"yoast-schema-graph\">{\"@context\":\"https:\/\/schema.org\",\"@graph\":[{\"@type\":\"Article\",\"@id\":\"https:\/\/www.hoecker.eu\/blog\/markus-frohnmaier-afd-verklagt-claudia-roth-die-gruenen-nach-unberechtigter-abmahnung\/#article\",\"isPartOf\":{\"@id\":\"https:\/\/www.hoecker.eu\/blog\/markus-frohnmaier-afd-verklagt-claudia-roth-die-gruenen-nach-unberechtigter-abmahnung\/\"},\"author\":{\"name\":\"Prof. Dr. Ralf H\u00f6cker\",\"@id\":\"https:\/\/www.hoecker.eu\/blog\/#\/schema\/person\/08f95581eed0534eccd0b2438f7a1cab\"},\"headline\":\"Markus Frohnmaier (AfD) verklagt Claudia Roth (Die Gr\u00fcnen) nach unberechtigter Abmahnung.\",\"datePublished\":\"2016-05-09T20:34:46+00:00\",\"dateModified\":\"2025-02-17T13:57:41+00:00\",\"mainEntityOfPage\":{\"@id\":\"https:\/\/www.hoecker.eu\/blog\/markus-frohnmaier-afd-verklagt-claudia-roth-die-gruenen-nach-unberechtigter-abmahnung\/\"},\"wordCount\":482,\"publisher\":{\"@id\":\"https:\/\/www.hoecker.eu\/blog\/#organization\"},\"articleSection\":[\"News\"],\"inLanguage\":\"de\"},{\"@type\":\"WebPage\",\"@id\":\"https:\/\/www.hoecker.eu\/blog\/markus-frohnmaier-afd-verklagt-claudia-roth-die-gruenen-nach-unberechtigter-abmahnung\/\",\"url\":\"https:\/\/www.hoecker.eu\/blog\/markus-frohnmaier-afd-verklagt-claudia-roth-die-gruenen-nach-unberechtigter-abmahnung\/\",\"name\":\"Markus Frohnmaier (AfD) verklagt Claudia Roth (Die Gr\u00fcnen) nach unberechtigter Abmahnung. - H\u00d6CKER - der Blog\",\"isPartOf\":{\"@id\":\"https:\/\/www.hoecker.eu\/blog\/#website\"},\"datePublished\":\"2016-05-09T20:34:46+00:00\",\"dateModified\":\"2025-02-17T13:57:41+00:00\",\"breadcrumb\":{\"@id\":\"https:\/\/www.hoecker.eu\/blog\/markus-frohnmaier-afd-verklagt-claudia-roth-die-gruenen-nach-unberechtigter-abmahnung\/#breadcrumb\"},\"inLanguage\":\"de\",\"potentialAction\":[{\"@type\":\"ReadAction\",\"target\":[\"https:\/\/www.hoecker.eu\/blog\/markus-frohnmaier-afd-verklagt-claudia-roth-die-gruenen-nach-unberechtigter-abmahnung\/\"]}]},{\"@type\":\"BreadcrumbList\",\"@id\":\"https:\/\/www.hoecker.eu\/blog\/markus-frohnmaier-afd-verklagt-claudia-roth-die-gruenen-nach-unberechtigter-abmahnung\/#breadcrumb\",\"itemListElement\":[{\"@type\":\"ListItem\",\"position\":1,\"name\":\"Startseite\",\"item\":\"https:\/\/dev.hoecker.eu\/blog\/\"},{\"@type\":\"ListItem\",\"position\":2,\"name\":\"Markus Frohnmaier (AfD) verklagt Claudia Roth (Die Gr\u00fcnen) nach unberechtigter Abmahnung.\"}]},{\"@type\":\"WebSite\",\"@id\":\"https:\/\/www.hoecker.eu\/blog\/#website\",\"url\":\"https:\/\/www.hoecker.eu\/blog\/\",\"name\":\"H\u00d6CKER - der Blog\",\"description\":\"Expertenblog f\u00fcr \u00c4u\u00dferungs-, Medien-, Marken-, Urheber- und Wettbewerbsrecht.\",\"publisher\":{\"@id\":\"https:\/\/www.hoecker.eu\/blog\/#organization\"},\"potentialAction\":[{\"@type\":\"SearchAction\",\"target\":{\"@type\":\"EntryPoint\",\"urlTemplate\":\"https:\/\/www.hoecker.eu\/blog\/?s={search_term_string}\"},\"query-input\":{\"@type\":\"PropertyValueSpecification\",\"valueRequired\":true,\"valueName\":\"search_term_string\"}}],\"inLanguage\":\"de\"},{\"@type\":\"Organization\",\"@id\":\"https:\/\/www.hoecker.eu\/blog\/#organization\",\"name\":\"H\u00d6CKER Rechtsanw\u00e4lte PartGmbB\",\"alternateName\":\"H\u00d6CKER\",\"url\":\"https:\/\/www.hoecker.eu\/blog\/\",\"logo\":{\"@type\":\"ImageObject\",\"inLanguage\":\"de\",\"@id\":\"https:\/\/www.hoecker.eu\/blog\/#\/schema\/logo\/image\/\",\"url\":\"https:\/\/www.hoecker.eu\/blog\/wp-content\/uploads\/2025\/03\/Blog-Logo.webp\",\"contentUrl\":\"https:\/\/www.hoecker.eu\/blog\/wp-content\/uploads\/2025\/03\/Blog-Logo.webp\",\"width\":500,\"height\":500,\"caption\":\"H\u00d6CKER Rechtsanw\u00e4lte PartGmbB\"},\"image\":{\"@id\":\"https:\/\/www.hoecker.eu\/blog\/#\/schema\/logo\/image\/\"},\"sameAs\":[\"https:\/\/www.facebook.com\/HoeckerRAe\/\",\"https:\/\/x.com\/hoecker_rae\",\"https:\/\/www.linkedin.com\/company\/hcker-rechtsanwlte\/\",\"https:\/\/www.instagram.com\/hoecker_rae\/\"],\"email\":\"contact@hoecker.eu\",\"telephone\":\"+ 49 (0)221-933 19-10\",\"legalName\":\"H\u00d6CKER Rechtsanw\u00e4lte PartGmbB\",\"numberOfEmployees\":{\"@type\":\"QuantitativeValue\",\"minValue\":\"11\",\"maxValue\":\"50\"}},{\"@type\":\"Person\",\"@id\":\"https:\/\/www.hoecker.eu\/blog\/#\/schema\/person\/08f95581eed0534eccd0b2438f7a1cab\",\"name\":\"Prof. Dr. Ralf H\u00f6cker\",\"description\":\"Medienanwalt. Besch\u00fctzer vor mieser Presse\",\"sameAs\":[\"https:\/\/www.hoecker.eu\/wer\/prof-dr-ralf-hoecker\",\"https:\/\/www.facebook.com\/ralf.hoecker\",\"https:\/\/www.linkedin.com\/in\/prof-dr-ralf-hcker-ll-m-london-17987826\/\",\"https:\/\/x.com\/Ralf_Hoecker\"],\"url\":\"https:\/\/www.hoecker.eu\/blog\/author\/hoecker_adm\/\"}]}<\/script>\n<!-- \/ Yoast SEO Premium plugin. -->","yoast_head_json":{"title":"Markus Frohnmaier (AfD) verklagt Claudia Roth (Die Gr\u00fcnen) nach unberechtigter Abmahnung. - H\u00d6CKER - der Blog","robots":{"index":"index","follow":"follow","max-snippet":"max-snippet:-1","max-image-preview":"max-image-preview:large","max-video-preview":"max-video-preview:-1"},"canonical":"https:\/\/www.hoecker.eu\/blog\/markus-frohnmaier-afd-verklagt-claudia-roth-die-gruenen-nach-unberechtigter-abmahnung\/","og_locale":"de_DE","og_type":"article","og_title":"Markus Frohnmaier (AfD) verklagt Claudia Roth (Die Gr\u00fcnen) nach unberechtigter Abmahnung.","og_description":"Der AfD-Kandidat der Landtagswahl in Baden-W&uuml;rttemberg und Vorsitzende der Jugendorganisation der AfD (Junge Alternative) Markus Frohnmaier hat Claudia Roth (Die Gr&uuml;nen) vor dem Landgericht K&ouml;ln verklagt. Ausgangspunkt der Streitigkeit ist ein anwaltliches Abmahnschreiben, mit der sich Frau Roth auf folgende Aussage Frohnmaiers bezog: &bdquo;Wer immer wieder mantrahaft wiederholt, dass Multikulti funktioniert und glaubt, dass sei [&hellip;]","og_url":"https:\/\/www.hoecker.eu\/blog\/markus-frohnmaier-afd-verklagt-claudia-roth-die-gruenen-nach-unberechtigter-abmahnung\/","og_site_name":"H\u00d6CKER - der Blog","article_publisher":"https:\/\/www.facebook.com\/HoeckerRAe\/","article_author":"https:\/\/www.facebook.com\/ralf.hoecker","article_published_time":"2016-05-09T20:34:46+00:00","article_modified_time":"2025-02-17T13:57:41+00:00","author":"Prof. Dr. Ralf H\u00f6cker","twitter_card":"summary_large_image","twitter_creator":"@Ralf_Hoecker","twitter_site":"@hoecker_rae","twitter_misc":{"Verfasst von":"Prof. Dr. Ralf H\u00f6cker","Gesch\u00e4tzte Lesezeit":"2\u00a0Minuten"},"schema":{"@context":"https:\/\/schema.org","@graph":[{"@type":"Article","@id":"https:\/\/www.hoecker.eu\/blog\/markus-frohnmaier-afd-verklagt-claudia-roth-die-gruenen-nach-unberechtigter-abmahnung\/#article","isPartOf":{"@id":"https:\/\/www.hoecker.eu\/blog\/markus-frohnmaier-afd-verklagt-claudia-roth-die-gruenen-nach-unberechtigter-abmahnung\/"},"author":{"name":"Prof. Dr. Ralf H\u00f6cker","@id":"https:\/\/www.hoecker.eu\/blog\/#\/schema\/person\/08f95581eed0534eccd0b2438f7a1cab"},"headline":"Markus Frohnmaier (AfD) verklagt Claudia Roth (Die Gr\u00fcnen) nach unberechtigter Abmahnung.","datePublished":"2016-05-09T20:34:46+00:00","dateModified":"2025-02-17T13:57:41+00:00","mainEntityOfPage":{"@id":"https:\/\/www.hoecker.eu\/blog\/markus-frohnmaier-afd-verklagt-claudia-roth-die-gruenen-nach-unberechtigter-abmahnung\/"},"wordCount":482,"publisher":{"@id":"https:\/\/www.hoecker.eu\/blog\/#organization"},"articleSection":["News"],"inLanguage":"de"},{"@type":"WebPage","@id":"https:\/\/www.hoecker.eu\/blog\/markus-frohnmaier-afd-verklagt-claudia-roth-die-gruenen-nach-unberechtigter-abmahnung\/","url":"https:\/\/www.hoecker.eu\/blog\/markus-frohnmaier-afd-verklagt-claudia-roth-die-gruenen-nach-unberechtigter-abmahnung\/","name":"Markus Frohnmaier (AfD) verklagt Claudia Roth (Die Gr\u00fcnen) nach unberechtigter Abmahnung. - H\u00d6CKER - der Blog","isPartOf":{"@id":"https:\/\/www.hoecker.eu\/blog\/#website"},"datePublished":"2016-05-09T20:34:46+00:00","dateModified":"2025-02-17T13:57:41+00:00","breadcrumb":{"@id":"https:\/\/www.hoecker.eu\/blog\/markus-frohnmaier-afd-verklagt-claudia-roth-die-gruenen-nach-unberechtigter-abmahnung\/#breadcrumb"},"inLanguage":"de","potentialAction":[{"@type":"ReadAction","target":["https:\/\/www.hoecker.eu\/blog\/markus-frohnmaier-afd-verklagt-claudia-roth-die-gruenen-nach-unberechtigter-abmahnung\/"]}]},{"@type":"BreadcrumbList","@id":"https:\/\/www.hoecker.eu\/blog\/markus-frohnmaier-afd-verklagt-claudia-roth-die-gruenen-nach-unberechtigter-abmahnung\/#breadcrumb","itemListElement":[{"@type":"ListItem","position":1,"name":"Startseite","item":"https:\/\/dev.hoecker.eu\/blog\/"},{"@type":"ListItem","position":2,"name":"Markus Frohnmaier (AfD) verklagt Claudia Roth (Die Gr\u00fcnen) nach unberechtigter Abmahnung."}]},{"@type":"WebSite","@id":"https:\/\/www.hoecker.eu\/blog\/#website","url":"https:\/\/www.hoecker.eu\/blog\/","name":"H\u00d6CKER - der Blog","description":"Expertenblog f\u00fcr \u00c4u\u00dferungs-, Medien-, Marken-, Urheber- und Wettbewerbsrecht.","publisher":{"@id":"https:\/\/www.hoecker.eu\/blog\/#organization"},"potentialAction":[{"@type":"SearchAction","target":{"@type":"EntryPoint","urlTemplate":"https:\/\/www.hoecker.eu\/blog\/?s={search_term_string}"},"query-input":{"@type":"PropertyValueSpecification","valueRequired":true,"valueName":"search_term_string"}}],"inLanguage":"de"},{"@type":"Organization","@id":"https:\/\/www.hoecker.eu\/blog\/#organization","name":"H\u00d6CKER Rechtsanw\u00e4lte PartGmbB","alternateName":"H\u00d6CKER","url":"https:\/\/www.hoecker.eu\/blog\/","logo":{"@type":"ImageObject","inLanguage":"de","@id":"https:\/\/www.hoecker.eu\/blog\/#\/schema\/logo\/image\/","url":"https:\/\/www.hoecker.eu\/blog\/wp-content\/uploads\/2025\/03\/Blog-Logo.webp","contentUrl":"https:\/\/www.hoecker.eu\/blog\/wp-content\/uploads\/2025\/03\/Blog-Logo.webp","width":500,"height":500,"caption":"H\u00d6CKER Rechtsanw\u00e4lte PartGmbB"},"image":{"@id":"https:\/\/www.hoecker.eu\/blog\/#\/schema\/logo\/image\/"},"sameAs":["https:\/\/www.facebook.com\/HoeckerRAe\/","https:\/\/x.com\/hoecker_rae","https:\/\/www.linkedin.com\/company\/hcker-rechtsanwlte\/","https:\/\/www.instagram.com\/hoecker_rae\/"],"email":"contact@hoecker.eu","telephone":"+ 49 (0)221-933 19-10","legalName":"H\u00d6CKER Rechtsanw\u00e4lte PartGmbB","numberOfEmployees":{"@type":"QuantitativeValue","minValue":"11","maxValue":"50"}},{"@type":"Person","@id":"https:\/\/www.hoecker.eu\/blog\/#\/schema\/person\/08f95581eed0534eccd0b2438f7a1cab","name":"Prof. Dr. Ralf H\u00f6cker","description":"Medienanwalt. Besch\u00fctzer vor mieser Presse","sameAs":["https:\/\/www.hoecker.eu\/wer\/prof-dr-ralf-hoecker","https:\/\/www.facebook.com\/ralf.hoecker","https:\/\/www.linkedin.com\/in\/prof-dr-ralf-hcker-ll-m-london-17987826\/","https:\/\/x.com\/Ralf_Hoecker"],"url":"https:\/\/www.hoecker.eu\/blog\/author\/hoecker_adm\/"}]}},"authors":[{"term_id":84,"user_id":1,"is_guest":0,"slug":"hoecker_adm","display_name":"Prof. Dr. Ralf H\u00f6cker","avatar_url":{"url":"https:\/\/www.hoecker.eu\/blog\/wp-content\/uploads\/2023\/12\/ProfDrRalfHoecker.jpg","url2x":"https:\/\/www.hoecker.eu\/blog\/wp-content\/uploads\/2023\/12\/ProfDrRalfHoecker.jpg"},"0":null,"1":"","2":"","3":"","4":"","5":"","6":"","7":"","8":"","9":"","10":"","11":""}],"_links":{"self":[{"href":"https:\/\/www.hoecker.eu\/blog\/wp-json\/wp\/v2\/posts\/8443","targetHints":{"allow":["GET"]}}],"collection":[{"href":"https:\/\/www.hoecker.eu\/blog\/wp-json\/wp\/v2\/posts"}],"about":[{"href":"https:\/\/www.hoecker.eu\/blog\/wp-json\/wp\/v2\/types\/post"}],"author":[{"embeddable":true,"href":"https:\/\/www.hoecker.eu\/blog\/wp-json\/wp\/v2\/users\/1"}],"replies":[{"embeddable":true,"href":"https:\/\/www.hoecker.eu\/blog\/wp-json\/wp\/v2\/comments?post=8443"}],"version-history":[{"count":1,"href":"https:\/\/www.hoecker.eu\/blog\/wp-json\/wp\/v2\/posts\/8443\/revisions"}],"predecessor-version":[{"id":9565,"href":"https:\/\/www.hoecker.eu\/blog\/wp-json\/wp\/v2\/posts\/8443\/revisions\/9565"}],"wp:attachment":[{"href":"https:\/\/www.hoecker.eu\/blog\/wp-json\/wp\/v2\/media?parent=8443"}],"wp:term":[{"taxonomy":"category","embeddable":true,"href":"https:\/\/www.hoecker.eu\/blog\/wp-json\/wp\/v2\/categories?post=8443"},{"taxonomy":"post_tag","embeddable":true,"href":"https:\/\/www.hoecker.eu\/blog\/wp-json\/wp\/v2\/tags?post=8443"},{"taxonomy":"hashtags","embeddable":true,"href":"https:\/\/www.hoecker.eu\/blog\/wp-json\/wp\/v2\/hashtags?post=8443"},{"taxonomy":"author","embeddable":true,"href":"https:\/\/www.hoecker.eu\/blog\/wp-json\/wp\/v2\/ppma_author?post=8443"}],"curies":[{"name":"wp","href":"https:\/\/api.w.org\/{rel}","templated":true}]}}